{"id":1013,"date":"2023-07-12T16:25:47","date_gmt":"2023-07-12T14:25:47","guid":{"rendered":"https:\/\/regbu.com\/?p=1013"},"modified":"2025-09-05T07:41:16","modified_gmt":"2025-09-05T05:41:16","slug":"zanet-slepeho-streva-pozor-na-nej","status":"publish","type":"post","link":"https:\/\/regbu.com\/it\/infestazione-di-alberi-ciechi-attenzione-su-di-esso\/","title":{"rendered":"Appendicite - Attenzione"},"content":{"rendered":"<p>L'appendicite \u00e8 senza dubbio una malattia poco invidiabile. Oltre a <strong><a href=\"https:\/\/regbu.com\/it\/enema-encefalite-e-una-malattia-di-fondo\/\">encefalite da zecca<\/a><\/strong>. In questo caso, per\u00f2, il colpevole non \u00e8 la zecca, ma la persona stessa. Infatti, le cause della comparsa di questa malattia sono molteplici. Alcune di esse sono imputabili a noi stessi, altre no.<\/p>\n\n\n\n<ul class=\"wp-block-list\">\n<li>Cattive abitudini alimentari<\/li>\n\n\n\n<li>Parassiti sotto forma di vermi tondi<\/li>\n\n\n\n<li>Oggetto estraneo nel corpo<\/li>\n<\/ul>\n\n\n\n<p>Un'infiammazione di questo tipo \u00e8 dolorosa e, se non trattata, pu\u00f2 addirittura minacciare la vita di una persona. Per questo motivo \u00e8 necessario sapere quali sono i sintomi della malattia, come pu\u00f2 essere trattata, ecc.<\/p>\n\n\n\n<h2 class=\"wp-block-heading\">Informazioni importanti sull'appendicite<\/h2>\n\n\n\n<p>L'appendicite viene spesso definita <strong>appendicite<\/strong>. Questo termine tecnico presenta un dolore nella zona dell'ombelico, che si sposta gradualmente verso la parte inferiore dell'addome. Dal punto di vista dell'infiammazione, si incontrano due varianti. Si tratta dell'infiammazione acuta e dell'infiammazione cronica. Per maggiori dettagli, consultare la tabella.<\/p>\n\n\n\n<figure class=\"wp-block-table\"><table><tbody><tr><td><strong>Oggetto<\/strong><\/td><td><strong>Informazioni<\/strong><\/td><\/tr><tr><td>Infiammazione acuta<\/td><td>Insorgenza rapida<\/td><\/tr><tr><td>Infiammazione cronica<\/td><td>Dolore a lungo termine<\/td><\/tr><tr><td>Dove non c'\u00e8 malattia<\/td><td>Africa e Asia<\/td><\/tr><tr><td>Un'altra causa<\/td><td>Intasamento con un pezzo di feci<\/td><\/tr><\/tbody><\/table><figcaption class=\"wp-element-caption\">Ulteriori informazioni sull'appendicite<\/figcaption><\/figure>\n\n\n\n<p>Se si pensa di soffrire di questa malattia, \u00e8 consigliabile rivolgersi a un medico il prima possibile. Uno dei sintomi sar\u00e0, tra l'altro, un addome sensibile al tatto nella zona del basso ventre sul lato destro.<\/p>\n\n\n\n<h3 class=\"wp-block-heading\">Appendicite e altri sintomi<\/h3>\n\n\n\n<p>Naturalmente, i sintomi di questa malattia sono pi\u00f9 che sufficienti. Ai gi\u00e0 citati dolori addominali, il pi\u00f9 delle volte si aggiungono vomito e diarrea. Inoltre, \u00e8 <em>costipazione, inappetenza, ma anche polso molto veloce<\/em>. Di conseguenza, si pu\u00f2 avvertire un certo malessere. In queste condizioni, \u00e8 necessario allertarsi molto rapidamente e recarsi in una struttura medica.<\/p>\n\n\n\n<p>L'appendicite stessa viene trattata a seconda dell'estensione della malattia. In alcune situazioni, il classico ghiaccio pu\u00f2 essere d'aiuto. Se si tratta di una malattia pi\u00f9 estesa, nella maggior parte dei casi si conclude con un intervento chirurgico, rispettivamente con la rimozione dell'appendice. Se la malattia \u00e8 sottovalutata <strong>pu\u00f2 causare infiammazioni indesiderate<\/strong>che minaccia il peritoneo.<\/p>\n\n\n\n<p>Dopo l'asportazione dell'appendice si pu\u00f2 contare su una vita piena e senza restrizioni. Se volete prevenire eventuali malattie, includete pi\u00f9 fibre nella vostra dieta regolare.<\/p>","protected":false},"excerpt":{"rendered":"<p>L'appendicite \u00e8 senza dubbio una malattia poco invidiabile. Cos\u00ec come l'encefalite da zecca. In questo caso, per\u00f2, il colpevole non \u00e8 la zecca, ma l'uomo stesso. Le cause di questa malattia sono molteplici. Alcune sono imputabili a noi stessi, altre no. L'infiammazione di questo tipo \u00e8 dolorosa e, se non trattata, pu\u00f2 addirittura minacciare la vita di una persona. \u00c8 ... <\/p>","protected":false},"author":2,"featured_media":1014,"comment_status":"closed","ping_status":"closed","sticky":false,"template":"","format":"standard","meta":{"footnotes":""},"categories":[197],"tags":[1039,1037,1026,1027,1034,1038,168,1035,1033,1036],"class_list":["post-1013","post","type-post","status-publish","format-standard","has-post-thumbnail","hentry","category-lidske-zdravi","tag-apendicita","tag-apendix","tag-nemoc","tag-onemocneni","tag-slepe-strevo","tag-stolice","tag-stravovani","tag-strevo","tag-zanet","tag-zanet-slepeho-streva"],"yoast_head":"<!-- This site is optimized with the Yoast SEO plugin v27.5 - https:\/\/yoast.com\/product\/yoast-seo-wordpress\/ -->\n<title>Z\u00e1n\u011bt slep\u00e9ho st\u0159eva \u2013 Pozor na n\u011bj - REGBU.COM<\/title>\n<meta name=\"description\" content=\"Z\u00e1n\u011bt slep\u00e9ho st\u0159eva nen\u00ed radno za \u017e\u00e1dn\u00fdch okolnost\u00ed podce\u0148ovat. Zn\u00e1te p\u0159\u00ed\u010diny a z\u00e1rove\u0148 l\u00e9\u010dbu tohoto onemocn\u011bn\u00ed?\" \/>\n<meta name=\"robots\" content=\"index, follow, max-snippet:-1, max-image-preview:large, max-video-preview:-1\" \/>\n<link rel=\"canonical\" href=\"https:\/\/regbu.com\/it\/infestazione-di-alberi-ciechi-attenzione-su-di-esso\/\" \/>\n<meta property=\"og:locale\" content=\"it_IT\" \/>\n<meta property=\"og:type\" content=\"article\" \/>\n<meta property=\"og:title\" content=\"Z\u00e1n\u011bt slep\u00e9ho st\u0159eva \u2013 Pozor na n\u011bj - REGBU.COM\" \/>\n<meta property=\"og:description\" content=\"Z\u00e1n\u011bt slep\u00e9ho st\u0159eva nen\u00ed radno za \u017e\u00e1dn\u00fdch okolnost\u00ed podce\u0148ovat. Zn\u00e1te p\u0159\u00ed\u010diny a z\u00e1rove\u0148 l\u00e9\u010dbu tohoto onemocn\u011bn\u00ed?\" \/>\n<meta property=\"og:url\" content=\"https:\/\/regbu.com\/it\/infestazione-di-alberi-ciechi-attenzione-su-di-esso\/\" \/>\n<meta property=\"og:site_name\" content=\"REGBU.COM\" \/>\n<meta property=\"article:published_time\" content=\"2023-07-12T14:25:47+00:00\" \/>\n<meta property=\"article:modified_time\" content=\"2025-09-05T05:41:16+00:00\" \/>\n<meta property=\"og:image\" content=\"https:\/\/regbu.com\/wp-content\/uploads\/2023\/07\/zanet-slepeho-streva-pozor-na-nej.jpg\" \/>\n\t<meta property=\"og:image:width\" content=\"1200\" \/>\n\t<meta property=\"og:image:height\" content=\"679\" \/>\n\t<meta property=\"og:image:type\" content=\"image\/jpeg\" \/>\n<meta name=\"author\" content=\"George Martin\" \/>\n<meta name=\"twitter:card\" content=\"summary_large_image\" \/>\n<meta name=\"twitter:label1\" content=\"Scritto da\" \/>\n\t<meta name=\"twitter:data1\" content=\"George Martin\" \/>\n\t<meta name=\"twitter:label2\" content=\"Tempo di lettura stimato\" \/>\n\t<meta name=\"twitter:data2\" content=\"2 minuti\" \/>\n<script type=\"application\/ld+json\" class=\"yoast-schema-graph\">{\"@context\":\"https:\\\/\\\/schema.org\",\"@graph\":[{\"@type\":\"Article\",\"@id\":\"https:\\\/\\\/regbu.com\\\/it\\\/infestazione-di-alberi-ciechi-attenzione-su-di-esso\\\/#article\",\"isPartOf\":{\"@id\":\"https:\\\/\\\/regbu.com\\\/it\\\/infestazione-di-alberi-ciechi-attenzione-su-di-esso\\\/\"},\"author\":{\"name\":\"George Martin\",\"@id\":\"https:\\\/\\\/regbu.com\\\/en\\\/#\\\/schema\\\/person\\\/94ea9deda2629771b8a9ced002f6784e\"},\"headline\":\"Z\u00e1n\u011bt slep\u00e9ho st\u0159eva \u2013 Pozor na n\u011bj\",\"datePublished\":\"2023-07-12T14:25:47+00:00\",\"dateModified\":\"2025-09-05T05:41:16+00:00\",\"mainEntityOfPage\":{\"@id\":\"https:\\\/\\\/regbu.com\\\/it\\\/infestazione-di-alberi-ciechi-attenzione-su-di-esso\\\/\"},\"wordCount\":493,\"image\":{\"@id\":\"https:\\\/\\\/regbu.com\\\/it\\\/infestazione-di-alberi-ciechi-attenzione-su-di-esso\\\/#primaryimage\"},\"thumbnailUrl\":\"https:\\\/\\\/regbu.com\\\/wp-content\\\/uploads\\\/2023\\\/07\\\/zanet-slepeho-streva-pozor-na-nej.jpg\",\"keywords\":[\"apendicita\",\"apendix\",\"nemoc\",\"onemocn\u011bn\u00ed\",\"slep\u00e9 st\u0159evo\",\"stolice\",\"stravov\u00e1n\u00ed\",\"st\u0159evo\",\"z\u00e1n\u011bt\",\"z\u00e1n\u011bt slep\u00e9ho st\u0159eva\"],\"articleSection\":[\"Lidsk\u00e9 Zdrav\u00ed\"],\"inLanguage\":\"it-IT\"},{\"@type\":\"WebPage\",\"@id\":\"https:\\\/\\\/regbu.com\\\/it\\\/infestazione-di-alberi-ciechi-attenzione-su-di-esso\\\/\",\"url\":\"https:\\\/\\\/regbu.com\\\/it\\\/infestazione-di-alberi-ciechi-attenzione-su-di-esso\\\/\",\"name\":\"Z\u00e1n\u011bt slep\u00e9ho st\u0159eva \u2013 Pozor na n\u011bj - REGBU.COM\",\"isPartOf\":{\"@id\":\"https:\\\/\\\/regbu.com\\\/en\\\/#website\"},\"primaryImageOfPage\":{\"@id\":\"https:\\\/\\\/regbu.com\\\/it\\\/infestazione-di-alberi-ciechi-attenzione-su-di-esso\\\/#primaryimage\"},\"image\":{\"@id\":\"https:\\\/\\\/regbu.com\\\/it\\\/infestazione-di-alberi-ciechi-attenzione-su-di-esso\\\/#primaryimage\"},\"thumbnailUrl\":\"https:\\\/\\\/regbu.com\\\/wp-content\\\/uploads\\\/2023\\\/07\\\/zanet-slepeho-streva-pozor-na-nej.jpg\",\"datePublished\":\"2023-07-12T14:25:47+00:00\",\"dateModified\":\"2025-09-05T05:41:16+00:00\",\"author\":{\"@id\":\"https:\\\/\\\/regbu.com\\\/en\\\/#\\\/schema\\\/person\\\/94ea9deda2629771b8a9ced002f6784e\"},\"description\":\"Z\u00e1n\u011bt slep\u00e9ho st\u0159eva nen\u00ed radno za \u017e\u00e1dn\u00fdch okolnost\u00ed podce\u0148ovat. Zn\u00e1te p\u0159\u00ed\u010diny a z\u00e1rove\u0148 l\u00e9\u010dbu tohoto onemocn\u011bn\u00ed?\",\"breadcrumb\":{\"@id\":\"https:\\\/\\\/regbu.com\\\/it\\\/infestazione-di-alberi-ciechi-attenzione-su-di-esso\\\/#breadcrumb\"},\"inLanguage\":\"it-IT\",\"potentialAction\":[{\"@type\":\"ReadAction\",\"target\":[\"https:\\\/\\\/regbu.com\\\/it\\\/infestazione-di-alberi-ciechi-attenzione-su-di-esso\\\/\"]}]},{\"@type\":\"ImageObject\",\"inLanguage\":\"it-IT\",\"@id\":\"https:\\\/\\\/regbu.com\\\/it\\\/infestazione-di-alberi-ciechi-attenzione-su-di-esso\\\/#primaryimage\",\"url\":\"https:\\\/\\\/regbu.com\\\/wp-content\\\/uploads\\\/2023\\\/07\\\/zanet-slepeho-streva-pozor-na-nej.jpg\",\"contentUrl\":\"https:\\\/\\\/regbu.com\\\/wp-content\\\/uploads\\\/2023\\\/07\\\/zanet-slepeho-streva-pozor-na-nej.jpg\",\"width\":1200,\"height\":679,\"caption\":\"Z\u00e1n\u011bt slep\u00e9ho st\u0159eva \u2013 Pozor na n\u011bj\"},{\"@type\":\"BreadcrumbList\",\"@id\":\"https:\\\/\\\/regbu.com\\\/it\\\/infestazione-di-alberi-ciechi-attenzione-su-di-esso\\\/#breadcrumb\",\"itemListElement\":[{\"@type\":\"ListItem\",\"position\":1,\"name\":\"Home\",\"item\":\"https:\\\/\\\/regbu.com\\\/en\\\/\"},{\"@type\":\"ListItem\",\"position\":2,\"name\":\"Z\u00e1n\u011bt slep\u00e9ho st\u0159eva \u2013 Pozor na n\u011bj\"}]},{\"@type\":\"WebSite\",\"@id\":\"https:\\\/\\\/regbu.com\\\/en\\\/#website\",\"url\":\"https:\\\/\\\/regbu.com\\\/en\\\/\",\"name\":\"REGBU.COM\",\"description\":\"\",\"potentialAction\":[{\"@type\":\"SearchAction\",\"target\":{\"@type\":\"EntryPoint\",\"urlTemplate\":\"https:\\\/\\\/regbu.com\\\/en\\\/?s={search_term_string}\"},\"query-input\":{\"@type\":\"PropertyValueSpecification\",\"valueRequired\":true,\"valueName\":\"search_term_string\"}}],\"inLanguage\":\"it-IT\"},{\"@type\":\"Person\",\"@id\":\"https:\\\/\\\/regbu.com\\\/en\\\/#\\\/schema\\\/person\\\/94ea9deda2629771b8a9ced002f6784e\",\"name\":\"George Martin\",\"url\":\"https:\\\/\\\/regbu.com\\\/it\\\/author\\\/george-martin\\\/\"}]}<\/script>\n<!-- \/ Yoast SEO plugin. -->","yoast_head_json":{"title":"Appendicite: attenzione - REGBU.COM","description":"L'appendicite non deve essere sottovalutata in nessun caso. Conoscete le cause e il trattamento di questa malattia?","robots":{"index":"index","follow":"follow","max-snippet":"max-snippet:-1","max-image-preview":"max-image-preview:large","max-video-preview":"max-video-preview:-1"},"canonical":"https:\/\/regbu.com\/it\/infestazione-di-alberi-ciechi-attenzione-su-di-esso\/","og_locale":"it_IT","og_type":"article","og_title":"Z\u00e1n\u011bt slep\u00e9ho st\u0159eva \u2013 Pozor na n\u011bj - REGBU.COM","og_description":"Z\u00e1n\u011bt slep\u00e9ho st\u0159eva nen\u00ed radno za \u017e\u00e1dn\u00fdch okolnost\u00ed podce\u0148ovat. Zn\u00e1te p\u0159\u00ed\u010diny a z\u00e1rove\u0148 l\u00e9\u010dbu tohoto onemocn\u011bn\u00ed?","og_url":"https:\/\/regbu.com\/it\/infestazione-di-alberi-ciechi-attenzione-su-di-esso\/","og_site_name":"REGBU.COM","article_published_time":"2023-07-12T14:25:47+00:00","article_modified_time":"2025-09-05T05:41:16+00:00","og_image":[{"width":1200,"height":679,"url":"https:\/\/regbu.com\/wp-content\/uploads\/2023\/07\/zanet-slepeho-streva-pozor-na-nej.jpg","type":"image\/jpeg"}],"author":"George Martin","twitter_card":"summary_large_image","twitter_misc":{"Scritto da":"George Martin","Tempo di lettura stimato":"2 minuti"},"schema":{"@context":"https:\/\/schema.org","@graph":[{"@type":"Article","@id":"https:\/\/regbu.com\/it\/infestazione-di-alberi-ciechi-attenzione-su-di-esso\/#article","isPartOf":{"@id":"https:\/\/regbu.com\/it\/infestazione-di-alberi-ciechi-attenzione-su-di-esso\/"},"author":{"name":"George Martin","@id":"https:\/\/regbu.com\/en\/#\/schema\/person\/94ea9deda2629771b8a9ced002f6784e"},"headline":"Z\u00e1n\u011bt slep\u00e9ho st\u0159eva \u2013 Pozor na n\u011bj","datePublished":"2023-07-12T14:25:47+00:00","dateModified":"2025-09-05T05:41:16+00:00","mainEntityOfPage":{"@id":"https:\/\/regbu.com\/it\/infestazione-di-alberi-ciechi-attenzione-su-di-esso\/"},"wordCount":493,"image":{"@id":"https:\/\/regbu.com\/it\/infestazione-di-alberi-ciechi-attenzione-su-di-esso\/#primaryimage"},"thumbnailUrl":"https:\/\/regbu.com\/wp-content\/uploads\/2023\/07\/zanet-slepeho-streva-pozor-na-nej.jpg","keywords":["apendicita","apendix","nemoc","onemocn\u011bn\u00ed","slep\u00e9 st\u0159evo","stolice","stravov\u00e1n\u00ed","st\u0159evo","z\u00e1n\u011bt","z\u00e1n\u011bt slep\u00e9ho st\u0159eva"],"articleSection":["Lidsk\u00e9 Zdrav\u00ed"],"inLanguage":"it-IT"},{"@type":"WebPage","@id":"https:\/\/regbu.com\/it\/infestazione-di-alberi-ciechi-attenzione-su-di-esso\/","url":"https:\/\/regbu.com\/it\/infestazione-di-alberi-ciechi-attenzione-su-di-esso\/","name":"Appendicite: attenzione - REGBU.COM","isPartOf":{"@id":"https:\/\/regbu.com\/en\/#website"},"primaryImageOfPage":{"@id":"https:\/\/regbu.com\/it\/infestazione-di-alberi-ciechi-attenzione-su-di-esso\/#primaryimage"},"image":{"@id":"https:\/\/regbu.com\/it\/infestazione-di-alberi-ciechi-attenzione-su-di-esso\/#primaryimage"},"thumbnailUrl":"https:\/\/regbu.com\/wp-content\/uploads\/2023\/07\/zanet-slepeho-streva-pozor-na-nej.jpg","datePublished":"2023-07-12T14:25:47+00:00","dateModified":"2025-09-05T05:41:16+00:00","author":{"@id":"https:\/\/regbu.com\/en\/#\/schema\/person\/94ea9deda2629771b8a9ced002f6784e"},"description":"L'appendicite non deve essere sottovalutata in nessun caso. Conoscete le cause e il trattamento di questa malattia?","breadcrumb":{"@id":"https:\/\/regbu.com\/it\/infestazione-di-alberi-ciechi-attenzione-su-di-esso\/#breadcrumb"},"inLanguage":"it-IT","potentialAction":[{"@type":"ReadAction","target":["https:\/\/regbu.com\/it\/infestazione-di-alberi-ciechi-attenzione-su-di-esso\/"]}]},{"@type":"ImageObject","inLanguage":"it-IT","@id":"https:\/\/regbu.com\/it\/infestazione-di-alberi-ciechi-attenzione-su-di-esso\/#primaryimage","url":"https:\/\/regbu.com\/wp-content\/uploads\/2023\/07\/zanet-slepeho-streva-pozor-na-nej.jpg","contentUrl":"https:\/\/regbu.com\/wp-content\/uploads\/2023\/07\/zanet-slepeho-streva-pozor-na-nej.jpg","width":1200,"height":679,"caption":"Z\u00e1n\u011bt slep\u00e9ho st\u0159eva \u2013 Pozor na n\u011bj"},{"@type":"BreadcrumbList","@id":"https:\/\/regbu.com\/it\/infestazione-di-alberi-ciechi-attenzione-su-di-esso\/#breadcrumb","itemListElement":[{"@type":"ListItem","position":1,"name":"Home","item":"https:\/\/regbu.com\/en\/"},{"@type":"ListItem","position":2,"name":"Z\u00e1n\u011bt slep\u00e9ho st\u0159eva \u2013 Pozor na n\u011bj"}]},{"@type":"WebSite","@id":"https:\/\/regbu.com\/en\/#website","url":"https:\/\/regbu.com\/en\/","name":"REGBU.COM","description":"","potentialAction":[{"@type":"SearchAction","target":{"@type":"EntryPoint","urlTemplate":"https:\/\/regbu.com\/en\/?s={search_term_string}"},"query-input":{"@type":"PropertyValueSpecification","valueRequired":true,"valueName":"search_term_string"}}],"inLanguage":"it-IT"},{"@type":"Person","@id":"https:\/\/regbu.com\/en\/#\/schema\/person\/94ea9deda2629771b8a9ced002f6784e","name":"George Martin","url":"https:\/\/regbu.com\/it\/author\/george-martin\/"}]}},"_links":{"self":[{"href":"https:\/\/regbu.com\/it\/wp-json\/wp\/v2\/posts\/1013","targetHints":{"allow":["GET"]}}],"collection":[{"href":"https:\/\/regbu.com\/it\/wp-json\/wp\/v2\/posts"}],"about":[{"href":"https:\/\/regbu.com\/it\/wp-json\/wp\/v2\/types\/post"}],"author":[{"embeddable":true,"href":"https:\/\/regbu.com\/it\/wp-json\/wp\/v2\/users\/2"}],"replies":[{"embeddable":true,"href":"https:\/\/regbu.com\/it\/wp-json\/wp\/v2\/comments?post=1013"}],"version-history":[{"count":2,"href":"https:\/\/regbu.com\/it\/wp-json\/wp\/v2\/posts\/1013\/revisions"}],"predecessor-version":[{"id":1026,"href":"https:\/\/regbu.com\/it\/wp-json\/wp\/v2\/posts\/1013\/revisions\/1026"}],"wp:featuredmedia":[{"embeddable":true,"href":"https:\/\/regbu.com\/it\/wp-json\/wp\/v2\/media\/1014"}],"wp:attachment":[{"href":"https:\/\/regbu.com\/it\/wp-json\/wp\/v2\/media?parent=1013"}],"wp:term":[{"taxonomy":"category","embeddable":true,"href":"https:\/\/regbu.com\/it\/wp-json\/wp\/v2\/categories?post=1013"},{"taxonomy":"post_tag","embeddable":true,"href":"https:\/\/regbu.com\/it\/wp-json\/wp\/v2\/tags?post=1013"}],"curies":[{"name":"wp","href":"https:\/\/api.w.org\/{rel}","templated":true}]}}