{"id":947,"date":"2023-06-21T16:15:32","date_gmt":"2023-06-21T14:15:32","guid":{"rendered":"https:\/\/regbu.com\/?p=947"},"modified":"2025-09-05T07:42:05","modified_gmt":"2025-09-05T05:42:05","slug":"dovolena-v-karavanu-ma-sve-vyhody","status":"publish","type":"post","link":"https:\/\/regbu.com\/hu\/lakokocsis-nyaralas-van-az-elonyok\/","title":{"rendered":"A lak\u00f3kocsis nyaral\u00e1snak megvannak az el\u0151nyei"},"content":{"rendered":"<p>A lak\u00f3kocsis nyaral\u00e1s lehet\u0151v\u00e9 teszi <strong><a href=\"https:\/\/regbu.com\/hu\/a-kutyaval-utazas-biztos-felkeszulest-igenyel\/\">utaz\u00e1s kuty\u00e1val<\/a><\/strong> \u00e9s sok \u00e9rdekes el\u0151nnyel j\u00e1r. Tal\u00e1n ez\u00e9rt is vonz\u00f3dnak az emberek gyakran ezekhez a mobil sz\u00e1ll\u00e1sokhoz. A lak\u00f3kocsik \u00e9s lak\u00f3aut\u00f3k \u00e9rt\u00e9kes\u00edt\u00e9se \u00e9s b\u00e9rbead\u00e1sa egyre n\u00f6vekszik, amelyekkel sok rendk\u00edv\u00fcli \u00e9lm\u00e9nyben lehet r\u00e9sz\u00fcnk.<\/p>\n\n\n\n<ul class=\"wp-block-list\">\n<li>A lak\u00f3kocsit a j\u00e1rm\u0171 m\u00f6g\u00f6tt vontatj\u00e1k.<\/li>\n\n\n\n<li>A lak\u00f3kocsi egy aut\u00f3 \u00e9s egy lak\u00f3kocsi kombin\u00e1ci\u00f3ja.<\/li>\n<\/ul>\n\n\n\n<p>Term\u00e9szetesen vannak m\u00e1s, a lak\u00f3kocsikhoz hasonl\u00f3 alternat\u00edv\u00e1k is. A lak\u00f3kocsik tipikus esetet jelentenek. Egy kicsit t\u00e1volabbi p\u00e9ld\u00e1nak t\u0171nnek az olyan aut\u00f3k, amelyek lehet\u0151v\u00e9 teszik a s\u00e1tor fel\u00e1ll\u00edt\u00e1s\u00e1t a j\u00e1rm\u0171 tetej\u00e9n.<\/p>\n\n\n\n<h2 class=\"wp-block-heading\">Mi\u00e9rt \u00e9rdemes lak\u00f3kocsival nyaralni?<\/h2>\n\n\n\n<p>Erre a k\u00e9rd\u00e9sre nagyon egyszer\u0171 a v\u00e1lasz. Mindenekel\u0151tt a szabads\u00e1g maxim\u00e1lis \u00e9rzet\u00e9r\u0151l van sz\u00f3. Bizonyos m\u00e9rt\u00e9kig ott alszik, ahol akar. Ugyanakkor v\u00e1rakozik <strong>egy j\u00f3 adag kaland<\/strong>. Gyorsan megv\u00e1ltoztathatja \u00fati c\u00e9lj\u00e1t \u00e9s \u00fatvonal\u00e1t menet k\u00f6zben. A rendhagy\u00f3 pillanatok teh\u00e1t abszol\u00fat garant\u00e1ltak. \u00c9s milyen ter\u00fcleteken versenyez a lak\u00f3kocsi \u00e9s a lak\u00f3aut\u00f3?<\/p>\n\n\n\n<figure class=\"wp-block-table\"><table><tbody><tr><td><strong>Helyzet<\/strong><\/td><td><strong>Gy\u0151ztes<\/strong><\/td><\/tr><tr><td>F\u00fcgg\u00e9s egy m\u00e1sik hat\u00f3anyagt\u00f3l<\/td><td>Lak\u00f3kocsi<\/td><\/tr><tr><td>Jobb felszerelts\u00e9g<\/td><td>Lak\u00f3kocsi<\/td><\/tr><tr><td>Alacsonyabb \u00e1r<\/td><td>Lak\u00f3kocsi<\/td><\/tr><tr><td>Ellen\u0151rizhet\u0151s\u00e9g<\/td><td>Lak\u00f3kocsi<\/td><\/tr><\/tbody><\/table><figcaption class=\"wp-element-caption\">A lak\u00f3kocsi \u00e9s lak\u00f3aut\u00f3 haszn\u00e1lat\u00e1nak \u00f6sszehasonl\u00edt\u00e1sa.<\/figcaption><\/figure>\n\n\n\n<p>A lak\u00f3kocsi \u00e9s a lak\u00f3aut\u00f3 k\u00f6z\u00f6tti v\u00e1laszt\u00e1s teljesen egy\u00e9ni k\u00e9rd\u00e9s. A l\u00e9nyeg az, hogy az utaz\u00e1s ezen form\u00e1j\u00e1val nem kell egy helyben maradnia. Nem kell el\u0151re lefoglalni egy sz\u00e1llod\u00e1t vagy b\u00e1rmi hasonl\u00f3t. Ahol meg\u00e1llsz, ott meg\u00e1llsz, \u00e9s ott fogsz aludni.<\/p>\n\n\n\n<h3 class=\"wp-block-heading\">Lak\u00f3kocsis nyaral\u00e1s \u00e9s el\u0151nyei<\/h3>\n\n\n\n<p>Ha a lak\u00f3kocsis nyaral\u00e1s cs\u00e1b\u00edtja, term\u00e9szetesen egy extra adagot adunk az utaz\u00e1s ezen m\u00f3dj\u00e1nak el\u0151nyeib\u0151l. P\u00e9ld\u00e1ul nem kell agg\u00f3dnia amiatt, hogy egy vagy k\u00e9t csomagot visz mag\u00e1val. Do <strong>lak\u00f3kocsi \u00e9s lak\u00f3aut\u00f3<\/strong> sok minden t\u00f6rt\u00e9nik. Egy ilyen nyaral\u00e1s nemcsak p\u00e1roknak, bar\u00e1toknak, hanem alapvet\u0151en az eg\u00e9sz csal\u00e1dnak ide\u00e1lis. A vil\u00e1g sz\u00e1mos orsz\u00e1g\u00e1ban lehet vadon t\u00e1borozni, vagyis b\u00e1rhol, ahol meg\u00e1llsz.<\/p>\n\n\n\n<p>Term\u00e9szetesen a lak\u00f3kocsis nyaral\u00e1s nem jelenti azt, hogy azonnal meg kell v\u00e1s\u00e1rolnia egyet. B\u00e9relhet egyet, <em>ami gyakran olcs\u00f3bb<\/em>mintha \u00d6n \u00e9s az eg\u00e9sz csal\u00e1dja egy adott sz\u00e1llod\u00e1ba menne egy bizonyos id\u0151re. A lak\u00f3aut\u00f3val val\u00f3 utaz\u00e1s el\u0151nyei egyszer\u0171en \u00e9rv\u00e9nyes\u00fclnek.<\/p>","protected":false},"excerpt":{"rendered":"<p>A lak\u00f3kocsis nyaral\u00e1s lehet\u0151v\u00e9 teszi, hogy kuty\u00e1j\u00e1val egy\u00fctt utazzon, \u00e9s sz\u00e1mos \u00e9rdekes el\u0151nnyel j\u00e1r. Tal\u00e1n ez\u00e9rt is van az, hogy az emberek gyakran vonz\u00f3dnak ezekhez a mobil sz\u00e1ll\u00e1shelyekhez. A lak\u00f3kocsik \u00e9s lak\u00f3aut\u00f3k \u00e9rt\u00e9kes\u00edt\u00e9se \u00e9s b\u00e9rbead\u00e1sa egyre n\u00f6vekszik, \u00e9s sz\u00e1mos rendk\u00edv\u00fcli \u00e9lm\u00e9nyt lehet vel\u00fck szerezni. Term\u00e9szetesen vannak m\u00e1s, a lak\u00f3kocsikhoz hasonl\u00f3 alternat\u00edv\u00e1k is. A lak\u00f3aut\u00f3k tipikus esetet jelentenek. Egy kicsit t\u00e1volabbi p\u00e9lda ... <\/p>","protected":false},"author":2,"featured_media":949,"comment_status":"closed","ping_status":"closed","sticky":false,"template":"","format":"standard","meta":{"footnotes":""},"categories":[8],"tags":[548,637,922,923,925,924,926,653,927,157],"class_list":["post-947","post","type-post","status-publish","format-standard","has-post-thumbnail","hentry","category-cestovani","tag-cena","tag-cestovani","tag-dovolena-v-karavanu","tag-karavan","tag-karavany","tag-obytny-vuz","tag-pronajem","tag-vozidlo","tag-vybavenost","tag-vyhody"],"yoast_head":"<!-- This site is optimized with the Yoast SEO plugin v27.4 - https:\/\/yoast.com\/product\/yoast-seo-wordpress\/ -->\n<title>Dovolen\u00e1 v\u00a0karavanu m\u00e1 sv\u00e9 v\u00fdhody - REGBU.COM<\/title>\n<meta name=\"description\" content=\"Dovolen\u00e1 v karavanu otev\u00edr\u00e1 zcela nov\u00e9 mo\u017enosti cestov\u00e1n\u00ed. U\u017e\u00edvejte si cestu v trochu jin\u00e9m pod\u00e1n\u00ed, kdy V\u00e1m nebude nic chyb\u011bt.\" \/>\n<meta name=\"robots\" content=\"index, follow, max-snippet:-1, max-image-preview:large, max-video-preview:-1\" \/>\n<link rel=\"canonical\" href=\"https:\/\/regbu.com\/hu\/lakokocsis-nyaralas-van-az-elonyok\/\" \/>\n<meta property=\"og:locale\" content=\"hu_HU\" \/>\n<meta property=\"og:type\" content=\"article\" \/>\n<meta property=\"og:title\" content=\"Dovolen\u00e1 v\u00a0karavanu m\u00e1 sv\u00e9 v\u00fdhody - REGBU.COM\" \/>\n<meta property=\"og:description\" content=\"Dovolen\u00e1 v karavanu otev\u00edr\u00e1 zcela nov\u00e9 mo\u017enosti cestov\u00e1n\u00ed. U\u017e\u00edvejte si cestu v trochu jin\u00e9m pod\u00e1n\u00ed, kdy V\u00e1m nebude nic chyb\u011bt.\" \/>\n<meta property=\"og:url\" content=\"https:\/\/regbu.com\/hu\/lakokocsis-nyaralas-van-az-elonyok\/\" \/>\n<meta property=\"og:site_name\" content=\"REGBU.COM\" \/>\n<meta property=\"article:published_time\" content=\"2023-06-21T14:15:32+00:00\" \/>\n<meta property=\"article:modified_time\" content=\"2025-09-05T05:42:05+00:00\" \/>\n<meta property=\"og:image\" content=\"https:\/\/regbu.com\/wp-content\/uploads\/2023\/06\/dovolena-v-karavanu-ma-sve-vyhody.jpg\" \/>\n\t<meta property=\"og:image:width\" content=\"1200\" \/>\n\t<meta property=\"og:image:height\" content=\"675\" \/>\n\t<meta property=\"og:image:type\" content=\"image\/jpeg\" \/>\n<meta name=\"author\" content=\"George Martin\" \/>\n<meta name=\"twitter:card\" content=\"summary_large_image\" \/>\n<meta name=\"twitter:label1\" content=\"Szerz\u0151:\" \/>\n\t<meta name=\"twitter:data1\" content=\"George Martin\" \/>\n\t<meta name=\"twitter:label2\" content=\"Becs\u00fclt olvas\u00e1si id\u0151\" \/>\n\t<meta name=\"twitter:data2\" content=\"2 perc\" \/>\n<script type=\"application\/ld+json\" class=\"yoast-schema-graph\">{\"@context\":\"https:\\\/\\\/schema.org\",\"@graph\":[{\"@type\":\"Article\",\"@id\":\"https:\\\/\\\/regbu.com\\\/hu\\\/lakokocsis-nyaralas-van-az-elonyok\\\/#article\",\"isPartOf\":{\"@id\":\"https:\\\/\\\/regbu.com\\\/hu\\\/lakokocsis-nyaralas-van-az-elonyok\\\/\"},\"author\":{\"name\":\"George Martin\",\"@id\":\"https:\\\/\\\/regbu.com\\\/en\\\/#\\\/schema\\\/person\\\/94ea9deda2629771b8a9ced002f6784e\"},\"headline\":\"Dovolen\u00e1 v\u00a0karavanu m\u00e1 sv\u00e9 v\u00fdhody\",\"datePublished\":\"2023-06-21T14:15:32+00:00\",\"dateModified\":\"2025-09-05T05:42:05+00:00\",\"mainEntityOfPage\":{\"@id\":\"https:\\\/\\\/regbu.com\\\/hu\\\/lakokocsis-nyaralas-van-az-elonyok\\\/\"},\"wordCount\":459,\"image\":{\"@id\":\"https:\\\/\\\/regbu.com\\\/hu\\\/lakokocsis-nyaralas-van-az-elonyok\\\/#primaryimage\"},\"thumbnailUrl\":\"https:\\\/\\\/regbu.com\\\/wp-content\\\/uploads\\\/2023\\\/06\\\/dovolena-v-karavanu-ma-sve-vyhody.jpg\",\"keywords\":[\"cena\",\"cestov\u00e1n\u00ed\",\"dovolen\u00e1 v karavanu\",\"karavan\",\"karavany\",\"obytn\u00fd v\u016fz\",\"pron\u00e1jem\",\"vozidlo\",\"vybavenost\",\"v\u00fdhody\"],\"articleSection\":[\"Cestov\u00e1n\u00ed\"],\"inLanguage\":\"hu\"},{\"@type\":\"WebPage\",\"@id\":\"https:\\\/\\\/regbu.com\\\/hu\\\/lakokocsis-nyaralas-van-az-elonyok\\\/\",\"url\":\"https:\\\/\\\/regbu.com\\\/hu\\\/lakokocsis-nyaralas-van-az-elonyok\\\/\",\"name\":\"Dovolen\u00e1 v\u00a0karavanu m\u00e1 sv\u00e9 v\u00fdhody - REGBU.COM\",\"isPartOf\":{\"@id\":\"https:\\\/\\\/regbu.com\\\/en\\\/#website\"},\"primaryImageOfPage\":{\"@id\":\"https:\\\/\\\/regbu.com\\\/hu\\\/lakokocsis-nyaralas-van-az-elonyok\\\/#primaryimage\"},\"image\":{\"@id\":\"https:\\\/\\\/regbu.com\\\/hu\\\/lakokocsis-nyaralas-van-az-elonyok\\\/#primaryimage\"},\"thumbnailUrl\":\"https:\\\/\\\/regbu.com\\\/wp-content\\\/uploads\\\/2023\\\/06\\\/dovolena-v-karavanu-ma-sve-vyhody.jpg\",\"datePublished\":\"2023-06-21T14:15:32+00:00\",\"dateModified\":\"2025-09-05T05:42:05+00:00\",\"author\":{\"@id\":\"https:\\\/\\\/regbu.com\\\/en\\\/#\\\/schema\\\/person\\\/94ea9deda2629771b8a9ced002f6784e\"},\"description\":\"Dovolen\u00e1 v karavanu otev\u00edr\u00e1 zcela nov\u00e9 mo\u017enosti cestov\u00e1n\u00ed. U\u017e\u00edvejte si cestu v trochu jin\u00e9m pod\u00e1n\u00ed, kdy V\u00e1m nebude nic chyb\u011bt.\",\"breadcrumb\":{\"@id\":\"https:\\\/\\\/regbu.com\\\/hu\\\/lakokocsis-nyaralas-van-az-elonyok\\\/#breadcrumb\"},\"inLanguage\":\"hu\",\"potentialAction\":[{\"@type\":\"ReadAction\",\"target\":[\"https:\\\/\\\/regbu.com\\\/hu\\\/lakokocsis-nyaralas-van-az-elonyok\\\/\"]}]},{\"@type\":\"ImageObject\",\"inLanguage\":\"hu\",\"@id\":\"https:\\\/\\\/regbu.com\\\/hu\\\/lakokocsis-nyaralas-van-az-elonyok\\\/#primaryimage\",\"url\":\"https:\\\/\\\/regbu.com\\\/wp-content\\\/uploads\\\/2023\\\/06\\\/dovolena-v-karavanu-ma-sve-vyhody.jpg\",\"contentUrl\":\"https:\\\/\\\/regbu.com\\\/wp-content\\\/uploads\\\/2023\\\/06\\\/dovolena-v-karavanu-ma-sve-vyhody.jpg\",\"width\":1200,\"height\":675,\"caption\":\"Dovolen\u00e1 v karavanu m\u00e1 sv\u00e9 v\u00fdhody\"},{\"@type\":\"BreadcrumbList\",\"@id\":\"https:\\\/\\\/regbu.com\\\/hu\\\/lakokocsis-nyaralas-van-az-elonyok\\\/#breadcrumb\",\"itemListElement\":[{\"@type\":\"ListItem\",\"position\":1,\"name\":\"Home\",\"item\":\"https:\\\/\\\/regbu.com\\\/en\\\/\"},{\"@type\":\"ListItem\",\"position\":2,\"name\":\"Dovolen\u00e1 v\u00a0karavanu m\u00e1 sv\u00e9 v\u00fdhody\"}]},{\"@type\":\"WebSite\",\"@id\":\"https:\\\/\\\/regbu.com\\\/en\\\/#website\",\"url\":\"https:\\\/\\\/regbu.com\\\/en\\\/\",\"name\":\"REGBU.COM\",\"description\":\"\",\"potentialAction\":[{\"@type\":\"SearchAction\",\"target\":{\"@type\":\"EntryPoint\",\"urlTemplate\":\"https:\\\/\\\/regbu.com\\\/en\\\/?s={search_term_string}\"},\"query-input\":{\"@type\":\"PropertyValueSpecification\",\"valueRequired\":true,\"valueName\":\"search_term_string\"}}],\"inLanguage\":\"hu\"},{\"@type\":\"Person\",\"@id\":\"https:\\\/\\\/regbu.com\\\/en\\\/#\\\/schema\\\/person\\\/94ea9deda2629771b8a9ced002f6784e\",\"name\":\"George Martin\",\"url\":\"https:\\\/\\\/regbu.com\\\/hu\\\/author\\\/george-martin\\\/\"}]}<\/script>\n<!-- \/ Yoast SEO plugin. -->","yoast_head_json":{"title":"A lak\u00f3kocsis nyaral\u00e1snak megvannak az el\u0151nyei - REGBU.COM","description":"A lak\u00f3kocsis nyaral\u00e1s az utaz\u00e1si lehet\u0151s\u00e9gek teljesen \u00faj sk\u00e1l\u00e1j\u00e1t nyitja meg. \u00c9lvezze az utaz\u00e1st m\u00e1sk\u00e9pp, amikor nem marad le semmir\u0151l.","robots":{"index":"index","follow":"follow","max-snippet":"max-snippet:-1","max-image-preview":"max-image-preview:large","max-video-preview":"max-video-preview:-1"},"canonical":"https:\/\/regbu.com\/hu\/lakokocsis-nyaralas-van-az-elonyok\/","og_locale":"hu_HU","og_type":"article","og_title":"Dovolen\u00e1 v\u00a0karavanu m\u00e1 sv\u00e9 v\u00fdhody - REGBU.COM","og_description":"Dovolen\u00e1 v karavanu otev\u00edr\u00e1 zcela nov\u00e9 mo\u017enosti cestov\u00e1n\u00ed. U\u017e\u00edvejte si cestu v trochu jin\u00e9m pod\u00e1n\u00ed, kdy V\u00e1m nebude nic chyb\u011bt.","og_url":"https:\/\/regbu.com\/hu\/lakokocsis-nyaralas-van-az-elonyok\/","og_site_name":"REGBU.COM","article_published_time":"2023-06-21T14:15:32+00:00","article_modified_time":"2025-09-05T05:42:05+00:00","og_image":[{"width":1200,"height":675,"url":"https:\/\/regbu.com\/wp-content\/uploads\/2023\/06\/dovolena-v-karavanu-ma-sve-vyhody.jpg","type":"image\/jpeg"}],"author":"George Martin","twitter_card":"summary_large_image","twitter_misc":{"Szerz\u0151:":"George Martin","Becs\u00fclt olvas\u00e1si id\u0151":"2 perc"},"schema":{"@context":"https:\/\/schema.org","@graph":[{"@type":"Article","@id":"https:\/\/regbu.com\/hu\/lakokocsis-nyaralas-van-az-elonyok\/#article","isPartOf":{"@id":"https:\/\/regbu.com\/hu\/lakokocsis-nyaralas-van-az-elonyok\/"},"author":{"name":"George Martin","@id":"https:\/\/regbu.com\/en\/#\/schema\/person\/94ea9deda2629771b8a9ced002f6784e"},"headline":"Dovolen\u00e1 v\u00a0karavanu m\u00e1 sv\u00e9 v\u00fdhody","datePublished":"2023-06-21T14:15:32+00:00","dateModified":"2025-09-05T05:42:05+00:00","mainEntityOfPage":{"@id":"https:\/\/regbu.com\/hu\/lakokocsis-nyaralas-van-az-elonyok\/"},"wordCount":459,"image":{"@id":"https:\/\/regbu.com\/hu\/lakokocsis-nyaralas-van-az-elonyok\/#primaryimage"},"thumbnailUrl":"https:\/\/regbu.com\/wp-content\/uploads\/2023\/06\/dovolena-v-karavanu-ma-sve-vyhody.jpg","keywords":["cena","cestov\u00e1n\u00ed","dovolen\u00e1 v karavanu","karavan","karavany","obytn\u00fd v\u016fz","pron\u00e1jem","vozidlo","vybavenost","v\u00fdhody"],"articleSection":["Cestov\u00e1n\u00ed"],"inLanguage":"hu"},{"@type":"WebPage","@id":"https:\/\/regbu.com\/hu\/lakokocsis-nyaralas-van-az-elonyok\/","url":"https:\/\/regbu.com\/hu\/lakokocsis-nyaralas-van-az-elonyok\/","name":"A lak\u00f3kocsis nyaral\u00e1snak megvannak az el\u0151nyei - REGBU.COM","isPartOf":{"@id":"https:\/\/regbu.com\/en\/#website"},"primaryImageOfPage":{"@id":"https:\/\/regbu.com\/hu\/lakokocsis-nyaralas-van-az-elonyok\/#primaryimage"},"image":{"@id":"https:\/\/regbu.com\/hu\/lakokocsis-nyaralas-van-az-elonyok\/#primaryimage"},"thumbnailUrl":"https:\/\/regbu.com\/wp-content\/uploads\/2023\/06\/dovolena-v-karavanu-ma-sve-vyhody.jpg","datePublished":"2023-06-21T14:15:32+00:00","dateModified":"2025-09-05T05:42:05+00:00","author":{"@id":"https:\/\/regbu.com\/en\/#\/schema\/person\/94ea9deda2629771b8a9ced002f6784e"},"description":"A lak\u00f3kocsis nyaral\u00e1s az utaz\u00e1si lehet\u0151s\u00e9gek teljesen \u00faj sk\u00e1l\u00e1j\u00e1t nyitja meg. \u00c9lvezze az utaz\u00e1st m\u00e1sk\u00e9pp, amikor nem marad le semmir\u0151l.","breadcrumb":{"@id":"https:\/\/regbu.com\/hu\/lakokocsis-nyaralas-van-az-elonyok\/#breadcrumb"},"inLanguage":"hu","potentialAction":[{"@type":"ReadAction","target":["https:\/\/regbu.com\/hu\/lakokocsis-nyaralas-van-az-elonyok\/"]}]},{"@type":"ImageObject","inLanguage":"hu","@id":"https:\/\/regbu.com\/hu\/lakokocsis-nyaralas-van-az-elonyok\/#primaryimage","url":"https:\/\/regbu.com\/wp-content\/uploads\/2023\/06\/dovolena-v-karavanu-ma-sve-vyhody.jpg","contentUrl":"https:\/\/regbu.com\/wp-content\/uploads\/2023\/06\/dovolena-v-karavanu-ma-sve-vyhody.jpg","width":1200,"height":675,"caption":"Dovolen\u00e1 v karavanu m\u00e1 sv\u00e9 v\u00fdhody"},{"@type":"BreadcrumbList","@id":"https:\/\/regbu.com\/hu\/lakokocsis-nyaralas-van-az-elonyok\/#breadcrumb","itemListElement":[{"@type":"ListItem","position":1,"name":"Home","item":"https:\/\/regbu.com\/en\/"},{"@type":"ListItem","position":2,"name":"Dovolen\u00e1 v\u00a0karavanu m\u00e1 sv\u00e9 v\u00fdhody"}]},{"@type":"WebSite","@id":"https:\/\/regbu.com\/en\/#website","url":"https:\/\/regbu.com\/en\/","name":"REGBU.COM","description":"","potentialAction":[{"@type":"SearchAction","target":{"@type":"EntryPoint","urlTemplate":"https:\/\/regbu.com\/en\/?s={search_term_string}"},"query-input":{"@type":"PropertyValueSpecification","valueRequired":true,"valueName":"search_term_string"}}],"inLanguage":"hu"},{"@type":"Person","@id":"https:\/\/regbu.com\/en\/#\/schema\/person\/94ea9deda2629771b8a9ced002f6784e","name":"George Martin","url":"https:\/\/regbu.com\/hu\/author\/george-martin\/"}]}},"_links":{"self":[{"href":"https:\/\/regbu.com\/hu\/wp-json\/wp\/v2\/posts\/947","targetHints":{"allow":["GET"]}}],"collection":[{"href":"https:\/\/regbu.com\/hu\/wp-json\/wp\/v2\/posts"}],"about":[{"href":"https:\/\/regbu.com\/hu\/wp-json\/wp\/v2\/types\/post"}],"author":[{"embeddable":true,"href":"https:\/\/regbu.com\/hu\/wp-json\/wp\/v2\/users\/2"}],"replies":[{"embeddable":true,"href":"https:\/\/regbu.com\/hu\/wp-json\/wp\/v2\/comments?post=947"}],"version-history":[{"count":2,"href":"https:\/\/regbu.com\/hu\/wp-json\/wp\/v2\/posts\/947\/revisions"}],"predecessor-version":[{"id":961,"href":"https:\/\/regbu.com\/hu\/wp-json\/wp\/v2\/posts\/947\/revisions\/961"}],"wp:featuredmedia":[{"embeddable":true,"href":"https:\/\/regbu.com\/hu\/wp-json\/wp\/v2\/media\/949"}],"wp:attachment":[{"href":"https:\/\/regbu.com\/hu\/wp-json\/wp\/v2\/media?parent=947"}],"wp:term":[{"taxonomy":"category","embeddable":true,"href":"https:\/\/regbu.com\/hu\/wp-json\/wp\/v2\/categories?post=947"},{"taxonomy":"post_tag","embeddable":true,"href":"https:\/\/regbu.com\/hu\/wp-json\/wp\/v2\/tags?post=947"}],"curies":[{"name":"wp","href":"https:\/\/api.w.org\/{rel}","templated":true}]}}