{"id":941,"date":"2023-06-21T16:06:16","date_gmt":"2023-06-21T14:06:16","guid":{"rendered":"https:\/\/regbu.com\/?p=941"},"modified":"2025-09-05T07:42:09","modified_gmt":"2025-09-05T05:42:09","slug":"dovolena-na-kole-na-co-nezapomenout","status":"publish","type":"post","link":"https:\/\/regbu.com\/hu\/unnepek-az-iskolaban-mit-nem-felejtsen-el\/","title":{"rendered":"Ker\u00e9kp\u00e1ros nyaral\u00e1s - Mit kell megjegyezni?"},"content":{"rendered":"<p>A ker\u00e9kp\u00e1ros nyaral\u00e1s ugyanolyan kalandos \u00e9s sz\u00f3rakoztat\u00f3, mint a haj\u00f3s nyaral\u00e1s. Az egyetlen k\u00fcl\u00f6nbs\u00e9g az, hogy ebben az esetben nem \u00e9rdekli \u00d6nt a <strong><a href=\"https:\/\/regbu.com\/hu\/iranyito-berendezes-bol-es-onnan-ba\/\">cs\u00f3nak\u00e1z\u00f3 felszerel\u00e9s<\/a><\/strong>de a ker\u00e9kp\u00e1rhoz megfelel\u0151 felszerel\u00e9st fogsz keresni. Ez term\u00e9szetesen sokf\u00e9le t\u00e9nyez\u0151t\u0151l f\u00fcgg.<\/p>\n\n\n\n<ul class=\"wp-block-list\">\n<li>Melyik ker\u00e9kp\u00e1rral fogsz menni?<\/li>\n\n\n\n<li>Milyen helyeken horg\u00e1szol?<\/li>\n\n\n\n<li>Mennyi id\u0151re m\u00e9sz?<\/li>\n<\/ul>\n\n\n\n<p>E h\u00e1rom v\u00e1lasz alapj\u00e1n elkezdheti \u00f6ssze\u00e1ll\u00edtani a l\u00e9nyeges dolgok list\u00e1j\u00e1t. A ker\u00e9kp\u00e1ros nyaral\u00e1s a megfelel\u0151 \u00e9s teljes felszerel\u00e9ssel sz\u00f3 szerint felejthetetlen lehet.<\/p>\n\n\n\n<h2 class=\"wp-block-heading\">Kezdj\u00fck az alapokt\u00f3l<\/h2>\n\n\n\n<p>Ha ker\u00e9kp\u00e1rral utazik, k\u00e9t csoportra van sz\u00fcks\u00e9ge. Az els\u0151 a ker\u00e9kp\u00e1rral kapcsolatos felszerel\u00e9s. A m\u00e1sodik <strong>ruh\u00e1zat \u00e9s kapcsol\u00f3d\u00f3 kieg\u00e9sz\u00edt\u0151k<\/strong>. Mindenk\u00e9ppen sz\u00fcks\u00e9ged van ragaszt\u00e1sra \u00e9s p\u00f3tcs\u00f6vekre a ker\u00e9khez. Ezek n\u00e9lk\u00fcl az alapok n\u00e9lk\u00fcl semmik\u00e9ppen ne menj sehova. De hasonl\u00f3 dolgokb\u00f3l van b\u0151ven el\u00e9g.<\/p>\n\n\n\n<figure class=\"wp-block-table\"><table><tbody><tr><td><strong>T\u00e1rgy:<\/strong><\/td><td><strong>Inform\u00e1ci\u00f3<\/strong><\/td><\/tr><tr><td>Szivatty\u00fa<\/td><td>Utaz\u00e1si v\u00e1ltozat<\/td><\/tr><tr><td>Ken\u0151anyag<\/td><td>Alapvet\u0151<\/td><\/tr><tr><td>Kast\u00e9ly<\/td><td>L\u00e1nc vagy k\u00f6t\u00e9l<\/td><\/tr><tr><td>Vil\u00e1g\u00edt\u00e1s<\/td><td>El\u0151re \u00e9s h\u00e1trafel\u00e9<\/td><\/tr><\/tbody><\/table><figcaption class=\"wp-element-caption\">Alapvet\u0151 felszerel\u00e9s, amir\u0151l nem szabad megfeledkezni, ha ker\u00e9kp\u00e1rral megy\u00fcnk nyaralni.<\/figcaption><\/figure>\n\n\n\n<p>Ha ker\u00e9kp\u00e1ros nyaral\u00e1sra indul, gy\u0151z\u0151dj\u00f6n meg r\u00f3la, hogy nem felejtette el a jav\u00edt\u00e1sokhoz sz\u00fcks\u00e9ges szersz\u00e1mokat. \u00c1ltal\u00e1ban el\u00e9g egy alapk\u00e9szlet, amelyet b\u00e1rmelyik ker\u00e9kp\u00e1rboltban megv\u00e1s\u00e1rolhat. V\u00e9gezet\u00fcl aj\u00e1nlott egy iv\u00f3palack.<\/p>\n\n\n\n<h3 class=\"wp-block-heading\">Ker\u00e9kp\u00e1ros nyaral\u00e1s - Mit vigy\u00fcnk magunkkal?<\/h3>\n\n\n\n<p>Ha hossz\u00fa ideig ker\u00e9kp\u00e1rozik, \u00e9s t\u00f6bb tucat kilom\u00e9tert kell megtennie, mindent be kell csomagolnia, amire sz\u00fcks\u00e9ge van. Ehhez. <em>el\u00e9g nagy zs\u00e1kra lesz sz\u00fcks\u00e9ge<\/em>. Ezek nemcsak a h\u00e1ts\u00f3, hanem az els\u0151 \u00e1llv\u00e1nyra is felszerelhet\u0151k. Kiv\u00e9telt k\u00e9peznek a v\u00e1z- vagy korm\u00e1nyt\u00e1sk\u00e1k, amelyekben t\u00e1rolhatja a navig\u00e1ci\u00f3val ell\u00e1tott mobiltelefonj\u00e1t vagy egy pap\u00edrt\u00e9rk\u00e9pet.<\/p>\n\n\n\n<p>Egy hosszabb ker\u00e9kp\u00e1ros nyaral\u00e1s term\u00e9szetesen bizonyos dolgokat ig\u00e9nyel. Ha nem vend\u00e9gh\u00e1zakban fog aludni, csomagoljon be egy kis ker\u00e9kp\u00e1ros <strong>s\u00e1tor, h\u00e1l\u00f3zs\u00e1k \u00e9s matrac<\/strong>. A funkcion\u00e1lis feh\u00e9rnem\u0171, bele\u00e9rtve a tartal\u00e9kot is, szint\u00e9n elengedhetetlen. Ne feledkezzen meg az es\u0151kab\u00e1tr\u00f3l, az alapvet\u0151 tiszt\u00e1lkod\u00e1si szerekr\u0151l \u00e9s az energiaforr\u00e1sokr\u00f3l sem. Esetleg egy power bank form\u00e1j\u00e1ban. A naptej vagy a pelenkaki\u00fct\u00e9s \u00e9s a f\u00e1j\u00f3 l\u00e1bak elleni kr\u00e9m szint\u00e9n j\u00f3l j\u00f6n.<\/p>","protected":false},"excerpt":{"rendered":"<p>A ker\u00e9kp\u00e1ros nyaral\u00e1s ugyanolyan kalandos \u00e9s sz\u00f3rakoztat\u00f3, mint a haj\u00f3s nyaral\u00e1s. Az egyetlen k\u00fcl\u00f6nbs\u00e9g az, hogy ebben az esetben nem az evez\u0151s felszerel\u00e9s \u00e9rdekli, hanem a ker\u00e9kp\u00e1rhoz val\u00f3 megfelel\u0151 felszerel\u00e9s megtal\u00e1l\u00e1sa. Ez term\u00e9szetesen sokf\u00e9le t\u00e9nyez\u0151t\u0151l f\u00fcgg. E h\u00e1rom v\u00e1lasz alapj\u00e1n elkezdheted \u00f6ssze\u00e1ll\u00edtani a sz\u00fcks\u00e9ges ... <\/p>","protected":false},"author":2,"featured_media":942,"comment_status":"closed","ping_status":"closed","sticky":false,"template":"","format":"standard","meta":{"footnotes":""},"categories":[8],"tags":[823,912,900,907,909,913,831,911,910,824,908,770],"class_list":["post-941","post","type-post","status-publish","format-standard","has-post-thumbnail","hentry","category-cestovani","tag-boty","tag-brasny","tag-dovolena","tag-dovolena-na-kole","tag-duse","tag-helma","tag-kolo","tag-lahev","tag-lepeni","tag-obleceni","tag-pumpicka","tag-vybaveni"],"yoast_head":"<!-- This site is optimized with the Yoast SEO plugin v27.5 - https:\/\/yoast.com\/product\/yoast-seo-wordpress\/ -->\n<title>Dovolen\u00e1 na kole \u2013 Na co nezapomenout? - REGBU.COM<\/title>\n<meta name=\"description\" content=\"V\u00edte, co v\u0161echno obn\u00e1\u0161\u00ed dovolen\u00e1 na kole z pohledu nezbytn\u00e9ho vybaven\u00ed? Prozrad\u00edme V\u00e1m, co si vz\u00edt s sebou.\" \/>\n<meta name=\"robots\" content=\"index, follow, max-snippet:-1, max-image-preview:large, max-video-preview:-1\" \/>\n<link rel=\"canonical\" href=\"https:\/\/regbu.com\/hu\/unnepek-az-iskolaban-mit-nem-felejtsen-el\/\" \/>\n<meta property=\"og:locale\" content=\"hu_HU\" \/>\n<meta property=\"og:type\" content=\"article\" \/>\n<meta property=\"og:title\" content=\"Dovolen\u00e1 na kole \u2013 Na co nezapomenout? - REGBU.COM\" \/>\n<meta property=\"og:description\" content=\"V\u00edte, co v\u0161echno obn\u00e1\u0161\u00ed dovolen\u00e1 na kole z pohledu nezbytn\u00e9ho vybaven\u00ed? Prozrad\u00edme V\u00e1m, co si vz\u00edt s sebou.\" \/>\n<meta property=\"og:url\" content=\"https:\/\/regbu.com\/hu\/unnepek-az-iskolaban-mit-nem-felejtsen-el\/\" \/>\n<meta property=\"og:site_name\" content=\"REGBU.COM\" \/>\n<meta property=\"article:published_time\" content=\"2023-06-21T14:06:16+00:00\" \/>\n<meta property=\"article:modified_time\" content=\"2025-09-05T05:42:09+00:00\" \/>\n<meta property=\"og:image\" content=\"https:\/\/regbu.com\/wp-content\/uploads\/2023\/06\/dovolena-na-kole-na-co-nezapomenout.jpg\" \/>\n\t<meta property=\"og:image:width\" content=\"1200\" \/>\n\t<meta property=\"og:image:height\" content=\"675\" \/>\n\t<meta property=\"og:image:type\" content=\"image\/jpeg\" \/>\n<meta name=\"author\" content=\"George Martin\" \/>\n<meta name=\"twitter:card\" content=\"summary_large_image\" \/>\n<meta name=\"twitter:label1\" content=\"Szerz\u0151:\" \/>\n\t<meta name=\"twitter:data1\" content=\"George Martin\" \/>\n\t<meta name=\"twitter:label2\" content=\"Becs\u00fclt olvas\u00e1si id\u0151\" \/>\n\t<meta name=\"twitter:data2\" content=\"2 perc\" \/>\n<script type=\"application\/ld+json\" class=\"yoast-schema-graph\">{\"@context\":\"https:\\\/\\\/schema.org\",\"@graph\":[{\"@type\":\"Article\",\"@id\":\"https:\\\/\\\/regbu.com\\\/hu\\\/unnepek-az-iskolaban-mit-nem-felejtsen-el\\\/#article\",\"isPartOf\":{\"@id\":\"https:\\\/\\\/regbu.com\\\/hu\\\/unnepek-az-iskolaban-mit-nem-felejtsen-el\\\/\"},\"author\":{\"name\":\"George Martin\",\"@id\":\"https:\\\/\\\/regbu.com\\\/en\\\/#\\\/schema\\\/person\\\/94ea9deda2629771b8a9ced002f6784e\"},\"headline\":\"Dovolen\u00e1 na kole \u2013 Na co nezapomenout?\",\"datePublished\":\"2023-06-21T14:06:16+00:00\",\"dateModified\":\"2025-09-05T05:42:09+00:00\",\"mainEntityOfPage\":{\"@id\":\"https:\\\/\\\/regbu.com\\\/hu\\\/unnepek-az-iskolaban-mit-nem-felejtsen-el\\\/\"},\"wordCount\":456,\"image\":{\"@id\":\"https:\\\/\\\/regbu.com\\\/hu\\\/unnepek-az-iskolaban-mit-nem-felejtsen-el\\\/#primaryimage\"},\"thumbnailUrl\":\"https:\\\/\\\/regbu.com\\\/wp-content\\\/uploads\\\/2023\\\/06\\\/dovolena-na-kole-na-co-nezapomenout.jpg\",\"keywords\":[\"boty\",\"bra\u0161ny\",\"dovolen\u00e1\",\"dovolen\u00e1 na kole\",\"du\u0161e\",\"helma\",\"kolo\",\"l\u00e1hev\",\"lepen\u00ed\",\"oble\u010den\u00ed\",\"pumpi\u010dka\",\"vybaven\u00ed\"],\"articleSection\":[\"Cestov\u00e1n\u00ed\"],\"inLanguage\":\"hu\"},{\"@type\":\"WebPage\",\"@id\":\"https:\\\/\\\/regbu.com\\\/hu\\\/unnepek-az-iskolaban-mit-nem-felejtsen-el\\\/\",\"url\":\"https:\\\/\\\/regbu.com\\\/hu\\\/unnepek-az-iskolaban-mit-nem-felejtsen-el\\\/\",\"name\":\"Dovolen\u00e1 na kole \u2013 Na co nezapomenout? - REGBU.COM\",\"isPartOf\":{\"@id\":\"https:\\\/\\\/regbu.com\\\/en\\\/#website\"},\"primaryImageOfPage\":{\"@id\":\"https:\\\/\\\/regbu.com\\\/hu\\\/unnepek-az-iskolaban-mit-nem-felejtsen-el\\\/#primaryimage\"},\"image\":{\"@id\":\"https:\\\/\\\/regbu.com\\\/hu\\\/unnepek-az-iskolaban-mit-nem-felejtsen-el\\\/#primaryimage\"},\"thumbnailUrl\":\"https:\\\/\\\/regbu.com\\\/wp-content\\\/uploads\\\/2023\\\/06\\\/dovolena-na-kole-na-co-nezapomenout.jpg\",\"datePublished\":\"2023-06-21T14:06:16+00:00\",\"dateModified\":\"2025-09-05T05:42:09+00:00\",\"author\":{\"@id\":\"https:\\\/\\\/regbu.com\\\/en\\\/#\\\/schema\\\/person\\\/94ea9deda2629771b8a9ced002f6784e\"},\"description\":\"V\u00edte, co v\u0161echno obn\u00e1\u0161\u00ed dovolen\u00e1 na kole z pohledu nezbytn\u00e9ho vybaven\u00ed? Prozrad\u00edme V\u00e1m, co si vz\u00edt s sebou.\",\"breadcrumb\":{\"@id\":\"https:\\\/\\\/regbu.com\\\/hu\\\/unnepek-az-iskolaban-mit-nem-felejtsen-el\\\/#breadcrumb\"},\"inLanguage\":\"hu\",\"potentialAction\":[{\"@type\":\"ReadAction\",\"target\":[\"https:\\\/\\\/regbu.com\\\/hu\\\/unnepek-az-iskolaban-mit-nem-felejtsen-el\\\/\"]}]},{\"@type\":\"ImageObject\",\"inLanguage\":\"hu\",\"@id\":\"https:\\\/\\\/regbu.com\\\/hu\\\/unnepek-az-iskolaban-mit-nem-felejtsen-el\\\/#primaryimage\",\"url\":\"https:\\\/\\\/regbu.com\\\/wp-content\\\/uploads\\\/2023\\\/06\\\/dovolena-na-kole-na-co-nezapomenout.jpg\",\"contentUrl\":\"https:\\\/\\\/regbu.com\\\/wp-content\\\/uploads\\\/2023\\\/06\\\/dovolena-na-kole-na-co-nezapomenout.jpg\",\"width\":1200,\"height\":675,\"caption\":\"Dovolen\u00e1 na kole \u2013 Na co nezapomenout?\"},{\"@type\":\"BreadcrumbList\",\"@id\":\"https:\\\/\\\/regbu.com\\\/hu\\\/unnepek-az-iskolaban-mit-nem-felejtsen-el\\\/#breadcrumb\",\"itemListElement\":[{\"@type\":\"ListItem\",\"position\":1,\"name\":\"Home\",\"item\":\"https:\\\/\\\/regbu.com\\\/en\\\/\"},{\"@type\":\"ListItem\",\"position\":2,\"name\":\"Dovolen\u00e1 na kole \u2013 Na co nezapomenout?\"}]},{\"@type\":\"WebSite\",\"@id\":\"https:\\\/\\\/regbu.com\\\/en\\\/#website\",\"url\":\"https:\\\/\\\/regbu.com\\\/en\\\/\",\"name\":\"REGBU.COM\",\"description\":\"\",\"potentialAction\":[{\"@type\":\"SearchAction\",\"target\":{\"@type\":\"EntryPoint\",\"urlTemplate\":\"https:\\\/\\\/regbu.com\\\/en\\\/?s={search_term_string}\"},\"query-input\":{\"@type\":\"PropertyValueSpecification\",\"valueRequired\":true,\"valueName\":\"search_term_string\"}}],\"inLanguage\":\"hu\"},{\"@type\":\"Person\",\"@id\":\"https:\\\/\\\/regbu.com\\\/en\\\/#\\\/schema\\\/person\\\/94ea9deda2629771b8a9ced002f6784e\",\"name\":\"George Martin\",\"url\":\"https:\\\/\\\/regbu.com\\\/hu\\\/author\\\/george-martin\\\/\"}]}<\/script>\n<!-- \/ Yoast SEO plugin. -->","yoast_head_json":{"title":"Ker\u00e9kp\u00e1ros nyaral\u00e1s - Mit ne felejtsen el? - REGBU.COM","description":"Tudja, hogy egy ker\u00e9kp\u00e1ros nyaral\u00e1s milyen alapvet\u0151 felszerel\u00e9seket ig\u00e9nyel? Elmondjuk, hogy mit vigyen mag\u00e1val.","robots":{"index":"index","follow":"follow","max-snippet":"max-snippet:-1","max-image-preview":"max-image-preview:large","max-video-preview":"max-video-preview:-1"},"canonical":"https:\/\/regbu.com\/hu\/unnepek-az-iskolaban-mit-nem-felejtsen-el\/","og_locale":"hu_HU","og_type":"article","og_title":"Dovolen\u00e1 na kole \u2013 Na co nezapomenout? - REGBU.COM","og_description":"V\u00edte, co v\u0161echno obn\u00e1\u0161\u00ed dovolen\u00e1 na kole z pohledu nezbytn\u00e9ho vybaven\u00ed? Prozrad\u00edme V\u00e1m, co si vz\u00edt s sebou.","og_url":"https:\/\/regbu.com\/hu\/unnepek-az-iskolaban-mit-nem-felejtsen-el\/","og_site_name":"REGBU.COM","article_published_time":"2023-06-21T14:06:16+00:00","article_modified_time":"2025-09-05T05:42:09+00:00","og_image":[{"width":1200,"height":675,"url":"https:\/\/regbu.com\/wp-content\/uploads\/2023\/06\/dovolena-na-kole-na-co-nezapomenout.jpg","type":"image\/jpeg"}],"author":"George Martin","twitter_card":"summary_large_image","twitter_misc":{"Szerz\u0151:":"George Martin","Becs\u00fclt olvas\u00e1si id\u0151":"2 perc"},"schema":{"@context":"https:\/\/schema.org","@graph":[{"@type":"Article","@id":"https:\/\/regbu.com\/hu\/unnepek-az-iskolaban-mit-nem-felejtsen-el\/#article","isPartOf":{"@id":"https:\/\/regbu.com\/hu\/unnepek-az-iskolaban-mit-nem-felejtsen-el\/"},"author":{"name":"George Martin","@id":"https:\/\/regbu.com\/en\/#\/schema\/person\/94ea9deda2629771b8a9ced002f6784e"},"headline":"Dovolen\u00e1 na kole \u2013 Na co nezapomenout?","datePublished":"2023-06-21T14:06:16+00:00","dateModified":"2025-09-05T05:42:09+00:00","mainEntityOfPage":{"@id":"https:\/\/regbu.com\/hu\/unnepek-az-iskolaban-mit-nem-felejtsen-el\/"},"wordCount":456,"image":{"@id":"https:\/\/regbu.com\/hu\/unnepek-az-iskolaban-mit-nem-felejtsen-el\/#primaryimage"},"thumbnailUrl":"https:\/\/regbu.com\/wp-content\/uploads\/2023\/06\/dovolena-na-kole-na-co-nezapomenout.jpg","keywords":["boty","bra\u0161ny","dovolen\u00e1","dovolen\u00e1 na kole","du\u0161e","helma","kolo","l\u00e1hev","lepen\u00ed","oble\u010den\u00ed","pumpi\u010dka","vybaven\u00ed"],"articleSection":["Cestov\u00e1n\u00ed"],"inLanguage":"hu"},{"@type":"WebPage","@id":"https:\/\/regbu.com\/hu\/unnepek-az-iskolaban-mit-nem-felejtsen-el\/","url":"https:\/\/regbu.com\/hu\/unnepek-az-iskolaban-mit-nem-felejtsen-el\/","name":"Ker\u00e9kp\u00e1ros nyaral\u00e1s - Mit ne felejtsen el? - REGBU.COM","isPartOf":{"@id":"https:\/\/regbu.com\/en\/#website"},"primaryImageOfPage":{"@id":"https:\/\/regbu.com\/hu\/unnepek-az-iskolaban-mit-nem-felejtsen-el\/#primaryimage"},"image":{"@id":"https:\/\/regbu.com\/hu\/unnepek-az-iskolaban-mit-nem-felejtsen-el\/#primaryimage"},"thumbnailUrl":"https:\/\/regbu.com\/wp-content\/uploads\/2023\/06\/dovolena-na-kole-na-co-nezapomenout.jpg","datePublished":"2023-06-21T14:06:16+00:00","dateModified":"2025-09-05T05:42:09+00:00","author":{"@id":"https:\/\/regbu.com\/en\/#\/schema\/person\/94ea9deda2629771b8a9ced002f6784e"},"description":"Tudja, hogy egy ker\u00e9kp\u00e1ros nyaral\u00e1s milyen alapvet\u0151 felszerel\u00e9seket ig\u00e9nyel? Elmondjuk, hogy mit vigyen mag\u00e1val.","breadcrumb":{"@id":"https:\/\/regbu.com\/hu\/unnepek-az-iskolaban-mit-nem-felejtsen-el\/#breadcrumb"},"inLanguage":"hu","potentialAction":[{"@type":"ReadAction","target":["https:\/\/regbu.com\/hu\/unnepek-az-iskolaban-mit-nem-felejtsen-el\/"]}]},{"@type":"ImageObject","inLanguage":"hu","@id":"https:\/\/regbu.com\/hu\/unnepek-az-iskolaban-mit-nem-felejtsen-el\/#primaryimage","url":"https:\/\/regbu.com\/wp-content\/uploads\/2023\/06\/dovolena-na-kole-na-co-nezapomenout.jpg","contentUrl":"https:\/\/regbu.com\/wp-content\/uploads\/2023\/06\/dovolena-na-kole-na-co-nezapomenout.jpg","width":1200,"height":675,"caption":"Dovolen\u00e1 na kole \u2013 Na co nezapomenout?"},{"@type":"BreadcrumbList","@id":"https:\/\/regbu.com\/hu\/unnepek-az-iskolaban-mit-nem-felejtsen-el\/#breadcrumb","itemListElement":[{"@type":"ListItem","position":1,"name":"Home","item":"https:\/\/regbu.com\/en\/"},{"@type":"ListItem","position":2,"name":"Dovolen\u00e1 na kole \u2013 Na co nezapomenout?"}]},{"@type":"WebSite","@id":"https:\/\/regbu.com\/en\/#website","url":"https:\/\/regbu.com\/en\/","name":"REGBU.COM","description":"","potentialAction":[{"@type":"SearchAction","target":{"@type":"EntryPoint","urlTemplate":"https:\/\/regbu.com\/en\/?s={search_term_string}"},"query-input":{"@type":"PropertyValueSpecification","valueRequired":true,"valueName":"search_term_string"}}],"inLanguage":"hu"},{"@type":"Person","@id":"https:\/\/regbu.com\/en\/#\/schema\/person\/94ea9deda2629771b8a9ced002f6784e","name":"George Martin","url":"https:\/\/regbu.com\/hu\/author\/george-martin\/"}]}},"_links":{"self":[{"href":"https:\/\/regbu.com\/hu\/wp-json\/wp\/v2\/posts\/941","targetHints":{"allow":["GET"]}}],"collection":[{"href":"https:\/\/regbu.com\/hu\/wp-json\/wp\/v2\/posts"}],"about":[{"href":"https:\/\/regbu.com\/hu\/wp-json\/wp\/v2\/types\/post"}],"author":[{"embeddable":true,"href":"https:\/\/regbu.com\/hu\/wp-json\/wp\/v2\/users\/2"}],"replies":[{"embeddable":true,"href":"https:\/\/regbu.com\/hu\/wp-json\/wp\/v2\/comments?post=941"}],"version-history":[{"count":2,"href":"https:\/\/regbu.com\/hu\/wp-json\/wp\/v2\/posts\/941\/revisions"}],"predecessor-version":[{"id":960,"href":"https:\/\/regbu.com\/hu\/wp-json\/wp\/v2\/posts\/941\/revisions\/960"}],"wp:featuredmedia":[{"embeddable":true,"href":"https:\/\/regbu.com\/hu\/wp-json\/wp\/v2\/media\/942"}],"wp:attachment":[{"href":"https:\/\/regbu.com\/hu\/wp-json\/wp\/v2\/media?parent=941"}],"wp:term":[{"taxonomy":"category","embeddable":true,"href":"https:\/\/regbu.com\/hu\/wp-json\/wp\/v2\/categories?post=941"},{"taxonomy":"post_tag","embeddable":true,"href":"https:\/\/regbu.com\/hu\/wp-json\/wp\/v2\/tags?post=941"}],"curies":[{"name":"wp","href":"https:\/\/api.w.org\/{rel}","templated":true}]}}