{"id":867,"date":"2023-06-19T18:34:24","date_gmt":"2023-06-19T16:34:24","guid":{"rendered":"https:\/\/regbu.com\/?p=867"},"modified":"2025-09-05T07:42:13","modified_gmt":"2025-09-05T05:42:13","slug":"typy-spodniho-pradla-znate-je-vsechny","status":"publish","type":"post","link":"https:\/\/regbu.com\/hu\/alsonemu-tipusok-tudod-mindent\/","title":{"rendered":"Als\u00f3nem\u0171 t\u00edpusok. Ismeri az \u00f6sszeset?"},"content":{"rendered":"<p>Az als\u00f3nem\u0171 t\u00edpusok hossz\u00fa, hossz\u00fa \u00e9vtizedek \u00f3ta fejl\u0151dnek. Sokan k\u00f6z\u00fcl\u00fck egy\u00e9bk\u00e9nt a n\u0151knek is el\u0151seg\u00edtett\u00e9k a <strong><a href=\"https:\/\/regbu.com\/hu\/divat-ikonok-amelyek-soha-nem-feledkeznek-meg\/\">divatikonok<\/a><\/strong>. Maga a t\u00f6rt\u00e9nelem a k\u00f6z\u00e9pkorig ny\u00falik vissza, amikor az \u00e1gy\u00e9kk\u00f6t\u0151t haszn\u00e1lt\u00e1k. Az\u00f3ta azonban el\u00e9g sok id\u0151 telt el. Ma a f\u00e9rfiak \u00e9s a n\u0151k teljesen m\u00e1s als\u00f3nem\u0171t viselnek, amit a k\u00f6vetkez\u0151 sorokban r\u00e9szletesebben is bemutatunk.<\/p>\n\n\n\n<h2 class=\"wp-block-heading\">Als\u00f3nem\u0171 t\u00edpusok a fels\u0151 r\u00e9szhez<\/h2>\n\n\n\n<p>Ha a fels\u0151testhez kapcsol\u00f3d\u00f3 feh\u00e9rnem\u0171kr\u0151l besz\u00e9l\u00fcnk, a melltart\u00f3kat mindenk\u00e9ppen meg kell eml\u00edteni. Ezeken k\u00edv\u00fcl term\u00e9szetesen egy\u00e9b <em>a mosoda t\u00edpusai<\/em>. Tipikus p\u00e9lda erre egy tank top. Ennek alternat\u00edv\u00e1ja a tank top. Ez szint\u00e9n sz\u0171k szab\u00e1s\u00fa, de nincs ujja, \u00edgy ny\u00e1rra alkalmas.<\/p>\n\n\n\n<figure class=\"wp-block-table\"><table><tbody><tr><td><strong>Feh\u00e9rnem\u0171 t\u00edpusa<\/strong><\/td><td><strong>Inform\u00e1ci\u00f3<\/strong><\/td><\/tr><tr><td>Ing<\/td><td>Laza p\u00e1ntos feh\u00e9rnem\u0171<\/td><\/tr><tr><td>Overal<\/td><td>Als\u00f3ruh\u00e1zat ujjakkal \u00e9s nadr\u00e1ggal<\/td><\/tr><tr><td>Test<\/td><td>Szorosan illeszked\u0151 n\u0151i als\u00f3nem\u0171<\/td><\/tr><tr><td>Kombin\u00e1lja a<\/td><td>Az als\u00f3szoknya \u00e9s a f\u0171z\u0151 kombin\u00e1ci\u00f3ja<\/td><\/tr><\/tbody><\/table><figcaption class=\"wp-element-caption\">N\u00e9pszer\u0171 n\u0151i als\u00f3nem\u0171 t\u00edpusok.<\/figcaption><\/figure>\n\n\n\n<p>Az als\u00f3nem\u0171 t\u00edpusok k\u00f6z\u00e9 term\u00e9szetesen olyanok is tartozhatnak, amelyek az emberi test legals\u00f3 r\u00e9sz\u00e9t takarj\u00e1k. Ebben az esetben eml\u00edthetj\u00fck a klasszikus zoknit, a n\u0151i harisny\u00e1t vagy a v\u00e1dlit fed\u0151 magasabb zoknit.<\/p>\n\n\n\n<h3 class=\"wp-block-heading\">Als\u00f3nem\u0171 az als\u00f3test sz\u00e1m\u00e1ra<\/h3>\n\n\n\n<p>A legh\u00edresebb feh\u00e9rnem\u0171 t\u00edpusok k\u00f6z\u00e9 tartozik <strong>n\u0151i bugyi<\/strong> \u00e9s m\u00e1sok. Az als\u00f3 r\u00e9sz vagy a l\u00e1bak \u00f6lt\u00f6ztet\u00e9se a f\u0171z\u0151h\u00f6z, a harisnyatart\u00f3khoz \u00e9s az als\u00f3szokny\u00e1khoz kapcsol\u00f3dik. Ez ut\u00f3bbi a szokny\u00e1ra eml\u00e9keztet\u0151, laza als\u00f3nem\u0171 form\u00e1j\u00e1t \u00f6lti. A n\u0151i als\u00f3nem\u0171h\u00f6z nagyon gyakran kapcsol\u00f3dik a harisnya, amely alul z\u00e1rt \u00e9s lyukak n\u00e9lk\u00fcli. Az als\u00f3nem\u0171k e kateg\u00f3ri\u00e1j\u00e1ba tartoznak a l\u00e1bsz\u00e1rv\u00e9d\u0151k is.<\/p>\n\n\n\n<h3 class=\"wp-block-heading\">F\u00e9rfi als\u00f3nem\u0171<\/h3>\n\n\n\n<p>Nem szabad megfeledkezn\u00fcnk a f\u00e9rfi feh\u00e9rnem\u0171kr\u0151l sem. Az als\u00f3nem\u0171knek is t\u00f6bbf\u00e9le t\u00edpusa l\u00e9tezik. A legismertebbek \u00e9s legn\u00e9pszer\u0171bbek tal\u00e1n a sz\u0171k, l\u00e1b n\u00e9lk\u00fcli als\u00f3nadr\u00e1gok. Ennek ellent\u00e9te a boxerals\u00f3. Ha a f\u00e9rfiak a laz\u00e1bb als\u00f3nem\u0171ket kedvelik, akkor egy\u00e9rtelm\u0171en a r\u00f6vidnadr\u00e1gok vezetnek. Ezt a fajta als\u00f3nem\u0171t els\u0151sorban a fen\u00e9k ter\u00fclet\u00e9re tervezt\u00e9k.<\/p>\n\n\n\n<p>A f\u00e9rfi als\u00f3nem\u0171k eset\u00e9ben is van alternat\u00edva l\u00e1bsz\u00e1rv\u00e9d\u0151 \u00e9s harisnyanadr\u00e1g form\u00e1j\u00e1ban. Ezeket az als\u00f3nadr\u00e1gokat gyakran J\u00e4ger als\u00f3nem\u0171k\u00e9nt vagy <strong>j\u00e9grovky<\/strong>. Jellemz\u0151 r\u00e1juk a szorosan illeszked\u0151 \u00fcl\u00e9s \u00e9s a hossz\u00fa l\u00e1bak.<\/p>","protected":false},"excerpt":{"rendered":"<p>Az als\u00f3nem\u0171 t\u00edpusok hossz\u00fa, hossz\u00fa \u00e9vtizedek \u00f3ta fejl\u0151dnek. Sokukat egy\u00e9bk\u00e9nt n\u0151i divatikonok n\u00e9pszer\u0171s\u00edtett\u00e9k. Maga a t\u00f6rt\u00e9nelem eg\u00e9szen a k\u00f6z\u00e9pkorig ny\u00falik vissza, amikor az \u00e1gy\u00e9kk\u00f6t\u0151t haszn\u00e1lt\u00e1k. Az\u00f3ta azonban el\u00e9g sok id\u0151 telt el. A f\u00e9rfiak \u00e9s a n\u0151k ma m\u00e1r teljesen m\u00e1s als\u00f3nem\u0171t viselnek, amit az al\u00e1bbi sorok r\u00e9szletesebben is bemutatnak ... <\/p>","protected":false},"author":2,"featured_media":870,"comment_status":"closed","ping_status":"closed","sticky":false,"template":"","format":"standard","meta":{"footnotes":""},"categories":[671],"tags":[764,768,762,763,765,761,766,760,767,759],"class_list":["post-867","post","type-post","status-publish","format-standard","has-post-thumbnail","hentry","category-moda","tag-body","tag-kombine","tag-kosilka","tag-overal","tag-podprsenka","tag-pradlo","tag-slipy","tag-spodni-pradlo","tag-trenyrky","tag-typy-spodniho-pradla"],"yoast_head":"<!-- This site is optimized with the Yoast SEO plugin v27.5 - https:\/\/yoast.com\/product\/yoast-seo-wordpress\/ -->\n<title>Typy spodn\u00edho pr\u00e1dla. Zn\u00e1te je v\u0161echny? - REGBU.COM<\/title>\n<meta name=\"description\" content=\"Zn\u00e1te nejpou\u017e\u00edvan\u011bj\u0161\u00ed i m\u00e9n\u011b pou\u017e\u00edvan\u00e9 typy spodn\u00edho pr\u00e1dla? Prozrad\u00edme V\u00e1m, jak\u00e9 kousky to jsou, jak pro \u017eeny, tak pro mu\u017ee.\" \/>\n<meta name=\"robots\" content=\"index, follow, max-snippet:-1, max-image-preview:large, max-video-preview:-1\" \/>\n<link rel=\"canonical\" href=\"https:\/\/regbu.com\/hu\/alsonemu-tipusok-tudod-mindent\/\" \/>\n<meta property=\"og:locale\" content=\"hu_HU\" \/>\n<meta property=\"og:type\" content=\"article\" \/>\n<meta property=\"og:title\" content=\"Typy spodn\u00edho pr\u00e1dla. Zn\u00e1te je v\u0161echny? - REGBU.COM\" \/>\n<meta property=\"og:description\" content=\"Zn\u00e1te nejpou\u017e\u00edvan\u011bj\u0161\u00ed i m\u00e9n\u011b pou\u017e\u00edvan\u00e9 typy spodn\u00edho pr\u00e1dla? Prozrad\u00edme V\u00e1m, jak\u00e9 kousky to jsou, jak pro \u017eeny, tak pro mu\u017ee.\" \/>\n<meta property=\"og:url\" content=\"https:\/\/regbu.com\/hu\/alsonemu-tipusok-tudod-mindent\/\" \/>\n<meta property=\"og:site_name\" content=\"REGBU.COM\" \/>\n<meta property=\"article:published_time\" content=\"2023-06-19T16:34:24+00:00\" \/>\n<meta property=\"article:modified_time\" content=\"2025-09-05T05:42:13+00:00\" \/>\n<meta property=\"og:image\" content=\"https:\/\/regbu.com\/wp-content\/uploads\/2023\/06\/typy-spodniho-pradla-znate-je-vsechny.jpg\" \/>\n\t<meta property=\"og:image:width\" content=\"1200\" \/>\n\t<meta property=\"og:image:height\" content=\"678\" \/>\n\t<meta property=\"og:image:type\" content=\"image\/jpeg\" \/>\n<meta name=\"author\" content=\"George Martin\" \/>\n<meta name=\"twitter:card\" content=\"summary_large_image\" \/>\n<meta name=\"twitter:label1\" content=\"Szerz\u0151:\" \/>\n\t<meta name=\"twitter:data1\" content=\"George Martin\" \/>\n\t<meta name=\"twitter:label2\" content=\"Becs\u00fclt olvas\u00e1si id\u0151\" \/>\n\t<meta name=\"twitter:data2\" content=\"2 perc\" \/>\n<script type=\"application\/ld+json\" class=\"yoast-schema-graph\">{\"@context\":\"https:\\\/\\\/schema.org\",\"@graph\":[{\"@type\":\"Article\",\"@id\":\"https:\\\/\\\/regbu.com\\\/hu\\\/alsonemu-tipusok-tudod-mindent\\\/#article\",\"isPartOf\":{\"@id\":\"https:\\\/\\\/regbu.com\\\/hu\\\/alsonemu-tipusok-tudod-mindent\\\/\"},\"author\":{\"name\":\"George Martin\",\"@id\":\"https:\\\/\\\/regbu.com\\\/en\\\/#\\\/schema\\\/person\\\/94ea9deda2629771b8a9ced002f6784e\"},\"headline\":\"Typy spodn\u00edho pr\u00e1dla. Zn\u00e1te je v\u0161echny?\",\"datePublished\":\"2023-06-19T16:34:24+00:00\",\"dateModified\":\"2025-09-05T05:42:13+00:00\",\"mainEntityOfPage\":{\"@id\":\"https:\\\/\\\/regbu.com\\\/hu\\\/alsonemu-tipusok-tudod-mindent\\\/\"},\"wordCount\":485,\"image\":{\"@id\":\"https:\\\/\\\/regbu.com\\\/hu\\\/alsonemu-tipusok-tudod-mindent\\\/#primaryimage\"},\"thumbnailUrl\":\"https:\\\/\\\/regbu.com\\\/wp-content\\\/uploads\\\/2023\\\/06\\\/typy-spodniho-pradla-znate-je-vsechny.jpg\",\"keywords\":[\"Body\",\"kombin\u00e9\",\"Ko\u0161ilka\",\"Overal\",\"podprsenka\",\"pr\u00e1dlo\",\"slipy\",\"spodn\u00ed pr\u00e1dlo\",\"tren\u00fdrky\",\"typy spodn\u00edho pr\u00e1dla\"],\"articleSection\":[\"M\u00f3da\"],\"inLanguage\":\"hu\"},{\"@type\":\"WebPage\",\"@id\":\"https:\\\/\\\/regbu.com\\\/hu\\\/alsonemu-tipusok-tudod-mindent\\\/\",\"url\":\"https:\\\/\\\/regbu.com\\\/hu\\\/alsonemu-tipusok-tudod-mindent\\\/\",\"name\":\"Typy spodn\u00edho pr\u00e1dla. Zn\u00e1te je v\u0161echny? - REGBU.COM\",\"isPartOf\":{\"@id\":\"https:\\\/\\\/regbu.com\\\/en\\\/#website\"},\"primaryImageOfPage\":{\"@id\":\"https:\\\/\\\/regbu.com\\\/hu\\\/alsonemu-tipusok-tudod-mindent\\\/#primaryimage\"},\"image\":{\"@id\":\"https:\\\/\\\/regbu.com\\\/hu\\\/alsonemu-tipusok-tudod-mindent\\\/#primaryimage\"},\"thumbnailUrl\":\"https:\\\/\\\/regbu.com\\\/wp-content\\\/uploads\\\/2023\\\/06\\\/typy-spodniho-pradla-znate-je-vsechny.jpg\",\"datePublished\":\"2023-06-19T16:34:24+00:00\",\"dateModified\":\"2025-09-05T05:42:13+00:00\",\"author\":{\"@id\":\"https:\\\/\\\/regbu.com\\\/en\\\/#\\\/schema\\\/person\\\/94ea9deda2629771b8a9ced002f6784e\"},\"description\":\"Zn\u00e1te nejpou\u017e\u00edvan\u011bj\u0161\u00ed i m\u00e9n\u011b pou\u017e\u00edvan\u00e9 typy spodn\u00edho pr\u00e1dla? Prozrad\u00edme V\u00e1m, jak\u00e9 kousky to jsou, jak pro \u017eeny, tak pro mu\u017ee.\",\"breadcrumb\":{\"@id\":\"https:\\\/\\\/regbu.com\\\/hu\\\/alsonemu-tipusok-tudod-mindent\\\/#breadcrumb\"},\"inLanguage\":\"hu\",\"potentialAction\":[{\"@type\":\"ReadAction\",\"target\":[\"https:\\\/\\\/regbu.com\\\/hu\\\/alsonemu-tipusok-tudod-mindent\\\/\"]}]},{\"@type\":\"ImageObject\",\"inLanguage\":\"hu\",\"@id\":\"https:\\\/\\\/regbu.com\\\/hu\\\/alsonemu-tipusok-tudod-mindent\\\/#primaryimage\",\"url\":\"https:\\\/\\\/regbu.com\\\/wp-content\\\/uploads\\\/2023\\\/06\\\/typy-spodniho-pradla-znate-je-vsechny.jpg\",\"contentUrl\":\"https:\\\/\\\/regbu.com\\\/wp-content\\\/uploads\\\/2023\\\/06\\\/typy-spodniho-pradla-znate-je-vsechny.jpg\",\"width\":1200,\"height\":678,\"caption\":\"Typy spodn\u00edho pr\u00e1dla. Zn\u00e1te je v\u0161echny?\"},{\"@type\":\"BreadcrumbList\",\"@id\":\"https:\\\/\\\/regbu.com\\\/hu\\\/alsonemu-tipusok-tudod-mindent\\\/#breadcrumb\",\"itemListElement\":[{\"@type\":\"ListItem\",\"position\":1,\"name\":\"Home\",\"item\":\"https:\\\/\\\/regbu.com\\\/en\\\/\"},{\"@type\":\"ListItem\",\"position\":2,\"name\":\"Typy spodn\u00edho pr\u00e1dla. Zn\u00e1te je v\u0161echny?\"}]},{\"@type\":\"WebSite\",\"@id\":\"https:\\\/\\\/regbu.com\\\/en\\\/#website\",\"url\":\"https:\\\/\\\/regbu.com\\\/en\\\/\",\"name\":\"REGBU.COM\",\"description\":\"\",\"potentialAction\":[{\"@type\":\"SearchAction\",\"target\":{\"@type\":\"EntryPoint\",\"urlTemplate\":\"https:\\\/\\\/regbu.com\\\/en\\\/?s={search_term_string}\"},\"query-input\":{\"@type\":\"PropertyValueSpecification\",\"valueRequired\":true,\"valueName\":\"search_term_string\"}}],\"inLanguage\":\"hu\"},{\"@type\":\"Person\",\"@id\":\"https:\\\/\\\/regbu.com\\\/en\\\/#\\\/schema\\\/person\\\/94ea9deda2629771b8a9ced002f6784e\",\"name\":\"George Martin\",\"url\":\"https:\\\/\\\/regbu.com\\\/hu\\\/author\\\/george-martin\\\/\"}]}<\/script>\n<!-- \/ Yoast SEO plugin. -->","yoast_head_json":{"title":"Als\u00f3nem\u0171 t\u00edpusok. Ismeri az \u00f6sszeset? - REGBU.COM","description":"Ismeri a leggyakrabban haszn\u00e1lt \u00e9s a kev\u00e9sb\u00e9 haszn\u00e1lt als\u00f3nem\u0171 t\u00edpusokat? Elmondjuk, melyek ezek a darabok, n\u0151k \u00e9s f\u00e9rfiak sz\u00e1m\u00e1ra egyar\u00e1nt.","robots":{"index":"index","follow":"follow","max-snippet":"max-snippet:-1","max-image-preview":"max-image-preview:large","max-video-preview":"max-video-preview:-1"},"canonical":"https:\/\/regbu.com\/hu\/alsonemu-tipusok-tudod-mindent\/","og_locale":"hu_HU","og_type":"article","og_title":"Typy spodn\u00edho pr\u00e1dla. Zn\u00e1te je v\u0161echny? - REGBU.COM","og_description":"Zn\u00e1te nejpou\u017e\u00edvan\u011bj\u0161\u00ed i m\u00e9n\u011b pou\u017e\u00edvan\u00e9 typy spodn\u00edho pr\u00e1dla? Prozrad\u00edme V\u00e1m, jak\u00e9 kousky to jsou, jak pro \u017eeny, tak pro mu\u017ee.","og_url":"https:\/\/regbu.com\/hu\/alsonemu-tipusok-tudod-mindent\/","og_site_name":"REGBU.COM","article_published_time":"2023-06-19T16:34:24+00:00","article_modified_time":"2025-09-05T05:42:13+00:00","og_image":[{"width":1200,"height":678,"url":"https:\/\/regbu.com\/wp-content\/uploads\/2023\/06\/typy-spodniho-pradla-znate-je-vsechny.jpg","type":"image\/jpeg"}],"author":"George Martin","twitter_card":"summary_large_image","twitter_misc":{"Szerz\u0151:":"George Martin","Becs\u00fclt olvas\u00e1si id\u0151":"2 perc"},"schema":{"@context":"https:\/\/schema.org","@graph":[{"@type":"Article","@id":"https:\/\/regbu.com\/hu\/alsonemu-tipusok-tudod-mindent\/#article","isPartOf":{"@id":"https:\/\/regbu.com\/hu\/alsonemu-tipusok-tudod-mindent\/"},"author":{"name":"George Martin","@id":"https:\/\/regbu.com\/en\/#\/schema\/person\/94ea9deda2629771b8a9ced002f6784e"},"headline":"Typy spodn\u00edho pr\u00e1dla. Zn\u00e1te je v\u0161echny?","datePublished":"2023-06-19T16:34:24+00:00","dateModified":"2025-09-05T05:42:13+00:00","mainEntityOfPage":{"@id":"https:\/\/regbu.com\/hu\/alsonemu-tipusok-tudod-mindent\/"},"wordCount":485,"image":{"@id":"https:\/\/regbu.com\/hu\/alsonemu-tipusok-tudod-mindent\/#primaryimage"},"thumbnailUrl":"https:\/\/regbu.com\/wp-content\/uploads\/2023\/06\/typy-spodniho-pradla-znate-je-vsechny.jpg","keywords":["Body","kombin\u00e9","Ko\u0161ilka","Overal","podprsenka","pr\u00e1dlo","slipy","spodn\u00ed pr\u00e1dlo","tren\u00fdrky","typy spodn\u00edho pr\u00e1dla"],"articleSection":["M\u00f3da"],"inLanguage":"hu"},{"@type":"WebPage","@id":"https:\/\/regbu.com\/hu\/alsonemu-tipusok-tudod-mindent\/","url":"https:\/\/regbu.com\/hu\/alsonemu-tipusok-tudod-mindent\/","name":"Als\u00f3nem\u0171 t\u00edpusok. Ismeri az \u00f6sszeset? - REGBU.COM","isPartOf":{"@id":"https:\/\/regbu.com\/en\/#website"},"primaryImageOfPage":{"@id":"https:\/\/regbu.com\/hu\/alsonemu-tipusok-tudod-mindent\/#primaryimage"},"image":{"@id":"https:\/\/regbu.com\/hu\/alsonemu-tipusok-tudod-mindent\/#primaryimage"},"thumbnailUrl":"https:\/\/regbu.com\/wp-content\/uploads\/2023\/06\/typy-spodniho-pradla-znate-je-vsechny.jpg","datePublished":"2023-06-19T16:34:24+00:00","dateModified":"2025-09-05T05:42:13+00:00","author":{"@id":"https:\/\/regbu.com\/en\/#\/schema\/person\/94ea9deda2629771b8a9ced002f6784e"},"description":"Ismeri a leggyakrabban haszn\u00e1lt \u00e9s a kev\u00e9sb\u00e9 haszn\u00e1lt als\u00f3nem\u0171 t\u00edpusokat? Elmondjuk, melyek ezek a darabok, n\u0151k \u00e9s f\u00e9rfiak sz\u00e1m\u00e1ra egyar\u00e1nt.","breadcrumb":{"@id":"https:\/\/regbu.com\/hu\/alsonemu-tipusok-tudod-mindent\/#breadcrumb"},"inLanguage":"hu","potentialAction":[{"@type":"ReadAction","target":["https:\/\/regbu.com\/hu\/alsonemu-tipusok-tudod-mindent\/"]}]},{"@type":"ImageObject","inLanguage":"hu","@id":"https:\/\/regbu.com\/hu\/alsonemu-tipusok-tudod-mindent\/#primaryimage","url":"https:\/\/regbu.com\/wp-content\/uploads\/2023\/06\/typy-spodniho-pradla-znate-je-vsechny.jpg","contentUrl":"https:\/\/regbu.com\/wp-content\/uploads\/2023\/06\/typy-spodniho-pradla-znate-je-vsechny.jpg","width":1200,"height":678,"caption":"Typy spodn\u00edho pr\u00e1dla. Zn\u00e1te je v\u0161echny?"},{"@type":"BreadcrumbList","@id":"https:\/\/regbu.com\/hu\/alsonemu-tipusok-tudod-mindent\/#breadcrumb","itemListElement":[{"@type":"ListItem","position":1,"name":"Home","item":"https:\/\/regbu.com\/en\/"},{"@type":"ListItem","position":2,"name":"Typy spodn\u00edho pr\u00e1dla. Zn\u00e1te je v\u0161echny?"}]},{"@type":"WebSite","@id":"https:\/\/regbu.com\/en\/#website","url":"https:\/\/regbu.com\/en\/","name":"REGBU.COM","description":"","potentialAction":[{"@type":"SearchAction","target":{"@type":"EntryPoint","urlTemplate":"https:\/\/regbu.com\/en\/?s={search_term_string}"},"query-input":{"@type":"PropertyValueSpecification","valueRequired":true,"valueName":"search_term_string"}}],"inLanguage":"hu"},{"@type":"Person","@id":"https:\/\/regbu.com\/en\/#\/schema\/person\/94ea9deda2629771b8a9ced002f6784e","name":"George Martin","url":"https:\/\/regbu.com\/hu\/author\/george-martin\/"}]}},"_links":{"self":[{"href":"https:\/\/regbu.com\/hu\/wp-json\/wp\/v2\/posts\/867","targetHints":{"allow":["GET"]}}],"collection":[{"href":"https:\/\/regbu.com\/hu\/wp-json\/wp\/v2\/posts"}],"about":[{"href":"https:\/\/regbu.com\/hu\/wp-json\/wp\/v2\/types\/post"}],"author":[{"embeddable":true,"href":"https:\/\/regbu.com\/hu\/wp-json\/wp\/v2\/users\/2"}],"replies":[{"embeddable":true,"href":"https:\/\/regbu.com\/hu\/wp-json\/wp\/v2\/comments?post=867"}],"version-history":[{"count":4,"href":"https:\/\/regbu.com\/hu\/wp-json\/wp\/v2\/posts\/867\/revisions"}],"predecessor-version":[{"id":1172,"href":"https:\/\/regbu.com\/hu\/wp-json\/wp\/v2\/posts\/867\/revisions\/1172"}],"wp:featuredmedia":[{"embeddable":true,"href":"https:\/\/regbu.com\/hu\/wp-json\/wp\/v2\/media\/870"}],"wp:attachment":[{"href":"https:\/\/regbu.com\/hu\/wp-json\/wp\/v2\/media?parent=867"}],"wp:term":[{"taxonomy":"category","embeddable":true,"href":"https:\/\/regbu.com\/hu\/wp-json\/wp\/v2\/categories?post=867"},{"taxonomy":"post_tag","embeddable":true,"href":"https:\/\/regbu.com\/hu\/wp-json\/wp\/v2\/tags?post=867"}],"curies":[{"name":"wp","href":"https:\/\/api.w.org\/{rel}","templated":true}]}}