{"id":864,"date":"2023-06-19T18:30:35","date_gmt":"2023-06-19T16:30:35","guid":{"rendered":"https:\/\/regbu.com\/?p=864"},"modified":"2025-09-05T07:42:15","modified_gmt":"2025-09-05T05:42:15","slug":"modni-ikony-na-ktere-se-nezapomina","status":"publish","type":"post","link":"https:\/\/regbu.com\/hu\/divat-ikonok-amelyek-soha-nem-feledkeznek-meg\/","title":{"rendered":"Divatikonok, akiket nem szabad elfelejteni"},"content":{"rendered":"<p>Divatikonok, \u00edgy h\u00edvj\u00e1k azokat a n\u0151ket, akik ruh\u00e1ikkal az eg\u00e9sz vil\u00e1gra hat\u00e1ssal vannak. B\u00e1rmi is volt ezeknek a h\u00f6lgyeknek <strong><a href=\"https:\/\/regbu.com\/hu\/uces-you-choose-by-character-type\/\">frizur\u00e1k<\/a><\/strong>, karakterek \u00e9s tulajdons\u00e1gok, a ruh\u00e1juk id\u0151t\u00e1ll\u00f3 volt, \u00e9s siker\u00fclt sok embert eltal\u00e1lni. Csatlakozzon hozz\u00e1nk, hogy megeml\u00e9kezz\u00fcnk azokr\u00f3l a h\u00edres n\u0151kr\u0151l, akik sokat adtak a divat eg\u00e9sz\u00e9nek.<\/p>\n\n\n\n<ul class=\"wp-block-list\">\n<li>Marlene Dietrich<\/li>\n\n\n\n<li>Audrey Hepburn<\/li>\n\n\n\n<li>Diana hercegn\u0151<\/li>\n<\/ul>\n\n\n\n<p>Ez csak egy kis maroknyi azok k\u00f6z\u00fcl, akik ki\u00e9rdemelt\u00e9k a divatikon c\u00edmk\u00e9t. A list\u00e1n joggal szerepelnek <strong>Coco Chanel<\/strong>. Nem f\u00e9lt att\u00f3l, hogy n\u00e9h\u00e1ny f\u00e9rfi kieg\u00e9sz\u00edt\u0151t is be\u00e9p\u00edtsen az \u00f6lt\u00f6z\u00e9k\u00e9be, ami nagyon szokatlan volt abban az id\u0151ben.<\/p>\n\n\n\n<h2 class=\"wp-block-heading\">Ismerje meg a vil\u00e1g divatikonjait<\/h2>\n\n\n\n<p>Ami a f\u00e9rfi \u00f6lt\u00f6zk\u00f6d\u00e9si elemeket illeti, Marlene Dietrich a maga idej\u00e9ben el\u0151\u00e1llt vel\u00fck. Lelkesen haszn\u00e1lta a nyakkend\u0151t, a kalapot \u00e9s a f\u00e9rfinadr\u00e1got. A divatikonok k\u00f6z\u00e9 tartozik m\u00e9g <em>Jacqueline Kennedy<\/em>ami viszont a nagy szem\u00fcveggel \u00e9s az ujjatlan ruh\u00e1kkal t\u00e1rsul. \u00c9s milyen m\u00e1s h\u00f6lgyek \u00e9rdemlik meg ezt a megnevez\u00e9st?<\/p>\n\n\n\n<figure class=\"wp-block-table\"><table><tbody><tr><td><strong>N\u00e9v<\/strong><\/td><td><strong>A<\/strong><\/td><\/tr><tr><td>Audrey Hepburn<\/td><td>Elegancia, balerin\u00e1k \u00e9s Capri nadr\u00e1gok<\/td><\/tr><tr><td>Grace Kelly<\/td><td>Szat\u00e9n \u00e9s r\u00f6vid pul\u00f3verek<\/td><\/tr><tr><td>Coco Chanel<\/td><td>Nautikai cs\u00edkok<\/td><\/tr><tr><td>Madonna<\/td><td>Szorosan illeszked\u0151 trik\u00f3k<\/td><\/tr><\/tbody><\/table><figcaption class=\"wp-element-caption\">A m\u00falt \u00e9s az elm\u00falt \u00e9vek legfontosabb divatikonjai.<\/figcaption><\/figure>\n\n\n\n<p>Diana hercegn\u0151 is a befoly\u00e1sos divatikonok k\u00f6z\u00e9 tartozik. Nemcsak viselked\u00e9s\u00e9vel, hanem \u00f6lt\u00f6zk\u00f6d\u00e9si st\u00edlus\u00e1val is megh\u00f3d\u00edtotta rajong\u00f3i sz\u00edv\u00e9t szerte a vil\u00e1gon. Legyen sz\u00f3 eredeti koszt\u00fcm\u00f6kr\u0151l vagy leny\u0171g\u00f6z\u0151 ruh\u00e1kr\u00f3l. B\u00e1r \u0151 nem volt tiszta divatikon, de bizony\u00edt\u00e9k volt arra, hogy egy kiss\u00e9 h\u00e9tk\u00f6znapi ember is k\u00e9pes befoly\u00e1solni a divatot sz\u00e1mos orsz\u00e1gban.<\/p>\n\n\n\n<h3 class=\"wp-block-heading\">Modern divatikonok<\/h3>\n\n\n\n<p>A t\u00f6rt\u00e9nelmi divatikonokt\u00f3l haladunk tov\u00e1bb azok fel\u00e9, akik az elm\u00falt \u00e9vekben n\u0151k t\u00f6megeit befoly\u00e1solt\u00e1k. A konkr\u00e9t divat k\u00e9pzeletbeli ikonjai k\u00f6z\u00e9 tartoznak Mary-Kate \u00e9s Ashley Olsen n\u0151v\u00e9rek. A boho-chic st\u00edlus viszont velej\u00e1r\u00f3ja. <strong>Kate Moss<\/strong>. A modell rockos elemekkel gazdag\u00edtotta ruhat\u00e1r\u00e1t, \u00e9s olyan kieg\u00e9sz\u00edt\u0151ket \u00e9p\u00edtett be, mint a kick-ass cip\u0151 \u00e9s m\u00e9g sok m\u00e1s. Mindez pedig vil\u00e1gszerte befoly\u00e1solta a n\u0151k \u00f6lt\u00f6zk\u00f6d\u00e9si st\u00edlus\u00e1t.<\/p>\n\n\n\n<p>V\u00e9g\u00fcl, nem tan\u00e1csos megfeledkezni m\u00e9g egy csipetnyi extravaganci\u00e1r\u00f3l sem. Egy divatikon sz\u00fclet\u00e9se <strong>Lady Gaga<\/strong>. Igazi sz\u00e9ls\u0151s\u00e9gekig tudott elmenni az \u00f6lt\u00f6zk\u00f6d\u00e9s\u00e9ben, ami legal\u00e1bbis felt\u0171n\u00e9st keltett, b\u00e1rhov\u00e1 ment.<\/p>","protected":false},"excerpt":{"rendered":"<p>Divatikonok, \u00edgy h\u00edvj\u00e1k azokat a n\u0151ket, akik ruh\u00e1ikkal az eg\u00e9sz vil\u00e1gra hat\u00e1ssal vannak. B\u00e1rmilyen frizur\u00e1juk, alakjuk \u00e9s von\u00e1saik voltak is, ezeknek a h\u00f6lgyeknek a ruh\u00e1i id\u0151t\u00e1ll\u00f3ak voltak, \u00e9s rengeteg emberhez eljutottak. Eml\u00e9kezz vel\u00fcnk egy\u00fctt azokra a h\u00edres n\u0151kre, akik sokat adtak a divat eg\u00e9sz\u00e9nek. Ezek csak egy kis maroknyi azok k\u00f6z\u00fcl ... <\/p>","protected":false},"author":2,"featured_media":865,"comment_status":"closed","ping_status":"closed","sticky":false,"template":"","format":"standard","meta":{"footnotes":""},"categories":[671],"tags":[753,755,754,750,752,757,756,751,749,758],"class_list":["post-864","post","type-post","status-publish","format-standard","has-post-thumbnail","hentry","category-moda","tag-audrey-hepburn","tag-coco-chanel","tag-grace-kelly","tag-ikona","tag-ikony","tag-kate-moss","tag-madonna","tag-modni-ikona","tag-modni-ikony","tag-princezna-diana"],"yoast_head":"<!-- This site is optimized with the Yoast SEO plugin v27.5 - https:\/\/yoast.com\/product\/yoast-seo-wordpress\/ -->\n<title>M\u00f3dn\u00ed ikony, na kter\u00e9 se nezapom\u00edn\u00e1 - REGBU.COM<\/title>\n<meta name=\"description\" content=\"Poznejte m\u00f3dn\u00ed ikony let minul\u00fdch, ale tak\u00e9 sou\u010dasn\u00fdch. Zjist\u011bte, kdo ovlivnil m\u00f3dn\u00ed styl ve zna\u010dn\u00e9 m\u00ed\u0159e a na hodn\u011b dlouho.\" \/>\n<meta name=\"robots\" content=\"index, follow, max-snippet:-1, max-image-preview:large, max-video-preview:-1\" \/>\n<link rel=\"canonical\" href=\"https:\/\/regbu.com\/hu\/divat-ikonok-amelyek-soha-nem-feledkeznek-meg\/\" \/>\n<meta property=\"og:locale\" content=\"hu_HU\" \/>\n<meta property=\"og:type\" content=\"article\" \/>\n<meta property=\"og:title\" content=\"M\u00f3dn\u00ed ikony, na kter\u00e9 se nezapom\u00edn\u00e1 - REGBU.COM\" \/>\n<meta property=\"og:description\" content=\"Poznejte m\u00f3dn\u00ed ikony let minul\u00fdch, ale tak\u00e9 sou\u010dasn\u00fdch. Zjist\u011bte, kdo ovlivnil m\u00f3dn\u00ed styl ve zna\u010dn\u00e9 m\u00ed\u0159e a na hodn\u011b dlouho.\" \/>\n<meta property=\"og:url\" content=\"https:\/\/regbu.com\/hu\/divat-ikonok-amelyek-soha-nem-feledkeznek-meg\/\" \/>\n<meta property=\"og:site_name\" content=\"REGBU.COM\" \/>\n<meta property=\"article:published_time\" content=\"2023-06-19T16:30:35+00:00\" \/>\n<meta property=\"article:modified_time\" content=\"2025-09-05T05:42:15+00:00\" \/>\n<meta property=\"og:image\" content=\"https:\/\/regbu.com\/wp-content\/uploads\/2023\/06\/modni-ikony-na-ktere-se-nezapomina.jpg\" \/>\n\t<meta property=\"og:image:width\" content=\"1200\" \/>\n\t<meta property=\"og:image:height\" content=\"678\" \/>\n\t<meta property=\"og:image:type\" content=\"image\/jpeg\" \/>\n<meta name=\"author\" content=\"George Martin\" \/>\n<meta name=\"twitter:card\" content=\"summary_large_image\" \/>\n<meta name=\"twitter:label1\" content=\"Szerz\u0151:\" \/>\n\t<meta name=\"twitter:data1\" content=\"George Martin\" \/>\n\t<meta name=\"twitter:label2\" content=\"Becs\u00fclt olvas\u00e1si id\u0151\" \/>\n\t<meta name=\"twitter:data2\" content=\"2 perc\" \/>\n<script type=\"application\/ld+json\" class=\"yoast-schema-graph\">{\"@context\":\"https:\\\/\\\/schema.org\",\"@graph\":[{\"@type\":\"Article\",\"@id\":\"https:\\\/\\\/regbu.com\\\/hu\\\/divat-ikonok-amelyek-soha-nem-feledkeznek-meg\\\/#article\",\"isPartOf\":{\"@id\":\"https:\\\/\\\/regbu.com\\\/hu\\\/divat-ikonok-amelyek-soha-nem-feledkeznek-meg\\\/\"},\"author\":{\"name\":\"George Martin\",\"@id\":\"https:\\\/\\\/regbu.com\\\/en\\\/#\\\/schema\\\/person\\\/94ea9deda2629771b8a9ced002f6784e\"},\"headline\":\"M\u00f3dn\u00ed ikony, na kter\u00e9 se nezapom\u00edn\u00e1\",\"datePublished\":\"2023-06-19T16:30:35+00:00\",\"dateModified\":\"2025-09-05T05:42:15+00:00\",\"mainEntityOfPage\":{\"@id\":\"https:\\\/\\\/regbu.com\\\/hu\\\/divat-ikonok-amelyek-soha-nem-feledkeznek-meg\\\/\"},\"wordCount\":467,\"image\":{\"@id\":\"https:\\\/\\\/regbu.com\\\/hu\\\/divat-ikonok-amelyek-soha-nem-feledkeznek-meg\\\/#primaryimage\"},\"thumbnailUrl\":\"https:\\\/\\\/regbu.com\\\/wp-content\\\/uploads\\\/2023\\\/06\\\/modni-ikony-na-ktere-se-nezapomina.jpg\",\"keywords\":[\"Audrey Hepburn\",\"Coco Chanel\",\"Grace Kelly\",\"ikona\",\"ikony\",\"Kate Moss\",\"Madonna\",\"m\u00f3dn\u00ed ikona\",\"m\u00f3dn\u00ed ikony\",\"princezna Diana\"],\"articleSection\":[\"M\u00f3da\"],\"inLanguage\":\"hu\"},{\"@type\":\"WebPage\",\"@id\":\"https:\\\/\\\/regbu.com\\\/hu\\\/divat-ikonok-amelyek-soha-nem-feledkeznek-meg\\\/\",\"url\":\"https:\\\/\\\/regbu.com\\\/hu\\\/divat-ikonok-amelyek-soha-nem-feledkeznek-meg\\\/\",\"name\":\"M\u00f3dn\u00ed ikony, na kter\u00e9 se nezapom\u00edn\u00e1 - REGBU.COM\",\"isPartOf\":{\"@id\":\"https:\\\/\\\/regbu.com\\\/en\\\/#website\"},\"primaryImageOfPage\":{\"@id\":\"https:\\\/\\\/regbu.com\\\/hu\\\/divat-ikonok-amelyek-soha-nem-feledkeznek-meg\\\/#primaryimage\"},\"image\":{\"@id\":\"https:\\\/\\\/regbu.com\\\/hu\\\/divat-ikonok-amelyek-soha-nem-feledkeznek-meg\\\/#primaryimage\"},\"thumbnailUrl\":\"https:\\\/\\\/regbu.com\\\/wp-content\\\/uploads\\\/2023\\\/06\\\/modni-ikony-na-ktere-se-nezapomina.jpg\",\"datePublished\":\"2023-06-19T16:30:35+00:00\",\"dateModified\":\"2025-09-05T05:42:15+00:00\",\"author\":{\"@id\":\"https:\\\/\\\/regbu.com\\\/en\\\/#\\\/schema\\\/person\\\/94ea9deda2629771b8a9ced002f6784e\"},\"description\":\"Poznejte m\u00f3dn\u00ed ikony let minul\u00fdch, ale tak\u00e9 sou\u010dasn\u00fdch. Zjist\u011bte, kdo ovlivnil m\u00f3dn\u00ed styl ve zna\u010dn\u00e9 m\u00ed\u0159e a na hodn\u011b dlouho.\",\"breadcrumb\":{\"@id\":\"https:\\\/\\\/regbu.com\\\/hu\\\/divat-ikonok-amelyek-soha-nem-feledkeznek-meg\\\/#breadcrumb\"},\"inLanguage\":\"hu\",\"potentialAction\":[{\"@type\":\"ReadAction\",\"target\":[\"https:\\\/\\\/regbu.com\\\/hu\\\/divat-ikonok-amelyek-soha-nem-feledkeznek-meg\\\/\"]}]},{\"@type\":\"ImageObject\",\"inLanguage\":\"hu\",\"@id\":\"https:\\\/\\\/regbu.com\\\/hu\\\/divat-ikonok-amelyek-soha-nem-feledkeznek-meg\\\/#primaryimage\",\"url\":\"https:\\\/\\\/regbu.com\\\/wp-content\\\/uploads\\\/2023\\\/06\\\/modni-ikony-na-ktere-se-nezapomina.jpg\",\"contentUrl\":\"https:\\\/\\\/regbu.com\\\/wp-content\\\/uploads\\\/2023\\\/06\\\/modni-ikony-na-ktere-se-nezapomina.jpg\",\"width\":1200,\"height\":678,\"caption\":\"M\u00f3dn\u00ed ikony, na kter\u00e9 se nezapom\u00edn\u00e1\"},{\"@type\":\"BreadcrumbList\",\"@id\":\"https:\\\/\\\/regbu.com\\\/hu\\\/divat-ikonok-amelyek-soha-nem-feledkeznek-meg\\\/#breadcrumb\",\"itemListElement\":[{\"@type\":\"ListItem\",\"position\":1,\"name\":\"Home\",\"item\":\"https:\\\/\\\/regbu.com\\\/en\\\/\"},{\"@type\":\"ListItem\",\"position\":2,\"name\":\"M\u00f3dn\u00ed ikony, na kter\u00e9 se nezapom\u00edn\u00e1\"}]},{\"@type\":\"WebSite\",\"@id\":\"https:\\\/\\\/regbu.com\\\/en\\\/#website\",\"url\":\"https:\\\/\\\/regbu.com\\\/en\\\/\",\"name\":\"REGBU.COM\",\"description\":\"\",\"potentialAction\":[{\"@type\":\"SearchAction\",\"target\":{\"@type\":\"EntryPoint\",\"urlTemplate\":\"https:\\\/\\\/regbu.com\\\/en\\\/?s={search_term_string}\"},\"query-input\":{\"@type\":\"PropertyValueSpecification\",\"valueRequired\":true,\"valueName\":\"search_term_string\"}}],\"inLanguage\":\"hu\"},{\"@type\":\"Person\",\"@id\":\"https:\\\/\\\/regbu.com\\\/en\\\/#\\\/schema\\\/person\\\/94ea9deda2629771b8a9ced002f6784e\",\"name\":\"George Martin\",\"url\":\"https:\\\/\\\/regbu.com\\\/hu\\\/author\\\/george-martin\\\/\"}]}<\/script>\n<!-- \/ Yoast SEO plugin. -->","yoast_head_json":{"title":"Divatikonok, akiket nem lehet elfelejteni - REGBU.COM","description":"Ismerje meg a m\u00falt, de a jelen divatikonjait is. Tudja meg, kik befoly\u00e1solt\u00e1k nagym\u00e9rt\u00e9kben \u00e9s hossz\u00fa ideig a divatst\u00edlust.","robots":{"index":"index","follow":"follow","max-snippet":"max-snippet:-1","max-image-preview":"max-image-preview:large","max-video-preview":"max-video-preview:-1"},"canonical":"https:\/\/regbu.com\/hu\/divat-ikonok-amelyek-soha-nem-feledkeznek-meg\/","og_locale":"hu_HU","og_type":"article","og_title":"M\u00f3dn\u00ed ikony, na kter\u00e9 se nezapom\u00edn\u00e1 - REGBU.COM","og_description":"Poznejte m\u00f3dn\u00ed ikony let minul\u00fdch, ale tak\u00e9 sou\u010dasn\u00fdch. Zjist\u011bte, kdo ovlivnil m\u00f3dn\u00ed styl ve zna\u010dn\u00e9 m\u00ed\u0159e a na hodn\u011b dlouho.","og_url":"https:\/\/regbu.com\/hu\/divat-ikonok-amelyek-soha-nem-feledkeznek-meg\/","og_site_name":"REGBU.COM","article_published_time":"2023-06-19T16:30:35+00:00","article_modified_time":"2025-09-05T05:42:15+00:00","og_image":[{"width":1200,"height":678,"url":"https:\/\/regbu.com\/wp-content\/uploads\/2023\/06\/modni-ikony-na-ktere-se-nezapomina.jpg","type":"image\/jpeg"}],"author":"George Martin","twitter_card":"summary_large_image","twitter_misc":{"Szerz\u0151:":"George Martin","Becs\u00fclt olvas\u00e1si id\u0151":"2 perc"},"schema":{"@context":"https:\/\/schema.org","@graph":[{"@type":"Article","@id":"https:\/\/regbu.com\/hu\/divat-ikonok-amelyek-soha-nem-feledkeznek-meg\/#article","isPartOf":{"@id":"https:\/\/regbu.com\/hu\/divat-ikonok-amelyek-soha-nem-feledkeznek-meg\/"},"author":{"name":"George Martin","@id":"https:\/\/regbu.com\/en\/#\/schema\/person\/94ea9deda2629771b8a9ced002f6784e"},"headline":"M\u00f3dn\u00ed ikony, na kter\u00e9 se nezapom\u00edn\u00e1","datePublished":"2023-06-19T16:30:35+00:00","dateModified":"2025-09-05T05:42:15+00:00","mainEntityOfPage":{"@id":"https:\/\/regbu.com\/hu\/divat-ikonok-amelyek-soha-nem-feledkeznek-meg\/"},"wordCount":467,"image":{"@id":"https:\/\/regbu.com\/hu\/divat-ikonok-amelyek-soha-nem-feledkeznek-meg\/#primaryimage"},"thumbnailUrl":"https:\/\/regbu.com\/wp-content\/uploads\/2023\/06\/modni-ikony-na-ktere-se-nezapomina.jpg","keywords":["Audrey Hepburn","Coco Chanel","Grace Kelly","ikona","ikony","Kate Moss","Madonna","m\u00f3dn\u00ed ikona","m\u00f3dn\u00ed ikony","princezna Diana"],"articleSection":["M\u00f3da"],"inLanguage":"hu"},{"@type":"WebPage","@id":"https:\/\/regbu.com\/hu\/divat-ikonok-amelyek-soha-nem-feledkeznek-meg\/","url":"https:\/\/regbu.com\/hu\/divat-ikonok-amelyek-soha-nem-feledkeznek-meg\/","name":"Divatikonok, akiket nem lehet elfelejteni - REGBU.COM","isPartOf":{"@id":"https:\/\/regbu.com\/en\/#website"},"primaryImageOfPage":{"@id":"https:\/\/regbu.com\/hu\/divat-ikonok-amelyek-soha-nem-feledkeznek-meg\/#primaryimage"},"image":{"@id":"https:\/\/regbu.com\/hu\/divat-ikonok-amelyek-soha-nem-feledkeznek-meg\/#primaryimage"},"thumbnailUrl":"https:\/\/regbu.com\/wp-content\/uploads\/2023\/06\/modni-ikony-na-ktere-se-nezapomina.jpg","datePublished":"2023-06-19T16:30:35+00:00","dateModified":"2025-09-05T05:42:15+00:00","author":{"@id":"https:\/\/regbu.com\/en\/#\/schema\/person\/94ea9deda2629771b8a9ced002f6784e"},"description":"Ismerje meg a m\u00falt, de a jelen divatikonjait is. Tudja meg, kik befoly\u00e1solt\u00e1k nagym\u00e9rt\u00e9kben \u00e9s hossz\u00fa ideig a divatst\u00edlust.","breadcrumb":{"@id":"https:\/\/regbu.com\/hu\/divat-ikonok-amelyek-soha-nem-feledkeznek-meg\/#breadcrumb"},"inLanguage":"hu","potentialAction":[{"@type":"ReadAction","target":["https:\/\/regbu.com\/hu\/divat-ikonok-amelyek-soha-nem-feledkeznek-meg\/"]}]},{"@type":"ImageObject","inLanguage":"hu","@id":"https:\/\/regbu.com\/hu\/divat-ikonok-amelyek-soha-nem-feledkeznek-meg\/#primaryimage","url":"https:\/\/regbu.com\/wp-content\/uploads\/2023\/06\/modni-ikony-na-ktere-se-nezapomina.jpg","contentUrl":"https:\/\/regbu.com\/wp-content\/uploads\/2023\/06\/modni-ikony-na-ktere-se-nezapomina.jpg","width":1200,"height":678,"caption":"M\u00f3dn\u00ed ikony, na kter\u00e9 se nezapom\u00edn\u00e1"},{"@type":"BreadcrumbList","@id":"https:\/\/regbu.com\/hu\/divat-ikonok-amelyek-soha-nem-feledkeznek-meg\/#breadcrumb","itemListElement":[{"@type":"ListItem","position":1,"name":"Home","item":"https:\/\/regbu.com\/en\/"},{"@type":"ListItem","position":2,"name":"M\u00f3dn\u00ed ikony, na kter\u00e9 se nezapom\u00edn\u00e1"}]},{"@type":"WebSite","@id":"https:\/\/regbu.com\/en\/#website","url":"https:\/\/regbu.com\/en\/","name":"REGBU.COM","description":"","potentialAction":[{"@type":"SearchAction","target":{"@type":"EntryPoint","urlTemplate":"https:\/\/regbu.com\/en\/?s={search_term_string}"},"query-input":{"@type":"PropertyValueSpecification","valueRequired":true,"valueName":"search_term_string"}}],"inLanguage":"hu"},{"@type":"Person","@id":"https:\/\/regbu.com\/en\/#\/schema\/person\/94ea9deda2629771b8a9ced002f6784e","name":"George Martin","url":"https:\/\/regbu.com\/hu\/author\/george-martin\/"}]}},"_links":{"self":[{"href":"https:\/\/regbu.com\/hu\/wp-json\/wp\/v2\/posts\/864","targetHints":{"allow":["GET"]}}],"collection":[{"href":"https:\/\/regbu.com\/hu\/wp-json\/wp\/v2\/posts"}],"about":[{"href":"https:\/\/regbu.com\/hu\/wp-json\/wp\/v2\/types\/post"}],"author":[{"embeddable":true,"href":"https:\/\/regbu.com\/hu\/wp-json\/wp\/v2\/users\/2"}],"replies":[{"embeddable":true,"href":"https:\/\/regbu.com\/hu\/wp-json\/wp\/v2\/comments?post=864"}],"version-history":[{"count":3,"href":"https:\/\/regbu.com\/hu\/wp-json\/wp\/v2\/posts\/864\/revisions"}],"predecessor-version":[{"id":879,"href":"https:\/\/regbu.com\/hu\/wp-json\/wp\/v2\/posts\/864\/revisions\/879"}],"wp:featuredmedia":[{"embeddable":true,"href":"https:\/\/regbu.com\/hu\/wp-json\/wp\/v2\/media\/865"}],"wp:attachment":[{"href":"https:\/\/regbu.com\/hu\/wp-json\/wp\/v2\/media?parent=864"}],"wp:term":[{"taxonomy":"category","embeddable":true,"href":"https:\/\/regbu.com\/hu\/wp-json\/wp\/v2\/categories?post=864"},{"taxonomy":"post_tag","embeddable":true,"href":"https:\/\/regbu.com\/hu\/wp-json\/wp\/v2\/tags?post=864"}],"curies":[{"name":"wp","href":"https:\/\/api.w.org\/{rel}","templated":true}]}}