{"id":861,"date":"2023-06-19T18:28:21","date_gmt":"2023-06-19T16:28:21","guid":{"rendered":"https:\/\/regbu.com\/?p=861"},"modified":"2025-09-05T07:42:17","modified_gmt":"2025-09-05T05:42:17","slug":"uces-si-zvolte-podle-typu-postavy","status":"publish","type":"post","link":"https:\/\/regbu.com\/hu\/uces-you-choose-by-character-type\/","title":{"rendered":"V\u00e1lasszon frizur\u00e1t a testalkat\u00e1nak megfelel\u0151en"},"content":{"rendered":"<p>A frizura az egyik olyan dolog, amihez a n\u0151k \u00e1ltal\u00e1ban nagyon ragaszkodnak. Nem is csoda, hiszen ez az a frizura, ami feldobja az arcodat \u00e9s megv\u00e1ltoztatja az eg\u00e9sz megjelen\u00e9sedet. Ahogyan az \u00f6lt\u00f6zk\u00f6d\u00e9s is <strong><a href=\"https:\/\/regbu.com\/hu\/type-of-character-decides-about-summer-sates\/\">testt\u00edpus<\/a><\/strong>ennek megfelel\u0151en kell f\u00e9s\u00fclni a hajat. Sokan tal\u00e1n \u00e9szre sem veszik, de az alakod \u00e9s a megfelel\u0151 frizura \u00f6tv\u00f6z\u00e9se nagyon pozit\u00edv eredm\u00e9nyt hoz.<\/p>\n\n\n\n<h2 class=\"wp-block-heading\">Egy frizura, amely egyszer\u0171en megfiatal\u00edt t\u00e9ged<\/h2>\n\n\n\n<p>Kecses \u00edvekkel rendelkez\u0151 alakja van, amelyet k\u00fcl\u00f6n\u00f6sen a nagy mellek uralnak? Akkor d\u00f6ntse el, hogy ezt az el\u0151ny\u00e9t szeretn\u00e9-e hangs\u00falyozni vagy elnyomni. V\u00e1lasszon ennek megfelel\u0151en. <strong>r\u00f6vid frizura kontra hossz\u00fa hull\u00e1mos hajjal<\/strong>. A k\u00f6vetkez\u0151 k\u00e9rd\u00e9sek \u00e9s v\u00e1laszok is sokat el\u00e1rulnak a frizur\u00e1kr\u00f3l.<\/p>\n\n\n\n<div class=\"schema-faq wp-block-yoast-faq-block\"><div class=\"schema-faq-section\" id=\"faq-question-1687191753296\"><strong class=\"schema-faq-question\">Milyen frizura egy sportos alakhoz?<\/strong> <p class=\"schema-faq-answer\">Ezzel a karakterrel val\u00f3sz\u00edn\u0171leg nem kell r\u00e1ncolni a homlokodat. B\u00e1rmilyen frizura megfelel. Legyen az egyenes, hull\u00e1mos, r\u00f6vid vagy hossz\u00fa.<\/p> <\/div> <div class=\"schema-faq-section\" id=\"faq-question-1687191760588\"><strong class=\"schema-faq-question\">Milyen hajform\u00e1z\u00e1st haszn\u00e1lnak a d\u00fasabb n\u0151k?<\/strong> <p class=\"schema-faq-answer\">Itt hat\u00e1rozottan felejtsd el a r\u00f6vid frizur\u00e1kat. A k\u00f6z\u00e9phossz\u00fa, v\u00e1llig \u00e9r\u0151 hajv\u00e1g\u00e1sok sokkal jobbnak t\u0171nnek. T\u00e1mogassa a finom f\u00fcrt\u00f6ket egy j\u00f3l megv\u00e1lasztott sz\u00ednnel.<\/p> <\/div> <div class=\"schema-faq-section\" id=\"faq-question-1687191768392\"><strong class=\"schema-faq-question\">Hogyan f\u00e9s\u00fclk\u00f6djenek a magas n\u0151k?<\/strong> <p class=\"schema-faq-answer\">Ebben az esetben j\u00f3, ha hangs\u00falyozod ezt a n\u0151iess\u00e9get, amit hossz\u00fa hajjal megtehetsz. \u00c9rdemes megfontolni a par\u00f3k\u00e1s frizur\u00e1t is.<\/p> <\/div> <div class=\"schema-faq-section\" id=\"faq-question-1687191776217\"><strong class=\"schema-faq-question\">Milyen haj nem ide\u00e1lis a hossz\u00fa l\u00e1b\u00fa \u00e9s karcs\u00fa n\u0151k sz\u00e1m\u00e1ra?<\/strong> <p class=\"schema-faq-answer\">Ker\u00fclje a r\u00f6vid frizur\u00e1kat, amelyek \u00e1ltal\u00e1ban nem a megfelel\u0151 v\u00e1laszt\u00e1s. R\u00e1ad\u00e1sul ink\u00e1bb a f\u00e9rfiass\u00e1got, mint a n\u0151iess\u00e9get n\u00e9pszer\u0171s\u00edtik.<\/p> <\/div> <div class=\"schema-faq-section\" id=\"faq-question-1687191783717\"><strong class=\"schema-faq-question\">Milyen hajsz\u00ednek karcs\u00fas\u00edtanak?<\/strong> <p class=\"schema-faq-answer\">Ugyanaz \u00e9rv\u00e9nyes itt is, mint a ruh\u00e1k eset\u00e9ben. A s\u00f6t\u00e9tebb sz\u00edn karcs\u00fabbnak, a vil\u00e1gos sz\u0151ke pedig s\u00falyosabbnak t\u0171nik.<\/p> <\/div> <\/div>\n\n\n\n<h3 class=\"wp-block-heading\">A fodr\u00e1sz mindig tan\u00e1csot ad \u00d6nnek<\/h3>\n\n\n\n<p>Igaz, hogy minden n\u0151 egy\u00e9ni teremtm\u00e9ny, \u00e9s saj\u00e1t elk\u00e9pzel\u00e9sei vannak a v\u00e9gs\u0151 megjelen\u00e9sr\u0151l. Ezek ide\u00e1lis esetben<strong> fodr\u00e1sszal<\/strong>. Ezut\u00e1n kombin\u00e1lhatja a tan\u00e1cs\u00e1t a fent bemutatott szab\u00e1lyokkal. Egy ilyen szakember felnyitja a szem\u00e9t, \u00e9s j\u00f3 tan\u00e1csokat ad nemcsak egy adott frizur\u00e1val, hanem annak sz\u00ednez\u00e9s\u00e9vel kapcsolatban is. A hajsz\u00edn kiv\u00e1laszt\u00e1s\u00e1n\u00e1l m\u00e9g az apr\u00f3 r\u00e9szletek is d\u00f6nt\u0151 szerepet j\u00e1tszanak. Meg lehet nevezni a b\u0151rsz\u00ednt, a szemek sz\u00edn\u00e9t \u00e9s \u00edgy tov\u00e1bb. Ehhez pedig egysz\u00f3val egy tapasztalt szakember keze kell.<\/p>","protected":false},"excerpt":{"rendered":"<p>A frizura az egyik olyan dolog, amihez a n\u0151k \u00e1ltal\u00e1ban nagyon ragaszkodnak. Nem is csoda, hiszen ez az a frizura, ami feldobja az arcodat \u00e9s megv\u00e1ltoztatja az eg\u00e9sz megjelen\u00e9sedet. Ahogyan a testalkatodnak megfelel\u0151en \u00f6lt\u00f6zk\u00f6dsz, \u00fagy a hajadat is annak megfelel\u0151en kell form\u00e1znod. Sokan tal\u00e1n \u00e9szre sem veszitek, de a testalkatod \u00e9s a ... <\/p>","protected":false},"author":2,"featured_media":862,"comment_status":"closed","ping_status":"closed","sticky":false,"template":"","format":"standard","meta":{"footnotes":""},"categories":[671],"tags":[746,747,745,743,734,748,733,741,742,744],"class_list":["post-861","post","type-post","status-publish","format-standard","has-post-thumbnail","hentry","category-moda","tag-blond","tag-cerne-vlasy","tag-dlouhe-vlasy","tag-kratky-uces","tag-postava","tag-sithle-zeny","tag-typ-postavy","tag-uces","tag-ucesy","tag-vlasy"],"yoast_head":"<!-- This site is optimized with the Yoast SEO plugin v27.4 - https:\/\/yoast.com\/product\/yoast-seo-wordpress\/ -->\n<title>\u00da\u010des si zvolte podle typu postavy - REGBU.COM<\/title>\n<meta name=\"description\" content=\"Nev\u00edte, jak\u00fd si nechat ud\u011blat \u00fa\u010des? Pak se V\u00e1m s nejv\u011bt\u0161\u0161\u00ed pravd\u011bpodobnost\u00ed stane vod\u00edtkem Va\u0161e vlastn\u00ed postava.\" \/>\n<meta name=\"robots\" content=\"index, follow, max-snippet:-1, max-image-preview:large, max-video-preview:-1\" \/>\n<link rel=\"canonical\" href=\"https:\/\/regbu.com\/hu\/uces-you-choose-by-character-type\/\" \/>\n<meta property=\"og:locale\" content=\"hu_HU\" \/>\n<meta property=\"og:type\" content=\"article\" \/>\n<meta property=\"og:title\" content=\"\u00da\u010des si zvolte podle typu postavy - REGBU.COM\" \/>\n<meta property=\"og:description\" content=\"Nev\u00edte, jak\u00fd si nechat ud\u011blat \u00fa\u010des? Pak se V\u00e1m s nejv\u011bt\u0161\u0161\u00ed pravd\u011bpodobnost\u00ed stane vod\u00edtkem Va\u0161e vlastn\u00ed postava.\" \/>\n<meta property=\"og:url\" content=\"https:\/\/regbu.com\/hu\/uces-you-choose-by-character-type\/\" \/>\n<meta property=\"og:site_name\" content=\"REGBU.COM\" \/>\n<meta property=\"article:published_time\" content=\"2023-06-19T16:28:21+00:00\" \/>\n<meta property=\"article:modified_time\" content=\"2025-09-05T05:42:17+00:00\" \/>\n<meta property=\"og:image\" content=\"https:\/\/regbu.com\/wp-content\/uploads\/2023\/06\/uves-si-zvolte-podle-typu-postavy.jpg\" \/>\n\t<meta property=\"og:image:width\" content=\"1200\" \/>\n\t<meta property=\"og:image:height\" content=\"680\" \/>\n\t<meta property=\"og:image:type\" content=\"image\/jpeg\" \/>\n<meta name=\"author\" content=\"George Martin\" \/>\n<meta name=\"twitter:card\" content=\"summary_large_image\" \/>\n<meta name=\"twitter:label1\" content=\"Szerz\u0151:\" \/>\n\t<meta name=\"twitter:data1\" content=\"George Martin\" \/>\n\t<meta name=\"twitter:label2\" content=\"Becs\u00fclt olvas\u00e1si id\u0151\" \/>\n\t<meta name=\"twitter:data2\" content=\"2 perc\" \/>\n<script type=\"application\/ld+json\" class=\"yoast-schema-graph\">{\"@context\":\"https:\\\/\\\/schema.org\",\"@graph\":[{\"@type\":\"Article\",\"@id\":\"https:\\\/\\\/regbu.com\\\/hu\\\/uces-you-choose-by-character-type\\\/#article\",\"isPartOf\":{\"@id\":\"https:\\\/\\\/regbu.com\\\/hu\\\/uces-you-choose-by-character-type\\\/\"},\"author\":{\"name\":\"George Martin\",\"@id\":\"https:\\\/\\\/regbu.com\\\/en\\\/#\\\/schema\\\/person\\\/94ea9deda2629771b8a9ced002f6784e\"},\"headline\":\"\u00da\u010des si zvolte podle typu postavy\",\"datePublished\":\"2023-06-19T16:28:21+00:00\",\"dateModified\":\"2025-09-05T05:42:17+00:00\",\"mainEntityOfPage\":{\"@id\":\"https:\\\/\\\/regbu.com\\\/hu\\\/uces-you-choose-by-character-type\\\/\"},\"wordCount\":427,\"image\":{\"@id\":\"https:\\\/\\\/regbu.com\\\/hu\\\/uces-you-choose-by-character-type\\\/#primaryimage\"},\"thumbnailUrl\":\"https:\\\/\\\/regbu.com\\\/wp-content\\\/uploads\\\/2023\\\/06\\\/uves-si-zvolte-podle-typu-postavy.jpg\",\"keywords\":[\"blond\",\"\u010dern\u00e9 vlasy\",\"dlouh\u00e9 vlasy\",\"kr\u00e1tk\u00fd \u00fa\u010des\",\"postava\",\"\u0161\u00edthl\u00e9 \u017eeny\",\"typ postavy\",\"\u00fa\u010des\",\"\u00fa\u010desy\",\"vlasy\"],\"articleSection\":[\"M\u00f3da\"],\"inLanguage\":\"hu\"},{\"@type\":[\"WebPage\",\"FAQPage\"],\"@id\":\"https:\\\/\\\/regbu.com\\\/hu\\\/uces-you-choose-by-character-type\\\/\",\"url\":\"https:\\\/\\\/regbu.com\\\/hu\\\/uces-you-choose-by-character-type\\\/\",\"name\":\"\u00da\u010des si zvolte podle typu postavy - REGBU.COM\",\"isPartOf\":{\"@id\":\"https:\\\/\\\/regbu.com\\\/en\\\/#website\"},\"primaryImageOfPage\":{\"@id\":\"https:\\\/\\\/regbu.com\\\/hu\\\/uces-you-choose-by-character-type\\\/#primaryimage\"},\"image\":{\"@id\":\"https:\\\/\\\/regbu.com\\\/hu\\\/uces-you-choose-by-character-type\\\/#primaryimage\"},\"thumbnailUrl\":\"https:\\\/\\\/regbu.com\\\/wp-content\\\/uploads\\\/2023\\\/06\\\/uves-si-zvolte-podle-typu-postavy.jpg\",\"datePublished\":\"2023-06-19T16:28:21+00:00\",\"dateModified\":\"2025-09-05T05:42:17+00:00\",\"author\":{\"@id\":\"https:\\\/\\\/regbu.com\\\/en\\\/#\\\/schema\\\/person\\\/94ea9deda2629771b8a9ced002f6784e\"},\"description\":\"Nev\u00edte, jak\u00fd si nechat ud\u011blat \u00fa\u010des? Pak se V\u00e1m s nejv\u011bt\u0161\u0161\u00ed pravd\u011bpodobnost\u00ed stane vod\u00edtkem Va\u0161e vlastn\u00ed postava.\",\"breadcrumb\":{\"@id\":\"https:\\\/\\\/regbu.com\\\/hu\\\/uces-you-choose-by-character-type\\\/#breadcrumb\"},\"mainEntity\":[{\"@id\":\"https:\\\/\\\/regbu.com\\\/hu\\\/uces-you-choose-by-character-type\\\/#faq-question-1687191753296\"},{\"@id\":\"https:\\\/\\\/regbu.com\\\/hu\\\/uces-you-choose-by-character-type\\\/#faq-question-1687191760588\"},{\"@id\":\"https:\\\/\\\/regbu.com\\\/hu\\\/uces-you-choose-by-character-type\\\/#faq-question-1687191768392\"},{\"@id\":\"https:\\\/\\\/regbu.com\\\/hu\\\/uces-you-choose-by-character-type\\\/#faq-question-1687191776217\"},{\"@id\":\"https:\\\/\\\/regbu.com\\\/hu\\\/uces-you-choose-by-character-type\\\/#faq-question-1687191783717\"}],\"inLanguage\":\"hu\",\"potentialAction\":[{\"@type\":\"ReadAction\",\"target\":[\"https:\\\/\\\/regbu.com\\\/hu\\\/uces-you-choose-by-character-type\\\/\"]}]},{\"@type\":\"ImageObject\",\"inLanguage\":\"hu\",\"@id\":\"https:\\\/\\\/regbu.com\\\/hu\\\/uces-you-choose-by-character-type\\\/#primaryimage\",\"url\":\"https:\\\/\\\/regbu.com\\\/wp-content\\\/uploads\\\/2023\\\/06\\\/uves-si-zvolte-podle-typu-postavy.jpg\",\"contentUrl\":\"https:\\\/\\\/regbu.com\\\/wp-content\\\/uploads\\\/2023\\\/06\\\/uves-si-zvolte-podle-typu-postavy.jpg\",\"width\":1200,\"height\":680,\"caption\":\"\u00da\u010des si zvolte podle typu postavy\"},{\"@type\":\"BreadcrumbList\",\"@id\":\"https:\\\/\\\/regbu.com\\\/hu\\\/uces-you-choose-by-character-type\\\/#breadcrumb\",\"itemListElement\":[{\"@type\":\"ListItem\",\"position\":1,\"name\":\"Home\",\"item\":\"https:\\\/\\\/regbu.com\\\/en\\\/\"},{\"@type\":\"ListItem\",\"position\":2,\"name\":\"\u00da\u010des si zvolte podle typu postavy\"}]},{\"@type\":\"WebSite\",\"@id\":\"https:\\\/\\\/regbu.com\\\/en\\\/#website\",\"url\":\"https:\\\/\\\/regbu.com\\\/en\\\/\",\"name\":\"REGBU.COM\",\"description\":\"\",\"potentialAction\":[{\"@type\":\"SearchAction\",\"target\":{\"@type\":\"EntryPoint\",\"urlTemplate\":\"https:\\\/\\\/regbu.com\\\/en\\\/?s={search_term_string}\"},\"query-input\":{\"@type\":\"PropertyValueSpecification\",\"valueRequired\":true,\"valueName\":\"search_term_string\"}}],\"inLanguage\":\"hu\"},{\"@type\":\"Person\",\"@id\":\"https:\\\/\\\/regbu.com\\\/en\\\/#\\\/schema\\\/person\\\/94ea9deda2629771b8a9ced002f6784e\",\"name\":\"George Martin\",\"url\":\"https:\\\/\\\/regbu.com\\\/hu\\\/author\\\/george-martin\\\/\"},{\"@type\":\"Question\",\"@id\":\"https:\\\/\\\/regbu.com\\\/hu\\\/uces-you-choose-by-character-type\\\/#faq-question-1687191753296\",\"position\":1,\"url\":\"https:\\\/\\\/regbu.com\\\/hu\\\/uces-you-choose-by-character-type\\\/#faq-question-1687191753296\",\"name\":\"Jak\u00fd \u00fa\u010des pro atletickou postavu?\",\"answerCount\":1,\"acceptedAnswer\":{\"@type\":\"Answer\",\"text\":\"S touto postavou si asi nemus\u00edte d\u011blat vr\u00e1sky na \u010dele. Slu\u0161et V\u00e1m bude jak\u00e1koliv \u00faprava vlas\u016f. A\u0165 u\u017e budou rovn\u00e9, vlnit\u00e9, kr\u00e1tk\u00e9 \u010di dlouh\u00e9.\",\"inLanguage\":\"hu\"},\"inLanguage\":\"hu\"},{\"@type\":\"Question\",\"@id\":\"https:\\\/\\\/regbu.com\\\/hu\\\/uces-you-choose-by-character-type\\\/#faq-question-1687191760588\",\"position\":2,\"url\":\"https:\\\/\\\/regbu.com\\\/hu\\\/uces-you-choose-by-character-type\\\/#faq-question-1687191760588\",\"name\":\"Jak\u00e1 \u00faprava vlas\u016f se pou\u017e\u00edv\u00e1 pro baculat\u011bj\u0161\u00ed \u017eeny?\",\"answerCount\":1,\"acceptedAnswer\":{\"@type\":\"Answer\",\"text\":\"Zde rozhodn\u011b zapome\u0148te na kr\u00e1tk\u00e9 sest\u0159ihy. Mnohem lep\u0161\u00ed se zdaj\u00ed st\u0159edn\u011b dlouh\u00e9 \u00fa\u010desy na ramena. Jemn\u00e9 lokny podpo\u0159te vhodn\u011b zvolenou barvou.\",\"inLanguage\":\"hu\"},\"inLanguage\":\"hu\"},{\"@type\":\"Question\",\"@id\":\"https:\\\/\\\/regbu.com\\\/hu\\\/uces-you-choose-by-character-type\\\/#faq-question-1687191768392\",\"position\":3,\"url\":\"https:\\\/\\\/regbu.com\\\/hu\\\/uces-you-choose-by-character-type\\\/#faq-question-1687191768392\",\"name\":\"Jak se maj\u00ed \u010desat \u017eeny s vysokou postavou?\",\"answerCount\":1,\"acceptedAnswer\":{\"@type\":\"Answer\",\"text\":\"V tomto p\u0159\u00edpad\u011b je dobr\u00e9 vyp\u00edchnout onu \u017eenskost, co\u017e provedete jak jinak ne\u017e dlouh\u00fdmi vlasy. Uva\u017eovat byste m\u011bli tak\u00e9 o tup\u00edrovan\u00e9m \u00fa\u010desu.\",\"inLanguage\":\"hu\"},\"inLanguage\":\"hu\"},{\"@type\":\"Question\",\"@id\":\"https:\\\/\\\/regbu.com\\\/hu\\\/uces-you-choose-by-character-type\\\/#faq-question-1687191776217\",\"position\":4,\"url\":\"https:\\\/\\\/regbu.com\\\/hu\\\/uces-you-choose-by-character-type\\\/#faq-question-1687191776217\",\"name\":\"Jak\u00e9 vlasy nejsou ide\u00e1ln\u00ed pro dlouhonoh\u00e9 a \u0161t\u00edhl\u00e9 \u017eeny?\",\"answerCount\":1,\"acceptedAnswer\":{\"@type\":\"Answer\",\"text\":\"Vyvarujte se kr\u00e1tk\u00fdm sest\u0159ih\u016fm, kter\u00e9 obvykle nejsou tou spr\u00e1vnou volbou. Nav\u00edc podporuj\u00ed sp\u00ed\u0161e mu\u017enost ne\u017e \u017eenskost.\",\"inLanguage\":\"hu\"},\"inLanguage\":\"hu\"},{\"@type\":\"Question\",\"@id\":\"https:\\\/\\\/regbu.com\\\/hu\\\/uces-you-choose-by-character-type\\\/#faq-question-1687191783717\",\"position\":5,\"url\":\"https:\\\/\\\/regbu.com\\\/hu\\\/uces-you-choose-by-character-type\\\/#faq-question-1687191783717\",\"name\":\"Jak\u00e9 barvy vlas\u016f ze\u0161t\u00edhluj\u00ed?\",\"answerCount\":1,\"acceptedAnswer\":{\"@type\":\"Answer\",\"text\":\"Tady plat\u00ed to sam\u00e9, jako u oble\u010den\u00ed. Tmav\u0161\u00ed barva ze\u0161t\u00edhluje, naopak sv\u011btl\u00e1 blond p\u0159id\u00e1v\u00e1.\",\"inLanguage\":\"hu\"},\"inLanguage\":\"hu\"}]}<\/script>\n<!-- \/ Yoast SEO plugin. -->","yoast_head_json":{"title":"V\u00e1lasszon frizur\u00e1t a testalkat\u00e1nak megfelel\u0151en - REGBU.COM","description":"Nem tudod, milyen frizur\u00e1t v\u00e1gass magadnak? Akkor val\u00f3sz\u00edn\u0171leg a saj\u00e1t alakja lesz az \u00fatmutat\u00f3ja.","robots":{"index":"index","follow":"follow","max-snippet":"max-snippet:-1","max-image-preview":"max-image-preview:large","max-video-preview":"max-video-preview:-1"},"canonical":"https:\/\/regbu.com\/hu\/uces-you-choose-by-character-type\/","og_locale":"hu_HU","og_type":"article","og_title":"\u00da\u010des si zvolte podle typu postavy - REGBU.COM","og_description":"Nev\u00edte, jak\u00fd si nechat ud\u011blat \u00fa\u010des? Pak se V\u00e1m s nejv\u011bt\u0161\u0161\u00ed pravd\u011bpodobnost\u00ed stane vod\u00edtkem Va\u0161e vlastn\u00ed postava.","og_url":"https:\/\/regbu.com\/hu\/uces-you-choose-by-character-type\/","og_site_name":"REGBU.COM","article_published_time":"2023-06-19T16:28:21+00:00","article_modified_time":"2025-09-05T05:42:17+00:00","og_image":[{"width":1200,"height":680,"url":"https:\/\/regbu.com\/wp-content\/uploads\/2023\/06\/uves-si-zvolte-podle-typu-postavy.jpg","type":"image\/jpeg"}],"author":"George Martin","twitter_card":"summary_large_image","twitter_misc":{"Szerz\u0151:":"George Martin","Becs\u00fclt olvas\u00e1si id\u0151":"2 perc"},"schema":{"@context":"https:\/\/schema.org","@graph":[{"@type":"Article","@id":"https:\/\/regbu.com\/hu\/uces-you-choose-by-character-type\/#article","isPartOf":{"@id":"https:\/\/regbu.com\/hu\/uces-you-choose-by-character-type\/"},"author":{"name":"George Martin","@id":"https:\/\/regbu.com\/en\/#\/schema\/person\/94ea9deda2629771b8a9ced002f6784e"},"headline":"\u00da\u010des si zvolte podle typu postavy","datePublished":"2023-06-19T16:28:21+00:00","dateModified":"2025-09-05T05:42:17+00:00","mainEntityOfPage":{"@id":"https:\/\/regbu.com\/hu\/uces-you-choose-by-character-type\/"},"wordCount":427,"image":{"@id":"https:\/\/regbu.com\/hu\/uces-you-choose-by-character-type\/#primaryimage"},"thumbnailUrl":"https:\/\/regbu.com\/wp-content\/uploads\/2023\/06\/uves-si-zvolte-podle-typu-postavy.jpg","keywords":["blond","\u010dern\u00e9 vlasy","dlouh\u00e9 vlasy","kr\u00e1tk\u00fd \u00fa\u010des","postava","\u0161\u00edthl\u00e9 \u017eeny","typ postavy","\u00fa\u010des","\u00fa\u010desy","vlasy"],"articleSection":["M\u00f3da"],"inLanguage":"hu"},{"@type":["WebPage","FAQPage"],"@id":"https:\/\/regbu.com\/hu\/uces-you-choose-by-character-type\/","url":"https:\/\/regbu.com\/hu\/uces-you-choose-by-character-type\/","name":"V\u00e1lasszon frizur\u00e1t a testalkat\u00e1nak megfelel\u0151en - REGBU.COM","isPartOf":{"@id":"https:\/\/regbu.com\/en\/#website"},"primaryImageOfPage":{"@id":"https:\/\/regbu.com\/hu\/uces-you-choose-by-character-type\/#primaryimage"},"image":{"@id":"https:\/\/regbu.com\/hu\/uces-you-choose-by-character-type\/#primaryimage"},"thumbnailUrl":"https:\/\/regbu.com\/wp-content\/uploads\/2023\/06\/uves-si-zvolte-podle-typu-postavy.jpg","datePublished":"2023-06-19T16:28:21+00:00","dateModified":"2025-09-05T05:42:17+00:00","author":{"@id":"https:\/\/regbu.com\/en\/#\/schema\/person\/94ea9deda2629771b8a9ced002f6784e"},"description":"Nem tudod, milyen frizur\u00e1t v\u00e1gass magadnak? Akkor val\u00f3sz\u00edn\u0171leg a saj\u00e1t alakja lesz az \u00fatmutat\u00f3ja.","breadcrumb":{"@id":"https:\/\/regbu.com\/hu\/uces-you-choose-by-character-type\/#breadcrumb"},"mainEntity":[{"@id":"https:\/\/regbu.com\/hu\/uces-you-choose-by-character-type\/#faq-question-1687191753296"},{"@id":"https:\/\/regbu.com\/hu\/uces-you-choose-by-character-type\/#faq-question-1687191760588"},{"@id":"https:\/\/regbu.com\/hu\/uces-you-choose-by-character-type\/#faq-question-1687191768392"},{"@id":"https:\/\/regbu.com\/hu\/uces-you-choose-by-character-type\/#faq-question-1687191776217"},{"@id":"https:\/\/regbu.com\/hu\/uces-you-choose-by-character-type\/#faq-question-1687191783717"}],"inLanguage":"hu","potentialAction":[{"@type":"ReadAction","target":["https:\/\/regbu.com\/hu\/uces-you-choose-by-character-type\/"]}]},{"@type":"ImageObject","inLanguage":"hu","@id":"https:\/\/regbu.com\/hu\/uces-you-choose-by-character-type\/#primaryimage","url":"https:\/\/regbu.com\/wp-content\/uploads\/2023\/06\/uves-si-zvolte-podle-typu-postavy.jpg","contentUrl":"https:\/\/regbu.com\/wp-content\/uploads\/2023\/06\/uves-si-zvolte-podle-typu-postavy.jpg","width":1200,"height":680,"caption":"\u00da\u010des si zvolte podle typu postavy"},{"@type":"BreadcrumbList","@id":"https:\/\/regbu.com\/hu\/uces-you-choose-by-character-type\/#breadcrumb","itemListElement":[{"@type":"ListItem","position":1,"name":"Home","item":"https:\/\/regbu.com\/en\/"},{"@type":"ListItem","position":2,"name":"\u00da\u010des si zvolte podle typu postavy"}]},{"@type":"WebSite","@id":"https:\/\/regbu.com\/en\/#website","url":"https:\/\/regbu.com\/en\/","name":"REGBU.COM","description":"","potentialAction":[{"@type":"SearchAction","target":{"@type":"EntryPoint","urlTemplate":"https:\/\/regbu.com\/en\/?s={search_term_string}"},"query-input":{"@type":"PropertyValueSpecification","valueRequired":true,"valueName":"search_term_string"}}],"inLanguage":"hu"},{"@type":"Person","@id":"https:\/\/regbu.com\/en\/#\/schema\/person\/94ea9deda2629771b8a9ced002f6784e","name":"George Martin","url":"https:\/\/regbu.com\/hu\/author\/george-martin\/"},{"@type":"Question","@id":"https:\/\/regbu.com\/hu\/uces-you-choose-by-character-type\/#faq-question-1687191753296","position":1,"url":"https:\/\/regbu.com\/hu\/uces-you-choose-by-character-type\/#faq-question-1687191753296","name":"Milyen frizura egy sportos alakhoz?","answerCount":1,"acceptedAnswer":{"@type":"Answer","text":"S touto postavou si asi nemus\u00edte d\u011blat vr\u00e1sky na \u010dele. Slu\u0161et V\u00e1m bude jak\u00e1koliv \u00faprava vlas\u016f. A\u0165 u\u017e budou rovn\u00e9, vlnit\u00e9, kr\u00e1tk\u00e9 \u010di dlouh\u00e9.","inLanguage":"hu"},"inLanguage":"hu"},{"@type":"Question","@id":"https:\/\/regbu.com\/hu\/uces-you-choose-by-character-type\/#faq-question-1687191760588","position":2,"url":"https:\/\/regbu.com\/hu\/uces-you-choose-by-character-type\/#faq-question-1687191760588","name":"Milyen hajform\u00e1z\u00e1st haszn\u00e1lnak a d\u00fasabb n\u0151k?","answerCount":1,"acceptedAnswer":{"@type":"Answer","text":"Zde rozhodn\u011b zapome\u0148te na kr\u00e1tk\u00e9 sest\u0159ihy. Mnohem lep\u0161\u00ed se zdaj\u00ed st\u0159edn\u011b dlouh\u00e9 \u00fa\u010desy na ramena. Jemn\u00e9 lokny podpo\u0159te vhodn\u011b zvolenou barvou.","inLanguage":"hu"},"inLanguage":"hu"},{"@type":"Question","@id":"https:\/\/regbu.com\/hu\/uces-you-choose-by-character-type\/#faq-question-1687191768392","position":3,"url":"https:\/\/regbu.com\/hu\/uces-you-choose-by-character-type\/#faq-question-1687191768392","name":"Hogyan f\u00e9s\u00fclk\u00f6djenek a magas n\u0151k?","answerCount":1,"acceptedAnswer":{"@type":"Answer","text":"V tomto p\u0159\u00edpad\u011b je dobr\u00e9 vyp\u00edchnout onu \u017eenskost, co\u017e provedete jak jinak ne\u017e dlouh\u00fdmi vlasy. Uva\u017eovat byste m\u011bli tak\u00e9 o tup\u00edrovan\u00e9m \u00fa\u010desu.","inLanguage":"hu"},"inLanguage":"hu"},{"@type":"Question","@id":"https:\/\/regbu.com\/hu\/uces-you-choose-by-character-type\/#faq-question-1687191776217","position":4,"url":"https:\/\/regbu.com\/hu\/uces-you-choose-by-character-type\/#faq-question-1687191776217","name":"Milyen haj nem ide\u00e1lis a hossz\u00fa l\u00e1b\u00fa \u00e9s karcs\u00fa n\u0151k sz\u00e1m\u00e1ra?","answerCount":1,"acceptedAnswer":{"@type":"Answer","text":"Vyvarujte se kr\u00e1tk\u00fdm sest\u0159ih\u016fm, kter\u00e9 obvykle nejsou tou spr\u00e1vnou volbou. Nav\u00edc podporuj\u00ed sp\u00ed\u0161e mu\u017enost ne\u017e \u017eenskost.","inLanguage":"hu"},"inLanguage":"hu"},{"@type":"Question","@id":"https:\/\/regbu.com\/hu\/uces-you-choose-by-character-type\/#faq-question-1687191783717","position":5,"url":"https:\/\/regbu.com\/hu\/uces-you-choose-by-character-type\/#faq-question-1687191783717","name":"Milyen hajsz\u00ednek karcs\u00fas\u00edtanak?","answerCount":1,"acceptedAnswer":{"@type":"Answer","text":"Tady plat\u00ed to sam\u00e9, jako u oble\u010den\u00ed. Tmav\u0161\u00ed barva ze\u0161t\u00edhluje, naopak sv\u011btl\u00e1 blond p\u0159id\u00e1v\u00e1.","inLanguage":"hu"},"inLanguage":"hu"}]}},"_links":{"self":[{"href":"https:\/\/regbu.com\/hu\/wp-json\/wp\/v2\/posts\/861","targetHints":{"allow":["GET"]}}],"collection":[{"href":"https:\/\/regbu.com\/hu\/wp-json\/wp\/v2\/posts"}],"about":[{"href":"https:\/\/regbu.com\/hu\/wp-json\/wp\/v2\/types\/post"}],"author":[{"embeddable":true,"href":"https:\/\/regbu.com\/hu\/wp-json\/wp\/v2\/users\/2"}],"replies":[{"embeddable":true,"href":"https:\/\/regbu.com\/hu\/wp-json\/wp\/v2\/comments?post=861"}],"version-history":[{"count":2,"href":"https:\/\/regbu.com\/hu\/wp-json\/wp\/v2\/posts\/861\/revisions"}],"predecessor-version":[{"id":878,"href":"https:\/\/regbu.com\/hu\/wp-json\/wp\/v2\/posts\/861\/revisions\/878"}],"wp:featuredmedia":[{"embeddable":true,"href":"https:\/\/regbu.com\/hu\/wp-json\/wp\/v2\/media\/862"}],"wp:attachment":[{"href":"https:\/\/regbu.com\/hu\/wp-json\/wp\/v2\/media?parent=861"}],"wp:term":[{"taxonomy":"category","embeddable":true,"href":"https:\/\/regbu.com\/hu\/wp-json\/wp\/v2\/categories?post=861"},{"taxonomy":"post_tag","embeddable":true,"href":"https:\/\/regbu.com\/hu\/wp-json\/wp\/v2\/tags?post=861"}],"curies":[{"name":"wp","href":"https:\/\/api.w.org\/{rel}","templated":true}]}}