{"id":454,"date":"2022-01-25T17:00:55","date_gmt":"2022-01-25T16:00:55","guid":{"rendered":"https:\/\/regbu.com\/?p=454"},"modified":"2025-09-05T07:42:40","modified_gmt":"2025-09-05T05:42:40","slug":"osamelost-a-socialni-site-spolu-dost-souvisi","status":"publish","type":"post","link":"https:\/\/regbu.com\/hu\/maganyos-es-szocialis-helyszinek-osszekapcsolodni\/","title":{"rendered":"A mag\u00e1ny \u00e9s a szoci\u00e1lis h\u00e1l\u00f3zatok meglehet\u0151sen \u00f6sszef\u00fcggnek egym\u00e1ssal"},"content":{"rendered":"<p>A k\u00f6z\u00f6ss\u00e9gi h\u00e1l\u00f3zatokhoz k\u00fcl\u00f6nb\u00f6z\u0151 kifejez\u00e9sek kapcsol\u00f3dnak. \u00c9s ez nem csak sz\u00f3rakoz\u00e1s, \u00f6r\u00f6m \u00e9s felfedez\u00e9s. Sok felhaszn\u00e1l\u00f3 meger\u0151s\u00edti, hogy ez is lehet <strong><a href=\"https:\/\/regbu.com\/hu\/insomnia-causes-social-system-change-as-it-is\/\">\u00c1lmatlans\u00e1g<\/a><\/strong>, internetes zaklat\u00e1s \u00e9s m\u00e1sok. Mai cikk\u00fcnkben a mag\u00e1nyra \u00f6sszpontos\u00edtunk, amely term\u00e9szetesen a k\u00f6z\u00f6ss\u00e9gi h\u00e1l\u00f3zatok egyik negat\u00edv hat\u00e1s\u00e1nak tekinthet\u0151.<\/p>\n\n\n\n<h2 class=\"wp-block-heading\">Mag\u00e1ny sok bar\u00e1ttal<\/h2>\n\n\n\n<p>Sokan val\u00f3sz\u00edn\u0171leg k\u00edv\u00e1ncsiak arra, hogyan <strong>a mag\u00e1nyoss\u00e1g \u00f6sszef\u00fcgghet-e a szoci\u00e1lis h\u00e1l\u00f3zatokkal<\/strong>. Elv\u00e9gre t\u00f6bb mint el\u00e9g bar\u00e1tod van rajtuk. Egyeseknek tucatnyi, m\u00e1soknak ak\u00e1r t\u00f6bb sz\u00e1z. De ezek \u00e1ltal\u00e1ban virtu\u00e1lis bar\u00e1tok, akikkel aligha tal\u00e1lkozol az utc\u00e1n, vagy \u00e9lnek valahol a szomsz\u00e9ds\u00e1godban. Itt kezd\u0151dik a mag\u00e1ny, \u00e9s ez fokozatosan n\u00f6vekszik.<\/p>\n\n\n\n<h3 class=\"wp-block-heading\">V\u00e1ltoznak az id\u0151k<\/h3>\n\n\n\n<p>R\u00e9gebben norm\u00e1lis dolog volt, hogy egy \u00faj dolgot megmutatt\u00e1l a bar\u00e1taidnak. Az\u00e9rt hoztad \u00e1t, hogy megmutasd, besz\u00e9lj r\u00f3la, ilyesmi. K\u00fclden\u00e9l egy k\u00e9peslapot a nyaral\u00e1sodr\u00f3l, \u00e9s minden olyan lenne. <strong>sokkal t\u00f6bb szem\u00e9lyes kapcsolat<\/strong>. A k\u00f6z\u00f6ss\u00e9gi h\u00e1l\u00f3zatok azonban n\u00e9mileg m\u00e1s lehet\u0151s\u00e9geket hoztak. Ma m\u00e1r nem is l\u00e1thatod a sz\u00f3ban forg\u00f3 szem\u00e9lyt. Felteszel egy k\u00e9pet egy \u00faj dologr\u00f3l egy k\u00f6z\u00f6ss\u00e9gi h\u00e1l\u00f3zatra, hogy felv\u00e1gj vele, \u00e9s egy sz\u00f3t sem sz\u00f3lsz senkihez. <strong>Ez\u00e9rt a mag\u00e1ny<\/strong>hanem m\u00e1s pszichol\u00f3giai probl\u00e9m\u00e1k is. Ezt a t\u00e9m\u00e1t az al\u00e1bbi k\u00e9rd\u00e9seken \u00e9s v\u00e1laszokon kereszt\u00fcl fogjuk r\u00e9szletesebben megvitatni.<\/p>\n\n\n\n<div class=\"schema-faq wp-block-yoast-faq-block\"><div class=\"schema-faq-section\" id=\"faq-question-1623742264438\"><strong class=\"schema-faq-question\">Melyik csoportot \u00e9rinti a k\u00f6z\u00f6ss\u00e9gi m\u00e9di\u00e1ban megjelen\u0151 mag\u00e1ny\u00e9rzet?<\/strong> <p class=\"schema-faq-answer\">K\u00fcl\u00f6nb\u00f6z\u0151 felm\u00e9r\u00e9sek szerint ez k\u00fcl\u00f6n\u00f6sen igaz a fiatalabb gener\u00e1ci\u00f3ra, amely sz\u00f3 szerint a kommunik\u00e1ci\u00f3s m\u00e9dia rabja.<\/p> <\/div> <div class=\"schema-faq-section\" id=\"faq-question-1623742272780\"><strong class=\"schema-faq-question\">H\u00e1ny \u00e9vesek az \u00e9rintettek?<\/strong> <p class=\"schema-faq-answer\">Els\u0151sorban 19 \u00e9s 32 \u00e9v k\u00f6z\u00f6tti emberekr\u0151l van sz\u00f3.<\/p> <\/div> <div class=\"schema-faq-section\" id=\"faq-question-1623742281524\"><strong class=\"schema-faq-question\">Mi j\u00e1rul hozz\u00e1 a mag\u00e1nyoss\u00e1ghoz?<\/strong> <p class=\"schema-faq-answer\">Biztos vagyok benne, hogy boldog \u00e9leteket k\u00f6vet a k\u00f6z\u00f6ss\u00e9gi m\u00e9di\u00e1ban, m\u00edg a ti\u00e9dben nincs benne a fizikai kontaktus \u00e9s az emberek.<\/p> <\/div> <div class=\"schema-faq-section\" id=\"faq-question-1623742290242\"><strong class=\"schema-faq-question\">A k\u00f6z\u00f6ss\u00e9gi h\u00e1l\u00f3zatok j\u00f3 szolg\u00e1k \u00e9s rossz urak?<\/strong> <p class=\"schema-faq-answer\">L\u00e9nyeg\u00e9ben igen. Egyr\u00e9szt rengeteg bar\u00e1tod van, m\u00e1sr\u00e9szt nincs igaz\u00e1n senki, akivel egy\u00fctt l\u00f3ghatn\u00e1l.<\/p> <\/div> <div class=\"schema-faq-section\" id=\"faq-question-1623742301013\"><strong class=\"schema-faq-question\">Mikor jelentkezik a mag\u00e1ny a k\u00f6z\u00f6ss\u00e9gi m\u00e9di\u00e1ban?<\/strong> <p class=\"schema-faq-answer\">Egy kutat\u00e1s szerint, ha naponta t\u00f6bb mint k\u00e9t \u00f3r\u00e1t t\u00f6lt\u00fcnk a k\u00f6z\u00f6ss\u00e9gi oldalakon, az m\u00e1r el\u00e9g lehet ahhoz, hogy mag\u00e1nyosnak \u00e9rezz\u00fck magunkat.<\/p> <\/div> <\/div>","protected":false},"excerpt":{"rendered":"<p>A k\u00f6z\u00f6ss\u00e9gi h\u00e1l\u00f3zatokhoz k\u00fcl\u00f6nb\u00f6z\u0151 kifejez\u00e9sek kapcsol\u00f3dnak. \u00c9s ez nem csak sz\u00f3rakoz\u00e1s, \u00f6r\u00f6m \u00e9s felfedez\u00e9s. Sok felhaszn\u00e1l\u00f3 meger\u0151s\u00edti, hogy ez lehet \u00e1lmatlans\u00e1g, internetes zaklat\u00e1s \u00e9s m\u00e1s is. Mai cikk\u00fcnkben a mag\u00e1nyra \u00f6sszpontos\u00edtunk, amely \u00e9rthet\u0151 m\u00f3don a k\u00f6z\u00f6ss\u00e9gi h\u00e1l\u00f3zatok egyik negat\u00edv hat\u00e1s\u00e1nak tekinthet\u0151. Mag\u00e1ny sok bar\u00e1ttal Sok ... <\/p>","protected":false},"author":2,"featured_media":455,"comment_status":"closed","ping_status":"closed","sticky":false,"template":"","format":"standard","meta":{"footnotes":""},"categories":[197],"tags":[293,497,498,499,500,501,502,367,375,481],"class_list":["post-454","post","type-post","status-publish","format-standard","has-post-thumbnail","hentry","category-lidske-zdravi","tag-internet","tag-kamaradi","tag-kontakt","tag-osamelost","tag-osameni","tag-pratele","tag-samota","tag-socialni-sit","tag-socialni-site","tag-virtualni-svet"],"yoast_head":"<!-- This site is optimized with the Yoast SEO plugin v27.4 - https:\/\/yoast.com\/product\/yoast-seo-wordpress\/ -->\n<title>Osam\u011blost a soci\u00e1ln\u00ed s\u00edt\u011b spolu dost souvis\u00ed - REGBU.COM<\/title>\n<meta name=\"description\" content=\"Osam\u011blost je velice nep\u0159\u00edjemnou z\u00e1le\u017eitost\u00ed. S roz\u0161i\u0159ov\u00e1n\u00edm soci\u00e1ln\u00edch s\u00edt\u00ed \u010dasto postihuje mlad\u0161\u00ed lidi. Zjist\u011bte o tomto t\u00e9matu v\u00edce.\" \/>\n<meta name=\"robots\" content=\"index, follow, max-snippet:-1, max-image-preview:large, max-video-preview:-1\" \/>\n<link rel=\"canonical\" href=\"https:\/\/regbu.com\/hu\/maganyos-es-szocialis-helyszinek-osszekapcsolodni\/\" \/>\n<meta property=\"og:locale\" content=\"hu_HU\" \/>\n<meta property=\"og:type\" content=\"article\" \/>\n<meta property=\"og:title\" content=\"Osam\u011blost a soci\u00e1ln\u00ed s\u00edt\u011b spolu dost souvis\u00ed - REGBU.COM\" \/>\n<meta property=\"og:description\" content=\"Osam\u011blost je velice nep\u0159\u00edjemnou z\u00e1le\u017eitost\u00ed. S roz\u0161i\u0159ov\u00e1n\u00edm soci\u00e1ln\u00edch s\u00edt\u00ed \u010dasto postihuje mlad\u0161\u00ed lidi. Zjist\u011bte o tomto t\u00e9matu v\u00edce.\" \/>\n<meta property=\"og:url\" content=\"https:\/\/regbu.com\/hu\/maganyos-es-szocialis-helyszinek-osszekapcsolodni\/\" \/>\n<meta property=\"og:site_name\" content=\"REGBU.COM\" \/>\n<meta property=\"article:published_time\" content=\"2022-01-25T16:00:55+00:00\" \/>\n<meta property=\"article:modified_time\" content=\"2025-09-05T05:42:40+00:00\" \/>\n<meta property=\"og:image\" content=\"https:\/\/regbu.com\/wp-content\/uploads\/2022\/01\/osamelost-a-socialni-site-spolu-dost-souvisi.jpg\" \/>\n\t<meta property=\"og:image:width\" content=\"1200\" \/>\n\t<meta property=\"og:image:height\" content=\"677\" \/>\n\t<meta property=\"og:image:type\" content=\"image\/jpeg\" \/>\n<meta name=\"author\" content=\"George Martin\" \/>\n<meta name=\"twitter:card\" content=\"summary_large_image\" \/>\n<meta name=\"twitter:label1\" content=\"Szerz\u0151:\" \/>\n\t<meta name=\"twitter:data1\" content=\"George Martin\" \/>\n\t<meta name=\"twitter:label2\" content=\"Becs\u00fclt olvas\u00e1si id\u0151\" \/>\n\t<meta name=\"twitter:data2\" content=\"2 perc\" \/>\n<script type=\"application\/ld+json\" class=\"yoast-schema-graph\">{\"@context\":\"https:\\\/\\\/schema.org\",\"@graph\":[{\"@type\":\"Article\",\"@id\":\"https:\\\/\\\/regbu.com\\\/osamelost-a-socialni-site-spolu-dost-souvisi\\\/#article\",\"isPartOf\":{\"@id\":\"https:\\\/\\\/regbu.com\\\/osamelost-a-socialni-site-spolu-dost-souvisi\\\/\"},\"author\":{\"name\":\"George Martin\",\"@id\":\"https:\\\/\\\/regbu.com\\\/en\\\/#\\\/schema\\\/person\\\/94ea9deda2629771b8a9ced002f6784e\"},\"headline\":\"Osam\u011blost a soci\u00e1ln\u00ed s\u00edt\u011b spolu dost souvis\u00ed\",\"datePublished\":\"2022-01-25T16:00:55+00:00\",\"dateModified\":\"2025-09-05T05:42:40+00:00\",\"mainEntityOfPage\":{\"@id\":\"https:\\\/\\\/regbu.com\\\/osamelost-a-socialni-site-spolu-dost-souvisi\\\/\"},\"wordCount\":476,\"image\":{\"@id\":\"https:\\\/\\\/regbu.com\\\/osamelost-a-socialni-site-spolu-dost-souvisi\\\/#primaryimage\"},\"thumbnailUrl\":\"https:\\\/\\\/regbu.com\\\/wp-content\\\/uploads\\\/2022\\\/01\\\/osamelost-a-socialni-site-spolu-dost-souvisi.jpg\",\"keywords\":[\"internet\",\"kamar\u00e1di\",\"kontakt\",\"osam\u011blost\",\"osam\u011bn\u00ed\",\"p\u0159\u00e1tel\u00e9\",\"samota\",\"soci\u00e1ln\u00ed s\u00ed\u0165\",\"soci\u00e1ln\u00ed s\u00edt\u011b\",\"virtu\u00e1ln\u00ed sv\u011bt\"],\"articleSection\":[\"Lidsk\u00e9 Zdrav\u00ed\"],\"inLanguage\":\"hu\"},{\"@type\":[\"WebPage\",\"FAQPage\"],\"@id\":\"https:\\\/\\\/regbu.com\\\/osamelost-a-socialni-site-spolu-dost-souvisi\\\/\",\"url\":\"https:\\\/\\\/regbu.com\\\/osamelost-a-socialni-site-spolu-dost-souvisi\\\/\",\"name\":\"Osam\u011blost a soci\u00e1ln\u00ed s\u00edt\u011b spolu dost souvis\u00ed - REGBU.COM\",\"isPartOf\":{\"@id\":\"https:\\\/\\\/regbu.com\\\/en\\\/#website\"},\"primaryImageOfPage\":{\"@id\":\"https:\\\/\\\/regbu.com\\\/osamelost-a-socialni-site-spolu-dost-souvisi\\\/#primaryimage\"},\"image\":{\"@id\":\"https:\\\/\\\/regbu.com\\\/osamelost-a-socialni-site-spolu-dost-souvisi\\\/#primaryimage\"},\"thumbnailUrl\":\"https:\\\/\\\/regbu.com\\\/wp-content\\\/uploads\\\/2022\\\/01\\\/osamelost-a-socialni-site-spolu-dost-souvisi.jpg\",\"datePublished\":\"2022-01-25T16:00:55+00:00\",\"dateModified\":\"2025-09-05T05:42:40+00:00\",\"author\":{\"@id\":\"https:\\\/\\\/regbu.com\\\/en\\\/#\\\/schema\\\/person\\\/94ea9deda2629771b8a9ced002f6784e\"},\"description\":\"Osam\u011blost je velice nep\u0159\u00edjemnou z\u00e1le\u017eitost\u00ed. S roz\u0161i\u0159ov\u00e1n\u00edm soci\u00e1ln\u00edch s\u00edt\u00ed \u010dasto postihuje mlad\u0161\u00ed lidi. Zjist\u011bte o tomto t\u00e9matu v\u00edce.\",\"breadcrumb\":{\"@id\":\"https:\\\/\\\/regbu.com\\\/osamelost-a-socialni-site-spolu-dost-souvisi\\\/#breadcrumb\"},\"mainEntity\":[{\"@id\":\"https:\\\/\\\/regbu.com\\\/osamelost-a-socialni-site-spolu-dost-souvisi\\\/#faq-question-1623742264438\"},{\"@id\":\"https:\\\/\\\/regbu.com\\\/osamelost-a-socialni-site-spolu-dost-souvisi\\\/#faq-question-1623742272780\"},{\"@id\":\"https:\\\/\\\/regbu.com\\\/osamelost-a-socialni-site-spolu-dost-souvisi\\\/#faq-question-1623742281524\"},{\"@id\":\"https:\\\/\\\/regbu.com\\\/osamelost-a-socialni-site-spolu-dost-souvisi\\\/#faq-question-1623742290242\"},{\"@id\":\"https:\\\/\\\/regbu.com\\\/osamelost-a-socialni-site-spolu-dost-souvisi\\\/#faq-question-1623742301013\"}],\"inLanguage\":\"hu\",\"potentialAction\":[{\"@type\":\"ReadAction\",\"target\":[\"https:\\\/\\\/regbu.com\\\/osamelost-a-socialni-site-spolu-dost-souvisi\\\/\"]}]},{\"@type\":\"ImageObject\",\"inLanguage\":\"hu\",\"@id\":\"https:\\\/\\\/regbu.com\\\/osamelost-a-socialni-site-spolu-dost-souvisi\\\/#primaryimage\",\"url\":\"https:\\\/\\\/regbu.com\\\/wp-content\\\/uploads\\\/2022\\\/01\\\/osamelost-a-socialni-site-spolu-dost-souvisi.jpg\",\"contentUrl\":\"https:\\\/\\\/regbu.com\\\/wp-content\\\/uploads\\\/2022\\\/01\\\/osamelost-a-socialni-site-spolu-dost-souvisi.jpg\",\"width\":1200,\"height\":677,\"caption\":\"Osam\u011blost a soci\u00e1ln\u00ed s\u00edt\u011b spolu dost souvis\u00ed\"},{\"@type\":\"BreadcrumbList\",\"@id\":\"https:\\\/\\\/regbu.com\\\/osamelost-a-socialni-site-spolu-dost-souvisi\\\/#breadcrumb\",\"itemListElement\":[{\"@type\":\"ListItem\",\"position\":1,\"name\":\"Home\",\"item\":\"https:\\\/\\\/regbu.com\\\/en\\\/\"},{\"@type\":\"ListItem\",\"position\":2,\"name\":\"Osam\u011blost a soci\u00e1ln\u00ed s\u00edt\u011b spolu dost souvis\u00ed\"}]},{\"@type\":\"WebSite\",\"@id\":\"https:\\\/\\\/regbu.com\\\/en\\\/#website\",\"url\":\"https:\\\/\\\/regbu.com\\\/en\\\/\",\"name\":\"REGBU.COM\",\"description\":\"\",\"potentialAction\":[{\"@type\":\"SearchAction\",\"target\":{\"@type\":\"EntryPoint\",\"urlTemplate\":\"https:\\\/\\\/regbu.com\\\/en\\\/?s={search_term_string}\"},\"query-input\":{\"@type\":\"PropertyValueSpecification\",\"valueRequired\":true,\"valueName\":\"search_term_string\"}}],\"inLanguage\":\"hu\"},{\"@type\":\"Person\",\"@id\":\"https:\\\/\\\/regbu.com\\\/en\\\/#\\\/schema\\\/person\\\/94ea9deda2629771b8a9ced002f6784e\",\"name\":\"George Martin\",\"url\":\"https:\\\/\\\/regbu.com\\\/hu\\\/author\\\/george-martin\\\/\"},{\"@type\":\"Question\",\"@id\":\"https:\\\/\\\/regbu.com\\\/osamelost-a-socialni-site-spolu-dost-souvisi\\\/#faq-question-1623742264438\",\"position\":1,\"url\":\"https:\\\/\\\/regbu.com\\\/osamelost-a-socialni-site-spolu-dost-souvisi\\\/#faq-question-1623742264438\",\"name\":\"Jakou skupinu lid\u00ed postihuj\u00ed pocity osamocen\u00ed na soci\u00e1ln\u00edch s\u00edt\u00edch?\",\"answerCount\":1,\"acceptedAnswer\":{\"@type\":\"Answer\",\"text\":\"Podle nejr\u016fzn\u011bj\u0161\u00edch pr\u016fzkum\u016f se to t\u00fdk\u00e1 p\u0159edev\u0161\u00edm mlad\u0161\u00ed generace, kter\u00e1 je na komunika\u010dn\u00edch prost\u0159edc\u00edch doslova z\u00e1visl\u00e1.\",\"inLanguage\":\"hu\"},\"inLanguage\":\"hu\"},{\"@type\":\"Question\",\"@id\":\"https:\\\/\\\/regbu.com\\\/osamelost-a-socialni-site-spolu-dost-souvisi\\\/#faq-question-1623742272780\",\"position\":2,\"url\":\"https:\\\/\\\/regbu.com\\\/osamelost-a-socialni-site-spolu-dost-souvisi\\\/#faq-question-1623742272780\",\"name\":\"Jak sta\u0159\u00ed jsou takto ovlivn\u011bn\u00ed jedinci?\",\"answerCount\":1,\"acceptedAnswer\":{\"@type\":\"Answer\",\"text\":\"Jsou to prim\u00e1rn\u011b lid\u00e9 od 19 do 32 let.\",\"inLanguage\":\"hu\"},\"inLanguage\":\"hu\"},{\"@type\":\"Question\",\"@id\":\"https:\\\/\\\/regbu.com\\\/osamelost-a-socialni-site-spolu-dost-souvisi\\\/#faq-question-1623742281524\",\"position\":3,\"url\":\"https:\\\/\\\/regbu.com\\\/osamelost-a-socialni-site-spolu-dost-souvisi\\\/#faq-question-1623742281524\",\"name\":\"Co p\u0159isp\u00e1v\u00e1 k osam\u011blosti?\",\"answerCount\":1,\"acceptedAnswer\":{\"@type\":\"Answer\",\"text\":\"Ur\u010dit\u011b je to sledov\u00e1n\u00ed \u0161\u0165astn\u00fdch \u017eivot\u016f na soci\u00e1ln\u00edch s\u00edt\u00edch, kde\u017eto ten V\u00e1\u0161 nen\u00ed spojen s fyzick\u00fdm kontaktem a lidmi.\",\"inLanguage\":\"hu\"},\"inLanguage\":\"hu\"},{\"@type\":\"Question\",\"@id\":\"https:\\\/\\\/regbu.com\\\/osamelost-a-socialni-site-spolu-dost-souvisi\\\/#faq-question-1623742290242\",\"position\":4,\"url\":\"https:\\\/\\\/regbu.com\\\/osamelost-a-socialni-site-spolu-dost-souvisi\\\/#faq-question-1623742290242\",\"name\":\"Jsou soci\u00e1ln\u00ed s\u00edt\u011b dobr\u00fd sluha a zl\u00fd p\u00e1n?\",\"answerCount\":1,\"acceptedAnswer\":{\"@type\":\"Answer\",\"text\":\"Ve sv\u00e9 podstat\u011b ano. Na jednu stranu m\u00e1te spoustu p\u0159\u00e1tel, na druhou stranu vlastn\u011b nikoho, s k\u00fdm se st\u00fdk\u00e1te.\",\"inLanguage\":\"hu\"},\"inLanguage\":\"hu\"},{\"@type\":\"Question\",\"@id\":\"https:\\\/\\\/regbu.com\\\/osamelost-a-socialni-site-spolu-dost-souvisi\\\/#faq-question-1623742301013\",\"position\":5,\"url\":\"https:\\\/\\\/regbu.com\\\/osamelost-a-socialni-site-spolu-dost-souvisi\\\/#faq-question-1623742301013\",\"name\":\"Kdy se projevuje osam\u011blost na soci\u00e1ln\u00edch s\u00edt\u00edch?\",\"answerCount\":1,\"acceptedAnswer\":{\"@type\":\"Answer\",\"text\":\"Dle pr\u016fzkum\u016f sta\u010d\u00ed, kdy\u017e soci\u00e1ln\u00edmi s\u00edt\u011bmi tr\u00e1v\u00edte v\u00edce jak dv\u011b hodiny denn\u011b a u\u017e m\u016f\u017eete m\u00edt pocity osam\u011blosti.\",\"inLanguage\":\"hu\"},\"inLanguage\":\"hu\"}]}<\/script>\n<!-- \/ Yoast SEO plugin. -->","yoast_head_json":{"title":"A mag\u00e1ny \u00e9s a szoci\u00e1lis h\u00e1l\u00f3zatok meglehet\u0151sen \u00f6sszef\u00fcggnek - REGBU.COM","description":"A mag\u00e1ny nagyon kellemetlen dolog. A k\u00f6z\u00f6ss\u00e9gi h\u00e1l\u00f3zatok elterjed\u00e9s\u00e9vel ez gyakran a fiatalabbakat \u00e9rinti. Tudjon meg t\u00f6bbet err\u0151l a t\u00e9m\u00e1r\u00f3l.","robots":{"index":"index","follow":"follow","max-snippet":"max-snippet:-1","max-image-preview":"max-image-preview:large","max-video-preview":"max-video-preview:-1"},"canonical":"https:\/\/regbu.com\/hu\/maganyos-es-szocialis-helyszinek-osszekapcsolodni\/","og_locale":"hu_HU","og_type":"article","og_title":"Osam\u011blost a soci\u00e1ln\u00ed s\u00edt\u011b spolu dost souvis\u00ed - REGBU.COM","og_description":"Osam\u011blost je velice nep\u0159\u00edjemnou z\u00e1le\u017eitost\u00ed. S roz\u0161i\u0159ov\u00e1n\u00edm soci\u00e1ln\u00edch s\u00edt\u00ed \u010dasto postihuje mlad\u0161\u00ed lidi. Zjist\u011bte o tomto t\u00e9matu v\u00edce.","og_url":"https:\/\/regbu.com\/hu\/maganyos-es-szocialis-helyszinek-osszekapcsolodni\/","og_site_name":"REGBU.COM","article_published_time":"2022-01-25T16:00:55+00:00","article_modified_time":"2025-09-05T05:42:40+00:00","og_image":[{"width":1200,"height":677,"url":"https:\/\/regbu.com\/wp-content\/uploads\/2022\/01\/osamelost-a-socialni-site-spolu-dost-souvisi.jpg","type":"image\/jpeg"}],"author":"George Martin","twitter_card":"summary_large_image","twitter_misc":{"Szerz\u0151:":"George Martin","Becs\u00fclt olvas\u00e1si id\u0151":"2 perc"},"schema":{"@context":"https:\/\/schema.org","@graph":[{"@type":"Article","@id":"https:\/\/regbu.com\/osamelost-a-socialni-site-spolu-dost-souvisi\/#article","isPartOf":{"@id":"https:\/\/regbu.com\/osamelost-a-socialni-site-spolu-dost-souvisi\/"},"author":{"name":"George Martin","@id":"https:\/\/regbu.com\/en\/#\/schema\/person\/94ea9deda2629771b8a9ced002f6784e"},"headline":"Osam\u011blost a soci\u00e1ln\u00ed s\u00edt\u011b spolu dost souvis\u00ed","datePublished":"2022-01-25T16:00:55+00:00","dateModified":"2025-09-05T05:42:40+00:00","mainEntityOfPage":{"@id":"https:\/\/regbu.com\/osamelost-a-socialni-site-spolu-dost-souvisi\/"},"wordCount":476,"image":{"@id":"https:\/\/regbu.com\/osamelost-a-socialni-site-spolu-dost-souvisi\/#primaryimage"},"thumbnailUrl":"https:\/\/regbu.com\/wp-content\/uploads\/2022\/01\/osamelost-a-socialni-site-spolu-dost-souvisi.jpg","keywords":["internet","kamar\u00e1di","kontakt","osam\u011blost","osam\u011bn\u00ed","p\u0159\u00e1tel\u00e9","samota","soci\u00e1ln\u00ed s\u00ed\u0165","soci\u00e1ln\u00ed s\u00edt\u011b","virtu\u00e1ln\u00ed sv\u011bt"],"articleSection":["Lidsk\u00e9 Zdrav\u00ed"],"inLanguage":"hu"},{"@type":["WebPage","FAQPage"],"@id":"https:\/\/regbu.com\/osamelost-a-socialni-site-spolu-dost-souvisi\/","url":"https:\/\/regbu.com\/osamelost-a-socialni-site-spolu-dost-souvisi\/","name":"A mag\u00e1ny \u00e9s a szoci\u00e1lis h\u00e1l\u00f3zatok meglehet\u0151sen \u00f6sszef\u00fcggnek - REGBU.COM","isPartOf":{"@id":"https:\/\/regbu.com\/en\/#website"},"primaryImageOfPage":{"@id":"https:\/\/regbu.com\/osamelost-a-socialni-site-spolu-dost-souvisi\/#primaryimage"},"image":{"@id":"https:\/\/regbu.com\/osamelost-a-socialni-site-spolu-dost-souvisi\/#primaryimage"},"thumbnailUrl":"https:\/\/regbu.com\/wp-content\/uploads\/2022\/01\/osamelost-a-socialni-site-spolu-dost-souvisi.jpg","datePublished":"2022-01-25T16:00:55+00:00","dateModified":"2025-09-05T05:42:40+00:00","author":{"@id":"https:\/\/regbu.com\/en\/#\/schema\/person\/94ea9deda2629771b8a9ced002f6784e"},"description":"A mag\u00e1ny nagyon kellemetlen dolog. A k\u00f6z\u00f6ss\u00e9gi h\u00e1l\u00f3zatok elterjed\u00e9s\u00e9vel ez gyakran a fiatalabbakat \u00e9rinti. Tudjon meg t\u00f6bbet err\u0151l a t\u00e9m\u00e1r\u00f3l.","breadcrumb":{"@id":"https:\/\/regbu.com\/osamelost-a-socialni-site-spolu-dost-souvisi\/#breadcrumb"},"mainEntity":[{"@id":"https:\/\/regbu.com\/osamelost-a-socialni-site-spolu-dost-souvisi\/#faq-question-1623742264438"},{"@id":"https:\/\/regbu.com\/osamelost-a-socialni-site-spolu-dost-souvisi\/#faq-question-1623742272780"},{"@id":"https:\/\/regbu.com\/osamelost-a-socialni-site-spolu-dost-souvisi\/#faq-question-1623742281524"},{"@id":"https:\/\/regbu.com\/osamelost-a-socialni-site-spolu-dost-souvisi\/#faq-question-1623742290242"},{"@id":"https:\/\/regbu.com\/osamelost-a-socialni-site-spolu-dost-souvisi\/#faq-question-1623742301013"}],"inLanguage":"hu","potentialAction":[{"@type":"ReadAction","target":["https:\/\/regbu.com\/osamelost-a-socialni-site-spolu-dost-souvisi\/"]}]},{"@type":"ImageObject","inLanguage":"hu","@id":"https:\/\/regbu.com\/osamelost-a-socialni-site-spolu-dost-souvisi\/#primaryimage","url":"https:\/\/regbu.com\/wp-content\/uploads\/2022\/01\/osamelost-a-socialni-site-spolu-dost-souvisi.jpg","contentUrl":"https:\/\/regbu.com\/wp-content\/uploads\/2022\/01\/osamelost-a-socialni-site-spolu-dost-souvisi.jpg","width":1200,"height":677,"caption":"Osam\u011blost a soci\u00e1ln\u00ed s\u00edt\u011b spolu dost souvis\u00ed"},{"@type":"BreadcrumbList","@id":"https:\/\/regbu.com\/osamelost-a-socialni-site-spolu-dost-souvisi\/#breadcrumb","itemListElement":[{"@type":"ListItem","position":1,"name":"Home","item":"https:\/\/regbu.com\/en\/"},{"@type":"ListItem","position":2,"name":"Osam\u011blost a soci\u00e1ln\u00ed s\u00edt\u011b spolu dost souvis\u00ed"}]},{"@type":"WebSite","@id":"https:\/\/regbu.com\/en\/#website","url":"https:\/\/regbu.com\/en\/","name":"REGBU.COM","description":"","potentialAction":[{"@type":"SearchAction","target":{"@type":"EntryPoint","urlTemplate":"https:\/\/regbu.com\/en\/?s={search_term_string}"},"query-input":{"@type":"PropertyValueSpecification","valueRequired":true,"valueName":"search_term_string"}}],"inLanguage":"hu"},{"@type":"Person","@id":"https:\/\/regbu.com\/en\/#\/schema\/person\/94ea9deda2629771b8a9ced002f6784e","name":"George Martin","url":"https:\/\/regbu.com\/hu\/author\/george-martin\/"},{"@type":"Question","@id":"https:\/\/regbu.com\/osamelost-a-socialni-site-spolu-dost-souvisi\/#faq-question-1623742264438","position":1,"url":"https:\/\/regbu.com\/osamelost-a-socialni-site-spolu-dost-souvisi\/#faq-question-1623742264438","name":"Melyik csoportot \u00e9rinti a k\u00f6z\u00f6ss\u00e9gi m\u00e9di\u00e1ban megjelen\u0151 mag\u00e1ny\u00e9rzet?","answerCount":1,"acceptedAnswer":{"@type":"Answer","text":"Podle nejr\u016fzn\u011bj\u0161\u00edch pr\u016fzkum\u016f se to t\u00fdk\u00e1 p\u0159edev\u0161\u00edm mlad\u0161\u00ed generace, kter\u00e1 je na komunika\u010dn\u00edch prost\u0159edc\u00edch doslova z\u00e1visl\u00e1.","inLanguage":"hu"},"inLanguage":"hu"},{"@type":"Question","@id":"https:\/\/regbu.com\/osamelost-a-socialni-site-spolu-dost-souvisi\/#faq-question-1623742272780","position":2,"url":"https:\/\/regbu.com\/osamelost-a-socialni-site-spolu-dost-souvisi\/#faq-question-1623742272780","name":"H\u00e1ny \u00e9vesek az \u00e9rintettek?","answerCount":1,"acceptedAnswer":{"@type":"Answer","text":"Jsou to prim\u00e1rn\u011b lid\u00e9 od 19 do 32 let.","inLanguage":"hu"},"inLanguage":"hu"},{"@type":"Question","@id":"https:\/\/regbu.com\/osamelost-a-socialni-site-spolu-dost-souvisi\/#faq-question-1623742281524","position":3,"url":"https:\/\/regbu.com\/osamelost-a-socialni-site-spolu-dost-souvisi\/#faq-question-1623742281524","name":"Mi j\u00e1rul hozz\u00e1 a mag\u00e1nyoss\u00e1ghoz?","answerCount":1,"acceptedAnswer":{"@type":"Answer","text":"Ur\u010dit\u011b je to sledov\u00e1n\u00ed \u0161\u0165astn\u00fdch \u017eivot\u016f na soci\u00e1ln\u00edch s\u00edt\u00edch, kde\u017eto ten V\u00e1\u0161 nen\u00ed spojen s fyzick\u00fdm kontaktem a lidmi.","inLanguage":"hu"},"inLanguage":"hu"},{"@type":"Question","@id":"https:\/\/regbu.com\/osamelost-a-socialni-site-spolu-dost-souvisi\/#faq-question-1623742290242","position":4,"url":"https:\/\/regbu.com\/osamelost-a-socialni-site-spolu-dost-souvisi\/#faq-question-1623742290242","name":"A k\u00f6z\u00f6ss\u00e9gi h\u00e1l\u00f3zatok j\u00f3 szolg\u00e1k \u00e9s rossz urak?","answerCount":1,"acceptedAnswer":{"@type":"Answer","text":"Ve sv\u00e9 podstat\u011b ano. Na jednu stranu m\u00e1te spoustu p\u0159\u00e1tel, na druhou stranu vlastn\u011b nikoho, s k\u00fdm se st\u00fdk\u00e1te.","inLanguage":"hu"},"inLanguage":"hu"},{"@type":"Question","@id":"https:\/\/regbu.com\/osamelost-a-socialni-site-spolu-dost-souvisi\/#faq-question-1623742301013","position":5,"url":"https:\/\/regbu.com\/osamelost-a-socialni-site-spolu-dost-souvisi\/#faq-question-1623742301013","name":"Mikor jelentkezik a mag\u00e1ny a k\u00f6z\u00f6ss\u00e9gi m\u00e9di\u00e1ban?","answerCount":1,"acceptedAnswer":{"@type":"Answer","text":"Dle pr\u016fzkum\u016f sta\u010d\u00ed, kdy\u017e soci\u00e1ln\u00edmi s\u00edt\u011bmi tr\u00e1v\u00edte v\u00edce jak dv\u011b hodiny denn\u011b a u\u017e m\u016f\u017eete m\u00edt pocity osam\u011blosti.","inLanguage":"hu"},"inLanguage":"hu"}]}},"_links":{"self":[{"href":"https:\/\/regbu.com\/hu\/wp-json\/wp\/v2\/posts\/454","targetHints":{"allow":["GET"]}}],"collection":[{"href":"https:\/\/regbu.com\/hu\/wp-json\/wp\/v2\/posts"}],"about":[{"href":"https:\/\/regbu.com\/hu\/wp-json\/wp\/v2\/types\/post"}],"author":[{"embeddable":true,"href":"https:\/\/regbu.com\/hu\/wp-json\/wp\/v2\/users\/2"}],"replies":[{"embeddable":true,"href":"https:\/\/regbu.com\/hu\/wp-json\/wp\/v2\/comments?post=454"}],"version-history":[{"count":3,"href":"https:\/\/regbu.com\/hu\/wp-json\/wp\/v2\/posts\/454\/revisions"}],"predecessor-version":[{"id":472,"href":"https:\/\/regbu.com\/hu\/wp-json\/wp\/v2\/posts\/454\/revisions\/472"}],"wp:featuredmedia":[{"embeddable":true,"href":"https:\/\/regbu.com\/hu\/wp-json\/wp\/v2\/media\/455"}],"wp:attachment":[{"href":"https:\/\/regbu.com\/hu\/wp-json\/wp\/v2\/media?parent=454"}],"wp:term":[{"taxonomy":"category","embeddable":true,"href":"https:\/\/regbu.com\/hu\/wp-json\/wp\/v2\/categories?post=454"},{"taxonomy":"post_tag","embeddable":true,"href":"https:\/\/regbu.com\/hu\/wp-json\/wp\/v2\/tags?post=454"}],"curies":[{"name":"wp","href":"https:\/\/api.w.org\/{rel}","templated":true}]}}