{"id":1518,"date":"2023-08-14T09:48:10","date_gmt":"2023-08-14T07:48:10","guid":{"rendered":"https:\/\/regbu.com\/?p=1518"},"modified":"2025-09-05T07:39:43","modified_gmt":"2025-09-05T05:39:43","slug":"autonomni-rizeni-v-sesti-urovnich","status":"publish","type":"post","link":"https:\/\/regbu.com\/hu\/autonomous-solution-in-six-levels\/","title":{"rendered":"Hat szint\u0171 auton\u00f3m vez\u00e9rl\u00e9s"},"content":{"rendered":"<p>Az auton\u00f3m vezet\u00e9s egy olyan fogalom, amely szorosan kapcsol\u00f3dik a k\u00f6vetkez\u0151kh\u00f6z\u00a0<a href=\"https:\/\/regbu.com\/hu\/elektromobilitas-van-a-sajat-korkepe\/\"><strong>elektromobilit\u00e1s<\/strong> <\/a>\u00e9s modern k\u00f6zleked\u00e9si eszk\u00f6z\u00f6k. Egyszer\u0171en fogalmazva, ez a fajta vezet\u00e9s \u00f6nvezet\u00e9snek nevezhet\u0151. Ez azt jelenti, hogy egy speci\u00e1lis rendszer avatkozik be a vezet\u00e9s\u00e9be. Ez term\u00e9szetesen a kiv\u00e1lasztott modellcsal\u00e1dok \u00e9s aut\u00f3m\u00e1rk\u00e1k r\u00e9sze.<\/p>\n\n\n\n<ul class=\"wp-block-list\">\n<li>Auton\u00f3m vezet\u00e9s 0-5<\/li>\n\n\n\n<li>2025-ben ak\u00e1r 8 milli\u00f3 g\u00e9pkocsi \u00fczemel majd<\/li>\n\n\n\n<li>Tesla nagy \u00fatt\u00f6r\u0151<\/li>\n<\/ul>\n\n\n\n<p>Az elej\u00e9n minden van, term\u00e9szetesen. <strong>nulla automatiz\u00e1l\u00e1s<\/strong>. Ez els\u0151sorban a r\u00e9gebbi aut\u00f3modellekre vonatkozik, ahol a vezet\u0151nek egyed\u00fcl kell vezetnie \u00e9s ir\u00e1ny\u00edtania az aut\u00f3t. Teh\u00e1t nem sz\u00e1m\u00edthat semmilyen automatiz\u00e1l\u00e1sra a beavatkoz\u00e1sban.<\/p>\n\n\n\n<h2 class=\"wp-block-heading\">Az ir\u00e1ny\u00edt\u00e1s k\u00fcl\u00f6nb\u00f6z\u0151 szintjei<\/h2>\n\n\n\n<p>Ha az egyes sz\u00e1m\u00fak\u00e9nt emlegetett auton\u00f3m vezet\u00e9ssel tal\u00e1lkozik, akkor alapvet\u0151 vezet\u00e9si asszisztenseket kap. Egy k\u00e9pzeletbeli ugr\u00f3deszka az adapt\u00edv sebess\u00e9gtart\u00f3 automatika, amellyel az \u00d6n beavatkoz\u00e1sa n\u00e9lk\u00fcl tarthatja a be\u00e1ll\u00edtott sebess\u00e9get vezet\u00e9s k\u00f6zben. N\u00e9h\u00e1ny m\u00e1s rendszer ellen\u00e9re azonban a vezet\u0151nek akt\u00edvan r\u00e9szt kell vennie az aut\u00f3 vezet\u00e9s\u00e9ben.<\/p>\n\n\n\n<figure class=\"wp-block-table\"><table><tbody><tr><td><strong>Auton\u00f3m vezet\u00e9s<\/strong><\/td><td><strong>Inform\u00e1ci\u00f3<\/strong><\/td><\/tr><tr><td>2<\/td><td>R\u00e9szleges automatiz\u00e1l\u00e1s<\/td><\/tr><tr><td>3<\/td><td>Felt\u00e9teles elj\u00e1r\u00e1s<\/td><\/tr><tr><td>4<\/td><td>Magas fok\u00fa automatiz\u00e1l\u00e1s<\/td><\/tr><tr><td>5<\/td><td>Teljes automatiz\u00e1l\u00e1s<\/td><\/tr><\/tbody><\/table><figcaption class=\"wp-element-caption\">Az auton\u00f3m vezet\u00e9s egy\u00e9b szintjei, amelyeket tudnia kell.<\/figcaption><\/figure>\n\n\n\n<p>A vez\u00e9rl\u00e9s r\u00e9szleges automatiz\u00e1l\u00e1s\u00e1nak r\u00e9szek\u00e9nt a k\u00f6vetkez\u0151kre t\u00e1maszkodhat <em>fejlett vezet\u00e9si asszisztensek<\/em>amelyeket gyakran az ADAS r\u00f6vid\u00edt\u00e9ssel jel\u00f6lnek. A rendszert\u0151l seg\u00edts\u00e9get v\u00e1rhat a korm\u00e1nyz\u00e1s, a f\u00e9kez\u00e9s \u00e9s a gyors\u00edt\u00e1s sor\u00e1n.<\/p>\n\n\n\n<h3 class=\"wp-block-heading\">Az auton\u00f3m vezet\u00e9s r\u00e9szletesen<\/h3>\n\n\n\n<p>A m\u00e1sodik szintr\u0151l a harmadikra val\u00f3 \u00e1tmenet sor\u00e1n jelent\u0151s technol\u00f3giai fejl\u0151d\u00e9s k\u00f6vetkezik be. A rendszerek ma m\u00e1r t\u00f6bb lehet\u0151s\u00e9get k\u00edn\u00e1lnak a k\u00f6rnyezet megfigyel\u00e9s\u00e9re. M\u00e9g ha els\u0151 pillant\u00e1sra nem is l\u00e1that\u00f3ak a vezet\u0151 sz\u00e1m\u00e1ra, akt\u00edvak \u00e9s seg\u00edtik a vezet\u00e9st. Emberi fel\u00fcgyeletre azonban ism\u00e9t sz\u00fcks\u00e9g van. Az emberi beavatkoz\u00e1s n\u00e9lk\u00fcli vezet\u00e9s a negyedik szinten k\u00f6vetkezik be. Itt nincs sz\u00fcks\u00e9g a j\u00e1rm\u0171vezet\u0151 beavatkoz\u00e1s\u00e1ra, de m\u00e9g mindig van n\u00e9mi meghat\u00e1rozott mozg\u00e1st\u00e9r e rendszerek haszn\u00e1lat\u00e1ra.<\/p>\n\n\n\n<p>Az auton\u00f3m vezet\u00e9s cs\u00facsa <strong>\u00f6t\u00f6dik szint teljes vez\u00e9rl\u0151 automatiz\u00e1l\u00e1ssal<\/strong>. Az \u0151 eset\u00e9ben m\u00e1r nincs sz\u00fcks\u00e9g emberi figyelemre. Sok szak\u00e9rt\u0151 kac\u00e9rkodik a j\u00f6v\u0151 aut\u00f3ja kifejez\u00e9ssel, \u00e9s val\u00f3sz\u00edn\u0171leg nem j\u00e1rnak messze az igazs\u00e1gt\u00f3l.<\/p>","protected":false},"excerpt":{"rendered":"<p>Az auton\u00f3m vezet\u00e9s az elektromobilit\u00e1shoz \u00e9s a modern j\u00e1rm\u0171vekhez szorosan kapcsol\u00f3d\u00f3 fogalom. Egyszer\u0171en fogalmazva, ez a fajta vezet\u00e9s \u00f6nvezet\u00e9snek nevezhet\u0151. Ez azt jelenti, hogy egy speci\u00e1lis rendszer avatkozik be vezet\u00e9s k\u00f6zben. Ez term\u00e9szetesen a kiv\u00e1lasztott modellcsal\u00e1dok \u00e9s aut\u00f3m\u00e1rk\u00e1k r\u00e9sze. Term\u00e9szetesen az eg\u00e9sznek az elej\u00e9n nulla automatiz\u00e1l\u00e1s van. Ez ... <\/p>","protected":false},"author":2,"featured_media":1519,"comment_status":"closed","ping_status":"closed","sticky":false,"template":"","format":"standard","meta":{"footnotes":""},"categories":[6],"tags":[1298,655,1888,654,1886,1887,1848,1889,1890,653],"class_list":["post-1518","post","type-post","status-publish","format-standard","has-post-thumbnail","hentry","category-technologie","tag-auta","tag-auto","tag-automatizace","tag-automobil","tag-autonomni-rizeni","tag-rizeni","tag-tesla","tag-uroven","tag-urovne","tag-vozidlo"],"yoast_head":"<!-- This site is optimized with the Yoast SEO plugin v27.4 - https:\/\/yoast.com\/product\/yoast-seo-wordpress\/ -->\n<title>Autonomn\u00ed \u0159\u00edzen\u00ed v \u0161esti \u00farovn\u00edch - REGBU.COM<\/title>\n<meta name=\"description\" content=\"V\u00edte, co si p\u0159edstavit pod n\u00e1zvem autonomn\u00ed \u0159\u00edzen\u00ed? Prozrad\u00edme V\u00e1m to a p\u0159edstav\u00edme rovnou jednotliv\u00e9 \u00farovn\u011b.\" \/>\n<meta name=\"robots\" content=\"index, follow, max-snippet:-1, max-image-preview:large, max-video-preview:-1\" \/>\n<link rel=\"canonical\" href=\"https:\/\/regbu.com\/hu\/autonomous-solution-in-six-levels\/\" \/>\n<meta property=\"og:locale\" content=\"hu_HU\" \/>\n<meta property=\"og:type\" content=\"article\" \/>\n<meta property=\"og:title\" content=\"Autonomn\u00ed \u0159\u00edzen\u00ed v \u0161esti \u00farovn\u00edch - REGBU.COM\" \/>\n<meta property=\"og:description\" content=\"V\u00edte, co si p\u0159edstavit pod n\u00e1zvem autonomn\u00ed \u0159\u00edzen\u00ed? Prozrad\u00edme V\u00e1m to a p\u0159edstav\u00edme rovnou jednotliv\u00e9 \u00farovn\u011b.\" \/>\n<meta property=\"og:url\" content=\"https:\/\/regbu.com\/hu\/autonomous-solution-in-six-levels\/\" \/>\n<meta property=\"og:site_name\" content=\"REGBU.COM\" \/>\n<meta property=\"article:published_time\" content=\"2023-08-14T07:48:10+00:00\" \/>\n<meta property=\"article:modified_time\" content=\"2025-09-05T05:39:43+00:00\" \/>\n<meta property=\"og:image\" content=\"https:\/\/regbu.com\/wp-content\/uploads\/2023\/08\/autonomni-rizeni-v-sesti-urovnich.jpg\" \/>\n\t<meta property=\"og:image:width\" content=\"1200\" \/>\n\t<meta property=\"og:image:height\" content=\"679\" \/>\n\t<meta property=\"og:image:type\" content=\"image\/jpeg\" \/>\n<meta name=\"author\" content=\"George Martin\" \/>\n<meta name=\"twitter:card\" content=\"summary_large_image\" \/>\n<meta name=\"twitter:label1\" content=\"Szerz\u0151:\" \/>\n\t<meta name=\"twitter:data1\" content=\"George Martin\" \/>\n\t<meta name=\"twitter:label2\" content=\"Becs\u00fclt olvas\u00e1si id\u0151\" \/>\n\t<meta name=\"twitter:data2\" content=\"2 perc\" \/>\n<script type=\"application\/ld+json\" class=\"yoast-schema-graph\">{\"@context\":\"https:\\\/\\\/schema.org\",\"@graph\":[{\"@type\":\"Article\",\"@id\":\"https:\\\/\\\/regbu.com\\\/hu\\\/autonomous-solution-in-six-levels\\\/#article\",\"isPartOf\":{\"@id\":\"https:\\\/\\\/regbu.com\\\/hu\\\/autonomous-solution-in-six-levels\\\/\"},\"author\":{\"name\":\"George Martin\",\"@id\":\"https:\\\/\\\/regbu.com\\\/en\\\/#\\\/schema\\\/person\\\/94ea9deda2629771b8a9ced002f6784e\"},\"headline\":\"Autonomn\u00ed \u0159\u00edzen\u00ed v \u0161esti \u00farovn\u00edch\",\"datePublished\":\"2023-08-14T07:48:10+00:00\",\"dateModified\":\"2025-09-05T05:39:43+00:00\",\"mainEntityOfPage\":{\"@id\":\"https:\\\/\\\/regbu.com\\\/hu\\\/autonomous-solution-in-six-levels\\\/\"},\"wordCount\":424,\"image\":{\"@id\":\"https:\\\/\\\/regbu.com\\\/hu\\\/autonomous-solution-in-six-levels\\\/#primaryimage\"},\"thumbnailUrl\":\"https:\\\/\\\/regbu.com\\\/wp-content\\\/uploads\\\/2023\\\/08\\\/autonomni-rizeni-v-sesti-urovnich.jpg\",\"keywords\":[\"auta\",\"auto\",\"automatizace\",\"automobil\",\"autonomn\u00ed \u0159\u00edzen\u00ed\",\"\u0159\u00edzen\u00ed\",\"tesla\",\"\u00farove\u0148\",\"\u00farovn\u011b\",\"vozidlo\"],\"articleSection\":[\"Technologie\"],\"inLanguage\":\"hu\"},{\"@type\":\"WebPage\",\"@id\":\"https:\\\/\\\/regbu.com\\\/hu\\\/autonomous-solution-in-six-levels\\\/\",\"url\":\"https:\\\/\\\/regbu.com\\\/hu\\\/autonomous-solution-in-six-levels\\\/\",\"name\":\"Autonomn\u00ed \u0159\u00edzen\u00ed v \u0161esti \u00farovn\u00edch - REGBU.COM\",\"isPartOf\":{\"@id\":\"https:\\\/\\\/regbu.com\\\/en\\\/#website\"},\"primaryImageOfPage\":{\"@id\":\"https:\\\/\\\/regbu.com\\\/hu\\\/autonomous-solution-in-six-levels\\\/#primaryimage\"},\"image\":{\"@id\":\"https:\\\/\\\/regbu.com\\\/hu\\\/autonomous-solution-in-six-levels\\\/#primaryimage\"},\"thumbnailUrl\":\"https:\\\/\\\/regbu.com\\\/wp-content\\\/uploads\\\/2023\\\/08\\\/autonomni-rizeni-v-sesti-urovnich.jpg\",\"datePublished\":\"2023-08-14T07:48:10+00:00\",\"dateModified\":\"2025-09-05T05:39:43+00:00\",\"author\":{\"@id\":\"https:\\\/\\\/regbu.com\\\/en\\\/#\\\/schema\\\/person\\\/94ea9deda2629771b8a9ced002f6784e\"},\"description\":\"V\u00edte, co si p\u0159edstavit pod n\u00e1zvem autonomn\u00ed \u0159\u00edzen\u00ed? Prozrad\u00edme V\u00e1m to a p\u0159edstav\u00edme rovnou jednotliv\u00e9 \u00farovn\u011b.\",\"breadcrumb\":{\"@id\":\"https:\\\/\\\/regbu.com\\\/hu\\\/autonomous-solution-in-six-levels\\\/#breadcrumb\"},\"inLanguage\":\"hu\",\"potentialAction\":[{\"@type\":\"ReadAction\",\"target\":[\"https:\\\/\\\/regbu.com\\\/hu\\\/autonomous-solution-in-six-levels\\\/\"]}]},{\"@type\":\"ImageObject\",\"inLanguage\":\"hu\",\"@id\":\"https:\\\/\\\/regbu.com\\\/hu\\\/autonomous-solution-in-six-levels\\\/#primaryimage\",\"url\":\"https:\\\/\\\/regbu.com\\\/wp-content\\\/uploads\\\/2023\\\/08\\\/autonomni-rizeni-v-sesti-urovnich.jpg\",\"contentUrl\":\"https:\\\/\\\/regbu.com\\\/wp-content\\\/uploads\\\/2023\\\/08\\\/autonomni-rizeni-v-sesti-urovnich.jpg\",\"width\":1200,\"height\":679,\"caption\":\"Autonomn\u00ed \u0159\u00edzen\u00ed v \u0161esti \u00farovn\u00edch\"},{\"@type\":\"BreadcrumbList\",\"@id\":\"https:\\\/\\\/regbu.com\\\/hu\\\/autonomous-solution-in-six-levels\\\/#breadcrumb\",\"itemListElement\":[{\"@type\":\"ListItem\",\"position\":1,\"name\":\"Home\",\"item\":\"https:\\\/\\\/regbu.com\\\/en\\\/\"},{\"@type\":\"ListItem\",\"position\":2,\"name\":\"Autonomn\u00ed \u0159\u00edzen\u00ed v \u0161esti \u00farovn\u00edch\"}]},{\"@type\":\"WebSite\",\"@id\":\"https:\\\/\\\/regbu.com\\\/en\\\/#website\",\"url\":\"https:\\\/\\\/regbu.com\\\/en\\\/\",\"name\":\"REGBU.COM\",\"description\":\"\",\"potentialAction\":[{\"@type\":\"SearchAction\",\"target\":{\"@type\":\"EntryPoint\",\"urlTemplate\":\"https:\\\/\\\/regbu.com\\\/en\\\/?s={search_term_string}\"},\"query-input\":{\"@type\":\"PropertyValueSpecification\",\"valueRequired\":true,\"valueName\":\"search_term_string\"}}],\"inLanguage\":\"hu\"},{\"@type\":\"Person\",\"@id\":\"https:\\\/\\\/regbu.com\\\/en\\\/#\\\/schema\\\/person\\\/94ea9deda2629771b8a9ced002f6784e\",\"name\":\"George Martin\",\"url\":\"https:\\\/\\\/regbu.com\\\/hu\\\/author\\\/george-martin\\\/\"}]}<\/script>\n<!-- \/ Yoast SEO plugin. -->","yoast_head_json":{"title":"Az auton\u00f3m vezet\u00e9s hat szinten - REGBU.COM","description":"Tudja, mit jelent az auton\u00f3m vezet\u00e9s? Elmondjuk, \u00e9s bemutatjuk a k\u00fcl\u00f6nb\u00f6z\u0151 szinteket.","robots":{"index":"index","follow":"follow","max-snippet":"max-snippet:-1","max-image-preview":"max-image-preview:large","max-video-preview":"max-video-preview:-1"},"canonical":"https:\/\/regbu.com\/hu\/autonomous-solution-in-six-levels\/","og_locale":"hu_HU","og_type":"article","og_title":"Autonomn\u00ed \u0159\u00edzen\u00ed v \u0161esti \u00farovn\u00edch - REGBU.COM","og_description":"V\u00edte, co si p\u0159edstavit pod n\u00e1zvem autonomn\u00ed \u0159\u00edzen\u00ed? Prozrad\u00edme V\u00e1m to a p\u0159edstav\u00edme rovnou jednotliv\u00e9 \u00farovn\u011b.","og_url":"https:\/\/regbu.com\/hu\/autonomous-solution-in-six-levels\/","og_site_name":"REGBU.COM","article_published_time":"2023-08-14T07:48:10+00:00","article_modified_time":"2025-09-05T05:39:43+00:00","og_image":[{"width":1200,"height":679,"url":"https:\/\/regbu.com\/wp-content\/uploads\/2023\/08\/autonomni-rizeni-v-sesti-urovnich.jpg","type":"image\/jpeg"}],"author":"George Martin","twitter_card":"summary_large_image","twitter_misc":{"Szerz\u0151:":"George Martin","Becs\u00fclt olvas\u00e1si id\u0151":"2 perc"},"schema":{"@context":"https:\/\/schema.org","@graph":[{"@type":"Article","@id":"https:\/\/regbu.com\/hu\/autonomous-solution-in-six-levels\/#article","isPartOf":{"@id":"https:\/\/regbu.com\/hu\/autonomous-solution-in-six-levels\/"},"author":{"name":"George Martin","@id":"https:\/\/regbu.com\/en\/#\/schema\/person\/94ea9deda2629771b8a9ced002f6784e"},"headline":"Autonomn\u00ed \u0159\u00edzen\u00ed v \u0161esti \u00farovn\u00edch","datePublished":"2023-08-14T07:48:10+00:00","dateModified":"2025-09-05T05:39:43+00:00","mainEntityOfPage":{"@id":"https:\/\/regbu.com\/hu\/autonomous-solution-in-six-levels\/"},"wordCount":424,"image":{"@id":"https:\/\/regbu.com\/hu\/autonomous-solution-in-six-levels\/#primaryimage"},"thumbnailUrl":"https:\/\/regbu.com\/wp-content\/uploads\/2023\/08\/autonomni-rizeni-v-sesti-urovnich.jpg","keywords":["auta","auto","automatizace","automobil","autonomn\u00ed \u0159\u00edzen\u00ed","\u0159\u00edzen\u00ed","tesla","\u00farove\u0148","\u00farovn\u011b","vozidlo"],"articleSection":["Technologie"],"inLanguage":"hu"},{"@type":"WebPage","@id":"https:\/\/regbu.com\/hu\/autonomous-solution-in-six-levels\/","url":"https:\/\/regbu.com\/hu\/autonomous-solution-in-six-levels\/","name":"Az auton\u00f3m vezet\u00e9s hat szinten - REGBU.COM","isPartOf":{"@id":"https:\/\/regbu.com\/en\/#website"},"primaryImageOfPage":{"@id":"https:\/\/regbu.com\/hu\/autonomous-solution-in-six-levels\/#primaryimage"},"image":{"@id":"https:\/\/regbu.com\/hu\/autonomous-solution-in-six-levels\/#primaryimage"},"thumbnailUrl":"https:\/\/regbu.com\/wp-content\/uploads\/2023\/08\/autonomni-rizeni-v-sesti-urovnich.jpg","datePublished":"2023-08-14T07:48:10+00:00","dateModified":"2025-09-05T05:39:43+00:00","author":{"@id":"https:\/\/regbu.com\/en\/#\/schema\/person\/94ea9deda2629771b8a9ced002f6784e"},"description":"Tudja, mit jelent az auton\u00f3m vezet\u00e9s? Elmondjuk, \u00e9s bemutatjuk a k\u00fcl\u00f6nb\u00f6z\u0151 szinteket.","breadcrumb":{"@id":"https:\/\/regbu.com\/hu\/autonomous-solution-in-six-levels\/#breadcrumb"},"inLanguage":"hu","potentialAction":[{"@type":"ReadAction","target":["https:\/\/regbu.com\/hu\/autonomous-solution-in-six-levels\/"]}]},{"@type":"ImageObject","inLanguage":"hu","@id":"https:\/\/regbu.com\/hu\/autonomous-solution-in-six-levels\/#primaryimage","url":"https:\/\/regbu.com\/wp-content\/uploads\/2023\/08\/autonomni-rizeni-v-sesti-urovnich.jpg","contentUrl":"https:\/\/regbu.com\/wp-content\/uploads\/2023\/08\/autonomni-rizeni-v-sesti-urovnich.jpg","width":1200,"height":679,"caption":"Autonomn\u00ed \u0159\u00edzen\u00ed v \u0161esti \u00farovn\u00edch"},{"@type":"BreadcrumbList","@id":"https:\/\/regbu.com\/hu\/autonomous-solution-in-six-levels\/#breadcrumb","itemListElement":[{"@type":"ListItem","position":1,"name":"Home","item":"https:\/\/regbu.com\/en\/"},{"@type":"ListItem","position":2,"name":"Autonomn\u00ed \u0159\u00edzen\u00ed v \u0161esti \u00farovn\u00edch"}]},{"@type":"WebSite","@id":"https:\/\/regbu.com\/en\/#website","url":"https:\/\/regbu.com\/en\/","name":"REGBU.COM","description":"","potentialAction":[{"@type":"SearchAction","target":{"@type":"EntryPoint","urlTemplate":"https:\/\/regbu.com\/en\/?s={search_term_string}"},"query-input":{"@type":"PropertyValueSpecification","valueRequired":true,"valueName":"search_term_string"}}],"inLanguage":"hu"},{"@type":"Person","@id":"https:\/\/regbu.com\/en\/#\/schema\/person\/94ea9deda2629771b8a9ced002f6784e","name":"George Martin","url":"https:\/\/regbu.com\/hu\/author\/george-martin\/"}]}},"_links":{"self":[{"href":"https:\/\/regbu.com\/hu\/wp-json\/wp\/v2\/posts\/1518","targetHints":{"allow":["GET"]}}],"collection":[{"href":"https:\/\/regbu.com\/hu\/wp-json\/wp\/v2\/posts"}],"about":[{"href":"https:\/\/regbu.com\/hu\/wp-json\/wp\/v2\/types\/post"}],"author":[{"embeddable":true,"href":"https:\/\/regbu.com\/hu\/wp-json\/wp\/v2\/users\/2"}],"replies":[{"embeddable":true,"href":"https:\/\/regbu.com\/hu\/wp-json\/wp\/v2\/comments?post=1518"}],"version-history":[{"count":3,"href":"https:\/\/regbu.com\/hu\/wp-json\/wp\/v2\/posts\/1518\/revisions"}],"predecessor-version":[{"id":1532,"href":"https:\/\/regbu.com\/hu\/wp-json\/wp\/v2\/posts\/1518\/revisions\/1532"}],"wp:featuredmedia":[{"embeddable":true,"href":"https:\/\/regbu.com\/hu\/wp-json\/wp\/v2\/media\/1519"}],"wp:attachment":[{"href":"https:\/\/regbu.com\/hu\/wp-json\/wp\/v2\/media?parent=1518"}],"wp:term":[{"taxonomy":"category","embeddable":true,"href":"https:\/\/regbu.com\/hu\/wp-json\/wp\/v2\/categories?post=1518"},{"taxonomy":"post_tag","embeddable":true,"href":"https:\/\/regbu.com\/hu\/wp-json\/wp\/v2\/tags?post=1518"}],"curies":[{"name":"wp","href":"https:\/\/api.w.org\/{rel}","templated":true}]}}