{"id":1499,"date":"2023-08-09T16:09:02","date_gmt":"2023-08-09T14:09:02","guid":{"rendered":"https:\/\/regbu.com\/?p=1499"},"modified":"2025-09-05T07:39:50","modified_gmt":"2025-09-05T05:39:50","slug":"elektromobilita-ma-sveho-krale","status":"publish","type":"post","link":"https:\/\/regbu.com\/hu\/elektromobilitas-van-a-sajat-korkepe\/","title":{"rendered":"Az elektromobilit\u00e1snak megvan a kir\u00e1lya"},"content":{"rendered":"<p>Az elektromobilit\u00e1s forr\u00f3 t\u00e9ma, \u00e9s bizonyos m\u00e9rt\u00e9kig a j\u00f6v\u0151 zen\u00e9je. Ezt egy\u00e9bk\u00e9nt az ilyen aut\u00f3k egyik legh\u00edresebb gy\u00e1rt\u00f3ja, a Tesla is bizony\u00edtja. Ennek tulajdonosa t\u00f6bbek k\u00f6z\u00f6tt Elon Musk.<strong>,<\/strong> aki szint\u00e9n a h\u00edres <strong><a href=\"https:\/\/regbu.com\/hu\/concept-space-x-vevodi-versmirnym-letum\/\">Space X koncepci\u00f3<\/a><\/strong>. Ez az aut\u00f3gy\u00e1r \u00fatt\u00f6r\u0151v\u00e9 v\u00e1lt ezen a ter\u00fcleten.<\/p>\n\n\n\n<ul class=\"wp-block-list\">\n<li>Tesla Model S<\/li>\n\n\n\n<li>Tesla Model X<\/li>\n\n\n\n<li>Tesla Model 3<\/li>\n<\/ul>\n\n\n\n<p>Ez csak egy kis \u00edzel\u00edt\u0151 abb\u00f3l, ami ennek a h\u00edres aut\u00f3gy\u00e1rnak a gy\u00e1rt\u00f3sorair\u00f3l kiker\u00fclt. Ezek t\u00f6bbnyire szed\u00e1n modellek. Ezeket nem csak a v\u00e1llalati szegmensre, hanem mag\u00e1nhaszn\u00e1latra is tervezt\u00e9k.<\/p>\n\n\n\n<h2 class=\"wp-block-heading\">Tesla t\u00f6rt\u00e9nete<\/h2>\n\n\n\n<p>El\u0151sz\u00f6r is n\u00e9zz\u00fck meg, hogyan ker\u00fclt az elektromobilit\u00e1s az emberek figyelm\u00e9nek el\u0151ter\u00e9be. A Tesla, az elektromos aut\u00f3kat tervez\u0151, gy\u00e1rt\u00f3 \u00e9s \u00e9rt\u00e9kes\u00edt\u0151 v\u00e1llalat volt a felel\u0151s. Ha \u00fagy gondolj\u00e1k, hogy a c\u00e9g alap\u00edt\u00f3ja <strong>Elon Musk<\/strong>nagyot t\u00e9vedsz. \u0150 csak k\u00e9s\u0151bb csatlakozott.<\/p>\n\n\n\n<figure class=\"wp-block-table\"><table><tbody><tr><td><strong>T\u00e1rgy:<\/strong><\/td><td><strong>Inform\u00e1ci\u00f3<\/strong><\/td><\/tr><tr><td>Az alap\u00edt\u00e1s \u00e9ve<\/td><td>2003<\/td><\/tr><tr><td>Az alap\u00edt\u00f3k<\/td><td>Martin Eberhard \u00e9s Marc Tarpenning<\/td><\/tr><tr><td>Sz\u00e9khely<\/td><td>Austin, Texas<\/td><\/tr><tr><td>Gy\u00e1rak<\/td><td>Freemont, Sanghaj \u00e9s m\u00e1sok<\/td><\/tr><\/tbody><\/table><figcaption class=\"wp-element-caption\">A Tesla alap\u00edt\u00e1s\u00e1val kapcsolatos inform\u00e1ci\u00f3k.<\/figcaption><\/figure>\n\n\n\n<p>R\u00f6viddel a Tesla alap\u00edt\u00e1sa ut\u00e1n a v\u00e1llalathoz csatlakozott a <a href=\"https:\/\/cs.wikipedia.org\/wiki\/Elon_Musk\">Elon Musk<\/a>, JB Straubel \u00e9s Ian Wright. A sikerek nem sok\u00e1ig v\u00e1rattak magukra, a Tesla Roadster 2008-ban ind\u00edtotta be a dolgokat.<\/p>\n\n\n\n<h3 class=\"wp-block-heading\">Elektromobilit\u00e1s \u00e9s minden fontos dolog<\/h3>\n\n\n\n<p>Term\u00e9szetesen folytathatjuk a Tesla elektromos aut\u00f3inak siker\u00e9t \u00e9s fejleszt\u00e9s\u00e9t. Van mir\u0151l \u00edrni. Mindh\u00e1rom sikeres aut\u00f3modellt a cikk bevezet\u0151j\u00e9b\u0151l m\u00e1sok is k\u00f6vett\u00e9k. Megeml\u00edthetj\u00fck p\u00e9ld\u00e1ul a <strong>Tesla Model Y<\/strong>. A Tesla Semi elektromos nyerges vontat\u00f3 \u00f6nmag\u00e1ban is egy fejezet.<\/p>\n\n\n\n<p>Az elektromobilit\u00e1s fejleszt\u00e9s\u00e9vel p\u00e1rhuzamosan a h\u00edres v\u00e1llalat vezet\u00e9s\u00e9vel a Supercharger gyorst\u00f6lt\u0151 \u00e1llom\u00e1sok b\u0151v\u00edt\u00e9s\u00e9t is t\u00e1mogatj\u00e1k. A Tesla sz\u00e1mos m\u00e1s projekt mellett a h\u00e1ztart\u00e1si akkumul\u00e1torokra, napelemes tet\u0151cserepekre is \u00f6sszpontos\u00edtott. A kereslet n\u00f6veked\u00e9s\u00e9vel term\u00e9szetesen az akkumul\u00e1torok nagy mennyis\u00e9g\u0171 gy\u00e1rt\u00e1s\u00e1nak ig\u00e9nye is n\u00f6vekszik, amit az \u00faj \u00e9s <em>\u00faj gigagy\u00e1rak nemcsak az Egyes\u00fclt \u00c1llamokban, hanem a vil\u00e1g m\u00e1s orsz\u00e1gaiban is<\/em>.<\/p>","protected":false},"excerpt":{"rendered":"<p>Az elektromobilit\u00e1s forr\u00f3 t\u00e9ma, \u00e9s bizonyos m\u00e9rt\u00e9kig a j\u00f6v\u0151 zen\u00e9je. Ezt egy\u00e9bk\u00e9nt az ilyen aut\u00f3k egyik legh\u00edresebb gy\u00e1rt\u00f3ja, a Tesla is bizony\u00edtja. Ennek tulajdonosa t\u00f6bbek k\u00f6z\u00f6tt Elon Musk, akinek a h\u00edres Space X koncepci\u00f3 is a nev\u00e9hez f\u0171z\u0151dik. Ez az aut\u00f3gy\u00e1r ilyen k\u00e9pzeletbeli \u00fatt\u00f6r\u0151v\u00e9 v\u00e1lt ezen a t\u00e9ren. Ez csak egy kis \u00edzel\u00edt\u0151 ... <\/p>","protected":false},"author":2,"featured_media":1500,"comment_status":"closed","ping_status":"closed","sticky":false,"template":"","format":"standard","meta":{"footnotes":""},"categories":[6],"tags":[1847,1849,1830,1856,1850,1854,1851,1852,1855,1848,1853],"class_list":["post-1499","post","type-post","status-publish","format-standard","has-post-thumbnail","hentry","category-technologie","tag-elektromobilita","tag-elektromobily","tag-elon-musk","tag-gigafactory","tag-model","tag-model-3","tag-model-s","tag-model-y","tag-supercharger","tag-tesla","tag-tesla-roadster"],"yoast_head":"<!-- This site is optimized with the Yoast SEO plugin v27.5 - https:\/\/yoast.com\/product\/yoast-seo-wordpress\/ -->\n<title>Elektromobilita m\u00e1 sv\u00e9ho kr\u00e1le - REGBU.COM<\/title>\n<meta name=\"description\" content=\"V\u00edte, co si p\u0159edstavit pod pojmem elektromobilita? A zn\u00e1te jednoho z pr\u016fkopn\u00edk\u016f tohoto novodob\u00e9ho segmentu?\" \/>\n<meta name=\"robots\" content=\"index, follow, max-snippet:-1, max-image-preview:large, max-video-preview:-1\" \/>\n<link rel=\"canonical\" href=\"https:\/\/regbu.com\/hu\/elektromobilitas-van-a-sajat-korkepe\/\" \/>\n<meta property=\"og:locale\" content=\"hu_HU\" \/>\n<meta property=\"og:type\" content=\"article\" \/>\n<meta property=\"og:title\" content=\"Elektromobilita m\u00e1 sv\u00e9ho kr\u00e1le - REGBU.COM\" \/>\n<meta property=\"og:description\" content=\"V\u00edte, co si p\u0159edstavit pod pojmem elektromobilita? A zn\u00e1te jednoho z pr\u016fkopn\u00edk\u016f tohoto novodob\u00e9ho segmentu?\" \/>\n<meta property=\"og:url\" content=\"https:\/\/regbu.com\/hu\/elektromobilitas-van-a-sajat-korkepe\/\" \/>\n<meta property=\"og:site_name\" content=\"REGBU.COM\" \/>\n<meta property=\"article:published_time\" content=\"2023-08-09T14:09:02+00:00\" \/>\n<meta property=\"article:modified_time\" content=\"2025-09-05T05:39:50+00:00\" \/>\n<meta property=\"og:image\" content=\"https:\/\/regbu.com\/wp-content\/uploads\/2023\/08\/elektromobilita-ma-sveho-krale.jpg\" \/>\n\t<meta property=\"og:image:width\" content=\"1200\" \/>\n\t<meta property=\"og:image:height\" content=\"676\" \/>\n\t<meta property=\"og:image:type\" content=\"image\/jpeg\" \/>\n<meta name=\"author\" content=\"George Martin\" \/>\n<meta name=\"twitter:card\" content=\"summary_large_image\" \/>\n<meta name=\"twitter:label1\" content=\"Szerz\u0151:\" \/>\n\t<meta name=\"twitter:data1\" content=\"George Martin\" \/>\n\t<meta name=\"twitter:label2\" content=\"Becs\u00fclt olvas\u00e1si id\u0151\" \/>\n\t<meta name=\"twitter:data2\" content=\"2 perc\" \/>\n<script type=\"application\/ld+json\" class=\"yoast-schema-graph\">{\"@context\":\"https:\\\/\\\/schema.org\",\"@graph\":[{\"@type\":\"Article\",\"@id\":\"https:\\\/\\\/regbu.com\\\/hu\\\/elektromobilitas-van-a-sajat-korkepe\\\/#article\",\"isPartOf\":{\"@id\":\"https:\\\/\\\/regbu.com\\\/hu\\\/elektromobilitas-van-a-sajat-korkepe\\\/\"},\"author\":{\"name\":\"George Martin\",\"@id\":\"https:\\\/\\\/regbu.com\\\/en\\\/#\\\/schema\\\/person\\\/94ea9deda2629771b8a9ced002f6784e\"},\"headline\":\"Elektromobilita m\u00e1 sv\u00e9ho kr\u00e1le\",\"datePublished\":\"2023-08-09T14:09:02+00:00\",\"dateModified\":\"2025-09-05T05:39:50+00:00\",\"mainEntityOfPage\":{\"@id\":\"https:\\\/\\\/regbu.com\\\/hu\\\/elektromobilitas-van-a-sajat-korkepe\\\/\"},\"wordCount\":409,\"image\":{\"@id\":\"https:\\\/\\\/regbu.com\\\/hu\\\/elektromobilitas-van-a-sajat-korkepe\\\/#primaryimage\"},\"thumbnailUrl\":\"https:\\\/\\\/regbu.com\\\/wp-content\\\/uploads\\\/2023\\\/08\\\/elektromobilita-ma-sveho-krale.jpg\",\"keywords\":[\"elektromobilita\",\"elektromobily\",\"elon musk\",\"gigafactory\",\"model\",\"model 3\",\"model s\",\"model y\",\"Supercharger\",\"tesla\",\"tesla roadster\"],\"articleSection\":[\"Technologie\"],\"inLanguage\":\"hu\"},{\"@type\":\"WebPage\",\"@id\":\"https:\\\/\\\/regbu.com\\\/hu\\\/elektromobilitas-van-a-sajat-korkepe\\\/\",\"url\":\"https:\\\/\\\/regbu.com\\\/hu\\\/elektromobilitas-van-a-sajat-korkepe\\\/\",\"name\":\"Elektromobilita m\u00e1 sv\u00e9ho kr\u00e1le - REGBU.COM\",\"isPartOf\":{\"@id\":\"https:\\\/\\\/regbu.com\\\/en\\\/#website\"},\"primaryImageOfPage\":{\"@id\":\"https:\\\/\\\/regbu.com\\\/hu\\\/elektromobilitas-van-a-sajat-korkepe\\\/#primaryimage\"},\"image\":{\"@id\":\"https:\\\/\\\/regbu.com\\\/hu\\\/elektromobilitas-van-a-sajat-korkepe\\\/#primaryimage\"},\"thumbnailUrl\":\"https:\\\/\\\/regbu.com\\\/wp-content\\\/uploads\\\/2023\\\/08\\\/elektromobilita-ma-sveho-krale.jpg\",\"datePublished\":\"2023-08-09T14:09:02+00:00\",\"dateModified\":\"2025-09-05T05:39:50+00:00\",\"author\":{\"@id\":\"https:\\\/\\\/regbu.com\\\/en\\\/#\\\/schema\\\/person\\\/94ea9deda2629771b8a9ced002f6784e\"},\"description\":\"V\u00edte, co si p\u0159edstavit pod pojmem elektromobilita? A zn\u00e1te jednoho z pr\u016fkopn\u00edk\u016f tohoto novodob\u00e9ho segmentu?\",\"breadcrumb\":{\"@id\":\"https:\\\/\\\/regbu.com\\\/hu\\\/elektromobilitas-van-a-sajat-korkepe\\\/#breadcrumb\"},\"inLanguage\":\"hu\",\"potentialAction\":[{\"@type\":\"ReadAction\",\"target\":[\"https:\\\/\\\/regbu.com\\\/hu\\\/elektromobilitas-van-a-sajat-korkepe\\\/\"]}]},{\"@type\":\"ImageObject\",\"inLanguage\":\"hu\",\"@id\":\"https:\\\/\\\/regbu.com\\\/hu\\\/elektromobilitas-van-a-sajat-korkepe\\\/#primaryimage\",\"url\":\"https:\\\/\\\/regbu.com\\\/wp-content\\\/uploads\\\/2023\\\/08\\\/elektromobilita-ma-sveho-krale.jpg\",\"contentUrl\":\"https:\\\/\\\/regbu.com\\\/wp-content\\\/uploads\\\/2023\\\/08\\\/elektromobilita-ma-sveho-krale.jpg\",\"width\":1200,\"height\":676,\"caption\":\"Elektromobilita m\u00e1 sv\u00e9ho kr\u00e1le\"},{\"@type\":\"BreadcrumbList\",\"@id\":\"https:\\\/\\\/regbu.com\\\/hu\\\/elektromobilitas-van-a-sajat-korkepe\\\/#breadcrumb\",\"itemListElement\":[{\"@type\":\"ListItem\",\"position\":1,\"name\":\"Home\",\"item\":\"https:\\\/\\\/regbu.com\\\/en\\\/\"},{\"@type\":\"ListItem\",\"position\":2,\"name\":\"Elektromobilita m\u00e1 sv\u00e9ho kr\u00e1le\"}]},{\"@type\":\"WebSite\",\"@id\":\"https:\\\/\\\/regbu.com\\\/en\\\/#website\",\"url\":\"https:\\\/\\\/regbu.com\\\/en\\\/\",\"name\":\"REGBU.COM\",\"description\":\"\",\"potentialAction\":[{\"@type\":\"SearchAction\",\"target\":{\"@type\":\"EntryPoint\",\"urlTemplate\":\"https:\\\/\\\/regbu.com\\\/en\\\/?s={search_term_string}\"},\"query-input\":{\"@type\":\"PropertyValueSpecification\",\"valueRequired\":true,\"valueName\":\"search_term_string\"}}],\"inLanguage\":\"hu\"},{\"@type\":\"Person\",\"@id\":\"https:\\\/\\\/regbu.com\\\/en\\\/#\\\/schema\\\/person\\\/94ea9deda2629771b8a9ced002f6784e\",\"name\":\"George Martin\",\"url\":\"https:\\\/\\\/regbu.com\\\/hu\\\/author\\\/george-martin\\\/\"}]}<\/script>\n<!-- \/ Yoast SEO plugin. -->","yoast_head_json":{"title":"Az elektromobilit\u00e1s kir\u00e1lya - REGBU.COM","description":"Tudja, mit jelent az elektromobilit\u00e1s? \u00c9s ismeri ennek az \u00faj szegmensnek az egyik \u00fatt\u00f6r\u0151j\u00e9t?","robots":{"index":"index","follow":"follow","max-snippet":"max-snippet:-1","max-image-preview":"max-image-preview:large","max-video-preview":"max-video-preview:-1"},"canonical":"https:\/\/regbu.com\/hu\/elektromobilitas-van-a-sajat-korkepe\/","og_locale":"hu_HU","og_type":"article","og_title":"Elektromobilita m\u00e1 sv\u00e9ho kr\u00e1le - REGBU.COM","og_description":"V\u00edte, co si p\u0159edstavit pod pojmem elektromobilita? A zn\u00e1te jednoho z pr\u016fkopn\u00edk\u016f tohoto novodob\u00e9ho segmentu?","og_url":"https:\/\/regbu.com\/hu\/elektromobilitas-van-a-sajat-korkepe\/","og_site_name":"REGBU.COM","article_published_time":"2023-08-09T14:09:02+00:00","article_modified_time":"2025-09-05T05:39:50+00:00","og_image":[{"width":1200,"height":676,"url":"https:\/\/regbu.com\/wp-content\/uploads\/2023\/08\/elektromobilita-ma-sveho-krale.jpg","type":"image\/jpeg"}],"author":"George Martin","twitter_card":"summary_large_image","twitter_misc":{"Szerz\u0151:":"George Martin","Becs\u00fclt olvas\u00e1si id\u0151":"2 perc"},"schema":{"@context":"https:\/\/schema.org","@graph":[{"@type":"Article","@id":"https:\/\/regbu.com\/hu\/elektromobilitas-van-a-sajat-korkepe\/#article","isPartOf":{"@id":"https:\/\/regbu.com\/hu\/elektromobilitas-van-a-sajat-korkepe\/"},"author":{"name":"George Martin","@id":"https:\/\/regbu.com\/en\/#\/schema\/person\/94ea9deda2629771b8a9ced002f6784e"},"headline":"Elektromobilita m\u00e1 sv\u00e9ho kr\u00e1le","datePublished":"2023-08-09T14:09:02+00:00","dateModified":"2025-09-05T05:39:50+00:00","mainEntityOfPage":{"@id":"https:\/\/regbu.com\/hu\/elektromobilitas-van-a-sajat-korkepe\/"},"wordCount":409,"image":{"@id":"https:\/\/regbu.com\/hu\/elektromobilitas-van-a-sajat-korkepe\/#primaryimage"},"thumbnailUrl":"https:\/\/regbu.com\/wp-content\/uploads\/2023\/08\/elektromobilita-ma-sveho-krale.jpg","keywords":["elektromobilita","elektromobily","elon musk","gigafactory","model","model 3","model s","model y","Supercharger","tesla","tesla roadster"],"articleSection":["Technologie"],"inLanguage":"hu"},{"@type":"WebPage","@id":"https:\/\/regbu.com\/hu\/elektromobilitas-van-a-sajat-korkepe\/","url":"https:\/\/regbu.com\/hu\/elektromobilitas-van-a-sajat-korkepe\/","name":"Az elektromobilit\u00e1s kir\u00e1lya - REGBU.COM","isPartOf":{"@id":"https:\/\/regbu.com\/en\/#website"},"primaryImageOfPage":{"@id":"https:\/\/regbu.com\/hu\/elektromobilitas-van-a-sajat-korkepe\/#primaryimage"},"image":{"@id":"https:\/\/regbu.com\/hu\/elektromobilitas-van-a-sajat-korkepe\/#primaryimage"},"thumbnailUrl":"https:\/\/regbu.com\/wp-content\/uploads\/2023\/08\/elektromobilita-ma-sveho-krale.jpg","datePublished":"2023-08-09T14:09:02+00:00","dateModified":"2025-09-05T05:39:50+00:00","author":{"@id":"https:\/\/regbu.com\/en\/#\/schema\/person\/94ea9deda2629771b8a9ced002f6784e"},"description":"Tudja, mit jelent az elektromobilit\u00e1s? \u00c9s ismeri ennek az \u00faj szegmensnek az egyik \u00fatt\u00f6r\u0151j\u00e9t?","breadcrumb":{"@id":"https:\/\/regbu.com\/hu\/elektromobilitas-van-a-sajat-korkepe\/#breadcrumb"},"inLanguage":"hu","potentialAction":[{"@type":"ReadAction","target":["https:\/\/regbu.com\/hu\/elektromobilitas-van-a-sajat-korkepe\/"]}]},{"@type":"ImageObject","inLanguage":"hu","@id":"https:\/\/regbu.com\/hu\/elektromobilitas-van-a-sajat-korkepe\/#primaryimage","url":"https:\/\/regbu.com\/wp-content\/uploads\/2023\/08\/elektromobilita-ma-sveho-krale.jpg","contentUrl":"https:\/\/regbu.com\/wp-content\/uploads\/2023\/08\/elektromobilita-ma-sveho-krale.jpg","width":1200,"height":676,"caption":"Elektromobilita m\u00e1 sv\u00e9ho kr\u00e1le"},{"@type":"BreadcrumbList","@id":"https:\/\/regbu.com\/hu\/elektromobilitas-van-a-sajat-korkepe\/#breadcrumb","itemListElement":[{"@type":"ListItem","position":1,"name":"Home","item":"https:\/\/regbu.com\/en\/"},{"@type":"ListItem","position":2,"name":"Elektromobilita m\u00e1 sv\u00e9ho kr\u00e1le"}]},{"@type":"WebSite","@id":"https:\/\/regbu.com\/en\/#website","url":"https:\/\/regbu.com\/en\/","name":"REGBU.COM","description":"","potentialAction":[{"@type":"SearchAction","target":{"@type":"EntryPoint","urlTemplate":"https:\/\/regbu.com\/en\/?s={search_term_string}"},"query-input":{"@type":"PropertyValueSpecification","valueRequired":true,"valueName":"search_term_string"}}],"inLanguage":"hu"},{"@type":"Person","@id":"https:\/\/regbu.com\/en\/#\/schema\/person\/94ea9deda2629771b8a9ced002f6784e","name":"George Martin","url":"https:\/\/regbu.com\/hu\/author\/george-martin\/"}]}},"_links":{"self":[{"href":"https:\/\/regbu.com\/hu\/wp-json\/wp\/v2\/posts\/1499","targetHints":{"allow":["GET"]}}],"collection":[{"href":"https:\/\/regbu.com\/hu\/wp-json\/wp\/v2\/posts"}],"about":[{"href":"https:\/\/regbu.com\/hu\/wp-json\/wp\/v2\/types\/post"}],"author":[{"embeddable":true,"href":"https:\/\/regbu.com\/hu\/wp-json\/wp\/v2\/users\/2"}],"replies":[{"embeddable":true,"href":"https:\/\/regbu.com\/hu\/wp-json\/wp\/v2\/comments?post=1499"}],"version-history":[{"count":3,"href":"https:\/\/regbu.com\/hu\/wp-json\/wp\/v2\/posts\/1499\/revisions"}],"predecessor-version":[{"id":1510,"href":"https:\/\/regbu.com\/hu\/wp-json\/wp\/v2\/posts\/1499\/revisions\/1510"}],"wp:featuredmedia":[{"embeddable":true,"href":"https:\/\/regbu.com\/hu\/wp-json\/wp\/v2\/media\/1500"}],"wp:attachment":[{"href":"https:\/\/regbu.com\/hu\/wp-json\/wp\/v2\/media?parent=1499"}],"wp:term":[{"taxonomy":"category","embeddable":true,"href":"https:\/\/regbu.com\/hu\/wp-json\/wp\/v2\/categories?post=1499"},{"taxonomy":"post_tag","embeddable":true,"href":"https:\/\/regbu.com\/hu\/wp-json\/wp\/v2\/tags?post=1499"}],"curies":[{"name":"wp","href":"https:\/\/api.w.org\/{rel}","templated":true}]}}