{"id":141,"date":"2022-01-05T08:43:00","date_gmt":"2022-01-05T07:43:00","guid":{"rendered":"https:\/\/regbu.com\/?p=141"},"modified":"2025-09-05T07:43:00","modified_gmt":"2025-09-05T05:43:00","slug":"kabat-skupina-kterou-si-oblibili-predevsim-rockeri","status":"publish","type":"post","link":"https:\/\/regbu.com\/hu\/kabat-csoport-amelyet-kedveltel-eloszor-az-osszes-rocker-kozul\/","title":{"rendered":"Kabat - Egy zenekar, amely k\u00fcl\u00f6n\u00f6sen n\u00e9pszer\u0171 volt a rockerek k\u00f6r\u00e9ben."},"content":{"rendered":"<p>Ha azt mondod, hogy hard rock zenekar Csehorsz\u00e1gban, nem gondolsz a <strong><a href=\"https:\/\/regbu.com\/hu\/wild-bill-legendary-chapel-with-a-special-feature\/\">Wild Bill<\/a><\/strong>hanem a kab\u00e1t. Egy hossz\u00fa \u00e9vek \u00f3ta akt\u00edv zenei egy\u00fcttes, amelynek <strong>a dalok halhatatlanok<\/strong>. Hallani lehet \u0151ket a t\u00e9v\u00e9ben, a r\u00e1di\u00f3ban \u00e9s mindenf\u00e9le sz\u00f3rakoz\u00e1sban. Ez a zenekar egyszer\u0171en k\u00f6ny\u00f6rtelen\u00fcl bele\u00e9gette mag\u00e1t a rockrajong\u00f3k tudat\u00e1ba, \u00e9s h\u00edres dalait sok rocker d\u00fadolja.<\/p>\n\n\n\n<h2 class=\"wp-block-heading\">Hogy telt az id\u0151 Kabattal?<\/h2>\n\n\n\n<p>Teplic\u00e9ben alakult cseh rockzenekar. A f\u0151 arca <strong>Josef Vojtek frontember<\/strong>. A jelenlegi fel\u00e1ll\u00e1s: Tom\u00e1\u0161 Krulich, Ota V\u00e1\u0148a, Radek Hur\u010d\u00edk \u00e9s Milan \u0160palek. Ha t\u00f6bbet szeretne megtudni, olvassa el az al\u00e1bbi t\u00e1bl\u00e1zatot.<\/p>\n\n\n\n<figure class=\"wp-block-table\"><table><tbody><tr><td><strong>T\u00e1rgy:<\/strong><\/td><td><strong>\u00c9rt\u00e9k<\/strong><\/td><\/tr><tr><td>A l\u00e9trehoz\u00e1s d\u00e1tuma<\/td><td>1983<\/td><\/tr><tr><td>M\u0171fajok<\/td><td>Rock, hard rock \u00e9s rock\u00b4n\u00b4roll<\/td><\/tr><tr><td>Akt\u00edv a sz\u00ednpadon<\/td><td>1989 \u00f3ta<\/td><\/tr><tr><td>Kiad\u00f3<\/td><td>R\u00f3zsasz\u00edn p\u00e1rduc m\u00e9dia<\/td><\/tr><\/tbody><\/table><figcaption>B\u0151vebben a h\u00edres rockzenekarr\u00f3l.<\/figcaption><\/figure>\n\n\n\n<p>Igaz, hogy a Kabat zenekar 1989 \u00f3ta nem v\u00e1ltoztatott a fel\u00e1ll\u00e1s\u00e1n. Csak a rend kedv\u00e9\u00e9rt: a kor\u00e1bbi tagok egykor Ji\u0159\u00ed Bu\u0161ek, Ren\u00e9 Hor\u0148\u00e1k, Libor \u0160erl \u00e9s Robert Stahl voltak.<\/p>\n\n\n\n<h2 class=\"wp-block-heading\">A zenei egy\u00fcttes eredm\u00e9nyei<\/h2>\n\n\n\n<p>Nem csak az er\u0151s rajong\u00f3t\u00e1bor besz\u00e9l a zenekar egyedis\u00e9g\u00e9r\u0151l. T\u00f6bb mint harminc\u00e9ves p\u00e1lyafut\u00e1sa sor\u00e1n Kabat t\u00f6bb mint egymilli\u00f3 lemezt adott el \u00e9s tizenegy st\u00fadi\u00f3albumot adott ki. A Cseh K\u00f6zt\u00e1rsas\u00e1g 2007-es szerepl\u00e9se a nagy nemzetk\u00f6zi zenei versenyen, az Eurov\u00edzi\u00f3s Dalfesztiv\u00e1lon mindenk\u00e9ppen eml\u00edt\u00e9sre m\u00e9lt\u00f3. <strong>Az egyik legnagyobb koncert a Vypich-en <\/strong>ak\u00e1r 70 000 rajong\u00f3 is r\u00e9szt vett. Ezek a sz\u00e1mok egy\u00e9rtelm\u0171en bizony\u00edtj\u00e1k, hogy a zenekar kit\u00f6r\u00f6lhetetlen nyomot hagyott a rocksz\u00ednt\u00e9ren. Elv\u00e9gre a h\u00edres Beat R\u00e1di\u00f3 beiktatta \u0151ket a Beat Hall of Fame-be.<\/p>\n\n\n\n<h3 class=\"wp-block-heading\">Kabat \u00e9s a soha nem \u00f6reged\u0151 sl\u00e1gerei<\/h3>\n\n\n\n<p>Ha belen\u00e9zel a zenekar diszkogr\u00e1fi\u00e1j\u00e1ba, nem maradnak ki a j\u00f3l ismert st\u00fadi\u00f3albumok, amelyek minden rocker gy\u0171jtem\u00e9ny\u00e9ben megtal\u00e1lhat\u00f3ak. Ezek k\u00f6z\u00e9 tartozik a She's Got Her Motor, a Colorado, a The Devil Rode a Goat, a Go Satan Go, a Down in the Dole, a Corrida \u00e9s a To Hell\/to Heaven. Mindegyik album meg\u00e9rdemelt volna egy rendes turn\u00e9t, amit aligha lehet elfelejteni. Megl\u00e1tjuk, hogy a Kabat zenekar az elk\u00f6vetkez\u0151 \u00e9vekben el\u0151\u00e1ll-e \u00fajabb st\u00fadi\u00f3felv\u00e9telekkel, \u00e9s ad-e m\u00e9g egy egyedi koncertet.<\/p>","protected":false},"excerpt":{"rendered":"<p>Ha azt mondod, hogy hard rock zenekar Csehorsz\u00e1gban, akkor nem a Divokej Bill jut eszedbe, hanem a Kabat. Egy hossz\u00fa \u00e9vek \u00f3ta akt\u00edv zenei egy\u00fcttes, amelynek dalai halhatatlanok. Hallani lehet \u0151ket a t\u00e9v\u00e9ben, r\u00e1di\u00f3ban \u00e9s b\u00e1rmilyen sz\u00f3rakoz\u00e1son. Ez a zenekar egyszer\u0171en k\u00f6ny\u00f6rtelen\u00fcl bele\u00e9gette mag\u00e1t a rockrajong\u00f3k tudat\u00e1ba, \u00e9s h\u00edres dalait sok rocker d\u00fadolja. Hogyan ... <\/p>","protected":false},"author":2,"featured_media":142,"comment_status":"closed","ping_status":"closed","sticky":false,"template":"","format":"standard","meta":{"footnotes":""},"categories":[11],"tags":[133,106,108,134,135,136,137,113,138,114],"class_list":["post-141","post","type-post","status-publish","format-standard","has-post-thumbnail","hentry","category-hudba","tag-hard-rock","tag-hudba","tag-hudebni-skupina","tag-josef-vojtek","tag-kabat","tag-kapela","tag-pepa-vojtek","tag-rock","tag-rockova-kapela","tag-skupina"],"yoast_head":"<!-- This site is optimized with the Yoast SEO plugin v27.4 - https:\/\/yoast.com\/product\/yoast-seo-wordpress\/ -->\n<title>Kab\u00e1t \u2013 Skupina, kterou si obl\u00edbili p\u0159edev\u0161\u00edm rocke\u0159i - REGBU.COM<\/title>\n<meta name=\"description\" content=\"Poznejte kapelu Kab\u00e1t do nejmen\u0161\u00edho detailu. P\u0159in\u00e1\u0161\u00edme V\u00e1m informace o jej\u00edm vzniku, diskografii a spoustu dal\u0161\u00edch zaj\u00edmav\u00fdch v\u011bc\u00ed.\" \/>\n<meta name=\"robots\" content=\"index, follow, max-snippet:-1, max-image-preview:large, max-video-preview:-1\" \/>\n<link rel=\"canonical\" href=\"https:\/\/regbu.com\/hu\/kabat-csoport-amelyet-kedveltel-eloszor-az-osszes-rocker-kozul\/\" \/>\n<meta property=\"og:locale\" content=\"hu_HU\" \/>\n<meta property=\"og:type\" content=\"article\" \/>\n<meta property=\"og:title\" content=\"Kab\u00e1t \u2013 Skupina, kterou si obl\u00edbili p\u0159edev\u0161\u00edm rocke\u0159i - REGBU.COM\" \/>\n<meta property=\"og:description\" content=\"Poznejte kapelu Kab\u00e1t do nejmen\u0161\u00edho detailu. P\u0159in\u00e1\u0161\u00edme V\u00e1m informace o jej\u00edm vzniku, diskografii a spoustu dal\u0161\u00edch zaj\u00edmav\u00fdch v\u011bc\u00ed.\" \/>\n<meta property=\"og:url\" content=\"https:\/\/regbu.com\/hu\/kabat-csoport-amelyet-kedveltel-eloszor-az-osszes-rocker-kozul\/\" \/>\n<meta property=\"og:site_name\" content=\"REGBU.COM\" \/>\n<meta property=\"article:published_time\" content=\"2022-01-05T07:43:00+00:00\" \/>\n<meta property=\"article:modified_time\" content=\"2025-09-05T05:43:00+00:00\" \/>\n<meta property=\"og:image\" content=\"https:\/\/regbu.com\/wp-content\/uploads\/2022\/01\/kabat-skupina-kterou-si-oblibili-predevsim-rockeri.jpg\" \/>\n\t<meta property=\"og:image:width\" content=\"1200\" \/>\n\t<meta property=\"og:image:height\" content=\"675\" \/>\n\t<meta property=\"og:image:type\" content=\"image\/jpeg\" \/>\n<meta name=\"author\" content=\"George Martin\" \/>\n<meta name=\"twitter:card\" content=\"summary_large_image\" \/>\n<meta name=\"twitter:label1\" content=\"Szerz\u0151:\" \/>\n\t<meta name=\"twitter:data1\" content=\"George Martin\" \/>\n\t<meta name=\"twitter:label2\" content=\"Becs\u00fclt olvas\u00e1si id\u0151\" \/>\n\t<meta name=\"twitter:data2\" content=\"2 perc\" \/>\n<script type=\"application\/ld+json\" class=\"yoast-schema-graph\">{\"@context\":\"https:\\\/\\\/schema.org\",\"@graph\":[{\"@type\":\"Article\",\"@id\":\"https:\\\/\\\/regbu.com\\\/kabat-skupina-kterou-si-oblibili-predevsim-rockeri\\\/#article\",\"isPartOf\":{\"@id\":\"https:\\\/\\\/regbu.com\\\/kabat-skupina-kterou-si-oblibili-predevsim-rockeri\\\/\"},\"author\":{\"name\":\"George Martin\",\"@id\":\"https:\\\/\\\/regbu.com\\\/en\\\/#\\\/schema\\\/person\\\/94ea9deda2629771b8a9ced002f6784e\"},\"headline\":\"Kab\u00e1t \u2013 Skupina, kterou si obl\u00edbili p\u0159edev\u0161\u00edm rocke\u0159i\",\"datePublished\":\"2022-01-05T07:43:00+00:00\",\"dateModified\":\"2025-09-05T05:43:00+00:00\",\"mainEntityOfPage\":{\"@id\":\"https:\\\/\\\/regbu.com\\\/kabat-skupina-kterou-si-oblibili-predevsim-rockeri\\\/\"},\"wordCount\":435,\"image\":{\"@id\":\"https:\\\/\\\/regbu.com\\\/kabat-skupina-kterou-si-oblibili-predevsim-rockeri\\\/#primaryimage\"},\"thumbnailUrl\":\"https:\\\/\\\/regbu.com\\\/wp-content\\\/uploads\\\/2022\\\/01\\\/kabat-skupina-kterou-si-oblibili-predevsim-rockeri.jpg\",\"keywords\":[\"hard rock\",\"hudba\",\"hudebn\u00ed skupina\",\"Josef Vojtek\",\"kab\u00e1t\",\"kapela\",\"Pepa Vojtek\",\"rock\",\"rockov\u00e1 kapela\",\"skupina\"],\"articleSection\":[\"Hudba\"],\"inLanguage\":\"hu\"},{\"@type\":\"WebPage\",\"@id\":\"https:\\\/\\\/regbu.com\\\/kabat-skupina-kterou-si-oblibili-predevsim-rockeri\\\/\",\"url\":\"https:\\\/\\\/regbu.com\\\/kabat-skupina-kterou-si-oblibili-predevsim-rockeri\\\/\",\"name\":\"Kab\u00e1t \u2013 Skupina, kterou si obl\u00edbili p\u0159edev\u0161\u00edm rocke\u0159i - REGBU.COM\",\"isPartOf\":{\"@id\":\"https:\\\/\\\/regbu.com\\\/en\\\/#website\"},\"primaryImageOfPage\":{\"@id\":\"https:\\\/\\\/regbu.com\\\/kabat-skupina-kterou-si-oblibili-predevsim-rockeri\\\/#primaryimage\"},\"image\":{\"@id\":\"https:\\\/\\\/regbu.com\\\/kabat-skupina-kterou-si-oblibili-predevsim-rockeri\\\/#primaryimage\"},\"thumbnailUrl\":\"https:\\\/\\\/regbu.com\\\/wp-content\\\/uploads\\\/2022\\\/01\\\/kabat-skupina-kterou-si-oblibili-predevsim-rockeri.jpg\",\"datePublished\":\"2022-01-05T07:43:00+00:00\",\"dateModified\":\"2025-09-05T05:43:00+00:00\",\"author\":{\"@id\":\"https:\\\/\\\/regbu.com\\\/en\\\/#\\\/schema\\\/person\\\/94ea9deda2629771b8a9ced002f6784e\"},\"description\":\"Poznejte kapelu Kab\u00e1t do nejmen\u0161\u00edho detailu. P\u0159in\u00e1\u0161\u00edme V\u00e1m informace o jej\u00edm vzniku, diskografii a spoustu dal\u0161\u00edch zaj\u00edmav\u00fdch v\u011bc\u00ed.\",\"breadcrumb\":{\"@id\":\"https:\\\/\\\/regbu.com\\\/kabat-skupina-kterou-si-oblibili-predevsim-rockeri\\\/#breadcrumb\"},\"inLanguage\":\"hu\",\"potentialAction\":[{\"@type\":\"ReadAction\",\"target\":[\"https:\\\/\\\/regbu.com\\\/kabat-skupina-kterou-si-oblibili-predevsim-rockeri\\\/\"]}]},{\"@type\":\"ImageObject\",\"inLanguage\":\"hu\",\"@id\":\"https:\\\/\\\/regbu.com\\\/kabat-skupina-kterou-si-oblibili-predevsim-rockeri\\\/#primaryimage\",\"url\":\"https:\\\/\\\/regbu.com\\\/wp-content\\\/uploads\\\/2022\\\/01\\\/kabat-skupina-kterou-si-oblibili-predevsim-rockeri.jpg\",\"contentUrl\":\"https:\\\/\\\/regbu.com\\\/wp-content\\\/uploads\\\/2022\\\/01\\\/kabat-skupina-kterou-si-oblibili-predevsim-rockeri.jpg\",\"width\":1200,\"height\":675,\"caption\":\"Kab\u00e1t \u2013 Skupina, kterou si obl\u00edbili p\u0159edev\u0161\u00edm rocke\u0159i\"},{\"@type\":\"BreadcrumbList\",\"@id\":\"https:\\\/\\\/regbu.com\\\/kabat-skupina-kterou-si-oblibili-predevsim-rockeri\\\/#breadcrumb\",\"itemListElement\":[{\"@type\":\"ListItem\",\"position\":1,\"name\":\"Home\",\"item\":\"https:\\\/\\\/regbu.com\\\/en\\\/\"},{\"@type\":\"ListItem\",\"position\":2,\"name\":\"Kab\u00e1t \u2013 Skupina, kterou si obl\u00edbili p\u0159edev\u0161\u00edm rocke\u0159i\"}]},{\"@type\":\"WebSite\",\"@id\":\"https:\\\/\\\/regbu.com\\\/en\\\/#website\",\"url\":\"https:\\\/\\\/regbu.com\\\/en\\\/\",\"name\":\"REGBU.COM\",\"description\":\"\",\"potentialAction\":[{\"@type\":\"SearchAction\",\"target\":{\"@type\":\"EntryPoint\",\"urlTemplate\":\"https:\\\/\\\/regbu.com\\\/en\\\/?s={search_term_string}\"},\"query-input\":{\"@type\":\"PropertyValueSpecification\",\"valueRequired\":true,\"valueName\":\"search_term_string\"}}],\"inLanguage\":\"hu\"},{\"@type\":\"Person\",\"@id\":\"https:\\\/\\\/regbu.com\\\/en\\\/#\\\/schema\\\/person\\\/94ea9deda2629771b8a9ced002f6784e\",\"name\":\"George Martin\",\"url\":\"https:\\\/\\\/regbu.com\\\/hu\\\/author\\\/george-martin\\\/\"}]}<\/script>\n<!-- \/ Yoast SEO plugin. -->","yoast_head_json":{"title":"Kabat - A zenekar, amit a rockerek szeretnek - REGBU.COM","description":"Ismerje meg a Kabat zenekart a legapr\u00f3bb r\u00e9szletekig. Inform\u00e1ci\u00f3kat adunk a megalakul\u00e1s\u00e1r\u00f3l, diszkogr\u00e1fi\u00e1j\u00e1r\u00f3l \u00e9s sok m\u00e1s \u00e9rdekess\u00e9gr\u0151l.","robots":{"index":"index","follow":"follow","max-snippet":"max-snippet:-1","max-image-preview":"max-image-preview:large","max-video-preview":"max-video-preview:-1"},"canonical":"https:\/\/regbu.com\/hu\/kabat-csoport-amelyet-kedveltel-eloszor-az-osszes-rocker-kozul\/","og_locale":"hu_HU","og_type":"article","og_title":"Kab\u00e1t \u2013 Skupina, kterou si obl\u00edbili p\u0159edev\u0161\u00edm rocke\u0159i - REGBU.COM","og_description":"Poznejte kapelu Kab\u00e1t do nejmen\u0161\u00edho detailu. P\u0159in\u00e1\u0161\u00edme V\u00e1m informace o jej\u00edm vzniku, diskografii a spoustu dal\u0161\u00edch zaj\u00edmav\u00fdch v\u011bc\u00ed.","og_url":"https:\/\/regbu.com\/hu\/kabat-csoport-amelyet-kedveltel-eloszor-az-osszes-rocker-kozul\/","og_site_name":"REGBU.COM","article_published_time":"2022-01-05T07:43:00+00:00","article_modified_time":"2025-09-05T05:43:00+00:00","og_image":[{"width":1200,"height":675,"url":"https:\/\/regbu.com\/wp-content\/uploads\/2022\/01\/kabat-skupina-kterou-si-oblibili-predevsim-rockeri.jpg","type":"image\/jpeg"}],"author":"George Martin","twitter_card":"summary_large_image","twitter_misc":{"Szerz\u0151:":"George Martin","Becs\u00fclt olvas\u00e1si id\u0151":"2 perc"},"schema":{"@context":"https:\/\/schema.org","@graph":[{"@type":"Article","@id":"https:\/\/regbu.com\/kabat-skupina-kterou-si-oblibili-predevsim-rockeri\/#article","isPartOf":{"@id":"https:\/\/regbu.com\/kabat-skupina-kterou-si-oblibili-predevsim-rockeri\/"},"author":{"name":"George Martin","@id":"https:\/\/regbu.com\/en\/#\/schema\/person\/94ea9deda2629771b8a9ced002f6784e"},"headline":"Kab\u00e1t \u2013 Skupina, kterou si obl\u00edbili p\u0159edev\u0161\u00edm rocke\u0159i","datePublished":"2022-01-05T07:43:00+00:00","dateModified":"2025-09-05T05:43:00+00:00","mainEntityOfPage":{"@id":"https:\/\/regbu.com\/kabat-skupina-kterou-si-oblibili-predevsim-rockeri\/"},"wordCount":435,"image":{"@id":"https:\/\/regbu.com\/kabat-skupina-kterou-si-oblibili-predevsim-rockeri\/#primaryimage"},"thumbnailUrl":"https:\/\/regbu.com\/wp-content\/uploads\/2022\/01\/kabat-skupina-kterou-si-oblibili-predevsim-rockeri.jpg","keywords":["hard rock","hudba","hudebn\u00ed skupina","Josef Vojtek","kab\u00e1t","kapela","Pepa Vojtek","rock","rockov\u00e1 kapela","skupina"],"articleSection":["Hudba"],"inLanguage":"hu"},{"@type":"WebPage","@id":"https:\/\/regbu.com\/kabat-skupina-kterou-si-oblibili-predevsim-rockeri\/","url":"https:\/\/regbu.com\/kabat-skupina-kterou-si-oblibili-predevsim-rockeri\/","name":"Kabat - A zenekar, amit a rockerek szeretnek - REGBU.COM","isPartOf":{"@id":"https:\/\/regbu.com\/en\/#website"},"primaryImageOfPage":{"@id":"https:\/\/regbu.com\/kabat-skupina-kterou-si-oblibili-predevsim-rockeri\/#primaryimage"},"image":{"@id":"https:\/\/regbu.com\/kabat-skupina-kterou-si-oblibili-predevsim-rockeri\/#primaryimage"},"thumbnailUrl":"https:\/\/regbu.com\/wp-content\/uploads\/2022\/01\/kabat-skupina-kterou-si-oblibili-predevsim-rockeri.jpg","datePublished":"2022-01-05T07:43:00+00:00","dateModified":"2025-09-05T05:43:00+00:00","author":{"@id":"https:\/\/regbu.com\/en\/#\/schema\/person\/94ea9deda2629771b8a9ced002f6784e"},"description":"Ismerje meg a Kabat zenekart a legapr\u00f3bb r\u00e9szletekig. Inform\u00e1ci\u00f3kat adunk a megalakul\u00e1s\u00e1r\u00f3l, diszkogr\u00e1fi\u00e1j\u00e1r\u00f3l \u00e9s sok m\u00e1s \u00e9rdekess\u00e9gr\u0151l.","breadcrumb":{"@id":"https:\/\/regbu.com\/kabat-skupina-kterou-si-oblibili-predevsim-rockeri\/#breadcrumb"},"inLanguage":"hu","potentialAction":[{"@type":"ReadAction","target":["https:\/\/regbu.com\/kabat-skupina-kterou-si-oblibili-predevsim-rockeri\/"]}]},{"@type":"ImageObject","inLanguage":"hu","@id":"https:\/\/regbu.com\/kabat-skupina-kterou-si-oblibili-predevsim-rockeri\/#primaryimage","url":"https:\/\/regbu.com\/wp-content\/uploads\/2022\/01\/kabat-skupina-kterou-si-oblibili-predevsim-rockeri.jpg","contentUrl":"https:\/\/regbu.com\/wp-content\/uploads\/2022\/01\/kabat-skupina-kterou-si-oblibili-predevsim-rockeri.jpg","width":1200,"height":675,"caption":"Kab\u00e1t \u2013 Skupina, kterou si obl\u00edbili p\u0159edev\u0161\u00edm rocke\u0159i"},{"@type":"BreadcrumbList","@id":"https:\/\/regbu.com\/kabat-skupina-kterou-si-oblibili-predevsim-rockeri\/#breadcrumb","itemListElement":[{"@type":"ListItem","position":1,"name":"Home","item":"https:\/\/regbu.com\/en\/"},{"@type":"ListItem","position":2,"name":"Kab\u00e1t \u2013 Skupina, kterou si obl\u00edbili p\u0159edev\u0161\u00edm rocke\u0159i"}]},{"@type":"WebSite","@id":"https:\/\/regbu.com\/en\/#website","url":"https:\/\/regbu.com\/en\/","name":"REGBU.COM","description":"","potentialAction":[{"@type":"SearchAction","target":{"@type":"EntryPoint","urlTemplate":"https:\/\/regbu.com\/en\/?s={search_term_string}"},"query-input":{"@type":"PropertyValueSpecification","valueRequired":true,"valueName":"search_term_string"}}],"inLanguage":"hu"},{"@type":"Person","@id":"https:\/\/regbu.com\/en\/#\/schema\/person\/94ea9deda2629771b8a9ced002f6784e","name":"George Martin","url":"https:\/\/regbu.com\/hu\/author\/george-martin\/"}]}},"_links":{"self":[{"href":"https:\/\/regbu.com\/hu\/wp-json\/wp\/v2\/posts\/141","targetHints":{"allow":["GET"]}}],"collection":[{"href":"https:\/\/regbu.com\/hu\/wp-json\/wp\/v2\/posts"}],"about":[{"href":"https:\/\/regbu.com\/hu\/wp-json\/wp\/v2\/types\/post"}],"author":[{"embeddable":true,"href":"https:\/\/regbu.com\/hu\/wp-json\/wp\/v2\/users\/2"}],"replies":[{"embeddable":true,"href":"https:\/\/regbu.com\/hu\/wp-json\/wp\/v2\/comments?post=141"}],"version-history":[{"count":3,"href":"https:\/\/regbu.com\/hu\/wp-json\/wp\/v2\/posts\/141\/revisions"}],"predecessor-version":[{"id":158,"href":"https:\/\/regbu.com\/hu\/wp-json\/wp\/v2\/posts\/141\/revisions\/158"}],"wp:featuredmedia":[{"embeddable":true,"href":"https:\/\/regbu.com\/hu\/wp-json\/wp\/v2\/media\/142"}],"wp:attachment":[{"href":"https:\/\/regbu.com\/hu\/wp-json\/wp\/v2\/media?parent=141"}],"wp:term":[{"taxonomy":"category","embeddable":true,"href":"https:\/\/regbu.com\/hu\/wp-json\/wp\/v2\/categories?post=141"},{"taxonomy":"post_tag","embeddable":true,"href":"https:\/\/regbu.com\/hu\/wp-json\/wp\/v2\/tags?post=141"}],"curies":[{"name":"wp","href":"https:\/\/api.w.org\/{rel}","templated":true}]}}