{"id":1382,"date":"2023-08-05T16:52:36","date_gmt":"2023-08-05T14:52:36","guid":{"rendered":"https:\/\/regbu.com\/?p=1382"},"modified":"2025-09-05T07:40:15","modified_gmt":"2025-09-05T05:40:15","slug":"nejfotogenictejsi-mista-na-svete","status":"publish","type":"post","link":"https:\/\/regbu.com\/hu\/a-vilag-legfotogenebb-fickoja\/","title":{"rendered":"A vil\u00e1g legfotog\u00e9nebb helyei"},"content":{"rendered":"<p>A legfotog\u00e9nebb helyek nagy vonzer\u0151t jelentenek az utaz\u00f3k \u00e9s a szerelmesek sz\u00e1m\u00e1ra egyar\u00e1nt <strong><a href=\"https:\/\/regbu.com\/hu\/geocaching-is-a-popular-and-fun-activity\/\">geocaching<\/a><\/strong>. Mindenki sz\u00edvesen menne egy olyan helyre, ahol a legszebb t\u00e1jakkal fot\u00f3zkodhat. \u00c9s meg kell jegyezni, hogy t\u00f6bb mint el\u00e9g ilyen hely van a vil\u00e1gon.<\/p>\n\n\n\n<ul class=\"wp-block-list\">\n<li>Peru<\/li>\n\n\n\n<li>Szlov\u00e9nia<\/li>\n\n\n\n<li>Polin\u00e9zia<\/li>\n<\/ul>\n\n\n\n<p>Term\u00e9szetesen mindannyiunknak kiss\u00e9 elt\u00e9r\u0151ek az utaz\u00e1ssal kapcsolatos ig\u00e9nyeink. Van, aki a h\u00f3f\u00f6dte hegyeket kedveli, m\u00edg m\u00e1sok ink\u00e1bb egy tiszta tengerrel \u00e9s gy\u00f6ny\u00f6r\u0171 strandokkal k\u00f6r\u00fclvett szigetet v\u00e1lasztanak. Hol vannak teh\u00e1t a vil\u00e1g legfotog\u00e9nebb helyei?<\/p>\n\n\n\n<h2 class=\"wp-block-heading\">Peru mint kiindul\u00f3pont<\/h2>\n\n\n\n<p>L\u00e9legzetel\u00e1ll\u00edt\u00f3 t\u00e1jak v\u00e1rj\u00e1k \u00d6nt Peruban. Minden kicsit is tapasztalt utaz\u00f3 val\u00f3sz\u00edn\u0171leg helyesen sejti, hogy ide, a perui Andokba kell mennie. Itt tal\u00e1lhat\u00f3 ugyanis a vil\u00e1g h\u00e9t csod\u00e1j\u00e1nak egyike, a <strong>Macu Picchu<\/strong>. A v\u00e1ros maradv\u00e1nyai 2430 m\u00e9teres tengerszint feletti magass\u00e1gban tal\u00e1lhat\u00f3k. \u00c9s milyen m\u00e1s \u00fati c\u00e9lok vonzz\u00e1k \u00d6nt?<\/p>\n\n\n\n<figure class=\"wp-block-table\"><table><tbody><tr><td><strong>Orsz\u00e1g<\/strong><\/td><td><strong>Helysz\u00edn<\/strong><\/td><\/tr><tr><td>Szlov\u00e9nia<\/td><td>Bledi-t\u00f3<\/td><\/tr><tr><td>Egyiptom<\/td><td>Sahar el Beida<\/td><\/tr><tr><td>Polin\u00e9zia<\/td><td>Bora Bora<\/td><\/tr><tr><td>Sziget<\/td><td>Reynisfjara strand<\/td><\/tr><\/tbody><\/table><figcaption class=\"wp-element-caption\">A fot\u00f3kon gy\u00f6ny\u00f6r\u0171nek t\u0171n\u0151 helyek.<\/figcaption><\/figure>\n\n\n\n<p>A Bledi-t\u00f3 nemcsak a v\u00edzfel\u00fclete miatt egyed\u00fcl\u00e1ll\u00f3. A vil\u00e1g egyik legfotog\u00e9nebb helye is, k\u00f6sz\u00f6nhet\u0151en a k\u00f6zep\u00e9n egy kis szigeten tal\u00e1lhat\u00f3 Nagyboldogasszony-templomnak.<\/p>\n\n\n\n<h3 class=\"wp-block-heading\">Ismerje meg a legfotog\u00e9nebb helyeket<\/h3>\n\n\n\n<p>Ha \u00d6n Vietnam szerelmese, <em>l\u00e1togasson el a Tonkin-\u00f6b\u00f6lbe<\/em>. Sok utaz\u00f3 a vil\u00e1g m\u00e1sik csod\u00e1jak\u00e9nt emlegeti, amelyr\u0151l \u00d6n is meggy\u0151z\u0151dhet. \u00c1zsi\u00e1n bel\u00fcl ne feledkezzen meg a nagyszer\u0171 K\u00edn\u00e1r\u00f3l sem. Az egyik gy\u00f6ny\u00f6r\u0171 helysz\u00edn k\u00e9ts\u00e9gtelen\u00fcl a Zhangye Geol\u00f3giai Park. Ezen a helyen a term\u00e9szet igaz\u00e1n kiteljesedett, \u00e9s l\u00e9legzetel\u00e1ll\u00edt\u00f3 nyaral\u00e1si fot\u00f3z\u00e1sban lehet r\u00e9sze.<\/p>\n\n\n\n<p>Ami az Amerikai Egyes\u00fclt \u00c1llamokat illeti, mindenk\u00e9ppen vegye az ir\u00e1nyt a fontos Na Pali Coast Park fel\u00e9. A zord terep \u00e9s a p\u00e1ratlan kil\u00e1t\u00e1s abszol\u00fat mindenkit el fog gy\u00f6ny\u00f6rk\u00f6dtetni. Az Egyes\u00fclt \u00c1llamokb\u00f3l azt\u00e1n \u00e1tugorhat Kanad\u00e1ba. Itt a gy\u0151ztes egy\u00e9rtelm\u0171en <strong>Banff Nemzeti Park<\/strong>. K\u00e9sz\u00edtse el a k\u00edv\u00e1nt f\u00e9nyk\u00e9pet a Lake Louise-n\u00e1l. Az utaz\u00e1si \u00e9s fot\u00f3z\u00e1si kalandokat a fent eml\u00edtett Bora Bora sziget\u00e9n a helyi strandok valamelyik\u00e9n k\u00e9sz\u00fclt fot\u00f3val fejezheti be.<\/p>","protected":false},"excerpt":{"rendered":"<p>A legink\u00e1bb fotog\u00e9n helyek nagy vonzer\u0151t jelentenek az utaz\u00f3k \u00e9s a geocaching rajong\u00f3i sz\u00e1m\u00e1ra. Mindenki sz\u00edvesen elmegy egy olyan helyre, ahol a legszebb t\u00e1jakkal fot\u00f3zkodhat. \u00c9s meg kell jegyezni, hogy a vil\u00e1gon t\u00f6bb mint el\u00e9g ilyen hely van. Term\u00e9szetesen mindannyiunknak kiss\u00e9 elt\u00e9r\u0151 ig\u00e9nyei vannak az utaz\u00e1ssal kapcsolatban. Egyesek a havas hegyeket kedvelik, m\u00e1sok ink\u00e1bb ... <\/p>","protected":false},"author":2,"featured_media":1383,"comment_status":"closed","ping_status":"closed","sticky":false,"template":"","format":"standard","meta":{"footnotes":""},"categories":[8],"tags":[1679,1098,1675,372,1678,931,1674,1681,1677,1680,1076],"class_list":["post-1382","post","type-post","status-publish","format-standard","has-post-thumbnail","hentry","category-cestovani","tag-bled","tag-bora-bora","tag-egypt","tag-fotografie","tag-island","tag-jezero","tag-nejfotogenictejsi-mista","tag-plaz-reynisfjara","tag-polynesie","tag-sahar-el-beida","tag-slovinsko"],"yoast_head":"<!-- This site is optimized with the Yoast SEO plugin v27.5 - https:\/\/yoast.com\/product\/yoast-seo-wordpress\/ -->\n<title>Nejfotogeni\u010dt\u011bj\u0161\u00ed m\u00edsta na sv\u011bt\u011b - REGBU.COM<\/title>\n<meta name=\"description\" content=\"Poznejte nejfotogeni\u010dt\u011bj\u0161\u00ed m\u00edsta na sv\u011bt\u011b. Nav\u0161tivte nezapomenuteln\u00e9 lokace, kde V\u00e1m bude doslova p\u0159ech\u00e1zet zrak.\" \/>\n<meta name=\"robots\" content=\"index, follow, max-snippet:-1, max-image-preview:large, max-video-preview:-1\" \/>\n<link rel=\"canonical\" href=\"https:\/\/regbu.com\/hu\/a-vilag-legfotogenebb-fickoja\/\" \/>\n<meta property=\"og:locale\" content=\"hu_HU\" \/>\n<meta property=\"og:type\" content=\"article\" \/>\n<meta property=\"og:title\" content=\"Nejfotogeni\u010dt\u011bj\u0161\u00ed m\u00edsta na sv\u011bt\u011b - REGBU.COM\" \/>\n<meta property=\"og:description\" content=\"Poznejte nejfotogeni\u010dt\u011bj\u0161\u00ed m\u00edsta na sv\u011bt\u011b. Nav\u0161tivte nezapomenuteln\u00e9 lokace, kde V\u00e1m bude doslova p\u0159ech\u00e1zet zrak.\" \/>\n<meta property=\"og:url\" content=\"https:\/\/regbu.com\/hu\/a-vilag-legfotogenebb-fickoja\/\" \/>\n<meta property=\"og:site_name\" content=\"REGBU.COM\" \/>\n<meta property=\"article:published_time\" content=\"2023-08-05T14:52:36+00:00\" \/>\n<meta property=\"article:modified_time\" content=\"2025-09-05T05:40:15+00:00\" \/>\n<meta property=\"og:image\" content=\"https:\/\/regbu.com\/wp-content\/uploads\/2023\/08\/nejfotogenictejsi-mista-na-svete.jpg\" \/>\n\t<meta property=\"og:image:width\" content=\"1200\" \/>\n\t<meta property=\"og:image:height\" content=\"676\" \/>\n\t<meta property=\"og:image:type\" content=\"image\/jpeg\" \/>\n<meta name=\"author\" content=\"George Martin\" \/>\n<meta name=\"twitter:card\" content=\"summary_large_image\" \/>\n<meta name=\"twitter:label1\" content=\"Szerz\u0151:\" \/>\n\t<meta name=\"twitter:data1\" content=\"George Martin\" \/>\n\t<meta name=\"twitter:label2\" content=\"Becs\u00fclt olvas\u00e1si id\u0151\" \/>\n\t<meta name=\"twitter:data2\" content=\"2 perc\" \/>\n<script type=\"application\/ld+json\" class=\"yoast-schema-graph\">{\"@context\":\"https:\\\/\\\/schema.org\",\"@graph\":[{\"@type\":\"Article\",\"@id\":\"https:\\\/\\\/regbu.com\\\/hu\\\/a-vilag-legfotogenebb-fickoja\\\/#article\",\"isPartOf\":{\"@id\":\"https:\\\/\\\/regbu.com\\\/hu\\\/a-vilag-legfotogenebb-fickoja\\\/\"},\"author\":{\"name\":\"George Martin\",\"@id\":\"https:\\\/\\\/regbu.com\\\/en\\\/#\\\/schema\\\/person\\\/94ea9deda2629771b8a9ced002f6784e\"},\"headline\":\"Nejfotogeni\u010dt\u011bj\u0161\u00ed m\u00edsta na sv\u011bt\u011b\",\"datePublished\":\"2023-08-05T14:52:36+00:00\",\"dateModified\":\"2025-09-05T05:40:15+00:00\",\"mainEntityOfPage\":{\"@id\":\"https:\\\/\\\/regbu.com\\\/hu\\\/a-vilag-legfotogenebb-fickoja\\\/\"},\"wordCount\":472,\"image\":{\"@id\":\"https:\\\/\\\/regbu.com\\\/hu\\\/a-vilag-legfotogenebb-fickoja\\\/#primaryimage\"},\"thumbnailUrl\":\"https:\\\/\\\/regbu.com\\\/wp-content\\\/uploads\\\/2023\\\/08\\\/nejfotogenictejsi-mista-na-svete.jpg\",\"keywords\":[\"bled\",\"bora bora\",\"egypt\",\"fotografie\",\"island\",\"jezero\",\"nejfotogeni\u010dt\u011bj\u0161\u00ed m\u00edsta\",\"Pl\u00e1\u017e Reynisfjara\",\"polyn\u00e9sie\",\"Sahar el Beida\",\"Slovinsko\"],\"articleSection\":[\"Cestov\u00e1n\u00ed\"],\"inLanguage\":\"hu\"},{\"@type\":\"WebPage\",\"@id\":\"https:\\\/\\\/regbu.com\\\/hu\\\/a-vilag-legfotogenebb-fickoja\\\/\",\"url\":\"https:\\\/\\\/regbu.com\\\/hu\\\/a-vilag-legfotogenebb-fickoja\\\/\",\"name\":\"Nejfotogeni\u010dt\u011bj\u0161\u00ed m\u00edsta na sv\u011bt\u011b - REGBU.COM\",\"isPartOf\":{\"@id\":\"https:\\\/\\\/regbu.com\\\/en\\\/#website\"},\"primaryImageOfPage\":{\"@id\":\"https:\\\/\\\/regbu.com\\\/hu\\\/a-vilag-legfotogenebb-fickoja\\\/#primaryimage\"},\"image\":{\"@id\":\"https:\\\/\\\/regbu.com\\\/hu\\\/a-vilag-legfotogenebb-fickoja\\\/#primaryimage\"},\"thumbnailUrl\":\"https:\\\/\\\/regbu.com\\\/wp-content\\\/uploads\\\/2023\\\/08\\\/nejfotogenictejsi-mista-na-svete.jpg\",\"datePublished\":\"2023-08-05T14:52:36+00:00\",\"dateModified\":\"2025-09-05T05:40:15+00:00\",\"author\":{\"@id\":\"https:\\\/\\\/regbu.com\\\/en\\\/#\\\/schema\\\/person\\\/94ea9deda2629771b8a9ced002f6784e\"},\"description\":\"Poznejte nejfotogeni\u010dt\u011bj\u0161\u00ed m\u00edsta na sv\u011bt\u011b. Nav\u0161tivte nezapomenuteln\u00e9 lokace, kde V\u00e1m bude doslova p\u0159ech\u00e1zet zrak.\",\"breadcrumb\":{\"@id\":\"https:\\\/\\\/regbu.com\\\/hu\\\/a-vilag-legfotogenebb-fickoja\\\/#breadcrumb\"},\"inLanguage\":\"hu\",\"potentialAction\":[{\"@type\":\"ReadAction\",\"target\":[\"https:\\\/\\\/regbu.com\\\/hu\\\/a-vilag-legfotogenebb-fickoja\\\/\"]}]},{\"@type\":\"ImageObject\",\"inLanguage\":\"hu\",\"@id\":\"https:\\\/\\\/regbu.com\\\/hu\\\/a-vilag-legfotogenebb-fickoja\\\/#primaryimage\",\"url\":\"https:\\\/\\\/regbu.com\\\/wp-content\\\/uploads\\\/2023\\\/08\\\/nejfotogenictejsi-mista-na-svete.jpg\",\"contentUrl\":\"https:\\\/\\\/regbu.com\\\/wp-content\\\/uploads\\\/2023\\\/08\\\/nejfotogenictejsi-mista-na-svete.jpg\",\"width\":1200,\"height\":676,\"caption\":\"Nejfotogeni\u010dt\u011bj\u0161\u00ed m\u00edsta na sv\u011bt\u011b\"},{\"@type\":\"BreadcrumbList\",\"@id\":\"https:\\\/\\\/regbu.com\\\/hu\\\/a-vilag-legfotogenebb-fickoja\\\/#breadcrumb\",\"itemListElement\":[{\"@type\":\"ListItem\",\"position\":1,\"name\":\"Home\",\"item\":\"https:\\\/\\\/regbu.com\\\/en\\\/\"},{\"@type\":\"ListItem\",\"position\":2,\"name\":\"Nejfotogeni\u010dt\u011bj\u0161\u00ed m\u00edsta na sv\u011bt\u011b\"}]},{\"@type\":\"WebSite\",\"@id\":\"https:\\\/\\\/regbu.com\\\/en\\\/#website\",\"url\":\"https:\\\/\\\/regbu.com\\\/en\\\/\",\"name\":\"REGBU.COM\",\"description\":\"\",\"potentialAction\":[{\"@type\":\"SearchAction\",\"target\":{\"@type\":\"EntryPoint\",\"urlTemplate\":\"https:\\\/\\\/regbu.com\\\/en\\\/?s={search_term_string}\"},\"query-input\":{\"@type\":\"PropertyValueSpecification\",\"valueRequired\":true,\"valueName\":\"search_term_string\"}}],\"inLanguage\":\"hu\"},{\"@type\":\"Person\",\"@id\":\"https:\\\/\\\/regbu.com\\\/en\\\/#\\\/schema\\\/person\\\/94ea9deda2629771b8a9ced002f6784e\",\"name\":\"George Martin\",\"url\":\"https:\\\/\\\/regbu.com\\\/hu\\\/author\\\/george-martin\\\/\"}]}<\/script>\n<!-- \/ Yoast SEO plugin. -->","yoast_head_json":{"title":"A vil\u00e1g legfotog\u00e9nebb helyei - REGBU.COM","description":"Fedezze fel a vil\u00e1g legfotog\u00e9nebb helyeit. L\u00e1togasson el olyan felejthetetlen helysz\u00ednekre, amelyek sz\u00f3 szerint elkerekednek a szemei.","robots":{"index":"index","follow":"follow","max-snippet":"max-snippet:-1","max-image-preview":"max-image-preview:large","max-video-preview":"max-video-preview:-1"},"canonical":"https:\/\/regbu.com\/hu\/a-vilag-legfotogenebb-fickoja\/","og_locale":"hu_HU","og_type":"article","og_title":"Nejfotogeni\u010dt\u011bj\u0161\u00ed m\u00edsta na sv\u011bt\u011b - REGBU.COM","og_description":"Poznejte nejfotogeni\u010dt\u011bj\u0161\u00ed m\u00edsta na sv\u011bt\u011b. Nav\u0161tivte nezapomenuteln\u00e9 lokace, kde V\u00e1m bude doslova p\u0159ech\u00e1zet zrak.","og_url":"https:\/\/regbu.com\/hu\/a-vilag-legfotogenebb-fickoja\/","og_site_name":"REGBU.COM","article_published_time":"2023-08-05T14:52:36+00:00","article_modified_time":"2025-09-05T05:40:15+00:00","og_image":[{"width":1200,"height":676,"url":"https:\/\/regbu.com\/wp-content\/uploads\/2023\/08\/nejfotogenictejsi-mista-na-svete.jpg","type":"image\/jpeg"}],"author":"George Martin","twitter_card":"summary_large_image","twitter_misc":{"Szerz\u0151:":"George Martin","Becs\u00fclt olvas\u00e1si id\u0151":"2 perc"},"schema":{"@context":"https:\/\/schema.org","@graph":[{"@type":"Article","@id":"https:\/\/regbu.com\/hu\/a-vilag-legfotogenebb-fickoja\/#article","isPartOf":{"@id":"https:\/\/regbu.com\/hu\/a-vilag-legfotogenebb-fickoja\/"},"author":{"name":"George Martin","@id":"https:\/\/regbu.com\/en\/#\/schema\/person\/94ea9deda2629771b8a9ced002f6784e"},"headline":"Nejfotogeni\u010dt\u011bj\u0161\u00ed m\u00edsta na sv\u011bt\u011b","datePublished":"2023-08-05T14:52:36+00:00","dateModified":"2025-09-05T05:40:15+00:00","mainEntityOfPage":{"@id":"https:\/\/regbu.com\/hu\/a-vilag-legfotogenebb-fickoja\/"},"wordCount":472,"image":{"@id":"https:\/\/regbu.com\/hu\/a-vilag-legfotogenebb-fickoja\/#primaryimage"},"thumbnailUrl":"https:\/\/regbu.com\/wp-content\/uploads\/2023\/08\/nejfotogenictejsi-mista-na-svete.jpg","keywords":["bled","bora bora","egypt","fotografie","island","jezero","nejfotogeni\u010dt\u011bj\u0161\u00ed m\u00edsta","Pl\u00e1\u017e Reynisfjara","polyn\u00e9sie","Sahar el Beida","Slovinsko"],"articleSection":["Cestov\u00e1n\u00ed"],"inLanguage":"hu"},{"@type":"WebPage","@id":"https:\/\/regbu.com\/hu\/a-vilag-legfotogenebb-fickoja\/","url":"https:\/\/regbu.com\/hu\/a-vilag-legfotogenebb-fickoja\/","name":"A vil\u00e1g legfotog\u00e9nebb helyei - REGBU.COM","isPartOf":{"@id":"https:\/\/regbu.com\/en\/#website"},"primaryImageOfPage":{"@id":"https:\/\/regbu.com\/hu\/a-vilag-legfotogenebb-fickoja\/#primaryimage"},"image":{"@id":"https:\/\/regbu.com\/hu\/a-vilag-legfotogenebb-fickoja\/#primaryimage"},"thumbnailUrl":"https:\/\/regbu.com\/wp-content\/uploads\/2023\/08\/nejfotogenictejsi-mista-na-svete.jpg","datePublished":"2023-08-05T14:52:36+00:00","dateModified":"2025-09-05T05:40:15+00:00","author":{"@id":"https:\/\/regbu.com\/en\/#\/schema\/person\/94ea9deda2629771b8a9ced002f6784e"},"description":"Fedezze fel a vil\u00e1g legfotog\u00e9nebb helyeit. L\u00e1togasson el olyan felejthetetlen helysz\u00ednekre, amelyek sz\u00f3 szerint elkerekednek a szemei.","breadcrumb":{"@id":"https:\/\/regbu.com\/hu\/a-vilag-legfotogenebb-fickoja\/#breadcrumb"},"inLanguage":"hu","potentialAction":[{"@type":"ReadAction","target":["https:\/\/regbu.com\/hu\/a-vilag-legfotogenebb-fickoja\/"]}]},{"@type":"ImageObject","inLanguage":"hu","@id":"https:\/\/regbu.com\/hu\/a-vilag-legfotogenebb-fickoja\/#primaryimage","url":"https:\/\/regbu.com\/wp-content\/uploads\/2023\/08\/nejfotogenictejsi-mista-na-svete.jpg","contentUrl":"https:\/\/regbu.com\/wp-content\/uploads\/2023\/08\/nejfotogenictejsi-mista-na-svete.jpg","width":1200,"height":676,"caption":"Nejfotogeni\u010dt\u011bj\u0161\u00ed m\u00edsta na sv\u011bt\u011b"},{"@type":"BreadcrumbList","@id":"https:\/\/regbu.com\/hu\/a-vilag-legfotogenebb-fickoja\/#breadcrumb","itemListElement":[{"@type":"ListItem","position":1,"name":"Home","item":"https:\/\/regbu.com\/en\/"},{"@type":"ListItem","position":2,"name":"Nejfotogeni\u010dt\u011bj\u0161\u00ed m\u00edsta na sv\u011bt\u011b"}]},{"@type":"WebSite","@id":"https:\/\/regbu.com\/en\/#website","url":"https:\/\/regbu.com\/en\/","name":"REGBU.COM","description":"","potentialAction":[{"@type":"SearchAction","target":{"@type":"EntryPoint","urlTemplate":"https:\/\/regbu.com\/en\/?s={search_term_string}"},"query-input":{"@type":"PropertyValueSpecification","valueRequired":true,"valueName":"search_term_string"}}],"inLanguage":"hu"},{"@type":"Person","@id":"https:\/\/regbu.com\/en\/#\/schema\/person\/94ea9deda2629771b8a9ced002f6784e","name":"George Martin","url":"https:\/\/regbu.com\/hu\/author\/george-martin\/"}]}},"_links":{"self":[{"href":"https:\/\/regbu.com\/hu\/wp-json\/wp\/v2\/posts\/1382","targetHints":{"allow":["GET"]}}],"collection":[{"href":"https:\/\/regbu.com\/hu\/wp-json\/wp\/v2\/posts"}],"about":[{"href":"https:\/\/regbu.com\/hu\/wp-json\/wp\/v2\/types\/post"}],"author":[{"embeddable":true,"href":"https:\/\/regbu.com\/hu\/wp-json\/wp\/v2\/users\/2"}],"replies":[{"embeddable":true,"href":"https:\/\/regbu.com\/hu\/wp-json\/wp\/v2\/comments?post=1382"}],"version-history":[{"count":2,"href":"https:\/\/regbu.com\/hu\/wp-json\/wp\/v2\/posts\/1382\/revisions"}],"predecessor-version":[{"id":1402,"href":"https:\/\/regbu.com\/hu\/wp-json\/wp\/v2\/posts\/1382\/revisions\/1402"}],"wp:featuredmedia":[{"embeddable":true,"href":"https:\/\/regbu.com\/hu\/wp-json\/wp\/v2\/media\/1383"}],"wp:attachment":[{"href":"https:\/\/regbu.com\/hu\/wp-json\/wp\/v2\/media?parent=1382"}],"wp:term":[{"taxonomy":"category","embeddable":true,"href":"https:\/\/regbu.com\/hu\/wp-json\/wp\/v2\/categories?post=1382"},{"taxonomy":"post_tag","embeddable":true,"href":"https:\/\/regbu.com\/hu\/wp-json\/wp\/v2\/tags?post=1382"}],"curies":[{"name":"wp","href":"https:\/\/api.w.org\/{rel}","templated":true}]}}