{"id":138,"date":"2022-01-05T08:39:00","date_gmt":"2022-01-05T07:39:00","guid":{"rendered":"https:\/\/regbu.com\/?p=138"},"modified":"2025-09-05T07:43:02","modified_gmt":"2025-09-05T05:43:02","slug":"helena-vondrackova-a-jeji-hudebni-repertoar","status":"publish","type":"post","link":"https:\/\/regbu.com\/hu\/helena-vondrackova-and-her-musical-repertoire\/","title":{"rendered":"Helena Vondr\u00e1\u010dkov\u00e1 \u00e9s zenei reperto\u00e1rja"},"content":{"rendered":"<p>Helena Vondr\u00e1\u010dkov\u00e1 \u00e9ppolyan h\u00edres \u00e9nekesn\u0151, mint Lucie B\u00edl\u00e1. \u00c9nekesn\u0151 \u00e9s alkalmi sz\u00edn\u00e9szn\u0151, aki id\u0151tlen sl\u00e1gerekkel, de v\u00edgj\u00e1t\u00e9ki t\u00e9v\u00e9szerepekkel is be\u00edrta mag\u00e1t az emberek tudat\u00e1ba. A cseh zenei \u00e9let e meghat\u00e1roz\u00f3 alakj\u00e1t most r\u00e9szletesebben is bemutatjuk.<\/p>\n\n\n\n<h2 class=\"wp-block-heading\">T\u00f6bb inform\u00e1ci\u00f3 Helena Vondr\u00e1\u010dkov\u00e1-r\u00f3l<\/h2>\n\n\n\n<p>Kezdj\u00fck azzal, hogy felfedhetj\u00fck, hogy az \u00e9nekesn\u0151 <strong>Jiri Vondracek, a sikeres \u00e9nekes h\u00faga<\/strong>. T\u00f6bbek k\u00f6z\u00f6tt a tehets\u00e9ges \u00e9nekesn\u0151, Lucie Vondr\u00e1\u010dkov\u00e1 nagyn\u00e9nje. A vele kapcsolatos tov\u00e1bbi inform\u00e1ci\u00f3k az al\u00e1bbi t\u00e1bl\u00e1zatban tal\u00e1lhat\u00f3k.<\/p>\n\n\n\n<figure class=\"wp-block-table\"><table><tbody><tr><td><strong>T\u00e1rgy:<\/strong><\/td><td><strong>\u00c9rt\u00e9k<\/strong><\/td><\/tr><tr><td>Sz\u00fclet\u00e9s<\/td><td>1947. j\u00fanius 24.<\/td><\/tr><tr><td>Sz\u00fclet\u00e9si hely<\/td><td>Pr\u00e1ga<\/td><\/tr><tr><td>Akt\u00edv a sz\u00ednpadon<\/td><td>1964 \u00f3ta<\/td><\/tr><tr><td>M\u0171fajok<\/td><td>Pop \u00e9s jazz<\/td><\/tr><\/tbody><\/table><figcaption>Fontos inform\u00e1ci\u00f3k a h\u00edres cseh \u00e9nekesn\u0151r\u0151l.<\/figcaption><\/figure>\n\n\n\n<p>Helena Vondr\u00e1\u010dkov\u00e1 a Golden Kids nev\u0171 zenei csoporttal is szoros kapcsolatban \u00e1ll. F\u0151leg 1968 \u00e9s 1970, 1994, 1995 \u00e9s 1997 k\u00f6z\u00f6tt volt akt\u00edv. Helena Vondr\u00e1\u010dkov\u00e1, Marta Kubi\u0161ov\u00e1 \u00e9s V\u00e1clav Neck\u00e1\u0159 alkotta csoport volt.<\/p>\n\n\n\n<h2 class=\"wp-block-heading\">Helena Vondr\u00e1\u010dkov\u00e1 - Soha nem \u00f6reged\u0151 sl\u00e1gerek<\/h2>\n\n\n\n<p>Helena Vondr\u00e1\u010dkov\u00e1 diszkogr\u00e1fi\u00e1ja igaz\u00e1n v\u00e1ltozatos, ehhez k\u00e9ts\u00e9g sem f\u00e9rhet. Az eg\u00e9sz a P\u00e1t\u00e1, Mi\u00e9rt nem szeret senki c\u00edm\u0171 sl\u00e1gerekkel kezd\u0151d\u00f6tt, majd a k\u00f6vetkez\u0151 dalokkal folytat\u00f3dott. <strong>Fanfan, \u00c9s azt k\u00e9rdezed, Copacanana<\/strong>, I Will Go On, Long Night, Carnival \u00e9s I Welcome the Rain. Ezek \u00e9s sok m\u00e1s sl\u00e1ger tette Helena Vondr\u00e1\u010dkov\u00e1-t olyan h\u00edress\u00e9, hogy gyakorlatilag be\u00edrta mag\u00e1t a cseh pop \u00e9s jazz t\u00f6rt\u00e9net\u00e9be.<\/p>\n\n\n\n<h3 class=\"wp-block-heading\">Helena Vondr\u00e1\u010dkov\u00e1 \u00e9s munk\u00e1ja<\/h3>\n\n\n\n<p>Ahogyan azt a cikk bevezet\u0151j\u00e9ben m\u00e1r bemutattuk, Helena Vondr\u00e1\u010dkov\u00e1 nem csak sikeres \u00e9nekesn\u0151. Tehets\u00e9g\u00e9t t\u00f6bb musicalben is kamatoztatta, ahol 1992-ben kezdett el szerepelni. N\u00e9h\u00e1ny a h\u00edres darabok k\u00f6z\u00fcl: Les Mis\u00e9rables, Cars, Mona Lisa, R\u00f3me\u00f3 \u00e9s J\u00falia, Mamma Mia! \u00e9s A vasmaszkos f\u00e9rfi.<\/p>\n\n\n\n<p>A musicalek mellett sok sz\u00edn\u00e9szi szerep is volt. Senki sem fogja elfelejteni a r\u00e9gi filmet <strong>Az \u0151r\u00fclten szomor\u00fa 1968-as hercegn\u0151<\/strong>ahol Helena Vondr\u00e1\u010dkov\u00e1 V\u00e1clav Neck\u00e1\u0159 mellett egy hercegn\u0151t alak\u00edtott. Tov\u00e1bbi h\u00edres filmjei: Rom\u00e1nc a koron\u00e1\u00e9rt, Csak hadd f\u00e9ljen, Szerelem egy hirdet\u00e9sen, Dinamittal t\u00e9pett ibolya, K\u0151b\u00e1ny\u00e1sz 2 \u00e9s Gymple. Helena Vondr\u00e1\u010dkov\u00e1 egyszer\u0171en term\u00e9keny, \u00e9s mindenk\u00e9ppen jelent\u0151s figyelmet \u00e9rdemel a cseh sz\u00ednt\u00e9ren.<\/p>","protected":false},"excerpt":{"rendered":"<p>Helena Vondr\u00e1\u010dkov\u00e1 \u00e9ppolyan h\u00edres \u00e9nekesn\u0151, mint Lucie B\u00edl\u00e1. \u00c9nekesn\u0151 \u00e9s alkalmi sz\u00edn\u00e9szn\u0151, aki id\u0151tlen sl\u00e1gerekkel, de v\u00edgj\u00e1t\u00e9ki t\u00e9v\u00e9szerepl\u00e9sekkel is be\u00edrta mag\u00e1t az emberek tudat\u00e1ba. A cseh zenei \u00e9let e meghat\u00e1roz\u00f3 alakj\u00e1t most r\u00e9szletesebben is bemutatjuk. Egy kicsit t\u00f6bbet Helena Vondr\u00e1\u010dkov\u00e1-r\u00f3l El\u0151sz\u00f6r is el\u00e1rulhatjuk, hogy az \u00e9nekesn\u0151 a h\u00faga ... <\/p>","protected":false},"author":2,"featured_media":139,"comment_status":"closed","ping_status":"closed","sticky":false,"template":"","format":"standard","meta":{"footnotes":""},"categories":[11],"tags":[126,127,128,129,130,131,132,115,125],"class_list":["post-138","post","type-post","status-publish","format-standard","has-post-thumbnail","hentry","category-hudba","tag-helena-vondrackova","tag-jazz","tag-kralovna-jazzu","tag-lucie-vondrackova","tag-pisne","tag-repertoar","tag-vondrackova","tag-zpev","tag-zpevacka"],"yoast_head":"<!-- This site is optimized with the Yoast SEO plugin v27.4 - https:\/\/yoast.com\/product\/yoast-seo-wordpress\/ -->\n<title>Helena Vondr\u00e1\u010dkov\u00e1 a jej\u00ed hudebn\u00ed reperto\u00e1r - REGBU.COM<\/title>\n<meta name=\"description\" content=\"Helena Vondr\u00e1\u010dkov\u00e1 je slavnou a \u00fasp\u011b\u0161nou zp\u011bva\u010dkou. Poznejte jej\u00ed \u00fasp\u011bch, \u017eivot a diskografii do nejmen\u0161\u00edho detailu. Pom\u016f\u017eeme V\u00e1m.\" \/>\n<meta name=\"robots\" content=\"index, follow, max-snippet:-1, max-image-preview:large, max-video-preview:-1\" \/>\n<link rel=\"canonical\" href=\"https:\/\/regbu.com\/hu\/helena-vondrackova-and-her-musical-repertoire\/\" \/>\n<meta property=\"og:locale\" content=\"hu_HU\" \/>\n<meta property=\"og:type\" content=\"article\" \/>\n<meta property=\"og:title\" content=\"Helena Vondr\u00e1\u010dkov\u00e1 a jej\u00ed hudebn\u00ed reperto\u00e1r - REGBU.COM\" \/>\n<meta property=\"og:description\" content=\"Helena Vondr\u00e1\u010dkov\u00e1 je slavnou a \u00fasp\u011b\u0161nou zp\u011bva\u010dkou. Poznejte jej\u00ed \u00fasp\u011bch, \u017eivot a diskografii do nejmen\u0161\u00edho detailu. Pom\u016f\u017eeme V\u00e1m.\" \/>\n<meta property=\"og:url\" content=\"https:\/\/regbu.com\/hu\/helena-vondrackova-and-her-musical-repertoire\/\" \/>\n<meta property=\"og:site_name\" content=\"REGBU.COM\" \/>\n<meta property=\"article:published_time\" content=\"2022-01-05T07:39:00+00:00\" \/>\n<meta property=\"article:modified_time\" content=\"2025-09-05T05:43:02+00:00\" \/>\n<meta property=\"og:image\" content=\"https:\/\/regbu.com\/wp-content\/uploads\/2022\/01\/helena-vondrackova-a-jeji-hudebni-repertoar.jpg\" \/>\n\t<meta property=\"og:image:width\" content=\"1200\" \/>\n\t<meta property=\"og:image:height\" content=\"677\" \/>\n\t<meta property=\"og:image:type\" content=\"image\/jpeg\" \/>\n<meta name=\"author\" content=\"George Martin\" \/>\n<meta name=\"twitter:card\" content=\"summary_large_image\" \/>\n<meta name=\"twitter:label1\" content=\"Szerz\u0151:\" \/>\n\t<meta name=\"twitter:data1\" content=\"George Martin\" \/>\n\t<meta name=\"twitter:label2\" content=\"Becs\u00fclt olvas\u00e1si id\u0151\" \/>\n\t<meta name=\"twitter:data2\" content=\"2 perc\" \/>\n<script type=\"application\/ld+json\" class=\"yoast-schema-graph\">{\"@context\":\"https:\\\/\\\/schema.org\",\"@graph\":[{\"@type\":\"Article\",\"@id\":\"https:\\\/\\\/regbu.com\\\/helena-vondrackova-a-jeji-hudebni-repertoar\\\/#article\",\"isPartOf\":{\"@id\":\"https:\\\/\\\/regbu.com\\\/helena-vondrackova-a-jeji-hudebni-repertoar\\\/\"},\"author\":{\"name\":\"George Martin\",\"@id\":\"https:\\\/\\\/regbu.com\\\/en\\\/#\\\/schema\\\/person\\\/94ea9deda2629771b8a9ced002f6784e\"},\"headline\":\"Helena Vondr\u00e1\u010dkov\u00e1 a jej\u00ed hudebn\u00ed reperto\u00e1r\",\"datePublished\":\"2022-01-05T07:39:00+00:00\",\"dateModified\":\"2025-09-05T05:43:02+00:00\",\"mainEntityOfPage\":{\"@id\":\"https:\\\/\\\/regbu.com\\\/helena-vondrackova-a-jeji-hudebni-repertoar\\\/\"},\"wordCount\":438,\"image\":{\"@id\":\"https:\\\/\\\/regbu.com\\\/helena-vondrackova-a-jeji-hudebni-repertoar\\\/#primaryimage\"},\"thumbnailUrl\":\"https:\\\/\\\/regbu.com\\\/wp-content\\\/uploads\\\/2022\\\/01\\\/helena-vondrackova-a-jeji-hudebni-repertoar.jpg\",\"keywords\":[\"Helena Vondr\u00e1\u010dkov\u00e1\",\"jazz\",\"kr\u00e1lovna jazzu\",\"Lucie Vondr\u00e1\u010dkov\u00e1\",\"p\u00edsn\u011b\",\"reperto\u00e1r\",\"Vondr\u00e1\u010dkov\u00e1\",\"zp\u011bv\",\"zp\u011bva\u010dka\"],\"articleSection\":[\"Hudba\"],\"inLanguage\":\"hu\"},{\"@type\":\"WebPage\",\"@id\":\"https:\\\/\\\/regbu.com\\\/helena-vondrackova-a-jeji-hudebni-repertoar\\\/\",\"url\":\"https:\\\/\\\/regbu.com\\\/helena-vondrackova-a-jeji-hudebni-repertoar\\\/\",\"name\":\"Helena Vondr\u00e1\u010dkov\u00e1 a jej\u00ed hudebn\u00ed reperto\u00e1r - REGBU.COM\",\"isPartOf\":{\"@id\":\"https:\\\/\\\/regbu.com\\\/en\\\/#website\"},\"primaryImageOfPage\":{\"@id\":\"https:\\\/\\\/regbu.com\\\/helena-vondrackova-a-jeji-hudebni-repertoar\\\/#primaryimage\"},\"image\":{\"@id\":\"https:\\\/\\\/regbu.com\\\/helena-vondrackova-a-jeji-hudebni-repertoar\\\/#primaryimage\"},\"thumbnailUrl\":\"https:\\\/\\\/regbu.com\\\/wp-content\\\/uploads\\\/2022\\\/01\\\/helena-vondrackova-a-jeji-hudebni-repertoar.jpg\",\"datePublished\":\"2022-01-05T07:39:00+00:00\",\"dateModified\":\"2025-09-05T05:43:02+00:00\",\"author\":{\"@id\":\"https:\\\/\\\/regbu.com\\\/en\\\/#\\\/schema\\\/person\\\/94ea9deda2629771b8a9ced002f6784e\"},\"description\":\"Helena Vondr\u00e1\u010dkov\u00e1 je slavnou a \u00fasp\u011b\u0161nou zp\u011bva\u010dkou. Poznejte jej\u00ed \u00fasp\u011bch, \u017eivot a diskografii do nejmen\u0161\u00edho detailu. Pom\u016f\u017eeme V\u00e1m.\",\"breadcrumb\":{\"@id\":\"https:\\\/\\\/regbu.com\\\/helena-vondrackova-a-jeji-hudebni-repertoar\\\/#breadcrumb\"},\"inLanguage\":\"hu\",\"potentialAction\":[{\"@type\":\"ReadAction\",\"target\":[\"https:\\\/\\\/regbu.com\\\/helena-vondrackova-a-jeji-hudebni-repertoar\\\/\"]}]},{\"@type\":\"ImageObject\",\"inLanguage\":\"hu\",\"@id\":\"https:\\\/\\\/regbu.com\\\/helena-vondrackova-a-jeji-hudebni-repertoar\\\/#primaryimage\",\"url\":\"https:\\\/\\\/regbu.com\\\/wp-content\\\/uploads\\\/2022\\\/01\\\/helena-vondrackova-a-jeji-hudebni-repertoar.jpg\",\"contentUrl\":\"https:\\\/\\\/regbu.com\\\/wp-content\\\/uploads\\\/2022\\\/01\\\/helena-vondrackova-a-jeji-hudebni-repertoar.jpg\",\"width\":1200,\"height\":677,\"caption\":\"Helena Vondr\u00e1\u010dkov\u00e1 a jej\u00ed hudebn\u00ed reperto\u00e1r\"},{\"@type\":\"BreadcrumbList\",\"@id\":\"https:\\\/\\\/regbu.com\\\/helena-vondrackova-a-jeji-hudebni-repertoar\\\/#breadcrumb\",\"itemListElement\":[{\"@type\":\"ListItem\",\"position\":1,\"name\":\"Home\",\"item\":\"https:\\\/\\\/regbu.com\\\/en\\\/\"},{\"@type\":\"ListItem\",\"position\":2,\"name\":\"Helena Vondr\u00e1\u010dkov\u00e1 a jej\u00ed hudebn\u00ed reperto\u00e1r\"}]},{\"@type\":\"WebSite\",\"@id\":\"https:\\\/\\\/regbu.com\\\/en\\\/#website\",\"url\":\"https:\\\/\\\/regbu.com\\\/en\\\/\",\"name\":\"REGBU.COM\",\"description\":\"\",\"potentialAction\":[{\"@type\":\"SearchAction\",\"target\":{\"@type\":\"EntryPoint\",\"urlTemplate\":\"https:\\\/\\\/regbu.com\\\/en\\\/?s={search_term_string}\"},\"query-input\":{\"@type\":\"PropertyValueSpecification\",\"valueRequired\":true,\"valueName\":\"search_term_string\"}}],\"inLanguage\":\"hu\"},{\"@type\":\"Person\",\"@id\":\"https:\\\/\\\/regbu.com\\\/en\\\/#\\\/schema\\\/person\\\/94ea9deda2629771b8a9ced002f6784e\",\"name\":\"George Martin\",\"url\":\"https:\\\/\\\/regbu.com\\\/hu\\\/author\\\/george-martin\\\/\"}]}<\/script>\n<!-- \/ Yoast SEO plugin. -->","yoast_head_json":{"title":"Helena Vondr\u00e1\u010dkov\u00e1 \u00e9s zenei reperto\u00e1rja - REGBU.COM","description":"Helena Vondr\u00e1\u010dkov\u00e1 h\u00edres \u00e9s sikeres \u00e9nekesn\u0151. Ismerd meg siker\u00e9t, \u00e9let\u00e9t \u00e9s diszkogr\u00e1fi\u00e1j\u00e1t a legapr\u00f3bb r\u00e9szletekig. Mi seg\u00edthet\u00fcnk \u00d6nnek.","robots":{"index":"index","follow":"follow","max-snippet":"max-snippet:-1","max-image-preview":"max-image-preview:large","max-video-preview":"max-video-preview:-1"},"canonical":"https:\/\/regbu.com\/hu\/helena-vondrackova-and-her-musical-repertoire\/","og_locale":"hu_HU","og_type":"article","og_title":"Helena Vondr\u00e1\u010dkov\u00e1 a jej\u00ed hudebn\u00ed reperto\u00e1r - REGBU.COM","og_description":"Helena Vondr\u00e1\u010dkov\u00e1 je slavnou a \u00fasp\u011b\u0161nou zp\u011bva\u010dkou. Poznejte jej\u00ed \u00fasp\u011bch, \u017eivot a diskografii do nejmen\u0161\u00edho detailu. Pom\u016f\u017eeme V\u00e1m.","og_url":"https:\/\/regbu.com\/hu\/helena-vondrackova-and-her-musical-repertoire\/","og_site_name":"REGBU.COM","article_published_time":"2022-01-05T07:39:00+00:00","article_modified_time":"2025-09-05T05:43:02+00:00","og_image":[{"width":1200,"height":677,"url":"https:\/\/regbu.com\/wp-content\/uploads\/2022\/01\/helena-vondrackova-a-jeji-hudebni-repertoar.jpg","type":"image\/jpeg"}],"author":"George Martin","twitter_card":"summary_large_image","twitter_misc":{"Szerz\u0151:":"George Martin","Becs\u00fclt olvas\u00e1si id\u0151":"2 perc"},"schema":{"@context":"https:\/\/schema.org","@graph":[{"@type":"Article","@id":"https:\/\/regbu.com\/helena-vondrackova-a-jeji-hudebni-repertoar\/#article","isPartOf":{"@id":"https:\/\/regbu.com\/helena-vondrackova-a-jeji-hudebni-repertoar\/"},"author":{"name":"George Martin","@id":"https:\/\/regbu.com\/en\/#\/schema\/person\/94ea9deda2629771b8a9ced002f6784e"},"headline":"Helena Vondr\u00e1\u010dkov\u00e1 a jej\u00ed hudebn\u00ed reperto\u00e1r","datePublished":"2022-01-05T07:39:00+00:00","dateModified":"2025-09-05T05:43:02+00:00","mainEntityOfPage":{"@id":"https:\/\/regbu.com\/helena-vondrackova-a-jeji-hudebni-repertoar\/"},"wordCount":438,"image":{"@id":"https:\/\/regbu.com\/helena-vondrackova-a-jeji-hudebni-repertoar\/#primaryimage"},"thumbnailUrl":"https:\/\/regbu.com\/wp-content\/uploads\/2022\/01\/helena-vondrackova-a-jeji-hudebni-repertoar.jpg","keywords":["Helena Vondr\u00e1\u010dkov\u00e1","jazz","kr\u00e1lovna jazzu","Lucie Vondr\u00e1\u010dkov\u00e1","p\u00edsn\u011b","reperto\u00e1r","Vondr\u00e1\u010dkov\u00e1","zp\u011bv","zp\u011bva\u010dka"],"articleSection":["Hudba"],"inLanguage":"hu"},{"@type":"WebPage","@id":"https:\/\/regbu.com\/helena-vondrackova-a-jeji-hudebni-repertoar\/","url":"https:\/\/regbu.com\/helena-vondrackova-a-jeji-hudebni-repertoar\/","name":"Helena Vondr\u00e1\u010dkov\u00e1 \u00e9s zenei reperto\u00e1rja - REGBU.COM","isPartOf":{"@id":"https:\/\/regbu.com\/en\/#website"},"primaryImageOfPage":{"@id":"https:\/\/regbu.com\/helena-vondrackova-a-jeji-hudebni-repertoar\/#primaryimage"},"image":{"@id":"https:\/\/regbu.com\/helena-vondrackova-a-jeji-hudebni-repertoar\/#primaryimage"},"thumbnailUrl":"https:\/\/regbu.com\/wp-content\/uploads\/2022\/01\/helena-vondrackova-a-jeji-hudebni-repertoar.jpg","datePublished":"2022-01-05T07:39:00+00:00","dateModified":"2025-09-05T05:43:02+00:00","author":{"@id":"https:\/\/regbu.com\/en\/#\/schema\/person\/94ea9deda2629771b8a9ced002f6784e"},"description":"Helena Vondr\u00e1\u010dkov\u00e1 h\u00edres \u00e9s sikeres \u00e9nekesn\u0151. Ismerd meg siker\u00e9t, \u00e9let\u00e9t \u00e9s diszkogr\u00e1fi\u00e1j\u00e1t a legapr\u00f3bb r\u00e9szletekig. Mi seg\u00edthet\u00fcnk \u00d6nnek.","breadcrumb":{"@id":"https:\/\/regbu.com\/helena-vondrackova-a-jeji-hudebni-repertoar\/#breadcrumb"},"inLanguage":"hu","potentialAction":[{"@type":"ReadAction","target":["https:\/\/regbu.com\/helena-vondrackova-a-jeji-hudebni-repertoar\/"]}]},{"@type":"ImageObject","inLanguage":"hu","@id":"https:\/\/regbu.com\/helena-vondrackova-a-jeji-hudebni-repertoar\/#primaryimage","url":"https:\/\/regbu.com\/wp-content\/uploads\/2022\/01\/helena-vondrackova-a-jeji-hudebni-repertoar.jpg","contentUrl":"https:\/\/regbu.com\/wp-content\/uploads\/2022\/01\/helena-vondrackova-a-jeji-hudebni-repertoar.jpg","width":1200,"height":677,"caption":"Helena Vondr\u00e1\u010dkov\u00e1 a jej\u00ed hudebn\u00ed reperto\u00e1r"},{"@type":"BreadcrumbList","@id":"https:\/\/regbu.com\/helena-vondrackova-a-jeji-hudebni-repertoar\/#breadcrumb","itemListElement":[{"@type":"ListItem","position":1,"name":"Home","item":"https:\/\/regbu.com\/en\/"},{"@type":"ListItem","position":2,"name":"Helena Vondr\u00e1\u010dkov\u00e1 a jej\u00ed hudebn\u00ed reperto\u00e1r"}]},{"@type":"WebSite","@id":"https:\/\/regbu.com\/en\/#website","url":"https:\/\/regbu.com\/en\/","name":"REGBU.COM","description":"","potentialAction":[{"@type":"SearchAction","target":{"@type":"EntryPoint","urlTemplate":"https:\/\/regbu.com\/en\/?s={search_term_string}"},"query-input":{"@type":"PropertyValueSpecification","valueRequired":true,"valueName":"search_term_string"}}],"inLanguage":"hu"},{"@type":"Person","@id":"https:\/\/regbu.com\/en\/#\/schema\/person\/94ea9deda2629771b8a9ced002f6784e","name":"George Martin","url":"https:\/\/regbu.com\/hu\/author\/george-martin\/"}]}},"_links":{"self":[{"href":"https:\/\/regbu.com\/hu\/wp-json\/wp\/v2\/posts\/138","targetHints":{"allow":["GET"]}}],"collection":[{"href":"https:\/\/regbu.com\/hu\/wp-json\/wp\/v2\/posts"}],"about":[{"href":"https:\/\/regbu.com\/hu\/wp-json\/wp\/v2\/types\/post"}],"author":[{"embeddable":true,"href":"https:\/\/regbu.com\/hu\/wp-json\/wp\/v2\/users\/2"}],"replies":[{"embeddable":true,"href":"https:\/\/regbu.com\/hu\/wp-json\/wp\/v2\/comments?post=138"}],"version-history":[{"count":2,"href":"https:\/\/regbu.com\/hu\/wp-json\/wp\/v2\/posts\/138\/revisions"}],"predecessor-version":[{"id":156,"href":"https:\/\/regbu.com\/hu\/wp-json\/wp\/v2\/posts\/138\/revisions\/156"}],"wp:featuredmedia":[{"embeddable":true,"href":"https:\/\/regbu.com\/hu\/wp-json\/wp\/v2\/media\/139"}],"wp:attachment":[{"href":"https:\/\/regbu.com\/hu\/wp-json\/wp\/v2\/media?parent=138"}],"wp:term":[{"taxonomy":"category","embeddable":true,"href":"https:\/\/regbu.com\/hu\/wp-json\/wp\/v2\/categories?post=138"},{"taxonomy":"post_tag","embeddable":true,"href":"https:\/\/regbu.com\/hu\/wp-json\/wp\/v2\/tags?post=138"}],"curies":[{"name":"wp","href":"https:\/\/api.w.org\/{rel}","templated":true}]}}