{"id":1277,"date":"2023-07-26T07:56:04","date_gmt":"2023-07-26T05:56:04","guid":{"rendered":"https:\/\/regbu.com\/?p=1277"},"modified":"2025-09-05T07:40:25","modified_gmt":"2025-09-05T05:40:25","slug":"povinne-ockovani-jemuz-se-deti-nevyhnou","status":"publish","type":"post","link":"https:\/\/regbu.com\/hu\/kotelezo-dokkolas-ha-gyerekek-nem-kijutnak-ki\/","title":{"rendered":"K\u00f6telez\u0151 v\u00e9d\u0151olt\u00e1sok, amelyeket a gyermekek nem ker\u00fclhetnek el"},"content":{"rendered":"<p>A k\u00f6telez\u0151 v\u00e9d\u0151olt\u00e1s mindannyiunkra v\u00e1r m\u00e9g \u00e9let\u00fcnkben. Most a gyermekkori v\u00e9d\u0151olt\u00e1sokra gondolunk, amelyekr\u0151l nem igaz\u00e1n tudunk d\u00f6nteni. Ezt a t\u00f6rv\u00e9nyt a vonatkoz\u00f3 rendelet szab\u00e1lyozza. Igaz, hogy minden orsz\u00e1gban egy kicsit m\u00e1sk\u00e9pp van. Ennek k\u00f6vetkezt\u00e9ben sok hasonl\u00f3s\u00e1g van. Az olt\u00e1s az elej\u00e9n mindent tulajdonk\u00e9ppen az\u00e9rt van, hogy\u00a0<strong><a href=\"https:\/\/regbu.com\/hu\/immunrendszer-erosites-a-gyakorlatban\/\">az immunrendszer er\u0151s\u00edt\u00e9se<\/a><\/strong>.<\/p>\n\n\n\n<ul class=\"wp-block-list\">\n<li>V\u00e9d\u0151olt\u00e1s fiatal korban<\/li>\n\n\n\n<li>Gyermekek \u00e9s serd\u00fcl\u0151k olt\u00e1sa<\/li>\n\n\n\n<li>A v\u00e9d\u0151olt\u00e1sokat h\u00e1ziorvos v\u00e9gzi.<\/li>\n<\/ul>\n\n\n\n<p>Ha a Cseh K\u00f6zt\u00e1rsas\u00e1gban a k\u00f6telez\u0151 v\u00e9d\u0151olt\u00e1sokra \u00f6sszpontos\u00edtunk, \u00f6sszesen kilenc k\u00fcl\u00f6nb\u00f6z\u0151 t\u00edpus\u00fa vakcin\u00e1val tal\u00e1lkozhatunk. Egyesek k\u00f6telez\u0151ek, m\u00e1sok fakultat\u00edvak \u00e9s \u00f6nk\u00e9ntesek.<\/p>\n\n\n\n<h2 class=\"wp-block-heading\">V\u00e1laszthat\u00f3 v\u00e9d\u0151olt\u00e1sok - Olt\u00e1sok<\/h2>\n\n\n\n<p>A v\u00e1laszthat\u00f3 v\u00e9d\u0151olt\u00e1sok list\u00e1j\u00e1n mindenk\u00e9ppen szerepelnek <strong>pneumococcus okozta betegs\u00e9gek<\/strong>. Ebben az esetben nem \u00e9l\u0151 vakcin\u00e1t haszn\u00e1lnak. Nagyobb gyermekek sz\u00e1m\u00e1ra a HVP vakcina \u00e1ll rendelkez\u00e9sre. Ezt leggyakrabban a gyermek tizenharmadik sz\u00fclet\u00e9snapja k\u00f6r\u00fcl adj\u00e1k be. A v\u00e1laszthat\u00f3 vakcin\u00e1k e csoportj\u00e1ba tartozik a meningococcus elleni olt\u00e1s is. Ezek eset\u00e9ben is a gyermek sz\u00fclei d\u00f6ntenek a beadand\u00f3 olt\u00e1sr\u00f3l.<\/p>\n\n\n\n<h3 class=\"wp-block-heading\">K\u00f6telez\u0151 v\u00e9d\u0151olt\u00e1s - K\u00e9rd\u00e9sek \u00e9s v\u00e1laszok<\/h3>\n\n\n\n<p>Most azonban koncentr\u00e1ljunk a kisgyermekek sz\u00e1m\u00e1ra k\u00f6telez\u0151 v\u00e9d\u0151olt\u00e1sokra. Ezeket az orsz\u00e1g vonatkoz\u00f3 t\u00f6rv\u00e9nye vagy rendelete \u00edrja el\u0151. Az egyik ilyen olt\u00e1s a <strong>hexavaccin<\/strong>. Ha nem tudod, mit k\u00e9pzelsz, olvasd el a k\u00f6vetkez\u0151 sorokat.<\/p>\n\n\n\n<div class=\"schema-faq wp-block-yoast-faq-block\"><div class=\"schema-faq-section\" id=\"faq-question-1690437377500\"><strong class=\"schema-faq-question\">Mi az a hexavaccin?<\/strong> <p class=\"schema-faq-answer\">Ez egy speci\u00e1lis vakcina tetanusz, szam\u00e1rk\u00f6h\u00f6g\u00e9s, dift\u00e9ria, gyermekb\u00e9nul\u00e1s \u00e9s v\u00edrusos hepatitis B ellen.<\/p> <\/div> <div class=\"schema-faq-section\" id=\"faq-question-1690437384207\"><strong class=\"schema-faq-question\">Mikor adj\u00e1k be a hexavaccint?<\/strong> <p class=\"schema-faq-answer\">K\u00f6r\u00fclbel\u00fcl a gyermek harmadik h\u00f3napj\u00e1ban alkalmazz\u00e1k.<\/p> <\/div> <div class=\"schema-faq-section\" id=\"faq-question-1690437391824\"><strong class=\"schema-faq-question\">Mikor adj\u00e1k be a rubeola, mumpsz \u00e9s kanyar\u00f3 elleni vakcin\u00e1t?<\/strong> <p class=\"schema-faq-answer\">Ezt a k\u00f6telez\u0151 v\u00e9d\u0151olt\u00e1st a gyermek tizenharmadik \u00e9s tizennyolcadik h\u00f3napja k\u00f6z\u00f6tt adj\u00e1k be.<\/p> <\/div> <div class=\"schema-faq-section\" id=\"faq-question-1690437399852\"><strong class=\"schema-faq-question\">Milyen m\u00e1s kombin\u00e1lt vakcin\u00e1k l\u00e9teznek?<\/strong> <p class=\"schema-faq-answer\">P\u00e9ld\u00e1ul a gyermek \u00f6t\u00f6dik \u00e9let\u00e9v\u00e9ben a dift\u00e9ria, a szam\u00e1rk\u00f6h\u00f6g\u00e9s \u00e9s a tetanusz kombin\u00e1ci\u00f3ja. Az ezt k\u00f6vet\u0151 \u00fajraolt\u00e1sra a tizedik \u00e9vben ker\u00fcl sor.<\/p> <\/div> <div class=\"schema-faq-section\" id=\"faq-question-1690437408632\"><strong class=\"schema-faq-question\">Milyen egy\u00e9b, a gyermekek meghat\u00e1rozott csoportjait c\u00e9lz\u00f3 olt\u00e1sok vannak?<\/strong> <p class=\"schema-faq-answer\">Ez a HEP B olt\u00e1s. Ez egy tuberkul\u00f3zis elleni v\u00e9d\u0151olt\u00e1s is. Az ilyen t\u00edpus\u00fa olt\u00e1sokat azonban az orvos egyedileg \u00e9rt\u00e9keli.<\/p> <\/div> <\/div>","protected":false},"excerpt":{"rendered":"<p>A k\u00f6telez\u0151 v\u00e9d\u0151olt\u00e1s mindannyiunkra v\u00e1r m\u00e9g \u00e9let\u00fcnkben. Most a gyermekkori v\u00e9d\u0151olt\u00e1sokra gondolunk, amelyekr\u0151l nem igaz\u00e1n tudunk d\u00f6nteni. Ezt a t\u00f6rv\u00e9nyt a vonatkoz\u00f3 rendelet szab\u00e1lyozza. Igaz, hogy minden orsz\u00e1gban egy kicsit m\u00e1sk\u00e9pp van. Ennek k\u00f6vetkezt\u00e9ben sok hasonl\u00f3s\u00e1g van. Az olt\u00e1s, mindennek az elej\u00e9n, tulajdonk\u00e9ppen az er\u0151s\u00edt\u00e9st szolg\u00e1lja ... <\/p>","protected":false},"author":2,"featured_media":1278,"comment_status":"closed","ping_status":"closed","sticky":false,"template":"","format":"standard","meta":{"footnotes":""},"categories":[197],"tags":[1538,1540,1537,1531,836,1536,901,1535,1541,1539],"class_list":["post-1277","post","type-post","status-publish","format-standard","has-post-thumbnail","hentry","category-lidske-zdravi","tag-cerny-kasel","tag-detska-obrna","tag-hexavakcina","tag-imunita","tag-imunitni-system","tag-nepovinne-ockovani","tag-ockovani","tag-povinne-ockovani","tag-vir","tag-zaskrt"],"yoast_head":"<!-- This site is optimized with the Yoast SEO plugin v27.5 - https:\/\/yoast.com\/product\/yoast-seo-wordpress\/ -->\n<title>Povinn\u00e9 o\u010dkov\u00e1n\u00ed, jemu\u017e se d\u011bti nevyhnou - REGBU.COM<\/title>\n<meta name=\"description\" content=\"V\u00edte, jak\u00e9 povinn\u00e9 o\u010dkov\u00e1n\u00ed je d\u016fle\u017eit\u00e9 pro Va\u0161e d\u00edt\u011b? Sezn\u00e1m\u00edme V\u00e1s s t\u011bmi nej\u010dast\u011bj\u0161\u00edmi i s t\u011bmi nepovinn\u00fdmi.\" \/>\n<meta name=\"robots\" content=\"index, follow, max-snippet:-1, max-image-preview:large, max-video-preview:-1\" \/>\n<link rel=\"canonical\" href=\"https:\/\/regbu.com\/hu\/kotelezo-dokkolas-ha-gyerekek-nem-kijutnak-ki\/\" \/>\n<meta property=\"og:locale\" content=\"hu_HU\" \/>\n<meta property=\"og:type\" content=\"article\" \/>\n<meta property=\"og:title\" content=\"Povinn\u00e9 o\u010dkov\u00e1n\u00ed, jemu\u017e se d\u011bti nevyhnou - REGBU.COM\" \/>\n<meta property=\"og:description\" content=\"V\u00edte, jak\u00e9 povinn\u00e9 o\u010dkov\u00e1n\u00ed je d\u016fle\u017eit\u00e9 pro Va\u0161e d\u00edt\u011b? Sezn\u00e1m\u00edme V\u00e1s s t\u011bmi nej\u010dast\u011bj\u0161\u00edmi i s t\u011bmi nepovinn\u00fdmi.\" \/>\n<meta property=\"og:url\" content=\"https:\/\/regbu.com\/hu\/kotelezo-dokkolas-ha-gyerekek-nem-kijutnak-ki\/\" \/>\n<meta property=\"og:site_name\" content=\"REGBU.COM\" \/>\n<meta property=\"article:published_time\" content=\"2023-07-26T05:56:04+00:00\" \/>\n<meta property=\"article:modified_time\" content=\"2025-09-05T05:40:25+00:00\" \/>\n<meta property=\"og:image\" content=\"https:\/\/regbu.com\/wp-content\/uploads\/2023\/07\/povinne-ockovani-jemuz-se-deti-nevyhnou.jpg\" \/>\n\t<meta property=\"og:image:width\" content=\"1200\" \/>\n\t<meta property=\"og:image:height\" content=\"678\" \/>\n\t<meta property=\"og:image:type\" content=\"image\/jpeg\" \/>\n<meta name=\"author\" content=\"George Martin\" \/>\n<meta name=\"twitter:card\" content=\"summary_large_image\" \/>\n<meta name=\"twitter:label1\" content=\"Szerz\u0151:\" \/>\n\t<meta name=\"twitter:data1\" content=\"George Martin\" \/>\n\t<meta name=\"twitter:label2\" content=\"Becs\u00fclt olvas\u00e1si id\u0151\" \/>\n\t<meta name=\"twitter:data2\" content=\"2 perc\" \/>\n<script type=\"application\/ld+json\" class=\"yoast-schema-graph\">{\"@context\":\"https:\\\/\\\/schema.org\",\"@graph\":[{\"@type\":\"Article\",\"@id\":\"https:\\\/\\\/regbu.com\\\/hu\\\/kotelezo-dokkolas-ha-gyerekek-nem-kijutnak-ki\\\/#article\",\"isPartOf\":{\"@id\":\"https:\\\/\\\/regbu.com\\\/hu\\\/kotelezo-dokkolas-ha-gyerekek-nem-kijutnak-ki\\\/\"},\"author\":{\"name\":\"George Martin\",\"@id\":\"https:\\\/\\\/regbu.com\\\/en\\\/#\\\/schema\\\/person\\\/94ea9deda2629771b8a9ced002f6784e\"},\"headline\":\"Povinn\u00e9 o\u010dkov\u00e1n\u00ed, jemu\u017e se d\u011bti nevyhnou\",\"datePublished\":\"2023-07-26T05:56:04+00:00\",\"dateModified\":\"2025-09-05T05:40:25+00:00\",\"mainEntityOfPage\":{\"@id\":\"https:\\\/\\\/regbu.com\\\/hu\\\/kotelezo-dokkolas-ha-gyerekek-nem-kijutnak-ki\\\/\"},\"wordCount\":492,\"image\":{\"@id\":\"https:\\\/\\\/regbu.com\\\/hu\\\/kotelezo-dokkolas-ha-gyerekek-nem-kijutnak-ki\\\/#primaryimage\"},\"thumbnailUrl\":\"https:\\\/\\\/regbu.com\\\/wp-content\\\/uploads\\\/2023\\\/07\\\/povinne-ockovani-jemuz-se-deti-nevyhnou.jpg\",\"keywords\":[\"\u010dern\u00fd ka\u0161el\",\"d\u011btsk\u00e1 obrna\",\"hexavakc\u00edna\",\"imunita\",\"imunitn\u00ed syst\u00e9m\",\"nepovinn\u00e9 o\u010dkov\u00e1n\u00ed\",\"o\u010dkov\u00e1n\u00ed\",\"povinn\u00e9 o\u010dkov\u00e1n\u00ed\",\"vir\",\"z\u00e1\u0161krt\"],\"articleSection\":[\"Lidsk\u00e9 Zdrav\u00ed\"],\"inLanguage\":\"hu\"},{\"@type\":[\"WebPage\",\"FAQPage\"],\"@id\":\"https:\\\/\\\/regbu.com\\\/hu\\\/kotelezo-dokkolas-ha-gyerekek-nem-kijutnak-ki\\\/\",\"url\":\"https:\\\/\\\/regbu.com\\\/hu\\\/kotelezo-dokkolas-ha-gyerekek-nem-kijutnak-ki\\\/\",\"name\":\"Povinn\u00e9 o\u010dkov\u00e1n\u00ed, jemu\u017e se d\u011bti nevyhnou - REGBU.COM\",\"isPartOf\":{\"@id\":\"https:\\\/\\\/regbu.com\\\/en\\\/#website\"},\"primaryImageOfPage\":{\"@id\":\"https:\\\/\\\/regbu.com\\\/hu\\\/kotelezo-dokkolas-ha-gyerekek-nem-kijutnak-ki\\\/#primaryimage\"},\"image\":{\"@id\":\"https:\\\/\\\/regbu.com\\\/hu\\\/kotelezo-dokkolas-ha-gyerekek-nem-kijutnak-ki\\\/#primaryimage\"},\"thumbnailUrl\":\"https:\\\/\\\/regbu.com\\\/wp-content\\\/uploads\\\/2023\\\/07\\\/povinne-ockovani-jemuz-se-deti-nevyhnou.jpg\",\"datePublished\":\"2023-07-26T05:56:04+00:00\",\"dateModified\":\"2025-09-05T05:40:25+00:00\",\"author\":{\"@id\":\"https:\\\/\\\/regbu.com\\\/en\\\/#\\\/schema\\\/person\\\/94ea9deda2629771b8a9ced002f6784e\"},\"description\":\"V\u00edte, jak\u00e9 povinn\u00e9 o\u010dkov\u00e1n\u00ed je d\u016fle\u017eit\u00e9 pro Va\u0161e d\u00edt\u011b? Sezn\u00e1m\u00edme V\u00e1s s t\u011bmi nej\u010dast\u011bj\u0161\u00edmi i s t\u011bmi nepovinn\u00fdmi.\",\"breadcrumb\":{\"@id\":\"https:\\\/\\\/regbu.com\\\/hu\\\/kotelezo-dokkolas-ha-gyerekek-nem-kijutnak-ki\\\/#breadcrumb\"},\"mainEntity\":[{\"@id\":\"https:\\\/\\\/regbu.com\\\/hu\\\/kotelezo-dokkolas-ha-gyerekek-nem-kijutnak-ki\\\/#faq-question-1690437377500\"},{\"@id\":\"https:\\\/\\\/regbu.com\\\/hu\\\/kotelezo-dokkolas-ha-gyerekek-nem-kijutnak-ki\\\/#faq-question-1690437384207\"},{\"@id\":\"https:\\\/\\\/regbu.com\\\/hu\\\/kotelezo-dokkolas-ha-gyerekek-nem-kijutnak-ki\\\/#faq-question-1690437391824\"},{\"@id\":\"https:\\\/\\\/regbu.com\\\/hu\\\/kotelezo-dokkolas-ha-gyerekek-nem-kijutnak-ki\\\/#faq-question-1690437399852\"},{\"@id\":\"https:\\\/\\\/regbu.com\\\/hu\\\/kotelezo-dokkolas-ha-gyerekek-nem-kijutnak-ki\\\/#faq-question-1690437408632\"}],\"inLanguage\":\"hu\",\"potentialAction\":[{\"@type\":\"ReadAction\",\"target\":[\"https:\\\/\\\/regbu.com\\\/hu\\\/kotelezo-dokkolas-ha-gyerekek-nem-kijutnak-ki\\\/\"]}]},{\"@type\":\"ImageObject\",\"inLanguage\":\"hu\",\"@id\":\"https:\\\/\\\/regbu.com\\\/hu\\\/kotelezo-dokkolas-ha-gyerekek-nem-kijutnak-ki\\\/#primaryimage\",\"url\":\"https:\\\/\\\/regbu.com\\\/wp-content\\\/uploads\\\/2023\\\/07\\\/povinne-ockovani-jemuz-se-deti-nevyhnou.jpg\",\"contentUrl\":\"https:\\\/\\\/regbu.com\\\/wp-content\\\/uploads\\\/2023\\\/07\\\/povinne-ockovani-jemuz-se-deti-nevyhnou.jpg\",\"width\":1200,\"height\":678,\"caption\":\"Povinn\u00e9 o\u010dkov\u00e1n\u00ed, jemu\u017e se d\u011bti nevyhnou\"},{\"@type\":\"BreadcrumbList\",\"@id\":\"https:\\\/\\\/regbu.com\\\/hu\\\/kotelezo-dokkolas-ha-gyerekek-nem-kijutnak-ki\\\/#breadcrumb\",\"itemListElement\":[{\"@type\":\"ListItem\",\"position\":1,\"name\":\"Home\",\"item\":\"https:\\\/\\\/regbu.com\\\/en\\\/\"},{\"@type\":\"ListItem\",\"position\":2,\"name\":\"Povinn\u00e9 o\u010dkov\u00e1n\u00ed, jemu\u017e se d\u011bti nevyhnou\"}]},{\"@type\":\"WebSite\",\"@id\":\"https:\\\/\\\/regbu.com\\\/en\\\/#website\",\"url\":\"https:\\\/\\\/regbu.com\\\/en\\\/\",\"name\":\"REGBU.COM\",\"description\":\"\",\"potentialAction\":[{\"@type\":\"SearchAction\",\"target\":{\"@type\":\"EntryPoint\",\"urlTemplate\":\"https:\\\/\\\/regbu.com\\\/en\\\/?s={search_term_string}\"},\"query-input\":{\"@type\":\"PropertyValueSpecification\",\"valueRequired\":true,\"valueName\":\"search_term_string\"}}],\"inLanguage\":\"hu\"},{\"@type\":\"Person\",\"@id\":\"https:\\\/\\\/regbu.com\\\/en\\\/#\\\/schema\\\/person\\\/94ea9deda2629771b8a9ced002f6784e\",\"name\":\"George Martin\",\"url\":\"https:\\\/\\\/regbu.com\\\/hu\\\/author\\\/george-martin\\\/\"},{\"@type\":\"Question\",\"@id\":\"https:\\\/\\\/regbu.com\\\/hu\\\/kotelezo-dokkolas-ha-gyerekek-nem-kijutnak-ki\\\/#faq-question-1690437377500\",\"position\":1,\"url\":\"https:\\\/\\\/regbu.com\\\/hu\\\/kotelezo-dokkolas-ha-gyerekek-nem-kijutnak-ki\\\/#faq-question-1690437377500\",\"name\":\"Co je to hexavakc\u00edna?\",\"answerCount\":1,\"acceptedAnswer\":{\"@type\":\"Answer\",\"text\":\"Jde o speci\u00e1ln\u00ed vakc\u00ednu ur\u010denou proti tetanu, \u010dern\u00e9mu ka\u0161lu, z\u00e1\u0161krtu, d\u011btsk\u00e9 obrn\u011b a virov\u00e9 hepatitid\u011b skupiny B.\",\"inLanguage\":\"hu\"},\"inLanguage\":\"hu\"},{\"@type\":\"Question\",\"@id\":\"https:\\\/\\\/regbu.com\\\/hu\\\/kotelezo-dokkolas-ha-gyerekek-nem-kijutnak-ki\\\/#faq-question-1690437384207\",\"position\":2,\"url\":\"https:\\\/\\\/regbu.com\\\/hu\\\/kotelezo-dokkolas-ha-gyerekek-nem-kijutnak-ki\\\/#faq-question-1690437384207\",\"name\":\"Kdy se pod\u00e1v\u00e1 hexavakc\u00edna?\",\"answerCount\":1,\"acceptedAnswer\":{\"@type\":\"Answer\",\"text\":\"Aplikuje se zhruba ve t\u0159et\u00edm m\u011bs\u00edci v\u011bku d\u00edt\u011bte.\",\"inLanguage\":\"hu\"},\"inLanguage\":\"hu\"},{\"@type\":\"Question\",\"@id\":\"https:\\\/\\\/regbu.com\\\/hu\\\/kotelezo-dokkolas-ha-gyerekek-nem-kijutnak-ki\\\/#faq-question-1690437391824\",\"position\":3,\"url\":\"https:\\\/\\\/regbu.com\\\/hu\\\/kotelezo-dokkolas-ha-gyerekek-nem-kijutnak-ki\\\/#faq-question-1690437391824\",\"name\":\"Kdy se pod\u00e1v\u00e1 vakc\u00edna proti zard\u011bnk\u00e1m, p\u0159\u00edu\u0161nic\u00edm a spalni\u010dk\u00e1m?\",\"answerCount\":1,\"acceptedAnswer\":{\"@type\":\"Answer\",\"text\":\"Toto povinn\u00e9 o\u010dkov\u00e1n\u00ed je aplikov\u00e1no mezi t\u0159in\u00e1ct\u00fdm a osmn\u00e1ct\u00fdm m\u011bs\u00edcem v\u011bku d\u00edt\u011bte.\",\"inLanguage\":\"hu\"},\"inLanguage\":\"hu\"},{\"@type\":\"Question\",\"@id\":\"https:\\\/\\\/regbu.com\\\/hu\\\/kotelezo-dokkolas-ha-gyerekek-nem-kijutnak-ki\\\/#faq-question-1690437399852\",\"position\":4,\"url\":\"https:\\\/\\\/regbu.com\\\/hu\\\/kotelezo-dokkolas-ha-gyerekek-nem-kijutnak-ki\\\/#faq-question-1690437399852\",\"name\":\"Jak\u00e9 jin\u00e9 kombinovan\u00e9 vakc\u00edny je\u0161t\u011b existuj\u00ed?\",\"answerCount\":1,\"acceptedAnswer\":{\"@type\":\"Answer\",\"text\":\"Jmenovat lze nap\u0159\u00edklad kombinaci z\u00e1\u0161krtu, \u010dern\u00e9ho ka\u0161le a tetanu v p\u00e1t\u00e9m roce v\u011bku d\u00edt\u011bte. N\u00e1sledn\u00e9 p\u0159eo\u010dkov\u00e1n\u00ed prob\u00edh\u00e1 je\u0161t\u011b v des\u00e1t\u00e9m roce.\",\"inLanguage\":\"hu\"},\"inLanguage\":\"hu\"},{\"@type\":\"Question\",\"@id\":\"https:\\\/\\\/regbu.com\\\/hu\\\/kotelezo-dokkolas-ha-gyerekek-nem-kijutnak-ki\\\/#faq-question-1690437408632\",\"position\":5,\"url\":\"https:\\\/\\\/regbu.com\\\/hu\\\/kotelezo-dokkolas-ha-gyerekek-nem-kijutnak-ki\\\/#faq-question-1690437408632\",\"name\":\"Jak\u00e1 jsou dal\u0161\u00ed o\u010dkov\u00e1n\u00ed zam\u011b\u0159en\u00e1 na ur\u010dit\u00e9 skupiny d\u011bt\u00ed?\",\"answerCount\":1,\"acceptedAnswer\":{\"@type\":\"Answer\",\"text\":\"Je to o\u010dkov\u00e1n\u00ed proti HEP B. D\u00e1le tak\u00e9 o\u010dkov\u00e1n\u00ed proti tuberkul\u00f3ze. Tyto typy o\u010dkov\u00e1n\u00ed v\u0161ak posuzuje l\u00e9ka\u0159 individu\u00e1ln\u011b.\",\"inLanguage\":\"hu\"},\"inLanguage\":\"hu\"}]}<\/script>\n<!-- \/ Yoast SEO plugin. -->","yoast_head_json":{"title":"K\u00f6telez\u0151 v\u00e9d\u0151olt\u00e1sok, amelyeket a gyerekek nem ker\u00fclhetnek el - REGBU.COM","description":"Tudja, hogy mely k\u00f6telez\u0151 v\u00e9d\u0151olt\u00e1sok fontosak gyermeke sz\u00e1m\u00e1ra? Bemutatjuk \u00d6nnek a leggyakoribbakat \u00e9s a fakultat\u00edvakat.","robots":{"index":"index","follow":"follow","max-snippet":"max-snippet:-1","max-image-preview":"max-image-preview:large","max-video-preview":"max-video-preview:-1"},"canonical":"https:\/\/regbu.com\/hu\/kotelezo-dokkolas-ha-gyerekek-nem-kijutnak-ki\/","og_locale":"hu_HU","og_type":"article","og_title":"Povinn\u00e9 o\u010dkov\u00e1n\u00ed, jemu\u017e se d\u011bti nevyhnou - REGBU.COM","og_description":"V\u00edte, jak\u00e9 povinn\u00e9 o\u010dkov\u00e1n\u00ed je d\u016fle\u017eit\u00e9 pro Va\u0161e d\u00edt\u011b? Sezn\u00e1m\u00edme V\u00e1s s t\u011bmi nej\u010dast\u011bj\u0161\u00edmi i s t\u011bmi nepovinn\u00fdmi.","og_url":"https:\/\/regbu.com\/hu\/kotelezo-dokkolas-ha-gyerekek-nem-kijutnak-ki\/","og_site_name":"REGBU.COM","article_published_time":"2023-07-26T05:56:04+00:00","article_modified_time":"2025-09-05T05:40:25+00:00","og_image":[{"width":1200,"height":678,"url":"https:\/\/regbu.com\/wp-content\/uploads\/2023\/07\/povinne-ockovani-jemuz-se-deti-nevyhnou.jpg","type":"image\/jpeg"}],"author":"George Martin","twitter_card":"summary_large_image","twitter_misc":{"Szerz\u0151:":"George Martin","Becs\u00fclt olvas\u00e1si id\u0151":"2 perc"},"schema":{"@context":"https:\/\/schema.org","@graph":[{"@type":"Article","@id":"https:\/\/regbu.com\/hu\/kotelezo-dokkolas-ha-gyerekek-nem-kijutnak-ki\/#article","isPartOf":{"@id":"https:\/\/regbu.com\/hu\/kotelezo-dokkolas-ha-gyerekek-nem-kijutnak-ki\/"},"author":{"name":"George Martin","@id":"https:\/\/regbu.com\/en\/#\/schema\/person\/94ea9deda2629771b8a9ced002f6784e"},"headline":"Povinn\u00e9 o\u010dkov\u00e1n\u00ed, jemu\u017e se d\u011bti nevyhnou","datePublished":"2023-07-26T05:56:04+00:00","dateModified":"2025-09-05T05:40:25+00:00","mainEntityOfPage":{"@id":"https:\/\/regbu.com\/hu\/kotelezo-dokkolas-ha-gyerekek-nem-kijutnak-ki\/"},"wordCount":492,"image":{"@id":"https:\/\/regbu.com\/hu\/kotelezo-dokkolas-ha-gyerekek-nem-kijutnak-ki\/#primaryimage"},"thumbnailUrl":"https:\/\/regbu.com\/wp-content\/uploads\/2023\/07\/povinne-ockovani-jemuz-se-deti-nevyhnou.jpg","keywords":["\u010dern\u00fd ka\u0161el","d\u011btsk\u00e1 obrna","hexavakc\u00edna","imunita","imunitn\u00ed syst\u00e9m","nepovinn\u00e9 o\u010dkov\u00e1n\u00ed","o\u010dkov\u00e1n\u00ed","povinn\u00e9 o\u010dkov\u00e1n\u00ed","vir","z\u00e1\u0161krt"],"articleSection":["Lidsk\u00e9 Zdrav\u00ed"],"inLanguage":"hu"},{"@type":["WebPage","FAQPage"],"@id":"https:\/\/regbu.com\/hu\/kotelezo-dokkolas-ha-gyerekek-nem-kijutnak-ki\/","url":"https:\/\/regbu.com\/hu\/kotelezo-dokkolas-ha-gyerekek-nem-kijutnak-ki\/","name":"K\u00f6telez\u0151 v\u00e9d\u0151olt\u00e1sok, amelyeket a gyerekek nem ker\u00fclhetnek el - REGBU.COM","isPartOf":{"@id":"https:\/\/regbu.com\/en\/#website"},"primaryImageOfPage":{"@id":"https:\/\/regbu.com\/hu\/kotelezo-dokkolas-ha-gyerekek-nem-kijutnak-ki\/#primaryimage"},"image":{"@id":"https:\/\/regbu.com\/hu\/kotelezo-dokkolas-ha-gyerekek-nem-kijutnak-ki\/#primaryimage"},"thumbnailUrl":"https:\/\/regbu.com\/wp-content\/uploads\/2023\/07\/povinne-ockovani-jemuz-se-deti-nevyhnou.jpg","datePublished":"2023-07-26T05:56:04+00:00","dateModified":"2025-09-05T05:40:25+00:00","author":{"@id":"https:\/\/regbu.com\/en\/#\/schema\/person\/94ea9deda2629771b8a9ced002f6784e"},"description":"Tudja, hogy mely k\u00f6telez\u0151 v\u00e9d\u0151olt\u00e1sok fontosak gyermeke sz\u00e1m\u00e1ra? Bemutatjuk \u00d6nnek a leggyakoribbakat \u00e9s a fakultat\u00edvakat.","breadcrumb":{"@id":"https:\/\/regbu.com\/hu\/kotelezo-dokkolas-ha-gyerekek-nem-kijutnak-ki\/#breadcrumb"},"mainEntity":[{"@id":"https:\/\/regbu.com\/hu\/kotelezo-dokkolas-ha-gyerekek-nem-kijutnak-ki\/#faq-question-1690437377500"},{"@id":"https:\/\/regbu.com\/hu\/kotelezo-dokkolas-ha-gyerekek-nem-kijutnak-ki\/#faq-question-1690437384207"},{"@id":"https:\/\/regbu.com\/hu\/kotelezo-dokkolas-ha-gyerekek-nem-kijutnak-ki\/#faq-question-1690437391824"},{"@id":"https:\/\/regbu.com\/hu\/kotelezo-dokkolas-ha-gyerekek-nem-kijutnak-ki\/#faq-question-1690437399852"},{"@id":"https:\/\/regbu.com\/hu\/kotelezo-dokkolas-ha-gyerekek-nem-kijutnak-ki\/#faq-question-1690437408632"}],"inLanguage":"hu","potentialAction":[{"@type":"ReadAction","target":["https:\/\/regbu.com\/hu\/kotelezo-dokkolas-ha-gyerekek-nem-kijutnak-ki\/"]}]},{"@type":"ImageObject","inLanguage":"hu","@id":"https:\/\/regbu.com\/hu\/kotelezo-dokkolas-ha-gyerekek-nem-kijutnak-ki\/#primaryimage","url":"https:\/\/regbu.com\/wp-content\/uploads\/2023\/07\/povinne-ockovani-jemuz-se-deti-nevyhnou.jpg","contentUrl":"https:\/\/regbu.com\/wp-content\/uploads\/2023\/07\/povinne-ockovani-jemuz-se-deti-nevyhnou.jpg","width":1200,"height":678,"caption":"Povinn\u00e9 o\u010dkov\u00e1n\u00ed, jemu\u017e se d\u011bti nevyhnou"},{"@type":"BreadcrumbList","@id":"https:\/\/regbu.com\/hu\/kotelezo-dokkolas-ha-gyerekek-nem-kijutnak-ki\/#breadcrumb","itemListElement":[{"@type":"ListItem","position":1,"name":"Home","item":"https:\/\/regbu.com\/en\/"},{"@type":"ListItem","position":2,"name":"Povinn\u00e9 o\u010dkov\u00e1n\u00ed, jemu\u017e se d\u011bti nevyhnou"}]},{"@type":"WebSite","@id":"https:\/\/regbu.com\/en\/#website","url":"https:\/\/regbu.com\/en\/","name":"REGBU.COM","description":"","potentialAction":[{"@type":"SearchAction","target":{"@type":"EntryPoint","urlTemplate":"https:\/\/regbu.com\/en\/?s={search_term_string}"},"query-input":{"@type":"PropertyValueSpecification","valueRequired":true,"valueName":"search_term_string"}}],"inLanguage":"hu"},{"@type":"Person","@id":"https:\/\/regbu.com\/en\/#\/schema\/person\/94ea9deda2629771b8a9ced002f6784e","name":"George Martin","url":"https:\/\/regbu.com\/hu\/author\/george-martin\/"},{"@type":"Question","@id":"https:\/\/regbu.com\/hu\/kotelezo-dokkolas-ha-gyerekek-nem-kijutnak-ki\/#faq-question-1690437377500","position":1,"url":"https:\/\/regbu.com\/hu\/kotelezo-dokkolas-ha-gyerekek-nem-kijutnak-ki\/#faq-question-1690437377500","name":"Mi az a hexavaccin?","answerCount":1,"acceptedAnswer":{"@type":"Answer","text":"Jde o speci\u00e1ln\u00ed vakc\u00ednu ur\u010denou proti tetanu, \u010dern\u00e9mu ka\u0161lu, z\u00e1\u0161krtu, d\u011btsk\u00e9 obrn\u011b a virov\u00e9 hepatitid\u011b skupiny B.","inLanguage":"hu"},"inLanguage":"hu"},{"@type":"Question","@id":"https:\/\/regbu.com\/hu\/kotelezo-dokkolas-ha-gyerekek-nem-kijutnak-ki\/#faq-question-1690437384207","position":2,"url":"https:\/\/regbu.com\/hu\/kotelezo-dokkolas-ha-gyerekek-nem-kijutnak-ki\/#faq-question-1690437384207","name":"Mikor adj\u00e1k be a hexavaccint?","answerCount":1,"acceptedAnswer":{"@type":"Answer","text":"Aplikuje se zhruba ve t\u0159et\u00edm m\u011bs\u00edci v\u011bku d\u00edt\u011bte.","inLanguage":"hu"},"inLanguage":"hu"},{"@type":"Question","@id":"https:\/\/regbu.com\/hu\/kotelezo-dokkolas-ha-gyerekek-nem-kijutnak-ki\/#faq-question-1690437391824","position":3,"url":"https:\/\/regbu.com\/hu\/kotelezo-dokkolas-ha-gyerekek-nem-kijutnak-ki\/#faq-question-1690437391824","name":"Mikor adj\u00e1k be a rubeola, mumpsz \u00e9s kanyar\u00f3 elleni vakcin\u00e1t?","answerCount":1,"acceptedAnswer":{"@type":"Answer","text":"Toto povinn\u00e9 o\u010dkov\u00e1n\u00ed je aplikov\u00e1no mezi t\u0159in\u00e1ct\u00fdm a osmn\u00e1ct\u00fdm m\u011bs\u00edcem v\u011bku d\u00edt\u011bte.","inLanguage":"hu"},"inLanguage":"hu"},{"@type":"Question","@id":"https:\/\/regbu.com\/hu\/kotelezo-dokkolas-ha-gyerekek-nem-kijutnak-ki\/#faq-question-1690437399852","position":4,"url":"https:\/\/regbu.com\/hu\/kotelezo-dokkolas-ha-gyerekek-nem-kijutnak-ki\/#faq-question-1690437399852","name":"Milyen m\u00e1s kombin\u00e1lt vakcin\u00e1k l\u00e9teznek?","answerCount":1,"acceptedAnswer":{"@type":"Answer","text":"Jmenovat lze nap\u0159\u00edklad kombinaci z\u00e1\u0161krtu, \u010dern\u00e9ho ka\u0161le a tetanu v p\u00e1t\u00e9m roce v\u011bku d\u00edt\u011bte. N\u00e1sledn\u00e9 p\u0159eo\u010dkov\u00e1n\u00ed prob\u00edh\u00e1 je\u0161t\u011b v des\u00e1t\u00e9m roce.","inLanguage":"hu"},"inLanguage":"hu"},{"@type":"Question","@id":"https:\/\/regbu.com\/hu\/kotelezo-dokkolas-ha-gyerekek-nem-kijutnak-ki\/#faq-question-1690437408632","position":5,"url":"https:\/\/regbu.com\/hu\/kotelezo-dokkolas-ha-gyerekek-nem-kijutnak-ki\/#faq-question-1690437408632","name":"Milyen egy\u00e9b, a gyermekek meghat\u00e1rozott csoportjait c\u00e9lz\u00f3 olt\u00e1sok vannak?","answerCount":1,"acceptedAnswer":{"@type":"Answer","text":"Je to o\u010dkov\u00e1n\u00ed proti HEP B. D\u00e1le tak\u00e9 o\u010dkov\u00e1n\u00ed proti tuberkul\u00f3ze. Tyto typy o\u010dkov\u00e1n\u00ed v\u0161ak posuzuje l\u00e9ka\u0159 individu\u00e1ln\u011b.","inLanguage":"hu"},"inLanguage":"hu"}]}},"_links":{"self":[{"href":"https:\/\/regbu.com\/hu\/wp-json\/wp\/v2\/posts\/1277","targetHints":{"allow":["GET"]}}],"collection":[{"href":"https:\/\/regbu.com\/hu\/wp-json\/wp\/v2\/posts"}],"about":[{"href":"https:\/\/regbu.com\/hu\/wp-json\/wp\/v2\/types\/post"}],"author":[{"embeddable":true,"href":"https:\/\/regbu.com\/hu\/wp-json\/wp\/v2\/users\/2"}],"replies":[{"embeddable":true,"href":"https:\/\/regbu.com\/hu\/wp-json\/wp\/v2\/comments?post=1277"}],"version-history":[{"count":2,"href":"https:\/\/regbu.com\/hu\/wp-json\/wp\/v2\/posts\/1277\/revisions"}],"predecessor-version":[{"id":1295,"href":"https:\/\/regbu.com\/hu\/wp-json\/wp\/v2\/posts\/1277\/revisions\/1295"}],"wp:featuredmedia":[{"embeddable":true,"href":"https:\/\/regbu.com\/hu\/wp-json\/wp\/v2\/media\/1278"}],"wp:attachment":[{"href":"https:\/\/regbu.com\/hu\/wp-json\/wp\/v2\/media?parent=1277"}],"wp:term":[{"taxonomy":"category","embeddable":true,"href":"https:\/\/regbu.com\/hu\/wp-json\/wp\/v2\/categories?post=1277"},{"taxonomy":"post_tag","embeddable":true,"href":"https:\/\/regbu.com\/hu\/wp-json\/wp\/v2\/tags?post=1277"}],"curies":[{"name":"wp","href":"https:\/\/api.w.org\/{rel}","templated":true}]}}