{"id":1271,"date":"2023-07-25T07:44:52","date_gmt":"2023-07-25T05:44:52","guid":{"rendered":"https:\/\/regbu.com\/?p=1271"},"modified":"2025-09-05T07:40:28","modified_gmt":"2025-09-05T05:40:28","slug":"ocni-vady-s-nimiz-se-muzete-setkat","status":"publish","type":"post","link":"https:\/\/regbu.com\/hu\/szembetegsegekkel-nimiz-mivel-talalkozhatsz\/","title":{"rendered":"Szemhib\u00e1k, amelyekkel tal\u00e1lkozhat"},"content":{"rendered":"<p>A szemhib\u00e1kat nem szabad al\u00e1becs\u00fclni, mint ahogyan a bosszant\u00f3 <strong><a href=\"https:\/\/regbu.com\/hu\/migren-okozza-nagyszeru-kellemetlenseget\/\">Migr\u00e9n<\/a><\/strong>. Ha a szembetegs\u00e9geket k\u00f6nnyelm\u0171v\u00e9 teszi, akkor a szemk\u00e1rosod\u00e1s vesz\u00e9ly\u00e9nek teszi ki mag\u00e1t. Nem is besz\u00e9lve a k\u00f6ny\u00f6rtelen f\u00e1jdalomr\u00f3l. Minden ilyen betegs\u00e9g els\u0151sorban az ember l\u00e1t\u00e1s\u00e1t t\u00e1madja meg, \u00edgy r\u00f6vid id\u0151n bel\u00fcl nem fog l\u00e1tni. \u00c9s milyen betegs\u00e9gekkel tal\u00e1lkozhatsz?<\/p>\n\n\n\n<ul class=\"wp-block-list\">\n<li>Sz\u00fcrkeh\u00e1lyog<\/li>\n\n\n\n<li>Makula degener\u00e1ci\u00f3<\/li>\n\n\n\n<li>Presbyopia<\/li>\n<\/ul>\n\n\n\n<p>R\u00f6gt\u00f6n az elej\u00e9n a k\u00f6vetkez\u0151kre \u00f6sszpontos\u00edthatunk <strong>makuladegener\u00e1ci\u00f3<\/strong>amely az egyik leggyakoribb szemhiba az 50 \u00e9v feletti emberekn\u00e9l. Val\u00f3j\u00e1ban az \u00e9letkorral egy\u00fctt j\u00e1r, \u00e9s az ezzel a hib\u00e1val rendelkez\u0151 szem\u00e9ly torz\u00edtva l\u00e1tja a k\u00f6r\u00fcl\u00f6tte l\u00e9v\u0151 vil\u00e1got.<\/p>\n\n\n\n<h2 class=\"wp-block-heading\">Szem\u00e9szeti hib\u00e1k vizsg\u00e1lat alatt<\/h2>\n\n\n\n<p>De n\u00e9zz\u00fcnk meg m\u00e1s szemhib\u00e1kat is. Ezek k\u00f6z\u00e9 tartozik a m\u00e1r eml\u00edtett sz\u00fcrkeh\u00e1lyog. Ezt nagyon gyakran sz\u00fcrkeh\u00e1lyognak nevezik. Ez a betegs\u00e9g a szemlencs\u00e9t \u00e9rinti, \u00e9s sz\u00f3 szerint elhom\u00e1lyos\u00edtja a l\u00e1t\u00e1st. Az illet\u0151 nem l\u00e1t tiszt\u00e1n, \u00e9s lassan a sz\u00ednek is elhalv\u00e1nyulnak. Ism\u00e9tlem, a betegs\u00e9ggel els\u0151sorban az id\u0151sebb emberekn\u00e9l tal\u00e1lkozhatunk. \u00c9s milyen egy\u00e9b szemhib\u00e1kkal tal\u00e1lkozhatsz m\u00e9g?<\/p>\n\n\n\n<figure class=\"wp-block-table\"><table><tbody><tr><td><strong>Szemhiba<\/strong><\/td><td><strong>Inform\u00e1ci\u00f3<\/strong><\/td><\/tr><tr><td>Retina lev\u00e1l\u00e1s<\/td><td>Myopi\u00e1s betegekn\u00e9l<\/td><\/tr><tr><td>Diab\u00e9teszes retinop\u00e1tia<\/td><td>Leggyakrabban cukorbetegekn\u00e9l<\/td><\/tr><tr><td>Z\u00f6ld k\u00f6d<\/td><td>M\u00e1s n\u00e9ven gaukom<\/td><\/tr><tr><td>Presbyopia<\/td><td>A lencse rugalmass\u00e1g\u00e1nak elveszt\u00e9se<\/td><\/tr><\/tbody><\/table><figcaption class=\"wp-element-caption\">Ismerje meg az emberek legkellemetlenebb \u00e9s leggyakoribb szemhib\u00e1it.<\/figcaption><\/figure>\n\n\n\n<p><em>A sz\u00fcrkeh\u00e1lyogt\u00f3l elt\u00e9r\u0151en a glauk\u00f3ma 40 \u00e9ves kor felett jelentkezhet.<\/em>. Szerencs\u00e9re ez a betegs\u00e9g a modern technol\u00f3gia seg\u00edts\u00e9g\u00e9vel, azaz egy speci\u00e1lis l\u00e9zer seg\u00edts\u00e9g\u00e9vel gy\u00f3gy\u00edthat\u00f3.<\/p>\n\n\n\n<h3 class=\"wp-block-heading\">Tov\u00e1bbi inform\u00e1ci\u00f3k a szemhib\u00e1kr\u00f3l<\/h3>\n\n\n\n<p>E cikk sor\u00e1n nem eml\u00edtett\u00fck p\u00e9ld\u00e1ul a k\u00f6vetkez\u0151ket <strong>zavaross\u00e1g az \u00fcvegtestben<\/strong>. Ha ilyen betegs\u00e9gben szenved, akkor sok fekete sz\u00e1lat l\u00e1t, amelyek zavarj\u00e1k a l\u00e1t\u00f3mez\u0151t. Bizonyos megel\u0151z\u00e9s e betegs\u00e9g ellen a szemizmok er\u0151s\u00edt\u00e9se. Ez a m\u00f3dszer a presbyopia eset\u00e9ben is j\u00f3l j\u00f6n. Leggyakrabban azok szenvednek t\u0151le, akik naponta t\u00f6bb hossz\u00fa \u00f3r\u00e1n \u00e1t \u00fclnek \u00e9s b\u00e1mulj\u00e1k a sz\u00e1m\u00edt\u00f3g\u00e9pet.<\/p>\n\n\n\n<p>Ig\u00e9nyesebb elj\u00e1r\u00e1st ig\u00e9nyel p\u00e9ld\u00e1ul a retina lev\u00e1l\u00e1sa. Ha azonban nem tartozik a kock\u00e1zati csoportba, \u00e9s rendszeresen felkeresi a szemorvost, egy ilyen betegs\u00e9g megel\u0151zhet\u0151. Ne feledje, hogy a szem az egyik legfontosabb \u00e9rz\u00e9kszerv\u00fcnk, ez\u00e9rt vigy\u00e1zzon r\u00e1, \u00e9s kezelje az esetleges probl\u00e9m\u00e1kat idejekor\u00e1n.<\/p>","protected":false},"excerpt":{"rendered":"<p>A szemhib\u00e1kat ugyan\u00fagy nem szabad al\u00e1becs\u00fclni, mint a kellemetlen migr\u00e9neket. Ha a szembetegs\u00e9get lekicsinyli, azzal a szemk\u00e1rosod\u00e1s vesz\u00e9ly\u00e9nek teszi ki mag\u00e1t. Nem is besz\u00e9lve a csillap\u00edthatatlan f\u00e1jdalomr\u00f3l. Minden ilyen betegs\u00e9g eleve az ember l\u00e1t\u00e1s\u00e1t t\u00e1madja meg, \u00edgy r\u00f6vid id\u0151n bel\u00fcl nehezebben fog l\u00e1tni. \u00c9s milyen betegs\u00e9gekkel tal\u00e1lkozhatsz? Nos, hogy kezdj\u00fck azzal, hogy... <\/p>","protected":false},"author":2,"featured_media":1272,"comment_status":"closed","ping_status":"closed","sticky":false,"template":"","format":"standard","meta":{"footnotes":""},"categories":[197],"tags":[1522,1520,1528,1526,1529,1524,1527,1523,1521,1525],"class_list":["post-1271","post","type-post","status-publish","format-standard","has-post-thumbnail","hentry","category-lidske-zdravi","tag-ocni-vada","tag-ocni-vady","tag-operace","tag-presbyopie","tag-retinopatie","tag-sedy-zakal","tag-sitnice","tag-vada","tag-vady","tag-zeleny-zakal"],"yoast_head":"<!-- This site is optimized with the Yoast SEO plugin v27.4 - https:\/\/yoast.com\/product\/yoast-seo-wordpress\/ -->\n<title>O\u010dn\u00ed vady, s nimi\u017e se m\u016f\u017eete setkat - REGBU.COM<\/title>\n<meta name=\"description\" content=\"Pokud V\u00e1s tr\u00e1p\u00ed o\u010dn\u00ed vady, je to ur\u010dit\u011b nep\u0159\u00edjemn\u00e9. Zjist\u011bte, s \u010d\u00edm se m\u016f\u017eete setkat a jak takov\u00e9 probl\u00e9my \u0159e\u0161it.\" \/>\n<meta name=\"robots\" content=\"index, follow, max-snippet:-1, max-image-preview:large, max-video-preview:-1\" \/>\n<link rel=\"canonical\" href=\"https:\/\/regbu.com\/hu\/szembetegsegekkel-nimiz-mivel-talalkozhatsz\/\" \/>\n<meta property=\"og:locale\" content=\"hu_HU\" \/>\n<meta property=\"og:type\" content=\"article\" \/>\n<meta property=\"og:title\" content=\"O\u010dn\u00ed vady, s nimi\u017e se m\u016f\u017eete setkat - REGBU.COM\" \/>\n<meta property=\"og:description\" content=\"Pokud V\u00e1s tr\u00e1p\u00ed o\u010dn\u00ed vady, je to ur\u010dit\u011b nep\u0159\u00edjemn\u00e9. Zjist\u011bte, s \u010d\u00edm se m\u016f\u017eete setkat a jak takov\u00e9 probl\u00e9my \u0159e\u0161it.\" \/>\n<meta property=\"og:url\" content=\"https:\/\/regbu.com\/hu\/szembetegsegekkel-nimiz-mivel-talalkozhatsz\/\" \/>\n<meta property=\"og:site_name\" content=\"REGBU.COM\" \/>\n<meta property=\"article:published_time\" content=\"2023-07-25T05:44:52+00:00\" \/>\n<meta property=\"article:modified_time\" content=\"2025-09-05T05:40:28+00:00\" \/>\n<meta property=\"og:image\" content=\"https:\/\/regbu.com\/wp-content\/uploads\/2023\/07\/ocni-vady-s-nimiz-se-muzete-setkat.jpg\" \/>\n\t<meta property=\"og:image:width\" content=\"1200\" \/>\n\t<meta property=\"og:image:height\" content=\"677\" \/>\n\t<meta property=\"og:image:type\" content=\"image\/jpeg\" \/>\n<meta name=\"author\" content=\"George Martin\" \/>\n<meta name=\"twitter:card\" content=\"summary_large_image\" \/>\n<meta name=\"twitter:label1\" content=\"Szerz\u0151:\" \/>\n\t<meta name=\"twitter:data1\" content=\"George Martin\" \/>\n\t<meta name=\"twitter:label2\" content=\"Becs\u00fclt olvas\u00e1si id\u0151\" \/>\n\t<meta name=\"twitter:data2\" content=\"2 perc\" \/>\n<script type=\"application\/ld+json\" class=\"yoast-schema-graph\">{\"@context\":\"https:\\\/\\\/schema.org\",\"@graph\":[{\"@type\":\"Article\",\"@id\":\"https:\\\/\\\/regbu.com\\\/hu\\\/szembetegsegekkel-nimiz-mivel-talalkozhatsz\\\/#article\",\"isPartOf\":{\"@id\":\"https:\\\/\\\/regbu.com\\\/hu\\\/szembetegsegekkel-nimiz-mivel-talalkozhatsz\\\/\"},\"author\":{\"name\":\"George Martin\",\"@id\":\"https:\\\/\\\/regbu.com\\\/en\\\/#\\\/schema\\\/person\\\/94ea9deda2629771b8a9ced002f6784e\"},\"headline\":\"O\u010dn\u00ed vady, s nimi\u017e se m\u016f\u017eete setkat\",\"datePublished\":\"2023-07-25T05:44:52+00:00\",\"dateModified\":\"2025-09-05T05:40:28+00:00\",\"mainEntityOfPage\":{\"@id\":\"https:\\\/\\\/regbu.com\\\/hu\\\/szembetegsegekkel-nimiz-mivel-talalkozhatsz\\\/\"},\"wordCount\":476,\"image\":{\"@id\":\"https:\\\/\\\/regbu.com\\\/hu\\\/szembetegsegekkel-nimiz-mivel-talalkozhatsz\\\/#primaryimage\"},\"thumbnailUrl\":\"https:\\\/\\\/regbu.com\\\/wp-content\\\/uploads\\\/2023\\\/07\\\/ocni-vady-s-nimiz-se-muzete-setkat.jpg\",\"keywords\":[\"o\u010dn\u00ed vada\",\"o\u010dn\u00ed vady\",\"operace\",\"presbyopie\",\"retinopatie\",\"\u0161ed\u00fd z\u00e1kal\",\"s\u00edtnice\",\"vada\",\"vady\",\"zelen\u00fd z\u00e1kal\"],\"articleSection\":[\"Lidsk\u00e9 Zdrav\u00ed\"],\"inLanguage\":\"hu\"},{\"@type\":\"WebPage\",\"@id\":\"https:\\\/\\\/regbu.com\\\/hu\\\/szembetegsegekkel-nimiz-mivel-talalkozhatsz\\\/\",\"url\":\"https:\\\/\\\/regbu.com\\\/hu\\\/szembetegsegekkel-nimiz-mivel-talalkozhatsz\\\/\",\"name\":\"O\u010dn\u00ed vady, s nimi\u017e se m\u016f\u017eete setkat - REGBU.COM\",\"isPartOf\":{\"@id\":\"https:\\\/\\\/regbu.com\\\/en\\\/#website\"},\"primaryImageOfPage\":{\"@id\":\"https:\\\/\\\/regbu.com\\\/hu\\\/szembetegsegekkel-nimiz-mivel-talalkozhatsz\\\/#primaryimage\"},\"image\":{\"@id\":\"https:\\\/\\\/regbu.com\\\/hu\\\/szembetegsegekkel-nimiz-mivel-talalkozhatsz\\\/#primaryimage\"},\"thumbnailUrl\":\"https:\\\/\\\/regbu.com\\\/wp-content\\\/uploads\\\/2023\\\/07\\\/ocni-vady-s-nimiz-se-muzete-setkat.jpg\",\"datePublished\":\"2023-07-25T05:44:52+00:00\",\"dateModified\":\"2025-09-05T05:40:28+00:00\",\"author\":{\"@id\":\"https:\\\/\\\/regbu.com\\\/en\\\/#\\\/schema\\\/person\\\/94ea9deda2629771b8a9ced002f6784e\"},\"description\":\"Pokud V\u00e1s tr\u00e1p\u00ed o\u010dn\u00ed vady, je to ur\u010dit\u011b nep\u0159\u00edjemn\u00e9. Zjist\u011bte, s \u010d\u00edm se m\u016f\u017eete setkat a jak takov\u00e9 probl\u00e9my \u0159e\u0161it.\",\"breadcrumb\":{\"@id\":\"https:\\\/\\\/regbu.com\\\/hu\\\/szembetegsegekkel-nimiz-mivel-talalkozhatsz\\\/#breadcrumb\"},\"inLanguage\":\"hu\",\"potentialAction\":[{\"@type\":\"ReadAction\",\"target\":[\"https:\\\/\\\/regbu.com\\\/hu\\\/szembetegsegekkel-nimiz-mivel-talalkozhatsz\\\/\"]}]},{\"@type\":\"ImageObject\",\"inLanguage\":\"hu\",\"@id\":\"https:\\\/\\\/regbu.com\\\/hu\\\/szembetegsegekkel-nimiz-mivel-talalkozhatsz\\\/#primaryimage\",\"url\":\"https:\\\/\\\/regbu.com\\\/wp-content\\\/uploads\\\/2023\\\/07\\\/ocni-vady-s-nimiz-se-muzete-setkat.jpg\",\"contentUrl\":\"https:\\\/\\\/regbu.com\\\/wp-content\\\/uploads\\\/2023\\\/07\\\/ocni-vady-s-nimiz-se-muzete-setkat.jpg\",\"width\":1200,\"height\":677,\"caption\":\"O\u010dn\u00ed vady, s nimi\u017e se m\u016f\u017eete setkat\"},{\"@type\":\"BreadcrumbList\",\"@id\":\"https:\\\/\\\/regbu.com\\\/hu\\\/szembetegsegekkel-nimiz-mivel-talalkozhatsz\\\/#breadcrumb\",\"itemListElement\":[{\"@type\":\"ListItem\",\"position\":1,\"name\":\"Home\",\"item\":\"https:\\\/\\\/regbu.com\\\/en\\\/\"},{\"@type\":\"ListItem\",\"position\":2,\"name\":\"O\u010dn\u00ed vady, s nimi\u017e se m\u016f\u017eete setkat\"}]},{\"@type\":\"WebSite\",\"@id\":\"https:\\\/\\\/regbu.com\\\/en\\\/#website\",\"url\":\"https:\\\/\\\/regbu.com\\\/en\\\/\",\"name\":\"REGBU.COM\",\"description\":\"\",\"potentialAction\":[{\"@type\":\"SearchAction\",\"target\":{\"@type\":\"EntryPoint\",\"urlTemplate\":\"https:\\\/\\\/regbu.com\\\/en\\\/?s={search_term_string}\"},\"query-input\":{\"@type\":\"PropertyValueSpecification\",\"valueRequired\":true,\"valueName\":\"search_term_string\"}}],\"inLanguage\":\"hu\"},{\"@type\":\"Person\",\"@id\":\"https:\\\/\\\/regbu.com\\\/en\\\/#\\\/schema\\\/person\\\/94ea9deda2629771b8a9ced002f6784e\",\"name\":\"George Martin\",\"url\":\"https:\\\/\\\/regbu.com\\\/hu\\\/author\\\/george-martin\\\/\"}]}<\/script>\n<!-- \/ Yoast SEO plugin. -->","yoast_head_json":{"title":"Szemhib\u00e1k, amelyekkel tal\u00e1lkozhat - REGBU.COM","description":"Ha szemhib\u00e1k gy\u00f6t\u00f6rnek, az biztosan kellemetlen. Tudja meg, mivel tal\u00e1lkozhat, \u00e9s hogyan oldhatja meg az ilyen probl\u00e9m\u00e1kat.","robots":{"index":"index","follow":"follow","max-snippet":"max-snippet:-1","max-image-preview":"max-image-preview:large","max-video-preview":"max-video-preview:-1"},"canonical":"https:\/\/regbu.com\/hu\/szembetegsegekkel-nimiz-mivel-talalkozhatsz\/","og_locale":"hu_HU","og_type":"article","og_title":"O\u010dn\u00ed vady, s nimi\u017e se m\u016f\u017eete setkat - REGBU.COM","og_description":"Pokud V\u00e1s tr\u00e1p\u00ed o\u010dn\u00ed vady, je to ur\u010dit\u011b nep\u0159\u00edjemn\u00e9. Zjist\u011bte, s \u010d\u00edm se m\u016f\u017eete setkat a jak takov\u00e9 probl\u00e9my \u0159e\u0161it.","og_url":"https:\/\/regbu.com\/hu\/szembetegsegekkel-nimiz-mivel-talalkozhatsz\/","og_site_name":"REGBU.COM","article_published_time":"2023-07-25T05:44:52+00:00","article_modified_time":"2025-09-05T05:40:28+00:00","og_image":[{"width":1200,"height":677,"url":"https:\/\/regbu.com\/wp-content\/uploads\/2023\/07\/ocni-vady-s-nimiz-se-muzete-setkat.jpg","type":"image\/jpeg"}],"author":"George Martin","twitter_card":"summary_large_image","twitter_misc":{"Szerz\u0151:":"George Martin","Becs\u00fclt olvas\u00e1si id\u0151":"2 perc"},"schema":{"@context":"https:\/\/schema.org","@graph":[{"@type":"Article","@id":"https:\/\/regbu.com\/hu\/szembetegsegekkel-nimiz-mivel-talalkozhatsz\/#article","isPartOf":{"@id":"https:\/\/regbu.com\/hu\/szembetegsegekkel-nimiz-mivel-talalkozhatsz\/"},"author":{"name":"George Martin","@id":"https:\/\/regbu.com\/en\/#\/schema\/person\/94ea9deda2629771b8a9ced002f6784e"},"headline":"O\u010dn\u00ed vady, s nimi\u017e se m\u016f\u017eete setkat","datePublished":"2023-07-25T05:44:52+00:00","dateModified":"2025-09-05T05:40:28+00:00","mainEntityOfPage":{"@id":"https:\/\/regbu.com\/hu\/szembetegsegekkel-nimiz-mivel-talalkozhatsz\/"},"wordCount":476,"image":{"@id":"https:\/\/regbu.com\/hu\/szembetegsegekkel-nimiz-mivel-talalkozhatsz\/#primaryimage"},"thumbnailUrl":"https:\/\/regbu.com\/wp-content\/uploads\/2023\/07\/ocni-vady-s-nimiz-se-muzete-setkat.jpg","keywords":["o\u010dn\u00ed vada","o\u010dn\u00ed vady","operace","presbyopie","retinopatie","\u0161ed\u00fd z\u00e1kal","s\u00edtnice","vada","vady","zelen\u00fd z\u00e1kal"],"articleSection":["Lidsk\u00e9 Zdrav\u00ed"],"inLanguage":"hu"},{"@type":"WebPage","@id":"https:\/\/regbu.com\/hu\/szembetegsegekkel-nimiz-mivel-talalkozhatsz\/","url":"https:\/\/regbu.com\/hu\/szembetegsegekkel-nimiz-mivel-talalkozhatsz\/","name":"Szemhib\u00e1k, amelyekkel tal\u00e1lkozhat - REGBU.COM","isPartOf":{"@id":"https:\/\/regbu.com\/en\/#website"},"primaryImageOfPage":{"@id":"https:\/\/regbu.com\/hu\/szembetegsegekkel-nimiz-mivel-talalkozhatsz\/#primaryimage"},"image":{"@id":"https:\/\/regbu.com\/hu\/szembetegsegekkel-nimiz-mivel-talalkozhatsz\/#primaryimage"},"thumbnailUrl":"https:\/\/regbu.com\/wp-content\/uploads\/2023\/07\/ocni-vady-s-nimiz-se-muzete-setkat.jpg","datePublished":"2023-07-25T05:44:52+00:00","dateModified":"2025-09-05T05:40:28+00:00","author":{"@id":"https:\/\/regbu.com\/en\/#\/schema\/person\/94ea9deda2629771b8a9ced002f6784e"},"description":"Ha szemhib\u00e1k gy\u00f6t\u00f6rnek, az biztosan kellemetlen. Tudja meg, mivel tal\u00e1lkozhat, \u00e9s hogyan oldhatja meg az ilyen probl\u00e9m\u00e1kat.","breadcrumb":{"@id":"https:\/\/regbu.com\/hu\/szembetegsegekkel-nimiz-mivel-talalkozhatsz\/#breadcrumb"},"inLanguage":"hu","potentialAction":[{"@type":"ReadAction","target":["https:\/\/regbu.com\/hu\/szembetegsegekkel-nimiz-mivel-talalkozhatsz\/"]}]},{"@type":"ImageObject","inLanguage":"hu","@id":"https:\/\/regbu.com\/hu\/szembetegsegekkel-nimiz-mivel-talalkozhatsz\/#primaryimage","url":"https:\/\/regbu.com\/wp-content\/uploads\/2023\/07\/ocni-vady-s-nimiz-se-muzete-setkat.jpg","contentUrl":"https:\/\/regbu.com\/wp-content\/uploads\/2023\/07\/ocni-vady-s-nimiz-se-muzete-setkat.jpg","width":1200,"height":677,"caption":"O\u010dn\u00ed vady, s nimi\u017e se m\u016f\u017eete setkat"},{"@type":"BreadcrumbList","@id":"https:\/\/regbu.com\/hu\/szembetegsegekkel-nimiz-mivel-talalkozhatsz\/#breadcrumb","itemListElement":[{"@type":"ListItem","position":1,"name":"Home","item":"https:\/\/regbu.com\/en\/"},{"@type":"ListItem","position":2,"name":"O\u010dn\u00ed vady, s nimi\u017e se m\u016f\u017eete setkat"}]},{"@type":"WebSite","@id":"https:\/\/regbu.com\/en\/#website","url":"https:\/\/regbu.com\/en\/","name":"REGBU.COM","description":"","potentialAction":[{"@type":"SearchAction","target":{"@type":"EntryPoint","urlTemplate":"https:\/\/regbu.com\/en\/?s={search_term_string}"},"query-input":{"@type":"PropertyValueSpecification","valueRequired":true,"valueName":"search_term_string"}}],"inLanguage":"hu"},{"@type":"Person","@id":"https:\/\/regbu.com\/en\/#\/schema\/person\/94ea9deda2629771b8a9ced002f6784e","name":"George Martin","url":"https:\/\/regbu.com\/hu\/author\/george-martin\/"}]}},"_links":{"self":[{"href":"https:\/\/regbu.com\/hu\/wp-json\/wp\/v2\/posts\/1271","targetHints":{"allow":["GET"]}}],"collection":[{"href":"https:\/\/regbu.com\/hu\/wp-json\/wp\/v2\/posts"}],"about":[{"href":"https:\/\/regbu.com\/hu\/wp-json\/wp\/v2\/types\/post"}],"author":[{"embeddable":true,"href":"https:\/\/regbu.com\/hu\/wp-json\/wp\/v2\/users\/2"}],"replies":[{"embeddable":true,"href":"https:\/\/regbu.com\/hu\/wp-json\/wp\/v2\/comments?post=1271"}],"version-history":[{"count":2,"href":"https:\/\/regbu.com\/hu\/wp-json\/wp\/v2\/posts\/1271\/revisions"}],"predecessor-version":[{"id":1293,"href":"https:\/\/regbu.com\/hu\/wp-json\/wp\/v2\/posts\/1271\/revisions\/1293"}],"wp:featuredmedia":[{"embeddable":true,"href":"https:\/\/regbu.com\/hu\/wp-json\/wp\/v2\/media\/1272"}],"wp:attachment":[{"href":"https:\/\/regbu.com\/hu\/wp-json\/wp\/v2\/media?parent=1271"}],"wp:term":[{"taxonomy":"category","embeddable":true,"href":"https:\/\/regbu.com\/hu\/wp-json\/wp\/v2\/categories?post=1271"},{"taxonomy":"post_tag","embeddable":true,"href":"https:\/\/regbu.com\/hu\/wp-json\/wp\/v2\/tags?post=1271"}],"curies":[{"name":"wp","href":"https:\/\/api.w.org\/{rel}","templated":true}]}}