{"id":1221,"date":"2023-07-23T15:59:52","date_gmt":"2023-07-23T13:59:52","guid":{"rendered":"https:\/\/regbu.com\/?p=1221"},"modified":"2025-09-05T07:40:49","modified_gmt":"2025-09-05T05:40:49","slug":"pansky-opasek-musi-byt-spravne-dlouhy","status":"publish","type":"post","link":"https:\/\/regbu.com\/hu\/a-ferfi-ovnek-megfelelo-hosszusagunak-kell-lennie\/","title":{"rendered":"A f\u00e9rfi \u00f6vnek megfelel\u0151 hossz\u00fas\u00e1g\u00fanak kell lennie"},"content":{"rendered":"<p>A f\u00e9rfi \u00f6v a f\u00e9rfi nadr\u00e1gok kedvelt r\u00e9sze, valamint p\u00e9ld\u00e1ul <strong><a href=\"https:\/\/regbu.com\/hu\/noi-puloverek-sokfelekeppen-hordhatok\/\">n\u0151i s\u00e1lak<\/a><\/strong> ny\u00e1ri ruh\u00e1khoz. Egyesek azt gondolhatj\u00e1k, hogy az \u00f6v kiv\u00e1laszt\u00e1sa nem t\u00fal fontos, de ennek \u00e9ppen az ellenkez\u0151je igaz. Ez k\u00e9tszeresen igaz a form\u00e1lis ruh\u00e1k eset\u00e9ben, ahol l\u00e1that\u00f3an elismeri ezt az elemet.<\/p>\n\n\n\n<ul class=\"wp-block-list\">\n<li>Gyakorlati haszn\u00e1lat<\/li>\n\n\n\n<li>Eszt\u00e9tikai felhaszn\u00e1l\u00e1s<\/li>\n<\/ul>\n\n\n\n<p>A f\u00e9rfi \u00f6v kiv\u00e1laszt\u00e1sakor t\u00f6bb fontos param\u00e9tert kell figyelembe vennie. Ez minden bizonnyal az \u00f6v gy\u00e1rt\u00e1si anyag\u00e1nak kiv\u00e1laszt\u00e1sa lesz. A m\u00e1sik l\u00e9nyeges r\u00e9sze <strong>csat<\/strong>. V\u00e9g\u00fcl ne feledkezz\u00fcnk meg a megfelel\u0151 hossz\u00fas\u00e1gr\u00f3l.<\/p>\n\n\n\n<h2 class=\"wp-block-heading\">Anyagfeldolgoz\u00e1s az alkalomnak megfelel\u0151en<\/h2>\n\n\n\n<p>Val\u00f3sz\u00edn\u0171leg egyetlen d\u00f6nt\u0151 fontoss\u00e1g\u00fa dolgot sem kell elmagyar\u00e1znunk egyetlen olvas\u00f3nknak sem. Min\u00e9l form\u00e1lisabb a t\u00e1rsas\u00e1gi esem\u00e9ny, ann\u00e1l form\u00e1lisabb az \u00f6vv\u00e1laszt\u00e1s. \u00c9s \u00edgy a felhaszn\u00e1lt anyag is. Egy \u00fari \u00f6vnek egy f\u00e9ny\u0171z\u0151bb t\u00e1rsas\u00e1gban a k\u00f6vetkez\u0151kb\u0151l kell \u00e1llnia <strong>m\u0171b\u0151rb\u0151l k\u00e9sz\u00fclt<\/strong>. Ez egy biztos fogad\u00e1s. Ennek ellent\u00e9te a kev\u00e9sb\u00e9 hivatalos \u00f6sszej\u00f6vetelek, ahol lehet fogadni egy alkalmi \u00f6lt\u00f6z\u00e9kre. Ilyenkor j\u00f6nnek be a szarvasb\u0151r vagy ak\u00e1r sz\u00f6vet \u00f6vek.<\/p>\n\n\n\n<h3 class=\"wp-block-heading\">F\u00e9rfi \u00f6v - K\u00e9rd\u00e9sek \u00e9s v\u00e1laszok<\/h3>\n\n\n\n<p>Az \u00faj f\u00e9rfi \u00f6v kiv\u00e1laszt\u00e1sa azonban nem \u00e9r v\u00e9get a fenti inform\u00e1ci\u00f3kkal, hanem kezd\u0151dik. \u00dcgyeljen arra, hogy <em>t\u00f6bb k\u00fcl\u00f6nb\u00f6z\u0151 karakter<\/em> <em>\u00f6vek<\/em> att\u00f3l f\u00fcgg\u0151en, hogy milyen t\u00e1rsadalmi k\u00f6r\u00f6kben mozogsz. Az al\u00e1bbi sorok seg\u00edthetnek ebben.<\/p>\n\n\n\n<div class=\"schema-faq wp-block-yoast-faq-block\"><div class=\"schema-faq-section\" id=\"faq-question-1690207207819\"><strong class=\"schema-faq-question\">Milyen sz\u00edn\u0171 \u00f6vet v\u00e1lasszak?<\/strong> <p class=\"schema-faq-answer\">A f\u00e9rfi \u00f6v sz\u00edn\u00e9nek illeszkednie kell az \u00f6lt\u00f6z\u00e9k t\u00f6bbi b\u0151r kieg\u00e9sz\u00edt\u0151j\u00e9hez. Tipikus p\u00e9lda a hasonl\u00f3 sz\u00edn\u0171 \u00f6lt\u00f6nycip\u0151.<\/p> <\/div> <div class=\"schema-faq-section\" id=\"faq-question-1690207213888\"><strong class=\"schema-faq-question\">Mi a helyzet az \u00f6vcsat sz\u00edn\u00e9vel?<\/strong> <p class=\"schema-faq-answer\">Vigy\u00e1zz egy dologra a csattal. Sz\u00edn\u00e9nek azonosnak kell lennie a f\u00e9m \u00f3rasz\u00edjak, l\u00e1ncok \u00e9s csukl\u00f3p\u00e1ntok egy\u00e9b tartoz\u00e9kaival.<\/p> <\/div> <div class=\"schema-faq-section\" id=\"faq-question-1690207221535\"><strong class=\"schema-faq-question\">Hogyan lyukassza ki az eredeti \u00f6vet?<\/strong> <p class=\"schema-faq-answer\">Kombin\u00e1lja szokatlan sz\u00edn\u00e9t egysz\u00edn\u0171 inggel \u00e9s egysz\u00edn\u0171 nadr\u00e1ggal.<\/p> <\/div> <div class=\"schema-faq-section\" id=\"faq-question-1690207229724\"><strong class=\"schema-faq-question\">Milyen hossz\u00fa legyen az \u00f6v?<\/strong> <p class=\"schema-faq-answer\">Pontosan. A megfelel\u0151 \u00e9rt\u00e9keket a der\u00e9kk\u00f6rfogat m\u00e9r\u00e9s\u00e9vel kaphatja meg. Az \u00f6v \u00e1ltal\u00e1ban egy kicsit hosszabb, mint a ker\u00fclet, hogy be tudd illeszteni a nadr\u00e1g szem\u00e9be. Vigy\u00e1zz a t\u00fal hossz\u00fa \u00f6vvel, mert az l\u00f6ty\u00f6ghet.<\/p> <\/div> <div class=\"schema-faq-section\" id=\"faq-question-1690207236250\"><strong class=\"schema-faq-question\">Mire kell figyelni az \u00f6v visel\u00e9sekor?<\/strong> <p class=\"schema-faq-answer\">Ne becs\u00fclje al\u00e1 a szigor\u00edt\u00e1s\u00e1t. A t\u00fal sok feszes\u00edt\u00e9s kihangs\u00falyozza a nagyobb hasat.<\/p> <\/div> <\/div>","protected":false},"excerpt":{"rendered":"<p>A f\u00e9rfi \u00f6v a f\u00e9rfi nadr\u00e1gok keresett r\u00e9sze, ak\u00e1rcsak a n\u0151i s\u00e1lak a ny\u00e1ri ruh\u00e1khoz. Egyesek azt gondolhatj\u00e1k, hogy az \u00f6v kiv\u00e1laszt\u00e1sa nem t\u00fals\u00e1gosan fontos, de ennek \u00e9ppen az ellenkez\u0151je igaz. Ez k\u00e9tszeresen igaz a form\u00e1lis \u00f6lt\u00f6zk\u00f6d\u00e9sre, ahol l\u00e1that\u00f3an elismeri ezt az elemet. A f\u00e9rfi \u00f6v kiv\u00e1laszt\u00e1sakor t\u00f6bb fontos szempontot is figyelembe kell vennie ... <\/p>","protected":false},"author":2,"featured_media":1222,"comment_status":"closed","ping_status":"closed","sticky":false,"template":"","format":"standard","meta":{"footnotes":""},"categories":[671],"tags":[740,1428,697,1430,1429,1411,1426,1425,1409,1427],"class_list":["post-1221","post","type-post","status-publish","format-standard","has-post-thumbnail","hentry","category-moda","tag-barva","tag-barva-opasku","tag-casual","tag-delka","tag-delka-opasku","tag-kuze","tag-opasek","tag-pansky-opasek","tag-pasek","tag-spona"],"yoast_head":"<!-- This site is optimized with the Yoast SEO plugin v27.4 - https:\/\/yoast.com\/product\/yoast-seo-wordpress\/ -->\n<title>P\u00e1nsk\u00fd opasek mus\u00ed b\u00fdt spr\u00e1vn\u011b dlouh\u00fd - REGBU.COM<\/title>\n<meta name=\"description\" content=\"Vsa\u010fte na ten spr\u00e1vn\u00fd p\u00e1nsk\u00fd opasek vhodn\u00fd pro konkr\u00e9tn\u00ed spole\u010denskou ud\u00e1lost. Prozrad\u00edme V\u00e1m, jak ho vybrat.\" \/>\n<meta name=\"robots\" content=\"index, follow, max-snippet:-1, max-image-preview:large, max-video-preview:-1\" \/>\n<link rel=\"canonical\" href=\"https:\/\/regbu.com\/hu\/a-ferfi-ovnek-megfelelo-hosszusagunak-kell-lennie\/\" \/>\n<meta property=\"og:locale\" content=\"hu_HU\" \/>\n<meta property=\"og:type\" content=\"article\" \/>\n<meta property=\"og:title\" content=\"P\u00e1nsk\u00fd opasek mus\u00ed b\u00fdt spr\u00e1vn\u011b dlouh\u00fd - REGBU.COM\" \/>\n<meta property=\"og:description\" content=\"Vsa\u010fte na ten spr\u00e1vn\u00fd p\u00e1nsk\u00fd opasek vhodn\u00fd pro konkr\u00e9tn\u00ed spole\u010denskou ud\u00e1lost. Prozrad\u00edme V\u00e1m, jak ho vybrat.\" \/>\n<meta property=\"og:url\" content=\"https:\/\/regbu.com\/hu\/a-ferfi-ovnek-megfelelo-hosszusagunak-kell-lennie\/\" \/>\n<meta property=\"og:site_name\" content=\"REGBU.COM\" \/>\n<meta property=\"article:published_time\" content=\"2023-07-23T13:59:52+00:00\" \/>\n<meta property=\"article:modified_time\" content=\"2025-09-05T05:40:49+00:00\" \/>\n<meta property=\"og:image\" content=\"https:\/\/regbu.com\/wp-content\/uploads\/2023\/07\/pansky-opasek-musi-byt-spravne-dlouhy.jpg\" \/>\n\t<meta property=\"og:image:width\" content=\"1200\" \/>\n\t<meta property=\"og:image:height\" content=\"676\" \/>\n\t<meta property=\"og:image:type\" content=\"image\/jpeg\" \/>\n<meta name=\"author\" content=\"George Martin\" \/>\n<meta name=\"twitter:card\" content=\"summary_large_image\" \/>\n<meta name=\"twitter:label1\" content=\"Szerz\u0151:\" \/>\n\t<meta name=\"twitter:data1\" content=\"George Martin\" \/>\n\t<meta name=\"twitter:label2\" content=\"Becs\u00fclt olvas\u00e1si id\u0151\" \/>\n\t<meta name=\"twitter:data2\" content=\"2 perc\" \/>\n<script type=\"application\/ld+json\" class=\"yoast-schema-graph\">{\"@context\":\"https:\\\/\\\/schema.org\",\"@graph\":[{\"@type\":\"Article\",\"@id\":\"https:\\\/\\\/regbu.com\\\/hu\\\/a-ferfi-ovnek-megfelelo-hosszusagunak-kell-lennie\\\/#article\",\"isPartOf\":{\"@id\":\"https:\\\/\\\/regbu.com\\\/hu\\\/a-ferfi-ovnek-megfelelo-hosszusagunak-kell-lennie\\\/\"},\"author\":{\"name\":\"George Martin\",\"@id\":\"https:\\\/\\\/regbu.com\\\/en\\\/#\\\/schema\\\/person\\\/94ea9deda2629771b8a9ced002f6784e\"},\"headline\":\"P\u00e1nsk\u00fd opasek mus\u00ed b\u00fdt spr\u00e1vn\u011b dlouh\u00fd\",\"datePublished\":\"2023-07-23T13:59:52+00:00\",\"dateModified\":\"2025-09-05T05:40:49+00:00\",\"mainEntityOfPage\":{\"@id\":\"https:\\\/\\\/regbu.com\\\/hu\\\/a-ferfi-ovnek-megfelelo-hosszusagunak-kell-lennie\\\/\"},\"wordCount\":477,\"image\":{\"@id\":\"https:\\\/\\\/regbu.com\\\/hu\\\/a-ferfi-ovnek-megfelelo-hosszusagunak-kell-lennie\\\/#primaryimage\"},\"thumbnailUrl\":\"https:\\\/\\\/regbu.com\\\/wp-content\\\/uploads\\\/2023\\\/07\\\/pansky-opasek-musi-byt-spravne-dlouhy.jpg\",\"keywords\":[\"barva\",\"barva opasku\",\"Casual\",\"d\u00e9lka\",\"d\u00e9lka opasku\",\"k\u016f\u017ee\",\"opasek\",\"p\u00e1nsk\u00fd opasek\",\"p\u00e1sek\",\"spona\"],\"articleSection\":[\"M\u00f3da\"],\"inLanguage\":\"hu\"},{\"@type\":[\"WebPage\",\"FAQPage\"],\"@id\":\"https:\\\/\\\/regbu.com\\\/hu\\\/a-ferfi-ovnek-megfelelo-hosszusagunak-kell-lennie\\\/\",\"url\":\"https:\\\/\\\/regbu.com\\\/hu\\\/a-ferfi-ovnek-megfelelo-hosszusagunak-kell-lennie\\\/\",\"name\":\"P\u00e1nsk\u00fd opasek mus\u00ed b\u00fdt spr\u00e1vn\u011b dlouh\u00fd - REGBU.COM\",\"isPartOf\":{\"@id\":\"https:\\\/\\\/regbu.com\\\/en\\\/#website\"},\"primaryImageOfPage\":{\"@id\":\"https:\\\/\\\/regbu.com\\\/hu\\\/a-ferfi-ovnek-megfelelo-hosszusagunak-kell-lennie\\\/#primaryimage\"},\"image\":{\"@id\":\"https:\\\/\\\/regbu.com\\\/hu\\\/a-ferfi-ovnek-megfelelo-hosszusagunak-kell-lennie\\\/#primaryimage\"},\"thumbnailUrl\":\"https:\\\/\\\/regbu.com\\\/wp-content\\\/uploads\\\/2023\\\/07\\\/pansky-opasek-musi-byt-spravne-dlouhy.jpg\",\"datePublished\":\"2023-07-23T13:59:52+00:00\",\"dateModified\":\"2025-09-05T05:40:49+00:00\",\"author\":{\"@id\":\"https:\\\/\\\/regbu.com\\\/en\\\/#\\\/schema\\\/person\\\/94ea9deda2629771b8a9ced002f6784e\"},\"description\":\"Vsa\u010fte na ten spr\u00e1vn\u00fd p\u00e1nsk\u00fd opasek vhodn\u00fd pro konkr\u00e9tn\u00ed spole\u010denskou ud\u00e1lost. Prozrad\u00edme V\u00e1m, jak ho vybrat.\",\"breadcrumb\":{\"@id\":\"https:\\\/\\\/regbu.com\\\/hu\\\/a-ferfi-ovnek-megfelelo-hosszusagunak-kell-lennie\\\/#breadcrumb\"},\"mainEntity\":[{\"@id\":\"https:\\\/\\\/regbu.com\\\/hu\\\/a-ferfi-ovnek-megfelelo-hosszusagunak-kell-lennie\\\/#faq-question-1690207207819\"},{\"@id\":\"https:\\\/\\\/regbu.com\\\/hu\\\/a-ferfi-ovnek-megfelelo-hosszusagunak-kell-lennie\\\/#faq-question-1690207213888\"},{\"@id\":\"https:\\\/\\\/regbu.com\\\/hu\\\/a-ferfi-ovnek-megfelelo-hosszusagunak-kell-lennie\\\/#faq-question-1690207221535\"},{\"@id\":\"https:\\\/\\\/regbu.com\\\/hu\\\/a-ferfi-ovnek-megfelelo-hosszusagunak-kell-lennie\\\/#faq-question-1690207229724\"},{\"@id\":\"https:\\\/\\\/regbu.com\\\/hu\\\/a-ferfi-ovnek-megfelelo-hosszusagunak-kell-lennie\\\/#faq-question-1690207236250\"}],\"inLanguage\":\"hu\",\"potentialAction\":[{\"@type\":\"ReadAction\",\"target\":[\"https:\\\/\\\/regbu.com\\\/hu\\\/a-ferfi-ovnek-megfelelo-hosszusagunak-kell-lennie\\\/\"]}]},{\"@type\":\"ImageObject\",\"inLanguage\":\"hu\",\"@id\":\"https:\\\/\\\/regbu.com\\\/hu\\\/a-ferfi-ovnek-megfelelo-hosszusagunak-kell-lennie\\\/#primaryimage\",\"url\":\"https:\\\/\\\/regbu.com\\\/wp-content\\\/uploads\\\/2023\\\/07\\\/pansky-opasek-musi-byt-spravne-dlouhy.jpg\",\"contentUrl\":\"https:\\\/\\\/regbu.com\\\/wp-content\\\/uploads\\\/2023\\\/07\\\/pansky-opasek-musi-byt-spravne-dlouhy.jpg\",\"width\":1200,\"height\":676,\"caption\":\"P\u00e1nsk\u00fd opasek mus\u00ed b\u00fdt spr\u00e1vn\u011b dlouh\u00fd\"},{\"@type\":\"BreadcrumbList\",\"@id\":\"https:\\\/\\\/regbu.com\\\/hu\\\/a-ferfi-ovnek-megfelelo-hosszusagunak-kell-lennie\\\/#breadcrumb\",\"itemListElement\":[{\"@type\":\"ListItem\",\"position\":1,\"name\":\"Home\",\"item\":\"https:\\\/\\\/regbu.com\\\/en\\\/\"},{\"@type\":\"ListItem\",\"position\":2,\"name\":\"P\u00e1nsk\u00fd opasek mus\u00ed b\u00fdt spr\u00e1vn\u011b dlouh\u00fd\"}]},{\"@type\":\"WebSite\",\"@id\":\"https:\\\/\\\/regbu.com\\\/en\\\/#website\",\"url\":\"https:\\\/\\\/regbu.com\\\/en\\\/\",\"name\":\"REGBU.COM\",\"description\":\"\",\"potentialAction\":[{\"@type\":\"SearchAction\",\"target\":{\"@type\":\"EntryPoint\",\"urlTemplate\":\"https:\\\/\\\/regbu.com\\\/en\\\/?s={search_term_string}\"},\"query-input\":{\"@type\":\"PropertyValueSpecification\",\"valueRequired\":true,\"valueName\":\"search_term_string\"}}],\"inLanguage\":\"hu\"},{\"@type\":\"Person\",\"@id\":\"https:\\\/\\\/regbu.com\\\/en\\\/#\\\/schema\\\/person\\\/94ea9deda2629771b8a9ced002f6784e\",\"name\":\"George Martin\",\"url\":\"https:\\\/\\\/regbu.com\\\/hu\\\/author\\\/george-martin\\\/\"},{\"@type\":\"Question\",\"@id\":\"https:\\\/\\\/regbu.com\\\/hu\\\/a-ferfi-ovnek-megfelelo-hosszusagunak-kell-lennie\\\/#faq-question-1690207207819\",\"position\":1,\"url\":\"https:\\\/\\\/regbu.com\\\/hu\\\/a-ferfi-ovnek-megfelelo-hosszusagunak-kell-lennie\\\/#faq-question-1690207207819\",\"name\":\"Jakou zvolit barvu opasku?\",\"answerCount\":1,\"acceptedAnswer\":{\"@type\":\"Answer\",\"text\":\"Barevn\u00e9 proveden\u00ed p\u00e1nsk\u00e9ho opasku by m\u011blo korespondovat s ostatn\u00edmi ko\u017een\u00fdmi dopl\u0148ky Va\u0161eho o\u0161acen\u00ed. Typick\u00fdm p\u0159\u00edkladem je podobn\u00e1 barva spole\u010densk\u00fdch bot.\",\"inLanguage\":\"hu\"},\"inLanguage\":\"hu\"},{\"@type\":\"Question\",\"@id\":\"https:\\\/\\\/regbu.com\\\/hu\\\/a-ferfi-ovnek-megfelelo-hosszusagunak-kell-lennie\\\/#faq-question-1690207213888\",\"position\":2,\"url\":\"https:\\\/\\\/regbu.com\\\/hu\\\/a-ferfi-ovnek-megfelelo-hosszusagunak-kell-lennie\\\/#faq-question-1690207213888\",\"name\":\"Jak je to s barvou spony na opasku?\",\"answerCount\":1,\"acceptedAnswer\":{\"@type\":\"Answer\",\"text\":\"U spony si pohl\u00eddejte jedin\u00e9. Jej\u00ed barva byla b\u00fdt toto\u017en\u00e1 s ostatn\u00edmi dopl\u0148ky v podob\u011b kovov\u00e9ho \u0159em\u00ednku od hodinek, \u0159et\u00edzk\u016f a n\u00e1ramk\u016f na ruce.\",\"inLanguage\":\"hu\"},\"inLanguage\":\"hu\"},{\"@type\":\"Question\",\"@id\":\"https:\\\/\\\/regbu.com\\\/hu\\\/a-ferfi-ovnek-megfelelo-hosszusagunak-kell-lennie\\\/#faq-question-1690207221535\",\"position\":3,\"url\":\"https:\\\/\\\/regbu.com\\\/hu\\\/a-ferfi-ovnek-megfelelo-hosszusagunak-kell-lennie\\\/#faq-question-1690207221535\",\"name\":\"Jak vyp\u00edchnout origin\u00e1ln\u00ed p\u00e1sek?\",\"answerCount\":1,\"acceptedAnswer\":{\"@type\":\"Answer\",\"text\":\"Jeho nev\u0161edn\u00ed barvu zkombinujte s jednobarevnou ko\u0161il\u00ed a hladk\u00fdmi kalhotami.\",\"inLanguage\":\"hu\"},\"inLanguage\":\"hu\"},{\"@type\":\"Question\",\"@id\":\"https:\\\/\\\/regbu.com\\\/hu\\\/a-ferfi-ovnek-megfelelo-hosszusagunak-kell-lennie\\\/#faq-question-1690207229724\",\"position\":4,\"url\":\"https:\\\/\\\/regbu.com\\\/hu\\\/a-ferfi-ovnek-megfelelo-hosszusagunak-kell-lennie\\\/#faq-question-1690207229724\",\"name\":\"Jak\u00e1 m\u00e1 b\u00fdt d\u00e9lka opasku?\",\"answerCount\":1,\"acceptedAnswer\":{\"@type\":\"Answer\",\"text\":\"Tak akor\u00e1t. Ke spr\u00e1vn\u00fdm hodnot\u00e1m se dopracujete, kdy\u017e si zm\u011b\u0159\u00edte obvod pasu. Opasek b\u00fdv\u00e1 o n\u011bco del\u0161\u00ed, ne\u017e je obvod, abyste ho zasunuli do oka u kalhot. Pozor na p\u0159\u00edli\u0161 dlouh\u00fd opasek, kter\u00fd by mohl plandat.\",\"inLanguage\":\"hu\"},\"inLanguage\":\"hu\"},{\"@type\":\"Question\",\"@id\":\"https:\\\/\\\/regbu.com\\\/hu\\\/a-ferfi-ovnek-megfelelo-hosszusagunak-kell-lennie\\\/#faq-question-1690207236250\",\"position\":5,\"url\":\"https:\\\/\\\/regbu.com\\\/hu\\\/a-ferfi-ovnek-megfelelo-hosszusagunak-kell-lennie\\\/#faq-question-1690207236250\",\"name\":\"Co si pohl\u00eddat p\u0159i no\u0161en\u00ed opasku?\",\"answerCount\":1,\"acceptedAnswer\":{\"@type\":\"Answer\",\"text\":\"Nepodce\u0148ujte jeho uta\u017een\u00ed. P\u0159\u00edli\u0161n\u00e9 uta\u017een\u00ed toti\u017e zv\u00fdraz\u0148uje v\u011bt\u0161\u00ed b\u0159icho.\",\"inLanguage\":\"hu\"},\"inLanguage\":\"hu\"}]}<\/script>\n<!-- \/ Yoast SEO plugin. -->","yoast_head_json":{"title":"A f\u00e9rfi \u00f6vnek megfelel\u0151 hossz\u00fas\u00e1g\u00fanak kell lennie - REGBU.COM","description":"Fogadjon a megfelel\u0151 f\u00e9rfi \u00f6vre, amely alkalmas egy adott t\u00e1rsadalmi esem\u00e9nyre. Elmondjuk, hogyan v\u00e1lasszon egyet.","robots":{"index":"index","follow":"follow","max-snippet":"max-snippet:-1","max-image-preview":"max-image-preview:large","max-video-preview":"max-video-preview:-1"},"canonical":"https:\/\/regbu.com\/hu\/a-ferfi-ovnek-megfelelo-hosszusagunak-kell-lennie\/","og_locale":"hu_HU","og_type":"article","og_title":"P\u00e1nsk\u00fd opasek mus\u00ed b\u00fdt spr\u00e1vn\u011b dlouh\u00fd - REGBU.COM","og_description":"Vsa\u010fte na ten spr\u00e1vn\u00fd p\u00e1nsk\u00fd opasek vhodn\u00fd pro konkr\u00e9tn\u00ed spole\u010denskou ud\u00e1lost. Prozrad\u00edme V\u00e1m, jak ho vybrat.","og_url":"https:\/\/regbu.com\/hu\/a-ferfi-ovnek-megfelelo-hosszusagunak-kell-lennie\/","og_site_name":"REGBU.COM","article_published_time":"2023-07-23T13:59:52+00:00","article_modified_time":"2025-09-05T05:40:49+00:00","og_image":[{"width":1200,"height":676,"url":"https:\/\/regbu.com\/wp-content\/uploads\/2023\/07\/pansky-opasek-musi-byt-spravne-dlouhy.jpg","type":"image\/jpeg"}],"author":"George Martin","twitter_card":"summary_large_image","twitter_misc":{"Szerz\u0151:":"George Martin","Becs\u00fclt olvas\u00e1si id\u0151":"2 perc"},"schema":{"@context":"https:\/\/schema.org","@graph":[{"@type":"Article","@id":"https:\/\/regbu.com\/hu\/a-ferfi-ovnek-megfelelo-hosszusagunak-kell-lennie\/#article","isPartOf":{"@id":"https:\/\/regbu.com\/hu\/a-ferfi-ovnek-megfelelo-hosszusagunak-kell-lennie\/"},"author":{"name":"George Martin","@id":"https:\/\/regbu.com\/en\/#\/schema\/person\/94ea9deda2629771b8a9ced002f6784e"},"headline":"P\u00e1nsk\u00fd opasek mus\u00ed b\u00fdt spr\u00e1vn\u011b dlouh\u00fd","datePublished":"2023-07-23T13:59:52+00:00","dateModified":"2025-09-05T05:40:49+00:00","mainEntityOfPage":{"@id":"https:\/\/regbu.com\/hu\/a-ferfi-ovnek-megfelelo-hosszusagunak-kell-lennie\/"},"wordCount":477,"image":{"@id":"https:\/\/regbu.com\/hu\/a-ferfi-ovnek-megfelelo-hosszusagunak-kell-lennie\/#primaryimage"},"thumbnailUrl":"https:\/\/regbu.com\/wp-content\/uploads\/2023\/07\/pansky-opasek-musi-byt-spravne-dlouhy.jpg","keywords":["barva","barva opasku","Casual","d\u00e9lka","d\u00e9lka opasku","k\u016f\u017ee","opasek","p\u00e1nsk\u00fd opasek","p\u00e1sek","spona"],"articleSection":["M\u00f3da"],"inLanguage":"hu"},{"@type":["WebPage","FAQPage"],"@id":"https:\/\/regbu.com\/hu\/a-ferfi-ovnek-megfelelo-hosszusagunak-kell-lennie\/","url":"https:\/\/regbu.com\/hu\/a-ferfi-ovnek-megfelelo-hosszusagunak-kell-lennie\/","name":"A f\u00e9rfi \u00f6vnek megfelel\u0151 hossz\u00fas\u00e1g\u00fanak kell lennie - REGBU.COM","isPartOf":{"@id":"https:\/\/regbu.com\/en\/#website"},"primaryImageOfPage":{"@id":"https:\/\/regbu.com\/hu\/a-ferfi-ovnek-megfelelo-hosszusagunak-kell-lennie\/#primaryimage"},"image":{"@id":"https:\/\/regbu.com\/hu\/a-ferfi-ovnek-megfelelo-hosszusagunak-kell-lennie\/#primaryimage"},"thumbnailUrl":"https:\/\/regbu.com\/wp-content\/uploads\/2023\/07\/pansky-opasek-musi-byt-spravne-dlouhy.jpg","datePublished":"2023-07-23T13:59:52+00:00","dateModified":"2025-09-05T05:40:49+00:00","author":{"@id":"https:\/\/regbu.com\/en\/#\/schema\/person\/94ea9deda2629771b8a9ced002f6784e"},"description":"Fogadjon a megfelel\u0151 f\u00e9rfi \u00f6vre, amely alkalmas egy adott t\u00e1rsadalmi esem\u00e9nyre. Elmondjuk, hogyan v\u00e1lasszon egyet.","breadcrumb":{"@id":"https:\/\/regbu.com\/hu\/a-ferfi-ovnek-megfelelo-hosszusagunak-kell-lennie\/#breadcrumb"},"mainEntity":[{"@id":"https:\/\/regbu.com\/hu\/a-ferfi-ovnek-megfelelo-hosszusagunak-kell-lennie\/#faq-question-1690207207819"},{"@id":"https:\/\/regbu.com\/hu\/a-ferfi-ovnek-megfelelo-hosszusagunak-kell-lennie\/#faq-question-1690207213888"},{"@id":"https:\/\/regbu.com\/hu\/a-ferfi-ovnek-megfelelo-hosszusagunak-kell-lennie\/#faq-question-1690207221535"},{"@id":"https:\/\/regbu.com\/hu\/a-ferfi-ovnek-megfelelo-hosszusagunak-kell-lennie\/#faq-question-1690207229724"},{"@id":"https:\/\/regbu.com\/hu\/a-ferfi-ovnek-megfelelo-hosszusagunak-kell-lennie\/#faq-question-1690207236250"}],"inLanguage":"hu","potentialAction":[{"@type":"ReadAction","target":["https:\/\/regbu.com\/hu\/a-ferfi-ovnek-megfelelo-hosszusagunak-kell-lennie\/"]}]},{"@type":"ImageObject","inLanguage":"hu","@id":"https:\/\/regbu.com\/hu\/a-ferfi-ovnek-megfelelo-hosszusagunak-kell-lennie\/#primaryimage","url":"https:\/\/regbu.com\/wp-content\/uploads\/2023\/07\/pansky-opasek-musi-byt-spravne-dlouhy.jpg","contentUrl":"https:\/\/regbu.com\/wp-content\/uploads\/2023\/07\/pansky-opasek-musi-byt-spravne-dlouhy.jpg","width":1200,"height":676,"caption":"P\u00e1nsk\u00fd opasek mus\u00ed b\u00fdt spr\u00e1vn\u011b dlouh\u00fd"},{"@type":"BreadcrumbList","@id":"https:\/\/regbu.com\/hu\/a-ferfi-ovnek-megfelelo-hosszusagunak-kell-lennie\/#breadcrumb","itemListElement":[{"@type":"ListItem","position":1,"name":"Home","item":"https:\/\/regbu.com\/en\/"},{"@type":"ListItem","position":2,"name":"P\u00e1nsk\u00fd opasek mus\u00ed b\u00fdt spr\u00e1vn\u011b dlouh\u00fd"}]},{"@type":"WebSite","@id":"https:\/\/regbu.com\/en\/#website","url":"https:\/\/regbu.com\/en\/","name":"REGBU.COM","description":"","potentialAction":[{"@type":"SearchAction","target":{"@type":"EntryPoint","urlTemplate":"https:\/\/regbu.com\/en\/?s={search_term_string}"},"query-input":{"@type":"PropertyValueSpecification","valueRequired":true,"valueName":"search_term_string"}}],"inLanguage":"hu"},{"@type":"Person","@id":"https:\/\/regbu.com\/en\/#\/schema\/person\/94ea9deda2629771b8a9ced002f6784e","name":"George Martin","url":"https:\/\/regbu.com\/hu\/author\/george-martin\/"},{"@type":"Question","@id":"https:\/\/regbu.com\/hu\/a-ferfi-ovnek-megfelelo-hosszusagunak-kell-lennie\/#faq-question-1690207207819","position":1,"url":"https:\/\/regbu.com\/hu\/a-ferfi-ovnek-megfelelo-hosszusagunak-kell-lennie\/#faq-question-1690207207819","name":"Milyen sz\u00edn\u0171 \u00f6vet v\u00e1lasszak?","answerCount":1,"acceptedAnswer":{"@type":"Answer","text":"Barevn\u00e9 proveden\u00ed p\u00e1nsk\u00e9ho opasku by m\u011blo korespondovat s ostatn\u00edmi ko\u017een\u00fdmi dopl\u0148ky Va\u0161eho o\u0161acen\u00ed. Typick\u00fdm p\u0159\u00edkladem je podobn\u00e1 barva spole\u010densk\u00fdch bot.","inLanguage":"hu"},"inLanguage":"hu"},{"@type":"Question","@id":"https:\/\/regbu.com\/hu\/a-ferfi-ovnek-megfelelo-hosszusagunak-kell-lennie\/#faq-question-1690207213888","position":2,"url":"https:\/\/regbu.com\/hu\/a-ferfi-ovnek-megfelelo-hosszusagunak-kell-lennie\/#faq-question-1690207213888","name":"Mi a helyzet az \u00f6vcsat sz\u00edn\u00e9vel?","answerCount":1,"acceptedAnswer":{"@type":"Answer","text":"U spony si pohl\u00eddejte jedin\u00e9. Jej\u00ed barva byla b\u00fdt toto\u017en\u00e1 s ostatn\u00edmi dopl\u0148ky v podob\u011b kovov\u00e9ho \u0159em\u00ednku od hodinek, \u0159et\u00edzk\u016f a n\u00e1ramk\u016f na ruce.","inLanguage":"hu"},"inLanguage":"hu"},{"@type":"Question","@id":"https:\/\/regbu.com\/hu\/a-ferfi-ovnek-megfelelo-hosszusagunak-kell-lennie\/#faq-question-1690207221535","position":3,"url":"https:\/\/regbu.com\/hu\/a-ferfi-ovnek-megfelelo-hosszusagunak-kell-lennie\/#faq-question-1690207221535","name":"Hogyan lyukassza ki az eredeti \u00f6vet?","answerCount":1,"acceptedAnswer":{"@type":"Answer","text":"Jeho nev\u0161edn\u00ed barvu zkombinujte s jednobarevnou ko\u0161il\u00ed a hladk\u00fdmi kalhotami.","inLanguage":"hu"},"inLanguage":"hu"},{"@type":"Question","@id":"https:\/\/regbu.com\/hu\/a-ferfi-ovnek-megfelelo-hosszusagunak-kell-lennie\/#faq-question-1690207229724","position":4,"url":"https:\/\/regbu.com\/hu\/a-ferfi-ovnek-megfelelo-hosszusagunak-kell-lennie\/#faq-question-1690207229724","name":"Milyen hossz\u00fa legyen az \u00f6v?","answerCount":1,"acceptedAnswer":{"@type":"Answer","text":"Tak akor\u00e1t. Ke spr\u00e1vn\u00fdm hodnot\u00e1m se dopracujete, kdy\u017e si zm\u011b\u0159\u00edte obvod pasu. Opasek b\u00fdv\u00e1 o n\u011bco del\u0161\u00ed, ne\u017e je obvod, abyste ho zasunuli do oka u kalhot. Pozor na p\u0159\u00edli\u0161 dlouh\u00fd opasek, kter\u00fd by mohl plandat.","inLanguage":"hu"},"inLanguage":"hu"},{"@type":"Question","@id":"https:\/\/regbu.com\/hu\/a-ferfi-ovnek-megfelelo-hosszusagunak-kell-lennie\/#faq-question-1690207236250","position":5,"url":"https:\/\/regbu.com\/hu\/a-ferfi-ovnek-megfelelo-hosszusagunak-kell-lennie\/#faq-question-1690207236250","name":"Mire kell figyelni az \u00f6v visel\u00e9sekor?","answerCount":1,"acceptedAnswer":{"@type":"Answer","text":"Nepodce\u0148ujte jeho uta\u017een\u00ed. P\u0159\u00edli\u0161n\u00e9 uta\u017een\u00ed toti\u017e zv\u00fdraz\u0148uje v\u011bt\u0161\u00ed b\u0159icho.","inLanguage":"hu"},"inLanguage":"hu"}]}},"_links":{"self":[{"href":"https:\/\/regbu.com\/hu\/wp-json\/wp\/v2\/posts\/1221","targetHints":{"allow":["GET"]}}],"collection":[{"href":"https:\/\/regbu.com\/hu\/wp-json\/wp\/v2\/posts"}],"about":[{"href":"https:\/\/regbu.com\/hu\/wp-json\/wp\/v2\/types\/post"}],"author":[{"embeddable":true,"href":"https:\/\/regbu.com\/hu\/wp-json\/wp\/v2\/users\/2"}],"replies":[{"embeddable":true,"href":"https:\/\/regbu.com\/hu\/wp-json\/wp\/v2\/comments?post=1221"}],"version-history":[{"count":2,"href":"https:\/\/regbu.com\/hu\/wp-json\/wp\/v2\/posts\/1221\/revisions"}],"predecessor-version":[{"id":1232,"href":"https:\/\/regbu.com\/hu\/wp-json\/wp\/v2\/posts\/1221\/revisions\/1232"}],"wp:featuredmedia":[{"embeddable":true,"href":"https:\/\/regbu.com\/hu\/wp-json\/wp\/v2\/media\/1222"}],"wp:attachment":[{"href":"https:\/\/regbu.com\/hu\/wp-json\/wp\/v2\/media?parent=1221"}],"wp:term":[{"taxonomy":"category","embeddable":true,"href":"https:\/\/regbu.com\/hu\/wp-json\/wp\/v2\/categories?post=1221"},{"taxonomy":"post_tag","embeddable":true,"href":"https:\/\/regbu.com\/hu\/wp-json\/wp\/v2\/tags?post=1221"}],"curies":[{"name":"wp","href":"https:\/\/api.w.org\/{rel}","templated":true}]}}