{"id":1094,"date":"2023-07-17T13:59:59","date_gmt":"2023-07-17T11:59:59","guid":{"rendered":"https:\/\/regbu.com\/?p=1094"},"modified":"2025-09-05T07:41:06","modified_gmt":"2025-09-05T05:41:06","slug":"umela-inteligence-je-hudbou-budoucnosti","status":"publish","type":"post","link":"https:\/\/regbu.com\/hu\/artificial-intelligence-is-the-music-of-the-future\/","title":{"rendered":"A mesters\u00e9ges intelligencia a j\u00f6v\u0151 zen\u00e9je"},"content":{"rendered":"<p>A mesters\u00e9ges intelligencia ma m\u00e1r olyan ismert, mint <strong><a href=\"https:\/\/regbu.com\/hu\/virtualis-valosag-vas-vonzasok-3d-vilagba\/\">virtu\u00e1lis val\u00f3s\u00e1g<\/a><\/strong>. Igaz, hogy a mesters\u00e9ges intelligencia - ahogyan ezt a szegmenst r\u00f6vid\u00edtik - kezdetei az 1950-es \u00e9vekre ny\u00falnak vissza.  Ekkor rakt\u00e1k le a ter\u00fclet els\u0151 alapjait. Ez term\u00e9szetesen egy szimbolikus mesters\u00e9ges intelligencia volt, amely messze \u00e1llt a jelenlegit\u0151l.<\/p>\n\n\n\n<ul class=\"wp-block-list\">\n<li>Mesters\u00e9ges neuron modell<\/li>\n\n\n\n<li>Turing-teszt<\/li>\n\n\n\n<li>Ny\u00edlt forr\u00e1sk\u00f3d\u00fa innov\u00e1ci\u00f3<\/li>\n<\/ul>\n\n\n\n<p>Az\u00f3ta sok id\u0151 telt el. A sz\u0171k \u00e9s <em>\u00e1ltal\u00e1nos mesters\u00e9ges intelligencia<\/em>. Nagyon gyorsan megtapasztalt\u00e1k az emberi l\u00e9t k\u00fcl\u00f6nb\u00f6z\u0151 ter\u00fcletein.<\/p>\n\n\n\n<h2 class=\"wp-block-heading\">Mesters\u00e9ges intelligencia \u00e9s alkalmaz\u00e1sai<\/h2>\n\n\n\n<p>Tal\u00e1n most azon t\u0171n\u0151dik, hogy hov\u00e1 terjedt el a mesters\u00e9ges intelligencia, \u00e9s hov\u00e1 fog m\u00e9g eljutni. Meg kell jegyezni, hogy t\u00f6bb mint el\u00e9g ilyen szegmens van. A robotika, a g\u00e9pi tanul\u00e1s, a neur\u00e1lis h\u00e1l\u00f3zatok \u00e9s a sz\u00e1m\u00edt\u00f3g\u00e9pes l\u00e1t\u00e1s tipikus p\u00e9ld\u00e1k. \u00c9rdemes m\u00e9g megeml\u00edteni <strong>Fuzzy logika, Bayes-h\u00e1l\u00f3zatok<\/strong>, t\u00f6bbszerepl\u0151s rendszerek \u00e9s evol\u00faci\u00f3s algoritmusok.<\/p>\n\n\n\n<h3 class=\"wp-block-heading\">K\u00e9rd\u00e9sek \u00e9s v\u00e1laszok<\/h3>\n\n\n\n<p>A mesters\u00e9ges intelligencia minden\u00fctt jelenl\u00e9v\u0151 asszisztenss\u00e9 \u00e9s sokoldal\u00fa kieg\u00e9sz\u00edt\u0151v\u00e9 v\u00e1lik. A kifinomult algoritmusoknak k\u00f6sz\u00f6nhet\u0151en <strong>az emberi tev\u00e9kenys\u00e9get helyettes\u00edti<\/strong> \u00e9s t\u00f6k\u00e9letesen ut\u00e1nozza az emberi szok\u00e1sokat. M\u00e1sr\u00e9szt sokak sz\u00e1m\u00e1ra ez egy fekete doboz, amely a j\u00f6v\u0151ben kock\u00e1zatokat hordozhat mag\u00e1ban. Tudjon meg t\u00f6bbet a lehets\u00e9ges felhaszn\u00e1l\u00e1si m\u00f3dokr\u00f3l az al\u00e1bbi k\u00e9rd\u00e9sek \u00e9s v\u00e1laszok seg\u00edts\u00e9g\u00e9vel.<\/p>\n\n\n\n<div class=\"schema-faq wp-block-yoast-faq-block\"><div class=\"schema-faq-section\" id=\"faq-question-1689595000030\"><strong class=\"schema-faq-question\">Hogyan haszn\u00e1ljuk a mesters\u00e9ges intelligenci\u00e1t a besz\u00e9d eset\u00e9ben?<\/strong> <p class=\"schema-faq-answer\">Els\u0151sorban hangfelismer\u00e9s, feliratgener\u00e1l\u00e1s, ford\u00edt\u00e1s \u00e9s h\u00edv\u00e1ski\u00e9rt\u00e9kel\u00e9s. Olyan szolg\u00e1ltat\u00e1sokba integr\u00e1l\u00f3dik, mint az Apple Siri \u00e9s a Google Assistant.<\/p> <\/div> <div class=\"schema-faq-section\" id=\"faq-question-1689595009409\"><strong class=\"schema-faq-question\">Tud a mesters\u00e9ges intelligencia k\u00e9pekkel dolgozni?<\/strong> <p class=\"schema-faq-answer\">Igen, manaps\u00e1g el\u00e9g gyakori, hogy nagyon val\u00f3s\u00e1gosnak t\u0171n\u0151 fot\u00f3kat k\u00e9sz\u00edtenek. \u00c9s ez m\u00e9g a legapr\u00f3bb r\u00e9szletekre is vonatkozik.<\/p> <\/div> <div class=\"schema-faq-section\" id=\"faq-question-1689595017010\"><strong class=\"schema-faq-question\">Lehets\u00e9ges besz\u00e9lni egy mesters\u00e9ges intelligenci\u00e1val?<\/strong> <p class=\"schema-faq-answer\">Manaps\u00e1g ez m\u00e1r term\u00e9szetes. Erre speci\u00e1lis nyelvi modelleket haszn\u00e1lnak. Ezek sok neh\u00e9z k\u00e9rd\u00e9sre tudnak v\u00e1laszt adni.<\/p> <\/div> <div class=\"schema-faq-section\" id=\"faq-question-1689595025232\"><strong class=\"schema-faq-question\">Milyen m\u00e1s szegmensekre van hat\u00e1ssal a mesters\u00e9ges intelligencia?<\/strong> <p class=\"schema-faq-answer\">El\u00e9g sikeresen be\u00e9p\u00fclt az aut\u00f3k vil\u00e1g\u00e1ba. Tipikus p\u00e9lda erre az \u00f6nvezet\u0151 aut\u00f3k \u00e9s azok folyamatos fejleszt\u00e9se.<\/p> <\/div> <div class=\"schema-faq-section\" id=\"faq-question-1689595037185\"><strong class=\"schema-faq-question\">A mesters\u00e9ges intelligencia helyettes\u00edthet bizonyos emberi tev\u00e9kenys\u00e9geket?<\/strong> <p class=\"schema-faq-answer\">Igen. Ezek f\u0151k\u00e9nt kiv\u00e1lasztott m\u0171szaki ter\u00fcletek, szerz\u0151i m\u0171vek \u00e9s hasonl\u00f3k.<\/p> <\/div> <\/div>","protected":false},"excerpt":{"rendered":"<p>A mesters\u00e9ges intelligencia ma m\u00e1r ugyanolyan ismert, mint a virtu\u00e1lis val\u00f3s\u00e1g. Igaz, hogy a mesters\u00e9ges intelligencia - ahogyan ezt a szegmenst r\u00f6vid\u00edtik - kezdetei az 1950-es \u00e9vekre ny\u00falnak vissza.  Ekkoriban rakt\u00e1k le a ter\u00fclet els\u0151 alapjait. Ez term\u00e9szetesen egy szimbolikus mesters\u00e9ges intelligencia volt, amely messze elmaradt a jelenlegit\u0151l. Az\u00f3ta... <\/p>","protected":false},"author":2,"featured_media":1095,"comment_status":"closed","ping_status":"closed","sticky":false,"template":"","format":"standard","meta":{"footnotes":""},"categories":[6],"tags":[1183,1187,1189,1188,1185,1190,1191,1184,1186,1182],"class_list":["post-1094","post","type-post","status-publish","format-standard","has-post-thumbnail","hentry","category-technologie","tag-ai","tag-apple-siri","tag-automobily","tag-google-assistant","tag-inteligence","tag-lidska-cinnost","tag-nahrazeni","tag-neuron","tag-rozpoznavani-reci","tag-umela-inteligence"],"yoast_head":"<!-- This site is optimized with the Yoast SEO plugin v27.4 - https:\/\/yoast.com\/product\/yoast-seo-wordpress\/ -->\n<title>Um\u011bl\u00e1 inteligence je hudbou budoucnosti - REGBU.COM<\/title>\n<meta name=\"description\" content=\"V\u00edte, co si p\u0159edstavit pod pojmem um\u011bl\u00e1 inteligence? Jde o novodobou z\u00e1le\u017eitost, kter\u00e1 ovlivn\u00ed na\u0161e \u017eivoty.\" \/>\n<meta name=\"robots\" content=\"index, follow, max-snippet:-1, max-image-preview:large, max-video-preview:-1\" \/>\n<link rel=\"canonical\" href=\"https:\/\/regbu.com\/hu\/artificial-intelligence-is-the-music-of-the-future\/\" \/>\n<meta property=\"og:locale\" content=\"hu_HU\" \/>\n<meta property=\"og:type\" content=\"article\" \/>\n<meta property=\"og:title\" content=\"Um\u011bl\u00e1 inteligence je hudbou budoucnosti - REGBU.COM\" \/>\n<meta property=\"og:description\" content=\"V\u00edte, co si p\u0159edstavit pod pojmem um\u011bl\u00e1 inteligence? Jde o novodobou z\u00e1le\u017eitost, kter\u00e1 ovlivn\u00ed na\u0161e \u017eivoty.\" \/>\n<meta property=\"og:url\" content=\"https:\/\/regbu.com\/hu\/artificial-intelligence-is-the-music-of-the-future\/\" \/>\n<meta property=\"og:site_name\" content=\"REGBU.COM\" \/>\n<meta property=\"article:published_time\" content=\"2023-07-17T11:59:59+00:00\" \/>\n<meta property=\"article:modified_time\" content=\"2025-09-05T05:41:06+00:00\" \/>\n<meta property=\"og:image\" content=\"https:\/\/regbu.com\/wp-content\/uploads\/2023\/07\/umela-inteligence-je-hudbou-budoucnosti.jpg\" \/>\n\t<meta property=\"og:image:width\" content=\"1200\" \/>\n\t<meta property=\"og:image:height\" content=\"680\" \/>\n\t<meta property=\"og:image:type\" content=\"image\/jpeg\" \/>\n<meta name=\"author\" content=\"George Martin\" \/>\n<meta name=\"twitter:card\" content=\"summary_large_image\" \/>\n<meta name=\"twitter:label1\" content=\"Szerz\u0151:\" \/>\n\t<meta name=\"twitter:data1\" content=\"George Martin\" \/>\n\t<meta name=\"twitter:label2\" content=\"Becs\u00fclt olvas\u00e1si id\u0151\" \/>\n\t<meta name=\"twitter:data2\" content=\"2 perc\" \/>\n<script type=\"application\/ld+json\" class=\"yoast-schema-graph\">{\"@context\":\"https:\\\/\\\/schema.org\",\"@graph\":[{\"@type\":\"Article\",\"@id\":\"https:\\\/\\\/regbu.com\\\/hu\\\/artificial-intelligence-is-the-music-of-the-future\\\/#article\",\"isPartOf\":{\"@id\":\"https:\\\/\\\/regbu.com\\\/hu\\\/artificial-intelligence-is-the-music-of-the-future\\\/\"},\"author\":{\"name\":\"George Martin\",\"@id\":\"https:\\\/\\\/regbu.com\\\/en\\\/#\\\/schema\\\/person\\\/94ea9deda2629771b8a9ced002f6784e\"},\"headline\":\"Um\u011bl\u00e1 inteligence je hudbou budoucnosti\",\"datePublished\":\"2023-07-17T11:59:59+00:00\",\"dateModified\":\"2025-09-05T05:41:06+00:00\",\"mainEntityOfPage\":{\"@id\":\"https:\\\/\\\/regbu.com\\\/hu\\\/artificial-intelligence-is-the-music-of-the-future\\\/\"},\"wordCount\":442,\"image\":{\"@id\":\"https:\\\/\\\/regbu.com\\\/hu\\\/artificial-intelligence-is-the-music-of-the-future\\\/#primaryimage\"},\"thumbnailUrl\":\"https:\\\/\\\/regbu.com\\\/wp-content\\\/uploads\\\/2023\\\/07\\\/umela-inteligence-je-hudbou-budoucnosti.jpg\",\"keywords\":[\"AI\",\"Apple Siri\",\"automobily\",\"Google Assistant\",\"inteligence\",\"lidsk\u00e1 \u010dinnost\",\"nahrazen\u00ed\",\"neuron\",\"rozpozn\u00e1v\u00e1n\u00ed \u0159e\u010di\",\"um\u011bl\u00e1 inteligence\"],\"articleSection\":[\"Technologie\"],\"inLanguage\":\"hu\"},{\"@type\":[\"WebPage\",\"FAQPage\"],\"@id\":\"https:\\\/\\\/regbu.com\\\/hu\\\/artificial-intelligence-is-the-music-of-the-future\\\/\",\"url\":\"https:\\\/\\\/regbu.com\\\/hu\\\/artificial-intelligence-is-the-music-of-the-future\\\/\",\"name\":\"Um\u011bl\u00e1 inteligence je hudbou budoucnosti - REGBU.COM\",\"isPartOf\":{\"@id\":\"https:\\\/\\\/regbu.com\\\/en\\\/#website\"},\"primaryImageOfPage\":{\"@id\":\"https:\\\/\\\/regbu.com\\\/hu\\\/artificial-intelligence-is-the-music-of-the-future\\\/#primaryimage\"},\"image\":{\"@id\":\"https:\\\/\\\/regbu.com\\\/hu\\\/artificial-intelligence-is-the-music-of-the-future\\\/#primaryimage\"},\"thumbnailUrl\":\"https:\\\/\\\/regbu.com\\\/wp-content\\\/uploads\\\/2023\\\/07\\\/umela-inteligence-je-hudbou-budoucnosti.jpg\",\"datePublished\":\"2023-07-17T11:59:59+00:00\",\"dateModified\":\"2025-09-05T05:41:06+00:00\",\"author\":{\"@id\":\"https:\\\/\\\/regbu.com\\\/en\\\/#\\\/schema\\\/person\\\/94ea9deda2629771b8a9ced002f6784e\"},\"description\":\"V\u00edte, co si p\u0159edstavit pod pojmem um\u011bl\u00e1 inteligence? Jde o novodobou z\u00e1le\u017eitost, kter\u00e1 ovlivn\u00ed na\u0161e \u017eivoty.\",\"breadcrumb\":{\"@id\":\"https:\\\/\\\/regbu.com\\\/hu\\\/artificial-intelligence-is-the-music-of-the-future\\\/#breadcrumb\"},\"mainEntity\":[{\"@id\":\"https:\\\/\\\/regbu.com\\\/hu\\\/artificial-intelligence-is-the-music-of-the-future\\\/#faq-question-1689595000030\"},{\"@id\":\"https:\\\/\\\/regbu.com\\\/hu\\\/artificial-intelligence-is-the-music-of-the-future\\\/#faq-question-1689595009409\"},{\"@id\":\"https:\\\/\\\/regbu.com\\\/hu\\\/artificial-intelligence-is-the-music-of-the-future\\\/#faq-question-1689595017010\"},{\"@id\":\"https:\\\/\\\/regbu.com\\\/hu\\\/artificial-intelligence-is-the-music-of-the-future\\\/#faq-question-1689595025232\"},{\"@id\":\"https:\\\/\\\/regbu.com\\\/hu\\\/artificial-intelligence-is-the-music-of-the-future\\\/#faq-question-1689595037185\"}],\"inLanguage\":\"hu\",\"potentialAction\":[{\"@type\":\"ReadAction\",\"target\":[\"https:\\\/\\\/regbu.com\\\/hu\\\/artificial-intelligence-is-the-music-of-the-future\\\/\"]}]},{\"@type\":\"ImageObject\",\"inLanguage\":\"hu\",\"@id\":\"https:\\\/\\\/regbu.com\\\/hu\\\/artificial-intelligence-is-the-music-of-the-future\\\/#primaryimage\",\"url\":\"https:\\\/\\\/regbu.com\\\/wp-content\\\/uploads\\\/2023\\\/07\\\/umela-inteligence-je-hudbou-budoucnosti.jpg\",\"contentUrl\":\"https:\\\/\\\/regbu.com\\\/wp-content\\\/uploads\\\/2023\\\/07\\\/umela-inteligence-je-hudbou-budoucnosti.jpg\",\"width\":1200,\"height\":680,\"caption\":\"Um\u011bl\u00e1 inteligence je hudbou budoucnosti\"},{\"@type\":\"BreadcrumbList\",\"@id\":\"https:\\\/\\\/regbu.com\\\/hu\\\/artificial-intelligence-is-the-music-of-the-future\\\/#breadcrumb\",\"itemListElement\":[{\"@type\":\"ListItem\",\"position\":1,\"name\":\"Home\",\"item\":\"https:\\\/\\\/regbu.com\\\/en\\\/\"},{\"@type\":\"ListItem\",\"position\":2,\"name\":\"Um\u011bl\u00e1 inteligence je hudbou budoucnosti\"}]},{\"@type\":\"WebSite\",\"@id\":\"https:\\\/\\\/regbu.com\\\/en\\\/#website\",\"url\":\"https:\\\/\\\/regbu.com\\\/en\\\/\",\"name\":\"REGBU.COM\",\"description\":\"\",\"potentialAction\":[{\"@type\":\"SearchAction\",\"target\":{\"@type\":\"EntryPoint\",\"urlTemplate\":\"https:\\\/\\\/regbu.com\\\/en\\\/?s={search_term_string}\"},\"query-input\":{\"@type\":\"PropertyValueSpecification\",\"valueRequired\":true,\"valueName\":\"search_term_string\"}}],\"inLanguage\":\"hu\"},{\"@type\":\"Person\",\"@id\":\"https:\\\/\\\/regbu.com\\\/en\\\/#\\\/schema\\\/person\\\/94ea9deda2629771b8a9ced002f6784e\",\"name\":\"George Martin\",\"url\":\"https:\\\/\\\/regbu.com\\\/hu\\\/author\\\/george-martin\\\/\"},{\"@type\":\"Question\",\"@id\":\"https:\\\/\\\/regbu.com\\\/hu\\\/artificial-intelligence-is-the-music-of-the-future\\\/#faq-question-1689595000030\",\"position\":1,\"url\":\"https:\\\/\\\/regbu.com\\\/hu\\\/artificial-intelligence-is-the-music-of-the-future\\\/#faq-question-1689595000030\",\"name\":\"Jak vyu\u017e\u00edt AI v p\u0159\u00edpad\u011b \u0159e\u010di?\",\"answerCount\":1,\"acceptedAnswer\":{\"@type\":\"Answer\",\"text\":\"Je to p\u0159edev\u0161\u00edm rozpozn\u00e1v\u00e1n\u00ed hlasu, generov\u00e1n\u00ed titulk\u016f, p\u0159eklady a vyhodnocov\u00e1n\u00ed hovor\u016f. Zakomponov\u00e1v\u00e1 se do slu\u017eeb typu Apple Siri a Google Assistant.\",\"inLanguage\":\"hu\"},\"inLanguage\":\"hu\"},{\"@type\":\"Question\",\"@id\":\"https:\\\/\\\/regbu.com\\\/hu\\\/artificial-intelligence-is-the-music-of-the-future\\\/#faq-question-1689595009409\",\"position\":2,\"url\":\"https:\\\/\\\/regbu.com\\\/hu\\\/artificial-intelligence-is-the-music-of-the-future\\\/#faq-question-1689595009409\",\"name\":\"Dok\u00e1\u017ee AI pracovat s obr\u00e1zky?\",\"answerCount\":1,\"acceptedAnswer\":{\"@type\":\"Answer\",\"text\":\"Ano, dnes u\u017e je naprosto b\u011b\u017en\u00e9 generov\u00e1n\u00ed fotografi\u00ed, kter\u00e9 vypadaj\u00ed velice re\u00e1ln\u011b. A to i v\u010detn\u011b t\u011bch nejmen\u0161\u00edch detail\u016f.\",\"inLanguage\":\"hu\"},\"inLanguage\":\"hu\"},{\"@type\":\"Question\",\"@id\":\"https:\\\/\\\/regbu.com\\\/hu\\\/artificial-intelligence-is-the-music-of-the-future\\\/#faq-question-1689595017010\",\"position\":3,\"url\":\"https:\\\/\\\/regbu.com\\\/hu\\\/artificial-intelligence-is-the-music-of-the-future\\\/#faq-question-1689595017010\",\"name\":\"Lze si s um\u011blou inteligenc\u00ed popov\u00eddat?\",\"answerCount\":1,\"acceptedAnswer\":{\"@type\":\"Answer\",\"text\":\"V sou\u010dasnosti je to samoz\u0159ejmost\u00ed. Slou\u017e\u00ed k tomu speci\u00e1ln\u00ed jazykov\u00e9 modely. Ty V\u00e1m dok\u00e1\u017e\u00ed zodpov\u011bd\u011bt nejednu slo\u017eitou ot\u00e1zku.\",\"inLanguage\":\"hu\"},\"inLanguage\":\"hu\"},{\"@type\":\"Question\",\"@id\":\"https:\\\/\\\/regbu.com\\\/hu\\\/artificial-intelligence-is-the-music-of-the-future\\\/#faq-question-1689595025232\",\"position\":4,\"url\":\"https:\\\/\\\/regbu.com\\\/hu\\\/artificial-intelligence-is-the-music-of-the-future\\\/#faq-question-1689595025232\",\"name\":\"Do jak\u00fdch segment\u016f se AI je\u0161t\u011b prom\u00edt\u00e1?\",\"answerCount\":1,\"acceptedAnswer\":{\"@type\":\"Answer\",\"text\":\"Celkem \u00fasp\u011b\u0161n\u011b je zakomponov\u00e1na do sv\u011bta automobil\u016f. Typick\u00fdm p\u0159\u00edkladem jsou samo\u0159\u00edd\u00edc\u00ed vozy a jejich neust\u00e1l\u00e9 vylep\u0161ov\u00e1n\u00ed.\",\"inLanguage\":\"hu\"},\"inLanguage\":\"hu\"},{\"@type\":\"Question\",\"@id\":\"https:\\\/\\\/regbu.com\\\/hu\\\/artificial-intelligence-is-the-music-of-the-future\\\/#faq-question-1689595037185\",\"position\":5,\"url\":\"https:\\\/\\\/regbu.com\\\/hu\\\/artificial-intelligence-is-the-music-of-the-future\\\/#faq-question-1689595037185\",\"name\":\"M\u016f\u017ee AI nahradit n\u011bkter\u00e9 lidsk\u00e9 \u010dinnosti?\",\"answerCount\":1,\"acceptedAnswer\":{\"@type\":\"Answer\",\"text\":\"Ano. Jedn\u00e1 se p\u0159edev\u0161\u00edm o vybran\u00e9 technick\u00e9 oblasti, autorsk\u00e1 d\u00edla a podobn\u011b.\",\"inLanguage\":\"hu\"},\"inLanguage\":\"hu\"}]}<\/script>\n<!-- \/ Yoast SEO plugin. -->","yoast_head_json":{"title":"A mesters\u00e9ges intelligencia a j\u00f6v\u0151 zen\u00e9je - REGBU.COM","description":"Tudja, mit \u00e9rt\u00fcnk mesters\u00e9ges intelligencia alatt? Ez egy \u00faj dolog, ami hat\u00e1ssal lesz az \u00e9let\u00fcnkre.","robots":{"index":"index","follow":"follow","max-snippet":"max-snippet:-1","max-image-preview":"max-image-preview:large","max-video-preview":"max-video-preview:-1"},"canonical":"https:\/\/regbu.com\/hu\/artificial-intelligence-is-the-music-of-the-future\/","og_locale":"hu_HU","og_type":"article","og_title":"Um\u011bl\u00e1 inteligence je hudbou budoucnosti - REGBU.COM","og_description":"V\u00edte, co si p\u0159edstavit pod pojmem um\u011bl\u00e1 inteligence? Jde o novodobou z\u00e1le\u017eitost, kter\u00e1 ovlivn\u00ed na\u0161e \u017eivoty.","og_url":"https:\/\/regbu.com\/hu\/artificial-intelligence-is-the-music-of-the-future\/","og_site_name":"REGBU.COM","article_published_time":"2023-07-17T11:59:59+00:00","article_modified_time":"2025-09-05T05:41:06+00:00","og_image":[{"width":1200,"height":680,"url":"https:\/\/regbu.com\/wp-content\/uploads\/2023\/07\/umela-inteligence-je-hudbou-budoucnosti.jpg","type":"image\/jpeg"}],"author":"George Martin","twitter_card":"summary_large_image","twitter_misc":{"Szerz\u0151:":"George Martin","Becs\u00fclt olvas\u00e1si id\u0151":"2 perc"},"schema":{"@context":"https:\/\/schema.org","@graph":[{"@type":"Article","@id":"https:\/\/regbu.com\/hu\/artificial-intelligence-is-the-music-of-the-future\/#article","isPartOf":{"@id":"https:\/\/regbu.com\/hu\/artificial-intelligence-is-the-music-of-the-future\/"},"author":{"name":"George Martin","@id":"https:\/\/regbu.com\/en\/#\/schema\/person\/94ea9deda2629771b8a9ced002f6784e"},"headline":"Um\u011bl\u00e1 inteligence je hudbou budoucnosti","datePublished":"2023-07-17T11:59:59+00:00","dateModified":"2025-09-05T05:41:06+00:00","mainEntityOfPage":{"@id":"https:\/\/regbu.com\/hu\/artificial-intelligence-is-the-music-of-the-future\/"},"wordCount":442,"image":{"@id":"https:\/\/regbu.com\/hu\/artificial-intelligence-is-the-music-of-the-future\/#primaryimage"},"thumbnailUrl":"https:\/\/regbu.com\/wp-content\/uploads\/2023\/07\/umela-inteligence-je-hudbou-budoucnosti.jpg","keywords":["AI","Apple Siri","automobily","Google Assistant","inteligence","lidsk\u00e1 \u010dinnost","nahrazen\u00ed","neuron","rozpozn\u00e1v\u00e1n\u00ed \u0159e\u010di","um\u011bl\u00e1 inteligence"],"articleSection":["Technologie"],"inLanguage":"hu"},{"@type":["WebPage","FAQPage"],"@id":"https:\/\/regbu.com\/hu\/artificial-intelligence-is-the-music-of-the-future\/","url":"https:\/\/regbu.com\/hu\/artificial-intelligence-is-the-music-of-the-future\/","name":"A mesters\u00e9ges intelligencia a j\u00f6v\u0151 zen\u00e9je - REGBU.COM","isPartOf":{"@id":"https:\/\/regbu.com\/en\/#website"},"primaryImageOfPage":{"@id":"https:\/\/regbu.com\/hu\/artificial-intelligence-is-the-music-of-the-future\/#primaryimage"},"image":{"@id":"https:\/\/regbu.com\/hu\/artificial-intelligence-is-the-music-of-the-future\/#primaryimage"},"thumbnailUrl":"https:\/\/regbu.com\/wp-content\/uploads\/2023\/07\/umela-inteligence-je-hudbou-budoucnosti.jpg","datePublished":"2023-07-17T11:59:59+00:00","dateModified":"2025-09-05T05:41:06+00:00","author":{"@id":"https:\/\/regbu.com\/en\/#\/schema\/person\/94ea9deda2629771b8a9ced002f6784e"},"description":"Tudja, mit \u00e9rt\u00fcnk mesters\u00e9ges intelligencia alatt? Ez egy \u00faj dolog, ami hat\u00e1ssal lesz az \u00e9let\u00fcnkre.","breadcrumb":{"@id":"https:\/\/regbu.com\/hu\/artificial-intelligence-is-the-music-of-the-future\/#breadcrumb"},"mainEntity":[{"@id":"https:\/\/regbu.com\/hu\/artificial-intelligence-is-the-music-of-the-future\/#faq-question-1689595000030"},{"@id":"https:\/\/regbu.com\/hu\/artificial-intelligence-is-the-music-of-the-future\/#faq-question-1689595009409"},{"@id":"https:\/\/regbu.com\/hu\/artificial-intelligence-is-the-music-of-the-future\/#faq-question-1689595017010"},{"@id":"https:\/\/regbu.com\/hu\/artificial-intelligence-is-the-music-of-the-future\/#faq-question-1689595025232"},{"@id":"https:\/\/regbu.com\/hu\/artificial-intelligence-is-the-music-of-the-future\/#faq-question-1689595037185"}],"inLanguage":"hu","potentialAction":[{"@type":"ReadAction","target":["https:\/\/regbu.com\/hu\/artificial-intelligence-is-the-music-of-the-future\/"]}]},{"@type":"ImageObject","inLanguage":"hu","@id":"https:\/\/regbu.com\/hu\/artificial-intelligence-is-the-music-of-the-future\/#primaryimage","url":"https:\/\/regbu.com\/wp-content\/uploads\/2023\/07\/umela-inteligence-je-hudbou-budoucnosti.jpg","contentUrl":"https:\/\/regbu.com\/wp-content\/uploads\/2023\/07\/umela-inteligence-je-hudbou-budoucnosti.jpg","width":1200,"height":680,"caption":"Um\u011bl\u00e1 inteligence je hudbou budoucnosti"},{"@type":"BreadcrumbList","@id":"https:\/\/regbu.com\/hu\/artificial-intelligence-is-the-music-of-the-future\/#breadcrumb","itemListElement":[{"@type":"ListItem","position":1,"name":"Home","item":"https:\/\/regbu.com\/en\/"},{"@type":"ListItem","position":2,"name":"Um\u011bl\u00e1 inteligence je hudbou budoucnosti"}]},{"@type":"WebSite","@id":"https:\/\/regbu.com\/en\/#website","url":"https:\/\/regbu.com\/en\/","name":"REGBU.COM","description":"","potentialAction":[{"@type":"SearchAction","target":{"@type":"EntryPoint","urlTemplate":"https:\/\/regbu.com\/en\/?s={search_term_string}"},"query-input":{"@type":"PropertyValueSpecification","valueRequired":true,"valueName":"search_term_string"}}],"inLanguage":"hu"},{"@type":"Person","@id":"https:\/\/regbu.com\/en\/#\/schema\/person\/94ea9deda2629771b8a9ced002f6784e","name":"George Martin","url":"https:\/\/regbu.com\/hu\/author\/george-martin\/"},{"@type":"Question","@id":"https:\/\/regbu.com\/hu\/artificial-intelligence-is-the-music-of-the-future\/#faq-question-1689595000030","position":1,"url":"https:\/\/regbu.com\/hu\/artificial-intelligence-is-the-music-of-the-future\/#faq-question-1689595000030","name":"Hogyan haszn\u00e1ljuk a mesters\u00e9ges intelligenci\u00e1t a besz\u00e9d eset\u00e9ben?","answerCount":1,"acceptedAnswer":{"@type":"Answer","text":"Je to p\u0159edev\u0161\u00edm rozpozn\u00e1v\u00e1n\u00ed hlasu, generov\u00e1n\u00ed titulk\u016f, p\u0159eklady a vyhodnocov\u00e1n\u00ed hovor\u016f. Zakomponov\u00e1v\u00e1 se do slu\u017eeb typu Apple Siri a Google Assistant.","inLanguage":"hu"},"inLanguage":"hu"},{"@type":"Question","@id":"https:\/\/regbu.com\/hu\/artificial-intelligence-is-the-music-of-the-future\/#faq-question-1689595009409","position":2,"url":"https:\/\/regbu.com\/hu\/artificial-intelligence-is-the-music-of-the-future\/#faq-question-1689595009409","name":"Tud a mesters\u00e9ges intelligencia k\u00e9pekkel dolgozni?","answerCount":1,"acceptedAnswer":{"@type":"Answer","text":"Ano, dnes u\u017e je naprosto b\u011b\u017en\u00e9 generov\u00e1n\u00ed fotografi\u00ed, kter\u00e9 vypadaj\u00ed velice re\u00e1ln\u011b. A to i v\u010detn\u011b t\u011bch nejmen\u0161\u00edch detail\u016f.","inLanguage":"hu"},"inLanguage":"hu"},{"@type":"Question","@id":"https:\/\/regbu.com\/hu\/artificial-intelligence-is-the-music-of-the-future\/#faq-question-1689595017010","position":3,"url":"https:\/\/regbu.com\/hu\/artificial-intelligence-is-the-music-of-the-future\/#faq-question-1689595017010","name":"Lehets\u00e9ges besz\u00e9lni egy mesters\u00e9ges intelligenci\u00e1val?","answerCount":1,"acceptedAnswer":{"@type":"Answer","text":"V sou\u010dasnosti je to samoz\u0159ejmost\u00ed. Slou\u017e\u00ed k tomu speci\u00e1ln\u00ed jazykov\u00e9 modely. Ty V\u00e1m dok\u00e1\u017e\u00ed zodpov\u011bd\u011bt nejednu slo\u017eitou ot\u00e1zku.","inLanguage":"hu"},"inLanguage":"hu"},{"@type":"Question","@id":"https:\/\/regbu.com\/hu\/artificial-intelligence-is-the-music-of-the-future\/#faq-question-1689595025232","position":4,"url":"https:\/\/regbu.com\/hu\/artificial-intelligence-is-the-music-of-the-future\/#faq-question-1689595025232","name":"Milyen m\u00e1s szegmensekre van hat\u00e1ssal a mesters\u00e9ges intelligencia?","answerCount":1,"acceptedAnswer":{"@type":"Answer","text":"Celkem \u00fasp\u011b\u0161n\u011b je zakomponov\u00e1na do sv\u011bta automobil\u016f. Typick\u00fdm p\u0159\u00edkladem jsou samo\u0159\u00edd\u00edc\u00ed vozy a jejich neust\u00e1l\u00e9 vylep\u0161ov\u00e1n\u00ed.","inLanguage":"hu"},"inLanguage":"hu"},{"@type":"Question","@id":"https:\/\/regbu.com\/hu\/artificial-intelligence-is-the-music-of-the-future\/#faq-question-1689595037185","position":5,"url":"https:\/\/regbu.com\/hu\/artificial-intelligence-is-the-music-of-the-future\/#faq-question-1689595037185","name":"A mesters\u00e9ges intelligencia helyettes\u00edthet bizonyos emberi tev\u00e9kenys\u00e9geket?","answerCount":1,"acceptedAnswer":{"@type":"Answer","text":"Ano. Jedn\u00e1 se p\u0159edev\u0161\u00edm o vybran\u00e9 technick\u00e9 oblasti, autorsk\u00e1 d\u00edla a podobn\u011b.","inLanguage":"hu"},"inLanguage":"hu"}]}},"_links":{"self":[{"href":"https:\/\/regbu.com\/hu\/wp-json\/wp\/v2\/posts\/1094","targetHints":{"allow":["GET"]}}],"collection":[{"href":"https:\/\/regbu.com\/hu\/wp-json\/wp\/v2\/posts"}],"about":[{"href":"https:\/\/regbu.com\/hu\/wp-json\/wp\/v2\/types\/post"}],"author":[{"embeddable":true,"href":"https:\/\/regbu.com\/hu\/wp-json\/wp\/v2\/users\/2"}],"replies":[{"embeddable":true,"href":"https:\/\/regbu.com\/hu\/wp-json\/wp\/v2\/comments?post=1094"}],"version-history":[{"count":2,"href":"https:\/\/regbu.com\/hu\/wp-json\/wp\/v2\/posts\/1094\/revisions"}],"predecessor-version":[{"id":1107,"href":"https:\/\/regbu.com\/hu\/wp-json\/wp\/v2\/posts\/1094\/revisions\/1107"}],"wp:featuredmedia":[{"embeddable":true,"href":"https:\/\/regbu.com\/hu\/wp-json\/wp\/v2\/media\/1095"}],"wp:attachment":[{"href":"https:\/\/regbu.com\/hu\/wp-json\/wp\/v2\/media?parent=1094"}],"wp:term":[{"taxonomy":"category","embeddable":true,"href":"https:\/\/regbu.com\/hu\/wp-json\/wp\/v2\/categories?post=1094"},{"taxonomy":"post_tag","embeddable":true,"href":"https:\/\/regbu.com\/hu\/wp-json\/wp\/v2\/tags?post=1094"}],"curies":[{"name":"wp","href":"https:\/\/api.w.org\/{rel}","templated":true}]}}