{"id":993,"date":"2023-07-10T16:36:29","date_gmt":"2023-07-10T14:36:29","guid":{"rendered":"https:\/\/regbu.com\/?p=993"},"modified":"2025-09-05T07:41:25","modified_gmt":"2025-09-05T05:41:25","slug":"cepice-jako-skvely-modni-doplnek","status":"publish","type":"post","link":"https:\/\/regbu.com\/fr\/chapeaux-comme-des-coquillages-mode-accessoire\/","title":{"rendered":"La casquette comme accessoire de mode"},"content":{"rendered":"<p>La casquette fait partie int\u00e9grante de la tenue. Elle ne va certainement pas avec <strong><a href=\"https:\/\/regbu.com\/fr\/social-suit-select-now\/\">\u00e0 un costume formel<\/a><\/strong>Il peut \u00eatre utilis\u00e9 dans de nombreuses autres situations. Comme d'autres v\u00eatements, ce haut a plusieurs variantes. Nous allons vous pr\u00e9senter certaines d'entre elles plus en d\u00e9tail. Nous vous indiquerons \u00e9galement quelle casquette choisir en fonction de la forme de votre visage.<\/p>\n\n\n\n<ul class=\"wp-block-list\">\n<li>Baret<\/li>\n\n\n\n<li>Capuchon<\/li>\n\n\n\n<li>Kulich<\/li>\n<\/ul>\n\n\n\n<p>Outre ces types de casquettes de base, vous pouvez \u00e9galement rencontrer des casquettes atypiques. Il s'agit par exemple de <strong>chaka, solideo, biretta, papacha et night cap<\/strong>. Ce segment comprend \u00e9galement un bonnet de bain, mais vous ne le porterez pas en soci\u00e9t\u00e9.<\/p>\n\n\n\n<h2 class=\"wp-block-heading\">Conna\u00eetre les casquettes de A \u00e0 Z<\/h2>\n\n\n\n<p>Il n'y a certainement pas de limites en ce qui concerne la conception finale des bouchons. Leur conception vari\u00e9e contribue \u00e0 la division de base. Voici quelques exemples typiques <strong>casquettes tombantes<\/strong>qui ne sont pas aussi remont\u00e9s sur le canon et sont d\u00e9plac\u00e9s plus vers l'arri\u00e8re. Il y a aussi les bonnets avec l'incontournable pompon, mais aussi les bonnets bas. On trouve \u00e9galement des casquettes \u00e0 clapet, des b\u00e9rets ou des variantes hivernales avec visi\u00e8re. Les mod\u00e8les construits et press\u00e9s constituent un chapitre \u00e0 part enti\u00e8re.<\/p>\n\n\n\n<h3 class=\"wp-block-heading\">S\u00e9lection par forme de visage<\/h3>\n\n\n\n<p>Si vous voulez que votre nouveau mod\u00e8le de casquette vous corresponde le mieux possible, <em>choisissez en fonction de la forme de votre visage<\/em>. Chacune d'entre elles convient \u00e0 une version diff\u00e9rente de ce haut. Pour en savoir plus, consultez les questions et r\u00e9ponses ci-dessous.<\/p>\n\n\n\n<div class=\"schema-faq wp-block-yoast-faq-block\"><div class=\"schema-faq-section\" id=\"faq-question-1688999629972\"><strong class=\"schema-faq-question\">Quel chapeau choisir pour un visage ovale ?<\/strong> <p class=\"schema-faq-answer\">Ce type de visage peut \u00eatre qualifi\u00e9 d'universel et de meilleur. Vous pouvez utiliser n'importe quel bouchon sans aucune limite. En bref, tout ce que vous pr\u00e9f\u00e9rez.<\/p> <\/div> <div class=\"schema-faq-section\" id=\"faq-question-1688999638865\"><strong class=\"schema-faq-question\">Quelle est la coiffe id\u00e9ale pour un visage carr\u00e9 ?<\/strong> <p class=\"schema-faq-answer\">Dans ce cas, il convient de choisir des mod\u00e8les plut\u00f4t hauts. Vous pouvez compenser la hauteur par le pompon original.<\/p> <\/div> <div class=\"schema-faq-section\" id=\"faq-question-1688999645906\"><strong class=\"schema-faq-question\">Que mettre sur un visage rond ?<\/strong> <p class=\"schema-faq-answer\">Donnez \u00e0 un visage rond un style plus ample. Privil\u00e9giez les mod\u00e8les asym\u00e9triques qui vous mettront en valeur.<\/p> <\/div> <div class=\"schema-faq-section\" id=\"faq-question-1688999653863\"><strong class=\"schema-faq-question\">Que diriez-vous d'un visage triangulaire ?<\/strong> <p class=\"schema-faq-answer\">Avec ce visage, vous pouvez vous fier aux casquettes classiques ou choisir les casquettes tomb\u00e9es en d\u00e9su\u00e9tude.<\/p> <\/div> <div class=\"schema-faq-section\" id=\"faq-question-1688999663780\"><strong class=\"schema-faq-question\">Que porter avec un visage en forme de c\u0153ur ?<\/strong> <p class=\"schema-faq-answer\">Dans ce cas, il s'agit plus ou moins de la m\u00eame chose que pour le visage triangulaire. Il n'est m\u00eame pas n\u00e9cessaire d'\u00e9viter le proverbial cache-oreilles.<\/p> <\/div> <\/div>","protected":false},"excerpt":{"rendered":"<p>La casquette fait partie int\u00e9grante de la tenue. Elle ne va certainement pas avec un costume formel, mais vous pouvez l'utiliser dans de nombreuses autres situations. Comme d'autres v\u00eatements, ce haut a plusieurs variantes. Nous allons vous pr\u00e9senter certaines d'entre elles plus en d\u00e9tail. Nous vous indiquerons \u00e9galement quelle casquette choisir en fonction de la forme de votre visage. Outre ces types de casquettes de base, vous pouvez ... <\/p>","protected":false},"author":2,"featured_media":994,"comment_status":"closed","ping_status":"closed","sticky":false,"template":"","format":"standard","meta":{"footnotes":""},"categories":[671],"tags":[988,992,994,987,989,991,979,990,993,980],"class_list":["post-993","post","type-post","status-publish","format-standard","has-post-thumbnail","hentry","category-moda","tag-baret","tag-bekovka","tag-biret","tag-cepice","tag-ksiltovka","tag-kulich","tag-oblicej","tag-spadle-cepice","tag-tvar-obliceje","tag-typ-obliceje"],"yoast_head":"<!-- This site is optimized with the Yoast SEO plugin v27.4 - https:\/\/yoast.com\/product\/yoast-seo-wordpress\/ -->\n<title>\u010cepice jako skv\u011bl\u00fd m\u00f3dn\u00ed dopln\u011bk - REGBU.COM<\/title>\n<meta name=\"description\" content=\"Nev\u00edte, jak\u00e9 zvolit \u010depice na hlavu? Pak vych\u00e1zejte z tvaru sv\u00e9ho obli\u010deje. Ten V\u00e1m v tomto sm\u011bru hodn\u011b napov\u00ed.\" \/>\n<meta name=\"robots\" content=\"index, follow, max-snippet:-1, max-image-preview:large, max-video-preview:-1\" \/>\n<link rel=\"canonical\" href=\"https:\/\/regbu.com\/fr\/chapeaux-comme-des-coquillages-mode-accessoire\/\" \/>\n<meta property=\"og:locale\" content=\"fr_FR\" \/>\n<meta property=\"og:type\" content=\"article\" \/>\n<meta property=\"og:title\" content=\"\u010cepice jako skv\u011bl\u00fd m\u00f3dn\u00ed dopln\u011bk - REGBU.COM\" \/>\n<meta property=\"og:description\" content=\"Nev\u00edte, jak\u00e9 zvolit \u010depice na hlavu? Pak vych\u00e1zejte z tvaru sv\u00e9ho obli\u010deje. Ten V\u00e1m v tomto sm\u011bru hodn\u011b napov\u00ed.\" \/>\n<meta property=\"og:url\" content=\"https:\/\/regbu.com\/fr\/chapeaux-comme-des-coquillages-mode-accessoire\/\" \/>\n<meta property=\"og:site_name\" content=\"REGBU.COM\" \/>\n<meta property=\"article:published_time\" content=\"2023-07-10T14:36:29+00:00\" \/>\n<meta property=\"article:modified_time\" content=\"2025-09-05T05:41:25+00:00\" \/>\n<meta property=\"og:image\" content=\"https:\/\/regbu.com\/wp-content\/uploads\/2023\/07\/cepice-jako-skvely-modni-doplnek.jpg\" \/>\n\t<meta property=\"og:image:width\" content=\"1200\" \/>\n\t<meta property=\"og:image:height\" content=\"678\" \/>\n\t<meta property=\"og:image:type\" content=\"image\/jpeg\" \/>\n<meta name=\"author\" content=\"George Martin\" \/>\n<meta name=\"twitter:card\" content=\"summary_large_image\" \/>\n<meta name=\"twitter:label1\" content=\"\u00c9crit par\" \/>\n\t<meta name=\"twitter:data1\" content=\"George Martin\" \/>\n\t<meta name=\"twitter:label2\" content=\"Dur\u00e9e de lecture estim\u00e9e\" \/>\n\t<meta name=\"twitter:data2\" content=\"2 minutes\" \/>\n<script type=\"application\/ld+json\" class=\"yoast-schema-graph\">{\"@context\":\"https:\\\/\\\/schema.org\",\"@graph\":[{\"@type\":\"Article\",\"@id\":\"https:\\\/\\\/regbu.com\\\/fr\\\/chapeaux-comme-des-coquillages-mode-accessoire\\\/#article\",\"isPartOf\":{\"@id\":\"https:\\\/\\\/regbu.com\\\/fr\\\/chapeaux-comme-des-coquillages-mode-accessoire\\\/\"},\"author\":{\"name\":\"George Martin\",\"@id\":\"https:\\\/\\\/regbu.com\\\/en\\\/#\\\/schema\\\/person\\\/94ea9deda2629771b8a9ced002f6784e\"},\"headline\":\"\u010cepice jako skv\u011bl\u00fd m\u00f3dn\u00ed dopln\u011bk\",\"datePublished\":\"2023-07-10T14:36:29+00:00\",\"dateModified\":\"2025-09-05T05:41:25+00:00\",\"mainEntityOfPage\":{\"@id\":\"https:\\\/\\\/regbu.com\\\/fr\\\/chapeaux-comme-des-coquillages-mode-accessoire\\\/\"},\"wordCount\":451,\"image\":{\"@id\":\"https:\\\/\\\/regbu.com\\\/fr\\\/chapeaux-comme-des-coquillages-mode-accessoire\\\/#primaryimage\"},\"thumbnailUrl\":\"https:\\\/\\\/regbu.com\\\/wp-content\\\/uploads\\\/2023\\\/07\\\/cepice-jako-skvely-modni-doplnek.jpg\",\"keywords\":[\"baret\",\"bekovka\",\"biret\",\"\u010depice\",\"k\u0161iltovka\",\"kulich\",\"obli\u010dej\",\"spadl\u00e9 \u010depice\",\"tvar obli\u010deje\",\"typ obli\u010deje\"],\"articleSection\":[\"M\u00f3da\"],\"inLanguage\":\"fr-FR\"},{\"@type\":[\"WebPage\",\"FAQPage\"],\"@id\":\"https:\\\/\\\/regbu.com\\\/fr\\\/chapeaux-comme-des-coquillages-mode-accessoire\\\/\",\"url\":\"https:\\\/\\\/regbu.com\\\/fr\\\/chapeaux-comme-des-coquillages-mode-accessoire\\\/\",\"name\":\"\u010cepice jako skv\u011bl\u00fd m\u00f3dn\u00ed dopln\u011bk - REGBU.COM\",\"isPartOf\":{\"@id\":\"https:\\\/\\\/regbu.com\\\/en\\\/#website\"},\"primaryImageOfPage\":{\"@id\":\"https:\\\/\\\/regbu.com\\\/fr\\\/chapeaux-comme-des-coquillages-mode-accessoire\\\/#primaryimage\"},\"image\":{\"@id\":\"https:\\\/\\\/regbu.com\\\/fr\\\/chapeaux-comme-des-coquillages-mode-accessoire\\\/#primaryimage\"},\"thumbnailUrl\":\"https:\\\/\\\/regbu.com\\\/wp-content\\\/uploads\\\/2023\\\/07\\\/cepice-jako-skvely-modni-doplnek.jpg\",\"datePublished\":\"2023-07-10T14:36:29+00:00\",\"dateModified\":\"2025-09-05T05:41:25+00:00\",\"author\":{\"@id\":\"https:\\\/\\\/regbu.com\\\/en\\\/#\\\/schema\\\/person\\\/94ea9deda2629771b8a9ced002f6784e\"},\"description\":\"Nev\u00edte, jak\u00e9 zvolit \u010depice na hlavu? Pak vych\u00e1zejte z tvaru sv\u00e9ho obli\u010deje. Ten V\u00e1m v tomto sm\u011bru hodn\u011b napov\u00ed.\",\"breadcrumb\":{\"@id\":\"https:\\\/\\\/regbu.com\\\/fr\\\/chapeaux-comme-des-coquillages-mode-accessoire\\\/#breadcrumb\"},\"mainEntity\":[{\"@id\":\"https:\\\/\\\/regbu.com\\\/fr\\\/chapeaux-comme-des-coquillages-mode-accessoire\\\/#faq-question-1688999629972\"},{\"@id\":\"https:\\\/\\\/regbu.com\\\/fr\\\/chapeaux-comme-des-coquillages-mode-accessoire\\\/#faq-question-1688999638865\"},{\"@id\":\"https:\\\/\\\/regbu.com\\\/fr\\\/chapeaux-comme-des-coquillages-mode-accessoire\\\/#faq-question-1688999645906\"},{\"@id\":\"https:\\\/\\\/regbu.com\\\/fr\\\/chapeaux-comme-des-coquillages-mode-accessoire\\\/#faq-question-1688999653863\"},{\"@id\":\"https:\\\/\\\/regbu.com\\\/fr\\\/chapeaux-comme-des-coquillages-mode-accessoire\\\/#faq-question-1688999663780\"}],\"inLanguage\":\"fr-FR\",\"potentialAction\":[{\"@type\":\"ReadAction\",\"target\":[\"https:\\\/\\\/regbu.com\\\/fr\\\/chapeaux-comme-des-coquillages-mode-accessoire\\\/\"]}]},{\"@type\":\"ImageObject\",\"inLanguage\":\"fr-FR\",\"@id\":\"https:\\\/\\\/regbu.com\\\/fr\\\/chapeaux-comme-des-coquillages-mode-accessoire\\\/#primaryimage\",\"url\":\"https:\\\/\\\/regbu.com\\\/wp-content\\\/uploads\\\/2023\\\/07\\\/cepice-jako-skvely-modni-doplnek.jpg\",\"contentUrl\":\"https:\\\/\\\/regbu.com\\\/wp-content\\\/uploads\\\/2023\\\/07\\\/cepice-jako-skvely-modni-doplnek.jpg\",\"width\":1200,\"height\":678,\"caption\":\"\u010cepice jako skv\u011bl\u00fd m\u00f3dn\u00ed dopln\u011bk\"},{\"@type\":\"BreadcrumbList\",\"@id\":\"https:\\\/\\\/regbu.com\\\/fr\\\/chapeaux-comme-des-coquillages-mode-accessoire\\\/#breadcrumb\",\"itemListElement\":[{\"@type\":\"ListItem\",\"position\":1,\"name\":\"Home\",\"item\":\"https:\\\/\\\/regbu.com\\\/en\\\/\"},{\"@type\":\"ListItem\",\"position\":2,\"name\":\"\u010cepice jako skv\u011bl\u00fd m\u00f3dn\u00ed dopln\u011bk\"}]},{\"@type\":\"WebSite\",\"@id\":\"https:\\\/\\\/regbu.com\\\/en\\\/#website\",\"url\":\"https:\\\/\\\/regbu.com\\\/en\\\/\",\"name\":\"REGBU.COM\",\"description\":\"\",\"potentialAction\":[{\"@type\":\"SearchAction\",\"target\":{\"@type\":\"EntryPoint\",\"urlTemplate\":\"https:\\\/\\\/regbu.com\\\/en\\\/?s={search_term_string}\"},\"query-input\":{\"@type\":\"PropertyValueSpecification\",\"valueRequired\":true,\"valueName\":\"search_term_string\"}}],\"inLanguage\":\"fr-FR\"},{\"@type\":\"Person\",\"@id\":\"https:\\\/\\\/regbu.com\\\/en\\\/#\\\/schema\\\/person\\\/94ea9deda2629771b8a9ced002f6784e\",\"name\":\"George Martin\",\"url\":\"https:\\\/\\\/regbu.com\\\/fr\\\/author\\\/george-martin\\\/\"},{\"@type\":\"Question\",\"@id\":\"https:\\\/\\\/regbu.com\\\/fr\\\/chapeaux-comme-des-coquillages-mode-accessoire\\\/#faq-question-1688999629972\",\"position\":1,\"url\":\"https:\\\/\\\/regbu.com\\\/fr\\\/chapeaux-comme-des-coquillages-mode-accessoire\\\/#faq-question-1688999629972\",\"name\":\"Jakou zvolit \u010depici pro ov\u00e1ln\u00fd obli\u010dej?\",\"answerCount\":1,\"acceptedAnswer\":{\"@type\":\"Answer\",\"text\":\"Tento typ obli\u010deje lze ozna\u010dit za univerz\u00e1ln\u00ed a v podstat\u011b nejlep\u0161\u00ed. Pou\u017e\u00edt m\u016f\u017eete libovolnou \u010depku bez jak\u00e9hokoliv omezov\u00e1n\u00ed. Zkr\u00e1tka, co se V\u00e1m l\u00edb\u00ed nejv\u00edce.\",\"inLanguage\":\"fr-FR\"},\"inLanguage\":\"fr-FR\"},{\"@type\":\"Question\",\"@id\":\"https:\\\/\\\/regbu.com\\\/fr\\\/chapeaux-comme-des-coquillages-mode-accessoire\\\/#faq-question-1688999638865\",\"position\":2,\"url\":\"https:\\\/\\\/regbu.com\\\/fr\\\/chapeaux-comme-des-coquillages-mode-accessoire\\\/#faq-question-1688999638865\",\"name\":\"Jak\u00e1 je ide\u00e1ln\u00ed \u010depka pro hranat\u00fd obli\u010dej?\",\"answerCount\":1,\"acceptedAnswer\":{\"@type\":\"Answer\",\"text\":\"V tomto p\u0159\u00edpad\u011b byste m\u011bli zvolit sp\u00ed\u0161e vysok\u00e9 modely. V\u00fd\u0161ku m\u016f\u017eete dohnat origin\u00e1ln\u00ed bambul\u00ed.\",\"inLanguage\":\"fr-FR\"},\"inLanguage\":\"fr-FR\"},{\"@type\":\"Question\",\"@id\":\"https:\\\/\\\/regbu.com\\\/fr\\\/chapeaux-comme-des-coquillages-mode-accessoire\\\/#faq-question-1688999645906\",\"position\":3,\"url\":\"https:\\\/\\\/regbu.com\\\/fr\\\/chapeaux-comme-des-coquillages-mode-accessoire\\\/#faq-question-1688999645906\",\"name\":\"Co si nasadit na kulat\u00fd obli\u010dej?\",\"answerCount\":1,\"acceptedAnswer\":{\"@type\":\"Answer\",\"text\":\"Kulat\u00e9mu obli\u010deji dop\u0159ejte voln\u011bj\u0161\u00ed styl. Zam\u011b\u0159te se na asymetrick\u00e9 modely, kter\u00e9 V\u00e1m dodaj\u00ed na kr\u00e1se.\",\"inLanguage\":\"fr-FR\"},\"inLanguage\":\"fr-FR\"},{\"@type\":\"Question\",\"@id\":\"https:\\\/\\\/regbu.com\\\/fr\\\/chapeaux-comme-des-coquillages-mode-accessoire\\\/#faq-question-1688999653863\",\"position\":4,\"url\":\"https:\\\/\\\/regbu.com\\\/fr\\\/chapeaux-comme-des-coquillages-mode-accessoire\\\/#faq-question-1688999653863\",\"name\":\"Jak je to u troj\u00faheln\u00edkov\u00e9ho obli\u010deje?\",\"answerCount\":1,\"acceptedAnswer\":{\"@type\":\"Answer\",\"text\":\"S t\u00edmto obli\u010dejem se m\u016f\u017eete spolehnout na klasick\u00e9 \u010depice, pop\u0159\u00edpad\u011b zvol\u00edte ty spadl\u00e9.\",\"inLanguage\":\"fr-FR\"},\"inLanguage\":\"fr-FR\"},{\"@type\":\"Question\",\"@id\":\"https:\\\/\\\/regbu.com\\\/fr\\\/chapeaux-comme-des-coquillages-mode-accessoire\\\/#faq-question-1688999663780\",\"position\":5,\"url\":\"https:\\\/\\\/regbu.com\\\/fr\\\/chapeaux-comme-des-coquillages-mode-accessoire\\\/#faq-question-1688999663780\",\"name\":\"Co nosit s obli\u010dejem ve tvaru srdce?\",\"answerCount\":1,\"acceptedAnswer\":{\"@type\":\"Answer\",\"text\":\"Zde plat\u00ed v\u00edcem\u00e9n\u011b to sam\u00e9, jako u troj\u00faheln\u00edkov\u00e9ho obli\u010deje. Vyh\u00fdbat se nemus\u00edte ani pov\u011bstn\u00fdm klapk\u00e1m na u\u0161i.\",\"inLanguage\":\"fr-FR\"},\"inLanguage\":\"fr-FR\"}]}<\/script>\n<!-- \/ Yoast SEO plugin. -->","yoast_head_json":{"title":"Les casquettes, un accessoire de mode - REGBU.COM","description":"Vous ne savez pas comment choisir un bonnet pour la t\u00eate ? Alors basez-vous sur la forme de votre visage. Elle vous en dira long \u00e0 ce sujet.","robots":{"index":"index","follow":"follow","max-snippet":"max-snippet:-1","max-image-preview":"max-image-preview:large","max-video-preview":"max-video-preview:-1"},"canonical":"https:\/\/regbu.com\/fr\/chapeaux-comme-des-coquillages-mode-accessoire\/","og_locale":"fr_FR","og_type":"article","og_title":"\u010cepice jako skv\u011bl\u00fd m\u00f3dn\u00ed dopln\u011bk - REGBU.COM","og_description":"Nev\u00edte, jak\u00e9 zvolit \u010depice na hlavu? Pak vych\u00e1zejte z tvaru sv\u00e9ho obli\u010deje. Ten V\u00e1m v tomto sm\u011bru hodn\u011b napov\u00ed.","og_url":"https:\/\/regbu.com\/fr\/chapeaux-comme-des-coquillages-mode-accessoire\/","og_site_name":"REGBU.COM","article_published_time":"2023-07-10T14:36:29+00:00","article_modified_time":"2025-09-05T05:41:25+00:00","og_image":[{"width":1200,"height":678,"url":"https:\/\/regbu.com\/wp-content\/uploads\/2023\/07\/cepice-jako-skvely-modni-doplnek.jpg","type":"image\/jpeg"}],"author":"George Martin","twitter_card":"summary_large_image","twitter_misc":{"\u00c9crit par":"George Martin","Dur\u00e9e de lecture estim\u00e9e":"2 minutes"},"schema":{"@context":"https:\/\/schema.org","@graph":[{"@type":"Article","@id":"https:\/\/regbu.com\/fr\/chapeaux-comme-des-coquillages-mode-accessoire\/#article","isPartOf":{"@id":"https:\/\/regbu.com\/fr\/chapeaux-comme-des-coquillages-mode-accessoire\/"},"author":{"name":"George Martin","@id":"https:\/\/regbu.com\/en\/#\/schema\/person\/94ea9deda2629771b8a9ced002f6784e"},"headline":"\u010cepice jako skv\u011bl\u00fd m\u00f3dn\u00ed dopln\u011bk","datePublished":"2023-07-10T14:36:29+00:00","dateModified":"2025-09-05T05:41:25+00:00","mainEntityOfPage":{"@id":"https:\/\/regbu.com\/fr\/chapeaux-comme-des-coquillages-mode-accessoire\/"},"wordCount":451,"image":{"@id":"https:\/\/regbu.com\/fr\/chapeaux-comme-des-coquillages-mode-accessoire\/#primaryimage"},"thumbnailUrl":"https:\/\/regbu.com\/wp-content\/uploads\/2023\/07\/cepice-jako-skvely-modni-doplnek.jpg","keywords":["baret","bekovka","biret","\u010depice","k\u0161iltovka","kulich","obli\u010dej","spadl\u00e9 \u010depice","tvar obli\u010deje","typ obli\u010deje"],"articleSection":["M\u00f3da"],"inLanguage":"fr-FR"},{"@type":["WebPage","FAQPage"],"@id":"https:\/\/regbu.com\/fr\/chapeaux-comme-des-coquillages-mode-accessoire\/","url":"https:\/\/regbu.com\/fr\/chapeaux-comme-des-coquillages-mode-accessoire\/","name":"Les casquettes, un accessoire de mode - REGBU.COM","isPartOf":{"@id":"https:\/\/regbu.com\/en\/#website"},"primaryImageOfPage":{"@id":"https:\/\/regbu.com\/fr\/chapeaux-comme-des-coquillages-mode-accessoire\/#primaryimage"},"image":{"@id":"https:\/\/regbu.com\/fr\/chapeaux-comme-des-coquillages-mode-accessoire\/#primaryimage"},"thumbnailUrl":"https:\/\/regbu.com\/wp-content\/uploads\/2023\/07\/cepice-jako-skvely-modni-doplnek.jpg","datePublished":"2023-07-10T14:36:29+00:00","dateModified":"2025-09-05T05:41:25+00:00","author":{"@id":"https:\/\/regbu.com\/en\/#\/schema\/person\/94ea9deda2629771b8a9ced002f6784e"},"description":"Vous ne savez pas comment choisir un bonnet pour la t\u00eate ? Alors basez-vous sur la forme de votre visage. Elle vous en dira long \u00e0 ce sujet.","breadcrumb":{"@id":"https:\/\/regbu.com\/fr\/chapeaux-comme-des-coquillages-mode-accessoire\/#breadcrumb"},"mainEntity":[{"@id":"https:\/\/regbu.com\/fr\/chapeaux-comme-des-coquillages-mode-accessoire\/#faq-question-1688999629972"},{"@id":"https:\/\/regbu.com\/fr\/chapeaux-comme-des-coquillages-mode-accessoire\/#faq-question-1688999638865"},{"@id":"https:\/\/regbu.com\/fr\/chapeaux-comme-des-coquillages-mode-accessoire\/#faq-question-1688999645906"},{"@id":"https:\/\/regbu.com\/fr\/chapeaux-comme-des-coquillages-mode-accessoire\/#faq-question-1688999653863"},{"@id":"https:\/\/regbu.com\/fr\/chapeaux-comme-des-coquillages-mode-accessoire\/#faq-question-1688999663780"}],"inLanguage":"fr-FR","potentialAction":[{"@type":"ReadAction","target":["https:\/\/regbu.com\/fr\/chapeaux-comme-des-coquillages-mode-accessoire\/"]}]},{"@type":"ImageObject","inLanguage":"fr-FR","@id":"https:\/\/regbu.com\/fr\/chapeaux-comme-des-coquillages-mode-accessoire\/#primaryimage","url":"https:\/\/regbu.com\/wp-content\/uploads\/2023\/07\/cepice-jako-skvely-modni-doplnek.jpg","contentUrl":"https:\/\/regbu.com\/wp-content\/uploads\/2023\/07\/cepice-jako-skvely-modni-doplnek.jpg","width":1200,"height":678,"caption":"\u010cepice jako skv\u011bl\u00fd m\u00f3dn\u00ed dopln\u011bk"},{"@type":"BreadcrumbList","@id":"https:\/\/regbu.com\/fr\/chapeaux-comme-des-coquillages-mode-accessoire\/#breadcrumb","itemListElement":[{"@type":"ListItem","position":1,"name":"Home","item":"https:\/\/regbu.com\/en\/"},{"@type":"ListItem","position":2,"name":"\u010cepice jako skv\u011bl\u00fd m\u00f3dn\u00ed dopln\u011bk"}]},{"@type":"WebSite","@id":"https:\/\/regbu.com\/en\/#website","url":"https:\/\/regbu.com\/en\/","name":"REGBU.COM","description":"","potentialAction":[{"@type":"SearchAction","target":{"@type":"EntryPoint","urlTemplate":"https:\/\/regbu.com\/en\/?s={search_term_string}"},"query-input":{"@type":"PropertyValueSpecification","valueRequired":true,"valueName":"search_term_string"}}],"inLanguage":"fr-FR"},{"@type":"Person","@id":"https:\/\/regbu.com\/en\/#\/schema\/person\/94ea9deda2629771b8a9ced002f6784e","name":"George Martin","url":"https:\/\/regbu.com\/fr\/author\/george-martin\/"},{"@type":"Question","@id":"https:\/\/regbu.com\/fr\/chapeaux-comme-des-coquillages-mode-accessoire\/#faq-question-1688999629972","position":1,"url":"https:\/\/regbu.com\/fr\/chapeaux-comme-des-coquillages-mode-accessoire\/#faq-question-1688999629972","name":"Quel chapeau choisir pour un visage ovale ?","answerCount":1,"acceptedAnswer":{"@type":"Answer","text":"Tento typ obli\u010deje lze ozna\u010dit za univerz\u00e1ln\u00ed a v podstat\u011b nejlep\u0161\u00ed. Pou\u017e\u00edt m\u016f\u017eete libovolnou \u010depku bez jak\u00e9hokoliv omezov\u00e1n\u00ed. Zkr\u00e1tka, co se V\u00e1m l\u00edb\u00ed nejv\u00edce.","inLanguage":"fr-FR"},"inLanguage":"fr-FR"},{"@type":"Question","@id":"https:\/\/regbu.com\/fr\/chapeaux-comme-des-coquillages-mode-accessoire\/#faq-question-1688999638865","position":2,"url":"https:\/\/regbu.com\/fr\/chapeaux-comme-des-coquillages-mode-accessoire\/#faq-question-1688999638865","name":"Quelle est la coiffe id\u00e9ale pour un visage carr\u00e9 ?","answerCount":1,"acceptedAnswer":{"@type":"Answer","text":"V tomto p\u0159\u00edpad\u011b byste m\u011bli zvolit sp\u00ed\u0161e vysok\u00e9 modely. V\u00fd\u0161ku m\u016f\u017eete dohnat origin\u00e1ln\u00ed bambul\u00ed.","inLanguage":"fr-FR"},"inLanguage":"fr-FR"},{"@type":"Question","@id":"https:\/\/regbu.com\/fr\/chapeaux-comme-des-coquillages-mode-accessoire\/#faq-question-1688999645906","position":3,"url":"https:\/\/regbu.com\/fr\/chapeaux-comme-des-coquillages-mode-accessoire\/#faq-question-1688999645906","name":"Que mettre sur un visage rond ?","answerCount":1,"acceptedAnswer":{"@type":"Answer","text":"Kulat\u00e9mu obli\u010deji dop\u0159ejte voln\u011bj\u0161\u00ed styl. Zam\u011b\u0159te se na asymetrick\u00e9 modely, kter\u00e9 V\u00e1m dodaj\u00ed na kr\u00e1se.","inLanguage":"fr-FR"},"inLanguage":"fr-FR"},{"@type":"Question","@id":"https:\/\/regbu.com\/fr\/chapeaux-comme-des-coquillages-mode-accessoire\/#faq-question-1688999653863","position":4,"url":"https:\/\/regbu.com\/fr\/chapeaux-comme-des-coquillages-mode-accessoire\/#faq-question-1688999653863","name":"Que diriez-vous d'un visage triangulaire ?","answerCount":1,"acceptedAnswer":{"@type":"Answer","text":"S t\u00edmto obli\u010dejem se m\u016f\u017eete spolehnout na klasick\u00e9 \u010depice, pop\u0159\u00edpad\u011b zvol\u00edte ty spadl\u00e9.","inLanguage":"fr-FR"},"inLanguage":"fr-FR"},{"@type":"Question","@id":"https:\/\/regbu.com\/fr\/chapeaux-comme-des-coquillages-mode-accessoire\/#faq-question-1688999663780","position":5,"url":"https:\/\/regbu.com\/fr\/chapeaux-comme-des-coquillages-mode-accessoire\/#faq-question-1688999663780","name":"Que porter avec un visage en forme de c\u0153ur ?","answerCount":1,"acceptedAnswer":{"@type":"Answer","text":"Zde plat\u00ed v\u00edcem\u00e9n\u011b to sam\u00e9, jako u troj\u00faheln\u00edkov\u00e9ho obli\u010deje. Vyh\u00fdbat se nemus\u00edte ani pov\u011bstn\u00fdm klapk\u00e1m na u\u0161i.","inLanguage":"fr-FR"},"inLanguage":"fr-FR"}]}},"_links":{"self":[{"href":"https:\/\/regbu.com\/fr\/wp-json\/wp\/v2\/posts\/993","targetHints":{"allow":["GET"]}}],"collection":[{"href":"https:\/\/regbu.com\/fr\/wp-json\/wp\/v2\/posts"}],"about":[{"href":"https:\/\/regbu.com\/fr\/wp-json\/wp\/v2\/types\/post"}],"author":[{"embeddable":true,"href":"https:\/\/regbu.com\/fr\/wp-json\/wp\/v2\/users\/2"}],"replies":[{"embeddable":true,"href":"https:\/\/regbu.com\/fr\/wp-json\/wp\/v2\/comments?post=993"}],"version-history":[{"count":2,"href":"https:\/\/regbu.com\/fr\/wp-json\/wp\/v2\/posts\/993\/revisions"}],"predecessor-version":[{"id":1006,"href":"https:\/\/regbu.com\/fr\/wp-json\/wp\/v2\/posts\/993\/revisions\/1006"}],"wp:featuredmedia":[{"embeddable":true,"href":"https:\/\/regbu.com\/fr\/wp-json\/wp\/v2\/media\/994"}],"wp:attachment":[{"href":"https:\/\/regbu.com\/fr\/wp-json\/wp\/v2\/media?parent=993"}],"wp:term":[{"taxonomy":"category","embeddable":true,"href":"https:\/\/regbu.com\/fr\/wp-json\/wp\/v2\/categories?post=993"},{"taxonomy":"post_tag","embeddable":true,"href":"https:\/\/regbu.com\/fr\/wp-json\/wp\/v2\/tags?post=993"}],"curies":[{"name":"wp","href":"https:\/\/api.w.org\/{rel}","templated":true}]}}