{"id":990,"date":"2023-07-10T16:33:12","date_gmt":"2023-07-10T14:33:12","guid":{"rendered":"https:\/\/regbu.com\/?p=990"},"modified":"2025-09-05T07:41:26","modified_gmt":"2025-09-05T05:41:26","slug":"nausnice-volte-podle-tvaru-sveho-obliceje","status":"publish","type":"post","link":"https:\/\/regbu.com\/fr\/boucles-doreilles-choisir-en-fonction-de-la-forme-de-la-robe\/","title":{"rendered":"Choisissez des boucles d'oreilles en fonction de la forme de votre visage"},"content":{"rendered":"<p>Les boucles d'oreilles sont un accessoire esth\u00e9tique tr\u00e8s appr\u00e9ci\u00e9 des femmes. M\u00eame si elles aiment les <strong><a href=\"https:\/\/regbu.com\/fr\/les-types-de-femmes-bots-qui-vous-jetteront-a-la-figure\/\">types de chaussures pour femmes<\/a><\/strong>...s'adonnent avec enthousiasme \u00e0 la d\u00e9coration de leurs oreilles. Rien d'\u00e9tonnant \u00e0 cela. Ces \u00e9l\u00e9ments illuminent l'ensemble du visage et donnent une impression d'\u00e9l\u00e9gance. Bien entendu, tout d\u00e9pend de l'endroit o\u00f9 l'on se rend.<\/p>\n\n\n\n<ul class=\"wp-block-list\">\n<li>L'accessoire le plus important du visage f\u00e9minin<\/li>\n\n\n\n<li>Modifie optiquement l'apparence du visage<\/li>\n\n\n\n<li>Il peut repr\u00e9senter un investissement int\u00e9ressant<\/li>\n<\/ul>\n\n\n\n<p>Il suffit de s\u00e9lectionner <em>le bon maquillage, la bonne coiffure et enfin ce bijou<\/em>. Tous ces \u00e9l\u00e9ments r\u00e9unis feront de vous une femme avec un grand D. Si vous ne savez pas dans quelles boucles d'oreilles investir, nous vous proposons un outil pratique.<\/p>\n\n\n\n<h2 class=\"wp-block-heading\">En fonction de la forme de votre visage<\/h2>\n\n\n\n<p>Tout comme lorsque vous choisissez un chapeau pour votre t\u00eate, la forme de votre visage joue un r\u00f4le important pour les boucles d'oreilles. Par exemple, si vous avez un visage rond, optez pour les mod\u00e8les de boucles d'oreilles en forme de balancier. Il n'y a pas d'exception <strong>pierres d\u00e9coratives<\/strong> dans les oreilles ou des formes particuli\u00e8res. Et qu'en est-il des autres types de visages ?<\/p>\n\n\n\n<figure class=\"wp-block-table\"><table><tbody><tr><td><strong>Type de visage<\/strong><\/td><td><strong>Design des boucles d'oreilles<\/strong><\/td><\/tr><tr><td>L'ovale<\/td><td>Tous types et styles<\/td><\/tr><tr><td>Le c\u0153ur<\/td><td>Pendaison et larmes<\/td><\/tr><tr><td>Triangle<\/td><td>Plus grand et plus dominant<\/td><\/tr><tr><td>Allong\u00e9<\/td><td>Raffinage<\/td><\/tr><\/tbody><\/table><figcaption class=\"wp-element-caption\">Types de visage de base et types de boucles d'oreilles appropri\u00e9s.<\/figcaption><\/figure>\n\n\n\n<p>Un certain nombre de facteurs importants jouent un r\u00f4le dans les boucles d'oreilles. La taille, la suspension, la couleur, l'utilisation de la pierre et l'ex\u00e9cution g\u00e9n\u00e9rale. Parfois, les boucles d'oreilles doivent accentuer les proportions de votre visage, tandis que d'autres fois, votre objectif sera le raffinement g\u00e9n\u00e9ral.<\/p>\n\n\n\n<h3 class=\"wp-block-heading\">Boucles d'oreilles multiformes<\/h3>\n\n\n\n<p>Le march\u00e9 des boucles d'oreilles est vraiment riche et ne conna\u00eet pas de limites. Vous pouvez donc choisir parmi une pl\u00e9thore de ces accessoires. Des lignes qui pr\u00e9c\u00e8dent, ne retenez qu'une chose. Si vous avez un visage plus court, optez pour des mod\u00e8les de boucles d'oreilles plus longues et pour un visage plus long, faites l'inverse. Si votre <strong>la face est marqu\u00e9e diamant<\/strong>Cela ne signifie pas que les petites boucles d'oreilles en diamant vous conviennent. Avec cette forme de visage, recherchez des mod\u00e8les plus longs.<\/p>\n\n\n\n<p>En m\u00eame temps, n'oubliez pas que la forme du visage associ\u00e9e aux boucles d'oreilles est un tremplin imaginaire. Beaucoup de choses d\u00e9pendent \u00e9galement de vos go\u00fbts personnels et des autres v\u00eatements que vous portez. Si vous ne savez pas vous y prendre, tout cela vous servira de guide.<\/p>","protected":false},"excerpt":{"rendered":"<p>Les boucles d'oreilles sont un accessoire esth\u00e9tique tr\u00e8s appr\u00e9ci\u00e9 des femmes. Tout comme elles aiment les diff\u00e9rents types de chaussures pour femmes, elles se plaisent \u00e0 orner leurs oreilles avec enthousiasme. Ce n'est pas \u00e9tonnant. Ces \u00e9l\u00e9ments illuminent l'ensemble du visage et donnent une impression d'\u00e9l\u00e9gance. Bien s\u00fbr, tout d\u00e9pend de l'endroit o\u00f9 vous vous rendez. Il suffit de choisir la bonne ... <\/p>","protected":false},"author":2,"featured_media":991,"comment_status":"closed","ping_status":"closed","sticky":false,"template":"","format":"standard","meta":{"footnotes":""},"categories":[671],"tags":[978,976,979,981,984,986,982,983,980,985,977],"class_list":["post-990","post","type-post","status-publish","format-standard","has-post-thumbnail","hentry","category-moda","tag-damy","tag-nausnice","tag-oblicej","tag-ovalny","tag-protahly","tag-slzy","tag-srdcovy","tag-trojuhelnik","tag-typ-obliceje","tag-visaci","tag-zeny"],"yoast_head":"<!-- This site is optimized with the Yoast SEO plugin v27.4 - https:\/\/yoast.com\/product\/yoast-seo-wordpress\/ -->\n<title>N\u00e1u\u0161nice volte podle tvaru sv\u00e9ho obli\u010deje - REGBU.COM<\/title>\n<meta name=\"description\" content=\"Nev\u00edte, jak\u00e9 zvolit n\u00e1u\u0161nice pro konkr\u00e9tn\u00ed p\u0159\u00edle\u017eitost? Pak vych\u00e1zejte z tvaru sv\u00e9ho obli\u010deje. Ten se stane dobr\u00fdm vod\u00edtkem.\" \/>\n<meta name=\"robots\" content=\"index, follow, max-snippet:-1, max-image-preview:large, max-video-preview:-1\" \/>\n<link rel=\"canonical\" href=\"https:\/\/regbu.com\/fr\/boucles-doreilles-choisir-en-fonction-de-la-forme-de-la-robe\/\" \/>\n<meta property=\"og:locale\" content=\"fr_FR\" \/>\n<meta property=\"og:type\" content=\"article\" \/>\n<meta property=\"og:title\" content=\"N\u00e1u\u0161nice volte podle tvaru sv\u00e9ho obli\u010deje - REGBU.COM\" \/>\n<meta property=\"og:description\" content=\"Nev\u00edte, jak\u00e9 zvolit n\u00e1u\u0161nice pro konkr\u00e9tn\u00ed p\u0159\u00edle\u017eitost? Pak vych\u00e1zejte z tvaru sv\u00e9ho obli\u010deje. Ten se stane dobr\u00fdm vod\u00edtkem.\" \/>\n<meta property=\"og:url\" content=\"https:\/\/regbu.com\/fr\/boucles-doreilles-choisir-en-fonction-de-la-forme-de-la-robe\/\" \/>\n<meta property=\"og:site_name\" content=\"REGBU.COM\" \/>\n<meta property=\"article:published_time\" content=\"2023-07-10T14:33:12+00:00\" \/>\n<meta property=\"article:modified_time\" content=\"2025-09-05T05:41:26+00:00\" \/>\n<meta property=\"og:image\" content=\"https:\/\/regbu.com\/wp-content\/uploads\/2023\/07\/nausnice-volte-podle-tvaru-sveho-obliceje.jpg\" \/>\n\t<meta property=\"og:image:width\" content=\"1200\" \/>\n\t<meta property=\"og:image:height\" content=\"678\" \/>\n\t<meta property=\"og:image:type\" content=\"image\/jpeg\" \/>\n<meta name=\"author\" content=\"George Martin\" \/>\n<meta name=\"twitter:card\" content=\"summary_large_image\" \/>\n<meta name=\"twitter:label1\" content=\"\u00c9crit par\" \/>\n\t<meta name=\"twitter:data1\" content=\"George Martin\" \/>\n\t<meta name=\"twitter:label2\" content=\"Dur\u00e9e de lecture estim\u00e9e\" \/>\n\t<meta name=\"twitter:data2\" content=\"2 minutes\" \/>\n<script type=\"application\/ld+json\" class=\"yoast-schema-graph\">{\"@context\":\"https:\\\/\\\/schema.org\",\"@graph\":[{\"@type\":\"Article\",\"@id\":\"https:\\\/\\\/regbu.com\\\/fr\\\/boucles-doreilles-choisir-en-fonction-de-la-forme-de-la-robe\\\/#article\",\"isPartOf\":{\"@id\":\"https:\\\/\\\/regbu.com\\\/fr\\\/boucles-doreilles-choisir-en-fonction-de-la-forme-de-la-robe\\\/\"},\"author\":{\"name\":\"George Martin\",\"@id\":\"https:\\\/\\\/regbu.com\\\/en\\\/#\\\/schema\\\/person\\\/94ea9deda2629771b8a9ced002f6784e\"},\"headline\":\"N\u00e1u\u0161nice volte podle tvaru sv\u00e9ho obli\u010deje\",\"datePublished\":\"2023-07-10T14:33:12+00:00\",\"dateModified\":\"2025-09-05T05:41:26+00:00\",\"mainEntityOfPage\":{\"@id\":\"https:\\\/\\\/regbu.com\\\/fr\\\/boucles-doreilles-choisir-en-fonction-de-la-forme-de-la-robe\\\/\"},\"wordCount\":483,\"image\":{\"@id\":\"https:\\\/\\\/regbu.com\\\/fr\\\/boucles-doreilles-choisir-en-fonction-de-la-forme-de-la-robe\\\/#primaryimage\"},\"thumbnailUrl\":\"https:\\\/\\\/regbu.com\\\/wp-content\\\/uploads\\\/2023\\\/07\\\/nausnice-volte-podle-tvaru-sveho-obliceje.jpg\",\"keywords\":[\"d\u00e1my\",\"n\u00e1u\u0161nice\",\"obli\u010dej\",\"ov\u00e1ln\u00fd\",\"prot\u00e1hl\u00fd\",\"slzy\",\"srdcov\u00fd\",\"troj\u00faheln\u00edk\",\"typ obli\u010deje\",\"visac\u00ed\",\"\u017eeny\"],\"articleSection\":[\"M\u00f3da\"],\"inLanguage\":\"fr-FR\"},{\"@type\":\"WebPage\",\"@id\":\"https:\\\/\\\/regbu.com\\\/fr\\\/boucles-doreilles-choisir-en-fonction-de-la-forme-de-la-robe\\\/\",\"url\":\"https:\\\/\\\/regbu.com\\\/fr\\\/boucles-doreilles-choisir-en-fonction-de-la-forme-de-la-robe\\\/\",\"name\":\"N\u00e1u\u0161nice volte podle tvaru sv\u00e9ho obli\u010deje - REGBU.COM\",\"isPartOf\":{\"@id\":\"https:\\\/\\\/regbu.com\\\/en\\\/#website\"},\"primaryImageOfPage\":{\"@id\":\"https:\\\/\\\/regbu.com\\\/fr\\\/boucles-doreilles-choisir-en-fonction-de-la-forme-de-la-robe\\\/#primaryimage\"},\"image\":{\"@id\":\"https:\\\/\\\/regbu.com\\\/fr\\\/boucles-doreilles-choisir-en-fonction-de-la-forme-de-la-robe\\\/#primaryimage\"},\"thumbnailUrl\":\"https:\\\/\\\/regbu.com\\\/wp-content\\\/uploads\\\/2023\\\/07\\\/nausnice-volte-podle-tvaru-sveho-obliceje.jpg\",\"datePublished\":\"2023-07-10T14:33:12+00:00\",\"dateModified\":\"2025-09-05T05:41:26+00:00\",\"author\":{\"@id\":\"https:\\\/\\\/regbu.com\\\/en\\\/#\\\/schema\\\/person\\\/94ea9deda2629771b8a9ced002f6784e\"},\"description\":\"Nev\u00edte, jak\u00e9 zvolit n\u00e1u\u0161nice pro konkr\u00e9tn\u00ed p\u0159\u00edle\u017eitost? Pak vych\u00e1zejte z tvaru sv\u00e9ho obli\u010deje. Ten se stane dobr\u00fdm vod\u00edtkem.\",\"breadcrumb\":{\"@id\":\"https:\\\/\\\/regbu.com\\\/fr\\\/boucles-doreilles-choisir-en-fonction-de-la-forme-de-la-robe\\\/#breadcrumb\"},\"inLanguage\":\"fr-FR\",\"potentialAction\":[{\"@type\":\"ReadAction\",\"target\":[\"https:\\\/\\\/regbu.com\\\/fr\\\/boucles-doreilles-choisir-en-fonction-de-la-forme-de-la-robe\\\/\"]}]},{\"@type\":\"ImageObject\",\"inLanguage\":\"fr-FR\",\"@id\":\"https:\\\/\\\/regbu.com\\\/fr\\\/boucles-doreilles-choisir-en-fonction-de-la-forme-de-la-robe\\\/#primaryimage\",\"url\":\"https:\\\/\\\/regbu.com\\\/wp-content\\\/uploads\\\/2023\\\/07\\\/nausnice-volte-podle-tvaru-sveho-obliceje.jpg\",\"contentUrl\":\"https:\\\/\\\/regbu.com\\\/wp-content\\\/uploads\\\/2023\\\/07\\\/nausnice-volte-podle-tvaru-sveho-obliceje.jpg\",\"width\":1200,\"height\":678,\"caption\":\"N\u00e1u\u0161nice volte podle tvaru sv\u00e9ho obli\u010deje\"},{\"@type\":\"BreadcrumbList\",\"@id\":\"https:\\\/\\\/regbu.com\\\/fr\\\/boucles-doreilles-choisir-en-fonction-de-la-forme-de-la-robe\\\/#breadcrumb\",\"itemListElement\":[{\"@type\":\"ListItem\",\"position\":1,\"name\":\"Home\",\"item\":\"https:\\\/\\\/regbu.com\\\/en\\\/\"},{\"@type\":\"ListItem\",\"position\":2,\"name\":\"N\u00e1u\u0161nice volte podle tvaru sv\u00e9ho obli\u010deje\"}]},{\"@type\":\"WebSite\",\"@id\":\"https:\\\/\\\/regbu.com\\\/en\\\/#website\",\"url\":\"https:\\\/\\\/regbu.com\\\/en\\\/\",\"name\":\"REGBU.COM\",\"description\":\"\",\"potentialAction\":[{\"@type\":\"SearchAction\",\"target\":{\"@type\":\"EntryPoint\",\"urlTemplate\":\"https:\\\/\\\/regbu.com\\\/en\\\/?s={search_term_string}\"},\"query-input\":{\"@type\":\"PropertyValueSpecification\",\"valueRequired\":true,\"valueName\":\"search_term_string\"}}],\"inLanguage\":\"fr-FR\"},{\"@type\":\"Person\",\"@id\":\"https:\\\/\\\/regbu.com\\\/en\\\/#\\\/schema\\\/person\\\/94ea9deda2629771b8a9ced002f6784e\",\"name\":\"George Martin\",\"url\":\"https:\\\/\\\/regbu.com\\\/fr\\\/author\\\/george-martin\\\/\"}]}<\/script>\n<!-- \/ Yoast SEO plugin. -->","yoast_head_json":{"title":"Choisissez vos boucles d'oreilles en fonction de la forme de votre visage - REGBU.COM","description":"Vous ne savez pas quelles boucles d'oreilles choisir pour une occasion particuli\u00e8re ? Basez-vous alors sur la forme de votre visage. Elle vous servira de guide.","robots":{"index":"index","follow":"follow","max-snippet":"max-snippet:-1","max-image-preview":"max-image-preview:large","max-video-preview":"max-video-preview:-1"},"canonical":"https:\/\/regbu.com\/fr\/boucles-doreilles-choisir-en-fonction-de-la-forme-de-la-robe\/","og_locale":"fr_FR","og_type":"article","og_title":"N\u00e1u\u0161nice volte podle tvaru sv\u00e9ho obli\u010deje - REGBU.COM","og_description":"Nev\u00edte, jak\u00e9 zvolit n\u00e1u\u0161nice pro konkr\u00e9tn\u00ed p\u0159\u00edle\u017eitost? Pak vych\u00e1zejte z tvaru sv\u00e9ho obli\u010deje. Ten se stane dobr\u00fdm vod\u00edtkem.","og_url":"https:\/\/regbu.com\/fr\/boucles-doreilles-choisir-en-fonction-de-la-forme-de-la-robe\/","og_site_name":"REGBU.COM","article_published_time":"2023-07-10T14:33:12+00:00","article_modified_time":"2025-09-05T05:41:26+00:00","og_image":[{"width":1200,"height":678,"url":"https:\/\/regbu.com\/wp-content\/uploads\/2023\/07\/nausnice-volte-podle-tvaru-sveho-obliceje.jpg","type":"image\/jpeg"}],"author":"George Martin","twitter_card":"summary_large_image","twitter_misc":{"\u00c9crit par":"George Martin","Dur\u00e9e de lecture estim\u00e9e":"2 minutes"},"schema":{"@context":"https:\/\/schema.org","@graph":[{"@type":"Article","@id":"https:\/\/regbu.com\/fr\/boucles-doreilles-choisir-en-fonction-de-la-forme-de-la-robe\/#article","isPartOf":{"@id":"https:\/\/regbu.com\/fr\/boucles-doreilles-choisir-en-fonction-de-la-forme-de-la-robe\/"},"author":{"name":"George Martin","@id":"https:\/\/regbu.com\/en\/#\/schema\/person\/94ea9deda2629771b8a9ced002f6784e"},"headline":"N\u00e1u\u0161nice volte podle tvaru sv\u00e9ho obli\u010deje","datePublished":"2023-07-10T14:33:12+00:00","dateModified":"2025-09-05T05:41:26+00:00","mainEntityOfPage":{"@id":"https:\/\/regbu.com\/fr\/boucles-doreilles-choisir-en-fonction-de-la-forme-de-la-robe\/"},"wordCount":483,"image":{"@id":"https:\/\/regbu.com\/fr\/boucles-doreilles-choisir-en-fonction-de-la-forme-de-la-robe\/#primaryimage"},"thumbnailUrl":"https:\/\/regbu.com\/wp-content\/uploads\/2023\/07\/nausnice-volte-podle-tvaru-sveho-obliceje.jpg","keywords":["d\u00e1my","n\u00e1u\u0161nice","obli\u010dej","ov\u00e1ln\u00fd","prot\u00e1hl\u00fd","slzy","srdcov\u00fd","troj\u00faheln\u00edk","typ obli\u010deje","visac\u00ed","\u017eeny"],"articleSection":["M\u00f3da"],"inLanguage":"fr-FR"},{"@type":"WebPage","@id":"https:\/\/regbu.com\/fr\/boucles-doreilles-choisir-en-fonction-de-la-forme-de-la-robe\/","url":"https:\/\/regbu.com\/fr\/boucles-doreilles-choisir-en-fonction-de-la-forme-de-la-robe\/","name":"Choisissez vos boucles d'oreilles en fonction de la forme de votre visage - REGBU.COM","isPartOf":{"@id":"https:\/\/regbu.com\/en\/#website"},"primaryImageOfPage":{"@id":"https:\/\/regbu.com\/fr\/boucles-doreilles-choisir-en-fonction-de-la-forme-de-la-robe\/#primaryimage"},"image":{"@id":"https:\/\/regbu.com\/fr\/boucles-doreilles-choisir-en-fonction-de-la-forme-de-la-robe\/#primaryimage"},"thumbnailUrl":"https:\/\/regbu.com\/wp-content\/uploads\/2023\/07\/nausnice-volte-podle-tvaru-sveho-obliceje.jpg","datePublished":"2023-07-10T14:33:12+00:00","dateModified":"2025-09-05T05:41:26+00:00","author":{"@id":"https:\/\/regbu.com\/en\/#\/schema\/person\/94ea9deda2629771b8a9ced002f6784e"},"description":"Vous ne savez pas quelles boucles d'oreilles choisir pour une occasion particuli\u00e8re ? Basez-vous alors sur la forme de votre visage. Elle vous servira de guide.","breadcrumb":{"@id":"https:\/\/regbu.com\/fr\/boucles-doreilles-choisir-en-fonction-de-la-forme-de-la-robe\/#breadcrumb"},"inLanguage":"fr-FR","potentialAction":[{"@type":"ReadAction","target":["https:\/\/regbu.com\/fr\/boucles-doreilles-choisir-en-fonction-de-la-forme-de-la-robe\/"]}]},{"@type":"ImageObject","inLanguage":"fr-FR","@id":"https:\/\/regbu.com\/fr\/boucles-doreilles-choisir-en-fonction-de-la-forme-de-la-robe\/#primaryimage","url":"https:\/\/regbu.com\/wp-content\/uploads\/2023\/07\/nausnice-volte-podle-tvaru-sveho-obliceje.jpg","contentUrl":"https:\/\/regbu.com\/wp-content\/uploads\/2023\/07\/nausnice-volte-podle-tvaru-sveho-obliceje.jpg","width":1200,"height":678,"caption":"N\u00e1u\u0161nice volte podle tvaru sv\u00e9ho obli\u010deje"},{"@type":"BreadcrumbList","@id":"https:\/\/regbu.com\/fr\/boucles-doreilles-choisir-en-fonction-de-la-forme-de-la-robe\/#breadcrumb","itemListElement":[{"@type":"ListItem","position":1,"name":"Home","item":"https:\/\/regbu.com\/en\/"},{"@type":"ListItem","position":2,"name":"N\u00e1u\u0161nice volte podle tvaru sv\u00e9ho obli\u010deje"}]},{"@type":"WebSite","@id":"https:\/\/regbu.com\/en\/#website","url":"https:\/\/regbu.com\/en\/","name":"REGBU.COM","description":"","potentialAction":[{"@type":"SearchAction","target":{"@type":"EntryPoint","urlTemplate":"https:\/\/regbu.com\/en\/?s={search_term_string}"},"query-input":{"@type":"PropertyValueSpecification","valueRequired":true,"valueName":"search_term_string"}}],"inLanguage":"fr-FR"},{"@type":"Person","@id":"https:\/\/regbu.com\/en\/#\/schema\/person\/94ea9deda2629771b8a9ced002f6784e","name":"George Martin","url":"https:\/\/regbu.com\/fr\/author\/george-martin\/"}]}},"_links":{"self":[{"href":"https:\/\/regbu.com\/fr\/wp-json\/wp\/v2\/posts\/990","targetHints":{"allow":["GET"]}}],"collection":[{"href":"https:\/\/regbu.com\/fr\/wp-json\/wp\/v2\/posts"}],"about":[{"href":"https:\/\/regbu.com\/fr\/wp-json\/wp\/v2\/types\/post"}],"author":[{"embeddable":true,"href":"https:\/\/regbu.com\/fr\/wp-json\/wp\/v2\/users\/2"}],"replies":[{"embeddable":true,"href":"https:\/\/regbu.com\/fr\/wp-json\/wp\/v2\/comments?post=990"}],"version-history":[{"count":2,"href":"https:\/\/regbu.com\/fr\/wp-json\/wp\/v2\/posts\/990\/revisions"}],"predecessor-version":[{"id":1005,"href":"https:\/\/regbu.com\/fr\/wp-json\/wp\/v2\/posts\/990\/revisions\/1005"}],"wp:featuredmedia":[{"embeddable":true,"href":"https:\/\/regbu.com\/fr\/wp-json\/wp\/v2\/media\/991"}],"wp:attachment":[{"href":"https:\/\/regbu.com\/fr\/wp-json\/wp\/v2\/media?parent=990"}],"wp:term":[{"taxonomy":"category","embeddable":true,"href":"https:\/\/regbu.com\/fr\/wp-json\/wp\/v2\/categories?post=990"},{"taxonomy":"post_tag","embeddable":true,"href":"https:\/\/regbu.com\/fr\/wp-json\/wp\/v2\/tags?post=990"}],"curies":[{"name":"wp","href":"https:\/\/api.w.org\/{rel}","templated":true}]}}