{"id":98,"date":"2022-01-03T07:42:39","date_gmt":"2022-01-03T06:42:39","guid":{"rendered":"https:\/\/regbu.com\/?p=98"},"modified":"2025-09-05T07:43:15","modified_gmt":"2025-09-05T05:43:15","slug":"kapr-s-bramborovym-salatem-kdykoliv-behem-roku","status":"publish","type":"post","link":"https:\/\/regbu.com\/fr\/carpe-salade-de-pommes-de-terre-une-fois-dans-lannee\/","title":{"rendered":"Carpe avec salade de pommes de terre \u00e0 tout moment de l'ann\u00e9e"},"content":{"rendered":"<p>Vous souhaitez d\u00e9guster certains des classiques de la cuisine tch\u00e8que ? Alors pariez sur <strong><a href=\"https:\/\/regbu.com\/fr\/fruity-noodles-are-a-favorite-sweet-treat\/\">boulettes de fruits<\/a><\/strong>. Si vous pr\u00e9f\u00e9rez le poisson, le choix \u00e9vident est la carpe avec une salade de pommes de terre. Un plat qui gagne en popularit\u00e9 parmi les Tch\u00e8ques <strong>surtout autour de No\u00ebl<\/strong>. Cependant, vous pouvez vous faire plaisir avec des carpes pr\u00e9par\u00e9es de cette mani\u00e8re \u00e0 tout moment de l'ann\u00e9e, comme la recette ci-dessous va vous en convaincre.<\/p>\n\n\n\n<h2 class=\"wp-block-heading\">De quoi aurez-vous besoin ?<\/h2>\n\n\n\n<p>Lorsque la carpe avec la salade de pommes de terre devient votre objectif, vous devez pr\u00e9parer les ingr\u00e9dients. En plus du poisson d'eau douce, vous aurez \u00e9galement besoin des ingr\u00e9dients pour la salade elle-m\u00eame. Vous pouvez voir dans le tableau suivant ce que vous ne devez pas oublier.<\/p>\n\n\n\n<figure class=\"wp-block-table\"><table><tbody><tr><td><strong>Mati\u00e8res premi\u00e8res pour la carpe<\/strong><\/td><td><strong>Quantit\u00e9<\/strong><\/td><\/tr><tr><td>Carpe<\/td><td>4 fers \u00e0 cheval<\/td><\/tr><tr><td>Farine lisse<\/td><td>Pour l'emballage<\/td><\/tr><tr><td>\u0152ufs<\/td><td>2 pi\u00e8ces<\/td><\/tr><tr><td>Strouhanka<\/td><td>Pour l'emballage<\/td><\/tr><tr><td>Huile v\u00e9g\u00e9tale<\/td><td>Pour la friture<\/td><\/tr><tr><td><strong>Ingr\u00e9dients pour la salade de pommes de terre<\/strong><\/td><td><strong>Quantit\u00e9<\/strong><\/td><\/tr><tr><td>Pommes de terre<\/td><td>600 g<\/td><\/tr><tr><td>\u0152ufs<\/td><td>4 pi\u00e8ces<\/td><\/tr><tr><td>Carottes<\/td><td>150 g<\/td><\/tr><tr><td>Pois<\/td><td>100 g<\/td><\/tr><tr><td>Mayonnaise<\/td><td>250 ml<\/td><\/tr><tr><td>Citron<\/td><td>1 pi\u00e8ce<\/td><\/tr><tr><td>Cr\u00e8me aigre<\/td><td>250 ml<\/td><\/tr><tr><td>C\u00e9leri<\/td><td>4 tiges<\/td><\/tr><\/tbody><\/table><figcaption>Savez-vous ce dont vous avez besoin pour une carpe avec une salade de pommes de terre ?<\/figcaption><\/figure>\n\n\n\n<p>Pour que la carpe avec la salade de pommes de terre soit d\u00e9licieuse, n'oubliez pas le sel. Selon ce que vous aimez, vous pouvez \u00e9galement utiliser des oignons finement hach\u00e9s et des ingr\u00e9dients similaires.<\/p>\n\n\n\n<h3 class=\"wp-block-heading\">Carpe avec salade de pommes de terre - Pr\u00e9paration d\u00e9taill\u00e9e<\/h3>\n\n\n\n<p>D'abord, vous <strong>pr\u00e9parer la salade de pommes de terre <\/strong>et ensuite le reste. Faites bouillir et \u00e9pluchez les pommes de terre. Ensuite, coupez finement le c\u00e9leri et les carottes et faites-les cuire dans de l'eau bouillante. Hachez finement les pommes de terre ainsi que les \u0153ufs durs et commencez \u00e0 m\u00e9langer les ingr\u00e9dients, id\u00e9alement dans un grand bol. Assaisonnez le tout avec du sel et du poivre. Incorporer la mayonnaise et la cr\u00e8me. Enfin, ajoutez le jus de citron. Cette salade de pommes de terre doit \u00eatre m\u00e9lang\u00e9e une fois de plus et laiss\u00e9e reposer.<\/p>\n\n\n\n<p>La pr\u00e9paration de la carpe sera \u00e9galement facile. Assaisonnez le poisson avec du sel et du poivre et commencez \u00e0 l'emballer. Ainsi que <strong><a href=\"https:\/\/regbu.com\/fr\/steak-de-porc-preparation-detaillee-du-et-du-au-depart\/\">escalope de porc<\/a><\/strong> utiliser la farine, les \u0153ufs et enfin la chapelure. La triple enveloppe classique qui appartient intrins\u00e8quement \u00e0 ce type de plat. Ensuite, commencez \u00e0 faire frire jusqu'\u00e0 ce que la carpe soit dor\u00e9e. Avant de servir <strong>placer la carpe sur des serviettes en papier<\/strong>pour enlever l'exc\u00e8s d'huile. Enfin, ce d\u00e9licieux plat peut \u00eatre servi. N'oubliez pas que la salade de pommes de terre est servie froide.<\/p>","protected":false},"excerpt":{"rendered":"<p>Vous souhaitez d\u00e9guster certains des classiques de la cuisine tch\u00e8que ? Alors misez sur les quenelles de fruits. Si vous pr\u00e9f\u00e9rez le poisson, le choix \u00e9vident est la carpe avec une salade de pommes de terre. Un plat qui devient populaire chez les Tch\u00e8ques, surtout \u00e0 l'\u00e9poque de No\u00ebl. Cependant, vous pouvez d\u00e9guster des carpes pr\u00e9par\u00e9es de cette mani\u00e8re \u00e0 tout moment de l'ann\u00e9e, comme vous le verrez ci-dessous... <\/p>","protected":false},"author":2,"featured_media":99,"comment_status":"closed","ping_status":"closed","sticky":false,"template":"","format":"standard","meta":{"footnotes":""},"categories":[12],"tags":[70,39,17,71,72,73,74,75,51,76],"class_list":["post-98","post","type-post","status-publish","format-standard","has-post-thumbnail","hentry","category-vareni","tag-bramborovy-salat","tag-brambory","tag-jidlo","tag-kapr","tag-kapr-s-bramborovym-salatem","tag-ryba","tag-salat","tag-smazena-ryba","tag-smazeni","tag-smazeny-kapr"],"yoast_head":"<!-- This site is optimized with the Yoast SEO plugin v27.4 - https:\/\/yoast.com\/product\/yoast-seo-wordpress\/ -->\n<title>Kapr s bramborov\u00fdm sal\u00e1tem kdykoliv b\u011bhem roku - REGBU.COM<\/title>\n<meta name=\"description\" content=\"Kapr s bramborov\u00fdm sal\u00e1tem je ryze v\u00e1no\u010dn\u00edm \u010desk\u00fdm pokrmem. P\u0159ipravit si ho ale m\u016f\u017eete kdykoliv b\u011bhem roku. Vyzkou\u0161ejte nov\u00fd recept.\" \/>\n<meta name=\"robots\" content=\"index, follow, max-snippet:-1, max-image-preview:large, max-video-preview:-1\" \/>\n<link rel=\"canonical\" href=\"https:\/\/regbu.com\/fr\/carpe-salade-de-pommes-de-terre-une-fois-dans-lannee\/\" \/>\n<meta property=\"og:locale\" content=\"fr_FR\" \/>\n<meta property=\"og:type\" content=\"article\" \/>\n<meta property=\"og:title\" content=\"Kapr s bramborov\u00fdm sal\u00e1tem kdykoliv b\u011bhem roku - REGBU.COM\" \/>\n<meta property=\"og:description\" content=\"Kapr s bramborov\u00fdm sal\u00e1tem je ryze v\u00e1no\u010dn\u00edm \u010desk\u00fdm pokrmem. P\u0159ipravit si ho ale m\u016f\u017eete kdykoliv b\u011bhem roku. Vyzkou\u0161ejte nov\u00fd recept.\" \/>\n<meta property=\"og:url\" content=\"https:\/\/regbu.com\/fr\/carpe-salade-de-pommes-de-terre-une-fois-dans-lannee\/\" \/>\n<meta property=\"og:site_name\" content=\"REGBU.COM\" \/>\n<meta property=\"article:published_time\" content=\"2022-01-03T06:42:39+00:00\" \/>\n<meta property=\"article:modified_time\" content=\"2025-09-05T05:43:15+00:00\" \/>\n<meta property=\"og:image\" content=\"https:\/\/regbu.com\/wp-content\/uploads\/2022\/01\/kapr-s-bramborovym-salazem-kdykoliv-behem-dne.jpg\" \/>\n\t<meta property=\"og:image:width\" content=\"1200\" \/>\n\t<meta property=\"og:image:height\" content=\"679\" \/>\n\t<meta property=\"og:image:type\" content=\"image\/jpeg\" \/>\n<meta name=\"author\" content=\"George Martin\" \/>\n<meta name=\"twitter:card\" content=\"summary_large_image\" \/>\n<meta name=\"twitter:label1\" content=\"\u00c9crit par\" \/>\n\t<meta name=\"twitter:data1\" content=\"George Martin\" \/>\n\t<meta name=\"twitter:label2\" content=\"Dur\u00e9e de lecture estim\u00e9e\" \/>\n\t<meta name=\"twitter:data2\" content=\"2 minutes\" \/>\n<script type=\"application\/ld+json\" class=\"yoast-schema-graph\">{\"@context\":\"https:\\\/\\\/schema.org\",\"@graph\":[{\"@type\":\"Article\",\"@id\":\"https:\\\/\\\/regbu.com\\\/kapr-s-bramborovym-salatem-kdykoliv-behem-roku\\\/#article\",\"isPartOf\":{\"@id\":\"https:\\\/\\\/regbu.com\\\/kapr-s-bramborovym-salatem-kdykoliv-behem-roku\\\/\"},\"author\":{\"name\":\"George Martin\",\"@id\":\"https:\\\/\\\/regbu.com\\\/en\\\/#\\\/schema\\\/person\\\/94ea9deda2629771b8a9ced002f6784e\"},\"headline\":\"Kapr s bramborov\u00fdm sal\u00e1tem kdykoliv b\u011bhem roku\",\"datePublished\":\"2022-01-03T06:42:39+00:00\",\"dateModified\":\"2025-09-05T05:43:15+00:00\",\"mainEntityOfPage\":{\"@id\":\"https:\\\/\\\/regbu.com\\\/kapr-s-bramborovym-salatem-kdykoliv-behem-roku\\\/\"},\"wordCount\":448,\"image\":{\"@id\":\"https:\\\/\\\/regbu.com\\\/kapr-s-bramborovym-salatem-kdykoliv-behem-roku\\\/#primaryimage\"},\"thumbnailUrl\":\"https:\\\/\\\/regbu.com\\\/wp-content\\\/uploads\\\/2022\\\/01\\\/kapr-s-bramborovym-salazem-kdykoliv-behem-dne.jpg\",\"keywords\":[\"bramborov\u00fd sal\u00e1t\",\"brambory\",\"j\u00eddlo\",\"kapr\",\"kapr s bramborov\u00fdm sal\u00e1tem\",\"ryba\",\"sal\u00e1t\",\"sma\u017een\u00e1 ryba\",\"sma\u017een\u00ed\",\"sma\u017een\u00fd kapr\"],\"articleSection\":[\"Va\u0159en\u00ed\"],\"inLanguage\":\"fr-FR\"},{\"@type\":\"WebPage\",\"@id\":\"https:\\\/\\\/regbu.com\\\/kapr-s-bramborovym-salatem-kdykoliv-behem-roku\\\/\",\"url\":\"https:\\\/\\\/regbu.com\\\/kapr-s-bramborovym-salatem-kdykoliv-behem-roku\\\/\",\"name\":\"Kapr s bramborov\u00fdm sal\u00e1tem kdykoliv b\u011bhem roku - REGBU.COM\",\"isPartOf\":{\"@id\":\"https:\\\/\\\/regbu.com\\\/en\\\/#website\"},\"primaryImageOfPage\":{\"@id\":\"https:\\\/\\\/regbu.com\\\/kapr-s-bramborovym-salatem-kdykoliv-behem-roku\\\/#primaryimage\"},\"image\":{\"@id\":\"https:\\\/\\\/regbu.com\\\/kapr-s-bramborovym-salatem-kdykoliv-behem-roku\\\/#primaryimage\"},\"thumbnailUrl\":\"https:\\\/\\\/regbu.com\\\/wp-content\\\/uploads\\\/2022\\\/01\\\/kapr-s-bramborovym-salazem-kdykoliv-behem-dne.jpg\",\"datePublished\":\"2022-01-03T06:42:39+00:00\",\"dateModified\":\"2025-09-05T05:43:15+00:00\",\"author\":{\"@id\":\"https:\\\/\\\/regbu.com\\\/en\\\/#\\\/schema\\\/person\\\/94ea9deda2629771b8a9ced002f6784e\"},\"description\":\"Kapr s bramborov\u00fdm sal\u00e1tem je ryze v\u00e1no\u010dn\u00edm \u010desk\u00fdm pokrmem. P\u0159ipravit si ho ale m\u016f\u017eete kdykoliv b\u011bhem roku. Vyzkou\u0161ejte nov\u00fd recept.\",\"breadcrumb\":{\"@id\":\"https:\\\/\\\/regbu.com\\\/kapr-s-bramborovym-salatem-kdykoliv-behem-roku\\\/#breadcrumb\"},\"inLanguage\":\"fr-FR\",\"potentialAction\":[{\"@type\":\"ReadAction\",\"target\":[\"https:\\\/\\\/regbu.com\\\/kapr-s-bramborovym-salatem-kdykoliv-behem-roku\\\/\"]}]},{\"@type\":\"ImageObject\",\"inLanguage\":\"fr-FR\",\"@id\":\"https:\\\/\\\/regbu.com\\\/kapr-s-bramborovym-salatem-kdykoliv-behem-roku\\\/#primaryimage\",\"url\":\"https:\\\/\\\/regbu.com\\\/wp-content\\\/uploads\\\/2022\\\/01\\\/kapr-s-bramborovym-salazem-kdykoliv-behem-dne.jpg\",\"contentUrl\":\"https:\\\/\\\/regbu.com\\\/wp-content\\\/uploads\\\/2022\\\/01\\\/kapr-s-bramborovym-salazem-kdykoliv-behem-dne.jpg\",\"width\":1200,\"height\":679,\"caption\":\"Kapr s bramborov\u00fdm sal\u00e1tem kdykoliv b\u011bhem roku\"},{\"@type\":\"BreadcrumbList\",\"@id\":\"https:\\\/\\\/regbu.com\\\/kapr-s-bramborovym-salatem-kdykoliv-behem-roku\\\/#breadcrumb\",\"itemListElement\":[{\"@type\":\"ListItem\",\"position\":1,\"name\":\"Home\",\"item\":\"https:\\\/\\\/regbu.com\\\/en\\\/\"},{\"@type\":\"ListItem\",\"position\":2,\"name\":\"Kapr s bramborov\u00fdm sal\u00e1tem kdykoliv b\u011bhem roku\"}]},{\"@type\":\"WebSite\",\"@id\":\"https:\\\/\\\/regbu.com\\\/en\\\/#website\",\"url\":\"https:\\\/\\\/regbu.com\\\/en\\\/\",\"name\":\"REGBU.COM\",\"description\":\"\",\"potentialAction\":[{\"@type\":\"SearchAction\",\"target\":{\"@type\":\"EntryPoint\",\"urlTemplate\":\"https:\\\/\\\/regbu.com\\\/en\\\/?s={search_term_string}\"},\"query-input\":{\"@type\":\"PropertyValueSpecification\",\"valueRequired\":true,\"valueName\":\"search_term_string\"}}],\"inLanguage\":\"fr-FR\"},{\"@type\":\"Person\",\"@id\":\"https:\\\/\\\/regbu.com\\\/en\\\/#\\\/schema\\\/person\\\/94ea9deda2629771b8a9ced002f6784e\",\"name\":\"George Martin\",\"url\":\"https:\\\/\\\/regbu.com\\\/fr\\\/author\\\/george-martin\\\/\"}]}<\/script>\n<!-- \/ Yoast SEO plugin. -->","yoast_head_json":{"title":"La carpe \u00e0 la salade de pommes de terre \u00e0 tout moment de l'ann\u00e9e - REGBU.COM","description":"La carpe avec salade de pommes de terre est un plat purement tch\u00e8que de No\u00ebl. Mais vous pouvez le pr\u00e9parer \u00e0 tout moment de l'ann\u00e9e. Essayez la nouvelle recette.","robots":{"index":"index","follow":"follow","max-snippet":"max-snippet:-1","max-image-preview":"max-image-preview:large","max-video-preview":"max-video-preview:-1"},"canonical":"https:\/\/regbu.com\/fr\/carpe-salade-de-pommes-de-terre-une-fois-dans-lannee\/","og_locale":"fr_FR","og_type":"article","og_title":"Kapr s bramborov\u00fdm sal\u00e1tem kdykoliv b\u011bhem roku - REGBU.COM","og_description":"Kapr s bramborov\u00fdm sal\u00e1tem je ryze v\u00e1no\u010dn\u00edm \u010desk\u00fdm pokrmem. P\u0159ipravit si ho ale m\u016f\u017eete kdykoliv b\u011bhem roku. Vyzkou\u0161ejte nov\u00fd recept.","og_url":"https:\/\/regbu.com\/fr\/carpe-salade-de-pommes-de-terre-une-fois-dans-lannee\/","og_site_name":"REGBU.COM","article_published_time":"2022-01-03T06:42:39+00:00","article_modified_time":"2025-09-05T05:43:15+00:00","og_image":[{"width":1200,"height":679,"url":"https:\/\/regbu.com\/wp-content\/uploads\/2022\/01\/kapr-s-bramborovym-salazem-kdykoliv-behem-dne.jpg","type":"image\/jpeg"}],"author":"George Martin","twitter_card":"summary_large_image","twitter_misc":{"\u00c9crit par":"George Martin","Dur\u00e9e de lecture estim\u00e9e":"2 minutes"},"schema":{"@context":"https:\/\/schema.org","@graph":[{"@type":"Article","@id":"https:\/\/regbu.com\/kapr-s-bramborovym-salatem-kdykoliv-behem-roku\/#article","isPartOf":{"@id":"https:\/\/regbu.com\/kapr-s-bramborovym-salatem-kdykoliv-behem-roku\/"},"author":{"name":"George Martin","@id":"https:\/\/regbu.com\/en\/#\/schema\/person\/94ea9deda2629771b8a9ced002f6784e"},"headline":"Kapr s bramborov\u00fdm sal\u00e1tem kdykoliv b\u011bhem roku","datePublished":"2022-01-03T06:42:39+00:00","dateModified":"2025-09-05T05:43:15+00:00","mainEntityOfPage":{"@id":"https:\/\/regbu.com\/kapr-s-bramborovym-salatem-kdykoliv-behem-roku\/"},"wordCount":448,"image":{"@id":"https:\/\/regbu.com\/kapr-s-bramborovym-salatem-kdykoliv-behem-roku\/#primaryimage"},"thumbnailUrl":"https:\/\/regbu.com\/wp-content\/uploads\/2022\/01\/kapr-s-bramborovym-salazem-kdykoliv-behem-dne.jpg","keywords":["bramborov\u00fd sal\u00e1t","brambory","j\u00eddlo","kapr","kapr s bramborov\u00fdm sal\u00e1tem","ryba","sal\u00e1t","sma\u017een\u00e1 ryba","sma\u017een\u00ed","sma\u017een\u00fd kapr"],"articleSection":["Va\u0159en\u00ed"],"inLanguage":"fr-FR"},{"@type":"WebPage","@id":"https:\/\/regbu.com\/kapr-s-bramborovym-salatem-kdykoliv-behem-roku\/","url":"https:\/\/regbu.com\/kapr-s-bramborovym-salatem-kdykoliv-behem-roku\/","name":"La carpe \u00e0 la salade de pommes de terre \u00e0 tout moment de l'ann\u00e9e - REGBU.COM","isPartOf":{"@id":"https:\/\/regbu.com\/en\/#website"},"primaryImageOfPage":{"@id":"https:\/\/regbu.com\/kapr-s-bramborovym-salatem-kdykoliv-behem-roku\/#primaryimage"},"image":{"@id":"https:\/\/regbu.com\/kapr-s-bramborovym-salatem-kdykoliv-behem-roku\/#primaryimage"},"thumbnailUrl":"https:\/\/regbu.com\/wp-content\/uploads\/2022\/01\/kapr-s-bramborovym-salazem-kdykoliv-behem-dne.jpg","datePublished":"2022-01-03T06:42:39+00:00","dateModified":"2025-09-05T05:43:15+00:00","author":{"@id":"https:\/\/regbu.com\/en\/#\/schema\/person\/94ea9deda2629771b8a9ced002f6784e"},"description":"La carpe avec salade de pommes de terre est un plat purement tch\u00e8que de No\u00ebl. Mais vous pouvez le pr\u00e9parer \u00e0 tout moment de l'ann\u00e9e. Essayez la nouvelle recette.","breadcrumb":{"@id":"https:\/\/regbu.com\/kapr-s-bramborovym-salatem-kdykoliv-behem-roku\/#breadcrumb"},"inLanguage":"fr-FR","potentialAction":[{"@type":"ReadAction","target":["https:\/\/regbu.com\/kapr-s-bramborovym-salatem-kdykoliv-behem-roku\/"]}]},{"@type":"ImageObject","inLanguage":"fr-FR","@id":"https:\/\/regbu.com\/kapr-s-bramborovym-salatem-kdykoliv-behem-roku\/#primaryimage","url":"https:\/\/regbu.com\/wp-content\/uploads\/2022\/01\/kapr-s-bramborovym-salazem-kdykoliv-behem-dne.jpg","contentUrl":"https:\/\/regbu.com\/wp-content\/uploads\/2022\/01\/kapr-s-bramborovym-salazem-kdykoliv-behem-dne.jpg","width":1200,"height":679,"caption":"Kapr s bramborov\u00fdm sal\u00e1tem kdykoliv b\u011bhem roku"},{"@type":"BreadcrumbList","@id":"https:\/\/regbu.com\/kapr-s-bramborovym-salatem-kdykoliv-behem-roku\/#breadcrumb","itemListElement":[{"@type":"ListItem","position":1,"name":"Home","item":"https:\/\/regbu.com\/en\/"},{"@type":"ListItem","position":2,"name":"Kapr s bramborov\u00fdm sal\u00e1tem kdykoliv b\u011bhem roku"}]},{"@type":"WebSite","@id":"https:\/\/regbu.com\/en\/#website","url":"https:\/\/regbu.com\/en\/","name":"REGBU.COM","description":"","potentialAction":[{"@type":"SearchAction","target":{"@type":"EntryPoint","urlTemplate":"https:\/\/regbu.com\/en\/?s={search_term_string}"},"query-input":{"@type":"PropertyValueSpecification","valueRequired":true,"valueName":"search_term_string"}}],"inLanguage":"fr-FR"},{"@type":"Person","@id":"https:\/\/regbu.com\/en\/#\/schema\/person\/94ea9deda2629771b8a9ced002f6784e","name":"George Martin","url":"https:\/\/regbu.com\/fr\/author\/george-martin\/"}]}},"_links":{"self":[{"href":"https:\/\/regbu.com\/fr\/wp-json\/wp\/v2\/posts\/98","targetHints":{"allow":["GET"]}}],"collection":[{"href":"https:\/\/regbu.com\/fr\/wp-json\/wp\/v2\/posts"}],"about":[{"href":"https:\/\/regbu.com\/fr\/wp-json\/wp\/v2\/types\/post"}],"author":[{"embeddable":true,"href":"https:\/\/regbu.com\/fr\/wp-json\/wp\/v2\/users\/2"}],"replies":[{"embeddable":true,"href":"https:\/\/regbu.com\/fr\/wp-json\/wp\/v2\/comments?post=98"}],"version-history":[{"count":3,"href":"https:\/\/regbu.com\/fr\/wp-json\/wp\/v2\/posts\/98\/revisions"}],"predecessor-version":[{"id":123,"href":"https:\/\/regbu.com\/fr\/wp-json\/wp\/v2\/posts\/98\/revisions\/123"}],"wp:featuredmedia":[{"embeddable":true,"href":"https:\/\/regbu.com\/fr\/wp-json\/wp\/v2\/media\/99"}],"wp:attachment":[{"href":"https:\/\/regbu.com\/fr\/wp-json\/wp\/v2\/media?parent=98"}],"wp:term":[{"taxonomy":"category","embeddable":true,"href":"https:\/\/regbu.com\/fr\/wp-json\/wp\/v2\/categories?post=98"},{"taxonomy":"post_tag","embeddable":true,"href":"https:\/\/regbu.com\/fr\/wp-json\/wp\/v2\/tags?post=98"}],"curies":[{"name":"wp","href":"https:\/\/api.w.org\/{rel}","templated":true}]}}