{"id":864,"date":"2023-06-19T18:30:35","date_gmt":"2023-06-19T16:30:35","guid":{"rendered":"https:\/\/regbu.com\/?p=864"},"modified":"2025-09-05T07:42:15","modified_gmt":"2025-09-05T05:42:15","slug":"modni-ikony-na-ktere-se-nezapomina","status":"publish","type":"post","link":"https:\/\/regbu.com\/fr\/les-icones-de-mode-qui-ne-sont-jamais-oubliees\/","title":{"rendered":"Des ic\u00f4nes de la mode \u00e0 ne pas oublier"},"content":{"rendered":"<p>Les ic\u00f4nes de la mode, c'est ainsi que l'on appelle les femmes qui influencent le monde entier par leurs v\u00eatements. Quoi que ces femmes aient <strong><a href=\"https:\/\/regbu.com\/fr\/uces-vous-choisissez-par-type-de-personnage\/\">coiffures<\/a><\/strong>Avec leur caract\u00e8re et leurs caract\u00e9ristiques, leurs tenues \u00e9taient intemporelles et ont r\u00e9ussi \u00e0 toucher un grand nombre de personnes. Rejoignez-nous pour \u00e9voquer les femmes c\u00e9l\u00e8bres qui ont beaucoup apport\u00e9 \u00e0 la mode dans son ensemble.<\/p>\n\n\n\n<ul class=\"wp-block-list\">\n<li>Marlene Dietrich<\/li>\n\n\n\n<li>Audrey Hepburn<\/li>\n\n\n\n<li>Princesse Diana<\/li>\n<\/ul>\n\n\n\n<p>Il ne s'agit l\u00e0 que d'une petite poign\u00e9e de personnes qui ont m\u00e9rit\u00e9 l'\u00e9tiquette d'ic\u00f4ne de la mode. Cette liste comprend \u00e0 juste titre <strong>Coco Chanel<\/strong>. Elle n'h\u00e9site pas \u00e0 int\u00e9grer des accessoires masculins dans ses tenues, ce qui est tr\u00e8s inhabituel pour l'\u00e9poque.<\/p>\n\n\n\n<h2 class=\"wp-block-heading\">Rencontrez les ic\u00f4nes de la mode du monde entier<\/h2>\n\n\n\n<p>Les \u00e9l\u00e9ments vestimentaires masculins, Marlene Dietrich les a invent\u00e9s en son temps. Elle utilisait avec enthousiasme les cravates, les chapeaux et les pantalons d'homme. Parmi les ic\u00f4nes de la mode, on trouve \u00e9galement <em>Jacqueline Kennedy<\/em>qui, \u00e0 son tour, est associ\u00e9e \u00e0 de grosses lunettes et \u00e0 des robes sans manches. Quelles sont les autres femmes qui m\u00e9ritent cette appellation ?<\/p>\n\n\n\n<figure class=\"wp-block-table\"><table><tbody><tr><td><strong>Nom<\/strong><\/td><td><strong>\u00c9l\u00e9ments de<\/strong><\/td><\/tr><tr><td>Audrey Hepburn<\/td><td>El\u00e9gance, ballerines et pantalons Capri<\/td><\/tr><tr><td>Grace Kelly<\/td><td>Satin et pulls courts<\/td><\/tr><tr><td>Coco Chanel<\/td><td>Rayures nautiques<\/td><\/tr><tr><td>Madonna<\/td><td>Justaucorps moulants<\/td><\/tr><\/tbody><\/table><figcaption class=\"wp-element-caption\">Les principales ic\u00f4nes de la mode d'hier et d'aujourd'hui.<\/figcaption><\/figure>\n\n\n\n<p>La princesse Diana fait \u00e9galement partie des ic\u00f4nes de la mode les plus influentes. Elle a conquis le c\u0153ur de ses fans dans le monde entier, non seulement par son comportement, mais aussi par son style vestimentaire. Qu'il s'agisse de costumes originaux ou de robes impressionnantes. Bien qu'elle n'ait pas \u00e9t\u00e9 une ic\u00f4ne de la mode \u00e0 proprement parler, elle a prouv\u00e9 qu'une personne plut\u00f4t ordinaire pouvait influencer la mode dans de nombreux pays.<\/p>\n\n\n\n<h3 class=\"wp-block-heading\">Ic\u00f4nes de la mode moderne<\/h3>\n\n\n\n<p>Apr\u00e8s les ic\u00f4nes historiques de la mode, nous passons \u00e0 celles qui ont influenc\u00e9 les foules de femmes ces derni\u00e8res ann\u00e9es. Parmi les ic\u00f4nes imaginaires de la mode sp\u00e9cifique, on trouve les s\u0153urs Mary-Kate et Ashley Olsen. Le style boho-chic, quant \u00e0 lui, est inh\u00e9rent \u00e0 la mode. <strong>Kate Moss<\/strong>. Le mannequin a enrichi sa garde-robe d'\u00e9l\u00e9ments rock et y a incorpor\u00e9 des accessoires tels que des chaussures de sport. Tout cela a influenc\u00e9 le style vestimentaire des femmes du monde entier.<\/p>\n\n\n\n<p>Enfin, il ne faut pas oublier une touche d'extravagance. La naissance d'une ic\u00f4ne de la mode nomm\u00e9e <strong>Lady Gaga<\/strong>. Elle \u00e9tait capable d'aller jusqu'\u00e0 de v\u00e9ritables extr\u00eames dans son habillement qui, \u00e0 tout le moins, attiraient l'attention partout o\u00f9 elle allait.<\/p>","protected":false},"excerpt":{"rendered":"<p>Les ic\u00f4nes de la mode, c'est ainsi que l'on appelle les femmes qui influencent le monde entier par leurs v\u00eatements. Quelles que soient leurs coiffures, leurs silhouettes et leurs caract\u00e9ristiques, les tenues de ces femmes sont intemporelles et parviennent \u00e0 toucher un grand nombre de personnes. Rejoignez-nous pour vous souvenir de ces femmes c\u00e9l\u00e8bres qui ont beaucoup apport\u00e9 \u00e0 la mode dans son ensemble. Il ne s'agit que d'une petite partie de celles ... <\/p>","protected":false},"author":2,"featured_media":865,"comment_status":"closed","ping_status":"closed","sticky":false,"template":"","format":"standard","meta":{"footnotes":""},"categories":[671],"tags":[753,755,754,750,752,757,756,751,749,758],"class_list":["post-864","post","type-post","status-publish","format-standard","has-post-thumbnail","hentry","category-moda","tag-audrey-hepburn","tag-coco-chanel","tag-grace-kelly","tag-ikona","tag-ikony","tag-kate-moss","tag-madonna","tag-modni-ikona","tag-modni-ikony","tag-princezna-diana"],"yoast_head":"<!-- This site is optimized with the Yoast SEO plugin v27.4 - https:\/\/yoast.com\/product\/yoast-seo-wordpress\/ -->\n<title>M\u00f3dn\u00ed ikony, na kter\u00e9 se nezapom\u00edn\u00e1 - REGBU.COM<\/title>\n<meta name=\"description\" content=\"Poznejte m\u00f3dn\u00ed ikony let minul\u00fdch, ale tak\u00e9 sou\u010dasn\u00fdch. Zjist\u011bte, kdo ovlivnil m\u00f3dn\u00ed styl ve zna\u010dn\u00e9 m\u00ed\u0159e a na hodn\u011b dlouho.\" \/>\n<meta name=\"robots\" content=\"index, follow, max-snippet:-1, max-image-preview:large, max-video-preview:-1\" \/>\n<link rel=\"canonical\" href=\"https:\/\/regbu.com\/fr\/les-icones-de-mode-qui-ne-sont-jamais-oubliees\/\" \/>\n<meta property=\"og:locale\" content=\"fr_FR\" \/>\n<meta property=\"og:type\" content=\"article\" \/>\n<meta property=\"og:title\" content=\"M\u00f3dn\u00ed ikony, na kter\u00e9 se nezapom\u00edn\u00e1 - REGBU.COM\" \/>\n<meta property=\"og:description\" content=\"Poznejte m\u00f3dn\u00ed ikony let minul\u00fdch, ale tak\u00e9 sou\u010dasn\u00fdch. Zjist\u011bte, kdo ovlivnil m\u00f3dn\u00ed styl ve zna\u010dn\u00e9 m\u00ed\u0159e a na hodn\u011b dlouho.\" \/>\n<meta property=\"og:url\" content=\"https:\/\/regbu.com\/fr\/les-icones-de-mode-qui-ne-sont-jamais-oubliees\/\" \/>\n<meta property=\"og:site_name\" content=\"REGBU.COM\" \/>\n<meta property=\"article:published_time\" content=\"2023-06-19T16:30:35+00:00\" \/>\n<meta property=\"article:modified_time\" content=\"2025-09-05T05:42:15+00:00\" \/>\n<meta property=\"og:image\" content=\"https:\/\/regbu.com\/wp-content\/uploads\/2023\/06\/modni-ikony-na-ktere-se-nezapomina.jpg\" \/>\n\t<meta property=\"og:image:width\" content=\"1200\" \/>\n\t<meta property=\"og:image:height\" content=\"678\" \/>\n\t<meta property=\"og:image:type\" content=\"image\/jpeg\" \/>\n<meta name=\"author\" content=\"George Martin\" \/>\n<meta name=\"twitter:card\" content=\"summary_large_image\" \/>\n<meta name=\"twitter:label1\" content=\"\u00c9crit par\" \/>\n\t<meta name=\"twitter:data1\" content=\"George Martin\" \/>\n\t<meta name=\"twitter:label2\" content=\"Dur\u00e9e de lecture estim\u00e9e\" \/>\n\t<meta name=\"twitter:data2\" content=\"2 minutes\" \/>\n<script type=\"application\/ld+json\" class=\"yoast-schema-graph\">{\"@context\":\"https:\\\/\\\/schema.org\",\"@graph\":[{\"@type\":\"Article\",\"@id\":\"https:\\\/\\\/regbu.com\\\/fr\\\/les-icones-de-mode-qui-ne-sont-jamais-oubliees\\\/#article\",\"isPartOf\":{\"@id\":\"https:\\\/\\\/regbu.com\\\/fr\\\/les-icones-de-mode-qui-ne-sont-jamais-oubliees\\\/\"},\"author\":{\"name\":\"George Martin\",\"@id\":\"https:\\\/\\\/regbu.com\\\/en\\\/#\\\/schema\\\/person\\\/94ea9deda2629771b8a9ced002f6784e\"},\"headline\":\"M\u00f3dn\u00ed ikony, na kter\u00e9 se nezapom\u00edn\u00e1\",\"datePublished\":\"2023-06-19T16:30:35+00:00\",\"dateModified\":\"2025-09-05T05:42:15+00:00\",\"mainEntityOfPage\":{\"@id\":\"https:\\\/\\\/regbu.com\\\/fr\\\/les-icones-de-mode-qui-ne-sont-jamais-oubliees\\\/\"},\"wordCount\":467,\"image\":{\"@id\":\"https:\\\/\\\/regbu.com\\\/fr\\\/les-icones-de-mode-qui-ne-sont-jamais-oubliees\\\/#primaryimage\"},\"thumbnailUrl\":\"https:\\\/\\\/regbu.com\\\/wp-content\\\/uploads\\\/2023\\\/06\\\/modni-ikony-na-ktere-se-nezapomina.jpg\",\"keywords\":[\"Audrey Hepburn\",\"Coco Chanel\",\"Grace Kelly\",\"ikona\",\"ikony\",\"Kate Moss\",\"Madonna\",\"m\u00f3dn\u00ed ikona\",\"m\u00f3dn\u00ed ikony\",\"princezna Diana\"],\"articleSection\":[\"M\u00f3da\"],\"inLanguage\":\"fr-FR\"},{\"@type\":\"WebPage\",\"@id\":\"https:\\\/\\\/regbu.com\\\/fr\\\/les-icones-de-mode-qui-ne-sont-jamais-oubliees\\\/\",\"url\":\"https:\\\/\\\/regbu.com\\\/fr\\\/les-icones-de-mode-qui-ne-sont-jamais-oubliees\\\/\",\"name\":\"M\u00f3dn\u00ed ikony, na kter\u00e9 se nezapom\u00edn\u00e1 - REGBU.COM\",\"isPartOf\":{\"@id\":\"https:\\\/\\\/regbu.com\\\/en\\\/#website\"},\"primaryImageOfPage\":{\"@id\":\"https:\\\/\\\/regbu.com\\\/fr\\\/les-icones-de-mode-qui-ne-sont-jamais-oubliees\\\/#primaryimage\"},\"image\":{\"@id\":\"https:\\\/\\\/regbu.com\\\/fr\\\/les-icones-de-mode-qui-ne-sont-jamais-oubliees\\\/#primaryimage\"},\"thumbnailUrl\":\"https:\\\/\\\/regbu.com\\\/wp-content\\\/uploads\\\/2023\\\/06\\\/modni-ikony-na-ktere-se-nezapomina.jpg\",\"datePublished\":\"2023-06-19T16:30:35+00:00\",\"dateModified\":\"2025-09-05T05:42:15+00:00\",\"author\":{\"@id\":\"https:\\\/\\\/regbu.com\\\/en\\\/#\\\/schema\\\/person\\\/94ea9deda2629771b8a9ced002f6784e\"},\"description\":\"Poznejte m\u00f3dn\u00ed ikony let minul\u00fdch, ale tak\u00e9 sou\u010dasn\u00fdch. Zjist\u011bte, kdo ovlivnil m\u00f3dn\u00ed styl ve zna\u010dn\u00e9 m\u00ed\u0159e a na hodn\u011b dlouho.\",\"breadcrumb\":{\"@id\":\"https:\\\/\\\/regbu.com\\\/fr\\\/les-icones-de-mode-qui-ne-sont-jamais-oubliees\\\/#breadcrumb\"},\"inLanguage\":\"fr-FR\",\"potentialAction\":[{\"@type\":\"ReadAction\",\"target\":[\"https:\\\/\\\/regbu.com\\\/fr\\\/les-icones-de-mode-qui-ne-sont-jamais-oubliees\\\/\"]}]},{\"@type\":\"ImageObject\",\"inLanguage\":\"fr-FR\",\"@id\":\"https:\\\/\\\/regbu.com\\\/fr\\\/les-icones-de-mode-qui-ne-sont-jamais-oubliees\\\/#primaryimage\",\"url\":\"https:\\\/\\\/regbu.com\\\/wp-content\\\/uploads\\\/2023\\\/06\\\/modni-ikony-na-ktere-se-nezapomina.jpg\",\"contentUrl\":\"https:\\\/\\\/regbu.com\\\/wp-content\\\/uploads\\\/2023\\\/06\\\/modni-ikony-na-ktere-se-nezapomina.jpg\",\"width\":1200,\"height\":678,\"caption\":\"M\u00f3dn\u00ed ikony, na kter\u00e9 se nezapom\u00edn\u00e1\"},{\"@type\":\"BreadcrumbList\",\"@id\":\"https:\\\/\\\/regbu.com\\\/fr\\\/les-icones-de-mode-qui-ne-sont-jamais-oubliees\\\/#breadcrumb\",\"itemListElement\":[{\"@type\":\"ListItem\",\"position\":1,\"name\":\"Home\",\"item\":\"https:\\\/\\\/regbu.com\\\/en\\\/\"},{\"@type\":\"ListItem\",\"position\":2,\"name\":\"M\u00f3dn\u00ed ikony, na kter\u00e9 se nezapom\u00edn\u00e1\"}]},{\"@type\":\"WebSite\",\"@id\":\"https:\\\/\\\/regbu.com\\\/en\\\/#website\",\"url\":\"https:\\\/\\\/regbu.com\\\/en\\\/\",\"name\":\"REGBU.COM\",\"description\":\"\",\"potentialAction\":[{\"@type\":\"SearchAction\",\"target\":{\"@type\":\"EntryPoint\",\"urlTemplate\":\"https:\\\/\\\/regbu.com\\\/en\\\/?s={search_term_string}\"},\"query-input\":{\"@type\":\"PropertyValueSpecification\",\"valueRequired\":true,\"valueName\":\"search_term_string\"}}],\"inLanguage\":\"fr-FR\"},{\"@type\":\"Person\",\"@id\":\"https:\\\/\\\/regbu.com\\\/en\\\/#\\\/schema\\\/person\\\/94ea9deda2629771b8a9ced002f6784e\",\"name\":\"George Martin\",\"url\":\"https:\\\/\\\/regbu.com\\\/fr\\\/author\\\/george-martin\\\/\"}]}<\/script>\n<!-- \/ Yoast SEO plugin. -->","yoast_head_json":{"title":"Des ic\u00f4nes de la mode \u00e0 ne pas oublier - REGBU.COM","description":"Faites connaissance avec les ic\u00f4nes de la mode du pass\u00e9, mais aussi du pr\u00e9sent. D\u00e9couvrez qui a influenc\u00e9 le style de la mode dans une large mesure et pendant longtemps.","robots":{"index":"index","follow":"follow","max-snippet":"max-snippet:-1","max-image-preview":"max-image-preview:large","max-video-preview":"max-video-preview:-1"},"canonical":"https:\/\/regbu.com\/fr\/les-icones-de-mode-qui-ne-sont-jamais-oubliees\/","og_locale":"fr_FR","og_type":"article","og_title":"M\u00f3dn\u00ed ikony, na kter\u00e9 se nezapom\u00edn\u00e1 - REGBU.COM","og_description":"Poznejte m\u00f3dn\u00ed ikony let minul\u00fdch, ale tak\u00e9 sou\u010dasn\u00fdch. Zjist\u011bte, kdo ovlivnil m\u00f3dn\u00ed styl ve zna\u010dn\u00e9 m\u00ed\u0159e a na hodn\u011b dlouho.","og_url":"https:\/\/regbu.com\/fr\/les-icones-de-mode-qui-ne-sont-jamais-oubliees\/","og_site_name":"REGBU.COM","article_published_time":"2023-06-19T16:30:35+00:00","article_modified_time":"2025-09-05T05:42:15+00:00","og_image":[{"width":1200,"height":678,"url":"https:\/\/regbu.com\/wp-content\/uploads\/2023\/06\/modni-ikony-na-ktere-se-nezapomina.jpg","type":"image\/jpeg"}],"author":"George Martin","twitter_card":"summary_large_image","twitter_misc":{"\u00c9crit par":"George Martin","Dur\u00e9e de lecture estim\u00e9e":"2 minutes"},"schema":{"@context":"https:\/\/schema.org","@graph":[{"@type":"Article","@id":"https:\/\/regbu.com\/fr\/les-icones-de-mode-qui-ne-sont-jamais-oubliees\/#article","isPartOf":{"@id":"https:\/\/regbu.com\/fr\/les-icones-de-mode-qui-ne-sont-jamais-oubliees\/"},"author":{"name":"George Martin","@id":"https:\/\/regbu.com\/en\/#\/schema\/person\/94ea9deda2629771b8a9ced002f6784e"},"headline":"M\u00f3dn\u00ed ikony, na kter\u00e9 se nezapom\u00edn\u00e1","datePublished":"2023-06-19T16:30:35+00:00","dateModified":"2025-09-05T05:42:15+00:00","mainEntityOfPage":{"@id":"https:\/\/regbu.com\/fr\/les-icones-de-mode-qui-ne-sont-jamais-oubliees\/"},"wordCount":467,"image":{"@id":"https:\/\/regbu.com\/fr\/les-icones-de-mode-qui-ne-sont-jamais-oubliees\/#primaryimage"},"thumbnailUrl":"https:\/\/regbu.com\/wp-content\/uploads\/2023\/06\/modni-ikony-na-ktere-se-nezapomina.jpg","keywords":["Audrey Hepburn","Coco Chanel","Grace Kelly","ikona","ikony","Kate Moss","Madonna","m\u00f3dn\u00ed ikona","m\u00f3dn\u00ed ikony","princezna Diana"],"articleSection":["M\u00f3da"],"inLanguage":"fr-FR"},{"@type":"WebPage","@id":"https:\/\/regbu.com\/fr\/les-icones-de-mode-qui-ne-sont-jamais-oubliees\/","url":"https:\/\/regbu.com\/fr\/les-icones-de-mode-qui-ne-sont-jamais-oubliees\/","name":"Des ic\u00f4nes de la mode \u00e0 ne pas oublier - REGBU.COM","isPartOf":{"@id":"https:\/\/regbu.com\/en\/#website"},"primaryImageOfPage":{"@id":"https:\/\/regbu.com\/fr\/les-icones-de-mode-qui-ne-sont-jamais-oubliees\/#primaryimage"},"image":{"@id":"https:\/\/regbu.com\/fr\/les-icones-de-mode-qui-ne-sont-jamais-oubliees\/#primaryimage"},"thumbnailUrl":"https:\/\/regbu.com\/wp-content\/uploads\/2023\/06\/modni-ikony-na-ktere-se-nezapomina.jpg","datePublished":"2023-06-19T16:30:35+00:00","dateModified":"2025-09-05T05:42:15+00:00","author":{"@id":"https:\/\/regbu.com\/en\/#\/schema\/person\/94ea9deda2629771b8a9ced002f6784e"},"description":"Faites connaissance avec les ic\u00f4nes de la mode du pass\u00e9, mais aussi du pr\u00e9sent. D\u00e9couvrez qui a influenc\u00e9 le style de la mode dans une large mesure et pendant longtemps.","breadcrumb":{"@id":"https:\/\/regbu.com\/fr\/les-icones-de-mode-qui-ne-sont-jamais-oubliees\/#breadcrumb"},"inLanguage":"fr-FR","potentialAction":[{"@type":"ReadAction","target":["https:\/\/regbu.com\/fr\/les-icones-de-mode-qui-ne-sont-jamais-oubliees\/"]}]},{"@type":"ImageObject","inLanguage":"fr-FR","@id":"https:\/\/regbu.com\/fr\/les-icones-de-mode-qui-ne-sont-jamais-oubliees\/#primaryimage","url":"https:\/\/regbu.com\/wp-content\/uploads\/2023\/06\/modni-ikony-na-ktere-se-nezapomina.jpg","contentUrl":"https:\/\/regbu.com\/wp-content\/uploads\/2023\/06\/modni-ikony-na-ktere-se-nezapomina.jpg","width":1200,"height":678,"caption":"M\u00f3dn\u00ed ikony, na kter\u00e9 se nezapom\u00edn\u00e1"},{"@type":"BreadcrumbList","@id":"https:\/\/regbu.com\/fr\/les-icones-de-mode-qui-ne-sont-jamais-oubliees\/#breadcrumb","itemListElement":[{"@type":"ListItem","position":1,"name":"Home","item":"https:\/\/regbu.com\/en\/"},{"@type":"ListItem","position":2,"name":"M\u00f3dn\u00ed ikony, na kter\u00e9 se nezapom\u00edn\u00e1"}]},{"@type":"WebSite","@id":"https:\/\/regbu.com\/en\/#website","url":"https:\/\/regbu.com\/en\/","name":"REGBU.COM","description":"","potentialAction":[{"@type":"SearchAction","target":{"@type":"EntryPoint","urlTemplate":"https:\/\/regbu.com\/en\/?s={search_term_string}"},"query-input":{"@type":"PropertyValueSpecification","valueRequired":true,"valueName":"search_term_string"}}],"inLanguage":"fr-FR"},{"@type":"Person","@id":"https:\/\/regbu.com\/en\/#\/schema\/person\/94ea9deda2629771b8a9ced002f6784e","name":"George Martin","url":"https:\/\/regbu.com\/fr\/author\/george-martin\/"}]}},"_links":{"self":[{"href":"https:\/\/regbu.com\/fr\/wp-json\/wp\/v2\/posts\/864","targetHints":{"allow":["GET"]}}],"collection":[{"href":"https:\/\/regbu.com\/fr\/wp-json\/wp\/v2\/posts"}],"about":[{"href":"https:\/\/regbu.com\/fr\/wp-json\/wp\/v2\/types\/post"}],"author":[{"embeddable":true,"href":"https:\/\/regbu.com\/fr\/wp-json\/wp\/v2\/users\/2"}],"replies":[{"embeddable":true,"href":"https:\/\/regbu.com\/fr\/wp-json\/wp\/v2\/comments?post=864"}],"version-history":[{"count":3,"href":"https:\/\/regbu.com\/fr\/wp-json\/wp\/v2\/posts\/864\/revisions"}],"predecessor-version":[{"id":879,"href":"https:\/\/regbu.com\/fr\/wp-json\/wp\/v2\/posts\/864\/revisions\/879"}],"wp:featuredmedia":[{"embeddable":true,"href":"https:\/\/regbu.com\/fr\/wp-json\/wp\/v2\/media\/865"}],"wp:attachment":[{"href":"https:\/\/regbu.com\/fr\/wp-json\/wp\/v2\/media?parent=864"}],"wp:term":[{"taxonomy":"category","embeddable":true,"href":"https:\/\/regbu.com\/fr\/wp-json\/wp\/v2\/categories?post=864"},{"taxonomy":"post_tag","embeddable":true,"href":"https:\/\/regbu.com\/fr\/wp-json\/wp\/v2\/tags?post=864"}],"curies":[{"name":"wp","href":"https:\/\/api.w.org\/{rel}","templated":true}]}}