{"id":861,"date":"2023-06-19T18:28:21","date_gmt":"2023-06-19T16:28:21","guid":{"rendered":"https:\/\/regbu.com\/?p=861"},"modified":"2025-09-05T07:42:17","modified_gmt":"2025-09-05T05:42:17","slug":"uces-si-zvolte-podle-typu-postavy","status":"publish","type":"post","link":"https:\/\/regbu.com\/fr\/uces-vous-choisissez-par-type-de-personnage\/","title":{"rendered":"Choisissez votre coiffure en fonction de votre morphologie"},"content":{"rendered":"<p>La coiffure est l'une des choses auxquelles les femmes sont g\u00e9n\u00e9ralement tr\u00e8s attach\u00e9es. Et ce n'est pas \u00e9tonnant, car c'est la coiffure qui peut illuminer votre visage et changer votre allure g\u00e9n\u00e9rale. Tout comme on s'habille en fonction de <strong><a href=\"https:\/\/regbu.com\/fr\/type-de-personnage-decide-de-letat-de-lete\/\">type de corps<\/a><\/strong>vous devez vous coiffer en fonction d'elle. Beaucoup d'entre vous ne s'en rendent peut-\u00eatre pas compte, mais l'association de votre silhouette et d'une bonne coiffure donne un r\u00e9sultat tr\u00e8s positif.<\/p>\n\n\n\n<h2 class=\"wp-block-heading\">Une coiffure qui vous rajeunit tout simplement<\/h2>\n\n\n\n<p>Vous avez une silhouette aux courbes gracieuses, domin\u00e9e notamment par une poitrine g\u00e9n\u00e9reuse ? D\u00e9cidez alors si vous souhaitez accentuer ou supprimer cet avantage. Choisissez en cons\u00e9quence. <strong>Coiffure courte contre coiffure longue sur cheveux ondul\u00e9s<\/strong>. Les questions et r\u00e9ponses suivantes vous en apprendront \u00e9galement beaucoup sur les coiffures.<\/p>\n\n\n\n<div class=\"schema-faq wp-block-yoast-faq-block\"><div class=\"schema-faq-section\" id=\"faq-question-1687191753296\"><strong class=\"schema-faq-question\">Quelle coiffure pour une silhouette athl\u00e9tique ?<\/strong> <p class=\"schema-faq-answer\">Avec ce personnage, vous n'aurez probablement pas besoin de plisser le front. N'importe quel style de cheveux vous conviendra. Qu'ils soient lisses, ondul\u00e9s, courts ou longs.<\/p> <\/div> <div class=\"schema-faq-section\" id=\"faq-question-1687191760588\"><strong class=\"schema-faq-question\">Quel type de coiffure est utilis\u00e9 pour les femmes plus rondes ?<\/strong> <p class=\"schema-faq-answer\">Oubliez les coupes de cheveux courtes. Les coupes de cheveux mi-longues \u00e0 l'\u00e9paule semblent bien meilleures. Soutenez les boucles fines avec une couleur bien choisie.<\/p> <\/div> <div class=\"schema-faq-section\" id=\"faq-question-1687191768392\"><strong class=\"schema-faq-question\">Comment les femmes de grande taille doivent-elles se coiffer ?<\/strong> <p class=\"schema-faq-answer\">Dans ce cas, il est bon d'accentuer cette f\u00e9minit\u00e9, ce que vous pouvez faire avec des cheveux longs. Vous pouvez \u00e9galement envisager une coiffure postiche.<\/p> <\/div> <div class=\"schema-faq-section\" id=\"faq-question-1687191776217\"><strong class=\"schema-faq-question\">Quels sont les cheveux qui ne conviennent pas aux femmes aux jambes longues et minces ?<\/strong> <p class=\"schema-faq-answer\">\u00c9vitez les coupes de cheveux courtes, qui ne sont g\u00e9n\u00e9ralement pas le bon choix. De plus, elles favorisent la masculinit\u00e9 plut\u00f4t que la f\u00e9minit\u00e9.<\/p> <\/div> <div class=\"schema-faq-section\" id=\"faq-question-1687191783717\"><strong class=\"schema-faq-question\">Quelles sont les couleurs de cheveux qui amincissent ?<\/strong> <p class=\"schema-faq-answer\">Il en va de m\u00eame pour les v\u00eatements. Une couleur plus fonc\u00e9e donne l'impression d'\u00eatre plus mince, tandis qu'un blond clair donne de l'embonpoint.<\/p> <\/div> <\/div>\n\n\n\n<h3 class=\"wp-block-heading\">Le coiffeur vous conseillera toujours<\/h3>\n\n\n\n<p>Il est vrai que chaque femme est une cr\u00e9ature individuelle et qu'elle a ses propres id\u00e9es sur l'apparence finale. Celles-ci sont id\u00e9alement consltu\u00e9es<strong> avec un coiffeur<\/strong>. Vous pourrez alors combiner ses conseils avec les r\u00e8gles pr\u00e9sent\u00e9es ci-dessus. Un tel professionnel vous ouvrira les yeux et vous donnera de bons conseils non seulement sur une coiffure particuli\u00e8re, mais aussi sur sa coloration. M\u00eame les petits d\u00e9tails jouent un r\u00f4le crucial dans le choix d'une couleur de cheveux. On peut citer la couleur de la peau, des yeux, etc. En bref, tout cela n\u00e9cessite l'intervention d'un professionnel exp\u00e9riment\u00e9.<\/p>","protected":false},"excerpt":{"rendered":"<p>La coiffure est l'une des choses auxquelles les femmes sont g\u00e9n\u00e9ralement tr\u00e8s attach\u00e9es. Et ce n'est pas \u00e9tonnant, car c'est la coiffure qui peut illuminer votre visage et changer votre allure g\u00e9n\u00e9rale. Tout comme vous vous habillez en fonction de votre morphologie, vous devez \u00e9galement vous coiffer en fonction de celle-ci. Beaucoup d'entre vous ne s'en rendent peut-\u00eatre m\u00eame pas compte, mais ... <\/p>","protected":false},"author":2,"featured_media":862,"comment_status":"closed","ping_status":"closed","sticky":false,"template":"","format":"standard","meta":{"footnotes":""},"categories":[671],"tags":[746,747,745,743,734,748,733,741,742,744],"class_list":["post-861","post","type-post","status-publish","format-standard","has-post-thumbnail","hentry","category-moda","tag-blond","tag-cerne-vlasy","tag-dlouhe-vlasy","tag-kratky-uces","tag-postava","tag-sithle-zeny","tag-typ-postavy","tag-uces","tag-ucesy","tag-vlasy"],"yoast_head":"<!-- This site is optimized with the Yoast SEO plugin v27.5 - https:\/\/yoast.com\/product\/yoast-seo-wordpress\/ -->\n<title>\u00da\u010des si zvolte podle typu postavy - REGBU.COM<\/title>\n<meta name=\"description\" content=\"Nev\u00edte, jak\u00fd si nechat ud\u011blat \u00fa\u010des? Pak se V\u00e1m s nejv\u011bt\u0161\u0161\u00ed pravd\u011bpodobnost\u00ed stane vod\u00edtkem Va\u0161e vlastn\u00ed postava.\" \/>\n<meta name=\"robots\" content=\"index, follow, max-snippet:-1, max-image-preview:large, max-video-preview:-1\" \/>\n<link rel=\"canonical\" href=\"https:\/\/regbu.com\/fr\/uces-vous-choisissez-par-type-de-personnage\/\" \/>\n<meta property=\"og:locale\" content=\"fr_FR\" \/>\n<meta property=\"og:type\" content=\"article\" \/>\n<meta property=\"og:title\" content=\"\u00da\u010des si zvolte podle typu postavy - REGBU.COM\" \/>\n<meta property=\"og:description\" content=\"Nev\u00edte, jak\u00fd si nechat ud\u011blat \u00fa\u010des? Pak se V\u00e1m s nejv\u011bt\u0161\u0161\u00ed pravd\u011bpodobnost\u00ed stane vod\u00edtkem Va\u0161e vlastn\u00ed postava.\" \/>\n<meta property=\"og:url\" content=\"https:\/\/regbu.com\/fr\/uces-vous-choisissez-par-type-de-personnage\/\" \/>\n<meta property=\"og:site_name\" content=\"REGBU.COM\" \/>\n<meta property=\"article:published_time\" content=\"2023-06-19T16:28:21+00:00\" \/>\n<meta property=\"article:modified_time\" content=\"2025-09-05T05:42:17+00:00\" \/>\n<meta property=\"og:image\" content=\"https:\/\/regbu.com\/wp-content\/uploads\/2023\/06\/uves-si-zvolte-podle-typu-postavy.jpg\" \/>\n\t<meta property=\"og:image:width\" content=\"1200\" \/>\n\t<meta property=\"og:image:height\" content=\"680\" \/>\n\t<meta property=\"og:image:type\" content=\"image\/jpeg\" \/>\n<meta name=\"author\" content=\"George Martin\" \/>\n<meta name=\"twitter:card\" content=\"summary_large_image\" \/>\n<meta name=\"twitter:label1\" content=\"\u00c9crit par\" \/>\n\t<meta name=\"twitter:data1\" content=\"George Martin\" \/>\n\t<meta name=\"twitter:label2\" content=\"Dur\u00e9e de lecture estim\u00e9e\" \/>\n\t<meta name=\"twitter:data2\" content=\"2 minutes\" \/>\n<script type=\"application\/ld+json\" class=\"yoast-schema-graph\">{\"@context\":\"https:\\\/\\\/schema.org\",\"@graph\":[{\"@type\":\"Article\",\"@id\":\"https:\\\/\\\/regbu.com\\\/fr\\\/uces-vous-choisissez-par-type-de-personnage\\\/#article\",\"isPartOf\":{\"@id\":\"https:\\\/\\\/regbu.com\\\/fr\\\/uces-vous-choisissez-par-type-de-personnage\\\/\"},\"author\":{\"name\":\"George Martin\",\"@id\":\"https:\\\/\\\/regbu.com\\\/en\\\/#\\\/schema\\\/person\\\/94ea9deda2629771b8a9ced002f6784e\"},\"headline\":\"\u00da\u010des si zvolte podle typu postavy\",\"datePublished\":\"2023-06-19T16:28:21+00:00\",\"dateModified\":\"2025-09-05T05:42:17+00:00\",\"mainEntityOfPage\":{\"@id\":\"https:\\\/\\\/regbu.com\\\/fr\\\/uces-vous-choisissez-par-type-de-personnage\\\/\"},\"wordCount\":427,\"image\":{\"@id\":\"https:\\\/\\\/regbu.com\\\/fr\\\/uces-vous-choisissez-par-type-de-personnage\\\/#primaryimage\"},\"thumbnailUrl\":\"https:\\\/\\\/regbu.com\\\/wp-content\\\/uploads\\\/2023\\\/06\\\/uves-si-zvolte-podle-typu-postavy.jpg\",\"keywords\":[\"blond\",\"\u010dern\u00e9 vlasy\",\"dlouh\u00e9 vlasy\",\"kr\u00e1tk\u00fd \u00fa\u010des\",\"postava\",\"\u0161\u00edthl\u00e9 \u017eeny\",\"typ postavy\",\"\u00fa\u010des\",\"\u00fa\u010desy\",\"vlasy\"],\"articleSection\":[\"M\u00f3da\"],\"inLanguage\":\"fr-FR\"},{\"@type\":[\"WebPage\",\"FAQPage\"],\"@id\":\"https:\\\/\\\/regbu.com\\\/fr\\\/uces-vous-choisissez-par-type-de-personnage\\\/\",\"url\":\"https:\\\/\\\/regbu.com\\\/fr\\\/uces-vous-choisissez-par-type-de-personnage\\\/\",\"name\":\"\u00da\u010des si zvolte podle typu postavy - REGBU.COM\",\"isPartOf\":{\"@id\":\"https:\\\/\\\/regbu.com\\\/en\\\/#website\"},\"primaryImageOfPage\":{\"@id\":\"https:\\\/\\\/regbu.com\\\/fr\\\/uces-vous-choisissez-par-type-de-personnage\\\/#primaryimage\"},\"image\":{\"@id\":\"https:\\\/\\\/regbu.com\\\/fr\\\/uces-vous-choisissez-par-type-de-personnage\\\/#primaryimage\"},\"thumbnailUrl\":\"https:\\\/\\\/regbu.com\\\/wp-content\\\/uploads\\\/2023\\\/06\\\/uves-si-zvolte-podle-typu-postavy.jpg\",\"datePublished\":\"2023-06-19T16:28:21+00:00\",\"dateModified\":\"2025-09-05T05:42:17+00:00\",\"author\":{\"@id\":\"https:\\\/\\\/regbu.com\\\/en\\\/#\\\/schema\\\/person\\\/94ea9deda2629771b8a9ced002f6784e\"},\"description\":\"Nev\u00edte, jak\u00fd si nechat ud\u011blat \u00fa\u010des? Pak se V\u00e1m s nejv\u011bt\u0161\u0161\u00ed pravd\u011bpodobnost\u00ed stane vod\u00edtkem Va\u0161e vlastn\u00ed postava.\",\"breadcrumb\":{\"@id\":\"https:\\\/\\\/regbu.com\\\/fr\\\/uces-vous-choisissez-par-type-de-personnage\\\/#breadcrumb\"},\"mainEntity\":[{\"@id\":\"https:\\\/\\\/regbu.com\\\/fr\\\/uces-vous-choisissez-par-type-de-personnage\\\/#faq-question-1687191753296\"},{\"@id\":\"https:\\\/\\\/regbu.com\\\/fr\\\/uces-vous-choisissez-par-type-de-personnage\\\/#faq-question-1687191760588\"},{\"@id\":\"https:\\\/\\\/regbu.com\\\/fr\\\/uces-vous-choisissez-par-type-de-personnage\\\/#faq-question-1687191768392\"},{\"@id\":\"https:\\\/\\\/regbu.com\\\/fr\\\/uces-vous-choisissez-par-type-de-personnage\\\/#faq-question-1687191776217\"},{\"@id\":\"https:\\\/\\\/regbu.com\\\/fr\\\/uces-vous-choisissez-par-type-de-personnage\\\/#faq-question-1687191783717\"}],\"inLanguage\":\"fr-FR\",\"potentialAction\":[{\"@type\":\"ReadAction\",\"target\":[\"https:\\\/\\\/regbu.com\\\/fr\\\/uces-vous-choisissez-par-type-de-personnage\\\/\"]}]},{\"@type\":\"ImageObject\",\"inLanguage\":\"fr-FR\",\"@id\":\"https:\\\/\\\/regbu.com\\\/fr\\\/uces-vous-choisissez-par-type-de-personnage\\\/#primaryimage\",\"url\":\"https:\\\/\\\/regbu.com\\\/wp-content\\\/uploads\\\/2023\\\/06\\\/uves-si-zvolte-podle-typu-postavy.jpg\",\"contentUrl\":\"https:\\\/\\\/regbu.com\\\/wp-content\\\/uploads\\\/2023\\\/06\\\/uves-si-zvolte-podle-typu-postavy.jpg\",\"width\":1200,\"height\":680,\"caption\":\"\u00da\u010des si zvolte podle typu postavy\"},{\"@type\":\"BreadcrumbList\",\"@id\":\"https:\\\/\\\/regbu.com\\\/fr\\\/uces-vous-choisissez-par-type-de-personnage\\\/#breadcrumb\",\"itemListElement\":[{\"@type\":\"ListItem\",\"position\":1,\"name\":\"Home\",\"item\":\"https:\\\/\\\/regbu.com\\\/en\\\/\"},{\"@type\":\"ListItem\",\"position\":2,\"name\":\"\u00da\u010des si zvolte podle typu postavy\"}]},{\"@type\":\"WebSite\",\"@id\":\"https:\\\/\\\/regbu.com\\\/en\\\/#website\",\"url\":\"https:\\\/\\\/regbu.com\\\/en\\\/\",\"name\":\"REGBU.COM\",\"description\":\"\",\"potentialAction\":[{\"@type\":\"SearchAction\",\"target\":{\"@type\":\"EntryPoint\",\"urlTemplate\":\"https:\\\/\\\/regbu.com\\\/en\\\/?s={search_term_string}\"},\"query-input\":{\"@type\":\"PropertyValueSpecification\",\"valueRequired\":true,\"valueName\":\"search_term_string\"}}],\"inLanguage\":\"fr-FR\"},{\"@type\":\"Person\",\"@id\":\"https:\\\/\\\/regbu.com\\\/en\\\/#\\\/schema\\\/person\\\/94ea9deda2629771b8a9ced002f6784e\",\"name\":\"George Martin\",\"url\":\"https:\\\/\\\/regbu.com\\\/fr\\\/author\\\/george-martin\\\/\"},{\"@type\":\"Question\",\"@id\":\"https:\\\/\\\/regbu.com\\\/fr\\\/uces-vous-choisissez-par-type-de-personnage\\\/#faq-question-1687191753296\",\"position\":1,\"url\":\"https:\\\/\\\/regbu.com\\\/fr\\\/uces-vous-choisissez-par-type-de-personnage\\\/#faq-question-1687191753296\",\"name\":\"Jak\u00fd \u00fa\u010des pro atletickou postavu?\",\"answerCount\":1,\"acceptedAnswer\":{\"@type\":\"Answer\",\"text\":\"S touto postavou si asi nemus\u00edte d\u011blat vr\u00e1sky na \u010dele. Slu\u0161et V\u00e1m bude jak\u00e1koliv \u00faprava vlas\u016f. A\u0165 u\u017e budou rovn\u00e9, vlnit\u00e9, kr\u00e1tk\u00e9 \u010di dlouh\u00e9.\",\"inLanguage\":\"fr-FR\"},\"inLanguage\":\"fr-FR\"},{\"@type\":\"Question\",\"@id\":\"https:\\\/\\\/regbu.com\\\/fr\\\/uces-vous-choisissez-par-type-de-personnage\\\/#faq-question-1687191760588\",\"position\":2,\"url\":\"https:\\\/\\\/regbu.com\\\/fr\\\/uces-vous-choisissez-par-type-de-personnage\\\/#faq-question-1687191760588\",\"name\":\"Jak\u00e1 \u00faprava vlas\u016f se pou\u017e\u00edv\u00e1 pro baculat\u011bj\u0161\u00ed \u017eeny?\",\"answerCount\":1,\"acceptedAnswer\":{\"@type\":\"Answer\",\"text\":\"Zde rozhodn\u011b zapome\u0148te na kr\u00e1tk\u00e9 sest\u0159ihy. Mnohem lep\u0161\u00ed se zdaj\u00ed st\u0159edn\u011b dlouh\u00e9 \u00fa\u010desy na ramena. Jemn\u00e9 lokny podpo\u0159te vhodn\u011b zvolenou barvou.\",\"inLanguage\":\"fr-FR\"},\"inLanguage\":\"fr-FR\"},{\"@type\":\"Question\",\"@id\":\"https:\\\/\\\/regbu.com\\\/fr\\\/uces-vous-choisissez-par-type-de-personnage\\\/#faq-question-1687191768392\",\"position\":3,\"url\":\"https:\\\/\\\/regbu.com\\\/fr\\\/uces-vous-choisissez-par-type-de-personnage\\\/#faq-question-1687191768392\",\"name\":\"Jak se maj\u00ed \u010desat \u017eeny s vysokou postavou?\",\"answerCount\":1,\"acceptedAnswer\":{\"@type\":\"Answer\",\"text\":\"V tomto p\u0159\u00edpad\u011b je dobr\u00e9 vyp\u00edchnout onu \u017eenskost, co\u017e provedete jak jinak ne\u017e dlouh\u00fdmi vlasy. Uva\u017eovat byste m\u011bli tak\u00e9 o tup\u00edrovan\u00e9m \u00fa\u010desu.\",\"inLanguage\":\"fr-FR\"},\"inLanguage\":\"fr-FR\"},{\"@type\":\"Question\",\"@id\":\"https:\\\/\\\/regbu.com\\\/fr\\\/uces-vous-choisissez-par-type-de-personnage\\\/#faq-question-1687191776217\",\"position\":4,\"url\":\"https:\\\/\\\/regbu.com\\\/fr\\\/uces-vous-choisissez-par-type-de-personnage\\\/#faq-question-1687191776217\",\"name\":\"Jak\u00e9 vlasy nejsou ide\u00e1ln\u00ed pro dlouhonoh\u00e9 a \u0161t\u00edhl\u00e9 \u017eeny?\",\"answerCount\":1,\"acceptedAnswer\":{\"@type\":\"Answer\",\"text\":\"Vyvarujte se kr\u00e1tk\u00fdm sest\u0159ih\u016fm, kter\u00e9 obvykle nejsou tou spr\u00e1vnou volbou. Nav\u00edc podporuj\u00ed sp\u00ed\u0161e mu\u017enost ne\u017e \u017eenskost.\",\"inLanguage\":\"fr-FR\"},\"inLanguage\":\"fr-FR\"},{\"@type\":\"Question\",\"@id\":\"https:\\\/\\\/regbu.com\\\/fr\\\/uces-vous-choisissez-par-type-de-personnage\\\/#faq-question-1687191783717\",\"position\":5,\"url\":\"https:\\\/\\\/regbu.com\\\/fr\\\/uces-vous-choisissez-par-type-de-personnage\\\/#faq-question-1687191783717\",\"name\":\"Jak\u00e9 barvy vlas\u016f ze\u0161t\u00edhluj\u00ed?\",\"answerCount\":1,\"acceptedAnswer\":{\"@type\":\"Answer\",\"text\":\"Tady plat\u00ed to sam\u00e9, jako u oble\u010den\u00ed. Tmav\u0161\u00ed barva ze\u0161t\u00edhluje, naopak sv\u011btl\u00e1 blond p\u0159id\u00e1v\u00e1.\",\"inLanguage\":\"fr-FR\"},\"inLanguage\":\"fr-FR\"}]}<\/script>\n<!-- \/ Yoast SEO plugin. -->","yoast_head_json":{"title":"Choisissez votre coiffure en fonction de votre morphologie - REGBU.COM","description":"Vous ne savez pas quel type de coupe de cheveux adopter ? Dans ce cas, c'est votre propre silhouette qui vous servira de guide.","robots":{"index":"index","follow":"follow","max-snippet":"max-snippet:-1","max-image-preview":"max-image-preview:large","max-video-preview":"max-video-preview:-1"},"canonical":"https:\/\/regbu.com\/fr\/uces-vous-choisissez-par-type-de-personnage\/","og_locale":"fr_FR","og_type":"article","og_title":"\u00da\u010des si zvolte podle typu postavy - REGBU.COM","og_description":"Nev\u00edte, jak\u00fd si nechat ud\u011blat \u00fa\u010des? Pak se V\u00e1m s nejv\u011bt\u0161\u0161\u00ed pravd\u011bpodobnost\u00ed stane vod\u00edtkem Va\u0161e vlastn\u00ed postava.","og_url":"https:\/\/regbu.com\/fr\/uces-vous-choisissez-par-type-de-personnage\/","og_site_name":"REGBU.COM","article_published_time":"2023-06-19T16:28:21+00:00","article_modified_time":"2025-09-05T05:42:17+00:00","og_image":[{"width":1200,"height":680,"url":"https:\/\/regbu.com\/wp-content\/uploads\/2023\/06\/uves-si-zvolte-podle-typu-postavy.jpg","type":"image\/jpeg"}],"author":"George Martin","twitter_card":"summary_large_image","twitter_misc":{"\u00c9crit par":"George Martin","Dur\u00e9e de lecture estim\u00e9e":"2 minutes"},"schema":{"@context":"https:\/\/schema.org","@graph":[{"@type":"Article","@id":"https:\/\/regbu.com\/fr\/uces-vous-choisissez-par-type-de-personnage\/#article","isPartOf":{"@id":"https:\/\/regbu.com\/fr\/uces-vous-choisissez-par-type-de-personnage\/"},"author":{"name":"George Martin","@id":"https:\/\/regbu.com\/en\/#\/schema\/person\/94ea9deda2629771b8a9ced002f6784e"},"headline":"\u00da\u010des si zvolte podle typu postavy","datePublished":"2023-06-19T16:28:21+00:00","dateModified":"2025-09-05T05:42:17+00:00","mainEntityOfPage":{"@id":"https:\/\/regbu.com\/fr\/uces-vous-choisissez-par-type-de-personnage\/"},"wordCount":427,"image":{"@id":"https:\/\/regbu.com\/fr\/uces-vous-choisissez-par-type-de-personnage\/#primaryimage"},"thumbnailUrl":"https:\/\/regbu.com\/wp-content\/uploads\/2023\/06\/uves-si-zvolte-podle-typu-postavy.jpg","keywords":["blond","\u010dern\u00e9 vlasy","dlouh\u00e9 vlasy","kr\u00e1tk\u00fd \u00fa\u010des","postava","\u0161\u00edthl\u00e9 \u017eeny","typ postavy","\u00fa\u010des","\u00fa\u010desy","vlasy"],"articleSection":["M\u00f3da"],"inLanguage":"fr-FR"},{"@type":["WebPage","FAQPage"],"@id":"https:\/\/regbu.com\/fr\/uces-vous-choisissez-par-type-de-personnage\/","url":"https:\/\/regbu.com\/fr\/uces-vous-choisissez-par-type-de-personnage\/","name":"Choisissez votre coiffure en fonction de votre morphologie - REGBU.COM","isPartOf":{"@id":"https:\/\/regbu.com\/en\/#website"},"primaryImageOfPage":{"@id":"https:\/\/regbu.com\/fr\/uces-vous-choisissez-par-type-de-personnage\/#primaryimage"},"image":{"@id":"https:\/\/regbu.com\/fr\/uces-vous-choisissez-par-type-de-personnage\/#primaryimage"},"thumbnailUrl":"https:\/\/regbu.com\/wp-content\/uploads\/2023\/06\/uves-si-zvolte-podle-typu-postavy.jpg","datePublished":"2023-06-19T16:28:21+00:00","dateModified":"2025-09-05T05:42:17+00:00","author":{"@id":"https:\/\/regbu.com\/en\/#\/schema\/person\/94ea9deda2629771b8a9ced002f6784e"},"description":"Vous ne savez pas quel type de coupe de cheveux adopter ? Dans ce cas, c'est votre propre silhouette qui vous servira de guide.","breadcrumb":{"@id":"https:\/\/regbu.com\/fr\/uces-vous-choisissez-par-type-de-personnage\/#breadcrumb"},"mainEntity":[{"@id":"https:\/\/regbu.com\/fr\/uces-vous-choisissez-par-type-de-personnage\/#faq-question-1687191753296"},{"@id":"https:\/\/regbu.com\/fr\/uces-vous-choisissez-par-type-de-personnage\/#faq-question-1687191760588"},{"@id":"https:\/\/regbu.com\/fr\/uces-vous-choisissez-par-type-de-personnage\/#faq-question-1687191768392"},{"@id":"https:\/\/regbu.com\/fr\/uces-vous-choisissez-par-type-de-personnage\/#faq-question-1687191776217"},{"@id":"https:\/\/regbu.com\/fr\/uces-vous-choisissez-par-type-de-personnage\/#faq-question-1687191783717"}],"inLanguage":"fr-FR","potentialAction":[{"@type":"ReadAction","target":["https:\/\/regbu.com\/fr\/uces-vous-choisissez-par-type-de-personnage\/"]}]},{"@type":"ImageObject","inLanguage":"fr-FR","@id":"https:\/\/regbu.com\/fr\/uces-vous-choisissez-par-type-de-personnage\/#primaryimage","url":"https:\/\/regbu.com\/wp-content\/uploads\/2023\/06\/uves-si-zvolte-podle-typu-postavy.jpg","contentUrl":"https:\/\/regbu.com\/wp-content\/uploads\/2023\/06\/uves-si-zvolte-podle-typu-postavy.jpg","width":1200,"height":680,"caption":"\u00da\u010des si zvolte podle typu postavy"},{"@type":"BreadcrumbList","@id":"https:\/\/regbu.com\/fr\/uces-vous-choisissez-par-type-de-personnage\/#breadcrumb","itemListElement":[{"@type":"ListItem","position":1,"name":"Home","item":"https:\/\/regbu.com\/en\/"},{"@type":"ListItem","position":2,"name":"\u00da\u010des si zvolte podle typu postavy"}]},{"@type":"WebSite","@id":"https:\/\/regbu.com\/en\/#website","url":"https:\/\/regbu.com\/en\/","name":"REGBU.COM","description":"","potentialAction":[{"@type":"SearchAction","target":{"@type":"EntryPoint","urlTemplate":"https:\/\/regbu.com\/en\/?s={search_term_string}"},"query-input":{"@type":"PropertyValueSpecification","valueRequired":true,"valueName":"search_term_string"}}],"inLanguage":"fr-FR"},{"@type":"Person","@id":"https:\/\/regbu.com\/en\/#\/schema\/person\/94ea9deda2629771b8a9ced002f6784e","name":"George Martin","url":"https:\/\/regbu.com\/fr\/author\/george-martin\/"},{"@type":"Question","@id":"https:\/\/regbu.com\/fr\/uces-vous-choisissez-par-type-de-personnage\/#faq-question-1687191753296","position":1,"url":"https:\/\/regbu.com\/fr\/uces-vous-choisissez-par-type-de-personnage\/#faq-question-1687191753296","name":"Quelle coiffure pour une silhouette athl\u00e9tique ?","answerCount":1,"acceptedAnswer":{"@type":"Answer","text":"S touto postavou si asi nemus\u00edte d\u011blat vr\u00e1sky na \u010dele. Slu\u0161et V\u00e1m bude jak\u00e1koliv \u00faprava vlas\u016f. A\u0165 u\u017e budou rovn\u00e9, vlnit\u00e9, kr\u00e1tk\u00e9 \u010di dlouh\u00e9.","inLanguage":"fr-FR"},"inLanguage":"fr-FR"},{"@type":"Question","@id":"https:\/\/regbu.com\/fr\/uces-vous-choisissez-par-type-de-personnage\/#faq-question-1687191760588","position":2,"url":"https:\/\/regbu.com\/fr\/uces-vous-choisissez-par-type-de-personnage\/#faq-question-1687191760588","name":"Quel type de coiffure est utilis\u00e9 pour les femmes plus rondes ?","answerCount":1,"acceptedAnswer":{"@type":"Answer","text":"Zde rozhodn\u011b zapome\u0148te na kr\u00e1tk\u00e9 sest\u0159ihy. Mnohem lep\u0161\u00ed se zdaj\u00ed st\u0159edn\u011b dlouh\u00e9 \u00fa\u010desy na ramena. Jemn\u00e9 lokny podpo\u0159te vhodn\u011b zvolenou barvou.","inLanguage":"fr-FR"},"inLanguage":"fr-FR"},{"@type":"Question","@id":"https:\/\/regbu.com\/fr\/uces-vous-choisissez-par-type-de-personnage\/#faq-question-1687191768392","position":3,"url":"https:\/\/regbu.com\/fr\/uces-vous-choisissez-par-type-de-personnage\/#faq-question-1687191768392","name":"Comment les femmes de grande taille doivent-elles se coiffer ?","answerCount":1,"acceptedAnswer":{"@type":"Answer","text":"V tomto p\u0159\u00edpad\u011b je dobr\u00e9 vyp\u00edchnout onu \u017eenskost, co\u017e provedete jak jinak ne\u017e dlouh\u00fdmi vlasy. Uva\u017eovat byste m\u011bli tak\u00e9 o tup\u00edrovan\u00e9m \u00fa\u010desu.","inLanguage":"fr-FR"},"inLanguage":"fr-FR"},{"@type":"Question","@id":"https:\/\/regbu.com\/fr\/uces-vous-choisissez-par-type-de-personnage\/#faq-question-1687191776217","position":4,"url":"https:\/\/regbu.com\/fr\/uces-vous-choisissez-par-type-de-personnage\/#faq-question-1687191776217","name":"Quels sont les cheveux qui ne conviennent pas aux femmes aux jambes longues et minces ?","answerCount":1,"acceptedAnswer":{"@type":"Answer","text":"Vyvarujte se kr\u00e1tk\u00fdm sest\u0159ih\u016fm, kter\u00e9 obvykle nejsou tou spr\u00e1vnou volbou. Nav\u00edc podporuj\u00ed sp\u00ed\u0161e mu\u017enost ne\u017e \u017eenskost.","inLanguage":"fr-FR"},"inLanguage":"fr-FR"},{"@type":"Question","@id":"https:\/\/regbu.com\/fr\/uces-vous-choisissez-par-type-de-personnage\/#faq-question-1687191783717","position":5,"url":"https:\/\/regbu.com\/fr\/uces-vous-choisissez-par-type-de-personnage\/#faq-question-1687191783717","name":"Quelles sont les couleurs de cheveux qui amincissent ?","answerCount":1,"acceptedAnswer":{"@type":"Answer","text":"Tady plat\u00ed to sam\u00e9, jako u oble\u010den\u00ed. Tmav\u0161\u00ed barva ze\u0161t\u00edhluje, naopak sv\u011btl\u00e1 blond p\u0159id\u00e1v\u00e1.","inLanguage":"fr-FR"},"inLanguage":"fr-FR"}]}},"_links":{"self":[{"href":"https:\/\/regbu.com\/fr\/wp-json\/wp\/v2\/posts\/861","targetHints":{"allow":["GET"]}}],"collection":[{"href":"https:\/\/regbu.com\/fr\/wp-json\/wp\/v2\/posts"}],"about":[{"href":"https:\/\/regbu.com\/fr\/wp-json\/wp\/v2\/types\/post"}],"author":[{"embeddable":true,"href":"https:\/\/regbu.com\/fr\/wp-json\/wp\/v2\/users\/2"}],"replies":[{"embeddable":true,"href":"https:\/\/regbu.com\/fr\/wp-json\/wp\/v2\/comments?post=861"}],"version-history":[{"count":2,"href":"https:\/\/regbu.com\/fr\/wp-json\/wp\/v2\/posts\/861\/revisions"}],"predecessor-version":[{"id":878,"href":"https:\/\/regbu.com\/fr\/wp-json\/wp\/v2\/posts\/861\/revisions\/878"}],"wp:featuredmedia":[{"embeddable":true,"href":"https:\/\/regbu.com\/fr\/wp-json\/wp\/v2\/media\/862"}],"wp:attachment":[{"href":"https:\/\/regbu.com\/fr\/wp-json\/wp\/v2\/media?parent=861"}],"wp:term":[{"taxonomy":"category","embeddable":true,"href":"https:\/\/regbu.com\/fr\/wp-json\/wp\/v2\/categories?post=861"},{"taxonomy":"post_tag","embeddable":true,"href":"https:\/\/regbu.com\/fr\/wp-json\/wp\/v2\/tags?post=861"}],"curies":[{"name":"wp","href":"https:\/\/api.w.org\/{rel}","templated":true}]}}