{"id":448,"date":"2022-01-25T16:51:10","date_gmt":"2022-01-25T15:51:10","guid":{"rendered":"https:\/\/regbu.com\/?p=448"},"modified":"2025-09-05T07:42:43","modified_gmt":"2025-09-05T05:42:43","slug":"nespavost-kvuli-socialnim-sitim-vime-jak-na-ni","status":"publish","type":"post","link":"https:\/\/regbu.com\/fr\/insomnie-causes-changement-du-systeme-social-tel-quil-est\/","title":{"rendered":"L'insomnie due aux r\u00e9seaux sociaux - Nous savons comment la traiter"},"content":{"rendered":"<p>Fondamentalement, tous les r\u00e9seaux sociaux sont de puissants outils de communication qui causent toutes sortes de probl\u00e8mes. Un exemple typique est <strong><a href=\"https:\/\/regbu.com\/fr\/netolisme-est-une-independance-interagissant-avec-les-reseaux-sociaux\/\">netolisme<\/a><\/strong>. La d\u00e9pendance \u00e0 l'internet et aux r\u00e9seaux sociaux affecte principalement le psychisme. L'un des domaines les plus touch\u00e9s est le sommeil humain. L'insomnie touche de nombreux adolescents qui se sont laiss\u00e9s prendre au jeu des r\u00e9seaux sociaux.<\/p>\n\n\n\n<h2 class=\"wp-block-heading\">Effet n\u00e9gatif sur le sommeil<\/h2>\n\n\n\n<p><strong>Trop d'attention port\u00e9e \u00e0 la communication sur Internet<\/strong> m\u00e8ne g\u00e9n\u00e9ralement \u00e0 une chose n\u00e9gative. Le cerveau d'une personne travaille constamment et n'est pas en mesure de se reposer. Les discussions fr\u00e9quentes avec les amis jusqu'\u00e0 tard dans la soir\u00e9e provoquent \u00e9galement l'envie de consulter le t\u00e9l\u00e9phone pendant la nuit. Ainsi, le cerveau est constamment sollicit\u00e9 et le sommeil lui-m\u00eame s'estompe et dispara\u00eet lentement. C'est doublement vrai lorsque les r\u00e9seaux sociaux jouent un r\u00f4le dans <strong><a href=\"https:\/\/regbu.com\/fr\/cybersikana-man-nabyvat-nejruznejsich-likes\/\">Cyberintimidation<\/a><\/strong>.<\/p>\n\n\n\n<h2 class=\"wp-block-heading\">L'insomnie doit \u00eatre trait\u00e9e par une bonne hygi\u00e8ne.<\/h2>\n\n\n\n<p>Nous ne parlons pas ici de l'hygi\u00e8ne physique du corps, mais de celle de l'esprit. L'hygi\u00e8ne du sommeil, bien s\u00fbr, conduit au fait qu'avant de s'endormir, il faut avant tout <strong>vous n'utiliserez pas les r\u00e9seaux sociaux<\/strong>. En outre, il existe quelques autres conseils pratiques que vous pouvez prendre en consid\u00e9ration. Les plus importantes sont \u00e9num\u00e9r\u00e9es dans le tableau ci-dessous.<\/p>\n\n\n\n<figure class=\"wp-block-table\"><table><tbody><tr><td><strong>Sujet<\/strong><\/td><td><strong>Valeur<\/strong><\/td><\/tr><tr><td>Ne pas boire de caf\u00e9 avant le coucher<\/td><td>4 \u00e0 6 heures<\/td><\/tr><tr><td>Pardonnez-vous les repas lourds<\/td><td>3 \u00e0 4 heures<\/td><\/tr><tr><td>Temp\u00e9rature ambiante id\u00e9ale<\/td><td>18 \u00e0 20 degr\u00e9s Celsius<\/td><\/tr><tr><td>Ne faites pas d'exercice avant de vous coucher<\/td><td>3 \u00e0 4 heures<\/td><\/tr><\/tbody><\/table><figcaption>Comment avoir un sommeil plus r\u00e9parateur le soir ?<\/figcaption><\/figure>\n\n\n\n<p>Bien entendu, il faut ajouter \u00e0 ces recommandations le fait de limiter la consommation d'alcool, de ne pas fumer et d'essayer de se coucher \u00e0 peu pr\u00e8s \u00e0 la m\u00eame heure. Cela vaut \u00e9galement pour le lever.<\/p>\n\n\n\n<h3 class=\"wp-block-heading\">R\u00e9soudre l'insomnie gr\u00e2ce \u00e0 l'absence de technologie dans la chambre \u00e0 coucher<\/h3>\n\n\n\n<p>Si les r\u00e9seaux sociaux <strong>provoquer des insomnies d\u00e9sagr\u00e9ables<\/strong>nous devons commencer \u00e0 la racine de ces probl\u00e8mes. Les t\u00e9l\u00e9phones mobiles, les tablettes, les ordinateurs portables et les ordinateurs en sont la cause premi\u00e8re. Essayez de les exclure de votre chambre avant de vous endormir. Dans l'id\u00e9al, vous n'aurez m\u00eame pas de t\u00e9l\u00e9vision dans votre chambre et n'utiliserez vraiment cet espace que pour dormir, vous reposer et vous d\u00e9tendre.<\/p>\n\n\n\n<p>Ces recommandations s'appliquent principalement aux mineurs. Ils sont capables de communiquer via les r\u00e9seaux sociaux jusque tard dans la soir\u00e9e. La sous-estimation de ce probl\u00e8me peut entra\u00eener le d\u00e9veloppement de diverses n\u00e9vroses.<\/p>","protected":false},"excerpt":{"rendered":"<p>Fondamentalement, tous les r\u00e9seaux sociaux sont de puissants outils de communication qui causent toutes sortes de probl\u00e8mes. Le netolisme en est un exemple typique. La d\u00e9pendance \u00e0 l'Internet et aux r\u00e9seaux sociaux affecte principalement le psychisme. L'un des domaines les plus touch\u00e9s est le sommeil humain. L'insomnie touche de nombreux adolescents qui se sont laiss\u00e9s prendre au jeu des r\u00e9seaux sociaux. Impact n\u00e9gatif sur le sommeil On accorde trop d'attention \u00e0 ... <\/p>","protected":false},"author":2,"featured_media":449,"comment_status":"closed","ping_status":"closed","sticky":false,"template":"","format":"standard","meta":{"footnotes":""},"categories":[197],"tags":[484,293,485,486,487,488,367,489,490,491],"class_list":["post-448","post","type-post","status-publish","format-standard","has-post-thumbnail","hentry","category-lidske-zdravi","tag-chytry-telefon","tag-internet","tag-loznice","tag-nespavost","tag-pocitac","tag-socialni","tag-socialni-sit","tag-spanek","tag-spani","tag-spankova-hygiena"],"yoast_head":"<!-- This site is optimized with the Yoast SEO plugin v27.4 - https:\/\/yoast.com\/product\/yoast-seo-wordpress\/ -->\n<title>Nespavost kv\u016fli soci\u00e1ln\u00edm s\u00edt\u00edm - V\u00edme, jak na n\u00ed - REGBU.COM<\/title>\n<meta name=\"description\" content=\"Pokud nechcete, aby se Va\u0161\u00edm probl\u00e9mem stala nespavost, pak zapome\u0148te na soci\u00e1ln\u00ed s\u00edt\u011b v no\u010dn\u00edch hodin\u00e1ch. Porad\u00edme V\u00e1m, jak na to.\" \/>\n<meta name=\"robots\" content=\"index, follow, max-snippet:-1, max-image-preview:large, max-video-preview:-1\" \/>\n<link rel=\"canonical\" href=\"https:\/\/regbu.com\/fr\/insomnie-causes-changement-du-systeme-social-tel-quil-est\/\" \/>\n<meta property=\"og:locale\" content=\"fr_FR\" \/>\n<meta property=\"og:type\" content=\"article\" \/>\n<meta property=\"og:title\" content=\"Nespavost kv\u016fli soci\u00e1ln\u00edm s\u00edt\u00edm - V\u00edme, jak na n\u00ed - REGBU.COM\" \/>\n<meta property=\"og:description\" content=\"Pokud nechcete, aby se Va\u0161\u00edm probl\u00e9mem stala nespavost, pak zapome\u0148te na soci\u00e1ln\u00ed s\u00edt\u011b v no\u010dn\u00edch hodin\u00e1ch. Porad\u00edme V\u00e1m, jak na to.\" \/>\n<meta property=\"og:url\" content=\"https:\/\/regbu.com\/fr\/insomnie-causes-changement-du-systeme-social-tel-quil-est\/\" \/>\n<meta property=\"og:site_name\" content=\"REGBU.COM\" \/>\n<meta property=\"article:published_time\" content=\"2022-01-25T15:51:10+00:00\" \/>\n<meta property=\"article:modified_time\" content=\"2025-09-05T05:42:43+00:00\" \/>\n<meta property=\"og:image\" content=\"https:\/\/regbu.com\/wp-content\/uploads\/2022\/01\/nespavost-kvuli-socialnim-sitim-vime-jak-na-ni.jpg\" \/>\n\t<meta property=\"og:image:width\" content=\"1200\" \/>\n\t<meta property=\"og:image:height\" content=\"675\" \/>\n\t<meta property=\"og:image:type\" content=\"image\/jpeg\" \/>\n<meta name=\"author\" content=\"George Martin\" \/>\n<meta name=\"twitter:card\" content=\"summary_large_image\" \/>\n<meta name=\"twitter:label1\" content=\"\u00c9crit par\" \/>\n\t<meta name=\"twitter:data1\" content=\"George Martin\" \/>\n\t<meta name=\"twitter:label2\" content=\"Dur\u00e9e de lecture estim\u00e9e\" \/>\n\t<meta name=\"twitter:data2\" content=\"2 minutes\" \/>\n<script type=\"application\/ld+json\" class=\"yoast-schema-graph\">{\"@context\":\"https:\\\/\\\/schema.org\",\"@graph\":[{\"@type\":\"Article\",\"@id\":\"https:\\\/\\\/regbu.com\\\/nespavost-kvuli-socialnim-sitim-vime-jak-na-ni\\\/#article\",\"isPartOf\":{\"@id\":\"https:\\\/\\\/regbu.com\\\/nespavost-kvuli-socialnim-sitim-vime-jak-na-ni\\\/\"},\"author\":{\"name\":\"George Martin\",\"@id\":\"https:\\\/\\\/regbu.com\\\/en\\\/#\\\/schema\\\/person\\\/94ea9deda2629771b8a9ced002f6784e\"},\"headline\":\"Nespavost kv\u016fli soci\u00e1ln\u00edm s\u00edt\u00edm &#8211; V\u00edme, jak na n\u00ed\",\"datePublished\":\"2022-01-25T15:51:10+00:00\",\"dateModified\":\"2025-09-05T05:42:43+00:00\",\"mainEntityOfPage\":{\"@id\":\"https:\\\/\\\/regbu.com\\\/nespavost-kvuli-socialnim-sitim-vime-jak-na-ni\\\/\"},\"wordCount\":471,\"image\":{\"@id\":\"https:\\\/\\\/regbu.com\\\/nespavost-kvuli-socialnim-sitim-vime-jak-na-ni\\\/#primaryimage\"},\"thumbnailUrl\":\"https:\\\/\\\/regbu.com\\\/wp-content\\\/uploads\\\/2022\\\/01\\\/nespavost-kvuli-socialnim-sitim-vime-jak-na-ni.jpg\",\"keywords\":[\"chytr\u00fd telefon\",\"internet\",\"lo\u017enice\",\"nespavost\",\"po\u010d\u00edta\u010d\",\"soci\u00e1ln\u00ed\",\"soci\u00e1ln\u00ed s\u00ed\u0165\",\"sp\u00e1nek\",\"span\u00ed\",\"sp\u00e1nkov\u00e1 hygiena\"],\"articleSection\":[\"Lidsk\u00e9 Zdrav\u00ed\"],\"inLanguage\":\"fr-FR\"},{\"@type\":\"WebPage\",\"@id\":\"https:\\\/\\\/regbu.com\\\/nespavost-kvuli-socialnim-sitim-vime-jak-na-ni\\\/\",\"url\":\"https:\\\/\\\/regbu.com\\\/nespavost-kvuli-socialnim-sitim-vime-jak-na-ni\\\/\",\"name\":\"Nespavost kv\u016fli soci\u00e1ln\u00edm s\u00edt\u00edm - V\u00edme, jak na n\u00ed - REGBU.COM\",\"isPartOf\":{\"@id\":\"https:\\\/\\\/regbu.com\\\/en\\\/#website\"},\"primaryImageOfPage\":{\"@id\":\"https:\\\/\\\/regbu.com\\\/nespavost-kvuli-socialnim-sitim-vime-jak-na-ni\\\/#primaryimage\"},\"image\":{\"@id\":\"https:\\\/\\\/regbu.com\\\/nespavost-kvuli-socialnim-sitim-vime-jak-na-ni\\\/#primaryimage\"},\"thumbnailUrl\":\"https:\\\/\\\/regbu.com\\\/wp-content\\\/uploads\\\/2022\\\/01\\\/nespavost-kvuli-socialnim-sitim-vime-jak-na-ni.jpg\",\"datePublished\":\"2022-01-25T15:51:10+00:00\",\"dateModified\":\"2025-09-05T05:42:43+00:00\",\"author\":{\"@id\":\"https:\\\/\\\/regbu.com\\\/en\\\/#\\\/schema\\\/person\\\/94ea9deda2629771b8a9ced002f6784e\"},\"description\":\"Pokud nechcete, aby se Va\u0161\u00edm probl\u00e9mem stala nespavost, pak zapome\u0148te na soci\u00e1ln\u00ed s\u00edt\u011b v no\u010dn\u00edch hodin\u00e1ch. Porad\u00edme V\u00e1m, jak na to.\",\"breadcrumb\":{\"@id\":\"https:\\\/\\\/regbu.com\\\/nespavost-kvuli-socialnim-sitim-vime-jak-na-ni\\\/#breadcrumb\"},\"inLanguage\":\"fr-FR\",\"potentialAction\":[{\"@type\":\"ReadAction\",\"target\":[\"https:\\\/\\\/regbu.com\\\/nespavost-kvuli-socialnim-sitim-vime-jak-na-ni\\\/\"]}]},{\"@type\":\"ImageObject\",\"inLanguage\":\"fr-FR\",\"@id\":\"https:\\\/\\\/regbu.com\\\/nespavost-kvuli-socialnim-sitim-vime-jak-na-ni\\\/#primaryimage\",\"url\":\"https:\\\/\\\/regbu.com\\\/wp-content\\\/uploads\\\/2022\\\/01\\\/nespavost-kvuli-socialnim-sitim-vime-jak-na-ni.jpg\",\"contentUrl\":\"https:\\\/\\\/regbu.com\\\/wp-content\\\/uploads\\\/2022\\\/01\\\/nespavost-kvuli-socialnim-sitim-vime-jak-na-ni.jpg\",\"width\":1200,\"height\":675,\"caption\":\"Nespavost kv\u016fli soci\u00e1ln\u00edm s\u00edt\u00edm. V\u00edme, jak na n\u00ed\"},{\"@type\":\"BreadcrumbList\",\"@id\":\"https:\\\/\\\/regbu.com\\\/nespavost-kvuli-socialnim-sitim-vime-jak-na-ni\\\/#breadcrumb\",\"itemListElement\":[{\"@type\":\"ListItem\",\"position\":1,\"name\":\"Home\",\"item\":\"https:\\\/\\\/regbu.com\\\/en\\\/\"},{\"@type\":\"ListItem\",\"position\":2,\"name\":\"Nespavost kv\u016fli soci\u00e1ln\u00edm s\u00edt\u00edm &#8211; V\u00edme, jak na n\u00ed\"}]},{\"@type\":\"WebSite\",\"@id\":\"https:\\\/\\\/regbu.com\\\/en\\\/#website\",\"url\":\"https:\\\/\\\/regbu.com\\\/en\\\/\",\"name\":\"REGBU.COM\",\"description\":\"\",\"potentialAction\":[{\"@type\":\"SearchAction\",\"target\":{\"@type\":\"EntryPoint\",\"urlTemplate\":\"https:\\\/\\\/regbu.com\\\/en\\\/?s={search_term_string}\"},\"query-input\":{\"@type\":\"PropertyValueSpecification\",\"valueRequired\":true,\"valueName\":\"search_term_string\"}}],\"inLanguage\":\"fr-FR\"},{\"@type\":\"Person\",\"@id\":\"https:\\\/\\\/regbu.com\\\/en\\\/#\\\/schema\\\/person\\\/94ea9deda2629771b8a9ced002f6784e\",\"name\":\"George Martin\",\"url\":\"https:\\\/\\\/regbu.com\\\/fr\\\/author\\\/george-martin\\\/\"}]}<\/script>\n<!-- \/ Yoast SEO plugin. -->","yoast_head_json":{"title":"Insomnie due aux r\u00e9seaux sociaux - Nous savons comment la traiter - REGBU.COM","description":"Si vous ne voulez pas que l'insomnie devienne votre probl\u00e8me, oubliez les r\u00e9seaux sociaux le soir. Nous vous conseillerons sur la mani\u00e8re de le faire.","robots":{"index":"index","follow":"follow","max-snippet":"max-snippet:-1","max-image-preview":"max-image-preview:large","max-video-preview":"max-video-preview:-1"},"canonical":"https:\/\/regbu.com\/fr\/insomnie-causes-changement-du-systeme-social-tel-quil-est\/","og_locale":"fr_FR","og_type":"article","og_title":"Nespavost kv\u016fli soci\u00e1ln\u00edm s\u00edt\u00edm - V\u00edme, jak na n\u00ed - REGBU.COM","og_description":"Pokud nechcete, aby se Va\u0161\u00edm probl\u00e9mem stala nespavost, pak zapome\u0148te na soci\u00e1ln\u00ed s\u00edt\u011b v no\u010dn\u00edch hodin\u00e1ch. Porad\u00edme V\u00e1m, jak na to.","og_url":"https:\/\/regbu.com\/fr\/insomnie-causes-changement-du-systeme-social-tel-quil-est\/","og_site_name":"REGBU.COM","article_published_time":"2022-01-25T15:51:10+00:00","article_modified_time":"2025-09-05T05:42:43+00:00","og_image":[{"width":1200,"height":675,"url":"https:\/\/regbu.com\/wp-content\/uploads\/2022\/01\/nespavost-kvuli-socialnim-sitim-vime-jak-na-ni.jpg","type":"image\/jpeg"}],"author":"George Martin","twitter_card":"summary_large_image","twitter_misc":{"\u00c9crit par":"George Martin","Dur\u00e9e de lecture estim\u00e9e":"2 minutes"},"schema":{"@context":"https:\/\/schema.org","@graph":[{"@type":"Article","@id":"https:\/\/regbu.com\/nespavost-kvuli-socialnim-sitim-vime-jak-na-ni\/#article","isPartOf":{"@id":"https:\/\/regbu.com\/nespavost-kvuli-socialnim-sitim-vime-jak-na-ni\/"},"author":{"name":"George Martin","@id":"https:\/\/regbu.com\/en\/#\/schema\/person\/94ea9deda2629771b8a9ced002f6784e"},"headline":"Nespavost kv\u016fli soci\u00e1ln\u00edm s\u00edt\u00edm &#8211; V\u00edme, jak na n\u00ed","datePublished":"2022-01-25T15:51:10+00:00","dateModified":"2025-09-05T05:42:43+00:00","mainEntityOfPage":{"@id":"https:\/\/regbu.com\/nespavost-kvuli-socialnim-sitim-vime-jak-na-ni\/"},"wordCount":471,"image":{"@id":"https:\/\/regbu.com\/nespavost-kvuli-socialnim-sitim-vime-jak-na-ni\/#primaryimage"},"thumbnailUrl":"https:\/\/regbu.com\/wp-content\/uploads\/2022\/01\/nespavost-kvuli-socialnim-sitim-vime-jak-na-ni.jpg","keywords":["chytr\u00fd telefon","internet","lo\u017enice","nespavost","po\u010d\u00edta\u010d","soci\u00e1ln\u00ed","soci\u00e1ln\u00ed s\u00ed\u0165","sp\u00e1nek","span\u00ed","sp\u00e1nkov\u00e1 hygiena"],"articleSection":["Lidsk\u00e9 Zdrav\u00ed"],"inLanguage":"fr-FR"},{"@type":"WebPage","@id":"https:\/\/regbu.com\/nespavost-kvuli-socialnim-sitim-vime-jak-na-ni\/","url":"https:\/\/regbu.com\/nespavost-kvuli-socialnim-sitim-vime-jak-na-ni\/","name":"Insomnie due aux r\u00e9seaux sociaux - Nous savons comment la traiter - REGBU.COM","isPartOf":{"@id":"https:\/\/regbu.com\/en\/#website"},"primaryImageOfPage":{"@id":"https:\/\/regbu.com\/nespavost-kvuli-socialnim-sitim-vime-jak-na-ni\/#primaryimage"},"image":{"@id":"https:\/\/regbu.com\/nespavost-kvuli-socialnim-sitim-vime-jak-na-ni\/#primaryimage"},"thumbnailUrl":"https:\/\/regbu.com\/wp-content\/uploads\/2022\/01\/nespavost-kvuli-socialnim-sitim-vime-jak-na-ni.jpg","datePublished":"2022-01-25T15:51:10+00:00","dateModified":"2025-09-05T05:42:43+00:00","author":{"@id":"https:\/\/regbu.com\/en\/#\/schema\/person\/94ea9deda2629771b8a9ced002f6784e"},"description":"Si vous ne voulez pas que l'insomnie devienne votre probl\u00e8me, oubliez les r\u00e9seaux sociaux le soir. Nous vous conseillerons sur la mani\u00e8re de le faire.","breadcrumb":{"@id":"https:\/\/regbu.com\/nespavost-kvuli-socialnim-sitim-vime-jak-na-ni\/#breadcrumb"},"inLanguage":"fr-FR","potentialAction":[{"@type":"ReadAction","target":["https:\/\/regbu.com\/nespavost-kvuli-socialnim-sitim-vime-jak-na-ni\/"]}]},{"@type":"ImageObject","inLanguage":"fr-FR","@id":"https:\/\/regbu.com\/nespavost-kvuli-socialnim-sitim-vime-jak-na-ni\/#primaryimage","url":"https:\/\/regbu.com\/wp-content\/uploads\/2022\/01\/nespavost-kvuli-socialnim-sitim-vime-jak-na-ni.jpg","contentUrl":"https:\/\/regbu.com\/wp-content\/uploads\/2022\/01\/nespavost-kvuli-socialnim-sitim-vime-jak-na-ni.jpg","width":1200,"height":675,"caption":"Nespavost kv\u016fli soci\u00e1ln\u00edm s\u00edt\u00edm. V\u00edme, jak na n\u00ed"},{"@type":"BreadcrumbList","@id":"https:\/\/regbu.com\/nespavost-kvuli-socialnim-sitim-vime-jak-na-ni\/#breadcrumb","itemListElement":[{"@type":"ListItem","position":1,"name":"Home","item":"https:\/\/regbu.com\/en\/"},{"@type":"ListItem","position":2,"name":"Nespavost kv\u016fli soci\u00e1ln\u00edm s\u00edt\u00edm &#8211; V\u00edme, jak na n\u00ed"}]},{"@type":"WebSite","@id":"https:\/\/regbu.com\/en\/#website","url":"https:\/\/regbu.com\/en\/","name":"REGBU.COM","description":"","potentialAction":[{"@type":"SearchAction","target":{"@type":"EntryPoint","urlTemplate":"https:\/\/regbu.com\/en\/?s={search_term_string}"},"query-input":{"@type":"PropertyValueSpecification","valueRequired":true,"valueName":"search_term_string"}}],"inLanguage":"fr-FR"},{"@type":"Person","@id":"https:\/\/regbu.com\/en\/#\/schema\/person\/94ea9deda2629771b8a9ced002f6784e","name":"George Martin","url":"https:\/\/regbu.com\/fr\/author\/george-martin\/"}]}},"_links":{"self":[{"href":"https:\/\/regbu.com\/fr\/wp-json\/wp\/v2\/posts\/448","targetHints":{"allow":["GET"]}}],"collection":[{"href":"https:\/\/regbu.com\/fr\/wp-json\/wp\/v2\/posts"}],"about":[{"href":"https:\/\/regbu.com\/fr\/wp-json\/wp\/v2\/types\/post"}],"author":[{"embeddable":true,"href":"https:\/\/regbu.com\/fr\/wp-json\/wp\/v2\/users\/2"}],"replies":[{"embeddable":true,"href":"https:\/\/regbu.com\/fr\/wp-json\/wp\/v2\/comments?post=448"}],"version-history":[{"count":3,"href":"https:\/\/regbu.com\/fr\/wp-json\/wp\/v2\/posts\/448\/revisions"}],"predecessor-version":[{"id":469,"href":"https:\/\/regbu.com\/fr\/wp-json\/wp\/v2\/posts\/448\/revisions\/469"}],"wp:featuredmedia":[{"embeddable":true,"href":"https:\/\/regbu.com\/fr\/wp-json\/wp\/v2\/media\/449"}],"wp:attachment":[{"href":"https:\/\/regbu.com\/fr\/wp-json\/wp\/v2\/media?parent=448"}],"wp:term":[{"taxonomy":"category","embeddable":true,"href":"https:\/\/regbu.com\/fr\/wp-json\/wp\/v2\/categories?post=448"},{"taxonomy":"post_tag","embeddable":true,"href":"https:\/\/regbu.com\/fr\/wp-json\/wp\/v2\/tags?post=448"}],"curies":[{"name":"wp","href":"https:\/\/api.w.org\/{rel}","templated":true}]}}