{"id":355,"date":"2022-01-21T15:49:00","date_gmt":"2022-01-21T14:49:00","guid":{"rendered":"https:\/\/regbu.com\/?p=355"},"modified":"2025-09-05T07:42:52","modified_gmt":"2025-09-05T05:42:52","slug":"instagram-socialni-sit-zalozena-na-fotografiich","status":"publish","type":"post","link":"https:\/\/regbu.com\/fr\/instagram-social-sit-for-photos\/","title":{"rendered":"Instagram - R\u00e9seau social bas\u00e9 sur les photos"},"content":{"rendered":"<p>Il existe diff\u00e9rents r\u00e9seaux sociaux dans le monde virtuel et sur l'internet. L'une des plus importantes est sans doute <strong><a href=\"https:\/\/regbu.com\/fr\/facebook-utilise-des-algorithmes-reflechis-et-reflechis\/\">Facebook<\/a><\/strong>. Toutefois, lorsqu'il s'agit de r\u00e9seaux sociaux ax\u00e9s sur le partage de photos et de vid\u00e9os, Instagram occupe \u00e9galement une place de choix. D'abord con\u00e7u pour les t\u00e9l\u00e9phones mobiles iPhone, le r\u00e9seau s'est progressivement \u00e9tendu aux utilisateurs d'Android.<\/p>\n\n\n\n<h2 class=\"wp-block-heading\">Des statistiques importantes pour commencer<\/h2>\n\n\n\n<p>Mentionnons d'embl\u00e9e que le r\u00e9seau social Instagram met en relation <strong>environ un milliard d'utilisateurs<\/strong>. Environ la moiti\u00e9 des personnes se concentrent sur l'utilisation quotidienne de ce r\u00e9seau. Vous serez peut-\u00eatre int\u00e9ress\u00e9 par les statistiques relatives \u00e0 l'\u00e2ge des utilisateurs, que nous pr\u00e9sentons dans le tableau ci-dessous.<\/p>\n\n\n\n<figure class=\"wp-block-table\"><table><tbody><tr><td><strong>Sujet<\/strong><\/td><td><strong>Valeur<\/strong><\/td><\/tr><tr><td>L'utilisation des adolescents en R\u00e9publique tch\u00e8que<\/td><td>72 %<\/td><\/tr><tr><td>Moins de 30 ans<\/td><td>59 %<\/td><\/tr><tr><td>Plus de 16 ans<\/td><td>44 %<\/td><\/tr><tr><td>Compte sans contenu<\/td><td>29 %<\/td><\/tr><\/tbody><\/table><figcaption>Utilisation d'Instagram chez les jeunes utilisateurs.<\/figcaption><\/figure>\n\n\n\n<p>Ce qui est \u00e9galement int\u00e9ressant avec Instagram, c'est qu'il d\u00e9pense 23 % de plus en publicit\u00e9 par rapport \u00e0 Facebook. Les statistiques \u00e0 long terme montrent une chose. Les postes sont le plus souvent publi\u00e9s le mercredi et le vendredi matin.<\/p>\n\n\n\n<h2 class=\"wp-block-heading\">Instagram, pas seulement pour le plaisir<\/h2>\n\n\n\n<p>Si l'on peut penser qu'un r\u00e9seau social de ce type est principalement destin\u00e9 \u00e0 des fins de divertissement, ce n'est pas toujours le cas. Le r\u00e9seau peut \u00eatre <strong>\u00e0 utiliser dans le cadre d'activit\u00e9s commerciales<\/strong>pour lesquels diff\u00e9rents outils technologiques sont pr\u00e9sent\u00e9s. Avec un nombre suffisant de followers, les utilisateurs peuvent \u00eatre sollicit\u00e9s pour la pr\u00e9sentation et la publicit\u00e9 de produits s\u00e9lectionn\u00e9s. Il s'agit, bien entendu, d'un service payant, qui devient donc un profit. Instagram peut donc \u00eatre utilis\u00e9 comme une source de revenus.<\/p>\n\n\n\n<h3 class=\"wp-block-heading\">Instagram pour les entreprises<\/h3>\n\n\n\n<p>Bien s\u00fbr, le r\u00e9seau social dispose d'avanc\u00e9es et d'outils technologiques, dont des algorithmes sophistiqu\u00e9s. Nombre d'entre elles s'appliquent \u00e9galement \u00e0 l'environnement de l'entreprise, au sein duquel, par exemple, la croissance d'une soci\u00e9t\u00e9 peut \u00eatre suivie. Il est possible de bannir des contenus en fonction de l'\u00e2ge, d'afficher des histoires pendant 24 heures ou d'offrir une flexibilit\u00e9 maximale dans la gestion du profil des utilisateurs.<\/p>\n\n\n\n<p><strong>Instagram est simplement pour tout le monde<\/strong>qui veulent se pr\u00e9senter sur Internet d'une certaine mani\u00e8re, par le biais de contenus multim\u00e9dias. Il est utilis\u00e9 pour le divertissement, mais aussi pour le travail, comme en t\u00e9moignent les nombreux outils utiles et riches.<\/p>","protected":false},"excerpt":{"rendered":"<p>Il existe diff\u00e9rents r\u00e9seaux sociaux dans le monde virtuel et sur l'internet. L'un des plus importants est sans aucun doute Facebook. Toutefois, lorsqu'il s'agit de r\u00e9seaux sociaux ax\u00e9s sur le partage de photos et de vid\u00e9os, Instagram occupe \u00e9galement une place de choix. D'abord con\u00e7u pour les t\u00e9l\u00e9phones mobiles iPhone, le r\u00e9seau s'est progressivement \u00e9tendu aux utilisateurs de mobiles Android. Des statistiques importantes ... <\/p>","protected":false},"author":2,"featured_media":356,"comment_status":"closed","ping_status":"closed","sticky":false,"template":"","format":"standard","meta":{"footnotes":""},"categories":[6],"tags":[371,364,372,373,366,374,367,375,370,376],"class_list":["post-355","post","type-post","status-publish","format-standard","has-post-thumbnail","hentry","category-technologie","tag-fotka","tag-fotky","tag-fotografie","tag-instagram","tag-multimedialni-obsah","tag-sdileni","tag-socialni-sit","tag-socialni-site","tag-videa","tag-video"],"yoast_head":"<!-- This site is optimized with the Yoast SEO plugin v27.4 - https:\/\/yoast.com\/product\/yoast-seo-wordpress\/ -->\n<title>Instagram \u2013 Soci\u00e1ln\u00ed s\u00ed\u0165 zalo\u017een\u00e1 na fotografi\u00edch - REGBU.COM<\/title>\n<meta name=\"description\" content=\"Chcete-li sd\u00edlet multimedi\u00e1ln\u00ed obsah na internetu, ide\u00e1ln\u00ed volbou bude Instagram. Soci\u00e1ln\u00ed s\u00ed\u0165, kter\u00e1 toho nab\u00edz\u00ed v\u00edce\" \/>\n<meta name=\"robots\" content=\"index, follow, max-snippet:-1, max-image-preview:large, max-video-preview:-1\" \/>\n<link rel=\"canonical\" href=\"https:\/\/regbu.com\/fr\/instagram-social-sit-for-photos\/\" \/>\n<meta property=\"og:locale\" content=\"fr_FR\" \/>\n<meta property=\"og:type\" content=\"article\" \/>\n<meta property=\"og:title\" content=\"Instagram \u2013 Soci\u00e1ln\u00ed s\u00ed\u0165 zalo\u017een\u00e1 na fotografi\u00edch - REGBU.COM\" \/>\n<meta property=\"og:description\" content=\"Chcete-li sd\u00edlet multimedi\u00e1ln\u00ed obsah na internetu, ide\u00e1ln\u00ed volbou bude Instagram. Soci\u00e1ln\u00ed s\u00ed\u0165, kter\u00e1 toho nab\u00edz\u00ed v\u00edce\" \/>\n<meta property=\"og:url\" content=\"https:\/\/regbu.com\/fr\/instagram-social-sit-for-photos\/\" \/>\n<meta property=\"og:site_name\" content=\"REGBU.COM\" \/>\n<meta property=\"article:published_time\" content=\"2022-01-21T14:49:00+00:00\" \/>\n<meta property=\"article:modified_time\" content=\"2025-09-05T05:42:52+00:00\" \/>\n<meta property=\"og:image\" content=\"https:\/\/regbu.com\/wp-content\/uploads\/2022\/01\/instagram-socilani-sit-zalozena-na-fotografiich.jpg\" \/>\n\t<meta property=\"og:image:width\" content=\"1200\" \/>\n\t<meta property=\"og:image:height\" content=\"677\" \/>\n\t<meta property=\"og:image:type\" content=\"image\/jpeg\" \/>\n<meta name=\"author\" content=\"George Martin\" \/>\n<meta name=\"twitter:card\" content=\"summary_large_image\" \/>\n<meta name=\"twitter:label1\" content=\"\u00c9crit par\" \/>\n\t<meta name=\"twitter:data1\" content=\"George Martin\" \/>\n\t<meta name=\"twitter:label2\" content=\"Dur\u00e9e de lecture estim\u00e9e\" \/>\n\t<meta name=\"twitter:data2\" content=\"2 minutes\" \/>\n<script type=\"application\/ld+json\" class=\"yoast-schema-graph\">{\"@context\":\"https:\\\/\\\/schema.org\",\"@graph\":[{\"@type\":\"Article\",\"@id\":\"https:\\\/\\\/regbu.com\\\/instagram-socialni-sit-zalozena-na-fotografiich\\\/#article\",\"isPartOf\":{\"@id\":\"https:\\\/\\\/regbu.com\\\/instagram-socialni-sit-zalozena-na-fotografiich\\\/\"},\"author\":{\"name\":\"George Martin\",\"@id\":\"https:\\\/\\\/regbu.com\\\/en\\\/#\\\/schema\\\/person\\\/94ea9deda2629771b8a9ced002f6784e\"},\"headline\":\"Instagram \u2013 Soci\u00e1ln\u00ed s\u00ed\u0165 zalo\u017een\u00e1 na fotografi\u00edch\",\"datePublished\":\"2022-01-21T14:49:00+00:00\",\"dateModified\":\"2025-09-05T05:42:52+00:00\",\"mainEntityOfPage\":{\"@id\":\"https:\\\/\\\/regbu.com\\\/instagram-socialni-sit-zalozena-na-fotografiich\\\/\"},\"wordCount\":444,\"image\":{\"@id\":\"https:\\\/\\\/regbu.com\\\/instagram-socialni-sit-zalozena-na-fotografiich\\\/#primaryimage\"},\"thumbnailUrl\":\"https:\\\/\\\/regbu.com\\\/wp-content\\\/uploads\\\/2022\\\/01\\\/instagram-socilani-sit-zalozena-na-fotografiich.jpg\",\"keywords\":[\"fotka\",\"fotky\",\"fotografie\",\"instagram\",\"multimedi\u00e1ln\u00ed obsah\",\"sd\u00edlen\u00ed\",\"soci\u00e1ln\u00ed s\u00ed\u0165\",\"soci\u00e1ln\u00ed s\u00edt\u011b\",\"videa\",\"video\"],\"articleSection\":[\"Technologie\"],\"inLanguage\":\"fr-FR\"},{\"@type\":\"WebPage\",\"@id\":\"https:\\\/\\\/regbu.com\\\/instagram-socialni-sit-zalozena-na-fotografiich\\\/\",\"url\":\"https:\\\/\\\/regbu.com\\\/instagram-socialni-sit-zalozena-na-fotografiich\\\/\",\"name\":\"Instagram \u2013 Soci\u00e1ln\u00ed s\u00ed\u0165 zalo\u017een\u00e1 na fotografi\u00edch - REGBU.COM\",\"isPartOf\":{\"@id\":\"https:\\\/\\\/regbu.com\\\/en\\\/#website\"},\"primaryImageOfPage\":{\"@id\":\"https:\\\/\\\/regbu.com\\\/instagram-socialni-sit-zalozena-na-fotografiich\\\/#primaryimage\"},\"image\":{\"@id\":\"https:\\\/\\\/regbu.com\\\/instagram-socialni-sit-zalozena-na-fotografiich\\\/#primaryimage\"},\"thumbnailUrl\":\"https:\\\/\\\/regbu.com\\\/wp-content\\\/uploads\\\/2022\\\/01\\\/instagram-socilani-sit-zalozena-na-fotografiich.jpg\",\"datePublished\":\"2022-01-21T14:49:00+00:00\",\"dateModified\":\"2025-09-05T05:42:52+00:00\",\"author\":{\"@id\":\"https:\\\/\\\/regbu.com\\\/en\\\/#\\\/schema\\\/person\\\/94ea9deda2629771b8a9ced002f6784e\"},\"description\":\"Chcete-li sd\u00edlet multimedi\u00e1ln\u00ed obsah na internetu, ide\u00e1ln\u00ed volbou bude Instagram. Soci\u00e1ln\u00ed s\u00ed\u0165, kter\u00e1 toho nab\u00edz\u00ed v\u00edce\",\"breadcrumb\":{\"@id\":\"https:\\\/\\\/regbu.com\\\/instagram-socialni-sit-zalozena-na-fotografiich\\\/#breadcrumb\"},\"inLanguage\":\"fr-FR\",\"potentialAction\":[{\"@type\":\"ReadAction\",\"target\":[\"https:\\\/\\\/regbu.com\\\/instagram-socialni-sit-zalozena-na-fotografiich\\\/\"]}]},{\"@type\":\"ImageObject\",\"inLanguage\":\"fr-FR\",\"@id\":\"https:\\\/\\\/regbu.com\\\/instagram-socialni-sit-zalozena-na-fotografiich\\\/#primaryimage\",\"url\":\"https:\\\/\\\/regbu.com\\\/wp-content\\\/uploads\\\/2022\\\/01\\\/instagram-socilani-sit-zalozena-na-fotografiich.jpg\",\"contentUrl\":\"https:\\\/\\\/regbu.com\\\/wp-content\\\/uploads\\\/2022\\\/01\\\/instagram-socilani-sit-zalozena-na-fotografiich.jpg\",\"width\":1200,\"height\":677,\"caption\":\"Instagram \u2013 Soci\u00e1ln\u00ed s\u00ed\u0165 zalo\u017een\u00e1 na fotografi\u00edch\"},{\"@type\":\"BreadcrumbList\",\"@id\":\"https:\\\/\\\/regbu.com\\\/instagram-socialni-sit-zalozena-na-fotografiich\\\/#breadcrumb\",\"itemListElement\":[{\"@type\":\"ListItem\",\"position\":1,\"name\":\"Home\",\"item\":\"https:\\\/\\\/regbu.com\\\/en\\\/\"},{\"@type\":\"ListItem\",\"position\":2,\"name\":\"Instagram \u2013 Soci\u00e1ln\u00ed s\u00ed\u0165 zalo\u017een\u00e1 na fotografi\u00edch\"}]},{\"@type\":\"WebSite\",\"@id\":\"https:\\\/\\\/regbu.com\\\/en\\\/#website\",\"url\":\"https:\\\/\\\/regbu.com\\\/en\\\/\",\"name\":\"REGBU.COM\",\"description\":\"\",\"potentialAction\":[{\"@type\":\"SearchAction\",\"target\":{\"@type\":\"EntryPoint\",\"urlTemplate\":\"https:\\\/\\\/regbu.com\\\/en\\\/?s={search_term_string}\"},\"query-input\":{\"@type\":\"PropertyValueSpecification\",\"valueRequired\":true,\"valueName\":\"search_term_string\"}}],\"inLanguage\":\"fr-FR\"},{\"@type\":\"Person\",\"@id\":\"https:\\\/\\\/regbu.com\\\/en\\\/#\\\/schema\\\/person\\\/94ea9deda2629771b8a9ced002f6784e\",\"name\":\"George Martin\",\"url\":\"https:\\\/\\\/regbu.com\\\/fr\\\/author\\\/george-martin\\\/\"}]}<\/script>\n<!-- \/ Yoast SEO plugin. -->","yoast_head_json":{"title":"Instagram - R\u00e9seau social bas\u00e9 sur les photos - REGBU.COM","description":"Si vous souhaitez partager du contenu multim\u00e9dia en ligne, Instagram est le choix id\u00e9al. Un r\u00e9seau social qui offre plus","robots":{"index":"index","follow":"follow","max-snippet":"max-snippet:-1","max-image-preview":"max-image-preview:large","max-video-preview":"max-video-preview:-1"},"canonical":"https:\/\/regbu.com\/fr\/instagram-social-sit-for-photos\/","og_locale":"fr_FR","og_type":"article","og_title":"Instagram \u2013 Soci\u00e1ln\u00ed s\u00ed\u0165 zalo\u017een\u00e1 na fotografi\u00edch - REGBU.COM","og_description":"Chcete-li sd\u00edlet multimedi\u00e1ln\u00ed obsah na internetu, ide\u00e1ln\u00ed volbou bude Instagram. Soci\u00e1ln\u00ed s\u00ed\u0165, kter\u00e1 toho nab\u00edz\u00ed v\u00edce","og_url":"https:\/\/regbu.com\/fr\/instagram-social-sit-for-photos\/","og_site_name":"REGBU.COM","article_published_time":"2022-01-21T14:49:00+00:00","article_modified_time":"2025-09-05T05:42:52+00:00","og_image":[{"width":1200,"height":677,"url":"https:\/\/regbu.com\/wp-content\/uploads\/2022\/01\/instagram-socilani-sit-zalozena-na-fotografiich.jpg","type":"image\/jpeg"}],"author":"George Martin","twitter_card":"summary_large_image","twitter_misc":{"\u00c9crit par":"George Martin","Dur\u00e9e de lecture estim\u00e9e":"2 minutes"},"schema":{"@context":"https:\/\/schema.org","@graph":[{"@type":"Article","@id":"https:\/\/regbu.com\/instagram-socialni-sit-zalozena-na-fotografiich\/#article","isPartOf":{"@id":"https:\/\/regbu.com\/instagram-socialni-sit-zalozena-na-fotografiich\/"},"author":{"name":"George Martin","@id":"https:\/\/regbu.com\/en\/#\/schema\/person\/94ea9deda2629771b8a9ced002f6784e"},"headline":"Instagram \u2013 Soci\u00e1ln\u00ed s\u00ed\u0165 zalo\u017een\u00e1 na fotografi\u00edch","datePublished":"2022-01-21T14:49:00+00:00","dateModified":"2025-09-05T05:42:52+00:00","mainEntityOfPage":{"@id":"https:\/\/regbu.com\/instagram-socialni-sit-zalozena-na-fotografiich\/"},"wordCount":444,"image":{"@id":"https:\/\/regbu.com\/instagram-socialni-sit-zalozena-na-fotografiich\/#primaryimage"},"thumbnailUrl":"https:\/\/regbu.com\/wp-content\/uploads\/2022\/01\/instagram-socilani-sit-zalozena-na-fotografiich.jpg","keywords":["fotka","fotky","fotografie","instagram","multimedi\u00e1ln\u00ed obsah","sd\u00edlen\u00ed","soci\u00e1ln\u00ed s\u00ed\u0165","soci\u00e1ln\u00ed s\u00edt\u011b","videa","video"],"articleSection":["Technologie"],"inLanguage":"fr-FR"},{"@type":"WebPage","@id":"https:\/\/regbu.com\/instagram-socialni-sit-zalozena-na-fotografiich\/","url":"https:\/\/regbu.com\/instagram-socialni-sit-zalozena-na-fotografiich\/","name":"Instagram - R\u00e9seau social bas\u00e9 sur les photos - REGBU.COM","isPartOf":{"@id":"https:\/\/regbu.com\/en\/#website"},"primaryImageOfPage":{"@id":"https:\/\/regbu.com\/instagram-socialni-sit-zalozena-na-fotografiich\/#primaryimage"},"image":{"@id":"https:\/\/regbu.com\/instagram-socialni-sit-zalozena-na-fotografiich\/#primaryimage"},"thumbnailUrl":"https:\/\/regbu.com\/wp-content\/uploads\/2022\/01\/instagram-socilani-sit-zalozena-na-fotografiich.jpg","datePublished":"2022-01-21T14:49:00+00:00","dateModified":"2025-09-05T05:42:52+00:00","author":{"@id":"https:\/\/regbu.com\/en\/#\/schema\/person\/94ea9deda2629771b8a9ced002f6784e"},"description":"Si vous souhaitez partager du contenu multim\u00e9dia en ligne, Instagram est le choix id\u00e9al. Un r\u00e9seau social qui offre plus","breadcrumb":{"@id":"https:\/\/regbu.com\/instagram-socialni-sit-zalozena-na-fotografiich\/#breadcrumb"},"inLanguage":"fr-FR","potentialAction":[{"@type":"ReadAction","target":["https:\/\/regbu.com\/instagram-socialni-sit-zalozena-na-fotografiich\/"]}]},{"@type":"ImageObject","inLanguage":"fr-FR","@id":"https:\/\/regbu.com\/instagram-socialni-sit-zalozena-na-fotografiich\/#primaryimage","url":"https:\/\/regbu.com\/wp-content\/uploads\/2022\/01\/instagram-socilani-sit-zalozena-na-fotografiich.jpg","contentUrl":"https:\/\/regbu.com\/wp-content\/uploads\/2022\/01\/instagram-socilani-sit-zalozena-na-fotografiich.jpg","width":1200,"height":677,"caption":"Instagram \u2013 Soci\u00e1ln\u00ed s\u00ed\u0165 zalo\u017een\u00e1 na fotografi\u00edch"},{"@type":"BreadcrumbList","@id":"https:\/\/regbu.com\/instagram-socialni-sit-zalozena-na-fotografiich\/#breadcrumb","itemListElement":[{"@type":"ListItem","position":1,"name":"Home","item":"https:\/\/regbu.com\/en\/"},{"@type":"ListItem","position":2,"name":"Instagram \u2013 Soci\u00e1ln\u00ed s\u00ed\u0165 zalo\u017een\u00e1 na fotografi\u00edch"}]},{"@type":"WebSite","@id":"https:\/\/regbu.com\/en\/#website","url":"https:\/\/regbu.com\/en\/","name":"REGBU.COM","description":"","potentialAction":[{"@type":"SearchAction","target":{"@type":"EntryPoint","urlTemplate":"https:\/\/regbu.com\/en\/?s={search_term_string}"},"query-input":{"@type":"PropertyValueSpecification","valueRequired":true,"valueName":"search_term_string"}}],"inLanguage":"fr-FR"},{"@type":"Person","@id":"https:\/\/regbu.com\/en\/#\/schema\/person\/94ea9deda2629771b8a9ced002f6784e","name":"George Martin","url":"https:\/\/regbu.com\/fr\/author\/george-martin\/"}]}},"_links":{"self":[{"href":"https:\/\/regbu.com\/fr\/wp-json\/wp\/v2\/posts\/355","targetHints":{"allow":["GET"]}}],"collection":[{"href":"https:\/\/regbu.com\/fr\/wp-json\/wp\/v2\/posts"}],"about":[{"href":"https:\/\/regbu.com\/fr\/wp-json\/wp\/v2\/types\/post"}],"author":[{"embeddable":true,"href":"https:\/\/regbu.com\/fr\/wp-json\/wp\/v2\/users\/2"}],"replies":[{"embeddable":true,"href":"https:\/\/regbu.com\/fr\/wp-json\/wp\/v2\/comments?post=355"}],"version-history":[{"count":4,"href":"https:\/\/regbu.com\/fr\/wp-json\/wp\/v2\/posts\/355\/revisions"}],"predecessor-version":[{"id":384,"href":"https:\/\/regbu.com\/fr\/wp-json\/wp\/v2\/posts\/355\/revisions\/384"}],"wp:featuredmedia":[{"embeddable":true,"href":"https:\/\/regbu.com\/fr\/wp-json\/wp\/v2\/media\/356"}],"wp:attachment":[{"href":"https:\/\/regbu.com\/fr\/wp-json\/wp\/v2\/media?parent=355"}],"wp:term":[{"taxonomy":"category","embeddable":true,"href":"https:\/\/regbu.com\/fr\/wp-json\/wp\/v2\/categories?post=355"},{"taxonomy":"post_tag","embeddable":true,"href":"https:\/\/regbu.com\/fr\/wp-json\/wp\/v2\/tags?post=355"}],"curies":[{"name":"wp","href":"https:\/\/api.w.org\/{rel}","templated":true}]}}