{"id":1499,"date":"2023-08-09T16:09:02","date_gmt":"2023-08-09T14:09:02","guid":{"rendered":"https:\/\/regbu.com\/?p=1499"},"modified":"2025-09-05T07:39:50","modified_gmt":"2025-09-05T05:39:50","slug":"elektromobilita-ma-sveho-krale","status":"publish","type":"post","link":"https:\/\/regbu.com\/fr\/lelectromobilite-a-son-propre-cercle\/","title":{"rendered":"L'\u00e9lectromobilit\u00e9 a son roi"},"content":{"rendered":"<p>L'\u00e9lectromobilit\u00e9 est un sujet br\u00fblant et, dans une certaine mesure, la musique de l'avenir. C'est d'ailleurs ce que prouve l'un des plus c\u00e9l\u00e8bres fabricants de ces voitures, Tesla. Il appartient notamment \u00e0 Elon Musk.<strong>,<\/strong> qui poss\u00e8de \u00e9galement le c\u00e9l\u00e8bre <strong><a href=\"https:\/\/regbu.com\/fr\/concept-space-x-vevodi-versmirnym-letum\/\">Concept Space X<\/a><\/strong>. Ce constructeur automobile est devenu un pionnier dans ce domaine.<\/p>\n\n\n\n<ul class=\"wp-block-list\">\n<li>Tesla Model S<\/li>\n\n\n\n<li>Tesla Model X<\/li>\n\n\n\n<li>Mod\u00e8le 3 de Tesla<\/li>\n<\/ul>\n\n\n\n<p>Ce n'est qu'un petit aper\u00e7u de ce qui est sorti des cha\u00eenes de production de ce c\u00e9l\u00e8bre constructeur automobile. Il s'agit principalement de mod\u00e8les de berlines. Ils sont con\u00e7us non seulement pour le segment des entreprises, mais aussi pour un usage priv\u00e9.<\/p>\n\n\n\n<h2 class=\"wp-block-heading\">Histoire de Tesla<\/h2>\n\n\n\n<p>Voyons d'abord comment l'\u00e9lectromobilit\u00e9 s'est impos\u00e9e dans les esprits. Tesla, l'entreprise qui con\u00e7oit, fabrique et vend des voitures \u00e9lectriques, en est \u00e0 l'origine. Si vous pensez que le fondateur de l'entreprise \u00e9tait <strong>Elon Musk<\/strong>vous vous trompez lourdement. Il a adh\u00e9r\u00e9 apr\u00e8s.<\/p>\n\n\n\n<figure class=\"wp-block-table\"><table><tbody><tr><td><strong>Sujet<\/strong><\/td><td><strong>Information<\/strong><\/td><\/tr><tr><td>Ann\u00e9e de fondation<\/td><td>2003<\/td><\/tr><tr><td>Fondateurs de<\/td><td>Martin Eberhard et Marc Tarpenning<\/td><\/tr><tr><td>Si\u00e8ge social<\/td><td>Austin, Texas<\/td><\/tr><tr><td>Usines<\/td><td>Freemont, Shanghai et autres<\/td><\/tr><\/tbody><\/table><figcaption class=\"wp-element-caption\">Informations relatives \u00e0 la cr\u00e9ation de Tesla.<\/figcaption><\/figure>\n\n\n\n<p>Peu apr\u00e8s la cr\u00e9ation de Tesla, l'entreprise a \u00e9t\u00e9 rejointe par <a href=\"https:\/\/cs.wikipedia.org\/wiki\/Elon_Musk\">Elon Musk<\/a>JB Straubel et Ian Wright. Les succ\u00e8s ne se sont pas fait attendre et la Tesla Roadster a donn\u00e9 le coup d'envoi en 2008.<\/p>\n\n\n\n<h3 class=\"wp-block-heading\">L'\u00e9lectromobilit\u00e9 et tout ce qui est important<\/h3>\n\n\n\n<p>Nous pouvons bien s\u00fbr poursuivre le succ\u00e8s et le d\u00e9veloppement des voitures \u00e9lectriques Tesla. Il y a beaucoup \u00e0 \u00e9crire \u00e0 ce sujet. Les trois mod\u00e8les de voitures \u00e0 succ\u00e8s pr\u00e9sent\u00e9s dans l'introduction de cet article ont \u00e9t\u00e9 suivis par d'autres. Nous pouvons citer, par exemple, la <strong>Mod\u00e8le Y de Tesla<\/strong>. Le tracteur \u00e9lectrique Tesla Semi est un chapitre \u00e0 part enti\u00e8re.<\/p>\n\n\n\n<p>Parall\u00e8lement au d\u00e9veloppement de l'\u00e9lectromobilit\u00e9 sous la direction de la c\u00e9l\u00e8bre entreprise, l'expansion des stations de recharge rapide Supercharger est \u00e9galement encourag\u00e9e. Tesla a \u00e9galement mis l'accent sur les batteries domestiques, les tuiles solaires, parmi de nombreux autres projets. \u00c0 mesure que la demande augmente, la n\u00e9cessit\u00e9 de produire de grandes quantit\u00e9s de batteries s'accro\u00eet naturellement, comme en t\u00e9moignent les nouveaux et les nouveaux projets de Tesla. <em>de nouvelles gigafactories non seulement aux \u00c9tats-Unis mais aussi dans d'autres pays du monde.<\/em>.<\/p>","protected":false},"excerpt":{"rendered":"<p>L'\u00e9lectromobilit\u00e9 est un sujet br\u00fblant et, dans une certaine mesure, la musique de l'avenir. C'est d'ailleurs ce que prouve l'un des plus c\u00e9l\u00e8bres fabricants de ces voitures, Tesla. Son propri\u00e9taire est, entre autres, Elon Musk, qui a \u00e9galement le c\u00e9l\u00e8bre concept Space X \u00e0 son actif. Ce constructeur automobile est devenu un pionnier imaginaire dans ce domaine. Ce n'est qu'un petit avant-go\u00fbt ... <\/p>","protected":false},"author":2,"featured_media":1500,"comment_status":"closed","ping_status":"closed","sticky":false,"template":"","format":"standard","meta":{"footnotes":""},"categories":[6],"tags":[1847,1849,1830,1856,1850,1854,1851,1852,1855,1848,1853],"class_list":["post-1499","post","type-post","status-publish","format-standard","has-post-thumbnail","hentry","category-technologie","tag-elektromobilita","tag-elektromobily","tag-elon-musk","tag-gigafactory","tag-model","tag-model-3","tag-model-s","tag-model-y","tag-supercharger","tag-tesla","tag-tesla-roadster"],"yoast_head":"<!-- This site is optimized with the Yoast SEO plugin v27.5 - https:\/\/yoast.com\/product\/yoast-seo-wordpress\/ -->\n<title>Elektromobilita m\u00e1 sv\u00e9ho kr\u00e1le - REGBU.COM<\/title>\n<meta name=\"description\" content=\"V\u00edte, co si p\u0159edstavit pod pojmem elektromobilita? A zn\u00e1te jednoho z pr\u016fkopn\u00edk\u016f tohoto novodob\u00e9ho segmentu?\" \/>\n<meta name=\"robots\" content=\"index, follow, max-snippet:-1, max-image-preview:large, max-video-preview:-1\" \/>\n<link rel=\"canonical\" href=\"https:\/\/regbu.com\/fr\/lelectromobilite-a-son-propre-cercle\/\" \/>\n<meta property=\"og:locale\" content=\"fr_FR\" \/>\n<meta property=\"og:type\" content=\"article\" \/>\n<meta property=\"og:title\" content=\"Elektromobilita m\u00e1 sv\u00e9ho kr\u00e1le - REGBU.COM\" \/>\n<meta property=\"og:description\" content=\"V\u00edte, co si p\u0159edstavit pod pojmem elektromobilita? A zn\u00e1te jednoho z pr\u016fkopn\u00edk\u016f tohoto novodob\u00e9ho segmentu?\" \/>\n<meta property=\"og:url\" content=\"https:\/\/regbu.com\/fr\/lelectromobilite-a-son-propre-cercle\/\" \/>\n<meta property=\"og:site_name\" content=\"REGBU.COM\" \/>\n<meta property=\"article:published_time\" content=\"2023-08-09T14:09:02+00:00\" \/>\n<meta property=\"article:modified_time\" content=\"2025-09-05T05:39:50+00:00\" \/>\n<meta property=\"og:image\" content=\"https:\/\/regbu.com\/wp-content\/uploads\/2023\/08\/elektromobilita-ma-sveho-krale.jpg\" \/>\n\t<meta property=\"og:image:width\" content=\"1200\" \/>\n\t<meta property=\"og:image:height\" content=\"676\" \/>\n\t<meta property=\"og:image:type\" content=\"image\/jpeg\" \/>\n<meta name=\"author\" content=\"George Martin\" \/>\n<meta name=\"twitter:card\" content=\"summary_large_image\" \/>\n<meta name=\"twitter:label1\" content=\"\u00c9crit par\" \/>\n\t<meta name=\"twitter:data1\" content=\"George Martin\" \/>\n\t<meta name=\"twitter:label2\" content=\"Dur\u00e9e de lecture estim\u00e9e\" \/>\n\t<meta name=\"twitter:data2\" content=\"2 minutes\" \/>\n<script type=\"application\/ld+json\" class=\"yoast-schema-graph\">{\"@context\":\"https:\\\/\\\/schema.org\",\"@graph\":[{\"@type\":\"Article\",\"@id\":\"https:\\\/\\\/regbu.com\\\/fr\\\/lelectromobilite-a-son-propre-cercle\\\/#article\",\"isPartOf\":{\"@id\":\"https:\\\/\\\/regbu.com\\\/fr\\\/lelectromobilite-a-son-propre-cercle\\\/\"},\"author\":{\"name\":\"George Martin\",\"@id\":\"https:\\\/\\\/regbu.com\\\/en\\\/#\\\/schema\\\/person\\\/94ea9deda2629771b8a9ced002f6784e\"},\"headline\":\"Elektromobilita m\u00e1 sv\u00e9ho kr\u00e1le\",\"datePublished\":\"2023-08-09T14:09:02+00:00\",\"dateModified\":\"2025-09-05T05:39:50+00:00\",\"mainEntityOfPage\":{\"@id\":\"https:\\\/\\\/regbu.com\\\/fr\\\/lelectromobilite-a-son-propre-cercle\\\/\"},\"wordCount\":409,\"image\":{\"@id\":\"https:\\\/\\\/regbu.com\\\/fr\\\/lelectromobilite-a-son-propre-cercle\\\/#primaryimage\"},\"thumbnailUrl\":\"https:\\\/\\\/regbu.com\\\/wp-content\\\/uploads\\\/2023\\\/08\\\/elektromobilita-ma-sveho-krale.jpg\",\"keywords\":[\"elektromobilita\",\"elektromobily\",\"elon musk\",\"gigafactory\",\"model\",\"model 3\",\"model s\",\"model y\",\"Supercharger\",\"tesla\",\"tesla roadster\"],\"articleSection\":[\"Technologie\"],\"inLanguage\":\"fr-FR\"},{\"@type\":\"WebPage\",\"@id\":\"https:\\\/\\\/regbu.com\\\/fr\\\/lelectromobilite-a-son-propre-cercle\\\/\",\"url\":\"https:\\\/\\\/regbu.com\\\/fr\\\/lelectromobilite-a-son-propre-cercle\\\/\",\"name\":\"Elektromobilita m\u00e1 sv\u00e9ho kr\u00e1le - REGBU.COM\",\"isPartOf\":{\"@id\":\"https:\\\/\\\/regbu.com\\\/en\\\/#website\"},\"primaryImageOfPage\":{\"@id\":\"https:\\\/\\\/regbu.com\\\/fr\\\/lelectromobilite-a-son-propre-cercle\\\/#primaryimage\"},\"image\":{\"@id\":\"https:\\\/\\\/regbu.com\\\/fr\\\/lelectromobilite-a-son-propre-cercle\\\/#primaryimage\"},\"thumbnailUrl\":\"https:\\\/\\\/regbu.com\\\/wp-content\\\/uploads\\\/2023\\\/08\\\/elektromobilita-ma-sveho-krale.jpg\",\"datePublished\":\"2023-08-09T14:09:02+00:00\",\"dateModified\":\"2025-09-05T05:39:50+00:00\",\"author\":{\"@id\":\"https:\\\/\\\/regbu.com\\\/en\\\/#\\\/schema\\\/person\\\/94ea9deda2629771b8a9ced002f6784e\"},\"description\":\"V\u00edte, co si p\u0159edstavit pod pojmem elektromobilita? A zn\u00e1te jednoho z pr\u016fkopn\u00edk\u016f tohoto novodob\u00e9ho segmentu?\",\"breadcrumb\":{\"@id\":\"https:\\\/\\\/regbu.com\\\/fr\\\/lelectromobilite-a-son-propre-cercle\\\/#breadcrumb\"},\"inLanguage\":\"fr-FR\",\"potentialAction\":[{\"@type\":\"ReadAction\",\"target\":[\"https:\\\/\\\/regbu.com\\\/fr\\\/lelectromobilite-a-son-propre-cercle\\\/\"]}]},{\"@type\":\"ImageObject\",\"inLanguage\":\"fr-FR\",\"@id\":\"https:\\\/\\\/regbu.com\\\/fr\\\/lelectromobilite-a-son-propre-cercle\\\/#primaryimage\",\"url\":\"https:\\\/\\\/regbu.com\\\/wp-content\\\/uploads\\\/2023\\\/08\\\/elektromobilita-ma-sveho-krale.jpg\",\"contentUrl\":\"https:\\\/\\\/regbu.com\\\/wp-content\\\/uploads\\\/2023\\\/08\\\/elektromobilita-ma-sveho-krale.jpg\",\"width\":1200,\"height\":676,\"caption\":\"Elektromobilita m\u00e1 sv\u00e9ho kr\u00e1le\"},{\"@type\":\"BreadcrumbList\",\"@id\":\"https:\\\/\\\/regbu.com\\\/fr\\\/lelectromobilite-a-son-propre-cercle\\\/#breadcrumb\",\"itemListElement\":[{\"@type\":\"ListItem\",\"position\":1,\"name\":\"Home\",\"item\":\"https:\\\/\\\/regbu.com\\\/en\\\/\"},{\"@type\":\"ListItem\",\"position\":2,\"name\":\"Elektromobilita m\u00e1 sv\u00e9ho kr\u00e1le\"}]},{\"@type\":\"WebSite\",\"@id\":\"https:\\\/\\\/regbu.com\\\/en\\\/#website\",\"url\":\"https:\\\/\\\/regbu.com\\\/en\\\/\",\"name\":\"REGBU.COM\",\"description\":\"\",\"potentialAction\":[{\"@type\":\"SearchAction\",\"target\":{\"@type\":\"EntryPoint\",\"urlTemplate\":\"https:\\\/\\\/regbu.com\\\/en\\\/?s={search_term_string}\"},\"query-input\":{\"@type\":\"PropertyValueSpecification\",\"valueRequired\":true,\"valueName\":\"search_term_string\"}}],\"inLanguage\":\"fr-FR\"},{\"@type\":\"Person\",\"@id\":\"https:\\\/\\\/regbu.com\\\/en\\\/#\\\/schema\\\/person\\\/94ea9deda2629771b8a9ced002f6784e\",\"name\":\"George Martin\",\"url\":\"https:\\\/\\\/regbu.com\\\/fr\\\/author\\\/george-martin\\\/\"}]}<\/script>\n<!-- \/ Yoast SEO plugin. -->","yoast_head_json":{"title":"L'\u00e9lectromobilit\u00e9 a son roi - REGBU.COM","description":"Savez-vous ce que l'on entend par \u00e9lectromobilit\u00e9 ? Et connaissez-vous l'un des pionniers de ce nouveau segment ?","robots":{"index":"index","follow":"follow","max-snippet":"max-snippet:-1","max-image-preview":"max-image-preview:large","max-video-preview":"max-video-preview:-1"},"canonical":"https:\/\/regbu.com\/fr\/lelectromobilite-a-son-propre-cercle\/","og_locale":"fr_FR","og_type":"article","og_title":"Elektromobilita m\u00e1 sv\u00e9ho kr\u00e1le - REGBU.COM","og_description":"V\u00edte, co si p\u0159edstavit pod pojmem elektromobilita? A zn\u00e1te jednoho z pr\u016fkopn\u00edk\u016f tohoto novodob\u00e9ho segmentu?","og_url":"https:\/\/regbu.com\/fr\/lelectromobilite-a-son-propre-cercle\/","og_site_name":"REGBU.COM","article_published_time":"2023-08-09T14:09:02+00:00","article_modified_time":"2025-09-05T05:39:50+00:00","og_image":[{"width":1200,"height":676,"url":"https:\/\/regbu.com\/wp-content\/uploads\/2023\/08\/elektromobilita-ma-sveho-krale.jpg","type":"image\/jpeg"}],"author":"George Martin","twitter_card":"summary_large_image","twitter_misc":{"\u00c9crit par":"George Martin","Dur\u00e9e de lecture estim\u00e9e":"2 minutes"},"schema":{"@context":"https:\/\/schema.org","@graph":[{"@type":"Article","@id":"https:\/\/regbu.com\/fr\/lelectromobilite-a-son-propre-cercle\/#article","isPartOf":{"@id":"https:\/\/regbu.com\/fr\/lelectromobilite-a-son-propre-cercle\/"},"author":{"name":"George Martin","@id":"https:\/\/regbu.com\/en\/#\/schema\/person\/94ea9deda2629771b8a9ced002f6784e"},"headline":"Elektromobilita m\u00e1 sv\u00e9ho kr\u00e1le","datePublished":"2023-08-09T14:09:02+00:00","dateModified":"2025-09-05T05:39:50+00:00","mainEntityOfPage":{"@id":"https:\/\/regbu.com\/fr\/lelectromobilite-a-son-propre-cercle\/"},"wordCount":409,"image":{"@id":"https:\/\/regbu.com\/fr\/lelectromobilite-a-son-propre-cercle\/#primaryimage"},"thumbnailUrl":"https:\/\/regbu.com\/wp-content\/uploads\/2023\/08\/elektromobilita-ma-sveho-krale.jpg","keywords":["elektromobilita","elektromobily","elon musk","gigafactory","model","model 3","model s","model y","Supercharger","tesla","tesla roadster"],"articleSection":["Technologie"],"inLanguage":"fr-FR"},{"@type":"WebPage","@id":"https:\/\/regbu.com\/fr\/lelectromobilite-a-son-propre-cercle\/","url":"https:\/\/regbu.com\/fr\/lelectromobilite-a-son-propre-cercle\/","name":"L'\u00e9lectromobilit\u00e9 a son roi - REGBU.COM","isPartOf":{"@id":"https:\/\/regbu.com\/en\/#website"},"primaryImageOfPage":{"@id":"https:\/\/regbu.com\/fr\/lelectromobilite-a-son-propre-cercle\/#primaryimage"},"image":{"@id":"https:\/\/regbu.com\/fr\/lelectromobilite-a-son-propre-cercle\/#primaryimage"},"thumbnailUrl":"https:\/\/regbu.com\/wp-content\/uploads\/2023\/08\/elektromobilita-ma-sveho-krale.jpg","datePublished":"2023-08-09T14:09:02+00:00","dateModified":"2025-09-05T05:39:50+00:00","author":{"@id":"https:\/\/regbu.com\/en\/#\/schema\/person\/94ea9deda2629771b8a9ced002f6784e"},"description":"Savez-vous ce que l'on entend par \u00e9lectromobilit\u00e9 ? Et connaissez-vous l'un des pionniers de ce nouveau segment ?","breadcrumb":{"@id":"https:\/\/regbu.com\/fr\/lelectromobilite-a-son-propre-cercle\/#breadcrumb"},"inLanguage":"fr-FR","potentialAction":[{"@type":"ReadAction","target":["https:\/\/regbu.com\/fr\/lelectromobilite-a-son-propre-cercle\/"]}]},{"@type":"ImageObject","inLanguage":"fr-FR","@id":"https:\/\/regbu.com\/fr\/lelectromobilite-a-son-propre-cercle\/#primaryimage","url":"https:\/\/regbu.com\/wp-content\/uploads\/2023\/08\/elektromobilita-ma-sveho-krale.jpg","contentUrl":"https:\/\/regbu.com\/wp-content\/uploads\/2023\/08\/elektromobilita-ma-sveho-krale.jpg","width":1200,"height":676,"caption":"Elektromobilita m\u00e1 sv\u00e9ho kr\u00e1le"},{"@type":"BreadcrumbList","@id":"https:\/\/regbu.com\/fr\/lelectromobilite-a-son-propre-cercle\/#breadcrumb","itemListElement":[{"@type":"ListItem","position":1,"name":"Home","item":"https:\/\/regbu.com\/en\/"},{"@type":"ListItem","position":2,"name":"Elektromobilita m\u00e1 sv\u00e9ho kr\u00e1le"}]},{"@type":"WebSite","@id":"https:\/\/regbu.com\/en\/#website","url":"https:\/\/regbu.com\/en\/","name":"REGBU.COM","description":"","potentialAction":[{"@type":"SearchAction","target":{"@type":"EntryPoint","urlTemplate":"https:\/\/regbu.com\/en\/?s={search_term_string}"},"query-input":{"@type":"PropertyValueSpecification","valueRequired":true,"valueName":"search_term_string"}}],"inLanguage":"fr-FR"},{"@type":"Person","@id":"https:\/\/regbu.com\/en\/#\/schema\/person\/94ea9deda2629771b8a9ced002f6784e","name":"George Martin","url":"https:\/\/regbu.com\/fr\/author\/george-martin\/"}]}},"_links":{"self":[{"href":"https:\/\/regbu.com\/fr\/wp-json\/wp\/v2\/posts\/1499","targetHints":{"allow":["GET"]}}],"collection":[{"href":"https:\/\/regbu.com\/fr\/wp-json\/wp\/v2\/posts"}],"about":[{"href":"https:\/\/regbu.com\/fr\/wp-json\/wp\/v2\/types\/post"}],"author":[{"embeddable":true,"href":"https:\/\/regbu.com\/fr\/wp-json\/wp\/v2\/users\/2"}],"replies":[{"embeddable":true,"href":"https:\/\/regbu.com\/fr\/wp-json\/wp\/v2\/comments?post=1499"}],"version-history":[{"count":3,"href":"https:\/\/regbu.com\/fr\/wp-json\/wp\/v2\/posts\/1499\/revisions"}],"predecessor-version":[{"id":1510,"href":"https:\/\/regbu.com\/fr\/wp-json\/wp\/v2\/posts\/1499\/revisions\/1510"}],"wp:featuredmedia":[{"embeddable":true,"href":"https:\/\/regbu.com\/fr\/wp-json\/wp\/v2\/media\/1500"}],"wp:attachment":[{"href":"https:\/\/regbu.com\/fr\/wp-json\/wp\/v2\/media?parent=1499"}],"wp:term":[{"taxonomy":"category","embeddable":true,"href":"https:\/\/regbu.com\/fr\/wp-json\/wp\/v2\/categories?post=1499"},{"taxonomy":"post_tag","embeddable":true,"href":"https:\/\/regbu.com\/fr\/wp-json\/wp\/v2\/tags?post=1499"}],"curies":[{"name":"wp","href":"https:\/\/api.w.org\/{rel}","templated":true}]}}