{"id":1349,"date":"2023-07-31T14:48:14","date_gmt":"2023-07-31T12:48:14","guid":{"rendered":"https:\/\/regbu.com\/?p=1349"},"modified":"2025-09-05T07:40:26","modified_gmt":"2025-09-05T05:40:26","slug":"zimni-bunda-na-hory-musi-zahrat","status":"publish","type":"post","link":"https:\/\/regbu.com\/fr\/veste-montagne-hiver-doit-revenir\/","title":{"rendered":"Veste d'hiver pour la montagne doit tenir chaud"},"content":{"rendered":"<p>Le choix de la veste d'hiver est un peu diff\u00e9rent de celui de la veste d'hiver. <strong><a href=\"https:\/\/regbu.com\/fr\/veste-de-randonnee-muse-mit-rune-likes\/\">veste de randonn\u00e9e<\/a><\/strong>. Ce type de v\u00eatement est adapt\u00e9 \u00e0 la saison hivernale, il doit donc \u00eatre avant tout chaud. La conception de la veste elle-m\u00eame correspond alors aux activit\u00e9s que vous souhaitez pratiquer.<\/p>\n\n\n\n<ul class=\"wp-block-list\">\n<li>Tourisme<\/li>\n\n\n\n<li>Ski<\/li>\n\n\n\n<li>Port\u00e9 tous les jours<\/li>\n<\/ul>\n\n\n\n<p>Si vous ne connaissez pas les possibilit\u00e9s qui s'offrent \u00e0 vous lorsque vous choisissez une nouvelle veste d'hiver, laissez-nous vous le dire. Gr\u00e2ce aux informations suivantes, vous ne serez plus d\u00e9sorient\u00e9 lorsque vous entrerez dans un magasin proposant des dizaines de mod\u00e8les de vestes d'hiver.<\/p>\n\n\n\n<h2 class=\"wp-block-heading\">Les plumes ou les mati\u00e8res synth\u00e9tiques sont-elles meilleures ?<\/h2>\n\n\n\n<p>Tout d'abord, examinons la composition. Une veste d'hiver peut avoir <strong>diff\u00e9rents remplissages<\/strong>qui, bien entendu, est \u00e9galement associ\u00e9 \u00e0 diff\u00e9rentes caract\u00e9ristiques. Les plumes et les mati\u00e8res synth\u00e9tiques en sont un exemple typique. Un mat\u00e9riau qui a de nombreux d\u00e9fenseurs. Si vous ne connaissez pas ce mat\u00e9riau et que vous ne savez pas vers quoi vous tourner, voici une comparaison. Le tableau pr\u00e9sente les avantages et les inconv\u00e9nients des deux mat\u00e9riaux.<\/p>\n\n\n\n<figure class=\"wp-block-table\"><table><tbody><tr><td><strong>Plumes<\/strong><\/td><td><strong>Mati\u00e8res synth\u00e9tiques<\/strong><\/td><\/tr><tr><td>Dur\u00e9e de vie plus longue<\/td><td>Facile \u00e0 entretenir<\/td><\/tr><tr><td>Poids inf\u00e9rieur<\/td><td>Co\u00fbts moindres<\/td><\/tr><tr><td>Facile \u00e0 emballer<\/td><td>Pour des conditions plus humides<\/td><\/tr><tr><td>Plus sensible \u00e0 l'humidit\u00e9<\/td><td>Il perd sa chaleur<\/td><\/tr><\/tbody><\/table><figcaption class=\"wp-element-caption\">Comparaison des deux mat\u00e9riaux les plus couramment utilis\u00e9s pour les vestes d'hiver.<\/figcaption><\/figure>\n\n\n\n<p>Si votre objectif est d'obtenir une veste facilement transportable qui vous tiendra chaud, optez pour le duvet. Si vous voulez \u00eatre mouill\u00e9 et humide pendant longtemps, optez pour les mati\u00e8res synth\u00e9tiques.<\/p>\n\n\n\n<h3 class=\"wp-block-heading\">Veste d'hiver de diff\u00e9rentes formes<\/h3>\n\n\n\n<p>Aujourd'hui, vous trouverez bien d'autres mat\u00e9riaux que les seuls&nbsp;<strong>plumes et mati\u00e8res synth\u00e9tiques<\/strong>. Par exemple, la laine polaire le prouve, qui n'est pas tr\u00e8s chaude, mais qui est facile \u00e0 emballer et moins ch\u00e8re. Un mat\u00e9riau unique est, par exemple, le merinoloft, avec lequel vous pouvez obtenir une isolation m\u00eame dans des conditions humides. Cependant, il faut attendre un certain temps pour qu'il s\u00e8che. Une veste d'hiver combinant diff\u00e9rents mat\u00e9riaux n'est pas une exception, de sorte que chacun peut y trouver son compte.<\/p>\n\n\n\n<p>Le mat\u00e9riau de fabrication, ou le garnissage, n'est pas le seul param\u00e8tre important dans le choix d'une veste d'hiver. Vous devez \u00e9galement r\u00e9fl\u00e9chir \u00e0 l'utilisation de ce v\u00eatement. Pour une veste destin\u00e9e \u00e0 \u00eatre port\u00e9e tous les jours, vous aurez probablement besoin de caract\u00e9ristiques l\u00e9g\u00e8rement diff\u00e9rentes de celles d'une veste destin\u00e9e \u00e0 \u00eatre port\u00e9e tous les jours. <em>vestes de sport<\/em>. Pour un usage normal, vous pouvez choisir un mat\u00e9riau plus robuste, mais pour une veste de ski, vous pr\u00e9f\u00e9rerez la durabilit\u00e9 de la surface. Pour les randonn\u00e9es hivernales exigeantes, la l\u00e9g\u00e8ret\u00e9 et la chaleur l'emportent.<\/p>","protected":false},"excerpt":{"rendered":"<p>Le choix d'une veste d'hiver est un peu diff\u00e9rent de celui d'une veste de randonn\u00e9e. Ce type de v\u00eatement est adapt\u00e9 \u00e0 la saison hivernale, il doit donc avant tout tenir chaud. Le design de la veste elle-m\u00eame correspond alors aux activit\u00e9s que vous souhaitez pratiquer. Si vous ne connaissez pas les possibilit\u00e9s qui s'offrent \u00e0 vous pour choisir une nouvelle veste d'hiver, nous allons vous le dire. ... <\/p>","protected":false},"author":2,"featured_media":1350,"comment_status":"closed","ping_status":"closed","sticky":false,"template":"","format":"standard","meta":{"footnotes":""},"categories":[671],"tags":[1610,1611,1630,1626,1629,1627,1628,821,1624,1625],"class_list":["post-1349","post","type-post","status-publish","format-standard","has-post-thumbnail","hentry","category-moda","tag-bunda","tag-bundy","tag-fleece","tag-lyzovani","tag-napln","tag-peri","tag-syntetika","tag-turistika","tag-zimni-bunda","tag-zimni-bundy"],"yoast_head":"<!-- This site is optimized with the Yoast SEO plugin v27.4 - https:\/\/yoast.com\/product\/yoast-seo-wordpress\/ -->\n<title>Zimn\u00ed bunda na hory mus\u00ed zah\u0159\u00e1t - REGBU.COM<\/title>\n<meta name=\"description\" content=\"Chyst\u00e1te se ven v zimn\u00edm obdob\u00ed? Pak by ve Va\u0161em \u0161atn\u00edku za \u017e\u00e1dn\u00fdch okolnost\u00ed nem\u011bla chyb\u011bt zimn\u00ed bunda. Mo\u017enosti v\u00fdb\u011bru jsou bohat\u00e9.\" \/>\n<meta name=\"robots\" content=\"index, follow, max-snippet:-1, max-image-preview:large, max-video-preview:-1\" \/>\n<link rel=\"canonical\" href=\"https:\/\/regbu.com\/fr\/veste-montagne-hiver-doit-revenir\/\" \/>\n<meta property=\"og:locale\" content=\"fr_FR\" \/>\n<meta property=\"og:type\" content=\"article\" \/>\n<meta property=\"og:title\" content=\"Zimn\u00ed bunda na hory mus\u00ed zah\u0159\u00e1t - REGBU.COM\" \/>\n<meta property=\"og:description\" content=\"Chyst\u00e1te se ven v zimn\u00edm obdob\u00ed? Pak by ve Va\u0161em \u0161atn\u00edku za \u017e\u00e1dn\u00fdch okolnost\u00ed nem\u011bla chyb\u011bt zimn\u00ed bunda. Mo\u017enosti v\u00fdb\u011bru jsou bohat\u00e9.\" \/>\n<meta property=\"og:url\" content=\"https:\/\/regbu.com\/fr\/veste-montagne-hiver-doit-revenir\/\" \/>\n<meta property=\"og:site_name\" content=\"REGBU.COM\" \/>\n<meta property=\"article:published_time\" content=\"2023-07-31T12:48:14+00:00\" \/>\n<meta property=\"article:modified_time\" content=\"2025-09-05T05:40:26+00:00\" \/>\n<meta property=\"og:image\" content=\"https:\/\/regbu.com\/wp-content\/uploads\/2023\/07\/zimni-bunda-na-hory-musi-zahrat.jpg\" \/>\n\t<meta property=\"og:image:width\" content=\"1200\" \/>\n\t<meta property=\"og:image:height\" content=\"677\" \/>\n\t<meta property=\"og:image:type\" content=\"image\/jpeg\" \/>\n<meta name=\"author\" content=\"George Martin\" \/>\n<meta name=\"twitter:card\" content=\"summary_large_image\" \/>\n<meta name=\"twitter:label1\" content=\"\u00c9crit par\" \/>\n\t<meta name=\"twitter:data1\" content=\"George Martin\" \/>\n\t<meta name=\"twitter:label2\" content=\"Dur\u00e9e de lecture estim\u00e9e\" \/>\n\t<meta name=\"twitter:data2\" content=\"2 minutes\" \/>\n<script type=\"application\/ld+json\" class=\"yoast-schema-graph\">{\"@context\":\"https:\\\/\\\/schema.org\",\"@graph\":[{\"@type\":\"Article\",\"@id\":\"https:\\\/\\\/regbu.com\\\/fr\\\/veste-montagne-hiver-doit-revenir\\\/#article\",\"isPartOf\":{\"@id\":\"https:\\\/\\\/regbu.com\\\/fr\\\/veste-montagne-hiver-doit-revenir\\\/\"},\"author\":{\"name\":\"George Martin\",\"@id\":\"https:\\\/\\\/regbu.com\\\/en\\\/#\\\/schema\\\/person\\\/94ea9deda2629771b8a9ced002f6784e\"},\"headline\":\"Zimn\u00ed bunda na hory mus\u00ed zah\u0159\u00e1t\",\"datePublished\":\"2023-07-31T12:48:14+00:00\",\"dateModified\":\"2025-09-05T05:40:26+00:00\",\"mainEntityOfPage\":{\"@id\":\"https:\\\/\\\/regbu.com\\\/fr\\\/veste-montagne-hiver-doit-revenir\\\/\"},\"wordCount\":473,\"image\":{\"@id\":\"https:\\\/\\\/regbu.com\\\/fr\\\/veste-montagne-hiver-doit-revenir\\\/#primaryimage\"},\"thumbnailUrl\":\"https:\\\/\\\/regbu.com\\\/wp-content\\\/uploads\\\/2023\\\/07\\\/zimni-bunda-na-hory-musi-zahrat.jpg\",\"keywords\":[\"bunda\",\"bundy\",\"fleece\",\"ly\u017eov\u00e1n\u00ed\",\"n\u00e1pl\u0148\",\"pe\u0159\u00ed\",\"syntetika\",\"turistika\",\"zimn\u00ed bunda\",\"zimn\u00ed bundy\"],\"articleSection\":[\"M\u00f3da\"],\"inLanguage\":\"fr-FR\"},{\"@type\":\"WebPage\",\"@id\":\"https:\\\/\\\/regbu.com\\\/fr\\\/veste-montagne-hiver-doit-revenir\\\/\",\"url\":\"https:\\\/\\\/regbu.com\\\/fr\\\/veste-montagne-hiver-doit-revenir\\\/\",\"name\":\"Zimn\u00ed bunda na hory mus\u00ed zah\u0159\u00e1t - REGBU.COM\",\"isPartOf\":{\"@id\":\"https:\\\/\\\/regbu.com\\\/en\\\/#website\"},\"primaryImageOfPage\":{\"@id\":\"https:\\\/\\\/regbu.com\\\/fr\\\/veste-montagne-hiver-doit-revenir\\\/#primaryimage\"},\"image\":{\"@id\":\"https:\\\/\\\/regbu.com\\\/fr\\\/veste-montagne-hiver-doit-revenir\\\/#primaryimage\"},\"thumbnailUrl\":\"https:\\\/\\\/regbu.com\\\/wp-content\\\/uploads\\\/2023\\\/07\\\/zimni-bunda-na-hory-musi-zahrat.jpg\",\"datePublished\":\"2023-07-31T12:48:14+00:00\",\"dateModified\":\"2025-09-05T05:40:26+00:00\",\"author\":{\"@id\":\"https:\\\/\\\/regbu.com\\\/en\\\/#\\\/schema\\\/person\\\/94ea9deda2629771b8a9ced002f6784e\"},\"description\":\"Chyst\u00e1te se ven v zimn\u00edm obdob\u00ed? Pak by ve Va\u0161em \u0161atn\u00edku za \u017e\u00e1dn\u00fdch okolnost\u00ed nem\u011bla chyb\u011bt zimn\u00ed bunda. Mo\u017enosti v\u00fdb\u011bru jsou bohat\u00e9.\",\"breadcrumb\":{\"@id\":\"https:\\\/\\\/regbu.com\\\/fr\\\/veste-montagne-hiver-doit-revenir\\\/#breadcrumb\"},\"inLanguage\":\"fr-FR\",\"potentialAction\":[{\"@type\":\"ReadAction\",\"target\":[\"https:\\\/\\\/regbu.com\\\/fr\\\/veste-montagne-hiver-doit-revenir\\\/\"]}]},{\"@type\":\"ImageObject\",\"inLanguage\":\"fr-FR\",\"@id\":\"https:\\\/\\\/regbu.com\\\/fr\\\/veste-montagne-hiver-doit-revenir\\\/#primaryimage\",\"url\":\"https:\\\/\\\/regbu.com\\\/wp-content\\\/uploads\\\/2023\\\/07\\\/zimni-bunda-na-hory-musi-zahrat.jpg\",\"contentUrl\":\"https:\\\/\\\/regbu.com\\\/wp-content\\\/uploads\\\/2023\\\/07\\\/zimni-bunda-na-hory-musi-zahrat.jpg\",\"width\":1200,\"height\":677,\"caption\":\"Zimn\u00ed bunda na hory mus\u00ed zah\u0159\u00e1t\"},{\"@type\":\"BreadcrumbList\",\"@id\":\"https:\\\/\\\/regbu.com\\\/fr\\\/veste-montagne-hiver-doit-revenir\\\/#breadcrumb\",\"itemListElement\":[{\"@type\":\"ListItem\",\"position\":1,\"name\":\"Home\",\"item\":\"https:\\\/\\\/regbu.com\\\/en\\\/\"},{\"@type\":\"ListItem\",\"position\":2,\"name\":\"Zimn\u00ed bunda na hory mus\u00ed zah\u0159\u00e1t\"}]},{\"@type\":\"WebSite\",\"@id\":\"https:\\\/\\\/regbu.com\\\/en\\\/#website\",\"url\":\"https:\\\/\\\/regbu.com\\\/en\\\/\",\"name\":\"REGBU.COM\",\"description\":\"\",\"potentialAction\":[{\"@type\":\"SearchAction\",\"target\":{\"@type\":\"EntryPoint\",\"urlTemplate\":\"https:\\\/\\\/regbu.com\\\/en\\\/?s={search_term_string}\"},\"query-input\":{\"@type\":\"PropertyValueSpecification\",\"valueRequired\":true,\"valueName\":\"search_term_string\"}}],\"inLanguage\":\"fr-FR\"},{\"@type\":\"Person\",\"@id\":\"https:\\\/\\\/regbu.com\\\/en\\\/#\\\/schema\\\/person\\\/94ea9deda2629771b8a9ced002f6784e\",\"name\":\"George Martin\",\"url\":\"https:\\\/\\\/regbu.com\\\/fr\\\/author\\\/george-martin\\\/\"}]}<\/script>\n<!-- \/ Yoast SEO plugin. -->","yoast_head_json":{"title":"La veste d'hiver pour la montagne doit tenir chaud - REGBU.COM","description":"Vous sortez en hiver ? Dans ce cas, votre garde-robe ne doit en aucun cas manquer d'une veste d'hiver. Le choix est vaste.","robots":{"index":"index","follow":"follow","max-snippet":"max-snippet:-1","max-image-preview":"max-image-preview:large","max-video-preview":"max-video-preview:-1"},"canonical":"https:\/\/regbu.com\/fr\/veste-montagne-hiver-doit-revenir\/","og_locale":"fr_FR","og_type":"article","og_title":"Zimn\u00ed bunda na hory mus\u00ed zah\u0159\u00e1t - REGBU.COM","og_description":"Chyst\u00e1te se ven v zimn\u00edm obdob\u00ed? Pak by ve Va\u0161em \u0161atn\u00edku za \u017e\u00e1dn\u00fdch okolnost\u00ed nem\u011bla chyb\u011bt zimn\u00ed bunda. Mo\u017enosti v\u00fdb\u011bru jsou bohat\u00e9.","og_url":"https:\/\/regbu.com\/fr\/veste-montagne-hiver-doit-revenir\/","og_site_name":"REGBU.COM","article_published_time":"2023-07-31T12:48:14+00:00","article_modified_time":"2025-09-05T05:40:26+00:00","og_image":[{"width":1200,"height":677,"url":"https:\/\/regbu.com\/wp-content\/uploads\/2023\/07\/zimni-bunda-na-hory-musi-zahrat.jpg","type":"image\/jpeg"}],"author":"George Martin","twitter_card":"summary_large_image","twitter_misc":{"\u00c9crit par":"George Martin","Dur\u00e9e de lecture estim\u00e9e":"2 minutes"},"schema":{"@context":"https:\/\/schema.org","@graph":[{"@type":"Article","@id":"https:\/\/regbu.com\/fr\/veste-montagne-hiver-doit-revenir\/#article","isPartOf":{"@id":"https:\/\/regbu.com\/fr\/veste-montagne-hiver-doit-revenir\/"},"author":{"name":"George Martin","@id":"https:\/\/regbu.com\/en\/#\/schema\/person\/94ea9deda2629771b8a9ced002f6784e"},"headline":"Zimn\u00ed bunda na hory mus\u00ed zah\u0159\u00e1t","datePublished":"2023-07-31T12:48:14+00:00","dateModified":"2025-09-05T05:40:26+00:00","mainEntityOfPage":{"@id":"https:\/\/regbu.com\/fr\/veste-montagne-hiver-doit-revenir\/"},"wordCount":473,"image":{"@id":"https:\/\/regbu.com\/fr\/veste-montagne-hiver-doit-revenir\/#primaryimage"},"thumbnailUrl":"https:\/\/regbu.com\/wp-content\/uploads\/2023\/07\/zimni-bunda-na-hory-musi-zahrat.jpg","keywords":["bunda","bundy","fleece","ly\u017eov\u00e1n\u00ed","n\u00e1pl\u0148","pe\u0159\u00ed","syntetika","turistika","zimn\u00ed bunda","zimn\u00ed bundy"],"articleSection":["M\u00f3da"],"inLanguage":"fr-FR"},{"@type":"WebPage","@id":"https:\/\/regbu.com\/fr\/veste-montagne-hiver-doit-revenir\/","url":"https:\/\/regbu.com\/fr\/veste-montagne-hiver-doit-revenir\/","name":"La veste d'hiver pour la montagne doit tenir chaud - REGBU.COM","isPartOf":{"@id":"https:\/\/regbu.com\/en\/#website"},"primaryImageOfPage":{"@id":"https:\/\/regbu.com\/fr\/veste-montagne-hiver-doit-revenir\/#primaryimage"},"image":{"@id":"https:\/\/regbu.com\/fr\/veste-montagne-hiver-doit-revenir\/#primaryimage"},"thumbnailUrl":"https:\/\/regbu.com\/wp-content\/uploads\/2023\/07\/zimni-bunda-na-hory-musi-zahrat.jpg","datePublished":"2023-07-31T12:48:14+00:00","dateModified":"2025-09-05T05:40:26+00:00","author":{"@id":"https:\/\/regbu.com\/en\/#\/schema\/person\/94ea9deda2629771b8a9ced002f6784e"},"description":"Vous sortez en hiver ? Dans ce cas, votre garde-robe ne doit en aucun cas manquer d'une veste d'hiver. Le choix est vaste.","breadcrumb":{"@id":"https:\/\/regbu.com\/fr\/veste-montagne-hiver-doit-revenir\/#breadcrumb"},"inLanguage":"fr-FR","potentialAction":[{"@type":"ReadAction","target":["https:\/\/regbu.com\/fr\/veste-montagne-hiver-doit-revenir\/"]}]},{"@type":"ImageObject","inLanguage":"fr-FR","@id":"https:\/\/regbu.com\/fr\/veste-montagne-hiver-doit-revenir\/#primaryimage","url":"https:\/\/regbu.com\/wp-content\/uploads\/2023\/07\/zimni-bunda-na-hory-musi-zahrat.jpg","contentUrl":"https:\/\/regbu.com\/wp-content\/uploads\/2023\/07\/zimni-bunda-na-hory-musi-zahrat.jpg","width":1200,"height":677,"caption":"Zimn\u00ed bunda na hory mus\u00ed zah\u0159\u00e1t"},{"@type":"BreadcrumbList","@id":"https:\/\/regbu.com\/fr\/veste-montagne-hiver-doit-revenir\/#breadcrumb","itemListElement":[{"@type":"ListItem","position":1,"name":"Home","item":"https:\/\/regbu.com\/en\/"},{"@type":"ListItem","position":2,"name":"Zimn\u00ed bunda na hory mus\u00ed zah\u0159\u00e1t"}]},{"@type":"WebSite","@id":"https:\/\/regbu.com\/en\/#website","url":"https:\/\/regbu.com\/en\/","name":"REGBU.COM","description":"","potentialAction":[{"@type":"SearchAction","target":{"@type":"EntryPoint","urlTemplate":"https:\/\/regbu.com\/en\/?s={search_term_string}"},"query-input":{"@type":"PropertyValueSpecification","valueRequired":true,"valueName":"search_term_string"}}],"inLanguage":"fr-FR"},{"@type":"Person","@id":"https:\/\/regbu.com\/en\/#\/schema\/person\/94ea9deda2629771b8a9ced002f6784e","name":"George Martin","url":"https:\/\/regbu.com\/fr\/author\/george-martin\/"}]}},"_links":{"self":[{"href":"https:\/\/regbu.com\/fr\/wp-json\/wp\/v2\/posts\/1349","targetHints":{"allow":["GET"]}}],"collection":[{"href":"https:\/\/regbu.com\/fr\/wp-json\/wp\/v2\/posts"}],"about":[{"href":"https:\/\/regbu.com\/fr\/wp-json\/wp\/v2\/types\/post"}],"author":[{"embeddable":true,"href":"https:\/\/regbu.com\/fr\/wp-json\/wp\/v2\/users\/2"}],"replies":[{"embeddable":true,"href":"https:\/\/regbu.com\/fr\/wp-json\/wp\/v2\/comments?post=1349"}],"version-history":[{"count":2,"href":"https:\/\/regbu.com\/fr\/wp-json\/wp\/v2\/posts\/1349\/revisions"}],"predecessor-version":[{"id":1362,"href":"https:\/\/regbu.com\/fr\/wp-json\/wp\/v2\/posts\/1349\/revisions\/1362"}],"wp:featuredmedia":[{"embeddable":true,"href":"https:\/\/regbu.com\/fr\/wp-json\/wp\/v2\/media\/1350"}],"wp:attachment":[{"href":"https:\/\/regbu.com\/fr\/wp-json\/wp\/v2\/media?parent=1349"}],"wp:term":[{"taxonomy":"category","embeddable":true,"href":"https:\/\/regbu.com\/fr\/wp-json\/wp\/v2\/categories?post=1349"},{"taxonomy":"post_tag","embeddable":true,"href":"https:\/\/regbu.com\/fr\/wp-json\/wp\/v2\/tags?post=1349"}],"curies":[{"name":"wp","href":"https:\/\/api.w.org\/{rel}","templated":true}]}}