{"id":1340,"date":"2023-07-31T14:39:23","date_gmt":"2023-07-31T12:39:23","guid":{"rendered":"https:\/\/regbu.com\/?p=1340"},"modified":"2025-09-05T07:40:32","modified_gmt":"2025-09-05T05:40:32","slug":"kompresni-podkolenky-maji-svuj-vyznam","status":"publish","type":"post","link":"https:\/\/regbu.com\/fr\/les-genouilleres-de-compression-ont-leur-raison-detre\/","title":{"rendered":"Les bas de compression ont leur propre signification"},"content":{"rendered":"<p>Les bas de compression sont quelque chose d'un peu diff\u00e9rent de ce que l'on appelle les \"chaussettes\". <strong><a href=\"https:\/\/regbu.com\/fr\/sports-positions-ce-quil-faut-savoir\/\">chaussettes de sport<\/a><\/strong>. Bien qu'ils soient tous deux utilis\u00e9s dans le domaine du sport, chacun de ces produits remplit un r\u00f4le l\u00e9g\u00e8rement diff\u00e9rent. Comme l'indique le terme \"compression\", la compression joue un r\u00f4le important. Mais \u00e0 quoi servent ces chaussettes ?<\/p>\n\n\n\n<ul class=\"wp-block-list\">\n<li>Favoriser la circulation sanguine<\/li>\n\n\n\n<li>Fixer un muscle sp\u00e9cifique<\/li>\n\n\n\n<li>Augmenter les performances<\/li>\n<\/ul>\n\n\n\n<p>Chaussettes de compression de qualit\u00e9 <em>affectent non seulement votre performance dans le sport<\/em>mais contribuent ensuite \u00e0 une meilleure r\u00e9cup\u00e9ration musculaire. Comme il existe d'autres alternatives, vous pouvez les utiliser non seulement pour les jambes, mais aussi pour les bras.<\/p>\n\n\n\n<h2 class=\"wp-block-heading\">Les bas de compression et leur conception<\/h2>\n\n\n\n<p>Nous avons partiellement sugg\u00e9r\u00e9 que les genouill\u00e8res ne sont pas la seule chose qui peut fournir une protection contre les blessures. <strong>la compression requise<\/strong>. Les chaussettes se portent sur les pieds. La diff\u00e9rence entre les deux est que les chaussettes sont compl\u00e8tes, y compris la partie inf\u00e9rieure dans la zone de la cheville et du pied. Il existe des chaussettes pour les mollets et pour les cuisses. Les chauffe-bras de compression constituent un chapitre \u00e0 part enti\u00e8re.<\/p>\n\n\n\n<h3 class=\"wp-block-heading\">Questions et r\u00e9ponses importantes<\/h3>\n\n\n\n<p>Lors de l'achat d'une compression <strong>genouill\u00e8res<\/strong> vous devez vous concentrer sur quelques param\u00e8tres cl\u00e9s. La m\u00e9thode de compression li\u00e9e \u00e0 vos exigences et au sport entre \u00e9galement en ligne de compte. Vous trouverez plus de d\u00e9tails dans les questions et r\u00e9ponses ci-dessous.<\/p>\n\n\n\n<div class=\"schema-faq wp-block-yoast-faq-block\"><div class=\"schema-faq-section\" id=\"faq-question-1690806959232\"><strong class=\"schema-faq-question\">Quels sont les avantages des bas de compression ?<\/strong> <p class=\"schema-faq-answer\">Elles fixent davantage le tendon d'Achille et assurent une compression compl\u00e8te. Elles couvrent \u00e0 la fois le pied et le mollet ou le genou.<\/p> <\/div> <div class=\"schema-faq-section\" id=\"faq-question-1690806967392\"><strong class=\"schema-faq-question\">Quels sont les avantages du manchon pour mollets ?<\/strong> <p class=\"schema-faq-answer\">Il tient souvent mieux qu'une chaussette. Elle n'implique pas de changer de chaussettes et donne plus de libert\u00e9 pour s'habiller.<\/p> <\/div> <div class=\"schema-faq-section\" id=\"faq-question-1690806976722\"><strong class=\"schema-faq-question\">Qu'est-ce que la compression gradu\u00e9e ?<\/strong> <p class=\"schema-faq-answer\">Ce type de compression vise principalement la performance et la r\u00e9cup\u00e9ration. Ce type de chaussettes est le plus courant et le plus contraignant, en particulier dans la zone situ\u00e9e au-dessus de la cheville.<\/p> <\/div> <div class=\"schema-faq-section\" id=\"faq-question-1690806986461\"><strong class=\"schema-faq-question\">Qu'est-ce que la compression cibl\u00e9e ?<\/strong> <p class=\"schema-faq-answer\">Les chaussettes de compression de ce type sont destin\u00e9es aux charges et aux sports extr\u00eames. Elles ciblent un muscle sp\u00e9cifique qui re\u00e7oit une compression maximale.<\/p> <\/div> <div class=\"schema-faq-section\" id=\"faq-question-1690807005493\"><strong class=\"schema-faq-question\">Qu'entend-on par compression m\u00e9dicale ?<\/strong> <p class=\"schema-faq-answer\">Il s'agit de genouill\u00e8res conformes \u00e0 la norme sanitaire en vigueur, d'o\u00f9 la classe de compression. Elles sont id\u00e9ales, par exemple, dans le cadre de maladies vasculaires.<\/p> <\/div> <\/div>","protected":false},"excerpt":{"rendered":"<p>Les chaussettes de compression sont un peu diff\u00e9rentes des chaussettes de sport. Bien qu'ils soient tous deux utilis\u00e9s dans le cadre du sport, chacun de ces produits remplit un r\u00f4le l\u00e9g\u00e8rement diff\u00e9rent. Comme l'indique le nom \"compression\", la compression joue un r\u00f4le important. Et \u00e0 quoi servent ces chaussettes ? Des chaussettes de compression de qualit\u00e9 n'affectent pas seulement vos performances dans un sport donn\u00e9, mais ... <\/p>","protected":false},"author":2,"featured_media":1341,"comment_status":"closed","ping_status":"closed","sticky":false,"template":"","format":"standard","meta":{"footnotes":""},"categories":[9],"tags":[1599,1597,1595,1598,1601,1602,1603,1596,1600],"class_list":["post-1340","post","type-post","status-publish","format-standard","has-post-thumbnail","hentry","category-sport","tag-fixace","tag-komprese","tag-kompresni-podkolenky","tag-krevni-obeh","tag-navlek","tag-navleky","tag-podkolenka","tag-podkolenky","tag-vykonnost"],"yoast_head":"<!-- This site is optimized with the Yoast SEO plugin v27.5 - https:\/\/yoast.com\/product\/yoast-seo-wordpress\/ -->\n<title>Kompresn\u00ed podkolenky maj\u00ed sv\u016fj v\u00fdznam - REGBU.COM<\/title>\n<meta name=\"description\" content=\"Po\u0159i\u010fte si kompresn\u00ed podkolenky, a\u0165 u\u017e b\u011bh\u00e1te nebo se v\u011bnujete jin\u00fdm pohybov\u00fdm aktivit\u00e1m. Uvid\u00edte, \u017ee V\u00e1m p\u0159ijdou vhod.\" \/>\n<meta name=\"robots\" content=\"index, follow, max-snippet:-1, max-image-preview:large, max-video-preview:-1\" \/>\n<link rel=\"canonical\" href=\"https:\/\/regbu.com\/fr\/les-genouilleres-de-compression-ont-leur-raison-detre\/\" \/>\n<meta property=\"og:locale\" content=\"fr_FR\" \/>\n<meta property=\"og:type\" content=\"article\" \/>\n<meta property=\"og:title\" content=\"Kompresn\u00ed podkolenky maj\u00ed sv\u016fj v\u00fdznam - REGBU.COM\" \/>\n<meta property=\"og:description\" content=\"Po\u0159i\u010fte si kompresn\u00ed podkolenky, a\u0165 u\u017e b\u011bh\u00e1te nebo se v\u011bnujete jin\u00fdm pohybov\u00fdm aktivit\u00e1m. Uvid\u00edte, \u017ee V\u00e1m p\u0159ijdou vhod.\" \/>\n<meta property=\"og:url\" content=\"https:\/\/regbu.com\/fr\/les-genouilleres-de-compression-ont-leur-raison-detre\/\" \/>\n<meta property=\"og:site_name\" content=\"REGBU.COM\" \/>\n<meta property=\"article:published_time\" content=\"2023-07-31T12:39:23+00:00\" \/>\n<meta property=\"article:modified_time\" content=\"2025-09-05T05:40:32+00:00\" \/>\n<meta property=\"og:image\" content=\"https:\/\/regbu.com\/wp-content\/uploads\/2023\/07\/kompresni-podkolenky-maji-svuj-vyznam.jpg\" \/>\n\t<meta property=\"og:image:width\" content=\"1200\" \/>\n\t<meta property=\"og:image:height\" content=\"677\" \/>\n\t<meta property=\"og:image:type\" content=\"image\/jpeg\" \/>\n<meta name=\"author\" content=\"George Martin\" \/>\n<meta name=\"twitter:card\" content=\"summary_large_image\" \/>\n<meta name=\"twitter:label1\" content=\"\u00c9crit par\" \/>\n\t<meta name=\"twitter:data1\" content=\"George Martin\" \/>\n\t<meta name=\"twitter:label2\" content=\"Dur\u00e9e de lecture estim\u00e9e\" \/>\n\t<meta name=\"twitter:data2\" content=\"2 minutes\" \/>\n<script type=\"application\/ld+json\" class=\"yoast-schema-graph\">{\"@context\":\"https:\\\/\\\/schema.org\",\"@graph\":[{\"@type\":\"Article\",\"@id\":\"https:\\\/\\\/regbu.com\\\/fr\\\/les-genouilleres-de-compression-ont-leur-raison-detre\\\/#article\",\"isPartOf\":{\"@id\":\"https:\\\/\\\/regbu.com\\\/fr\\\/les-genouilleres-de-compression-ont-leur-raison-detre\\\/\"},\"author\":{\"name\":\"George Martin\",\"@id\":\"https:\\\/\\\/regbu.com\\\/en\\\/#\\\/schema\\\/person\\\/94ea9deda2629771b8a9ced002f6784e\"},\"headline\":\"Kompresn\u00ed podkolenky maj\u00ed sv\u016fj v\u00fdznam\",\"datePublished\":\"2023-07-31T12:39:23+00:00\",\"dateModified\":\"2025-09-05T05:40:32+00:00\",\"mainEntityOfPage\":{\"@id\":\"https:\\\/\\\/regbu.com\\\/fr\\\/les-genouilleres-de-compression-ont-leur-raison-detre\\\/\"},\"wordCount\":438,\"image\":{\"@id\":\"https:\\\/\\\/regbu.com\\\/fr\\\/les-genouilleres-de-compression-ont-leur-raison-detre\\\/#primaryimage\"},\"thumbnailUrl\":\"https:\\\/\\\/regbu.com\\\/wp-content\\\/uploads\\\/2023\\\/07\\\/kompresni-podkolenky-maji-svuj-vyznam.jpg\",\"keywords\":[\"fixace\",\"komprese\",\"kompresn\u00ed podkolenky\",\"krevn\u00ed ob\u011bh\",\"n\u00e1vlek\",\"n\u00e1vleky\",\"podkolenka\",\"podkolenky\",\"v\u00fdkonnost\"],\"articleSection\":[\"Sport\"],\"inLanguage\":\"fr-FR\"},{\"@type\":[\"WebPage\",\"FAQPage\"],\"@id\":\"https:\\\/\\\/regbu.com\\\/fr\\\/les-genouilleres-de-compression-ont-leur-raison-detre\\\/\",\"url\":\"https:\\\/\\\/regbu.com\\\/fr\\\/les-genouilleres-de-compression-ont-leur-raison-detre\\\/\",\"name\":\"Kompresn\u00ed podkolenky maj\u00ed sv\u016fj v\u00fdznam - REGBU.COM\",\"isPartOf\":{\"@id\":\"https:\\\/\\\/regbu.com\\\/en\\\/#website\"},\"primaryImageOfPage\":{\"@id\":\"https:\\\/\\\/regbu.com\\\/fr\\\/les-genouilleres-de-compression-ont-leur-raison-detre\\\/#primaryimage\"},\"image\":{\"@id\":\"https:\\\/\\\/regbu.com\\\/fr\\\/les-genouilleres-de-compression-ont-leur-raison-detre\\\/#primaryimage\"},\"thumbnailUrl\":\"https:\\\/\\\/regbu.com\\\/wp-content\\\/uploads\\\/2023\\\/07\\\/kompresni-podkolenky-maji-svuj-vyznam.jpg\",\"datePublished\":\"2023-07-31T12:39:23+00:00\",\"dateModified\":\"2025-09-05T05:40:32+00:00\",\"author\":{\"@id\":\"https:\\\/\\\/regbu.com\\\/en\\\/#\\\/schema\\\/person\\\/94ea9deda2629771b8a9ced002f6784e\"},\"description\":\"Po\u0159i\u010fte si kompresn\u00ed podkolenky, a\u0165 u\u017e b\u011bh\u00e1te nebo se v\u011bnujete jin\u00fdm pohybov\u00fdm aktivit\u00e1m. Uvid\u00edte, \u017ee V\u00e1m p\u0159ijdou vhod.\",\"breadcrumb\":{\"@id\":\"https:\\\/\\\/regbu.com\\\/fr\\\/les-genouilleres-de-compression-ont-leur-raison-detre\\\/#breadcrumb\"},\"mainEntity\":[{\"@id\":\"https:\\\/\\\/regbu.com\\\/fr\\\/les-genouilleres-de-compression-ont-leur-raison-detre\\\/#faq-question-1690806959232\"},{\"@id\":\"https:\\\/\\\/regbu.com\\\/fr\\\/les-genouilleres-de-compression-ont-leur-raison-detre\\\/#faq-question-1690806967392\"},{\"@id\":\"https:\\\/\\\/regbu.com\\\/fr\\\/les-genouilleres-de-compression-ont-leur-raison-detre\\\/#faq-question-1690806976722\"},{\"@id\":\"https:\\\/\\\/regbu.com\\\/fr\\\/les-genouilleres-de-compression-ont-leur-raison-detre\\\/#faq-question-1690806986461\"},{\"@id\":\"https:\\\/\\\/regbu.com\\\/fr\\\/les-genouilleres-de-compression-ont-leur-raison-detre\\\/#faq-question-1690807005493\"}],\"inLanguage\":\"fr-FR\",\"potentialAction\":[{\"@type\":\"ReadAction\",\"target\":[\"https:\\\/\\\/regbu.com\\\/fr\\\/les-genouilleres-de-compression-ont-leur-raison-detre\\\/\"]}]},{\"@type\":\"ImageObject\",\"inLanguage\":\"fr-FR\",\"@id\":\"https:\\\/\\\/regbu.com\\\/fr\\\/les-genouilleres-de-compression-ont-leur-raison-detre\\\/#primaryimage\",\"url\":\"https:\\\/\\\/regbu.com\\\/wp-content\\\/uploads\\\/2023\\\/07\\\/kompresni-podkolenky-maji-svuj-vyznam.jpg\",\"contentUrl\":\"https:\\\/\\\/regbu.com\\\/wp-content\\\/uploads\\\/2023\\\/07\\\/kompresni-podkolenky-maji-svuj-vyznam.jpg\",\"width\":1200,\"height\":677,\"caption\":\"Kompresn\u00ed podkolenky maj\u00ed sv\u016fj v\u00fdznam\"},{\"@type\":\"BreadcrumbList\",\"@id\":\"https:\\\/\\\/regbu.com\\\/fr\\\/les-genouilleres-de-compression-ont-leur-raison-detre\\\/#breadcrumb\",\"itemListElement\":[{\"@type\":\"ListItem\",\"position\":1,\"name\":\"Home\",\"item\":\"https:\\\/\\\/regbu.com\\\/en\\\/\"},{\"@type\":\"ListItem\",\"position\":2,\"name\":\"Kompresn\u00ed podkolenky maj\u00ed sv\u016fj v\u00fdznam\"}]},{\"@type\":\"WebSite\",\"@id\":\"https:\\\/\\\/regbu.com\\\/en\\\/#website\",\"url\":\"https:\\\/\\\/regbu.com\\\/en\\\/\",\"name\":\"REGBU.COM\",\"description\":\"\",\"potentialAction\":[{\"@type\":\"SearchAction\",\"target\":{\"@type\":\"EntryPoint\",\"urlTemplate\":\"https:\\\/\\\/regbu.com\\\/en\\\/?s={search_term_string}\"},\"query-input\":{\"@type\":\"PropertyValueSpecification\",\"valueRequired\":true,\"valueName\":\"search_term_string\"}}],\"inLanguage\":\"fr-FR\"},{\"@type\":\"Person\",\"@id\":\"https:\\\/\\\/regbu.com\\\/en\\\/#\\\/schema\\\/person\\\/94ea9deda2629771b8a9ced002f6784e\",\"name\":\"George Martin\",\"url\":\"https:\\\/\\\/regbu.com\\\/fr\\\/author\\\/george-martin\\\/\"},{\"@type\":\"Question\",\"@id\":\"https:\\\/\\\/regbu.com\\\/fr\\\/les-genouilleres-de-compression-ont-leur-raison-detre\\\/#faq-question-1690806959232\",\"position\":1,\"url\":\"https:\\\/\\\/regbu.com\\\/fr\\\/les-genouilleres-de-compression-ont-leur-raison-detre\\\/#faq-question-1690806959232\",\"name\":\"Jak\u00e9 v\u00fdhody maj\u00ed kompresn\u00ed podkolenky?\",\"answerCount\":1,\"acceptedAnswer\":{\"@type\":\"Answer\",\"text\":\"V\u00edce zabezpe\u010duj\u00ed Achillovu \u0161lachu a p\u0159in\u00e1\u0161\u00ed kompletn\u00ed kompresi. Ta se t\u00fdk\u00e1 jak chodidla, tak l\u00fdtka, pop\u0159\u00edpad\u011b kolene.\",\"inLanguage\":\"fr-FR\"},\"inLanguage\":\"fr-FR\"},{\"@type\":\"Question\",\"@id\":\"https:\\\/\\\/regbu.com\\\/fr\\\/les-genouilleres-de-compression-ont-leur-raison-detre\\\/#faq-question-1690806967392\",\"position\":2,\"url\":\"https:\\\/\\\/regbu.com\\\/fr\\\/les-genouilleres-de-compression-ont-leur-raison-detre\\\/#faq-question-1690806967392\",\"name\":\"V \u010dem spo\u010d\u00edvaj\u00ed klady l\u00fdtkov\u00e9ho n\u00e1vleku?\",\"answerCount\":1,\"acceptedAnswer\":{\"@type\":\"Answer\",\"text\":\"Ten dr\u017e\u00ed mnohdy l\u00e9pe ne\u017e podkolenka. Nen\u00ed spojen s v\u00fdm\u011bnou pono\u017eek a p\u0159in\u00e1\u0161\u00ed v\u011bt\u0161\u00ed volnost v r\u00e1mci obl\u00e9k\u00e1n\u00ed.\",\"inLanguage\":\"fr-FR\"},\"inLanguage\":\"fr-FR\"},{\"@type\":\"Question\",\"@id\":\"https:\\\/\\\/regbu.com\\\/fr\\\/les-genouilleres-de-compression-ont-leur-raison-detre\\\/#faq-question-1690806976722\",\"position\":3,\"url\":\"https:\\\/\\\/regbu.com\\\/fr\\\/les-genouilleres-de-compression-ont-leur-raison-detre\\\/#faq-question-1690806976722\",\"name\":\"Co je to odstup\u0148ovan\u00e1 komprese?\",\"answerCount\":1,\"acceptedAnswer\":{\"@type\":\"Answer\",\"text\":\"Tento typ komprese c\u00edl\u00ed prim\u00e1rn\u011b na v\u00fdkon a regeneraci. Podkolenky tohoto typu jsou nejb\u011b\u017en\u011bj\u0161\u00ed a nejv\u00edce stahuj\u00ed p\u0159edev\u0161\u00edm v oblasti nad kotn\u00edkem.\",\"inLanguage\":\"fr-FR\"},\"inLanguage\":\"fr-FR\"},{\"@type\":\"Question\",\"@id\":\"https:\\\/\\\/regbu.com\\\/fr\\\/les-genouilleres-de-compression-ont-leur-raison-detre\\\/#faq-question-1690806986461\",\"position\":4,\"url\":\"https:\\\/\\\/regbu.com\\\/fr\\\/les-genouilleres-de-compression-ont-leur-raison-detre\\\/#faq-question-1690806986461\",\"name\":\"\u010c\u00edm se vyzna\u010duje c\u00edlen\u00e1 komprese?\",\"answerCount\":1,\"acceptedAnswer\":{\"@type\":\"Answer\",\"text\":\"Kompresn\u00ed podkolenky tohoto typu jsou zam\u011b\u0159eny na extr\u00e9mn\u00ed z\u00e1t\u011b\u017e a sporty. C\u00edleno je na jeden konkr\u00e9tn\u00ed sval, jemu\u017e se dost\u00e1v\u00e1 maxim\u00e1ln\u00ed komprese.\",\"inLanguage\":\"fr-FR\"},\"inLanguage\":\"fr-FR\"},{\"@type\":\"Question\",\"@id\":\"https:\\\/\\\/regbu.com\\\/fr\\\/les-genouilleres-de-compression-ont-leur-raison-detre\\\/#faq-question-1690807005493\",\"position\":5,\"url\":\"https:\\\/\\\/regbu.com\\\/fr\\\/les-genouilleres-de-compression-ont-leur-raison-detre\\\/#faq-question-1690807005493\",\"name\":\"Co si p\u0159edstavit pod pojmem zdravotn\u00ed komprese?\",\"answerCount\":1,\"acceptedAnswer\":{\"@type\":\"Answer\",\"text\":\"Jedn\u00e1 se o podkolenky odpov\u00eddaj\u00edc\u00ed p\u0159\u00edslu\u0161n\u00e9 zdravotn\u00ed norm\u011b, pota\u017emo kompresn\u00ed t\u0159\u00edd\u011b. Ide\u00e1ln\u00ed jsou nap\u0159\u00edklad v r\u00e1mci c\u00e9vn\u00edch onemocn\u011bn\u00ed.\",\"inLanguage\":\"fr-FR\"},\"inLanguage\":\"fr-FR\"}]}<\/script>\n<!-- \/ Yoast SEO plugin. -->","yoast_head_json":{"title":"Les bas de compression ont leur importance - REGBU.COM","description":"Procurez-vous des chaussettes de compression, que vous couriez ou pratiquiez d'autres activit\u00e9s physiques. Elles vous seront d'une grande utilit\u00e9.","robots":{"index":"index","follow":"follow","max-snippet":"max-snippet:-1","max-image-preview":"max-image-preview:large","max-video-preview":"max-video-preview:-1"},"canonical":"https:\/\/regbu.com\/fr\/les-genouilleres-de-compression-ont-leur-raison-detre\/","og_locale":"fr_FR","og_type":"article","og_title":"Kompresn\u00ed podkolenky maj\u00ed sv\u016fj v\u00fdznam - REGBU.COM","og_description":"Po\u0159i\u010fte si kompresn\u00ed podkolenky, a\u0165 u\u017e b\u011bh\u00e1te nebo se v\u011bnujete jin\u00fdm pohybov\u00fdm aktivit\u00e1m. Uvid\u00edte, \u017ee V\u00e1m p\u0159ijdou vhod.","og_url":"https:\/\/regbu.com\/fr\/les-genouilleres-de-compression-ont-leur-raison-detre\/","og_site_name":"REGBU.COM","article_published_time":"2023-07-31T12:39:23+00:00","article_modified_time":"2025-09-05T05:40:32+00:00","og_image":[{"width":1200,"height":677,"url":"https:\/\/regbu.com\/wp-content\/uploads\/2023\/07\/kompresni-podkolenky-maji-svuj-vyznam.jpg","type":"image\/jpeg"}],"author":"George Martin","twitter_card":"summary_large_image","twitter_misc":{"\u00c9crit par":"George Martin","Dur\u00e9e de lecture estim\u00e9e":"2 minutes"},"schema":{"@context":"https:\/\/schema.org","@graph":[{"@type":"Article","@id":"https:\/\/regbu.com\/fr\/les-genouilleres-de-compression-ont-leur-raison-detre\/#article","isPartOf":{"@id":"https:\/\/regbu.com\/fr\/les-genouilleres-de-compression-ont-leur-raison-detre\/"},"author":{"name":"George Martin","@id":"https:\/\/regbu.com\/en\/#\/schema\/person\/94ea9deda2629771b8a9ced002f6784e"},"headline":"Kompresn\u00ed podkolenky maj\u00ed sv\u016fj v\u00fdznam","datePublished":"2023-07-31T12:39:23+00:00","dateModified":"2025-09-05T05:40:32+00:00","mainEntityOfPage":{"@id":"https:\/\/regbu.com\/fr\/les-genouilleres-de-compression-ont-leur-raison-detre\/"},"wordCount":438,"image":{"@id":"https:\/\/regbu.com\/fr\/les-genouilleres-de-compression-ont-leur-raison-detre\/#primaryimage"},"thumbnailUrl":"https:\/\/regbu.com\/wp-content\/uploads\/2023\/07\/kompresni-podkolenky-maji-svuj-vyznam.jpg","keywords":["fixace","komprese","kompresn\u00ed podkolenky","krevn\u00ed ob\u011bh","n\u00e1vlek","n\u00e1vleky","podkolenka","podkolenky","v\u00fdkonnost"],"articleSection":["Sport"],"inLanguage":"fr-FR"},{"@type":["WebPage","FAQPage"],"@id":"https:\/\/regbu.com\/fr\/les-genouilleres-de-compression-ont-leur-raison-detre\/","url":"https:\/\/regbu.com\/fr\/les-genouilleres-de-compression-ont-leur-raison-detre\/","name":"Les bas de compression ont leur importance - REGBU.COM","isPartOf":{"@id":"https:\/\/regbu.com\/en\/#website"},"primaryImageOfPage":{"@id":"https:\/\/regbu.com\/fr\/les-genouilleres-de-compression-ont-leur-raison-detre\/#primaryimage"},"image":{"@id":"https:\/\/regbu.com\/fr\/les-genouilleres-de-compression-ont-leur-raison-detre\/#primaryimage"},"thumbnailUrl":"https:\/\/regbu.com\/wp-content\/uploads\/2023\/07\/kompresni-podkolenky-maji-svuj-vyznam.jpg","datePublished":"2023-07-31T12:39:23+00:00","dateModified":"2025-09-05T05:40:32+00:00","author":{"@id":"https:\/\/regbu.com\/en\/#\/schema\/person\/94ea9deda2629771b8a9ced002f6784e"},"description":"Procurez-vous des chaussettes de compression, que vous couriez ou pratiquiez d'autres activit\u00e9s physiques. Elles vous seront d'une grande utilit\u00e9.","breadcrumb":{"@id":"https:\/\/regbu.com\/fr\/les-genouilleres-de-compression-ont-leur-raison-detre\/#breadcrumb"},"mainEntity":[{"@id":"https:\/\/regbu.com\/fr\/les-genouilleres-de-compression-ont-leur-raison-detre\/#faq-question-1690806959232"},{"@id":"https:\/\/regbu.com\/fr\/les-genouilleres-de-compression-ont-leur-raison-detre\/#faq-question-1690806967392"},{"@id":"https:\/\/regbu.com\/fr\/les-genouilleres-de-compression-ont-leur-raison-detre\/#faq-question-1690806976722"},{"@id":"https:\/\/regbu.com\/fr\/les-genouilleres-de-compression-ont-leur-raison-detre\/#faq-question-1690806986461"},{"@id":"https:\/\/regbu.com\/fr\/les-genouilleres-de-compression-ont-leur-raison-detre\/#faq-question-1690807005493"}],"inLanguage":"fr-FR","potentialAction":[{"@type":"ReadAction","target":["https:\/\/regbu.com\/fr\/les-genouilleres-de-compression-ont-leur-raison-detre\/"]}]},{"@type":"ImageObject","inLanguage":"fr-FR","@id":"https:\/\/regbu.com\/fr\/les-genouilleres-de-compression-ont-leur-raison-detre\/#primaryimage","url":"https:\/\/regbu.com\/wp-content\/uploads\/2023\/07\/kompresni-podkolenky-maji-svuj-vyznam.jpg","contentUrl":"https:\/\/regbu.com\/wp-content\/uploads\/2023\/07\/kompresni-podkolenky-maji-svuj-vyznam.jpg","width":1200,"height":677,"caption":"Kompresn\u00ed podkolenky maj\u00ed sv\u016fj v\u00fdznam"},{"@type":"BreadcrumbList","@id":"https:\/\/regbu.com\/fr\/les-genouilleres-de-compression-ont-leur-raison-detre\/#breadcrumb","itemListElement":[{"@type":"ListItem","position":1,"name":"Home","item":"https:\/\/regbu.com\/en\/"},{"@type":"ListItem","position":2,"name":"Kompresn\u00ed podkolenky maj\u00ed sv\u016fj v\u00fdznam"}]},{"@type":"WebSite","@id":"https:\/\/regbu.com\/en\/#website","url":"https:\/\/regbu.com\/en\/","name":"REGBU.COM","description":"","potentialAction":[{"@type":"SearchAction","target":{"@type":"EntryPoint","urlTemplate":"https:\/\/regbu.com\/en\/?s={search_term_string}"},"query-input":{"@type":"PropertyValueSpecification","valueRequired":true,"valueName":"search_term_string"}}],"inLanguage":"fr-FR"},{"@type":"Person","@id":"https:\/\/regbu.com\/en\/#\/schema\/person\/94ea9deda2629771b8a9ced002f6784e","name":"George Martin","url":"https:\/\/regbu.com\/fr\/author\/george-martin\/"},{"@type":"Question","@id":"https:\/\/regbu.com\/fr\/les-genouilleres-de-compression-ont-leur-raison-detre\/#faq-question-1690806959232","position":1,"url":"https:\/\/regbu.com\/fr\/les-genouilleres-de-compression-ont-leur-raison-detre\/#faq-question-1690806959232","name":"Quels sont les avantages des bas de compression ?","answerCount":1,"acceptedAnswer":{"@type":"Answer","text":"V\u00edce zabezpe\u010duj\u00ed Achillovu \u0161lachu a p\u0159in\u00e1\u0161\u00ed kompletn\u00ed kompresi. Ta se t\u00fdk\u00e1 jak chodidla, tak l\u00fdtka, pop\u0159\u00edpad\u011b kolene.","inLanguage":"fr-FR"},"inLanguage":"fr-FR"},{"@type":"Question","@id":"https:\/\/regbu.com\/fr\/les-genouilleres-de-compression-ont-leur-raison-detre\/#faq-question-1690806967392","position":2,"url":"https:\/\/regbu.com\/fr\/les-genouilleres-de-compression-ont-leur-raison-detre\/#faq-question-1690806967392","name":"Quels sont les avantages du manchon pour mollets ?","answerCount":1,"acceptedAnswer":{"@type":"Answer","text":"Ten dr\u017e\u00ed mnohdy l\u00e9pe ne\u017e podkolenka. Nen\u00ed spojen s v\u00fdm\u011bnou pono\u017eek a p\u0159in\u00e1\u0161\u00ed v\u011bt\u0161\u00ed volnost v r\u00e1mci obl\u00e9k\u00e1n\u00ed.","inLanguage":"fr-FR"},"inLanguage":"fr-FR"},{"@type":"Question","@id":"https:\/\/regbu.com\/fr\/les-genouilleres-de-compression-ont-leur-raison-detre\/#faq-question-1690806976722","position":3,"url":"https:\/\/regbu.com\/fr\/les-genouilleres-de-compression-ont-leur-raison-detre\/#faq-question-1690806976722","name":"Qu'est-ce que la compression gradu\u00e9e ?","answerCount":1,"acceptedAnswer":{"@type":"Answer","text":"Tento typ komprese c\u00edl\u00ed prim\u00e1rn\u011b na v\u00fdkon a regeneraci. Podkolenky tohoto typu jsou nejb\u011b\u017en\u011bj\u0161\u00ed a nejv\u00edce stahuj\u00ed p\u0159edev\u0161\u00edm v oblasti nad kotn\u00edkem.","inLanguage":"fr-FR"},"inLanguage":"fr-FR"},{"@type":"Question","@id":"https:\/\/regbu.com\/fr\/les-genouilleres-de-compression-ont-leur-raison-detre\/#faq-question-1690806986461","position":4,"url":"https:\/\/regbu.com\/fr\/les-genouilleres-de-compression-ont-leur-raison-detre\/#faq-question-1690806986461","name":"Qu'est-ce que la compression cibl\u00e9e ?","answerCount":1,"acceptedAnswer":{"@type":"Answer","text":"Kompresn\u00ed podkolenky tohoto typu jsou zam\u011b\u0159eny na extr\u00e9mn\u00ed z\u00e1t\u011b\u017e a sporty. C\u00edleno je na jeden konkr\u00e9tn\u00ed sval, jemu\u017e se dost\u00e1v\u00e1 maxim\u00e1ln\u00ed komprese.","inLanguage":"fr-FR"},"inLanguage":"fr-FR"},{"@type":"Question","@id":"https:\/\/regbu.com\/fr\/les-genouilleres-de-compression-ont-leur-raison-detre\/#faq-question-1690807005493","position":5,"url":"https:\/\/regbu.com\/fr\/les-genouilleres-de-compression-ont-leur-raison-detre\/#faq-question-1690807005493","name":"Qu'entend-on par compression m\u00e9dicale ?","answerCount":1,"acceptedAnswer":{"@type":"Answer","text":"Jedn\u00e1 se o podkolenky odpov\u00eddaj\u00edc\u00ed p\u0159\u00edslu\u0161n\u00e9 zdravotn\u00ed norm\u011b, pota\u017emo kompresn\u00ed t\u0159\u00edd\u011b. Ide\u00e1ln\u00ed jsou nap\u0159\u00edklad v r\u00e1mci c\u00e9vn\u00edch onemocn\u011bn\u00ed.","inLanguage":"fr-FR"},"inLanguage":"fr-FR"}]}},"_links":{"self":[{"href":"https:\/\/regbu.com\/fr\/wp-json\/wp\/v2\/posts\/1340","targetHints":{"allow":["GET"]}}],"collection":[{"href":"https:\/\/regbu.com\/fr\/wp-json\/wp\/v2\/posts"}],"about":[{"href":"https:\/\/regbu.com\/fr\/wp-json\/wp\/v2\/types\/post"}],"author":[{"embeddable":true,"href":"https:\/\/regbu.com\/fr\/wp-json\/wp\/v2\/users\/2"}],"replies":[{"embeddable":true,"href":"https:\/\/regbu.com\/fr\/wp-json\/wp\/v2\/comments?post=1340"}],"version-history":[{"count":2,"href":"https:\/\/regbu.com\/fr\/wp-json\/wp\/v2\/posts\/1340\/revisions"}],"predecessor-version":[{"id":1358,"href":"https:\/\/regbu.com\/fr\/wp-json\/wp\/v2\/posts\/1340\/revisions\/1358"}],"wp:featuredmedia":[{"embeddable":true,"href":"https:\/\/regbu.com\/fr\/wp-json\/wp\/v2\/media\/1341"}],"wp:attachment":[{"href":"https:\/\/regbu.com\/fr\/wp-json\/wp\/v2\/media?parent=1340"}],"wp:term":[{"taxonomy":"category","embeddable":true,"href":"https:\/\/regbu.com\/fr\/wp-json\/wp\/v2\/categories?post=1340"},{"taxonomy":"post_tag","embeddable":true,"href":"https:\/\/regbu.com\/fr\/wp-json\/wp\/v2\/tags?post=1340"}],"curies":[{"name":"wp","href":"https:\/\/api.w.org\/{rel}","templated":true}]}}