{"id":1330,"date":"2023-07-31T14:29:04","date_gmt":"2023-07-31T12:29:04","guid":{"rendered":"https:\/\/regbu.com\/?p=1330"},"modified":"2025-09-05T07:40:38","modified_gmt":"2025-09-05T05:40:38","slug":"bezecka-vesta-musi-odpovidat-vasim-potrebam","status":"publish","type":"post","link":"https:\/\/regbu.com\/fr\/la-chaine-doit-correspondre-a-vos-besoins\/","title":{"rendered":"La veste de course doit correspondre \u00e0 vos besoins"},"content":{"rendered":"<p>Ces derni\u00e8res ann\u00e9es, la veste de course \u00e0 pied est devenue partie int\u00e9grante de l'\u00e9quipement de nombreux athl\u00e8tes. Il s'agit d'un \u00e9quipement important pour un coureur, au m\u00eame titre que, par exemple, la veste de course \u00e0 pied. <strong><a href=\"https:\/\/regbu.com\/fr\/chaussures-de-course-adaptees-aux-styles-de-course-a-la-main\/\">chaussures de course<\/a><\/strong>. Cet accessoire n'est pas une question de mode ou de chaleur. Vous n'avez vraiment pas besoin de cela lorsque vous courez. Le gilet a un r\u00f4le compl\u00e8tement diff\u00e9rent.<\/p>\n\n\n\n<ul class=\"wp-block-list\">\n<li>Il devient un r\u00e9servoir d'eau<\/li>\n\n\n\n<li>Offre un espace de stockage<\/li>\n\n\n\n<li>Elle joue un r\u00f4le pratique<\/li>\n<\/ul>\n\n\n\n<p>Gr\u00e2ce \u00e0 la veste de course, vous n'avez plus besoin de tenir quoi que ce soit dans la main lorsque vous courez. M\u00eame si vous n'avez pas besoin de beaucoup de choses pendant la course, vous pouvez y ranger tous les \u00e9l\u00e9ments essentiels, notamment en ce qui concerne l'apport suffisant de liquide.<\/p>\n\n\n\n<h2 class=\"wp-block-heading\">Gilet de course et sa capacit\u00e9<\/h2>\n\n\n\n<p>Oui, lorsque vous choisissez un v\u00eatement de sport, assurez-vous de choisir la bonne taille. Cependant, une veste de course \u00e0 pied n\u00e9cessite une approche l\u00e9g\u00e8rement diff\u00e9rente. Concentrez-vous sur sa taille <strong>capacit\u00e9 en eau<\/strong>. Ce param\u00e8tre est bas\u00e9 sur la longueur de la course r\u00e9guli\u00e8re.<\/p>\n\n\n\n<figure class=\"wp-block-table\"><table><tbody><tr><td><strong>Capacit\u00e9 du gilet<\/strong><\/td><td><strong>Dur\u00e9e de la course<\/strong><\/td><\/tr><tr><td>2 l<\/td><td>1 \u00e0 2 heures<\/td><\/tr><tr><td>2 \u00e0 5 l<\/td><td>3 \u00e0 4 heures<\/td><\/tr><tr><td>4 \u00e0 11 l<\/td><td>4 \u00e0 6 heures<\/td><\/tr><tr><td>6 \u00e0 15 l<\/td><td>Plus de 6 heures<\/td><\/tr><\/tbody><\/table><figcaption class=\"wp-element-caption\">De quelle capacit\u00e9 de gilet avez-vous besoin en fonction de la longueur du parcours ?<\/figcaption><\/figure>\n\n\n\n<p>La veste d'hydratation pour la course \u00e0 pied contient un sac sp\u00e9cial situ\u00e9 dans le dos. Un tuyau muni d'un embout buccal part de ce sac vers l'avant. Pendant votre course, vous pouvez boire rapidement et facilement sans vous arr\u00eater.<\/p>\n\n\n\n<h3 class=\"wp-block-heading\">Autres param\u00e8tres de la veste de course<\/h3>\n\n\n\n<p>L'hydrovac n'est pas le seul moyen de transporter de l'eau dans la veste. Il existe des mod\u00e8les de gilets con\u00e7us pour des gourdes situ\u00e9es \u00e0 l'avant. Le choix sp\u00e9cifique d\u00e9pend donc de vous, en tenant compte \u00e9galement du type de course \u00e0 pied. Il n'en reste pas moins que la <strong>hydrovacs sp\u00e9ciaux sur le dos<\/strong> peut contenir plus d'eau.<\/p>\n\n\n\n<p>Tout coureur exige un maximum de confort lorsqu'il court, et cela vaut \u00e9galement pour une veste de course \u00e0 pied. Choisissez une coupe qui ne vous p\u00e8se pas, qu'il s'agisse de la taille de la veste, de la largeur des bretelles, des boutons-pression en plastique, etc. La veste doit \u00eatre juste \u00e0 la bonne taille pour ne pas vous g\u00eaner et s'adapter parfaitement \u00e0 votre corps lorsque vous courez. Il n'est pas souhaitable qu'il flotte ou qu'il rebondisse. <em>L'id\u00e9al est une coupure directement sur le corps<\/em>.<\/p>","protected":false},"excerpt":{"rendered":"<p>Ces derni\u00e8res ann\u00e9es, la veste de course \u00e0 pied est devenue partie int\u00e9grante de l'\u00e9quipement de nombreux athl\u00e8tes. C'est un \u00e9quipement important pour un coureur, au m\u00eame titre que les chaussures de course. Cet accessoire n'est pas une question de mode ou de chaleur. Vous n'avez vraiment pas besoin de cela lorsque vous courez. La veste remplit un r\u00f4le tout \u00e0 fait diff\u00e9rent. Avec une veste de course \u00e0 pied, vous ne devez rien porter \u00e0 la main lorsque vous courez. I ... <\/p>","protected":false},"author":2,"featured_media":1331,"comment_status":"closed","ping_status":"closed","sticky":false,"template":"","format":"standard","meta":{"footnotes":""},"categories":[9],"tags":[847,846,1580,1583,1581,1582,911,1584,1018,812],"class_list":["post-1330","post","type-post","status-publish","format-standard","has-post-thumbnail","hentry","category-sport","tag-beh","tag-behani","tag-bezecka-vesta","tag-hydrovak","tag-kapacita","tag-kapacita-vesty","tag-lahev","tag-tekutina","tag-vesta","tag-voda"],"yoast_head":"<!-- This site is optimized with the Yoast SEO plugin v27.5 - https:\/\/yoast.com\/product\/yoast-seo-wordpress\/ -->\n<title>B\u011b\u017eeck\u00e1 vesta mus\u00ed odpov\u00eddat Va\u0161im pot\u0159eb\u00e1m - REGBU.COM<\/title>\n<meta name=\"description\" content=\"B\u011b\u017eeck\u00e1 vesta se stane praktick\u00fdm dopl\u0148kem pro V\u00e1\u0161 ka\u017edodenn\u00ed b\u011bh. Zjist\u011bte, jak\u00e9 m\u00e1te mo\u017enosti p\u0159i jej\u00edm v\u00fdb\u011bru.\" \/>\n<meta name=\"robots\" content=\"index, follow, max-snippet:-1, max-image-preview:large, max-video-preview:-1\" \/>\n<link rel=\"canonical\" href=\"https:\/\/regbu.com\/fr\/la-chaine-doit-correspondre-a-vos-besoins\/\" \/>\n<meta property=\"og:locale\" content=\"fr_FR\" \/>\n<meta property=\"og:type\" content=\"article\" \/>\n<meta property=\"og:title\" content=\"B\u011b\u017eeck\u00e1 vesta mus\u00ed odpov\u00eddat Va\u0161im pot\u0159eb\u00e1m - REGBU.COM\" \/>\n<meta property=\"og:description\" content=\"B\u011b\u017eeck\u00e1 vesta se stane praktick\u00fdm dopl\u0148kem pro V\u00e1\u0161 ka\u017edodenn\u00ed b\u011bh. Zjist\u011bte, jak\u00e9 m\u00e1te mo\u017enosti p\u0159i jej\u00edm v\u00fdb\u011bru.\" \/>\n<meta property=\"og:url\" content=\"https:\/\/regbu.com\/fr\/la-chaine-doit-correspondre-a-vos-besoins\/\" \/>\n<meta property=\"og:site_name\" content=\"REGBU.COM\" \/>\n<meta property=\"article:published_time\" content=\"2023-07-31T12:29:04+00:00\" \/>\n<meta property=\"article:modified_time\" content=\"2025-09-05T05:40:38+00:00\" \/>\n<meta property=\"og:image\" content=\"https:\/\/regbu.com\/wp-content\/uploads\/2023\/07\/bezecka-vesta-musi-odpovidat-vasim-potrebam.jpg\" \/>\n\t<meta property=\"og:image:width\" content=\"1200\" \/>\n\t<meta property=\"og:image:height\" content=\"675\" \/>\n\t<meta property=\"og:image:type\" content=\"image\/jpeg\" \/>\n<meta name=\"author\" content=\"George Martin\" \/>\n<meta name=\"twitter:card\" content=\"summary_large_image\" \/>\n<meta name=\"twitter:label1\" content=\"\u00c9crit par\" \/>\n\t<meta name=\"twitter:data1\" content=\"George Martin\" \/>\n\t<meta name=\"twitter:label2\" content=\"Dur\u00e9e de lecture estim\u00e9e\" \/>\n\t<meta name=\"twitter:data2\" content=\"2 minutes\" \/>\n<script type=\"application\/ld+json\" class=\"yoast-schema-graph\">{\"@context\":\"https:\\\/\\\/schema.org\",\"@graph\":[{\"@type\":\"Article\",\"@id\":\"https:\\\/\\\/regbu.com\\\/fr\\\/la-chaine-doit-correspondre-a-vos-besoins\\\/#article\",\"isPartOf\":{\"@id\":\"https:\\\/\\\/regbu.com\\\/fr\\\/la-chaine-doit-correspondre-a-vos-besoins\\\/\"},\"author\":{\"name\":\"George Martin\",\"@id\":\"https:\\\/\\\/regbu.com\\\/en\\\/#\\\/schema\\\/person\\\/94ea9deda2629771b8a9ced002f6784e\"},\"headline\":\"B\u011b\u017eeck\u00e1 vesta mus\u00ed odpov\u00eddat Va\u0161im pot\u0159eb\u00e1m\",\"datePublished\":\"2023-07-31T12:29:04+00:00\",\"dateModified\":\"2025-09-05T05:40:38+00:00\",\"mainEntityOfPage\":{\"@id\":\"https:\\\/\\\/regbu.com\\\/fr\\\/la-chaine-doit-correspondre-a-vos-besoins\\\/\"},\"wordCount\":461,\"image\":{\"@id\":\"https:\\\/\\\/regbu.com\\\/fr\\\/la-chaine-doit-correspondre-a-vos-besoins\\\/#primaryimage\"},\"thumbnailUrl\":\"https:\\\/\\\/regbu.com\\\/wp-content\\\/uploads\\\/2023\\\/07\\\/bezecka-vesta-musi-odpovidat-vasim-potrebam.jpg\",\"keywords\":[\"b\u011bh\",\"b\u011bh\u00e1n\u00ed\",\"b\u011b\u017eeck\u00e1 vesta\",\"hydrovak\",\"kapacita\",\"kapacita vesty\",\"l\u00e1hev\",\"tekutina\",\"vesta\",\"voda\"],\"articleSection\":[\"Sport\"],\"inLanguage\":\"fr-FR\"},{\"@type\":\"WebPage\",\"@id\":\"https:\\\/\\\/regbu.com\\\/fr\\\/la-chaine-doit-correspondre-a-vos-besoins\\\/\",\"url\":\"https:\\\/\\\/regbu.com\\\/fr\\\/la-chaine-doit-correspondre-a-vos-besoins\\\/\",\"name\":\"B\u011b\u017eeck\u00e1 vesta mus\u00ed odpov\u00eddat Va\u0161im pot\u0159eb\u00e1m - REGBU.COM\",\"isPartOf\":{\"@id\":\"https:\\\/\\\/regbu.com\\\/en\\\/#website\"},\"primaryImageOfPage\":{\"@id\":\"https:\\\/\\\/regbu.com\\\/fr\\\/la-chaine-doit-correspondre-a-vos-besoins\\\/#primaryimage\"},\"image\":{\"@id\":\"https:\\\/\\\/regbu.com\\\/fr\\\/la-chaine-doit-correspondre-a-vos-besoins\\\/#primaryimage\"},\"thumbnailUrl\":\"https:\\\/\\\/regbu.com\\\/wp-content\\\/uploads\\\/2023\\\/07\\\/bezecka-vesta-musi-odpovidat-vasim-potrebam.jpg\",\"datePublished\":\"2023-07-31T12:29:04+00:00\",\"dateModified\":\"2025-09-05T05:40:38+00:00\",\"author\":{\"@id\":\"https:\\\/\\\/regbu.com\\\/en\\\/#\\\/schema\\\/person\\\/94ea9deda2629771b8a9ced002f6784e\"},\"description\":\"B\u011b\u017eeck\u00e1 vesta se stane praktick\u00fdm dopl\u0148kem pro V\u00e1\u0161 ka\u017edodenn\u00ed b\u011bh. Zjist\u011bte, jak\u00e9 m\u00e1te mo\u017enosti p\u0159i jej\u00edm v\u00fdb\u011bru.\",\"breadcrumb\":{\"@id\":\"https:\\\/\\\/regbu.com\\\/fr\\\/la-chaine-doit-correspondre-a-vos-besoins\\\/#breadcrumb\"},\"inLanguage\":\"fr-FR\",\"potentialAction\":[{\"@type\":\"ReadAction\",\"target\":[\"https:\\\/\\\/regbu.com\\\/fr\\\/la-chaine-doit-correspondre-a-vos-besoins\\\/\"]}]},{\"@type\":\"ImageObject\",\"inLanguage\":\"fr-FR\",\"@id\":\"https:\\\/\\\/regbu.com\\\/fr\\\/la-chaine-doit-correspondre-a-vos-besoins\\\/#primaryimage\",\"url\":\"https:\\\/\\\/regbu.com\\\/wp-content\\\/uploads\\\/2023\\\/07\\\/bezecka-vesta-musi-odpovidat-vasim-potrebam.jpg\",\"contentUrl\":\"https:\\\/\\\/regbu.com\\\/wp-content\\\/uploads\\\/2023\\\/07\\\/bezecka-vesta-musi-odpovidat-vasim-potrebam.jpg\",\"width\":1200,\"height\":675,\"caption\":\"B\u011b\u017eeck\u00e1 vesta mus\u00ed odpov\u00eddat Va\u0161im pot\u0159eb\u00e1m\"},{\"@type\":\"BreadcrumbList\",\"@id\":\"https:\\\/\\\/regbu.com\\\/fr\\\/la-chaine-doit-correspondre-a-vos-besoins\\\/#breadcrumb\",\"itemListElement\":[{\"@type\":\"ListItem\",\"position\":1,\"name\":\"Home\",\"item\":\"https:\\\/\\\/regbu.com\\\/en\\\/\"},{\"@type\":\"ListItem\",\"position\":2,\"name\":\"B\u011b\u017eeck\u00e1 vesta mus\u00ed odpov\u00eddat Va\u0161im pot\u0159eb\u00e1m\"}]},{\"@type\":\"WebSite\",\"@id\":\"https:\\\/\\\/regbu.com\\\/en\\\/#website\",\"url\":\"https:\\\/\\\/regbu.com\\\/en\\\/\",\"name\":\"REGBU.COM\",\"description\":\"\",\"potentialAction\":[{\"@type\":\"SearchAction\",\"target\":{\"@type\":\"EntryPoint\",\"urlTemplate\":\"https:\\\/\\\/regbu.com\\\/en\\\/?s={search_term_string}\"},\"query-input\":{\"@type\":\"PropertyValueSpecification\",\"valueRequired\":true,\"valueName\":\"search_term_string\"}}],\"inLanguage\":\"fr-FR\"},{\"@type\":\"Person\",\"@id\":\"https:\\\/\\\/regbu.com\\\/en\\\/#\\\/schema\\\/person\\\/94ea9deda2629771b8a9ced002f6784e\",\"name\":\"George Martin\",\"url\":\"https:\\\/\\\/regbu.com\\\/fr\\\/author\\\/george-martin\\\/\"}]}<\/script>\n<!-- \/ Yoast SEO plugin. -->","yoast_head_json":{"title":"La veste de course \u00e0 pied doit \u00eatre adapt\u00e9e \u00e0 vos besoins - REGBU.COM","description":"La veste de course \u00e0 pied deviendra un accessoire pratique pour votre course quotidienne. D\u00e9couvrez les possibilit\u00e9s qui s'offrent \u00e0 vous pour le choisir.","robots":{"index":"index","follow":"follow","max-snippet":"max-snippet:-1","max-image-preview":"max-image-preview:large","max-video-preview":"max-video-preview:-1"},"canonical":"https:\/\/regbu.com\/fr\/la-chaine-doit-correspondre-a-vos-besoins\/","og_locale":"fr_FR","og_type":"article","og_title":"B\u011b\u017eeck\u00e1 vesta mus\u00ed odpov\u00eddat Va\u0161im pot\u0159eb\u00e1m - REGBU.COM","og_description":"B\u011b\u017eeck\u00e1 vesta se stane praktick\u00fdm dopl\u0148kem pro V\u00e1\u0161 ka\u017edodenn\u00ed b\u011bh. Zjist\u011bte, jak\u00e9 m\u00e1te mo\u017enosti p\u0159i jej\u00edm v\u00fdb\u011bru.","og_url":"https:\/\/regbu.com\/fr\/la-chaine-doit-correspondre-a-vos-besoins\/","og_site_name":"REGBU.COM","article_published_time":"2023-07-31T12:29:04+00:00","article_modified_time":"2025-09-05T05:40:38+00:00","og_image":[{"width":1200,"height":675,"url":"https:\/\/regbu.com\/wp-content\/uploads\/2023\/07\/bezecka-vesta-musi-odpovidat-vasim-potrebam.jpg","type":"image\/jpeg"}],"author":"George Martin","twitter_card":"summary_large_image","twitter_misc":{"\u00c9crit par":"George Martin","Dur\u00e9e de lecture estim\u00e9e":"2 minutes"},"schema":{"@context":"https:\/\/schema.org","@graph":[{"@type":"Article","@id":"https:\/\/regbu.com\/fr\/la-chaine-doit-correspondre-a-vos-besoins\/#article","isPartOf":{"@id":"https:\/\/regbu.com\/fr\/la-chaine-doit-correspondre-a-vos-besoins\/"},"author":{"name":"George Martin","@id":"https:\/\/regbu.com\/en\/#\/schema\/person\/94ea9deda2629771b8a9ced002f6784e"},"headline":"B\u011b\u017eeck\u00e1 vesta mus\u00ed odpov\u00eddat Va\u0161im pot\u0159eb\u00e1m","datePublished":"2023-07-31T12:29:04+00:00","dateModified":"2025-09-05T05:40:38+00:00","mainEntityOfPage":{"@id":"https:\/\/regbu.com\/fr\/la-chaine-doit-correspondre-a-vos-besoins\/"},"wordCount":461,"image":{"@id":"https:\/\/regbu.com\/fr\/la-chaine-doit-correspondre-a-vos-besoins\/#primaryimage"},"thumbnailUrl":"https:\/\/regbu.com\/wp-content\/uploads\/2023\/07\/bezecka-vesta-musi-odpovidat-vasim-potrebam.jpg","keywords":["b\u011bh","b\u011bh\u00e1n\u00ed","b\u011b\u017eeck\u00e1 vesta","hydrovak","kapacita","kapacita vesty","l\u00e1hev","tekutina","vesta","voda"],"articleSection":["Sport"],"inLanguage":"fr-FR"},{"@type":"WebPage","@id":"https:\/\/regbu.com\/fr\/la-chaine-doit-correspondre-a-vos-besoins\/","url":"https:\/\/regbu.com\/fr\/la-chaine-doit-correspondre-a-vos-besoins\/","name":"La veste de course \u00e0 pied doit \u00eatre adapt\u00e9e \u00e0 vos besoins - REGBU.COM","isPartOf":{"@id":"https:\/\/regbu.com\/en\/#website"},"primaryImageOfPage":{"@id":"https:\/\/regbu.com\/fr\/la-chaine-doit-correspondre-a-vos-besoins\/#primaryimage"},"image":{"@id":"https:\/\/regbu.com\/fr\/la-chaine-doit-correspondre-a-vos-besoins\/#primaryimage"},"thumbnailUrl":"https:\/\/regbu.com\/wp-content\/uploads\/2023\/07\/bezecka-vesta-musi-odpovidat-vasim-potrebam.jpg","datePublished":"2023-07-31T12:29:04+00:00","dateModified":"2025-09-05T05:40:38+00:00","author":{"@id":"https:\/\/regbu.com\/en\/#\/schema\/person\/94ea9deda2629771b8a9ced002f6784e"},"description":"La veste de course \u00e0 pied deviendra un accessoire pratique pour votre course quotidienne. D\u00e9couvrez les possibilit\u00e9s qui s'offrent \u00e0 vous pour le choisir.","breadcrumb":{"@id":"https:\/\/regbu.com\/fr\/la-chaine-doit-correspondre-a-vos-besoins\/#breadcrumb"},"inLanguage":"fr-FR","potentialAction":[{"@type":"ReadAction","target":["https:\/\/regbu.com\/fr\/la-chaine-doit-correspondre-a-vos-besoins\/"]}]},{"@type":"ImageObject","inLanguage":"fr-FR","@id":"https:\/\/regbu.com\/fr\/la-chaine-doit-correspondre-a-vos-besoins\/#primaryimage","url":"https:\/\/regbu.com\/wp-content\/uploads\/2023\/07\/bezecka-vesta-musi-odpovidat-vasim-potrebam.jpg","contentUrl":"https:\/\/regbu.com\/wp-content\/uploads\/2023\/07\/bezecka-vesta-musi-odpovidat-vasim-potrebam.jpg","width":1200,"height":675,"caption":"B\u011b\u017eeck\u00e1 vesta mus\u00ed odpov\u00eddat Va\u0161im pot\u0159eb\u00e1m"},{"@type":"BreadcrumbList","@id":"https:\/\/regbu.com\/fr\/la-chaine-doit-correspondre-a-vos-besoins\/#breadcrumb","itemListElement":[{"@type":"ListItem","position":1,"name":"Home","item":"https:\/\/regbu.com\/en\/"},{"@type":"ListItem","position":2,"name":"B\u011b\u017eeck\u00e1 vesta mus\u00ed odpov\u00eddat Va\u0161im pot\u0159eb\u00e1m"}]},{"@type":"WebSite","@id":"https:\/\/regbu.com\/en\/#website","url":"https:\/\/regbu.com\/en\/","name":"REGBU.COM","description":"","potentialAction":[{"@type":"SearchAction","target":{"@type":"EntryPoint","urlTemplate":"https:\/\/regbu.com\/en\/?s={search_term_string}"},"query-input":{"@type":"PropertyValueSpecification","valueRequired":true,"valueName":"search_term_string"}}],"inLanguage":"fr-FR"},{"@type":"Person","@id":"https:\/\/regbu.com\/en\/#\/schema\/person\/94ea9deda2629771b8a9ced002f6784e","name":"George Martin","url":"https:\/\/regbu.com\/fr\/author\/george-martin\/"}]}},"_links":{"self":[{"href":"https:\/\/regbu.com\/fr\/wp-json\/wp\/v2\/posts\/1330","targetHints":{"allow":["GET"]}}],"collection":[{"href":"https:\/\/regbu.com\/fr\/wp-json\/wp\/v2\/posts"}],"about":[{"href":"https:\/\/regbu.com\/fr\/wp-json\/wp\/v2\/types\/post"}],"author":[{"embeddable":true,"href":"https:\/\/regbu.com\/fr\/wp-json\/wp\/v2\/users\/2"}],"replies":[{"embeddable":true,"href":"https:\/\/regbu.com\/fr\/wp-json\/wp\/v2\/comments?post=1330"}],"version-history":[{"count":3,"href":"https:\/\/regbu.com\/fr\/wp-json\/wp\/v2\/posts\/1330\/revisions"}],"predecessor-version":[{"id":1355,"href":"https:\/\/regbu.com\/fr\/wp-json\/wp\/v2\/posts\/1330\/revisions\/1355"}],"wp:featuredmedia":[{"embeddable":true,"href":"https:\/\/regbu.com\/fr\/wp-json\/wp\/v2\/media\/1331"}],"wp:attachment":[{"href":"https:\/\/regbu.com\/fr\/wp-json\/wp\/v2\/media?parent=1330"}],"wp:term":[{"taxonomy":"category","embeddable":true,"href":"https:\/\/regbu.com\/fr\/wp-json\/wp\/v2\/categories?post=1330"},{"taxonomy":"post_tag","embeddable":true,"href":"https:\/\/regbu.com\/fr\/wp-json\/wp\/v2\/tags?post=1330"}],"curies":[{"name":"wp","href":"https:\/\/api.w.org\/{rel}","templated":true}]}}