{"id":1227,"date":"2023-07-23T16:05:18","date_gmt":"2023-07-23T14:05:18","guid":{"rendered":"https:\/\/regbu.com\/?p=1227"},"modified":"2025-09-05T07:40:46","modified_gmt":"2025-09-05T05:40:46","slug":"panske-kratasy-na-mnoho-zpusobu","status":"publish","type":"post","link":"https:\/\/regbu.com\/fr\/shorts-hommes-pour-tous-les-jours\/","title":{"rendered":"Les shorts pour hommes \u00e0 bien des \u00e9gards"},"content":{"rendered":"<p>Les shorts pour hommes trouvent leur principale utilisation principalement pendant la saison estivale. Par exemple, en tant que <strong><a href=\"https:\/\/regbu.com\/fr\/les-sweatshirts-femmes-peuvent-etre-utilises-dans-de-multiples-formes\/\">\u00e9charpes pour femmes<\/a><\/strong> comme \u00e9l\u00e9ment pratique d'une tenue d'\u00e9t\u00e9. Il est vrai que certains individus plus robustes choisissent le short pour le porter tout au long de l'ann\u00e9e, bien que cela soit assez rare en hiver. Examinons les shorts pour hommes plut\u00f4t sous l'angle de l'utilisation estivale, lorsque vous aurez besoin de ce qui suit.<\/p>\n\n\n\n<ul class=\"wp-block-list\">\n<li>L'a\u00e9ration<\/li>\n\n\n\n<li>L\u00e9g\u00e8ret\u00e9<\/li>\n\n\n\n<li>Commodit\u00e9<\/li>\n<\/ul>\n\n\n\n<p>\u00c0 cet \u00e9gard, si vous ne savez pas quelles sont les options <em>le choix des v\u00eatements<\/em> vous est propos\u00e9, lisez les lignes qui suivent. Nous vous apportons de nombreuses informations pratiques, notamment en \u00e9voquant la distribution des shorts.<\/p>\n\n\n\n<h2 class=\"wp-block-heading\">Le short en jean, un classique<\/h2>\n\n\n\n<p>Par o\u00f9 commencer si ce n'est par le plus courant ? Et c'est <strong>shorts en denim pour hommes<\/strong>. Ce type de short peut \u00eatre port\u00e9 avec n'importe quel type de haut, qu'il s'agisse d'un t-shirt, d'un sweat-shirt ou d'une veste. D'un point de vue social, le denim peut \u00e9galement \u00eatre \u00e9l\u00e9gant. En revanche, il faut compter sur le fait que les shorts de ce type peuvent \u00eatre un peu plus serr\u00e9s et moins confortables.<\/p>\n\n\n\n<h3 class=\"wp-block-heading\">Autres shorts pour hommes<\/h3>\n\n\n\n<p>Le contraire du denim est <strong>toile<\/strong>. Ce type de mati\u00e8re est plus ample, ce qui permet de mieux bouger. Cela se pr\u00eate \u00e0 l'utilisation de shorts. Vous pouvez les utiliser, par exemple, pour faire de la randonn\u00e9e. Les \u00e9v\u00e9nements musicaux et les festivals d'\u00e9t\u00e9 ne font pas exception. Si vous \u00eates int\u00e9ress\u00e9 par d'autres types de shorts pour hommes, lisez les questions et r\u00e9ponses suivantes.<\/p>\n\n\n\n<div class=\"schema-faq wp-block-yoast-faq-block\"><div class=\"schema-faq-section\" id=\"faq-question-1690207530445\"><strong class=\"schema-faq-question\">Qu'entendez-vous par \"short chico\" ?<\/strong> <p class=\"schema-faq-answer\">Il s'agit d'un short \u00e9l\u00e9gant qui peut \u00eatre associ\u00e9 \u00e0 une chemise \u00e0 manches courtes ou \u00e0 un polo, par exemple.<\/p> <\/div> <div class=\"schema-faq-section\" id=\"faq-question-1690207537842\"><strong class=\"schema-faq-question\">\u00c0 quel groupe de v\u00eatements les shorts chico appartiennent-ils ?<\/strong> <p class=\"schema-faq-answer\">Dans ce cas, nous pouvons parler de la section commerciale.<\/p> <\/div> <div class=\"schema-faq-section\" id=\"faq-question-1690207545197\"><strong class=\"schema-faq-question\">Quels sont les shorts les plus confortables ?<\/strong> <p class=\"schema-faq-answer\">Il s'agit d'un pantalon de surv\u00eatement, dont le mat\u00e9riau de fabrication est principalement du coton. Ils sont \u00e9galement assortis \u00e0 un T-shirt en coton. Ils sont g\u00e9n\u00e9ralement plus amples et enrichis de lettres.<\/p> <\/div> <div class=\"schema-faq-section\" id=\"faq-question-1690207555901\"><strong class=\"schema-faq-question\">O\u00f9 les shorts de sport trouvent-ils leur utilit\u00e9 ?<\/strong> <p class=\"schema-faq-answer\">Comme vous pouvez le deviner, il s'agit d'activit\u00e9s physiques. Beaucoup de ces mod\u00e8les sont dot\u00e9s de sous-v\u00eatements de maintien cousus.<\/p> <\/div> <div class=\"schema-faq-section\" id=\"faq-question-1690207567411\"><strong class=\"schema-faq-question\">Quelles sont les caract\u00e9ristiques \u00e0 prendre en compte dans les shorts de sport ?<\/strong> <p class=\"schema-faq-answer\">L'essentiel est la mati\u00e8re utilis\u00e9e, qui doit \u00eatre fonctionnelle. Il doit \u00e9vacuer la transpiration et donc les odeurs.<\/p> <\/div> <\/div>","protected":false},"excerpt":{"rendered":"<p>Les shorts pour hommes trouvent leur principale utilisation principalement pendant la saison estivale. C'est ainsi que les \u00e9charpes pour femmes jouent le r\u00f4le d'un \u00e9l\u00e9ment pratique des robes d'\u00e9t\u00e9. Il est vrai que certains individus plus robustes choisissent le short pour le porter toute l'ann\u00e9e, bien que cela soit assez rare en hiver. Examinons les shorts pour hommes plut\u00f4t sous l'angle de l'utilisation estivale, lorsque vous ... <\/p>","protected":false},"author":2,"featured_media":1228,"comment_status":"closed","ping_status":"closed","sticky":false,"template":"","format":"standard","meta":{"footnotes":""},"categories":[671],"tags":[1449,1447,1444,1440,1439,1442,1445,1443,1441,1446],"class_list":["post-1227","post","type-post","status-publish","format-standard","has-post-thumbnail","hentry","category-moda","tag-chico","tag-chico-kratasy","tag-dzinove","tag-kratasy","tag-panske-kratasy","tag-panske-sortky","tag-platno","tag-pohodli","tag-sortky","tag-sportovni-kratasy"],"yoast_head":"<!-- This site is optimized with the Yoast SEO plugin v27.5 - https:\/\/yoast.com\/product\/yoast-seo-wordpress\/ -->\n<title>P\u00e1nsk\u00e9 kra\u0165asy na mnoho zp\u016fsob\u016f - REGBU.COM<\/title>\n<meta name=\"description\" content=\"P\u00e1nsk\u00e9 kra\u0165asy maj\u00ed charakter letn\u00edho outfitu. Zjist\u011bte, jak\u00e9 m\u00e1te mo\u017enosti p\u0159i n\u00e1kupu p\u00e1nsk\u00fdch \u0161ortek a kam se hod\u00ed.\" \/>\n<meta name=\"robots\" content=\"index, follow, max-snippet:-1, max-image-preview:large, max-video-preview:-1\" \/>\n<link rel=\"canonical\" href=\"https:\/\/regbu.com\/fr\/shorts-hommes-pour-tous-les-jours\/\" \/>\n<meta property=\"og:locale\" content=\"fr_FR\" \/>\n<meta property=\"og:type\" content=\"article\" \/>\n<meta property=\"og:title\" content=\"P\u00e1nsk\u00e9 kra\u0165asy na mnoho zp\u016fsob\u016f - REGBU.COM\" \/>\n<meta property=\"og:description\" content=\"P\u00e1nsk\u00e9 kra\u0165asy maj\u00ed charakter letn\u00edho outfitu. Zjist\u011bte, jak\u00e9 m\u00e1te mo\u017enosti p\u0159i n\u00e1kupu p\u00e1nsk\u00fdch \u0161ortek a kam se hod\u00ed.\" \/>\n<meta property=\"og:url\" content=\"https:\/\/regbu.com\/fr\/shorts-hommes-pour-tous-les-jours\/\" \/>\n<meta property=\"og:site_name\" content=\"REGBU.COM\" \/>\n<meta property=\"article:published_time\" content=\"2023-07-23T14:05:18+00:00\" \/>\n<meta property=\"article:modified_time\" content=\"2025-09-05T05:40:46+00:00\" \/>\n<meta property=\"og:image\" content=\"https:\/\/regbu.com\/wp-content\/uploads\/2023\/07\/panske-kratasy-na-mnoho-zpusobu.jpg\" \/>\n\t<meta property=\"og:image:width\" content=\"1200\" \/>\n\t<meta property=\"og:image:height\" content=\"677\" \/>\n\t<meta property=\"og:image:type\" content=\"image\/jpeg\" \/>\n<meta name=\"author\" content=\"George Martin\" \/>\n<meta name=\"twitter:card\" content=\"summary_large_image\" \/>\n<meta name=\"twitter:label1\" content=\"\u00c9crit par\" \/>\n\t<meta name=\"twitter:data1\" content=\"George Martin\" \/>\n\t<meta name=\"twitter:label2\" content=\"Dur\u00e9e de lecture estim\u00e9e\" \/>\n\t<meta name=\"twitter:data2\" content=\"2 minutes\" \/>\n<script type=\"application\/ld+json\" class=\"yoast-schema-graph\">{\"@context\":\"https:\\\/\\\/schema.org\",\"@graph\":[{\"@type\":\"Article\",\"@id\":\"https:\\\/\\\/regbu.com\\\/fr\\\/shorts-hommes-pour-tous-les-jours\\\/#article\",\"isPartOf\":{\"@id\":\"https:\\\/\\\/regbu.com\\\/fr\\\/shorts-hommes-pour-tous-les-jours\\\/\"},\"author\":{\"name\":\"George Martin\",\"@id\":\"https:\\\/\\\/regbu.com\\\/en\\\/#\\\/schema\\\/person\\\/94ea9deda2629771b8a9ced002f6784e\"},\"headline\":\"P\u00e1nsk\u00e9 kra\u0165asy na mnoho zp\u016fsob\u016f\",\"datePublished\":\"2023-07-23T14:05:18+00:00\",\"dateModified\":\"2025-09-05T05:40:46+00:00\",\"mainEntityOfPage\":{\"@id\":\"https:\\\/\\\/regbu.com\\\/fr\\\/shorts-hommes-pour-tous-les-jours\\\/\"},\"wordCount\":484,\"image\":{\"@id\":\"https:\\\/\\\/regbu.com\\\/fr\\\/shorts-hommes-pour-tous-les-jours\\\/#primaryimage\"},\"thumbnailUrl\":\"https:\\\/\\\/regbu.com\\\/wp-content\\\/uploads\\\/2023\\\/07\\\/panske-kratasy-na-mnoho-zpusobu.jpg\",\"keywords\":[\"chico\",\"chico kra\u0164asy\",\"d\u017e\u00ednov\u00e9\",\"kra\u0165asy\",\"p\u00e1nsk\u00e9 kra\u0165asy\",\"p\u00e1nsk\u00e9 \u0161ortky\",\"pl\u00e1tno\",\"pohodl\u00ed\",\"\u0161ortky\",\"sportovn\u00ed kra\u0165asy\"],\"articleSection\":[\"M\u00f3da\"],\"inLanguage\":\"fr-FR\"},{\"@type\":[\"WebPage\",\"FAQPage\"],\"@id\":\"https:\\\/\\\/regbu.com\\\/fr\\\/shorts-hommes-pour-tous-les-jours\\\/\",\"url\":\"https:\\\/\\\/regbu.com\\\/fr\\\/shorts-hommes-pour-tous-les-jours\\\/\",\"name\":\"P\u00e1nsk\u00e9 kra\u0165asy na mnoho zp\u016fsob\u016f - REGBU.COM\",\"isPartOf\":{\"@id\":\"https:\\\/\\\/regbu.com\\\/en\\\/#website\"},\"primaryImageOfPage\":{\"@id\":\"https:\\\/\\\/regbu.com\\\/fr\\\/shorts-hommes-pour-tous-les-jours\\\/#primaryimage\"},\"image\":{\"@id\":\"https:\\\/\\\/regbu.com\\\/fr\\\/shorts-hommes-pour-tous-les-jours\\\/#primaryimage\"},\"thumbnailUrl\":\"https:\\\/\\\/regbu.com\\\/wp-content\\\/uploads\\\/2023\\\/07\\\/panske-kratasy-na-mnoho-zpusobu.jpg\",\"datePublished\":\"2023-07-23T14:05:18+00:00\",\"dateModified\":\"2025-09-05T05:40:46+00:00\",\"author\":{\"@id\":\"https:\\\/\\\/regbu.com\\\/en\\\/#\\\/schema\\\/person\\\/94ea9deda2629771b8a9ced002f6784e\"},\"description\":\"P\u00e1nsk\u00e9 kra\u0165asy maj\u00ed charakter letn\u00edho outfitu. Zjist\u011bte, jak\u00e9 m\u00e1te mo\u017enosti p\u0159i n\u00e1kupu p\u00e1nsk\u00fdch \u0161ortek a kam se hod\u00ed.\",\"breadcrumb\":{\"@id\":\"https:\\\/\\\/regbu.com\\\/fr\\\/shorts-hommes-pour-tous-les-jours\\\/#breadcrumb\"},\"mainEntity\":[{\"@id\":\"https:\\\/\\\/regbu.com\\\/fr\\\/shorts-hommes-pour-tous-les-jours\\\/#faq-question-1690207530445\"},{\"@id\":\"https:\\\/\\\/regbu.com\\\/fr\\\/shorts-hommes-pour-tous-les-jours\\\/#faq-question-1690207537842\"},{\"@id\":\"https:\\\/\\\/regbu.com\\\/fr\\\/shorts-hommes-pour-tous-les-jours\\\/#faq-question-1690207545197\"},{\"@id\":\"https:\\\/\\\/regbu.com\\\/fr\\\/shorts-hommes-pour-tous-les-jours\\\/#faq-question-1690207555901\"},{\"@id\":\"https:\\\/\\\/regbu.com\\\/fr\\\/shorts-hommes-pour-tous-les-jours\\\/#faq-question-1690207567411\"}],\"inLanguage\":\"fr-FR\",\"potentialAction\":[{\"@type\":\"ReadAction\",\"target\":[\"https:\\\/\\\/regbu.com\\\/fr\\\/shorts-hommes-pour-tous-les-jours\\\/\"]}]},{\"@type\":\"ImageObject\",\"inLanguage\":\"fr-FR\",\"@id\":\"https:\\\/\\\/regbu.com\\\/fr\\\/shorts-hommes-pour-tous-les-jours\\\/#primaryimage\",\"url\":\"https:\\\/\\\/regbu.com\\\/wp-content\\\/uploads\\\/2023\\\/07\\\/panske-kratasy-na-mnoho-zpusobu.jpg\",\"contentUrl\":\"https:\\\/\\\/regbu.com\\\/wp-content\\\/uploads\\\/2023\\\/07\\\/panske-kratasy-na-mnoho-zpusobu.jpg\",\"width\":1200,\"height\":677,\"caption\":\"P\u00e1nsk\u00e9 kra\u0165asy na mnoho zp\u016fsob\u016f\"},{\"@type\":\"BreadcrumbList\",\"@id\":\"https:\\\/\\\/regbu.com\\\/fr\\\/shorts-hommes-pour-tous-les-jours\\\/#breadcrumb\",\"itemListElement\":[{\"@type\":\"ListItem\",\"position\":1,\"name\":\"Home\",\"item\":\"https:\\\/\\\/regbu.com\\\/en\\\/\"},{\"@type\":\"ListItem\",\"position\":2,\"name\":\"P\u00e1nsk\u00e9 kra\u0165asy na mnoho zp\u016fsob\u016f\"}]},{\"@type\":\"WebSite\",\"@id\":\"https:\\\/\\\/regbu.com\\\/en\\\/#website\",\"url\":\"https:\\\/\\\/regbu.com\\\/en\\\/\",\"name\":\"REGBU.COM\",\"description\":\"\",\"potentialAction\":[{\"@type\":\"SearchAction\",\"target\":{\"@type\":\"EntryPoint\",\"urlTemplate\":\"https:\\\/\\\/regbu.com\\\/en\\\/?s={search_term_string}\"},\"query-input\":{\"@type\":\"PropertyValueSpecification\",\"valueRequired\":true,\"valueName\":\"search_term_string\"}}],\"inLanguage\":\"fr-FR\"},{\"@type\":\"Person\",\"@id\":\"https:\\\/\\\/regbu.com\\\/en\\\/#\\\/schema\\\/person\\\/94ea9deda2629771b8a9ced002f6784e\",\"name\":\"George Martin\",\"url\":\"https:\\\/\\\/regbu.com\\\/fr\\\/author\\\/george-martin\\\/\"},{\"@type\":\"Question\",\"@id\":\"https:\\\/\\\/regbu.com\\\/fr\\\/shorts-hommes-pour-tous-les-jours\\\/#faq-question-1690207530445\",\"position\":1,\"url\":\"https:\\\/\\\/regbu.com\\\/fr\\\/shorts-hommes-pour-tous-les-jours\\\/#faq-question-1690207530445\",\"name\":\"Co si p\u0159edstavit pod pojmem chico \u0161ortky?\",\"answerCount\":1,\"acceptedAnswer\":{\"@type\":\"Answer\",\"text\":\"Jde o elegantn\u00ed \u0161ortky, ke kter\u00fdm se hod\u00ed nap\u0159\u00edklad ko\u0161ile s kr\u00e1tk\u00fdm ruk\u00e1vem nebo tri\u010dko typu polo.\",\"inLanguage\":\"fr-FR\"},\"inLanguage\":\"fr-FR\"},{\"@type\":\"Question\",\"@id\":\"https:\\\/\\\/regbu.com\\\/fr\\\/shorts-hommes-pour-tous-les-jours\\\/#faq-question-1690207537842\",\"position\":2,\"url\":\"https:\\\/\\\/regbu.com\\\/fr\\\/shorts-hommes-pour-tous-les-jours\\\/#faq-question-1690207537842\",\"name\":\"Do jak\u00e9 skupiny o\u0161acen\u00ed pat\u0159\u00ed chico kra\u0165asy?\",\"answerCount\":1,\"acceptedAnswer\":{\"@type\":\"Answer\",\"text\":\"V tomto p\u0159\u00edpad\u011b m\u016f\u017eeme hovo\u0159it o business sekci.\",\"inLanguage\":\"fr-FR\"},\"inLanguage\":\"fr-FR\"},{\"@type\":\"Question\",\"@id\":\"https:\\\/\\\/regbu.com\\\/fr\\\/shorts-hommes-pour-tous-les-jours\\\/#faq-question-1690207545197\",\"position\":3,\"url\":\"https:\\\/\\\/regbu.com\\\/fr\\\/shorts-hommes-pour-tous-les-jours\\\/#faq-question-1690207545197\",\"name\":\"Jak\u00e9 kra\u0165asy se \u0159ad\u00ed k t\u011bm pohodln\u011bj\u0161\u00edm?\",\"answerCount\":1,\"acceptedAnswer\":{\"@type\":\"Answer\",\"text\":\"Jsou to tepl\u00e1kov\u00e9 \u0161ortky, jejich\u017e v\u00fdrobn\u00edm materi\u00e1lem je pov\u011bt\u0161inou bavlna. Hod\u00ed se k nim z\u00e1rove\u0148 bavln\u011bn\u00e9 triko. Obvykle jsou voln\u011bj\u0161\u00edho r\u00e1zu a obohacen\u00e9 o n\u00e1pisy.\",\"inLanguage\":\"fr-FR\"},\"inLanguage\":\"fr-FR\"},{\"@type\":\"Question\",\"@id\":\"https:\\\/\\\/regbu.com\\\/fr\\\/shorts-hommes-pour-tous-les-jours\\\/#faq-question-1690207555901\",\"position\":4,\"url\":\"https:\\\/\\\/regbu.com\\\/fr\\\/shorts-hommes-pour-tous-les-jours\\\/#faq-question-1690207555901\",\"name\":\"Kde nach\u00e1z\u00ed sv\u00e9 upot\u0159eben\u00ed sportovn\u00ed kra\u0165asy?\",\"answerCount\":1,\"acceptedAnswer\":{\"@type\":\"Answer\",\"text\":\"Jak asi spr\u00e1vn\u011b tu\u0161\u00edte, je to u pohybov\u00fdch aktivit. Mnoh\u00e9 z t\u011bchto model\u016f maj\u00ed v\u0161it\u00e9 podp\u016frn\u00e9 spodn\u00ed pr\u00e1dlo.\",\"inLanguage\":\"fr-FR\"},\"inLanguage\":\"fr-FR\"},{\"@type\":\"Question\",\"@id\":\"https:\\\/\\\/regbu.com\\\/fr\\\/shorts-hommes-pour-tous-les-jours\\\/#faq-question-1690207567411\",\"position\":5,\"url\":\"https:\\\/\\\/regbu.com\\\/fr\\\/shorts-hommes-pour-tous-les-jours\\\/#faq-question-1690207567411\",\"name\":\"Jak\u00e9 vlastnosti \u0159e\u0161it u sportovn\u00edch \u0161ortek?\",\"answerCount\":1,\"acceptedAnswer\":{\"@type\":\"Answer\",\"text\":\"Z\u00e1sadn\u00ed je pou\u017eit\u00fd materi\u00e1l, kter\u00fd by m\u011bl b\u00fdt funk\u010dn\u00ed. Mus\u00ed odv\u00e1d\u011bt pot, a tedy i z\u00e1pach.\",\"inLanguage\":\"fr-FR\"},\"inLanguage\":\"fr-FR\"}]}<\/script>\n<!-- \/ Yoast SEO plugin. -->","yoast_head_json":{"title":"Les shorts pour hommes sous toutes leurs coutures - REGBU.COM","description":"Les shorts pour hommes ont le caract\u00e8re d'une tenue d'\u00e9t\u00e9. D\u00e9couvrez les options qui s'offrent \u00e0 vous lors de l'achat d'un short pour homme et la place qu'il occupe.","robots":{"index":"index","follow":"follow","max-snippet":"max-snippet:-1","max-image-preview":"max-image-preview:large","max-video-preview":"max-video-preview:-1"},"canonical":"https:\/\/regbu.com\/fr\/shorts-hommes-pour-tous-les-jours\/","og_locale":"fr_FR","og_type":"article","og_title":"P\u00e1nsk\u00e9 kra\u0165asy na mnoho zp\u016fsob\u016f - REGBU.COM","og_description":"P\u00e1nsk\u00e9 kra\u0165asy maj\u00ed charakter letn\u00edho outfitu. Zjist\u011bte, jak\u00e9 m\u00e1te mo\u017enosti p\u0159i n\u00e1kupu p\u00e1nsk\u00fdch \u0161ortek a kam se hod\u00ed.","og_url":"https:\/\/regbu.com\/fr\/shorts-hommes-pour-tous-les-jours\/","og_site_name":"REGBU.COM","article_published_time":"2023-07-23T14:05:18+00:00","article_modified_time":"2025-09-05T05:40:46+00:00","og_image":[{"width":1200,"height":677,"url":"https:\/\/regbu.com\/wp-content\/uploads\/2023\/07\/panske-kratasy-na-mnoho-zpusobu.jpg","type":"image\/jpeg"}],"author":"George Martin","twitter_card":"summary_large_image","twitter_misc":{"\u00c9crit par":"George Martin","Dur\u00e9e de lecture estim\u00e9e":"2 minutes"},"schema":{"@context":"https:\/\/schema.org","@graph":[{"@type":"Article","@id":"https:\/\/regbu.com\/fr\/shorts-hommes-pour-tous-les-jours\/#article","isPartOf":{"@id":"https:\/\/regbu.com\/fr\/shorts-hommes-pour-tous-les-jours\/"},"author":{"name":"George Martin","@id":"https:\/\/regbu.com\/en\/#\/schema\/person\/94ea9deda2629771b8a9ced002f6784e"},"headline":"P\u00e1nsk\u00e9 kra\u0165asy na mnoho zp\u016fsob\u016f","datePublished":"2023-07-23T14:05:18+00:00","dateModified":"2025-09-05T05:40:46+00:00","mainEntityOfPage":{"@id":"https:\/\/regbu.com\/fr\/shorts-hommes-pour-tous-les-jours\/"},"wordCount":484,"image":{"@id":"https:\/\/regbu.com\/fr\/shorts-hommes-pour-tous-les-jours\/#primaryimage"},"thumbnailUrl":"https:\/\/regbu.com\/wp-content\/uploads\/2023\/07\/panske-kratasy-na-mnoho-zpusobu.jpg","keywords":["chico","chico kra\u0164asy","d\u017e\u00ednov\u00e9","kra\u0165asy","p\u00e1nsk\u00e9 kra\u0165asy","p\u00e1nsk\u00e9 \u0161ortky","pl\u00e1tno","pohodl\u00ed","\u0161ortky","sportovn\u00ed kra\u0165asy"],"articleSection":["M\u00f3da"],"inLanguage":"fr-FR"},{"@type":["WebPage","FAQPage"],"@id":"https:\/\/regbu.com\/fr\/shorts-hommes-pour-tous-les-jours\/","url":"https:\/\/regbu.com\/fr\/shorts-hommes-pour-tous-les-jours\/","name":"Les shorts pour hommes sous toutes leurs coutures - REGBU.COM","isPartOf":{"@id":"https:\/\/regbu.com\/en\/#website"},"primaryImageOfPage":{"@id":"https:\/\/regbu.com\/fr\/shorts-hommes-pour-tous-les-jours\/#primaryimage"},"image":{"@id":"https:\/\/regbu.com\/fr\/shorts-hommes-pour-tous-les-jours\/#primaryimage"},"thumbnailUrl":"https:\/\/regbu.com\/wp-content\/uploads\/2023\/07\/panske-kratasy-na-mnoho-zpusobu.jpg","datePublished":"2023-07-23T14:05:18+00:00","dateModified":"2025-09-05T05:40:46+00:00","author":{"@id":"https:\/\/regbu.com\/en\/#\/schema\/person\/94ea9deda2629771b8a9ced002f6784e"},"description":"Les shorts pour hommes ont le caract\u00e8re d'une tenue d'\u00e9t\u00e9. D\u00e9couvrez les options qui s'offrent \u00e0 vous lors de l'achat d'un short pour homme et la place qu'il occupe.","breadcrumb":{"@id":"https:\/\/regbu.com\/fr\/shorts-hommes-pour-tous-les-jours\/#breadcrumb"},"mainEntity":[{"@id":"https:\/\/regbu.com\/fr\/shorts-hommes-pour-tous-les-jours\/#faq-question-1690207530445"},{"@id":"https:\/\/regbu.com\/fr\/shorts-hommes-pour-tous-les-jours\/#faq-question-1690207537842"},{"@id":"https:\/\/regbu.com\/fr\/shorts-hommes-pour-tous-les-jours\/#faq-question-1690207545197"},{"@id":"https:\/\/regbu.com\/fr\/shorts-hommes-pour-tous-les-jours\/#faq-question-1690207555901"},{"@id":"https:\/\/regbu.com\/fr\/shorts-hommes-pour-tous-les-jours\/#faq-question-1690207567411"}],"inLanguage":"fr-FR","potentialAction":[{"@type":"ReadAction","target":["https:\/\/regbu.com\/fr\/shorts-hommes-pour-tous-les-jours\/"]}]},{"@type":"ImageObject","inLanguage":"fr-FR","@id":"https:\/\/regbu.com\/fr\/shorts-hommes-pour-tous-les-jours\/#primaryimage","url":"https:\/\/regbu.com\/wp-content\/uploads\/2023\/07\/panske-kratasy-na-mnoho-zpusobu.jpg","contentUrl":"https:\/\/regbu.com\/wp-content\/uploads\/2023\/07\/panske-kratasy-na-mnoho-zpusobu.jpg","width":1200,"height":677,"caption":"P\u00e1nsk\u00e9 kra\u0165asy na mnoho zp\u016fsob\u016f"},{"@type":"BreadcrumbList","@id":"https:\/\/regbu.com\/fr\/shorts-hommes-pour-tous-les-jours\/#breadcrumb","itemListElement":[{"@type":"ListItem","position":1,"name":"Home","item":"https:\/\/regbu.com\/en\/"},{"@type":"ListItem","position":2,"name":"P\u00e1nsk\u00e9 kra\u0165asy na mnoho zp\u016fsob\u016f"}]},{"@type":"WebSite","@id":"https:\/\/regbu.com\/en\/#website","url":"https:\/\/regbu.com\/en\/","name":"REGBU.COM","description":"","potentialAction":[{"@type":"SearchAction","target":{"@type":"EntryPoint","urlTemplate":"https:\/\/regbu.com\/en\/?s={search_term_string}"},"query-input":{"@type":"PropertyValueSpecification","valueRequired":true,"valueName":"search_term_string"}}],"inLanguage":"fr-FR"},{"@type":"Person","@id":"https:\/\/regbu.com\/en\/#\/schema\/person\/94ea9deda2629771b8a9ced002f6784e","name":"George Martin","url":"https:\/\/regbu.com\/fr\/author\/george-martin\/"},{"@type":"Question","@id":"https:\/\/regbu.com\/fr\/shorts-hommes-pour-tous-les-jours\/#faq-question-1690207530445","position":1,"url":"https:\/\/regbu.com\/fr\/shorts-hommes-pour-tous-les-jours\/#faq-question-1690207530445","name":"Qu'entendez-vous par \"short chico\" ?","answerCount":1,"acceptedAnswer":{"@type":"Answer","text":"Jde o elegantn\u00ed \u0161ortky, ke kter\u00fdm se hod\u00ed nap\u0159\u00edklad ko\u0161ile s kr\u00e1tk\u00fdm ruk\u00e1vem nebo tri\u010dko typu polo.","inLanguage":"fr-FR"},"inLanguage":"fr-FR"},{"@type":"Question","@id":"https:\/\/regbu.com\/fr\/shorts-hommes-pour-tous-les-jours\/#faq-question-1690207537842","position":2,"url":"https:\/\/regbu.com\/fr\/shorts-hommes-pour-tous-les-jours\/#faq-question-1690207537842","name":"\u00c0 quel groupe de v\u00eatements les shorts chico appartiennent-ils ?","answerCount":1,"acceptedAnswer":{"@type":"Answer","text":"V tomto p\u0159\u00edpad\u011b m\u016f\u017eeme hovo\u0159it o business sekci.","inLanguage":"fr-FR"},"inLanguage":"fr-FR"},{"@type":"Question","@id":"https:\/\/regbu.com\/fr\/shorts-hommes-pour-tous-les-jours\/#faq-question-1690207545197","position":3,"url":"https:\/\/regbu.com\/fr\/shorts-hommes-pour-tous-les-jours\/#faq-question-1690207545197","name":"Quels sont les shorts les plus confortables ?","answerCount":1,"acceptedAnswer":{"@type":"Answer","text":"Jsou to tepl\u00e1kov\u00e9 \u0161ortky, jejich\u017e v\u00fdrobn\u00edm materi\u00e1lem je pov\u011bt\u0161inou bavlna. Hod\u00ed se k nim z\u00e1rove\u0148 bavln\u011bn\u00e9 triko. Obvykle jsou voln\u011bj\u0161\u00edho r\u00e1zu a obohacen\u00e9 o n\u00e1pisy.","inLanguage":"fr-FR"},"inLanguage":"fr-FR"},{"@type":"Question","@id":"https:\/\/regbu.com\/fr\/shorts-hommes-pour-tous-les-jours\/#faq-question-1690207555901","position":4,"url":"https:\/\/regbu.com\/fr\/shorts-hommes-pour-tous-les-jours\/#faq-question-1690207555901","name":"O\u00f9 les shorts de sport trouvent-ils leur utilit\u00e9 ?","answerCount":1,"acceptedAnswer":{"@type":"Answer","text":"Jak asi spr\u00e1vn\u011b tu\u0161\u00edte, je to u pohybov\u00fdch aktivit. Mnoh\u00e9 z t\u011bchto model\u016f maj\u00ed v\u0161it\u00e9 podp\u016frn\u00e9 spodn\u00ed pr\u00e1dlo.","inLanguage":"fr-FR"},"inLanguage":"fr-FR"},{"@type":"Question","@id":"https:\/\/regbu.com\/fr\/shorts-hommes-pour-tous-les-jours\/#faq-question-1690207567411","position":5,"url":"https:\/\/regbu.com\/fr\/shorts-hommes-pour-tous-les-jours\/#faq-question-1690207567411","name":"Quelles sont les caract\u00e9ristiques \u00e0 prendre en compte dans les shorts de sport ?","answerCount":1,"acceptedAnswer":{"@type":"Answer","text":"Z\u00e1sadn\u00ed je pou\u017eit\u00fd materi\u00e1l, kter\u00fd by m\u011bl b\u00fdt funk\u010dn\u00ed. Mus\u00ed odv\u00e1d\u011bt pot, a tedy i z\u00e1pach.","inLanguage":"fr-FR"},"inLanguage":"fr-FR"}]}},"_links":{"self":[{"href":"https:\/\/regbu.com\/fr\/wp-json\/wp\/v2\/posts\/1227","targetHints":{"allow":["GET"]}}],"collection":[{"href":"https:\/\/regbu.com\/fr\/wp-json\/wp\/v2\/posts"}],"about":[{"href":"https:\/\/regbu.com\/fr\/wp-json\/wp\/v2\/types\/post"}],"author":[{"embeddable":true,"href":"https:\/\/regbu.com\/fr\/wp-json\/wp\/v2\/users\/2"}],"replies":[{"embeddable":true,"href":"https:\/\/regbu.com\/fr\/wp-json\/wp\/v2\/comments?post=1227"}],"version-history":[{"count":2,"href":"https:\/\/regbu.com\/fr\/wp-json\/wp\/v2\/posts\/1227\/revisions"}],"predecessor-version":[{"id":1234,"href":"https:\/\/regbu.com\/fr\/wp-json\/wp\/v2\/posts\/1227\/revisions\/1234"}],"wp:featuredmedia":[{"embeddable":true,"href":"https:\/\/regbu.com\/fr\/wp-json\/wp\/v2\/media\/1228"}],"wp:attachment":[{"href":"https:\/\/regbu.com\/fr\/wp-json\/wp\/v2\/media?parent=1227"}],"wp:term":[{"taxonomy":"category","embeddable":true,"href":"https:\/\/regbu.com\/fr\/wp-json\/wp\/v2\/categories?post=1227"},{"taxonomy":"post_tag","embeddable":true,"href":"https:\/\/regbu.com\/fr\/wp-json\/wp\/v2\/tags?post=1227"}],"curies":[{"name":"wp","href":"https:\/\/api.w.org\/{rel}","templated":true}]}}