{"id":993,"date":"2023-07-10T16:36:29","date_gmt":"2023-07-10T14:36:29","guid":{"rendered":"https:\/\/regbu.com\/?p=993"},"modified":"2025-09-05T07:41:25","modified_gmt":"2025-09-05T05:41:25","slug":"cepice-jako-skvely-modni-doplnek","status":"publish","type":"post","link":"https:\/\/regbu.com\/fi\/hats-as-shells-muoti-tarvikkeet\/","title":{"rendered":"Lippikset ovat upea muotiasuste"},"content":{"rendered":"<p>Lippis on olennainen osa asua. Se ei todellakaan sovi <strong><a href=\"https:\/\/regbu.com\/fi\/social-suit-select-now\/\">muodolliseen pukuun<\/a><\/strong>, mutta voit k\u00e4ytt\u00e4\u00e4 sit\u00e4 monissa muissa tilanteissa. Kuten muillakin vaatteilla, t\u00e4ll\u00e4kin topilla on useita variaatioita. Esittelemme joitakin niist\u00e4 tarkemmin. Kerromme my\u00f6s, mik\u00e4 lippis kannattaa valita kasvojen muodon perusteella.<\/p>\n\n\n\n<ul class=\"wp-block-list\">\n<li>Baret<\/li>\n\n\n\n<li>Korkki<\/li>\n\n\n\n<li>Kulich<\/li>\n<\/ul>\n\n\n\n<p>N\u00e4iden perustyyppisten korkkien lis\u00e4ksi voit t\u00f6rm\u00e4t\u00e4 my\u00f6s ep\u00e4tyypillisiin korkkeihin. Esimerkiksi <strong>chaka, solideo, biretta, papacha ja night cap.<\/strong>. T\u00e4h\u00e4n segmenttiin kuuluu my\u00f6s uimalakki, mutta et k\u00e4yt\u00e4 sit\u00e4 seurassa.<\/p>\n\n\n\n<h2 class=\"wp-block-heading\">Tunne korkit A:sta Z:hen<\/h2>\n\n\n\n<p>Korkkien lopullisen muotoilun suhteen ei todellakaan ole rajoituksia. Niiden monipuolinen muotoilu vaikuttaa osaltaan perusjakoon. Tyypillisi\u00e4 ovat esimerkiksi <strong>pudonneet korkit<\/strong>jotka eiv\u00e4t ole niin paljon koholla piipun p\u00e4\u00e4ll\u00e4 ja jotka on siirretty enemm\u00e4n taaksep\u00e4in. Sitten on lippikset, joissa on erottamaton pompom, mutta my\u00f6s matalat lippikset. L\u00f6yd\u00e4t my\u00f6s takertuvia lippiksi\u00e4, baretteja tai visiirill\u00e4 varustettuja talvivaihtoehtoja. Rakennetut ja puristetut mallit ovat luku sin\u00e4ns\u00e4.<\/p>\n\n\n\n<h3 class=\"wp-block-heading\">Valinta kasvojen muodon mukaan<\/h3>\n\n\n\n<p>Jos haluat, ett\u00e4 uusi korkkimallisi sopii sinulle mahdollisimman hyvin, <em>valitse omien kasvojen muodon mukaan<\/em>. Kukin niist\u00e4 sopii t\u00e4m\u00e4n yl\u00e4osan eri versiolle. Lue lis\u00e4\u00e4 alla olevista kysymyksist\u00e4 ja vastauksista.<\/p>\n\n\n\n<div class=\"schema-faq wp-block-yoast-faq-block\"><div class=\"schema-faq-section\" id=\"faq-question-1688999629972\"><strong class=\"schema-faq-question\">Mink\u00e4 hatun valita soikeille kasvoille?<\/strong> <p class=\"schema-faq-answer\">T\u00e4t\u00e4 kasvotyyppi\u00e4 voidaan kuvata universaaliksi ja periaatteessa parhaaksi. Voit k\u00e4ytt\u00e4\u00e4 mit\u00e4 tahansa korkkia ilman rajoituksia. Lyhyesti sanottuna, mit\u00e4 pid\u00e4t eniten.<\/p> <\/div> <div class=\"schema-faq-section\" id=\"faq-question-1688999638865\"><strong class=\"schema-faq-question\">Mik\u00e4 on ihanteellinen korkki neli\u00f6nmuotoisille kasvoille?<\/strong> <p class=\"schema-faq-answer\">T\u00e4ss\u00e4 tapauksessa kannattaa valita melko korkeat mallit. Voit korvata korkeuden alkuper\u00e4isell\u00e4 pompulalla.<\/p> <\/div> <div class=\"schema-faq-section\" id=\"faq-question-1688999645906\"><strong class=\"schema-faq-question\">Mit\u00e4 laittaa py\u00f6reille kasvoille?<\/strong> <p class=\"schema-faq-answer\">Anna py\u00f6reille kasvoille l\u00f6ysempi tyyli. Keskity ep\u00e4symmetrisiin malleihin, jotka lis\u00e4\u00e4v\u00e4t kauneuttasi.<\/p> <\/div> <div class=\"schema-faq-section\" id=\"faq-question-1688999653863\"><strong class=\"schema-faq-question\">Ent\u00e4 kolmiomaiset kasvot?<\/strong> <p class=\"schema-faq-answer\">N\u00e4ill\u00e4 kasvoilla voit luottaa klassisiin korkkeihin tai valita pudonneet.<\/p> <\/div> <div class=\"schema-faq-section\" id=\"faq-question-1688999663780\"><strong class=\"schema-faq-question\">Mit\u00e4 pukeutua syd\u00e4menmuotoisille kasvoille?<\/strong> <p class=\"schema-faq-answer\">T\u00e4ss\u00e4 tapauksessa p\u00e4tee suurin piirtein sama kuin kolmion muotoisten kasvojen kohdalla. Sinun ei tarvitse edes v\u00e4ltt\u00e4\u00e4 sananmukaisia korvalappuja.<\/p> <\/div> <\/div>","protected":false},"excerpt":{"rendered":"<p>Lippis on olennainen osa asua. Se ei todellakaan sovi muodolliseen pukuun, mutta sit\u00e4 voi k\u00e4ytt\u00e4\u00e4 monissa muissa tilanteissa. Kuten muitakin vaatteita, my\u00f6s t\u00e4t\u00e4 toppia on useita variaatioita. Esittelemme joitakin niist\u00e4 tarkemmin. Kerromme my\u00f6s, mik\u00e4 lippis kannattaa valita kasvojen muodon perusteella. N\u00e4iden peruslakkityyppien lis\u00e4ksi voit ... <\/p>","protected":false},"author":2,"featured_media":994,"comment_status":"closed","ping_status":"closed","sticky":false,"template":"","format":"standard","meta":{"footnotes":""},"categories":[671],"tags":[988,992,994,987,989,991,979,990,993,980],"class_list":["post-993","post","type-post","status-publish","format-standard","has-post-thumbnail","hentry","category-moda","tag-baret","tag-bekovka","tag-biret","tag-cepice","tag-ksiltovka","tag-kulich","tag-oblicej","tag-spadle-cepice","tag-tvar-obliceje","tag-typ-obliceje"],"yoast_head":"<!-- This site is optimized with the Yoast SEO plugin v27.5 - https:\/\/yoast.com\/product\/yoast-seo-wordpress\/ -->\n<title>\u010cepice jako skv\u011bl\u00fd m\u00f3dn\u00ed dopln\u011bk - REGBU.COM<\/title>\n<meta name=\"description\" content=\"Nev\u00edte, jak\u00e9 zvolit \u010depice na hlavu? Pak vych\u00e1zejte z tvaru sv\u00e9ho obli\u010deje. Ten V\u00e1m v tomto sm\u011bru hodn\u011b napov\u00ed.\" \/>\n<meta name=\"robots\" content=\"index, follow, max-snippet:-1, max-image-preview:large, max-video-preview:-1\" \/>\n<link rel=\"canonical\" href=\"https:\/\/regbu.com\/fi\/hats-as-shells-muoti-tarvikkeet\/\" \/>\n<meta property=\"og:locale\" content=\"fi_FI\" \/>\n<meta property=\"og:type\" content=\"article\" \/>\n<meta property=\"og:title\" content=\"\u010cepice jako skv\u011bl\u00fd m\u00f3dn\u00ed dopln\u011bk - REGBU.COM\" \/>\n<meta property=\"og:description\" content=\"Nev\u00edte, jak\u00e9 zvolit \u010depice na hlavu? Pak vych\u00e1zejte z tvaru sv\u00e9ho obli\u010deje. Ten V\u00e1m v tomto sm\u011bru hodn\u011b napov\u00ed.\" \/>\n<meta property=\"og:url\" content=\"https:\/\/regbu.com\/fi\/hats-as-shells-muoti-tarvikkeet\/\" \/>\n<meta property=\"og:site_name\" content=\"REGBU.COM\" \/>\n<meta property=\"article:published_time\" content=\"2023-07-10T14:36:29+00:00\" \/>\n<meta property=\"article:modified_time\" content=\"2025-09-05T05:41:25+00:00\" \/>\n<meta property=\"og:image\" content=\"https:\/\/regbu.com\/wp-content\/uploads\/2023\/07\/cepice-jako-skvely-modni-doplnek.jpg\" \/>\n\t<meta property=\"og:image:width\" content=\"1200\" \/>\n\t<meta property=\"og:image:height\" content=\"678\" \/>\n\t<meta property=\"og:image:type\" content=\"image\/jpeg\" \/>\n<meta name=\"author\" content=\"George Martin\" \/>\n<meta name=\"twitter:card\" content=\"summary_large_image\" \/>\n<meta name=\"twitter:label1\" content=\"Kirjoittanut\" \/>\n\t<meta name=\"twitter:data1\" content=\"George Martin\" \/>\n\t<meta name=\"twitter:label2\" content=\"Arvioitu lukuaika\" \/>\n\t<meta name=\"twitter:data2\" content=\"2 minuuttia\" \/>\n<script type=\"application\/ld+json\" class=\"yoast-schema-graph\">{\"@context\":\"https:\\\/\\\/schema.org\",\"@graph\":[{\"@type\":\"Article\",\"@id\":\"https:\\\/\\\/regbu.com\\\/fi\\\/hats-as-shells-muoti-tarvikkeet\\\/#article\",\"isPartOf\":{\"@id\":\"https:\\\/\\\/regbu.com\\\/fi\\\/hats-as-shells-muoti-tarvikkeet\\\/\"},\"author\":{\"name\":\"George Martin\",\"@id\":\"https:\\\/\\\/regbu.com\\\/en\\\/#\\\/schema\\\/person\\\/94ea9deda2629771b8a9ced002f6784e\"},\"headline\":\"\u010cepice jako skv\u011bl\u00fd m\u00f3dn\u00ed dopln\u011bk\",\"datePublished\":\"2023-07-10T14:36:29+00:00\",\"dateModified\":\"2025-09-05T05:41:25+00:00\",\"mainEntityOfPage\":{\"@id\":\"https:\\\/\\\/regbu.com\\\/fi\\\/hats-as-shells-muoti-tarvikkeet\\\/\"},\"wordCount\":451,\"image\":{\"@id\":\"https:\\\/\\\/regbu.com\\\/fi\\\/hats-as-shells-muoti-tarvikkeet\\\/#primaryimage\"},\"thumbnailUrl\":\"https:\\\/\\\/regbu.com\\\/wp-content\\\/uploads\\\/2023\\\/07\\\/cepice-jako-skvely-modni-doplnek.jpg\",\"keywords\":[\"baret\",\"bekovka\",\"biret\",\"\u010depice\",\"k\u0161iltovka\",\"kulich\",\"obli\u010dej\",\"spadl\u00e9 \u010depice\",\"tvar obli\u010deje\",\"typ obli\u010deje\"],\"articleSection\":[\"M\u00f3da\"],\"inLanguage\":\"fi\"},{\"@type\":[\"WebPage\",\"FAQPage\"],\"@id\":\"https:\\\/\\\/regbu.com\\\/fi\\\/hats-as-shells-muoti-tarvikkeet\\\/\",\"url\":\"https:\\\/\\\/regbu.com\\\/fi\\\/hats-as-shells-muoti-tarvikkeet\\\/\",\"name\":\"\u010cepice jako skv\u011bl\u00fd m\u00f3dn\u00ed dopln\u011bk - REGBU.COM\",\"isPartOf\":{\"@id\":\"https:\\\/\\\/regbu.com\\\/en\\\/#website\"},\"primaryImageOfPage\":{\"@id\":\"https:\\\/\\\/regbu.com\\\/fi\\\/hats-as-shells-muoti-tarvikkeet\\\/#primaryimage\"},\"image\":{\"@id\":\"https:\\\/\\\/regbu.com\\\/fi\\\/hats-as-shells-muoti-tarvikkeet\\\/#primaryimage\"},\"thumbnailUrl\":\"https:\\\/\\\/regbu.com\\\/wp-content\\\/uploads\\\/2023\\\/07\\\/cepice-jako-skvely-modni-doplnek.jpg\",\"datePublished\":\"2023-07-10T14:36:29+00:00\",\"dateModified\":\"2025-09-05T05:41:25+00:00\",\"author\":{\"@id\":\"https:\\\/\\\/regbu.com\\\/en\\\/#\\\/schema\\\/person\\\/94ea9deda2629771b8a9ced002f6784e\"},\"description\":\"Nev\u00edte, jak\u00e9 zvolit \u010depice na hlavu? Pak vych\u00e1zejte z tvaru sv\u00e9ho obli\u010deje. Ten V\u00e1m v tomto sm\u011bru hodn\u011b napov\u00ed.\",\"breadcrumb\":{\"@id\":\"https:\\\/\\\/regbu.com\\\/fi\\\/hats-as-shells-muoti-tarvikkeet\\\/#breadcrumb\"},\"mainEntity\":[{\"@id\":\"https:\\\/\\\/regbu.com\\\/fi\\\/hats-as-shells-muoti-tarvikkeet\\\/#faq-question-1688999629972\"},{\"@id\":\"https:\\\/\\\/regbu.com\\\/fi\\\/hats-as-shells-muoti-tarvikkeet\\\/#faq-question-1688999638865\"},{\"@id\":\"https:\\\/\\\/regbu.com\\\/fi\\\/hats-as-shells-muoti-tarvikkeet\\\/#faq-question-1688999645906\"},{\"@id\":\"https:\\\/\\\/regbu.com\\\/fi\\\/hats-as-shells-muoti-tarvikkeet\\\/#faq-question-1688999653863\"},{\"@id\":\"https:\\\/\\\/regbu.com\\\/fi\\\/hats-as-shells-muoti-tarvikkeet\\\/#faq-question-1688999663780\"}],\"inLanguage\":\"fi\",\"potentialAction\":[{\"@type\":\"ReadAction\",\"target\":[\"https:\\\/\\\/regbu.com\\\/fi\\\/hats-as-shells-muoti-tarvikkeet\\\/\"]}]},{\"@type\":\"ImageObject\",\"inLanguage\":\"fi\",\"@id\":\"https:\\\/\\\/regbu.com\\\/fi\\\/hats-as-shells-muoti-tarvikkeet\\\/#primaryimage\",\"url\":\"https:\\\/\\\/regbu.com\\\/wp-content\\\/uploads\\\/2023\\\/07\\\/cepice-jako-skvely-modni-doplnek.jpg\",\"contentUrl\":\"https:\\\/\\\/regbu.com\\\/wp-content\\\/uploads\\\/2023\\\/07\\\/cepice-jako-skvely-modni-doplnek.jpg\",\"width\":1200,\"height\":678,\"caption\":\"\u010cepice jako skv\u011bl\u00fd m\u00f3dn\u00ed dopln\u011bk\"},{\"@type\":\"BreadcrumbList\",\"@id\":\"https:\\\/\\\/regbu.com\\\/fi\\\/hats-as-shells-muoti-tarvikkeet\\\/#breadcrumb\",\"itemListElement\":[{\"@type\":\"ListItem\",\"position\":1,\"name\":\"Home\",\"item\":\"https:\\\/\\\/regbu.com\\\/en\\\/\"},{\"@type\":\"ListItem\",\"position\":2,\"name\":\"\u010cepice jako skv\u011bl\u00fd m\u00f3dn\u00ed dopln\u011bk\"}]},{\"@type\":\"WebSite\",\"@id\":\"https:\\\/\\\/regbu.com\\\/en\\\/#website\",\"url\":\"https:\\\/\\\/regbu.com\\\/en\\\/\",\"name\":\"REGBU.COM\",\"description\":\"\",\"potentialAction\":[{\"@type\":\"SearchAction\",\"target\":{\"@type\":\"EntryPoint\",\"urlTemplate\":\"https:\\\/\\\/regbu.com\\\/en\\\/?s={search_term_string}\"},\"query-input\":{\"@type\":\"PropertyValueSpecification\",\"valueRequired\":true,\"valueName\":\"search_term_string\"}}],\"inLanguage\":\"fi\"},{\"@type\":\"Person\",\"@id\":\"https:\\\/\\\/regbu.com\\\/en\\\/#\\\/schema\\\/person\\\/94ea9deda2629771b8a9ced002f6784e\",\"name\":\"George Martin\",\"url\":\"https:\\\/\\\/regbu.com\\\/fi\\\/author\\\/george-martin\\\/\"},{\"@type\":\"Question\",\"@id\":\"https:\\\/\\\/regbu.com\\\/fi\\\/hats-as-shells-muoti-tarvikkeet\\\/#faq-question-1688999629972\",\"position\":1,\"url\":\"https:\\\/\\\/regbu.com\\\/fi\\\/hats-as-shells-muoti-tarvikkeet\\\/#faq-question-1688999629972\",\"name\":\"Jakou zvolit \u010depici pro ov\u00e1ln\u00fd obli\u010dej?\",\"answerCount\":1,\"acceptedAnswer\":{\"@type\":\"Answer\",\"text\":\"Tento typ obli\u010deje lze ozna\u010dit za univerz\u00e1ln\u00ed a v podstat\u011b nejlep\u0161\u00ed. Pou\u017e\u00edt m\u016f\u017eete libovolnou \u010depku bez jak\u00e9hokoliv omezov\u00e1n\u00ed. Zkr\u00e1tka, co se V\u00e1m l\u00edb\u00ed nejv\u00edce.\",\"inLanguage\":\"fi\"},\"inLanguage\":\"fi\"},{\"@type\":\"Question\",\"@id\":\"https:\\\/\\\/regbu.com\\\/fi\\\/hats-as-shells-muoti-tarvikkeet\\\/#faq-question-1688999638865\",\"position\":2,\"url\":\"https:\\\/\\\/regbu.com\\\/fi\\\/hats-as-shells-muoti-tarvikkeet\\\/#faq-question-1688999638865\",\"name\":\"Jak\u00e1 je ide\u00e1ln\u00ed \u010depka pro hranat\u00fd obli\u010dej?\",\"answerCount\":1,\"acceptedAnswer\":{\"@type\":\"Answer\",\"text\":\"V tomto p\u0159\u00edpad\u011b byste m\u011bli zvolit sp\u00ed\u0161e vysok\u00e9 modely. V\u00fd\u0161ku m\u016f\u017eete dohnat origin\u00e1ln\u00ed bambul\u00ed.\",\"inLanguage\":\"fi\"},\"inLanguage\":\"fi\"},{\"@type\":\"Question\",\"@id\":\"https:\\\/\\\/regbu.com\\\/fi\\\/hats-as-shells-muoti-tarvikkeet\\\/#faq-question-1688999645906\",\"position\":3,\"url\":\"https:\\\/\\\/regbu.com\\\/fi\\\/hats-as-shells-muoti-tarvikkeet\\\/#faq-question-1688999645906\",\"name\":\"Co si nasadit na kulat\u00fd obli\u010dej?\",\"answerCount\":1,\"acceptedAnswer\":{\"@type\":\"Answer\",\"text\":\"Kulat\u00e9mu obli\u010deji dop\u0159ejte voln\u011bj\u0161\u00ed styl. Zam\u011b\u0159te se na asymetrick\u00e9 modely, kter\u00e9 V\u00e1m dodaj\u00ed na kr\u00e1se.\",\"inLanguage\":\"fi\"},\"inLanguage\":\"fi\"},{\"@type\":\"Question\",\"@id\":\"https:\\\/\\\/regbu.com\\\/fi\\\/hats-as-shells-muoti-tarvikkeet\\\/#faq-question-1688999653863\",\"position\":4,\"url\":\"https:\\\/\\\/regbu.com\\\/fi\\\/hats-as-shells-muoti-tarvikkeet\\\/#faq-question-1688999653863\",\"name\":\"Jak je to u troj\u00faheln\u00edkov\u00e9ho obli\u010deje?\",\"answerCount\":1,\"acceptedAnswer\":{\"@type\":\"Answer\",\"text\":\"S t\u00edmto obli\u010dejem se m\u016f\u017eete spolehnout na klasick\u00e9 \u010depice, pop\u0159\u00edpad\u011b zvol\u00edte ty spadl\u00e9.\",\"inLanguage\":\"fi\"},\"inLanguage\":\"fi\"},{\"@type\":\"Question\",\"@id\":\"https:\\\/\\\/regbu.com\\\/fi\\\/hats-as-shells-muoti-tarvikkeet\\\/#faq-question-1688999663780\",\"position\":5,\"url\":\"https:\\\/\\\/regbu.com\\\/fi\\\/hats-as-shells-muoti-tarvikkeet\\\/#faq-question-1688999663780\",\"name\":\"Co nosit s obli\u010dejem ve tvaru srdce?\",\"answerCount\":1,\"acceptedAnswer\":{\"@type\":\"Answer\",\"text\":\"Zde plat\u00ed v\u00edcem\u00e9n\u011b to sam\u00e9, jako u troj\u00faheln\u00edkov\u00e9ho obli\u010deje. Vyh\u00fdbat se nemus\u00edte ani pov\u011bstn\u00fdm klapk\u00e1m na u\u0161i.\",\"inLanguage\":\"fi\"},\"inLanguage\":\"fi\"}]}<\/script>\n<!-- \/ Yoast SEO plugin. -->","yoast_head_json":{"title":"Lippikset ovat loistava muotiasuste - REGBU.COM","description":"Etk\u00f6 tied\u00e4, mit\u00e4 valita korkki p\u00e4\u00e4h\u00e4n? Tee se sitten kasvojen muodon perusteella. Se kertoo sinulle paljon t\u00e4ss\u00e4 suhteessa.","robots":{"index":"index","follow":"follow","max-snippet":"max-snippet:-1","max-image-preview":"max-image-preview:large","max-video-preview":"max-video-preview:-1"},"canonical":"https:\/\/regbu.com\/fi\/hats-as-shells-muoti-tarvikkeet\/","og_locale":"fi_FI","og_type":"article","og_title":"\u010cepice jako skv\u011bl\u00fd m\u00f3dn\u00ed dopln\u011bk - REGBU.COM","og_description":"Nev\u00edte, jak\u00e9 zvolit \u010depice na hlavu? Pak vych\u00e1zejte z tvaru sv\u00e9ho obli\u010deje. Ten V\u00e1m v tomto sm\u011bru hodn\u011b napov\u00ed.","og_url":"https:\/\/regbu.com\/fi\/hats-as-shells-muoti-tarvikkeet\/","og_site_name":"REGBU.COM","article_published_time":"2023-07-10T14:36:29+00:00","article_modified_time":"2025-09-05T05:41:25+00:00","og_image":[{"width":1200,"height":678,"url":"https:\/\/regbu.com\/wp-content\/uploads\/2023\/07\/cepice-jako-skvely-modni-doplnek.jpg","type":"image\/jpeg"}],"author":"George Martin","twitter_card":"summary_large_image","twitter_misc":{"Kirjoittanut":"George Martin","Arvioitu lukuaika":"2 minuuttia"},"schema":{"@context":"https:\/\/schema.org","@graph":[{"@type":"Article","@id":"https:\/\/regbu.com\/fi\/hats-as-shells-muoti-tarvikkeet\/#article","isPartOf":{"@id":"https:\/\/regbu.com\/fi\/hats-as-shells-muoti-tarvikkeet\/"},"author":{"name":"George Martin","@id":"https:\/\/regbu.com\/en\/#\/schema\/person\/94ea9deda2629771b8a9ced002f6784e"},"headline":"\u010cepice jako skv\u011bl\u00fd m\u00f3dn\u00ed dopln\u011bk","datePublished":"2023-07-10T14:36:29+00:00","dateModified":"2025-09-05T05:41:25+00:00","mainEntityOfPage":{"@id":"https:\/\/regbu.com\/fi\/hats-as-shells-muoti-tarvikkeet\/"},"wordCount":451,"image":{"@id":"https:\/\/regbu.com\/fi\/hats-as-shells-muoti-tarvikkeet\/#primaryimage"},"thumbnailUrl":"https:\/\/regbu.com\/wp-content\/uploads\/2023\/07\/cepice-jako-skvely-modni-doplnek.jpg","keywords":["baret","bekovka","biret","\u010depice","k\u0161iltovka","kulich","obli\u010dej","spadl\u00e9 \u010depice","tvar obli\u010deje","typ obli\u010deje"],"articleSection":["M\u00f3da"],"inLanguage":"fi"},{"@type":["WebPage","FAQPage"],"@id":"https:\/\/regbu.com\/fi\/hats-as-shells-muoti-tarvikkeet\/","url":"https:\/\/regbu.com\/fi\/hats-as-shells-muoti-tarvikkeet\/","name":"Lippikset ovat loistava muotiasuste - REGBU.COM","isPartOf":{"@id":"https:\/\/regbu.com\/en\/#website"},"primaryImageOfPage":{"@id":"https:\/\/regbu.com\/fi\/hats-as-shells-muoti-tarvikkeet\/#primaryimage"},"image":{"@id":"https:\/\/regbu.com\/fi\/hats-as-shells-muoti-tarvikkeet\/#primaryimage"},"thumbnailUrl":"https:\/\/regbu.com\/wp-content\/uploads\/2023\/07\/cepice-jako-skvely-modni-doplnek.jpg","datePublished":"2023-07-10T14:36:29+00:00","dateModified":"2025-09-05T05:41:25+00:00","author":{"@id":"https:\/\/regbu.com\/en\/#\/schema\/person\/94ea9deda2629771b8a9ced002f6784e"},"description":"Etk\u00f6 tied\u00e4, mit\u00e4 valita korkki p\u00e4\u00e4h\u00e4n? Tee se sitten kasvojen muodon perusteella. Se kertoo sinulle paljon t\u00e4ss\u00e4 suhteessa.","breadcrumb":{"@id":"https:\/\/regbu.com\/fi\/hats-as-shells-muoti-tarvikkeet\/#breadcrumb"},"mainEntity":[{"@id":"https:\/\/regbu.com\/fi\/hats-as-shells-muoti-tarvikkeet\/#faq-question-1688999629972"},{"@id":"https:\/\/regbu.com\/fi\/hats-as-shells-muoti-tarvikkeet\/#faq-question-1688999638865"},{"@id":"https:\/\/regbu.com\/fi\/hats-as-shells-muoti-tarvikkeet\/#faq-question-1688999645906"},{"@id":"https:\/\/regbu.com\/fi\/hats-as-shells-muoti-tarvikkeet\/#faq-question-1688999653863"},{"@id":"https:\/\/regbu.com\/fi\/hats-as-shells-muoti-tarvikkeet\/#faq-question-1688999663780"}],"inLanguage":"fi","potentialAction":[{"@type":"ReadAction","target":["https:\/\/regbu.com\/fi\/hats-as-shells-muoti-tarvikkeet\/"]}]},{"@type":"ImageObject","inLanguage":"fi","@id":"https:\/\/regbu.com\/fi\/hats-as-shells-muoti-tarvikkeet\/#primaryimage","url":"https:\/\/regbu.com\/wp-content\/uploads\/2023\/07\/cepice-jako-skvely-modni-doplnek.jpg","contentUrl":"https:\/\/regbu.com\/wp-content\/uploads\/2023\/07\/cepice-jako-skvely-modni-doplnek.jpg","width":1200,"height":678,"caption":"\u010cepice jako skv\u011bl\u00fd m\u00f3dn\u00ed dopln\u011bk"},{"@type":"BreadcrumbList","@id":"https:\/\/regbu.com\/fi\/hats-as-shells-muoti-tarvikkeet\/#breadcrumb","itemListElement":[{"@type":"ListItem","position":1,"name":"Home","item":"https:\/\/regbu.com\/en\/"},{"@type":"ListItem","position":2,"name":"\u010cepice jako skv\u011bl\u00fd m\u00f3dn\u00ed dopln\u011bk"}]},{"@type":"WebSite","@id":"https:\/\/regbu.com\/en\/#website","url":"https:\/\/regbu.com\/en\/","name":"REGBU.COM","description":"","potentialAction":[{"@type":"SearchAction","target":{"@type":"EntryPoint","urlTemplate":"https:\/\/regbu.com\/en\/?s={search_term_string}"},"query-input":{"@type":"PropertyValueSpecification","valueRequired":true,"valueName":"search_term_string"}}],"inLanguage":"fi"},{"@type":"Person","@id":"https:\/\/regbu.com\/en\/#\/schema\/person\/94ea9deda2629771b8a9ced002f6784e","name":"George Martin","url":"https:\/\/regbu.com\/fi\/author\/george-martin\/"},{"@type":"Question","@id":"https:\/\/regbu.com\/fi\/hats-as-shells-muoti-tarvikkeet\/#faq-question-1688999629972","position":1,"url":"https:\/\/regbu.com\/fi\/hats-as-shells-muoti-tarvikkeet\/#faq-question-1688999629972","name":"Mink\u00e4 hatun valita soikeille kasvoille?","answerCount":1,"acceptedAnswer":{"@type":"Answer","text":"Tento typ obli\u010deje lze ozna\u010dit za univerz\u00e1ln\u00ed a v podstat\u011b nejlep\u0161\u00ed. Pou\u017e\u00edt m\u016f\u017eete libovolnou \u010depku bez jak\u00e9hokoliv omezov\u00e1n\u00ed. Zkr\u00e1tka, co se V\u00e1m l\u00edb\u00ed nejv\u00edce.","inLanguage":"fi"},"inLanguage":"fi"},{"@type":"Question","@id":"https:\/\/regbu.com\/fi\/hats-as-shells-muoti-tarvikkeet\/#faq-question-1688999638865","position":2,"url":"https:\/\/regbu.com\/fi\/hats-as-shells-muoti-tarvikkeet\/#faq-question-1688999638865","name":"Mik\u00e4 on ihanteellinen korkki neli\u00f6nmuotoisille kasvoille?","answerCount":1,"acceptedAnswer":{"@type":"Answer","text":"V tomto p\u0159\u00edpad\u011b byste m\u011bli zvolit sp\u00ed\u0161e vysok\u00e9 modely. V\u00fd\u0161ku m\u016f\u017eete dohnat origin\u00e1ln\u00ed bambul\u00ed.","inLanguage":"fi"},"inLanguage":"fi"},{"@type":"Question","@id":"https:\/\/regbu.com\/fi\/hats-as-shells-muoti-tarvikkeet\/#faq-question-1688999645906","position":3,"url":"https:\/\/regbu.com\/fi\/hats-as-shells-muoti-tarvikkeet\/#faq-question-1688999645906","name":"Mit\u00e4 laittaa py\u00f6reille kasvoille?","answerCount":1,"acceptedAnswer":{"@type":"Answer","text":"Kulat\u00e9mu obli\u010deji dop\u0159ejte voln\u011bj\u0161\u00ed styl. Zam\u011b\u0159te se na asymetrick\u00e9 modely, kter\u00e9 V\u00e1m dodaj\u00ed na kr\u00e1se.","inLanguage":"fi"},"inLanguage":"fi"},{"@type":"Question","@id":"https:\/\/regbu.com\/fi\/hats-as-shells-muoti-tarvikkeet\/#faq-question-1688999653863","position":4,"url":"https:\/\/regbu.com\/fi\/hats-as-shells-muoti-tarvikkeet\/#faq-question-1688999653863","name":"Ent\u00e4 kolmiomaiset kasvot?","answerCount":1,"acceptedAnswer":{"@type":"Answer","text":"S t\u00edmto obli\u010dejem se m\u016f\u017eete spolehnout na klasick\u00e9 \u010depice, pop\u0159\u00edpad\u011b zvol\u00edte ty spadl\u00e9.","inLanguage":"fi"},"inLanguage":"fi"},{"@type":"Question","@id":"https:\/\/regbu.com\/fi\/hats-as-shells-muoti-tarvikkeet\/#faq-question-1688999663780","position":5,"url":"https:\/\/regbu.com\/fi\/hats-as-shells-muoti-tarvikkeet\/#faq-question-1688999663780","name":"Mit\u00e4 pukeutua syd\u00e4menmuotoisille kasvoille?","answerCount":1,"acceptedAnswer":{"@type":"Answer","text":"Zde plat\u00ed v\u00edcem\u00e9n\u011b to sam\u00e9, jako u troj\u00faheln\u00edkov\u00e9ho obli\u010deje. Vyh\u00fdbat se nemus\u00edte ani pov\u011bstn\u00fdm klapk\u00e1m na u\u0161i.","inLanguage":"fi"},"inLanguage":"fi"}]}},"_links":{"self":[{"href":"https:\/\/regbu.com\/fi\/wp-json\/wp\/v2\/posts\/993","targetHints":{"allow":["GET"]}}],"collection":[{"href":"https:\/\/regbu.com\/fi\/wp-json\/wp\/v2\/posts"}],"about":[{"href":"https:\/\/regbu.com\/fi\/wp-json\/wp\/v2\/types\/post"}],"author":[{"embeddable":true,"href":"https:\/\/regbu.com\/fi\/wp-json\/wp\/v2\/users\/2"}],"replies":[{"embeddable":true,"href":"https:\/\/regbu.com\/fi\/wp-json\/wp\/v2\/comments?post=993"}],"version-history":[{"count":2,"href":"https:\/\/regbu.com\/fi\/wp-json\/wp\/v2\/posts\/993\/revisions"}],"predecessor-version":[{"id":1006,"href":"https:\/\/regbu.com\/fi\/wp-json\/wp\/v2\/posts\/993\/revisions\/1006"}],"wp:featuredmedia":[{"embeddable":true,"href":"https:\/\/regbu.com\/fi\/wp-json\/wp\/v2\/media\/994"}],"wp:attachment":[{"href":"https:\/\/regbu.com\/fi\/wp-json\/wp\/v2\/media?parent=993"}],"wp:term":[{"taxonomy":"category","embeddable":true,"href":"https:\/\/regbu.com\/fi\/wp-json\/wp\/v2\/categories?post=993"},{"taxonomy":"post_tag","embeddable":true,"href":"https:\/\/regbu.com\/fi\/wp-json\/wp\/v2\/tags?post=993"}],"curies":[{"name":"wp","href":"https:\/\/api.w.org\/{rel}","templated":true}]}}