{"id":932,"date":"2023-06-21T15:54:52","date_gmt":"2023-06-21T13:54:52","guid":{"rendered":"https:\/\/regbu.com\/?p=932"},"modified":"2025-09-05T07:42:15","modified_gmt":"2025-09-05T05:42:15","slug":"nejkrasnejsi-plaze-sveta-musi-navstivit-kazdy","status":"publish","type":"post","link":"https:\/\/regbu.com\/fi\/maailman-kaunein-ranta-ikina\/","title":{"rendered":"Maailman kauneimmat rannat ovat kaikkien ehdoton vierailukohde."},"content":{"rendered":"<p>Maailman kauneimmat rannat houkuttelevat kaikkia. Jo pelk\u00e4st\u00e4\u00e4n termi \"kauneimmat\" her\u00e4tt\u00e4\u00e4 monissa ihmisiss\u00e4 halun, uteliaisuuden ja ilon tutustua planeettamme maamerkkeihin. Vieraillessasi t\u00e4llaisella rannalla et varmasti tarvitse <strong><a href=\"https:\/\/regbu.com\/fi\/opastavat-laitteet-mista-ja-mihin\/\">veneilyvarusteet<\/a><\/strong>. Mukaan kannattaa pakata vararisteily, aurinkovoidetta, jossa on korkeampi suojakerroin, ja snorklausv\u00e4lineet. Mutta maistellaanpa rantoja heti alkuun.<\/p>\n\n\n\n<ul class=\"wp-block-list\">\n<li>Porto Katsikin ranta Lefkadalla<\/li>\n\n\n\n<li>Maya Bay Thaimaassa<\/li>\n\n\n\n<li>Temaen ranta Tahitilla<\/li>\n<\/ul>\n\n\n\n<p>Maailman kauneimpien rantojen joukossa on varmasti monia upeita paikkoja, jotka esittelemme sinulle tarkemmin seuraavilla riveill\u00e4.<\/p>\n\n\n\n<h2 class=\"wp-block-heading\">Minne menn\u00e4 henke\u00e4salpaaville rannoille?<\/h2>\n\n\n\n<p>Voidaan sanoa, ett\u00e4 l\u00e4hes joka puolella maailmaa on erityinen ranta. Mutta monet niist\u00e4 ovat kirjaimellisesti kiehtovia. Jos suunnittelet <strong>loma Miloksen saarella<\/strong>...Sarakiniko Beach todistaa sen teille. Teneriffalla puolestaan kannattaa suunnata Teresitasin rannalle. Se ylpeilee kultaisella hiekalla ja on saaren kaunein. Ent\u00e4 mitk\u00e4 muut rannat ovat vierailun arvoisia?<\/p>\n\n\n\n<figure class=\"wp-block-table\"><table><tbody><tr><td><strong>Ranta<\/strong><\/td><td><strong>Sijainti<\/strong><\/td><\/tr><tr><td>Sa Calobra<\/td><td>Mallorca<\/td><\/tr><tr><td>Achata<\/td><td>Karpathos<\/td><\/tr><tr><td>Muri<\/td><td>Rarotonze<\/td><\/tr><tr><td>Porto<\/td><td>Costa Rica<\/td><\/tr><\/tbody><\/table><figcaption class=\"wp-element-caption\">Luettelo maailman kauneimmista rannoista, joilla voit vierailla.<\/figcaption><\/figure>\n\n\n\n<p>Maailman kauneimmat rannat ovat yleens\u00e4 poikkeuksellisia sijaintinsa ja ymp\u00e4r\u00f6ivien maisemiensa puolesta. Luonto, rauhallisuus, kirkas meri, kultainen hiekka ja monet muut maamerkit. T\u00e4lt\u00e4 n\u00e4ytt\u00e4\u00e4 maanp\u00e4\u00e4llinen paratiisi.<\/p>\n\n\n\n<h3 class=\"wp-block-heading\">Muut maailman kauneimmat rannat<\/h3>\n\n\n\n<p>Voit matkustaa l\u00e4hes mille tahansa alueelle ja mihin tahansa paikkaan maailmassa etsim\u00e4\u00e4n eksoottista. Mit\u00e4 sanoisit kuuluisasta Sansibarista? Jos l\u00f6yd\u00e4t itsesi t\u00e4\u00e4lt\u00e4, <em>suunnata Kigomanin rannalle<\/em>jossa ei ole lomakeskuksia, vain t\u00e4ydellinen vapaus ja rauhallisuus. Koh Samet on antelias my\u00f6s rantakohteiden suhteen. Luultavasti mielenkiintoisin niist\u00e4 sattuu olemaan Ao Wai. Mutta ei kannata j\u00e4tt\u00e4\u00e4 v\u00e4liin my\u00f6sk\u00e4\u00e4n syrj\u00e4ist\u00e4 Australiaa. Kauneimmat rannat l\u00f6ytyv\u00e4t t\u00e4\u00e4lt\u00e4 joka k\u00e4\u00e4nteess\u00e4. Bondi Beach on t\u00e4ss\u00e4 suhteessa selv\u00e4 ykk\u00f6nen.<\/p>\n\n\n\n<p>Sinun ei tietenk\u00e4\u00e4n tarvitse rajoittaa itse\u00e4si maailman muihin lomakohteisiin. Esimerkiksi Padangabaissa voit suunnata askeleesi kohteeseen <strong>Bias Tegulin ranta<\/strong>. Mutta et p\u00e4\u00e4se nauttimaan vain maailman kuumimmista kohteista. Irlanti, tai pikemminkin Barley Coven ranta, todistaa sen.<\/p>","protected":false},"excerpt":{"rendered":"<p>Maailman kauneimmat rannat houkuttelevat kaikkia. Jo pelk\u00e4st\u00e4\u00e4n termi \"kauneimmat\" her\u00e4tt\u00e4\u00e4 monissa ihmisiss\u00e4 halun, uteliaisuuden ja ilon tutustua planeettamme maamerkkeihin. T\u00e4llaisella rannalla vieraillessasi et todellakaan tarvitse melontalaitteita. Parempi pakata mukaan varapurjevene, korkeampikerroksista aurinkovoidetta ja snorklausv\u00e4lineet. Mutta otetaanpa pieni maistiainen rannoista... <\/p>","protected":false},"author":2,"featured_media":933,"comment_status":"closed","ping_status":"closed","sticky":false,"template":"","format":"standard","meta":{"footnotes":""},"categories":[8],"tags":[885,887,883,878,879,880,884,886,881,888],"class_list":["post-932","post","type-post","status-publish","format-standard","has-post-thumbnail","hentry","category-cestovani","tag-mallorca","tag-maya-bay","tag-muri","tag-nejkrasnejsi-plaze","tag-plaz","tag-plaze","tag-porto","tag-porto-katsiki","tag-sa-calobra","tag-thajsko"],"yoast_head":"<!-- This site is optimized with the Yoast SEO plugin v27.4 - https:\/\/yoast.com\/product\/yoast-seo-wordpress\/ -->\n<title>Nejkr\u00e1sn\u011bj\u0161\u00ed pl\u00e1\u017ee sv\u011bta mus\u00ed nav\u0161t\u00edvit ka\u017ed\u00fd - REGBU.COM<\/title>\n<meta name=\"description\" content=\"V\u00edte, kde jsou nejkr\u00e1sn\u011bj\u0161\u00ed pl\u00e1\u017ee sv\u011bta? Poznejte s n\u00e1mi m\u00edsta, kde se budete c\u00edtit, jako ve skute\u010dn\u00e9m r\u00e1ji.\" \/>\n<meta name=\"robots\" content=\"index, follow, max-snippet:-1, max-image-preview:large, max-video-preview:-1\" \/>\n<link rel=\"canonical\" href=\"https:\/\/regbu.com\/fi\/maailman-kaunein-ranta-ikina\/\" \/>\n<meta property=\"og:locale\" content=\"fi_FI\" \/>\n<meta property=\"og:type\" content=\"article\" \/>\n<meta property=\"og:title\" content=\"Nejkr\u00e1sn\u011bj\u0161\u00ed pl\u00e1\u017ee sv\u011bta mus\u00ed nav\u0161t\u00edvit ka\u017ed\u00fd - REGBU.COM\" \/>\n<meta property=\"og:description\" content=\"V\u00edte, kde jsou nejkr\u00e1sn\u011bj\u0161\u00ed pl\u00e1\u017ee sv\u011bta? Poznejte s n\u00e1mi m\u00edsta, kde se budete c\u00edtit, jako ve skute\u010dn\u00e9m r\u00e1ji.\" \/>\n<meta property=\"og:url\" content=\"https:\/\/regbu.com\/fi\/maailman-kaunein-ranta-ikina\/\" \/>\n<meta property=\"og:site_name\" content=\"REGBU.COM\" \/>\n<meta property=\"article:published_time\" content=\"2023-06-21T13:54:52+00:00\" \/>\n<meta property=\"article:modified_time\" content=\"2025-09-05T05:42:15+00:00\" \/>\n<meta property=\"og:image\" content=\"https:\/\/regbu.com\/wp-content\/uploads\/2023\/06\/nejkrasnejsi-plaze-sveta-musi-navstivit-kazdy.jpg\" \/>\n\t<meta property=\"og:image:width\" content=\"1200\" \/>\n\t<meta property=\"og:image:height\" content=\"677\" \/>\n\t<meta property=\"og:image:type\" content=\"image\/jpeg\" \/>\n<meta name=\"author\" content=\"George Martin\" \/>\n<meta name=\"twitter:card\" content=\"summary_large_image\" \/>\n<meta name=\"twitter:label1\" content=\"Kirjoittanut\" \/>\n\t<meta name=\"twitter:data1\" content=\"George Martin\" \/>\n\t<meta name=\"twitter:label2\" content=\"Arvioitu lukuaika\" \/>\n\t<meta name=\"twitter:data2\" content=\"2 minuuttia\" \/>\n<script type=\"application\/ld+json\" class=\"yoast-schema-graph\">{\"@context\":\"https:\\\/\\\/schema.org\",\"@graph\":[{\"@type\":\"Article\",\"@id\":\"https:\\\/\\\/regbu.com\\\/fi\\\/maailman-kaunein-ranta-ikina\\\/#article\",\"isPartOf\":{\"@id\":\"https:\\\/\\\/regbu.com\\\/fi\\\/maailman-kaunein-ranta-ikina\\\/\"},\"author\":{\"name\":\"George Martin\",\"@id\":\"https:\\\/\\\/regbu.com\\\/en\\\/#\\\/schema\\\/person\\\/94ea9deda2629771b8a9ced002f6784e\"},\"headline\":\"Nejkr\u00e1sn\u011bj\u0161\u00ed pl\u00e1\u017ee sv\u011bta mus\u00ed nav\u0161t\u00edvit ka\u017ed\u00fd\",\"datePublished\":\"2023-06-21T13:54:52+00:00\",\"dateModified\":\"2025-09-05T05:42:15+00:00\",\"mainEntityOfPage\":{\"@id\":\"https:\\\/\\\/regbu.com\\\/fi\\\/maailman-kaunein-ranta-ikina\\\/\"},\"wordCount\":469,\"image\":{\"@id\":\"https:\\\/\\\/regbu.com\\\/fi\\\/maailman-kaunein-ranta-ikina\\\/#primaryimage\"},\"thumbnailUrl\":\"https:\\\/\\\/regbu.com\\\/wp-content\\\/uploads\\\/2023\\\/06\\\/nejkrasnejsi-plaze-sveta-musi-navstivit-kazdy.jpg\",\"keywords\":[\"Mallorca\",\"Maya Bay\",\"Muri\",\"nejkr\u00e1sn\u011bj\u0161\u00ed pl\u00e1\u017ee\",\"pl\u00e1\u017e\",\"pl\u00e1\u017ee\",\"Porto\",\"Porto Katsiki\",\"Sa Calobra\",\"Thajsko\"],\"articleSection\":[\"Cestov\u00e1n\u00ed\"],\"inLanguage\":\"fi\"},{\"@type\":\"WebPage\",\"@id\":\"https:\\\/\\\/regbu.com\\\/fi\\\/maailman-kaunein-ranta-ikina\\\/\",\"url\":\"https:\\\/\\\/regbu.com\\\/fi\\\/maailman-kaunein-ranta-ikina\\\/\",\"name\":\"Nejkr\u00e1sn\u011bj\u0161\u00ed pl\u00e1\u017ee sv\u011bta mus\u00ed nav\u0161t\u00edvit ka\u017ed\u00fd - REGBU.COM\",\"isPartOf\":{\"@id\":\"https:\\\/\\\/regbu.com\\\/en\\\/#website\"},\"primaryImageOfPage\":{\"@id\":\"https:\\\/\\\/regbu.com\\\/fi\\\/maailman-kaunein-ranta-ikina\\\/#primaryimage\"},\"image\":{\"@id\":\"https:\\\/\\\/regbu.com\\\/fi\\\/maailman-kaunein-ranta-ikina\\\/#primaryimage\"},\"thumbnailUrl\":\"https:\\\/\\\/regbu.com\\\/wp-content\\\/uploads\\\/2023\\\/06\\\/nejkrasnejsi-plaze-sveta-musi-navstivit-kazdy.jpg\",\"datePublished\":\"2023-06-21T13:54:52+00:00\",\"dateModified\":\"2025-09-05T05:42:15+00:00\",\"author\":{\"@id\":\"https:\\\/\\\/regbu.com\\\/en\\\/#\\\/schema\\\/person\\\/94ea9deda2629771b8a9ced002f6784e\"},\"description\":\"V\u00edte, kde jsou nejkr\u00e1sn\u011bj\u0161\u00ed pl\u00e1\u017ee sv\u011bta? Poznejte s n\u00e1mi m\u00edsta, kde se budete c\u00edtit, jako ve skute\u010dn\u00e9m r\u00e1ji.\",\"breadcrumb\":{\"@id\":\"https:\\\/\\\/regbu.com\\\/fi\\\/maailman-kaunein-ranta-ikina\\\/#breadcrumb\"},\"inLanguage\":\"fi\",\"potentialAction\":[{\"@type\":\"ReadAction\",\"target\":[\"https:\\\/\\\/regbu.com\\\/fi\\\/maailman-kaunein-ranta-ikina\\\/\"]}]},{\"@type\":\"ImageObject\",\"inLanguage\":\"fi\",\"@id\":\"https:\\\/\\\/regbu.com\\\/fi\\\/maailman-kaunein-ranta-ikina\\\/#primaryimage\",\"url\":\"https:\\\/\\\/regbu.com\\\/wp-content\\\/uploads\\\/2023\\\/06\\\/nejkrasnejsi-plaze-sveta-musi-navstivit-kazdy.jpg\",\"contentUrl\":\"https:\\\/\\\/regbu.com\\\/wp-content\\\/uploads\\\/2023\\\/06\\\/nejkrasnejsi-plaze-sveta-musi-navstivit-kazdy.jpg\",\"width\":1200,\"height\":677,\"caption\":\"Nejkr\u00e1sn\u011bj\u0161\u00ed pl\u00e1\u017ee sv\u011bta mus\u00ed nav\u0161t\u00edvit ka\u017ed\u00fd\"},{\"@type\":\"BreadcrumbList\",\"@id\":\"https:\\\/\\\/regbu.com\\\/fi\\\/maailman-kaunein-ranta-ikina\\\/#breadcrumb\",\"itemListElement\":[{\"@type\":\"ListItem\",\"position\":1,\"name\":\"Home\",\"item\":\"https:\\\/\\\/regbu.com\\\/en\\\/\"},{\"@type\":\"ListItem\",\"position\":2,\"name\":\"Nejkr\u00e1sn\u011bj\u0161\u00ed pl\u00e1\u017ee sv\u011bta mus\u00ed nav\u0161t\u00edvit ka\u017ed\u00fd\"}]},{\"@type\":\"WebSite\",\"@id\":\"https:\\\/\\\/regbu.com\\\/en\\\/#website\",\"url\":\"https:\\\/\\\/regbu.com\\\/en\\\/\",\"name\":\"REGBU.COM\",\"description\":\"\",\"potentialAction\":[{\"@type\":\"SearchAction\",\"target\":{\"@type\":\"EntryPoint\",\"urlTemplate\":\"https:\\\/\\\/regbu.com\\\/en\\\/?s={search_term_string}\"},\"query-input\":{\"@type\":\"PropertyValueSpecification\",\"valueRequired\":true,\"valueName\":\"search_term_string\"}}],\"inLanguage\":\"fi\"},{\"@type\":\"Person\",\"@id\":\"https:\\\/\\\/regbu.com\\\/en\\\/#\\\/schema\\\/person\\\/94ea9deda2629771b8a9ced002f6784e\",\"name\":\"George Martin\",\"url\":\"https:\\\/\\\/regbu.com\\\/fi\\\/author\\\/george-martin\\\/\"}]}<\/script>\n<!-- \/ Yoast SEO plugin. -->","yoast_head_json":{"title":"Maailman kauneimmat rannat ovat jokaisen pakollinen vierailukohde - REGBU.COM","description":"Tied\u00e4tk\u00f6, miss\u00e4 ovat maailman kauneimmat rannat? Tutustu kanssamme paikkoihin, jotka saavat sinut tuntemaan olosi paratiisissa.","robots":{"index":"index","follow":"follow","max-snippet":"max-snippet:-1","max-image-preview":"max-image-preview:large","max-video-preview":"max-video-preview:-1"},"canonical":"https:\/\/regbu.com\/fi\/maailman-kaunein-ranta-ikina\/","og_locale":"fi_FI","og_type":"article","og_title":"Nejkr\u00e1sn\u011bj\u0161\u00ed pl\u00e1\u017ee sv\u011bta mus\u00ed nav\u0161t\u00edvit ka\u017ed\u00fd - REGBU.COM","og_description":"V\u00edte, kde jsou nejkr\u00e1sn\u011bj\u0161\u00ed pl\u00e1\u017ee sv\u011bta? Poznejte s n\u00e1mi m\u00edsta, kde se budete c\u00edtit, jako ve skute\u010dn\u00e9m r\u00e1ji.","og_url":"https:\/\/regbu.com\/fi\/maailman-kaunein-ranta-ikina\/","og_site_name":"REGBU.COM","article_published_time":"2023-06-21T13:54:52+00:00","article_modified_time":"2025-09-05T05:42:15+00:00","og_image":[{"width":1200,"height":677,"url":"https:\/\/regbu.com\/wp-content\/uploads\/2023\/06\/nejkrasnejsi-plaze-sveta-musi-navstivit-kazdy.jpg","type":"image\/jpeg"}],"author":"George Martin","twitter_card":"summary_large_image","twitter_misc":{"Kirjoittanut":"George Martin","Arvioitu lukuaika":"2 minuuttia"},"schema":{"@context":"https:\/\/schema.org","@graph":[{"@type":"Article","@id":"https:\/\/regbu.com\/fi\/maailman-kaunein-ranta-ikina\/#article","isPartOf":{"@id":"https:\/\/regbu.com\/fi\/maailman-kaunein-ranta-ikina\/"},"author":{"name":"George Martin","@id":"https:\/\/regbu.com\/en\/#\/schema\/person\/94ea9deda2629771b8a9ced002f6784e"},"headline":"Nejkr\u00e1sn\u011bj\u0161\u00ed pl\u00e1\u017ee sv\u011bta mus\u00ed nav\u0161t\u00edvit ka\u017ed\u00fd","datePublished":"2023-06-21T13:54:52+00:00","dateModified":"2025-09-05T05:42:15+00:00","mainEntityOfPage":{"@id":"https:\/\/regbu.com\/fi\/maailman-kaunein-ranta-ikina\/"},"wordCount":469,"image":{"@id":"https:\/\/regbu.com\/fi\/maailman-kaunein-ranta-ikina\/#primaryimage"},"thumbnailUrl":"https:\/\/regbu.com\/wp-content\/uploads\/2023\/06\/nejkrasnejsi-plaze-sveta-musi-navstivit-kazdy.jpg","keywords":["Mallorca","Maya Bay","Muri","nejkr\u00e1sn\u011bj\u0161\u00ed pl\u00e1\u017ee","pl\u00e1\u017e","pl\u00e1\u017ee","Porto","Porto Katsiki","Sa Calobra","Thajsko"],"articleSection":["Cestov\u00e1n\u00ed"],"inLanguage":"fi"},{"@type":"WebPage","@id":"https:\/\/regbu.com\/fi\/maailman-kaunein-ranta-ikina\/","url":"https:\/\/regbu.com\/fi\/maailman-kaunein-ranta-ikina\/","name":"Maailman kauneimmat rannat ovat jokaisen pakollinen vierailukohde - REGBU.COM","isPartOf":{"@id":"https:\/\/regbu.com\/en\/#website"},"primaryImageOfPage":{"@id":"https:\/\/regbu.com\/fi\/maailman-kaunein-ranta-ikina\/#primaryimage"},"image":{"@id":"https:\/\/regbu.com\/fi\/maailman-kaunein-ranta-ikina\/#primaryimage"},"thumbnailUrl":"https:\/\/regbu.com\/wp-content\/uploads\/2023\/06\/nejkrasnejsi-plaze-sveta-musi-navstivit-kazdy.jpg","datePublished":"2023-06-21T13:54:52+00:00","dateModified":"2025-09-05T05:42:15+00:00","author":{"@id":"https:\/\/regbu.com\/en\/#\/schema\/person\/94ea9deda2629771b8a9ced002f6784e"},"description":"Tied\u00e4tk\u00f6, miss\u00e4 ovat maailman kauneimmat rannat? Tutustu kanssamme paikkoihin, jotka saavat sinut tuntemaan olosi paratiisissa.","breadcrumb":{"@id":"https:\/\/regbu.com\/fi\/maailman-kaunein-ranta-ikina\/#breadcrumb"},"inLanguage":"fi","potentialAction":[{"@type":"ReadAction","target":["https:\/\/regbu.com\/fi\/maailman-kaunein-ranta-ikina\/"]}]},{"@type":"ImageObject","inLanguage":"fi","@id":"https:\/\/regbu.com\/fi\/maailman-kaunein-ranta-ikina\/#primaryimage","url":"https:\/\/regbu.com\/wp-content\/uploads\/2023\/06\/nejkrasnejsi-plaze-sveta-musi-navstivit-kazdy.jpg","contentUrl":"https:\/\/regbu.com\/wp-content\/uploads\/2023\/06\/nejkrasnejsi-plaze-sveta-musi-navstivit-kazdy.jpg","width":1200,"height":677,"caption":"Nejkr\u00e1sn\u011bj\u0161\u00ed pl\u00e1\u017ee sv\u011bta mus\u00ed nav\u0161t\u00edvit ka\u017ed\u00fd"},{"@type":"BreadcrumbList","@id":"https:\/\/regbu.com\/fi\/maailman-kaunein-ranta-ikina\/#breadcrumb","itemListElement":[{"@type":"ListItem","position":1,"name":"Home","item":"https:\/\/regbu.com\/en\/"},{"@type":"ListItem","position":2,"name":"Nejkr\u00e1sn\u011bj\u0161\u00ed pl\u00e1\u017ee sv\u011bta mus\u00ed nav\u0161t\u00edvit ka\u017ed\u00fd"}]},{"@type":"WebSite","@id":"https:\/\/regbu.com\/en\/#website","url":"https:\/\/regbu.com\/en\/","name":"REGBU.COM","description":"","potentialAction":[{"@type":"SearchAction","target":{"@type":"EntryPoint","urlTemplate":"https:\/\/regbu.com\/en\/?s={search_term_string}"},"query-input":{"@type":"PropertyValueSpecification","valueRequired":true,"valueName":"search_term_string"}}],"inLanguage":"fi"},{"@type":"Person","@id":"https:\/\/regbu.com\/en\/#\/schema\/person\/94ea9deda2629771b8a9ced002f6784e","name":"George Martin","url":"https:\/\/regbu.com\/fi\/author\/george-martin\/"}]}},"_links":{"self":[{"href":"https:\/\/regbu.com\/fi\/wp-json\/wp\/v2\/posts\/932","targetHints":{"allow":["GET"]}}],"collection":[{"href":"https:\/\/regbu.com\/fi\/wp-json\/wp\/v2\/posts"}],"about":[{"href":"https:\/\/regbu.com\/fi\/wp-json\/wp\/v2\/types\/post"}],"author":[{"embeddable":true,"href":"https:\/\/regbu.com\/fi\/wp-json\/wp\/v2\/users\/2"}],"replies":[{"embeddable":true,"href":"https:\/\/regbu.com\/fi\/wp-json\/wp\/v2\/comments?post=932"}],"version-history":[{"count":3,"href":"https:\/\/regbu.com\/fi\/wp-json\/wp\/v2\/posts\/932\/revisions"}],"predecessor-version":[{"id":964,"href":"https:\/\/regbu.com\/fi\/wp-json\/wp\/v2\/posts\/932\/revisions\/964"}],"wp:featuredmedia":[{"embeddable":true,"href":"https:\/\/regbu.com\/fi\/wp-json\/wp\/v2\/media\/933"}],"wp:attachment":[{"href":"https:\/\/regbu.com\/fi\/wp-json\/wp\/v2\/media?parent=932"}],"wp:term":[{"taxonomy":"category","embeddable":true,"href":"https:\/\/regbu.com\/fi\/wp-json\/wp\/v2\/categories?post=932"},{"taxonomy":"post_tag","embeddable":true,"href":"https:\/\/regbu.com\/fi\/wp-json\/wp\/v2\/tags?post=932"}],"curies":[{"name":"wp","href":"https:\/\/api.w.org\/{rel}","templated":true}]}}