{"id":849,"date":"2023-06-19T18:13:14","date_gmt":"2023-06-19T16:13:14","guid":{"rendered":"https:\/\/regbu.com\/?p=849"},"modified":"2025-09-05T07:42:23","modified_gmt":"2025-09-05T05:42:23","slug":"typy-kabelek-pro-ruzne-prilezitosti","status":"publish","type":"post","link":"https:\/\/regbu.com\/fi\/kaappityypit-kasitoita-varten\/","title":{"rendered":"K\u00e4silaukkutyypit eri tilaisuuksiin"},"content":{"rendered":"<p>K\u00e4silaukkutyypit ovat aihe, joka vetoaa ensisijaisesti mahdollisimman paljon naisiin. Tarvike, joka liittyy jonkin verran\u00a0<strong><a href=\"https:\/\/regbu.com\/fi\/dress-code-by-mel-know-everyone\/\">pukeutumiss\u00e4\u00e4nn\u00f6t<\/a><\/strong> tietyss\u00e4 yrityksess\u00e4. Markkinoilla on tietysti runsaasti erilaisia kaapeleita. Jokainen niist\u00e4 sopii eri tapahtumaan ja tilaisuuteen.<\/p>\n\n\n\n<ul class=\"wp-block-list\">\n<li>Kytkin<\/li>\n\n\n\n<li>\u00c4mp\u00e4ri<\/li>\n\n\n\n<li>Ostaja<\/li>\n<\/ul>\n\n\n\n<p>T\u00e4m\u00e4 on vain pieni esimakua siit\u00e4, millaisia k\u00e4silaukkuja voi ostaa. T\u00e4rkeint\u00e4 on <em>ei ainoastaan koon ja yleisilmeen valinta<\/em>. Ensinn\u00e4kin, sinun pit\u00e4isi tiet\u00e4\u00e4, mist\u00e4 ottaa tietty k\u00e4silaukku.<\/p>\n\n\n\n<h2 class=\"wp-block-heading\">Pienet k\u00e4silaukkutyypit<\/h2>\n\n\n\n<p>Ensin esittelemme sinulle pienet k\u00e4silaukut, joihin kuuluvat seuraavat tuotteet <strong>patonki<\/strong> jossa on pitk\u00e4nomainen muoto tai muodollinen kappale nimelt\u00e4\u00e4n tikattu. Jos haluat pienen olkalaukun, valitse rannekoru. Sit\u00e4 vastoin vahvistettu k\u00e4silaukku y\u00f6el\u00e4m\u00e4\u00e4 varten on <strong>minaudiere<\/strong>. T\u00e4m\u00e4ntyyppisten k\u00e4silaukkujen py\u00f6re\u00e4mm\u00e4t mallit ovat eritt\u00e4in suosittuja.<\/p>\n\n\n\n<h3 class=\"wp-block-heading\">Mit\u00e4 muita k\u00e4silaukkuja voit k\u00e4ytt\u00e4\u00e4?<\/h3>\n\n\n\n<p>Pienten k\u00e4silaukkujen lis\u00e4ksi on my\u00f6s suuria k\u00e4silaukkuja. Edell\u00e4 mainittu shopper-k\u00e4silaukku, jota kutsutaan shopperiksi, on selv\u00e4 ykk\u00f6nen. Puolitoistametrinen k\u00e4silaukku tunnetaan nimell\u00e4 <strong>kulkuri<\/strong> ja jos haluat mieluummin suorakulmion, keskity tuotteisiin, jotka kuuluvat kantoliina-kategoriaan. Seuraavat kysymykset ja vastaukset kertovat sinulle lis\u00e4\u00e4.<\/p>\n\n\n\n<div class=\"schema-faq wp-block-yoast-faq-block\"><div class=\"schema-faq-section\" id=\"faq-question-1687190999924\"><strong class=\"schema-faq-question\">Mit\u00e4 kuvitella k\u00e4silaukun l\u00e4p\u00e4n alle?<\/strong> <p class=\"schema-faq-answer\">Pohjimmiltaan se on ostoskassi, jossa on l\u00e4pp\u00e4, joka kiinnitet\u00e4\u00e4n.<\/p> <\/div> <div class=\"schema-faq-section\" id=\"faq-question-1687191009074\"><strong class=\"schema-faq-question\">Mink\u00e4laiset k\u00e4silaukut sis\u00e4lt\u00e4v\u00e4t tynnyrin?<\/strong> <p class=\"schema-faq-answer\">Se on sylinterin muotoinen suurempi naisten k\u00e4silaukku. Se sopii erinomaisesti matkustamiseen ja ostoksille.<\/p> <\/div> <div class=\"schema-faq-section\" id=\"faq-question-1687191017223\"><strong class=\"schema-faq-question\">Mist\u00e4 materiaalista kehysk\u00e4silaukku on valmistettu?<\/strong> <p class=\"schema-faq-answer\">Useimmiten se on pehme\u00e4\u00e4 materiaalia. K\u00e4silaukussa on k\u00e4yt\u00e4nn\u00f6llinen lukko ja kahva.<\/p> <\/div> <div class=\"schema-faq-section\" id=\"faq-question-1687191024298\"><strong class=\"schema-faq-question\">Mik\u00e4 on termi k\u00e4silaukuille, jotka muistuttavat reppua?<\/strong> <p class=\"schema-faq-answer\">T\u00e4h\u00e4n naisten asusteiden ryhm\u00e4\u00e4n kuuluu esimerkiksi reppu, joka on itse asiassa naisten reppu. Samanlainen on my\u00f6s \u00e4mp\u00e4rilaukku, joka voi joissakin tapauksissa muistuttaa py\u00f6re\u00e4\u00e4 laukkua.<\/p> <\/div> <div class=\"schema-faq-section\" id=\"faq-question-1687191031829\"><strong class=\"schema-faq-question\">Mit\u00e4 muita mainitsemisen arvoisia k\u00e4silaukkuja on?<\/strong> <p class=\"schema-faq-answer\">\u00c4l\u00e4 unohda pient\u00e4 k\u00e4silaukkua, jossa on pitk\u00e4 vy\u00f6 ja jota kutsutaan messenger-laukuksi. Urheiluk\u00e4silaukuista k\u00e4ytet\u00e4\u00e4n termi\u00e4 duffel. Kaikki tuntevat klassisen k\u00e4silaukun. T\u00e4t\u00e4 kutsutaan kytkimeksi, ja se on suunniteltu pidett\u00e4v\u00e4ksi itse k\u00e4dess\u00e4.<\/p> <\/div> <\/div>","protected":false},"excerpt":{"rendered":"<p>K\u00e4silaukkutyypit ovat aihe, joka vetoaa ensisijaisesti mahdollisimman paljon naisiin. Asuste liittyy jonkin verran tietyn yhteiskunnan pukeutumiskoodiin. Markkinoilla on tietysti runsaasti erimuotoisia k\u00e4silaukkuja. Jokainen niist\u00e4 sopii sitten eri tapahtumaan ja tilaisuuteen. T\u00e4m\u00e4 on vain pieni esimakua siit\u00e4, millaisia k\u00e4silaukkuja voi ostaa. T\u00e4rke\u00e4\u00e4 ... <\/p>","protected":false},"author":2,"featured_media":850,"comment_status":"closed","ping_status":"closed","sticky":false,"template":"","format":"standard","meta":{"footnotes":""},"categories":[671],"tags":[708,712,707,711,713,705,706,709,710,704],"class_list":["post-849","post","type-post","status-publish","format-standard","has-post-thumbnail","hentry","category-moda","tag-baguette","tag-barrel","tag-clutch","tag-flap","tag-hobo","tag-kabelka","tag-kabelky","tag-minaudiere","tag-quilted","tag-typy-kabelek"],"yoast_head":"<!-- This site is optimized with the Yoast SEO plugin v27.5 - https:\/\/yoast.com\/product\/yoast-seo-wordpress\/ -->\n<title>Typy kabelek pro r\u016fzn\u00e9 p\u0159\u00edle\u017eitosti - REGBU.COM<\/title>\n<meta name=\"description\" content=\"Vyberte si vhodn\u00e9 typy kabelek v z\u00e1vislosti na akci, kam se chyst\u00e1te. Existuje p\u0159em\u00edra druh\u016f kabelek odli\u0161n\u00e9ho proveden\u00ed.\" \/>\n<meta name=\"robots\" content=\"index, follow, max-snippet:-1, max-image-preview:large, max-video-preview:-1\" \/>\n<link rel=\"canonical\" href=\"https:\/\/regbu.com\/fi\/kaappityypit-kasitoita-varten\/\" \/>\n<meta property=\"og:locale\" content=\"fi_FI\" \/>\n<meta property=\"og:type\" content=\"article\" \/>\n<meta property=\"og:title\" content=\"Typy kabelek pro r\u016fzn\u00e9 p\u0159\u00edle\u017eitosti - REGBU.COM\" \/>\n<meta property=\"og:description\" content=\"Vyberte si vhodn\u00e9 typy kabelek v z\u00e1vislosti na akci, kam se chyst\u00e1te. Existuje p\u0159em\u00edra druh\u016f kabelek odli\u0161n\u00e9ho proveden\u00ed.\" \/>\n<meta property=\"og:url\" content=\"https:\/\/regbu.com\/fi\/kaappityypit-kasitoita-varten\/\" \/>\n<meta property=\"og:site_name\" content=\"REGBU.COM\" \/>\n<meta property=\"article:published_time\" content=\"2023-06-19T16:13:14+00:00\" \/>\n<meta property=\"article:modified_time\" content=\"2025-09-05T05:42:23+00:00\" \/>\n<meta property=\"og:image\" content=\"https:\/\/regbu.com\/wp-content\/uploads\/2023\/06\/typy-kabelek-pro-ruzne-prilezitosti.jpg\" \/>\n\t<meta property=\"og:image:width\" content=\"1200\" \/>\n\t<meta property=\"og:image:height\" content=\"676\" \/>\n\t<meta property=\"og:image:type\" content=\"image\/jpeg\" \/>\n<meta name=\"author\" content=\"George Martin\" \/>\n<meta name=\"twitter:card\" content=\"summary_large_image\" \/>\n<meta name=\"twitter:label1\" content=\"Kirjoittanut\" \/>\n\t<meta name=\"twitter:data1\" content=\"George Martin\" \/>\n\t<meta name=\"twitter:label2\" content=\"Arvioitu lukuaika\" \/>\n\t<meta name=\"twitter:data2\" content=\"2 minuuttia\" \/>\n<script type=\"application\/ld+json\" class=\"yoast-schema-graph\">{\"@context\":\"https:\\\/\\\/schema.org\",\"@graph\":[{\"@type\":\"Article\",\"@id\":\"https:\\\/\\\/regbu.com\\\/fi\\\/kaappityypit-kasitoita-varten\\\/#article\",\"isPartOf\":{\"@id\":\"https:\\\/\\\/regbu.com\\\/fi\\\/kaappityypit-kasitoita-varten\\\/\"},\"author\":{\"name\":\"George Martin\",\"@id\":\"https:\\\/\\\/regbu.com\\\/en\\\/#\\\/schema\\\/person\\\/94ea9deda2629771b8a9ced002f6784e\"},\"headline\":\"Typy kabelek pro r\u016fzn\u00e9 p\u0159\u00edle\u017eitosti\",\"datePublished\":\"2023-06-19T16:13:14+00:00\",\"dateModified\":\"2025-09-05T05:42:23+00:00\",\"mainEntityOfPage\":{\"@id\":\"https:\\\/\\\/regbu.com\\\/fi\\\/kaappityypit-kasitoita-varten\\\/\"},\"wordCount\":422,\"image\":{\"@id\":\"https:\\\/\\\/regbu.com\\\/fi\\\/kaappityypit-kasitoita-varten\\\/#primaryimage\"},\"thumbnailUrl\":\"https:\\\/\\\/regbu.com\\\/wp-content\\\/uploads\\\/2023\\\/06\\\/typy-kabelek-pro-ruzne-prilezitosti.jpg\",\"keywords\":[\"baguette\",\"barrel\",\"Clutch\",\"flap\",\"hobo\",\"kabelka\",\"kabelky\",\"minaudiere\",\"quilted\",\"typy kabelek\"],\"articleSection\":[\"M\u00f3da\"],\"inLanguage\":\"fi\"},{\"@type\":[\"WebPage\",\"FAQPage\"],\"@id\":\"https:\\\/\\\/regbu.com\\\/fi\\\/kaappityypit-kasitoita-varten\\\/\",\"url\":\"https:\\\/\\\/regbu.com\\\/fi\\\/kaappityypit-kasitoita-varten\\\/\",\"name\":\"Typy kabelek pro r\u016fzn\u00e9 p\u0159\u00edle\u017eitosti - REGBU.COM\",\"isPartOf\":{\"@id\":\"https:\\\/\\\/regbu.com\\\/en\\\/#website\"},\"primaryImageOfPage\":{\"@id\":\"https:\\\/\\\/regbu.com\\\/fi\\\/kaappityypit-kasitoita-varten\\\/#primaryimage\"},\"image\":{\"@id\":\"https:\\\/\\\/regbu.com\\\/fi\\\/kaappityypit-kasitoita-varten\\\/#primaryimage\"},\"thumbnailUrl\":\"https:\\\/\\\/regbu.com\\\/wp-content\\\/uploads\\\/2023\\\/06\\\/typy-kabelek-pro-ruzne-prilezitosti.jpg\",\"datePublished\":\"2023-06-19T16:13:14+00:00\",\"dateModified\":\"2025-09-05T05:42:23+00:00\",\"author\":{\"@id\":\"https:\\\/\\\/regbu.com\\\/en\\\/#\\\/schema\\\/person\\\/94ea9deda2629771b8a9ced002f6784e\"},\"description\":\"Vyberte si vhodn\u00e9 typy kabelek v z\u00e1vislosti na akci, kam se chyst\u00e1te. Existuje p\u0159em\u00edra druh\u016f kabelek odli\u0161n\u00e9ho proveden\u00ed.\",\"breadcrumb\":{\"@id\":\"https:\\\/\\\/regbu.com\\\/fi\\\/kaappityypit-kasitoita-varten\\\/#breadcrumb\"},\"mainEntity\":[{\"@id\":\"https:\\\/\\\/regbu.com\\\/fi\\\/kaappityypit-kasitoita-varten\\\/#faq-question-1687190999924\"},{\"@id\":\"https:\\\/\\\/regbu.com\\\/fi\\\/kaappityypit-kasitoita-varten\\\/#faq-question-1687191009074\"},{\"@id\":\"https:\\\/\\\/regbu.com\\\/fi\\\/kaappityypit-kasitoita-varten\\\/#faq-question-1687191017223\"},{\"@id\":\"https:\\\/\\\/regbu.com\\\/fi\\\/kaappityypit-kasitoita-varten\\\/#faq-question-1687191024298\"},{\"@id\":\"https:\\\/\\\/regbu.com\\\/fi\\\/kaappityypit-kasitoita-varten\\\/#faq-question-1687191031829\"}],\"inLanguage\":\"fi\",\"potentialAction\":[{\"@type\":\"ReadAction\",\"target\":[\"https:\\\/\\\/regbu.com\\\/fi\\\/kaappityypit-kasitoita-varten\\\/\"]}]},{\"@type\":\"ImageObject\",\"inLanguage\":\"fi\",\"@id\":\"https:\\\/\\\/regbu.com\\\/fi\\\/kaappityypit-kasitoita-varten\\\/#primaryimage\",\"url\":\"https:\\\/\\\/regbu.com\\\/wp-content\\\/uploads\\\/2023\\\/06\\\/typy-kabelek-pro-ruzne-prilezitosti.jpg\",\"contentUrl\":\"https:\\\/\\\/regbu.com\\\/wp-content\\\/uploads\\\/2023\\\/06\\\/typy-kabelek-pro-ruzne-prilezitosti.jpg\",\"width\":1200,\"height\":676,\"caption\":\"Typy kabelek pro r\u016fzn\u00e9 p\u0159\u00edle\u017eitosti\"},{\"@type\":\"BreadcrumbList\",\"@id\":\"https:\\\/\\\/regbu.com\\\/fi\\\/kaappityypit-kasitoita-varten\\\/#breadcrumb\",\"itemListElement\":[{\"@type\":\"ListItem\",\"position\":1,\"name\":\"Home\",\"item\":\"https:\\\/\\\/regbu.com\\\/en\\\/\"},{\"@type\":\"ListItem\",\"position\":2,\"name\":\"Typy kabelek pro r\u016fzn\u00e9 p\u0159\u00edle\u017eitosti\"}]},{\"@type\":\"WebSite\",\"@id\":\"https:\\\/\\\/regbu.com\\\/en\\\/#website\",\"url\":\"https:\\\/\\\/regbu.com\\\/en\\\/\",\"name\":\"REGBU.COM\",\"description\":\"\",\"potentialAction\":[{\"@type\":\"SearchAction\",\"target\":{\"@type\":\"EntryPoint\",\"urlTemplate\":\"https:\\\/\\\/regbu.com\\\/en\\\/?s={search_term_string}\"},\"query-input\":{\"@type\":\"PropertyValueSpecification\",\"valueRequired\":true,\"valueName\":\"search_term_string\"}}],\"inLanguage\":\"fi\"},{\"@type\":\"Person\",\"@id\":\"https:\\\/\\\/regbu.com\\\/en\\\/#\\\/schema\\\/person\\\/94ea9deda2629771b8a9ced002f6784e\",\"name\":\"George Martin\",\"url\":\"https:\\\/\\\/regbu.com\\\/fi\\\/author\\\/george-martin\\\/\"},{\"@type\":\"Question\",\"@id\":\"https:\\\/\\\/regbu.com\\\/fi\\\/kaappityypit-kasitoita-varten\\\/#faq-question-1687190999924\",\"position\":1,\"url\":\"https:\\\/\\\/regbu.com\\\/fi\\\/kaappityypit-kasitoita-varten\\\/#faq-question-1687190999924\",\"name\":\"Co si p\u0159edstavit pod kabelkou flap?\",\"answerCount\":1,\"acceptedAnswer\":{\"@type\":\"Answer\",\"text\":\"Ve sv\u00e9 podstat\u011b se jedn\u00e1 o n\u00e1kupn\u00ed kabelku s klopou, kter\u00e1 je zap\u00ednac\u00ed.\",\"inLanguage\":\"fi\"},\"inLanguage\":\"fi\"},{\"@type\":\"Question\",\"@id\":\"https:\\\/\\\/regbu.com\\\/fi\\\/kaappityypit-kasitoita-varten\\\/#faq-question-1687191009074\",\"position\":2,\"url\":\"https:\\\/\\\/regbu.com\\\/fi\\\/kaappityypit-kasitoita-varten\\\/#faq-question-1687191009074\",\"name\":\"Mezi jak\u00e9 typy kabelek pat\u0159\u00ed barrel?\",\"answerCount\":1,\"acceptedAnswer\":{\"@type\":\"Answer\",\"text\":\"Jde o v\u011bt\u0161\u00ed d\u00e1mskou kabelku ve tvaru v\u00e1lce. Ide\u00e1ln\u00ed je pro cestov\u00e1n\u00ed a nakupov\u00e1n\u00ed.\",\"inLanguage\":\"fi\"},\"inLanguage\":\"fi\"},{\"@type\":\"Question\",\"@id\":\"https:\\\/\\\/regbu.com\\\/fi\\\/kaappityypit-kasitoita-varten\\\/#faq-question-1687191017223\",\"position\":3,\"url\":\"https:\\\/\\\/regbu.com\\\/fi\\\/kaappityypit-kasitoita-varten\\\/#faq-question-1687191017223\",\"name\":\"Z jak\u00e9ho materi\u00e1lu se vyr\u00e1b\u00ed kabelka frame?\",\"answerCount\":1,\"acceptedAnswer\":{\"@type\":\"Answer\",\"text\":\"Nej\u010dast\u011bji je to m\u011bk\u010den\u00fd materi\u00e1l. Kabelce nechyb\u00ed praktick\u00e9 zap\u00edn\u00e1n\u00ed a rukoje\u0165.\",\"inLanguage\":\"fi\"},\"inLanguage\":\"fi\"},{\"@type\":\"Question\",\"@id\":\"https:\\\/\\\/regbu.com\\\/fi\\\/kaappityypit-kasitoita-varten\\\/#faq-question-1687191024298\",\"position\":4,\"url\":\"https:\\\/\\\/regbu.com\\\/fi\\\/kaappityypit-kasitoita-varten\\\/#faq-question-1687191024298\",\"name\":\"Jak se ozna\u010duj\u00ed kabelky p\u0159ipom\u00ednaj\u00edc\u00ed batoh?\",\"answerCount\":1,\"acceptedAnswer\":{\"@type\":\"Answer\",\"text\":\"Do t\u00e9to skupiny d\u00e1msk\u00fdch dopl\u0148k\u016f spad\u00e1 kup\u0159\u00edkladu backpack, co\u017e je vlastn\u011b d\u00e1msk\u00fd batoh. Podobn\u00e1 je tak\u00e9 kabelka bucket, kter\u00e1 v n\u011bkter\u00fdch p\u0159\u00edpadech m\u016f\u017ee p\u0159ipom\u00ednat kulat\u00fd vak.\",\"inLanguage\":\"fi\"},\"inLanguage\":\"fi\"},{\"@type\":\"Question\",\"@id\":\"https:\\\/\\\/regbu.com\\\/fi\\\/kaappityypit-kasitoita-varten\\\/#faq-question-1687191031829\",\"position\":5,\"url\":\"https:\\\/\\\/regbu.com\\\/fi\\\/kaappityypit-kasitoita-varten\\\/#faq-question-1687191031829\",\"name\":\"Jak\u00e9 dal\u0161\u00ed kabelky stoj\u00ed za zm\u00ednku?\",\"answerCount\":1,\"acceptedAnswer\":{\"@type\":\"Answer\",\"text\":\"Nezapome\u0148te na malou kabelku s dlouh\u00fdm opaskem, j\u00ed\u017e se \u0159\u00edk\u00e1 messenger. U sportovn\u00edch kabelek se vyu\u017e\u00edv\u00e1 v\u00fdraz duffel. Klasick\u00e9 psan\u00ed\u010dko zn\u00e1 bezpochyby ka\u017ed\u00fd. Tomu se \u0159\u00edk\u00e1 clutch a je ur\u010deno p\u0159\u00edmo pro dr\u017een\u00ed v samotn\u00e9 ruce.\",\"inLanguage\":\"fi\"},\"inLanguage\":\"fi\"}]}<\/script>\n<!-- \/ Yoast SEO plugin. -->","yoast_head_json":{"title":"K\u00e4silaukkutyypit eri tilaisuuksiin - REGBU.COM","description":"Valitse sopivat k\u00e4silaukkutyypit sen mukaan, mihin tapahtumaan olet menossa. K\u00e4silaukkutyyppej\u00e4 on liian monenlaisia ja eri malleja.","robots":{"index":"index","follow":"follow","max-snippet":"max-snippet:-1","max-image-preview":"max-image-preview:large","max-video-preview":"max-video-preview:-1"},"canonical":"https:\/\/regbu.com\/fi\/kaappityypit-kasitoita-varten\/","og_locale":"fi_FI","og_type":"article","og_title":"Typy kabelek pro r\u016fzn\u00e9 p\u0159\u00edle\u017eitosti - REGBU.COM","og_description":"Vyberte si vhodn\u00e9 typy kabelek v z\u00e1vislosti na akci, kam se chyst\u00e1te. Existuje p\u0159em\u00edra druh\u016f kabelek odli\u0161n\u00e9ho proveden\u00ed.","og_url":"https:\/\/regbu.com\/fi\/kaappityypit-kasitoita-varten\/","og_site_name":"REGBU.COM","article_published_time":"2023-06-19T16:13:14+00:00","article_modified_time":"2025-09-05T05:42:23+00:00","og_image":[{"width":1200,"height":676,"url":"https:\/\/regbu.com\/wp-content\/uploads\/2023\/06\/typy-kabelek-pro-ruzne-prilezitosti.jpg","type":"image\/jpeg"}],"author":"George Martin","twitter_card":"summary_large_image","twitter_misc":{"Kirjoittanut":"George Martin","Arvioitu lukuaika":"2 minuuttia"},"schema":{"@context":"https:\/\/schema.org","@graph":[{"@type":"Article","@id":"https:\/\/regbu.com\/fi\/kaappityypit-kasitoita-varten\/#article","isPartOf":{"@id":"https:\/\/regbu.com\/fi\/kaappityypit-kasitoita-varten\/"},"author":{"name":"George Martin","@id":"https:\/\/regbu.com\/en\/#\/schema\/person\/94ea9deda2629771b8a9ced002f6784e"},"headline":"Typy kabelek pro r\u016fzn\u00e9 p\u0159\u00edle\u017eitosti","datePublished":"2023-06-19T16:13:14+00:00","dateModified":"2025-09-05T05:42:23+00:00","mainEntityOfPage":{"@id":"https:\/\/regbu.com\/fi\/kaappityypit-kasitoita-varten\/"},"wordCount":422,"image":{"@id":"https:\/\/regbu.com\/fi\/kaappityypit-kasitoita-varten\/#primaryimage"},"thumbnailUrl":"https:\/\/regbu.com\/wp-content\/uploads\/2023\/06\/typy-kabelek-pro-ruzne-prilezitosti.jpg","keywords":["baguette","barrel","Clutch","flap","hobo","kabelka","kabelky","minaudiere","quilted","typy kabelek"],"articleSection":["M\u00f3da"],"inLanguage":"fi"},{"@type":["WebPage","FAQPage"],"@id":"https:\/\/regbu.com\/fi\/kaappityypit-kasitoita-varten\/","url":"https:\/\/regbu.com\/fi\/kaappityypit-kasitoita-varten\/","name":"K\u00e4silaukkutyypit eri tilaisuuksiin - REGBU.COM","isPartOf":{"@id":"https:\/\/regbu.com\/en\/#website"},"primaryImageOfPage":{"@id":"https:\/\/regbu.com\/fi\/kaappityypit-kasitoita-varten\/#primaryimage"},"image":{"@id":"https:\/\/regbu.com\/fi\/kaappityypit-kasitoita-varten\/#primaryimage"},"thumbnailUrl":"https:\/\/regbu.com\/wp-content\/uploads\/2023\/06\/typy-kabelek-pro-ruzne-prilezitosti.jpg","datePublished":"2023-06-19T16:13:14+00:00","dateModified":"2025-09-05T05:42:23+00:00","author":{"@id":"https:\/\/regbu.com\/en\/#\/schema\/person\/94ea9deda2629771b8a9ced002f6784e"},"description":"Valitse sopivat k\u00e4silaukkutyypit sen mukaan, mihin tapahtumaan olet menossa. K\u00e4silaukkutyyppej\u00e4 on liian monenlaisia ja eri malleja.","breadcrumb":{"@id":"https:\/\/regbu.com\/fi\/kaappityypit-kasitoita-varten\/#breadcrumb"},"mainEntity":[{"@id":"https:\/\/regbu.com\/fi\/kaappityypit-kasitoita-varten\/#faq-question-1687190999924"},{"@id":"https:\/\/regbu.com\/fi\/kaappityypit-kasitoita-varten\/#faq-question-1687191009074"},{"@id":"https:\/\/regbu.com\/fi\/kaappityypit-kasitoita-varten\/#faq-question-1687191017223"},{"@id":"https:\/\/regbu.com\/fi\/kaappityypit-kasitoita-varten\/#faq-question-1687191024298"},{"@id":"https:\/\/regbu.com\/fi\/kaappityypit-kasitoita-varten\/#faq-question-1687191031829"}],"inLanguage":"fi","potentialAction":[{"@type":"ReadAction","target":["https:\/\/regbu.com\/fi\/kaappityypit-kasitoita-varten\/"]}]},{"@type":"ImageObject","inLanguage":"fi","@id":"https:\/\/regbu.com\/fi\/kaappityypit-kasitoita-varten\/#primaryimage","url":"https:\/\/regbu.com\/wp-content\/uploads\/2023\/06\/typy-kabelek-pro-ruzne-prilezitosti.jpg","contentUrl":"https:\/\/regbu.com\/wp-content\/uploads\/2023\/06\/typy-kabelek-pro-ruzne-prilezitosti.jpg","width":1200,"height":676,"caption":"Typy kabelek pro r\u016fzn\u00e9 p\u0159\u00edle\u017eitosti"},{"@type":"BreadcrumbList","@id":"https:\/\/regbu.com\/fi\/kaappityypit-kasitoita-varten\/#breadcrumb","itemListElement":[{"@type":"ListItem","position":1,"name":"Home","item":"https:\/\/regbu.com\/en\/"},{"@type":"ListItem","position":2,"name":"Typy kabelek pro r\u016fzn\u00e9 p\u0159\u00edle\u017eitosti"}]},{"@type":"WebSite","@id":"https:\/\/regbu.com\/en\/#website","url":"https:\/\/regbu.com\/en\/","name":"REGBU.COM","description":"","potentialAction":[{"@type":"SearchAction","target":{"@type":"EntryPoint","urlTemplate":"https:\/\/regbu.com\/en\/?s={search_term_string}"},"query-input":{"@type":"PropertyValueSpecification","valueRequired":true,"valueName":"search_term_string"}}],"inLanguage":"fi"},{"@type":"Person","@id":"https:\/\/regbu.com\/en\/#\/schema\/person\/94ea9deda2629771b8a9ced002f6784e","name":"George Martin","url":"https:\/\/regbu.com\/fi\/author\/george-martin\/"},{"@type":"Question","@id":"https:\/\/regbu.com\/fi\/kaappityypit-kasitoita-varten\/#faq-question-1687190999924","position":1,"url":"https:\/\/regbu.com\/fi\/kaappityypit-kasitoita-varten\/#faq-question-1687190999924","name":"Mit\u00e4 kuvitella k\u00e4silaukun l\u00e4p\u00e4n alle?","answerCount":1,"acceptedAnswer":{"@type":"Answer","text":"Ve sv\u00e9 podstat\u011b se jedn\u00e1 o n\u00e1kupn\u00ed kabelku s klopou, kter\u00e1 je zap\u00ednac\u00ed.","inLanguage":"fi"},"inLanguage":"fi"},{"@type":"Question","@id":"https:\/\/regbu.com\/fi\/kaappityypit-kasitoita-varten\/#faq-question-1687191009074","position":2,"url":"https:\/\/regbu.com\/fi\/kaappityypit-kasitoita-varten\/#faq-question-1687191009074","name":"Mink\u00e4laiset k\u00e4silaukut sis\u00e4lt\u00e4v\u00e4t tynnyrin?","answerCount":1,"acceptedAnswer":{"@type":"Answer","text":"Jde o v\u011bt\u0161\u00ed d\u00e1mskou kabelku ve tvaru v\u00e1lce. Ide\u00e1ln\u00ed je pro cestov\u00e1n\u00ed a nakupov\u00e1n\u00ed.","inLanguage":"fi"},"inLanguage":"fi"},{"@type":"Question","@id":"https:\/\/regbu.com\/fi\/kaappityypit-kasitoita-varten\/#faq-question-1687191017223","position":3,"url":"https:\/\/regbu.com\/fi\/kaappityypit-kasitoita-varten\/#faq-question-1687191017223","name":"Mist\u00e4 materiaalista kehysk\u00e4silaukku on valmistettu?","answerCount":1,"acceptedAnswer":{"@type":"Answer","text":"Nej\u010dast\u011bji je to m\u011bk\u010den\u00fd materi\u00e1l. Kabelce nechyb\u00ed praktick\u00e9 zap\u00edn\u00e1n\u00ed a rukoje\u0165.","inLanguage":"fi"},"inLanguage":"fi"},{"@type":"Question","@id":"https:\/\/regbu.com\/fi\/kaappityypit-kasitoita-varten\/#faq-question-1687191024298","position":4,"url":"https:\/\/regbu.com\/fi\/kaappityypit-kasitoita-varten\/#faq-question-1687191024298","name":"Mik\u00e4 on termi k\u00e4silaukuille, jotka muistuttavat reppua?","answerCount":1,"acceptedAnswer":{"@type":"Answer","text":"Do t\u00e9to skupiny d\u00e1msk\u00fdch dopl\u0148k\u016f spad\u00e1 kup\u0159\u00edkladu backpack, co\u017e je vlastn\u011b d\u00e1msk\u00fd batoh. Podobn\u00e1 je tak\u00e9 kabelka bucket, kter\u00e1 v n\u011bkter\u00fdch p\u0159\u00edpadech m\u016f\u017ee p\u0159ipom\u00ednat kulat\u00fd vak.","inLanguage":"fi"},"inLanguage":"fi"},{"@type":"Question","@id":"https:\/\/regbu.com\/fi\/kaappityypit-kasitoita-varten\/#faq-question-1687191031829","position":5,"url":"https:\/\/regbu.com\/fi\/kaappityypit-kasitoita-varten\/#faq-question-1687191031829","name":"Mit\u00e4 muita mainitsemisen arvoisia k\u00e4silaukkuja on?","answerCount":1,"acceptedAnswer":{"@type":"Answer","text":"Nezapome\u0148te na malou kabelku s dlouh\u00fdm opaskem, j\u00ed\u017e se \u0159\u00edk\u00e1 messenger. U sportovn\u00edch kabelek se vyu\u017e\u00edv\u00e1 v\u00fdraz duffel. Klasick\u00e9 psan\u00ed\u010dko zn\u00e1 bezpochyby ka\u017ed\u00fd. Tomu se \u0159\u00edk\u00e1 clutch a je ur\u010deno p\u0159\u00edmo pro dr\u017een\u00ed v samotn\u00e9 ruce.","inLanguage":"fi"},"inLanguage":"fi"}]}},"_links":{"self":[{"href":"https:\/\/regbu.com\/fi\/wp-json\/wp\/v2\/posts\/849","targetHints":{"allow":["GET"]}}],"collection":[{"href":"https:\/\/regbu.com\/fi\/wp-json\/wp\/v2\/posts"}],"about":[{"href":"https:\/\/regbu.com\/fi\/wp-json\/wp\/v2\/types\/post"}],"author":[{"embeddable":true,"href":"https:\/\/regbu.com\/fi\/wp-json\/wp\/v2\/users\/2"}],"replies":[{"embeddable":true,"href":"https:\/\/regbu.com\/fi\/wp-json\/wp\/v2\/comments?post=849"}],"version-history":[{"count":2,"href":"https:\/\/regbu.com\/fi\/wp-json\/wp\/v2\/posts\/849\/revisions"}],"predecessor-version":[{"id":873,"href":"https:\/\/regbu.com\/fi\/wp-json\/wp\/v2\/posts\/849\/revisions\/873"}],"wp:featuredmedia":[{"embeddable":true,"href":"https:\/\/regbu.com\/fi\/wp-json\/wp\/v2\/media\/850"}],"wp:attachment":[{"href":"https:\/\/regbu.com\/fi\/wp-json\/wp\/v2\/media?parent=849"}],"wp:term":[{"taxonomy":"category","embeddable":true,"href":"https:\/\/regbu.com\/fi\/wp-json\/wp\/v2\/categories?post=849"},{"taxonomy":"post_tag","embeddable":true,"href":"https:\/\/regbu.com\/fi\/wp-json\/wp\/v2\/tags?post=849"}],"curies":[{"name":"wp","href":"https:\/\/api.w.org\/{rel}","templated":true}]}}