{"id":129,"date":"2022-01-04T08:06:22","date_gmt":"2022-01-04T07:06:22","guid":{"rendered":"https:\/\/regbu.com\/?p=129"},"modified":"2025-09-05T07:43:08","modified_gmt":"2025-09-05T05:43:08","slug":"karel-gott-to-je-neprekonatelny-bozsky-kaja","status":"publish","type":"post","link":"https:\/\/regbu.com\/fi\/karel-tulee-voittamattomaksi-jumala-kaja\/","title":{"rendered":"Karel Gott - T\u00e4m\u00e4 on ylitt\u00e4m\u00e4t\u00f6n jumalallinen Kaja!"},"content":{"rendered":"<p>T\u0161ekin tasavallassa on vain pieni m\u00e4\u00e4r\u00e4 laulajia, jotka ovat tehneet sen, mit\u00e4 Karel Gott teki. T\u00e4m\u00e4 listaykk\u00f6seksi noussut laulaja on varmasti j\u00e4tt\u00e4nyt j\u00e4lkens\u00e4 - <strong>t\u0161ekkil\u00e4isen musiikkiel\u00e4m\u00e4n historia<\/strong>. Siit\u00e4 ei ole ep\u00e4ilyst\u00e4k\u00e4\u00e4n. T\u00e4st\u00e4 on osoituksena sen suosio T\u0161ekin tasavallan lis\u00e4ksi my\u00f6s ulkomailla. Siit\u00e4 on kymmeni\u00e4 palkintoja, miljoonia myytyj\u00e4 albumeita ja muita selvi\u00e4 todisteita.<\/p>\n\n\n\n<h2 class=\"wp-block-heading\">Karel Gottin el\u00e4m\u00e4<\/h2>\n\n\n\n<p>Karel Gott sai kuuluisan uransa aikana useita omaper\u00e4isi\u00e4 lempinimi\u00e4. Tunnetuin niist\u00e4 on ep\u00e4ilem\u00e4tt\u00e4 Jumalallinen K\u00e1ja. Oli kuitenkin kaksi muuta. Esimerkiksi Prahan kultainen \u00e4\u00e4ni tai Id\u00e4n Sinatra. Voit lukea lis\u00e4\u00e4 h\u00e4nen el\u00e4m\u00e4st\u00e4\u00e4n alla olevasta taulukosta.<\/p>\n\n\n\n<figure class=\"wp-block-table\"><table><tbody><tr><td><strong>Aihe<\/strong><\/td><td><strong>Arvo<\/strong><\/td><\/tr><tr><td>Syntym\u00e4<\/td><td>14. hein\u00e4kuuta 1939<\/td><\/tr><tr><td>Kuolemantapaukset<\/td><td>1. lokakuuta 2019<\/td><\/tr><tr><td>Ammatti<\/td><td>N\u00e4yttelij\u00e4, laulaja, s\u00e4velt\u00e4j\u00e4 ja taidemaalari.<\/td><\/tr><tr><td>Voice-haara<\/td><td>Tenori<\/td><\/tr><\/tbody><\/table><figcaption>Hieman lis\u00e4\u00e4 Karel Gottin el\u00e4m\u00e4st\u00e4.<\/figcaption><\/figure>\n\n\n\n<p>Jumalallinen Kaja on todiste siit\u00e4, ett\u00e4 tavallisesta s\u00e4hk\u00f6asentajasta voi tulla yksi T\u0161ekin tunnetuimmista laulajista. T\u00e4m\u00e4 johtuu tietysti h\u00e4nen kurkkuunsa syntym\u00e4st\u00e4 l\u00e4htien annetusta lahjasta.<\/p>\n\n\n\n<h2 class=\"wp-block-heading\">Kultainen ja t\u0161ekkil\u00e4inen y\u00f6laulu, Karel Gott.<\/h2>\n\n\n\n<p>T\u00e4m\u00e4 ilmi\u00f6m\u00e4inen laulaja on ansainnut elinaikanaan monia tunnustuksia, siit\u00e4 ei ole ep\u00e4ilyst\u00e4k\u00e4\u00e4n. Itse asiassa h\u00e4n hallitsi yht\u00e4 gallupia monta vuotta. Se oli <strong>Kultainen satakieli, my\u00f6hemmin t\u0161ekkil\u00e4inen satakieli.<\/strong>. Pitkien n\u00e4ytt\u00e4m\u00f6vuosiensa aikana h\u00e4n on saanut yhteens\u00e4 42 Nightingale-palkintoa. T\u00e4m\u00e4 on vuoden laulaja -\u00e4\u00e4nestyksen ensimm\u00e4inen sija. T\u00e4t\u00e4 seurasivat muuten TV-palkinnot ja monet muut.<\/p>\n\n\n\n<h3 class=\"wp-block-heading\">Karel Gott on yksinkertaisesti ilmi\u00f6<\/h3>\n\n\n\n<p>Karel Gottin saavutuksista ei todellakaan kannata kiistell\u00e4. Esimerkiksi 50 miljoonaa myyty\u00e4 levy\u00e4 on selke\u00e4 todiste siit\u00e4. Pitk\u00e4n uransa aikana h\u00e4n ehti julkaista 293 sooloalbumia. Ulkomaisen suosionsa ansiosta h\u00e4n lauloi jopa vierailla kielill\u00e4. T\u00e4m\u00e4 on esimerkiksi englanti, ven\u00e4j\u00e4, saksa, italia tai latina. H\u00e4n oli tietenkin parhaimmillaan kotimaisten kuuntelijoiden t\u0161ekkil\u00e4isess\u00e4 versiossa.<\/p>\n\n\n\n<p>Karel Gott liittyy erottamattomasti&nbsp;<strong>elokuvakappaleiden sarjalla<\/strong>. H\u00e4n on muuten n\u00e4ytellyt my\u00f6s monissa elokuvissa. H\u00e4n on julkaissut useita kirjoja, ja luettelo h\u00e4nen suurimmista hiteist\u00e4\u00e4n on loputon. Kuka ei tuntisi Lady Carnevalia ja joitakin muita h\u00e4nen hittej\u00e4\u00e4n?<\/p>","protected":false},"excerpt":{"rendered":"<p>T\u0161ekin tasavallassa on vain pieni m\u00e4\u00e4r\u00e4 laulajia, jotka ovat tehneet sen, mit\u00e4 Karel Gott teki. T\u00e4m\u00e4 listaykk\u00f6seksi noussut laulaja on varmasti j\u00e4tt\u00e4nyt j\u00e4lkens\u00e4 T\u0161ekin musiikkihistoriaan. Siit\u00e4 ei ole ep\u00e4ilyst\u00e4k\u00e4\u00e4n. T\u00e4st\u00e4 on osoituksena h\u00e4nen suosionsa T\u0161ekin tasavallan lis\u00e4ksi my\u00f6s ulkomailla. Siit\u00e4 on kymmeni\u00e4 palkintoja, miljoonia myytyj\u00e4 albumeita ja muita selvi\u00e4 todisteita. El\u00e4m\u00e4 ... <\/p>","protected":false},"author":2,"featured_media":130,"comment_status":"closed","ping_status":"closed","sticky":false,"template":"","format":"standard","meta":{"footnotes":""},"categories":[11],"tags":[96,97,98,99,100,101,102,103,104,105],"class_list":["post-129","post","type-post","status-publish","format-standard","has-post-thumbnail","hentry","category-hudba","tag-bozsky-kaja","tag-cesky-slavik","tag-gott","tag-hudebnik","tag-karel-gott","tag-sinatra-vychodu","tag-tenor","tag-umelec","tag-zlaty-slavik","tag-zpevak"],"yoast_head":"<!-- This site is optimized with the Yoast SEO plugin v27.4 - https:\/\/yoast.com\/product\/yoast-seo-wordpress\/ -->\n<title>Karel Gott \u2013 To je nep\u0159ekonateln\u00fd Bo\u017esk\u00fd K\u00e1ja - REGBU.COM<\/title>\n<meta name=\"description\" content=\"Kdo byl v \u010desku nejlep\u0161\u00edm zp\u011bv\u00e1kem v\u0161ech dob? Byl to Karel Gott, jeho\u017e p\u00edsn\u011b jsou v\u011b\u010dn\u00e9. Poznejte jeho \u017eivot do nejmen\u0161\u00edho detailu.\" \/>\n<meta name=\"robots\" content=\"index, follow, max-snippet:-1, max-image-preview:large, max-video-preview:-1\" \/>\n<link rel=\"canonical\" href=\"https:\/\/regbu.com\/fi\/karel-tulee-voittamattomaksi-jumala-kaja\/\" \/>\n<meta property=\"og:locale\" content=\"fi_FI\" \/>\n<meta property=\"og:type\" content=\"article\" \/>\n<meta property=\"og:title\" content=\"Karel Gott \u2013 To je nep\u0159ekonateln\u00fd Bo\u017esk\u00fd K\u00e1ja - REGBU.COM\" \/>\n<meta property=\"og:description\" content=\"Kdo byl v \u010desku nejlep\u0161\u00edm zp\u011bv\u00e1kem v\u0161ech dob? Byl to Karel Gott, jeho\u017e p\u00edsn\u011b jsou v\u011b\u010dn\u00e9. Poznejte jeho \u017eivot do nejmen\u0161\u00edho detailu.\" \/>\n<meta property=\"og:url\" content=\"https:\/\/regbu.com\/fi\/karel-tulee-voittamattomaksi-jumala-kaja\/\" \/>\n<meta property=\"og:site_name\" content=\"REGBU.COM\" \/>\n<meta property=\"article:published_time\" content=\"2022-01-04T07:06:22+00:00\" \/>\n<meta property=\"article:modified_time\" content=\"2025-09-05T05:43:08+00:00\" \/>\n<meta property=\"og:image\" content=\"https:\/\/regbu.com\/wp-content\/uploads\/2022\/01\/karel-gott-to-je-neprekonatelny-bozsky-kaja.jpg\" \/>\n\t<meta property=\"og:image:width\" content=\"1200\" \/>\n\t<meta property=\"og:image:height\" content=\"678\" \/>\n\t<meta property=\"og:image:type\" content=\"image\/jpeg\" \/>\n<meta name=\"author\" content=\"George Martin\" \/>\n<meta name=\"twitter:card\" content=\"summary_large_image\" \/>\n<meta name=\"twitter:label1\" content=\"Kirjoittanut\" \/>\n\t<meta name=\"twitter:data1\" content=\"George Martin\" \/>\n\t<meta name=\"twitter:label2\" content=\"Arvioitu lukuaika\" \/>\n\t<meta name=\"twitter:data2\" content=\"2 minuuttia\" \/>\n<script type=\"application\/ld+json\" class=\"yoast-schema-graph\">{\"@context\":\"https:\\\/\\\/schema.org\",\"@graph\":[{\"@type\":\"Article\",\"@id\":\"https:\\\/\\\/regbu.com\\\/karel-gott-to-je-neprekonatelny-bozsky-kaja\\\/#article\",\"isPartOf\":{\"@id\":\"https:\\\/\\\/regbu.com\\\/karel-gott-to-je-neprekonatelny-bozsky-kaja\\\/\"},\"author\":{\"name\":\"George Martin\",\"@id\":\"https:\\\/\\\/regbu.com\\\/en\\\/#\\\/schema\\\/person\\\/94ea9deda2629771b8a9ced002f6784e\"},\"headline\":\"Karel Gott \u2013 To je nep\u0159ekonateln\u00fd Bo\u017esk\u00fd K\u00e1ja\",\"datePublished\":\"2022-01-04T07:06:22+00:00\",\"dateModified\":\"2025-09-05T05:43:08+00:00\",\"mainEntityOfPage\":{\"@id\":\"https:\\\/\\\/regbu.com\\\/karel-gott-to-je-neprekonatelny-bozsky-kaja\\\/\"},\"wordCount\":455,\"image\":{\"@id\":\"https:\\\/\\\/regbu.com\\\/karel-gott-to-je-neprekonatelny-bozsky-kaja\\\/#primaryimage\"},\"thumbnailUrl\":\"https:\\\/\\\/regbu.com\\\/wp-content\\\/uploads\\\/2022\\\/01\\\/karel-gott-to-je-neprekonatelny-bozsky-kaja.jpg\",\"keywords\":[\"Bo\u017esk\u00fd K\u00e1ja\",\"\u010desk\u00fd slav\u00edk\",\"Gott\",\"hudebn\u00edk\",\"Karel Gott\",\"sinatra v\u00fdchodu\",\"tenor\",\"um\u011blec\",\"Zlat\u00fd slav\u00edk\",\"zp\u011bv\u00e1k\"],\"articleSection\":[\"Hudba\"],\"inLanguage\":\"fi\"},{\"@type\":\"WebPage\",\"@id\":\"https:\\\/\\\/regbu.com\\\/karel-gott-to-je-neprekonatelny-bozsky-kaja\\\/\",\"url\":\"https:\\\/\\\/regbu.com\\\/karel-gott-to-je-neprekonatelny-bozsky-kaja\\\/\",\"name\":\"Karel Gott \u2013 To je nep\u0159ekonateln\u00fd Bo\u017esk\u00fd K\u00e1ja - REGBU.COM\",\"isPartOf\":{\"@id\":\"https:\\\/\\\/regbu.com\\\/en\\\/#website\"},\"primaryImageOfPage\":{\"@id\":\"https:\\\/\\\/regbu.com\\\/karel-gott-to-je-neprekonatelny-bozsky-kaja\\\/#primaryimage\"},\"image\":{\"@id\":\"https:\\\/\\\/regbu.com\\\/karel-gott-to-je-neprekonatelny-bozsky-kaja\\\/#primaryimage\"},\"thumbnailUrl\":\"https:\\\/\\\/regbu.com\\\/wp-content\\\/uploads\\\/2022\\\/01\\\/karel-gott-to-je-neprekonatelny-bozsky-kaja.jpg\",\"datePublished\":\"2022-01-04T07:06:22+00:00\",\"dateModified\":\"2025-09-05T05:43:08+00:00\",\"author\":{\"@id\":\"https:\\\/\\\/regbu.com\\\/en\\\/#\\\/schema\\\/person\\\/94ea9deda2629771b8a9ced002f6784e\"},\"description\":\"Kdo byl v \u010desku nejlep\u0161\u00edm zp\u011bv\u00e1kem v\u0161ech dob? Byl to Karel Gott, jeho\u017e p\u00edsn\u011b jsou v\u011b\u010dn\u00e9. Poznejte jeho \u017eivot do nejmen\u0161\u00edho detailu.\",\"breadcrumb\":{\"@id\":\"https:\\\/\\\/regbu.com\\\/karel-gott-to-je-neprekonatelny-bozsky-kaja\\\/#breadcrumb\"},\"inLanguage\":\"fi\",\"potentialAction\":[{\"@type\":\"ReadAction\",\"target\":[\"https:\\\/\\\/regbu.com\\\/karel-gott-to-je-neprekonatelny-bozsky-kaja\\\/\"]}]},{\"@type\":\"ImageObject\",\"inLanguage\":\"fi\",\"@id\":\"https:\\\/\\\/regbu.com\\\/karel-gott-to-je-neprekonatelny-bozsky-kaja\\\/#primaryimage\",\"url\":\"https:\\\/\\\/regbu.com\\\/wp-content\\\/uploads\\\/2022\\\/01\\\/karel-gott-to-je-neprekonatelny-bozsky-kaja.jpg\",\"contentUrl\":\"https:\\\/\\\/regbu.com\\\/wp-content\\\/uploads\\\/2022\\\/01\\\/karel-gott-to-je-neprekonatelny-bozsky-kaja.jpg\",\"width\":1200,\"height\":678,\"caption\":\"Karel Gott \u2013 To je nep\u0159ekonateln\u00fd Bo\u017esk\u00fd K\u00e1ja\"},{\"@type\":\"BreadcrumbList\",\"@id\":\"https:\\\/\\\/regbu.com\\\/karel-gott-to-je-neprekonatelny-bozsky-kaja\\\/#breadcrumb\",\"itemListElement\":[{\"@type\":\"ListItem\",\"position\":1,\"name\":\"Home\",\"item\":\"https:\\\/\\\/regbu.com\\\/en\\\/\"},{\"@type\":\"ListItem\",\"position\":2,\"name\":\"Karel Gott \u2013 To je nep\u0159ekonateln\u00fd Bo\u017esk\u00fd K\u00e1ja\"}]},{\"@type\":\"WebSite\",\"@id\":\"https:\\\/\\\/regbu.com\\\/en\\\/#website\",\"url\":\"https:\\\/\\\/regbu.com\\\/en\\\/\",\"name\":\"REGBU.COM\",\"description\":\"\",\"potentialAction\":[{\"@type\":\"SearchAction\",\"target\":{\"@type\":\"EntryPoint\",\"urlTemplate\":\"https:\\\/\\\/regbu.com\\\/en\\\/?s={search_term_string}\"},\"query-input\":{\"@type\":\"PropertyValueSpecification\",\"valueRequired\":true,\"valueName\":\"search_term_string\"}}],\"inLanguage\":\"fi\"},{\"@type\":\"Person\",\"@id\":\"https:\\\/\\\/regbu.com\\\/en\\\/#\\\/schema\\\/person\\\/94ea9deda2629771b8a9ced002f6784e\",\"name\":\"George Martin\",\"url\":\"https:\\\/\\\/regbu.com\\\/fi\\\/author\\\/george-martin\\\/\"}]}<\/script>\n<!-- \/ Yoast SEO plugin. -->","yoast_head_json":{"title":"Karel Gott - T\u00e4m\u00e4 on ylitt\u00e4m\u00e4t\u00f6n jumalallinen Kaja - REGBU.COM","description":"Kuka oli kaikkien aikojen paras t\u0161ekkilaulaja? Se oli Karel Gott, jonka laulut ovat ikuisia. Tutustu h\u00e4nen el\u00e4m\u00e4\u00e4ns\u00e4 pienint\u00e4 yksityiskohtaa my\u00f6ten.","robots":{"index":"index","follow":"follow","max-snippet":"max-snippet:-1","max-image-preview":"max-image-preview:large","max-video-preview":"max-video-preview:-1"},"canonical":"https:\/\/regbu.com\/fi\/karel-tulee-voittamattomaksi-jumala-kaja\/","og_locale":"fi_FI","og_type":"article","og_title":"Karel Gott \u2013 To je nep\u0159ekonateln\u00fd Bo\u017esk\u00fd K\u00e1ja - REGBU.COM","og_description":"Kdo byl v \u010desku nejlep\u0161\u00edm zp\u011bv\u00e1kem v\u0161ech dob? Byl to Karel Gott, jeho\u017e p\u00edsn\u011b jsou v\u011b\u010dn\u00e9. Poznejte jeho \u017eivot do nejmen\u0161\u00edho detailu.","og_url":"https:\/\/regbu.com\/fi\/karel-tulee-voittamattomaksi-jumala-kaja\/","og_site_name":"REGBU.COM","article_published_time":"2022-01-04T07:06:22+00:00","article_modified_time":"2025-09-05T05:43:08+00:00","og_image":[{"width":1200,"height":678,"url":"https:\/\/regbu.com\/wp-content\/uploads\/2022\/01\/karel-gott-to-je-neprekonatelny-bozsky-kaja.jpg","type":"image\/jpeg"}],"author":"George Martin","twitter_card":"summary_large_image","twitter_misc":{"Kirjoittanut":"George Martin","Arvioitu lukuaika":"2 minuuttia"},"schema":{"@context":"https:\/\/schema.org","@graph":[{"@type":"Article","@id":"https:\/\/regbu.com\/karel-gott-to-je-neprekonatelny-bozsky-kaja\/#article","isPartOf":{"@id":"https:\/\/regbu.com\/karel-gott-to-je-neprekonatelny-bozsky-kaja\/"},"author":{"name":"George Martin","@id":"https:\/\/regbu.com\/en\/#\/schema\/person\/94ea9deda2629771b8a9ced002f6784e"},"headline":"Karel Gott \u2013 To je nep\u0159ekonateln\u00fd Bo\u017esk\u00fd K\u00e1ja","datePublished":"2022-01-04T07:06:22+00:00","dateModified":"2025-09-05T05:43:08+00:00","mainEntityOfPage":{"@id":"https:\/\/regbu.com\/karel-gott-to-je-neprekonatelny-bozsky-kaja\/"},"wordCount":455,"image":{"@id":"https:\/\/regbu.com\/karel-gott-to-je-neprekonatelny-bozsky-kaja\/#primaryimage"},"thumbnailUrl":"https:\/\/regbu.com\/wp-content\/uploads\/2022\/01\/karel-gott-to-je-neprekonatelny-bozsky-kaja.jpg","keywords":["Bo\u017esk\u00fd K\u00e1ja","\u010desk\u00fd slav\u00edk","Gott","hudebn\u00edk","Karel Gott","sinatra v\u00fdchodu","tenor","um\u011blec","Zlat\u00fd slav\u00edk","zp\u011bv\u00e1k"],"articleSection":["Hudba"],"inLanguage":"fi"},{"@type":"WebPage","@id":"https:\/\/regbu.com\/karel-gott-to-je-neprekonatelny-bozsky-kaja\/","url":"https:\/\/regbu.com\/karel-gott-to-je-neprekonatelny-bozsky-kaja\/","name":"Karel Gott - T\u00e4m\u00e4 on ylitt\u00e4m\u00e4t\u00f6n jumalallinen Kaja - REGBU.COM","isPartOf":{"@id":"https:\/\/regbu.com\/en\/#website"},"primaryImageOfPage":{"@id":"https:\/\/regbu.com\/karel-gott-to-je-neprekonatelny-bozsky-kaja\/#primaryimage"},"image":{"@id":"https:\/\/regbu.com\/karel-gott-to-je-neprekonatelny-bozsky-kaja\/#primaryimage"},"thumbnailUrl":"https:\/\/regbu.com\/wp-content\/uploads\/2022\/01\/karel-gott-to-je-neprekonatelny-bozsky-kaja.jpg","datePublished":"2022-01-04T07:06:22+00:00","dateModified":"2025-09-05T05:43:08+00:00","author":{"@id":"https:\/\/regbu.com\/en\/#\/schema\/person\/94ea9deda2629771b8a9ced002f6784e"},"description":"Kuka oli kaikkien aikojen paras t\u0161ekkilaulaja? Se oli Karel Gott, jonka laulut ovat ikuisia. Tutustu h\u00e4nen el\u00e4m\u00e4\u00e4ns\u00e4 pienint\u00e4 yksityiskohtaa my\u00f6ten.","breadcrumb":{"@id":"https:\/\/regbu.com\/karel-gott-to-je-neprekonatelny-bozsky-kaja\/#breadcrumb"},"inLanguage":"fi","potentialAction":[{"@type":"ReadAction","target":["https:\/\/regbu.com\/karel-gott-to-je-neprekonatelny-bozsky-kaja\/"]}]},{"@type":"ImageObject","inLanguage":"fi","@id":"https:\/\/regbu.com\/karel-gott-to-je-neprekonatelny-bozsky-kaja\/#primaryimage","url":"https:\/\/regbu.com\/wp-content\/uploads\/2022\/01\/karel-gott-to-je-neprekonatelny-bozsky-kaja.jpg","contentUrl":"https:\/\/regbu.com\/wp-content\/uploads\/2022\/01\/karel-gott-to-je-neprekonatelny-bozsky-kaja.jpg","width":1200,"height":678,"caption":"Karel Gott \u2013 To je nep\u0159ekonateln\u00fd Bo\u017esk\u00fd K\u00e1ja"},{"@type":"BreadcrumbList","@id":"https:\/\/regbu.com\/karel-gott-to-je-neprekonatelny-bozsky-kaja\/#breadcrumb","itemListElement":[{"@type":"ListItem","position":1,"name":"Home","item":"https:\/\/regbu.com\/en\/"},{"@type":"ListItem","position":2,"name":"Karel Gott \u2013 To je nep\u0159ekonateln\u00fd Bo\u017esk\u00fd K\u00e1ja"}]},{"@type":"WebSite","@id":"https:\/\/regbu.com\/en\/#website","url":"https:\/\/regbu.com\/en\/","name":"REGBU.COM","description":"","potentialAction":[{"@type":"SearchAction","target":{"@type":"EntryPoint","urlTemplate":"https:\/\/regbu.com\/en\/?s={search_term_string}"},"query-input":{"@type":"PropertyValueSpecification","valueRequired":true,"valueName":"search_term_string"}}],"inLanguage":"fi"},{"@type":"Person","@id":"https:\/\/regbu.com\/en\/#\/schema\/person\/94ea9deda2629771b8a9ced002f6784e","name":"George Martin","url":"https:\/\/regbu.com\/fi\/author\/george-martin\/"}]}},"_links":{"self":[{"href":"https:\/\/regbu.com\/fi\/wp-json\/wp\/v2\/posts\/129","targetHints":{"allow":["GET"]}}],"collection":[{"href":"https:\/\/regbu.com\/fi\/wp-json\/wp\/v2\/posts"}],"about":[{"href":"https:\/\/regbu.com\/fi\/wp-json\/wp\/v2\/types\/post"}],"author":[{"embeddable":true,"href":"https:\/\/regbu.com\/fi\/wp-json\/wp\/v2\/users\/2"}],"replies":[{"embeddable":true,"href":"https:\/\/regbu.com\/fi\/wp-json\/wp\/v2\/comments?post=129"}],"version-history":[{"count":2,"href":"https:\/\/regbu.com\/fi\/wp-json\/wp\/v2\/posts\/129\/revisions"}],"predecessor-version":[{"id":150,"href":"https:\/\/regbu.com\/fi\/wp-json\/wp\/v2\/posts\/129\/revisions\/150"}],"wp:featuredmedia":[{"embeddable":true,"href":"https:\/\/regbu.com\/fi\/wp-json\/wp\/v2\/media\/130"}],"wp:attachment":[{"href":"https:\/\/regbu.com\/fi\/wp-json\/wp\/v2\/media?parent=129"}],"wp:term":[{"taxonomy":"category","embeddable":true,"href":"https:\/\/regbu.com\/fi\/wp-json\/wp\/v2\/categories?post=129"},{"taxonomy":"post_tag","embeddable":true,"href":"https:\/\/regbu.com\/fi\/wp-json\/wp\/v2\/tags?post=129"}],"curies":[{"name":"wp","href":"https:\/\/api.w.org\/{rel}","templated":true}]}}