{"id":1224,"date":"2023-07-23T16:02:57","date_gmt":"2023-07-23T14:02:57","guid":{"rendered":"https:\/\/regbu.com\/?p=1224"},"modified":"2025-09-05T07:40:47","modified_gmt":"2025-09-05T05:40:47","slug":"styl-bryli-musi-ladit-s-vasim-oblicejem","status":"publish","type":"post","link":"https:\/\/regbu.com\/fi\/style-bryli-must-match-with-your-face\/","title":{"rendered":"Silm\u00e4lasien tyylin on vastattava kasvojasi"},"content":{"rendered":"<p>Voit valita lasien tyylin monien eri asioiden perusteella. Se on v\u00e4h\u00e4n kuin <strong><a href=\"https:\/\/regbu.com\/fi\/kellotyypit-vaatetyypeittain\/\">kellotyypit<\/a><\/strong>jotka voit valita esimerkiksi sosiaalisen tapahtuman mukaan. Silm\u00e4lasien kanssa on hieman erilaista, ett\u00e4 niiden pit\u00e4isi my\u00f6s sopia kasvoihisi. Kaikilla on hieman erilainen muoto ja erilaiset lasit sopivat heille. Vasta sitten keskityt muihin asioihin.<\/p>\n\n\n\n<ul class=\"wp-block-list\">\n<li>Kehysten materiaalien k\u00e4sittely<\/li>\n\n\n\n<li>Silm\u00e4lasien s\u00e4vytys<\/li>\n\n\n\n<li>Sopivien lasien valinta<\/li>\n<\/ul>\n\n\n\n<h2 class=\"wp-block-heading\">Millaiset kasvot sinulla on?<\/h2>\n\n\n\n<p>Jos haluat l\u00f6yt\u00e4\u00e4 itsellesi sopivan lasityylin, ota ensin selv\u00e4\u00e4, <strong>millaiset kasvot sinulla on<\/strong>. T\u00e4h\u00e4n riitt\u00e4\u00e4 yksinkertainen ty\u00f6kalu. Katso peiliin tai ota kuva itsest\u00e4si ja vertaa kasvojasi muihin yhden internetiss\u00e4 olevan mustin mukaan. Sitten voit valita silm\u00e4lasisi.<\/p>\n\n\n\n<figure class=\"wp-block-table\"><table><tbody><tr><td><strong>Kasvojen muoto<\/strong><\/td><td><strong>Lasien tyyli<\/strong><\/td><\/tr><tr><td>Ovaali<\/td><td>L\u00e4hes kaikki muodot<\/td><\/tr><tr><td>Syd\u00e4n<\/td><td>Kissa ja t\u00e4ydet vanteet<\/td><\/tr><tr><td>Py\u00f6re\u00e4<\/td><td>Nelikulmaiset vanteet<\/td><\/tr><tr><td>Pitk\u00e4nomainen<\/td><td>Soikeat ja py\u00f6re\u00e4t lasit<\/td><\/tr><\/tbody><\/table><figcaption class=\"wp-element-caption\">Valitse oikeat silm\u00e4lasit kasvojen muotoasi varten.<\/figcaption><\/figure>\n\n\n\n<p>Jos sinulla on kolmion muotoiset kasvot, sinun kannattaa k\u00e4ytt\u00e4\u00e4 laseja korostamaan kasvojen yl\u00e4osaa. Kokeile leve\u00e4mpi\u00e4 kehyksi\u00e4. Vaihtoehtoisesti kehysten yl\u00e4- ja alaosan v\u00e4liset v\u00e4ris\u00e4vyt ovat yksi vaihtoehto.<\/p>\n\n\n\n<h3 class=\"wp-block-heading\">Silm\u00e4lasien tyyli ihonv\u00e4rin mukaan<\/h3>\n\n\n\n<p>Ihonv\u00e4ri ei tietenk\u00e4\u00e4n kerro mit\u00e4\u00e4n siit\u00e4, mink\u00e4 muotoiset kehykset kannattaa valita. Edell\u00e4 mainittu kasvojen muoto palvelee sinua siin\u00e4 hyvin. <strong>Ihon v\u00e4ri<\/strong> on kuitenkin hy\u00f6dyllinen opas, kun valitaan ihanteellista kehyksen v\u00e4ri\u00e4. Jos olet talvityyppi\u00e4, valitse musta, harmaa, sininen tai valkoinen. Jos v\u00e4risi kuuluu kev\u00e4ttyyppien ryhm\u00e4\u00e4n, vaaleammat kehykset ovat ehdottomasti etusijalla. Pronssi, ruskea ja kulta ovat selke\u00e4 todiste t\u00e4st\u00e4.<\/p>\n\n\n\n<p>Ei pid\u00e4 unohtaa kes\u00e4tyyppej\u00e4, joissa rohkeat v\u00e4rit voittavat. Mit\u00e4 sanoisit violetista, punaisesta, hopeanharmaasta tai sinisen ja harmaan yhdistelm\u00e4st\u00e4? Ent\u00e4 mink\u00e4laiset silm\u00e4lasit syksyisemm\u00e4n ihonv\u00e4rin omaavien naisten kannattaisi valita? T\u00e4ss\u00e4 ei ole mit\u00e4\u00e4n pitk\u00e4\u00e4 keskusteltavaa. Valitse maanl\u00e4heisten v\u00e4rien tie. N\u00e4it\u00e4 ovat <em>tumma<\/em> <em>vihre\u00e4, oranssi, ruskea, mutta my\u00f6s syv\u00e4 vanilja.<\/em>. Jos noudatat edell\u00e4 mainittuja neuvoja, voit vaikuttaa suuresti asuusi silm\u00e4laseilla.<\/p>","protected":false},"excerpt":{"rendered":"<p>Voit valita lasien tyylin monien eri asioiden perusteella. Se on v\u00e4h\u00e4n sama kuin kellotyypit, jotka valitset vaikkapa sosiaalisen tapahtuman perusteella. Silm\u00e4lasien kanssa asia on hieman erilainen, sill\u00e4 niiden pit\u00e4isi my\u00f6s sopia kasvoihisi. Kaikilla on hieman erilainen muoto, ja erilaiset lasit sopivat siihen. Vasta sitten ... <\/p>","protected":false},"author":2,"featured_media":1225,"comment_status":"closed","ping_status":"closed","sticky":false,"template":"","format":"standard","meta":{"footnotes":""},"categories":[671],"tags":[740,1068,1437,979,1436,1433,981,1438,1431,1434,993,1435],"class_list":["post-1224","post","type-post","status-publish","format-standard","has-post-thumbnail","hentry","category-moda","tag-barva","tag-bryle","tag-kulaty","tag-oblicej","tag-obroucek","tag-obroucky","tag-ovalny","tag-srdce","tag-styl-bryli","tag-tvar","tag-tvar-obliceje","tag-zabarveni"],"yoast_head":"<!-- This site is optimized with the Yoast SEO plugin v27.5 - https:\/\/yoast.com\/product\/yoast-seo-wordpress\/ -->\n<title>Styl br\u00fdl\u00ed mus\u00ed ladit s Va\u0161\u00edm obli\u010dejem - REGBU.COM<\/title>\n<meta name=\"description\" content=\"Styl br\u00fdl\u00ed je nekone\u010dnou z\u00e1le\u017eitost\u00ed. Zjist\u011bte, jak\u00e9 obrou\u010dky V\u00e1m padnou jako ulit\u00e9 pr\u00e1v\u011b na z\u00e1klad\u011b tvaru obli\u010deje.\" \/>\n<meta name=\"robots\" content=\"index, follow, max-snippet:-1, max-image-preview:large, max-video-preview:-1\" \/>\n<link rel=\"canonical\" href=\"https:\/\/regbu.com\/fi\/style-bryli-must-match-with-your-face\/\" \/>\n<meta property=\"og:locale\" content=\"fi_FI\" \/>\n<meta property=\"og:type\" content=\"article\" \/>\n<meta property=\"og:title\" content=\"Styl br\u00fdl\u00ed mus\u00ed ladit s Va\u0161\u00edm obli\u010dejem - REGBU.COM\" \/>\n<meta property=\"og:description\" content=\"Styl br\u00fdl\u00ed je nekone\u010dnou z\u00e1le\u017eitost\u00ed. Zjist\u011bte, jak\u00e9 obrou\u010dky V\u00e1m padnou jako ulit\u00e9 pr\u00e1v\u011b na z\u00e1klad\u011b tvaru obli\u010deje.\" \/>\n<meta property=\"og:url\" content=\"https:\/\/regbu.com\/fi\/style-bryli-must-match-with-your-face\/\" \/>\n<meta property=\"og:site_name\" content=\"REGBU.COM\" \/>\n<meta property=\"article:published_time\" content=\"2023-07-23T14:02:57+00:00\" \/>\n<meta property=\"article:modified_time\" content=\"2025-09-05T05:40:47+00:00\" \/>\n<meta property=\"og:image\" content=\"https:\/\/regbu.com\/wp-content\/uploads\/2023\/07\/styl-bryly-musi-ladit-s-vasim-oblicejem.jpg\" \/>\n\t<meta property=\"og:image:width\" content=\"1200\" \/>\n\t<meta property=\"og:image:height\" content=\"679\" \/>\n\t<meta property=\"og:image:type\" content=\"image\/jpeg\" \/>\n<meta name=\"author\" content=\"George Martin\" \/>\n<meta name=\"twitter:card\" content=\"summary_large_image\" \/>\n<meta name=\"twitter:label1\" content=\"Kirjoittanut\" \/>\n\t<meta name=\"twitter:data1\" content=\"George Martin\" \/>\n\t<meta name=\"twitter:label2\" content=\"Arvioitu lukuaika\" \/>\n\t<meta name=\"twitter:data2\" content=\"2 minuuttia\" \/>\n<script type=\"application\/ld+json\" class=\"yoast-schema-graph\">{\"@context\":\"https:\\\/\\\/schema.org\",\"@graph\":[{\"@type\":\"Article\",\"@id\":\"https:\\\/\\\/regbu.com\\\/fi\\\/style-bryli-must-match-with-your-face\\\/#article\",\"isPartOf\":{\"@id\":\"https:\\\/\\\/regbu.com\\\/fi\\\/style-bryli-must-match-with-your-face\\\/\"},\"author\":{\"name\":\"George Martin\",\"@id\":\"https:\\\/\\\/regbu.com\\\/en\\\/#\\\/schema\\\/person\\\/94ea9deda2629771b8a9ced002f6784e\"},\"headline\":\"Styl br\u00fdl\u00ed mus\u00ed ladit s Va\u0161\u00edm obli\u010dejem\",\"datePublished\":\"2023-07-23T14:02:57+00:00\",\"dateModified\":\"2025-09-05T05:40:47+00:00\",\"mainEntityOfPage\":{\"@id\":\"https:\\\/\\\/regbu.com\\\/fi\\\/style-bryli-must-match-with-your-face\\\/\"},\"wordCount\":455,\"image\":{\"@id\":\"https:\\\/\\\/regbu.com\\\/fi\\\/style-bryli-must-match-with-your-face\\\/#primaryimage\"},\"thumbnailUrl\":\"https:\\\/\\\/regbu.com\\\/wp-content\\\/uploads\\\/2023\\\/07\\\/styl-bryly-musi-ladit-s-vasim-oblicejem.jpg\",\"keywords\":[\"barva\",\"br\u00fdle\",\"kulat\u00fd\",\"obli\u010dej\",\"obrou\u010dek\",\"obrou\u010dky\",\"ov\u00e1ln\u00fd\",\"srdce\",\"styl br\u00fdl\u00ed\",\"tvar\",\"tvar obli\u010deje\",\"zabarven\u00ed\"],\"articleSection\":[\"M\u00f3da\"],\"inLanguage\":\"fi\"},{\"@type\":\"WebPage\",\"@id\":\"https:\\\/\\\/regbu.com\\\/fi\\\/style-bryli-must-match-with-your-face\\\/\",\"url\":\"https:\\\/\\\/regbu.com\\\/fi\\\/style-bryli-must-match-with-your-face\\\/\",\"name\":\"Styl br\u00fdl\u00ed mus\u00ed ladit s Va\u0161\u00edm obli\u010dejem - REGBU.COM\",\"isPartOf\":{\"@id\":\"https:\\\/\\\/regbu.com\\\/en\\\/#website\"},\"primaryImageOfPage\":{\"@id\":\"https:\\\/\\\/regbu.com\\\/fi\\\/style-bryli-must-match-with-your-face\\\/#primaryimage\"},\"image\":{\"@id\":\"https:\\\/\\\/regbu.com\\\/fi\\\/style-bryli-must-match-with-your-face\\\/#primaryimage\"},\"thumbnailUrl\":\"https:\\\/\\\/regbu.com\\\/wp-content\\\/uploads\\\/2023\\\/07\\\/styl-bryly-musi-ladit-s-vasim-oblicejem.jpg\",\"datePublished\":\"2023-07-23T14:02:57+00:00\",\"dateModified\":\"2025-09-05T05:40:47+00:00\",\"author\":{\"@id\":\"https:\\\/\\\/regbu.com\\\/en\\\/#\\\/schema\\\/person\\\/94ea9deda2629771b8a9ced002f6784e\"},\"description\":\"Styl br\u00fdl\u00ed je nekone\u010dnou z\u00e1le\u017eitost\u00ed. Zjist\u011bte, jak\u00e9 obrou\u010dky V\u00e1m padnou jako ulit\u00e9 pr\u00e1v\u011b na z\u00e1klad\u011b tvaru obli\u010deje.\",\"breadcrumb\":{\"@id\":\"https:\\\/\\\/regbu.com\\\/fi\\\/style-bryli-must-match-with-your-face\\\/#breadcrumb\"},\"inLanguage\":\"fi\",\"potentialAction\":[{\"@type\":\"ReadAction\",\"target\":[\"https:\\\/\\\/regbu.com\\\/fi\\\/style-bryli-must-match-with-your-face\\\/\"]}]},{\"@type\":\"ImageObject\",\"inLanguage\":\"fi\",\"@id\":\"https:\\\/\\\/regbu.com\\\/fi\\\/style-bryli-must-match-with-your-face\\\/#primaryimage\",\"url\":\"https:\\\/\\\/regbu.com\\\/wp-content\\\/uploads\\\/2023\\\/07\\\/styl-bryly-musi-ladit-s-vasim-oblicejem.jpg\",\"contentUrl\":\"https:\\\/\\\/regbu.com\\\/wp-content\\\/uploads\\\/2023\\\/07\\\/styl-bryly-musi-ladit-s-vasim-oblicejem.jpg\",\"width\":1200,\"height\":679,\"caption\":\"Styl br\u00fdl\u00ed mus\u00ed ladit s Va\u0161\u00edm obli\u010dejem\"},{\"@type\":\"BreadcrumbList\",\"@id\":\"https:\\\/\\\/regbu.com\\\/fi\\\/style-bryli-must-match-with-your-face\\\/#breadcrumb\",\"itemListElement\":[{\"@type\":\"ListItem\",\"position\":1,\"name\":\"Home\",\"item\":\"https:\\\/\\\/regbu.com\\\/en\\\/\"},{\"@type\":\"ListItem\",\"position\":2,\"name\":\"Styl br\u00fdl\u00ed mus\u00ed ladit s Va\u0161\u00edm obli\u010dejem\"}]},{\"@type\":\"WebSite\",\"@id\":\"https:\\\/\\\/regbu.com\\\/en\\\/#website\",\"url\":\"https:\\\/\\\/regbu.com\\\/en\\\/\",\"name\":\"REGBU.COM\",\"description\":\"\",\"potentialAction\":[{\"@type\":\"SearchAction\",\"target\":{\"@type\":\"EntryPoint\",\"urlTemplate\":\"https:\\\/\\\/regbu.com\\\/en\\\/?s={search_term_string}\"},\"query-input\":{\"@type\":\"PropertyValueSpecification\",\"valueRequired\":true,\"valueName\":\"search_term_string\"}}],\"inLanguage\":\"fi\"},{\"@type\":\"Person\",\"@id\":\"https:\\\/\\\/regbu.com\\\/en\\\/#\\\/schema\\\/person\\\/94ea9deda2629771b8a9ced002f6784e\",\"name\":\"George Martin\",\"url\":\"https:\\\/\\\/regbu.com\\\/fi\\\/author\\\/george-martin\\\/\"}]}<\/script>\n<!-- \/ Yoast SEO plugin. -->","yoast_head_json":{"title":"Silm\u00e4lasien tyylin on vastattava kasvojasi - REGBU.COM","description":"Lasien tyyli on loputon asia. Selvit\u00e4, mitk\u00e4 kehykset sopivat sinulle kuin nen\u00e4 p\u00e4\u00e4h\u00e4n kasvojen muotojesi perusteella.","robots":{"index":"index","follow":"follow","max-snippet":"max-snippet:-1","max-image-preview":"max-image-preview:large","max-video-preview":"max-video-preview:-1"},"canonical":"https:\/\/regbu.com\/fi\/style-bryli-must-match-with-your-face\/","og_locale":"fi_FI","og_type":"article","og_title":"Styl br\u00fdl\u00ed mus\u00ed ladit s Va\u0161\u00edm obli\u010dejem - REGBU.COM","og_description":"Styl br\u00fdl\u00ed je nekone\u010dnou z\u00e1le\u017eitost\u00ed. Zjist\u011bte, jak\u00e9 obrou\u010dky V\u00e1m padnou jako ulit\u00e9 pr\u00e1v\u011b na z\u00e1klad\u011b tvaru obli\u010deje.","og_url":"https:\/\/regbu.com\/fi\/style-bryli-must-match-with-your-face\/","og_site_name":"REGBU.COM","article_published_time":"2023-07-23T14:02:57+00:00","article_modified_time":"2025-09-05T05:40:47+00:00","og_image":[{"width":1200,"height":679,"url":"https:\/\/regbu.com\/wp-content\/uploads\/2023\/07\/styl-bryly-musi-ladit-s-vasim-oblicejem.jpg","type":"image\/jpeg"}],"author":"George Martin","twitter_card":"summary_large_image","twitter_misc":{"Kirjoittanut":"George Martin","Arvioitu lukuaika":"2 minuuttia"},"schema":{"@context":"https:\/\/schema.org","@graph":[{"@type":"Article","@id":"https:\/\/regbu.com\/fi\/style-bryli-must-match-with-your-face\/#article","isPartOf":{"@id":"https:\/\/regbu.com\/fi\/style-bryli-must-match-with-your-face\/"},"author":{"name":"George Martin","@id":"https:\/\/regbu.com\/en\/#\/schema\/person\/94ea9deda2629771b8a9ced002f6784e"},"headline":"Styl br\u00fdl\u00ed mus\u00ed ladit s Va\u0161\u00edm obli\u010dejem","datePublished":"2023-07-23T14:02:57+00:00","dateModified":"2025-09-05T05:40:47+00:00","mainEntityOfPage":{"@id":"https:\/\/regbu.com\/fi\/style-bryli-must-match-with-your-face\/"},"wordCount":455,"image":{"@id":"https:\/\/regbu.com\/fi\/style-bryli-must-match-with-your-face\/#primaryimage"},"thumbnailUrl":"https:\/\/regbu.com\/wp-content\/uploads\/2023\/07\/styl-bryly-musi-ladit-s-vasim-oblicejem.jpg","keywords":["barva","br\u00fdle","kulat\u00fd","obli\u010dej","obrou\u010dek","obrou\u010dky","ov\u00e1ln\u00fd","srdce","styl br\u00fdl\u00ed","tvar","tvar obli\u010deje","zabarven\u00ed"],"articleSection":["M\u00f3da"],"inLanguage":"fi"},{"@type":"WebPage","@id":"https:\/\/regbu.com\/fi\/style-bryli-must-match-with-your-face\/","url":"https:\/\/regbu.com\/fi\/style-bryli-must-match-with-your-face\/","name":"Silm\u00e4lasien tyylin on vastattava kasvojasi - REGBU.COM","isPartOf":{"@id":"https:\/\/regbu.com\/en\/#website"},"primaryImageOfPage":{"@id":"https:\/\/regbu.com\/fi\/style-bryli-must-match-with-your-face\/#primaryimage"},"image":{"@id":"https:\/\/regbu.com\/fi\/style-bryli-must-match-with-your-face\/#primaryimage"},"thumbnailUrl":"https:\/\/regbu.com\/wp-content\/uploads\/2023\/07\/styl-bryly-musi-ladit-s-vasim-oblicejem.jpg","datePublished":"2023-07-23T14:02:57+00:00","dateModified":"2025-09-05T05:40:47+00:00","author":{"@id":"https:\/\/regbu.com\/en\/#\/schema\/person\/94ea9deda2629771b8a9ced002f6784e"},"description":"Lasien tyyli on loputon asia. Selvit\u00e4, mitk\u00e4 kehykset sopivat sinulle kuin nen\u00e4 p\u00e4\u00e4h\u00e4n kasvojen muotojesi perusteella.","breadcrumb":{"@id":"https:\/\/regbu.com\/fi\/style-bryli-must-match-with-your-face\/#breadcrumb"},"inLanguage":"fi","potentialAction":[{"@type":"ReadAction","target":["https:\/\/regbu.com\/fi\/style-bryli-must-match-with-your-face\/"]}]},{"@type":"ImageObject","inLanguage":"fi","@id":"https:\/\/regbu.com\/fi\/style-bryli-must-match-with-your-face\/#primaryimage","url":"https:\/\/regbu.com\/wp-content\/uploads\/2023\/07\/styl-bryly-musi-ladit-s-vasim-oblicejem.jpg","contentUrl":"https:\/\/regbu.com\/wp-content\/uploads\/2023\/07\/styl-bryly-musi-ladit-s-vasim-oblicejem.jpg","width":1200,"height":679,"caption":"Styl br\u00fdl\u00ed mus\u00ed ladit s Va\u0161\u00edm obli\u010dejem"},{"@type":"BreadcrumbList","@id":"https:\/\/regbu.com\/fi\/style-bryli-must-match-with-your-face\/#breadcrumb","itemListElement":[{"@type":"ListItem","position":1,"name":"Home","item":"https:\/\/regbu.com\/en\/"},{"@type":"ListItem","position":2,"name":"Styl br\u00fdl\u00ed mus\u00ed ladit s Va\u0161\u00edm obli\u010dejem"}]},{"@type":"WebSite","@id":"https:\/\/regbu.com\/en\/#website","url":"https:\/\/regbu.com\/en\/","name":"REGBU.COM","description":"","potentialAction":[{"@type":"SearchAction","target":{"@type":"EntryPoint","urlTemplate":"https:\/\/regbu.com\/en\/?s={search_term_string}"},"query-input":{"@type":"PropertyValueSpecification","valueRequired":true,"valueName":"search_term_string"}}],"inLanguage":"fi"},{"@type":"Person","@id":"https:\/\/regbu.com\/en\/#\/schema\/person\/94ea9deda2629771b8a9ced002f6784e","name":"George Martin","url":"https:\/\/regbu.com\/fi\/author\/george-martin\/"}]}},"_links":{"self":[{"href":"https:\/\/regbu.com\/fi\/wp-json\/wp\/v2\/posts\/1224","targetHints":{"allow":["GET"]}}],"collection":[{"href":"https:\/\/regbu.com\/fi\/wp-json\/wp\/v2\/posts"}],"about":[{"href":"https:\/\/regbu.com\/fi\/wp-json\/wp\/v2\/types\/post"}],"author":[{"embeddable":true,"href":"https:\/\/regbu.com\/fi\/wp-json\/wp\/v2\/users\/2"}],"replies":[{"embeddable":true,"href":"https:\/\/regbu.com\/fi\/wp-json\/wp\/v2\/comments?post=1224"}],"version-history":[{"count":2,"href":"https:\/\/regbu.com\/fi\/wp-json\/wp\/v2\/posts\/1224\/revisions"}],"predecessor-version":[{"id":1233,"href":"https:\/\/regbu.com\/fi\/wp-json\/wp\/v2\/posts\/1224\/revisions\/1233"}],"wp:featuredmedia":[{"embeddable":true,"href":"https:\/\/regbu.com\/fi\/wp-json\/wp\/v2\/media\/1225"}],"wp:attachment":[{"href":"https:\/\/regbu.com\/fi\/wp-json\/wp\/v2\/media?parent=1224"}],"wp:term":[{"taxonomy":"category","embeddable":true,"href":"https:\/\/regbu.com\/fi\/wp-json\/wp\/v2\/categories?post=1224"},{"taxonomy":"post_tag","embeddable":true,"href":"https:\/\/regbu.com\/fi\/wp-json\/wp\/v2\/tags?post=1224"}],"curies":[{"name":"wp","href":"https:\/\/api.w.org\/{rel}","templated":true}]}}