{"id":993,"date":"2023-07-10T16:36:29","date_gmt":"2023-07-10T14:36:29","guid":{"rendered":"https:\/\/regbu.com\/?p=993"},"modified":"2025-09-05T07:41:25","modified_gmt":"2025-09-05T05:41:25","slug":"cepice-jako-skvely-modni-doplnek","status":"publish","type":"post","link":"https:\/\/regbu.com\/et\/mutsid-kui-koored-moodiaccessoire\/","title":{"rendered":"M\u00fctsid kui suurep\u00e4rane moeaksessuaar"},"content":{"rendered":"<p>M\u00fcts on riietuse lahutamatu osa. Kindlasti ei l\u00e4he see kokku <strong><a href=\"https:\/\/regbu.com\/et\/social-suit-select-now\/\">ametlikule \u00fclikonnale<\/a><\/strong>, kuid seda saab kasutada paljudes muudes olukordades. Nagu teistelgi riietel, on ka sellel topsil mitu varianti. Tutvustame teile m\u00f5nda neist l\u00e4hemalt. Samuti \u00fctleme teile, millist m\u00fctsi valida vastavalt teie n\u00e4okujule.<\/p>\n\n\n\n<ul class=\"wp-block-list\">\n<li>Baret<\/li>\n\n\n\n<li>M\u00fctsike<\/li>\n\n\n\n<li>Kulich<\/li>\n<\/ul>\n\n\n\n<p>Lisaks nendele p\u00f5hit\u00fc\u00fcpidele v\u00f5ib kohata ka ebat\u00fc\u00fcpilisi m\u00fctse. N\u00e4iteks <strong>chaka, solideo, biretta, papacha ja night cap<\/strong>. See segment sisaldab ka supelm\u00fctsi, kuid te ei kanna seda seltskonnas.<\/p>\n\n\n\n<h2 class=\"wp-block-heading\">Tunne m\u00fctsid A-st Z-ni<\/h2>\n\n\n\n<p>Kindlasti ei ole piiranguid m\u00fctside l\u00f5pliku kujunduse osas. Nende mitmekesine disain aitab kaasa p\u00f5hijagamisele. T\u00fc\u00fcpilised on n\u00e4iteks <strong>mahakukkunud m\u00fctsid<\/strong>mis ei ole t\u00fcnnil niiv\u00f5rd \u00fclespoole kerkinud ja on rohkem tahapoole viidud. Siis on veel eksimatute pompomitega m\u00fctsid, aga ka madalad. Leidub ka klammerduvaid m\u00fctse, barette v\u00f5i visiiriga talvevariante. Ehitatud ja pressitud mudelid on omaette peat\u00fckk.<\/p>\n\n\n\n<h3 class=\"wp-block-heading\">Valik n\u00e4o kuju j\u00e4rgi<\/h3>\n\n\n\n<p>Kui soovite, et teie uus m\u00fctsimudel sobiks teile v\u00f5imalikult h\u00e4sti, <em>valige oma n\u00e4o kuju j\u00e4rgi<\/em>. Iga\u00fcks neist sobib selle \u00fclemise versiooni jaoks. Lisateavet leiate allpool esitatud k\u00fcsimuste ja vastuste abil.<\/p>\n\n\n\n<div class=\"schema-faq wp-block-yoast-faq-block\"><div class=\"schema-faq-section\" id=\"faq-question-1688999629972\"><strong class=\"schema-faq-question\">Millist m\u00fctsi valida ovaalse n\u00e4o puhul?<\/strong> <p class=\"schema-faq-answer\">Seda n\u00e4ot\u00fc\u00fcpi v\u00f5ib nimetada universaalseks ja p\u00f5him\u00f5tteliselt parimaks. V\u00f5ite kasutada mis tahes korki ilma piiranguteta. \u00dches\u00f5naga, mida iganes teile k\u00f5ige rohkem meeldib.<\/p> <\/div> <div class=\"schema-faq-section\" id=\"faq-question-1688999638865\"><strong class=\"schema-faq-question\">Milline on ideaalne m\u00fcts kandilise n\u00e4o jaoks?<\/strong> <p class=\"schema-faq-answer\">Sellisel juhul tuleks valida pigem k\u00f5rged mudelid. K\u00f5rguse saab korvata originaalse tompsuga.<\/p> <\/div> <div class=\"schema-faq-section\" id=\"faq-question-1688999645906\"><strong class=\"schema-faq-question\">Mida panna \u00fcmmargusele n\u00e4ole?<\/strong> <p class=\"schema-faq-answer\">Andke \u00fcmarale n\u00e4ole l\u00f5dvem stiil. Keskendu as\u00fcmmeetrilistele mudelitele, mis lisavad sinu ilu.<\/p> <\/div> <div class=\"schema-faq-section\" id=\"faq-question-1688999653863\"><strong class=\"schema-faq-question\">Kuidas oleks kolmnurkne n\u00e4gu?<\/strong> <p class=\"schema-faq-answer\">Selle n\u00e4o puhul v\u00f5ite toetuda klassikalistele m\u00fctsidele v\u00f5i valida langenud m\u00fctsid.<\/p> <\/div> <div class=\"schema-faq-section\" id=\"faq-question-1688999663780\"><strong class=\"schema-faq-question\">Mida kanda s\u00fcdamekujulise n\u00e4oga?<\/strong> <p class=\"schema-faq-answer\">Siin kehtib enam-v\u00e4hem sama, mis kolmnurkse n\u00e4o puhul. Sa ei pea isegi v\u00e4ltima vanas\u00f5nalisi k\u00f5rvaklappe.<\/p> <\/div> <\/div>","protected":false},"excerpt":{"rendered":"<p>M\u00fcts on riietuse lahutamatu osa. Kindlasti ei sobi see ametliku \u00fclikonnaga, kuid seda saab kasutada paljudes muudes olukordades. Nagu teistelgi riietel, on ka sellel topsil mitu varianti. Tutvustame m\u00f5nda neist l\u00e4hemalt. Samuti \u00fctleme teile, millist m\u00fctsi valida vastavalt teie n\u00e4okujule. Lisaks nendele p\u00f5hilistele m\u00fctsit\u00fc\u00fcpidele v\u00f5ite ... <\/p>","protected":false},"author":2,"featured_media":994,"comment_status":"closed","ping_status":"closed","sticky":false,"template":"","format":"standard","meta":{"footnotes":""},"categories":[671],"tags":[988,992,994,987,989,991,979,990,993,980],"class_list":["post-993","post","type-post","status-publish","format-standard","has-post-thumbnail","hentry","category-moda","tag-baret","tag-bekovka","tag-biret","tag-cepice","tag-ksiltovka","tag-kulich","tag-oblicej","tag-spadle-cepice","tag-tvar-obliceje","tag-typ-obliceje"],"yoast_head":"<!-- This site is optimized with the Yoast SEO plugin v27.4 - https:\/\/yoast.com\/product\/yoast-seo-wordpress\/ -->\n<title>\u010cepice jako skv\u011bl\u00fd m\u00f3dn\u00ed dopln\u011bk - REGBU.COM<\/title>\n<meta name=\"description\" content=\"Nev\u00edte, jak\u00e9 zvolit \u010depice na hlavu? Pak vych\u00e1zejte z tvaru sv\u00e9ho obli\u010deje. Ten V\u00e1m v tomto sm\u011bru hodn\u011b napov\u00ed.\" \/>\n<meta name=\"robots\" content=\"index, follow, max-snippet:-1, max-image-preview:large, max-video-preview:-1\" \/>\n<link rel=\"canonical\" href=\"https:\/\/regbu.com\/et\/mutsid-kui-koored-moodiaccessoire\/\" \/>\n<meta property=\"og:locale\" content=\"et_EE\" \/>\n<meta property=\"og:type\" content=\"article\" \/>\n<meta property=\"og:title\" content=\"\u010cepice jako skv\u011bl\u00fd m\u00f3dn\u00ed dopln\u011bk - REGBU.COM\" \/>\n<meta property=\"og:description\" content=\"Nev\u00edte, jak\u00e9 zvolit \u010depice na hlavu? Pak vych\u00e1zejte z tvaru sv\u00e9ho obli\u010deje. Ten V\u00e1m v tomto sm\u011bru hodn\u011b napov\u00ed.\" \/>\n<meta property=\"og:url\" content=\"https:\/\/regbu.com\/et\/mutsid-kui-koored-moodiaccessoire\/\" \/>\n<meta property=\"og:site_name\" content=\"REGBU.COM\" \/>\n<meta property=\"article:published_time\" content=\"2023-07-10T14:36:29+00:00\" \/>\n<meta property=\"article:modified_time\" content=\"2025-09-05T05:41:25+00:00\" \/>\n<meta property=\"og:image\" content=\"https:\/\/regbu.com\/wp-content\/uploads\/2023\/07\/cepice-jako-skvely-modni-doplnek.jpg\" \/>\n\t<meta property=\"og:image:width\" content=\"1200\" \/>\n\t<meta property=\"og:image:height\" content=\"678\" \/>\n\t<meta property=\"og:image:type\" content=\"image\/jpeg\" \/>\n<meta name=\"author\" content=\"George Martin\" \/>\n<meta name=\"twitter:card\" content=\"summary_large_image\" \/>\n<meta name=\"twitter:label1\" content=\"Written by\" \/>\n\t<meta name=\"twitter:data1\" content=\"George Martin\" \/>\n\t<meta name=\"twitter:label2\" content=\"Est. reading time\" \/>\n\t<meta name=\"twitter:data2\" content=\"2 minutit\" \/>\n<script type=\"application\/ld+json\" class=\"yoast-schema-graph\">{\"@context\":\"https:\\\/\\\/schema.org\",\"@graph\":[{\"@type\":\"Article\",\"@id\":\"https:\\\/\\\/regbu.com\\\/et\\\/mutsid-kui-koored-moodiaccessoire\\\/#article\",\"isPartOf\":{\"@id\":\"https:\\\/\\\/regbu.com\\\/et\\\/mutsid-kui-koored-moodiaccessoire\\\/\"},\"author\":{\"name\":\"George Martin\",\"@id\":\"https:\\\/\\\/regbu.com\\\/en\\\/#\\\/schema\\\/person\\\/94ea9deda2629771b8a9ced002f6784e\"},\"headline\":\"\u010cepice jako skv\u011bl\u00fd m\u00f3dn\u00ed dopln\u011bk\",\"datePublished\":\"2023-07-10T14:36:29+00:00\",\"dateModified\":\"2025-09-05T05:41:25+00:00\",\"mainEntityOfPage\":{\"@id\":\"https:\\\/\\\/regbu.com\\\/et\\\/mutsid-kui-koored-moodiaccessoire\\\/\"},\"wordCount\":451,\"image\":{\"@id\":\"https:\\\/\\\/regbu.com\\\/et\\\/mutsid-kui-koored-moodiaccessoire\\\/#primaryimage\"},\"thumbnailUrl\":\"https:\\\/\\\/regbu.com\\\/wp-content\\\/uploads\\\/2023\\\/07\\\/cepice-jako-skvely-modni-doplnek.jpg\",\"keywords\":[\"baret\",\"bekovka\",\"biret\",\"\u010depice\",\"k\u0161iltovka\",\"kulich\",\"obli\u010dej\",\"spadl\u00e9 \u010depice\",\"tvar obli\u010deje\",\"typ obli\u010deje\"],\"articleSection\":[\"M\u00f3da\"],\"inLanguage\":\"et\"},{\"@type\":[\"WebPage\",\"FAQPage\"],\"@id\":\"https:\\\/\\\/regbu.com\\\/et\\\/mutsid-kui-koored-moodiaccessoire\\\/\",\"url\":\"https:\\\/\\\/regbu.com\\\/et\\\/mutsid-kui-koored-moodiaccessoire\\\/\",\"name\":\"\u010cepice jako skv\u011bl\u00fd m\u00f3dn\u00ed dopln\u011bk - REGBU.COM\",\"isPartOf\":{\"@id\":\"https:\\\/\\\/regbu.com\\\/en\\\/#website\"},\"primaryImageOfPage\":{\"@id\":\"https:\\\/\\\/regbu.com\\\/et\\\/mutsid-kui-koored-moodiaccessoire\\\/#primaryimage\"},\"image\":{\"@id\":\"https:\\\/\\\/regbu.com\\\/et\\\/mutsid-kui-koored-moodiaccessoire\\\/#primaryimage\"},\"thumbnailUrl\":\"https:\\\/\\\/regbu.com\\\/wp-content\\\/uploads\\\/2023\\\/07\\\/cepice-jako-skvely-modni-doplnek.jpg\",\"datePublished\":\"2023-07-10T14:36:29+00:00\",\"dateModified\":\"2025-09-05T05:41:25+00:00\",\"author\":{\"@id\":\"https:\\\/\\\/regbu.com\\\/en\\\/#\\\/schema\\\/person\\\/94ea9deda2629771b8a9ced002f6784e\"},\"description\":\"Nev\u00edte, jak\u00e9 zvolit \u010depice na hlavu? Pak vych\u00e1zejte z tvaru sv\u00e9ho obli\u010deje. Ten V\u00e1m v tomto sm\u011bru hodn\u011b napov\u00ed.\",\"breadcrumb\":{\"@id\":\"https:\\\/\\\/regbu.com\\\/et\\\/mutsid-kui-koored-moodiaccessoire\\\/#breadcrumb\"},\"mainEntity\":[{\"@id\":\"https:\\\/\\\/regbu.com\\\/et\\\/mutsid-kui-koored-moodiaccessoire\\\/#faq-question-1688999629972\"},{\"@id\":\"https:\\\/\\\/regbu.com\\\/et\\\/mutsid-kui-koored-moodiaccessoire\\\/#faq-question-1688999638865\"},{\"@id\":\"https:\\\/\\\/regbu.com\\\/et\\\/mutsid-kui-koored-moodiaccessoire\\\/#faq-question-1688999645906\"},{\"@id\":\"https:\\\/\\\/regbu.com\\\/et\\\/mutsid-kui-koored-moodiaccessoire\\\/#faq-question-1688999653863\"},{\"@id\":\"https:\\\/\\\/regbu.com\\\/et\\\/mutsid-kui-koored-moodiaccessoire\\\/#faq-question-1688999663780\"}],\"inLanguage\":\"et\",\"potentialAction\":[{\"@type\":\"ReadAction\",\"target\":[\"https:\\\/\\\/regbu.com\\\/et\\\/mutsid-kui-koored-moodiaccessoire\\\/\"]}]},{\"@type\":\"ImageObject\",\"inLanguage\":\"et\",\"@id\":\"https:\\\/\\\/regbu.com\\\/et\\\/mutsid-kui-koored-moodiaccessoire\\\/#primaryimage\",\"url\":\"https:\\\/\\\/regbu.com\\\/wp-content\\\/uploads\\\/2023\\\/07\\\/cepice-jako-skvely-modni-doplnek.jpg\",\"contentUrl\":\"https:\\\/\\\/regbu.com\\\/wp-content\\\/uploads\\\/2023\\\/07\\\/cepice-jako-skvely-modni-doplnek.jpg\",\"width\":1200,\"height\":678,\"caption\":\"\u010cepice jako skv\u011bl\u00fd m\u00f3dn\u00ed dopln\u011bk\"},{\"@type\":\"BreadcrumbList\",\"@id\":\"https:\\\/\\\/regbu.com\\\/et\\\/mutsid-kui-koored-moodiaccessoire\\\/#breadcrumb\",\"itemListElement\":[{\"@type\":\"ListItem\",\"position\":1,\"name\":\"Home\",\"item\":\"https:\\\/\\\/regbu.com\\\/en\\\/\"},{\"@type\":\"ListItem\",\"position\":2,\"name\":\"\u010cepice jako skv\u011bl\u00fd m\u00f3dn\u00ed dopln\u011bk\"}]},{\"@type\":\"WebSite\",\"@id\":\"https:\\\/\\\/regbu.com\\\/en\\\/#website\",\"url\":\"https:\\\/\\\/regbu.com\\\/en\\\/\",\"name\":\"REGBU.COM\",\"description\":\"\",\"potentialAction\":[{\"@type\":\"SearchAction\",\"target\":{\"@type\":\"EntryPoint\",\"urlTemplate\":\"https:\\\/\\\/regbu.com\\\/en\\\/?s={search_term_string}\"},\"query-input\":{\"@type\":\"PropertyValueSpecification\",\"valueRequired\":true,\"valueName\":\"search_term_string\"}}],\"inLanguage\":\"et\"},{\"@type\":\"Person\",\"@id\":\"https:\\\/\\\/regbu.com\\\/en\\\/#\\\/schema\\\/person\\\/94ea9deda2629771b8a9ced002f6784e\",\"name\":\"George Martin\",\"url\":\"https:\\\/\\\/regbu.com\\\/et\\\/author\\\/george-martin\\\/\"},{\"@type\":\"Question\",\"@id\":\"https:\\\/\\\/regbu.com\\\/et\\\/mutsid-kui-koored-moodiaccessoire\\\/#faq-question-1688999629972\",\"position\":1,\"url\":\"https:\\\/\\\/regbu.com\\\/et\\\/mutsid-kui-koored-moodiaccessoire\\\/#faq-question-1688999629972\",\"name\":\"Jakou zvolit \u010depici pro ov\u00e1ln\u00fd obli\u010dej?\",\"answerCount\":1,\"acceptedAnswer\":{\"@type\":\"Answer\",\"text\":\"Tento typ obli\u010deje lze ozna\u010dit za univerz\u00e1ln\u00ed a v podstat\u011b nejlep\u0161\u00ed. Pou\u017e\u00edt m\u016f\u017eete libovolnou \u010depku bez jak\u00e9hokoliv omezov\u00e1n\u00ed. Zkr\u00e1tka, co se V\u00e1m l\u00edb\u00ed nejv\u00edce.\",\"inLanguage\":\"et\"},\"inLanguage\":\"et\"},{\"@type\":\"Question\",\"@id\":\"https:\\\/\\\/regbu.com\\\/et\\\/mutsid-kui-koored-moodiaccessoire\\\/#faq-question-1688999638865\",\"position\":2,\"url\":\"https:\\\/\\\/regbu.com\\\/et\\\/mutsid-kui-koored-moodiaccessoire\\\/#faq-question-1688999638865\",\"name\":\"Jak\u00e1 je ide\u00e1ln\u00ed \u010depka pro hranat\u00fd obli\u010dej?\",\"answerCount\":1,\"acceptedAnswer\":{\"@type\":\"Answer\",\"text\":\"V tomto p\u0159\u00edpad\u011b byste m\u011bli zvolit sp\u00ed\u0161e vysok\u00e9 modely. V\u00fd\u0161ku m\u016f\u017eete dohnat origin\u00e1ln\u00ed bambul\u00ed.\",\"inLanguage\":\"et\"},\"inLanguage\":\"et\"},{\"@type\":\"Question\",\"@id\":\"https:\\\/\\\/regbu.com\\\/et\\\/mutsid-kui-koored-moodiaccessoire\\\/#faq-question-1688999645906\",\"position\":3,\"url\":\"https:\\\/\\\/regbu.com\\\/et\\\/mutsid-kui-koored-moodiaccessoire\\\/#faq-question-1688999645906\",\"name\":\"Co si nasadit na kulat\u00fd obli\u010dej?\",\"answerCount\":1,\"acceptedAnswer\":{\"@type\":\"Answer\",\"text\":\"Kulat\u00e9mu obli\u010deji dop\u0159ejte voln\u011bj\u0161\u00ed styl. Zam\u011b\u0159te se na asymetrick\u00e9 modely, kter\u00e9 V\u00e1m dodaj\u00ed na kr\u00e1se.\",\"inLanguage\":\"et\"},\"inLanguage\":\"et\"},{\"@type\":\"Question\",\"@id\":\"https:\\\/\\\/regbu.com\\\/et\\\/mutsid-kui-koored-moodiaccessoire\\\/#faq-question-1688999653863\",\"position\":4,\"url\":\"https:\\\/\\\/regbu.com\\\/et\\\/mutsid-kui-koored-moodiaccessoire\\\/#faq-question-1688999653863\",\"name\":\"Jak je to u troj\u00faheln\u00edkov\u00e9ho obli\u010deje?\",\"answerCount\":1,\"acceptedAnswer\":{\"@type\":\"Answer\",\"text\":\"S t\u00edmto obli\u010dejem se m\u016f\u017eete spolehnout na klasick\u00e9 \u010depice, pop\u0159\u00edpad\u011b zvol\u00edte ty spadl\u00e9.\",\"inLanguage\":\"et\"},\"inLanguage\":\"et\"},{\"@type\":\"Question\",\"@id\":\"https:\\\/\\\/regbu.com\\\/et\\\/mutsid-kui-koored-moodiaccessoire\\\/#faq-question-1688999663780\",\"position\":5,\"url\":\"https:\\\/\\\/regbu.com\\\/et\\\/mutsid-kui-koored-moodiaccessoire\\\/#faq-question-1688999663780\",\"name\":\"Co nosit s obli\u010dejem ve tvaru srdce?\",\"answerCount\":1,\"acceptedAnswer\":{\"@type\":\"Answer\",\"text\":\"Zde plat\u00ed v\u00edcem\u00e9n\u011b to sam\u00e9, jako u troj\u00faheln\u00edkov\u00e9ho obli\u010deje. Vyh\u00fdbat se nemus\u00edte ani pov\u011bstn\u00fdm klapk\u00e1m na u\u0161i.\",\"inLanguage\":\"et\"},\"inLanguage\":\"et\"}]}<\/script>\n<!-- \/ Yoast SEO plugin. -->","yoast_head_json":{"title":"M\u00fctsid kui suurep\u00e4rane moe aksessuaar - REGBU.COM","description":"Ei tea, mida valida m\u00fctsi p\u00e4he? Siis l\u00e4htu oma n\u00e4o kuju j\u00e4rgi. See \u00fctleb teile selles osas palju.","robots":{"index":"index","follow":"follow","max-snippet":"max-snippet:-1","max-image-preview":"max-image-preview:large","max-video-preview":"max-video-preview:-1"},"canonical":"https:\/\/regbu.com\/et\/mutsid-kui-koored-moodiaccessoire\/","og_locale":"et_EE","og_type":"article","og_title":"\u010cepice jako skv\u011bl\u00fd m\u00f3dn\u00ed dopln\u011bk - REGBU.COM","og_description":"Nev\u00edte, jak\u00e9 zvolit \u010depice na hlavu? Pak vych\u00e1zejte z tvaru sv\u00e9ho obli\u010deje. Ten V\u00e1m v tomto sm\u011bru hodn\u011b napov\u00ed.","og_url":"https:\/\/regbu.com\/et\/mutsid-kui-koored-moodiaccessoire\/","og_site_name":"REGBU.COM","article_published_time":"2023-07-10T14:36:29+00:00","article_modified_time":"2025-09-05T05:41:25+00:00","og_image":[{"width":1200,"height":678,"url":"https:\/\/regbu.com\/wp-content\/uploads\/2023\/07\/cepice-jako-skvely-modni-doplnek.jpg","type":"image\/jpeg"}],"author":"George Martin","twitter_card":"summary_large_image","twitter_misc":{"Written by":"George Martin","Est. reading time":"2 minutit"},"schema":{"@context":"https:\/\/schema.org","@graph":[{"@type":"Article","@id":"https:\/\/regbu.com\/et\/mutsid-kui-koored-moodiaccessoire\/#article","isPartOf":{"@id":"https:\/\/regbu.com\/et\/mutsid-kui-koored-moodiaccessoire\/"},"author":{"name":"George Martin","@id":"https:\/\/regbu.com\/en\/#\/schema\/person\/94ea9deda2629771b8a9ced002f6784e"},"headline":"\u010cepice jako skv\u011bl\u00fd m\u00f3dn\u00ed dopln\u011bk","datePublished":"2023-07-10T14:36:29+00:00","dateModified":"2025-09-05T05:41:25+00:00","mainEntityOfPage":{"@id":"https:\/\/regbu.com\/et\/mutsid-kui-koored-moodiaccessoire\/"},"wordCount":451,"image":{"@id":"https:\/\/regbu.com\/et\/mutsid-kui-koored-moodiaccessoire\/#primaryimage"},"thumbnailUrl":"https:\/\/regbu.com\/wp-content\/uploads\/2023\/07\/cepice-jako-skvely-modni-doplnek.jpg","keywords":["baret","bekovka","biret","\u010depice","k\u0161iltovka","kulich","obli\u010dej","spadl\u00e9 \u010depice","tvar obli\u010deje","typ obli\u010deje"],"articleSection":["M\u00f3da"],"inLanguage":"et"},{"@type":["WebPage","FAQPage"],"@id":"https:\/\/regbu.com\/et\/mutsid-kui-koored-moodiaccessoire\/","url":"https:\/\/regbu.com\/et\/mutsid-kui-koored-moodiaccessoire\/","name":"M\u00fctsid kui suurep\u00e4rane moe aksessuaar - REGBU.COM","isPartOf":{"@id":"https:\/\/regbu.com\/en\/#website"},"primaryImageOfPage":{"@id":"https:\/\/regbu.com\/et\/mutsid-kui-koored-moodiaccessoire\/#primaryimage"},"image":{"@id":"https:\/\/regbu.com\/et\/mutsid-kui-koored-moodiaccessoire\/#primaryimage"},"thumbnailUrl":"https:\/\/regbu.com\/wp-content\/uploads\/2023\/07\/cepice-jako-skvely-modni-doplnek.jpg","datePublished":"2023-07-10T14:36:29+00:00","dateModified":"2025-09-05T05:41:25+00:00","author":{"@id":"https:\/\/regbu.com\/en\/#\/schema\/person\/94ea9deda2629771b8a9ced002f6784e"},"description":"Ei tea, mida valida m\u00fctsi p\u00e4he? Siis l\u00e4htu oma n\u00e4o kuju j\u00e4rgi. See \u00fctleb teile selles osas palju.","breadcrumb":{"@id":"https:\/\/regbu.com\/et\/mutsid-kui-koored-moodiaccessoire\/#breadcrumb"},"mainEntity":[{"@id":"https:\/\/regbu.com\/et\/mutsid-kui-koored-moodiaccessoire\/#faq-question-1688999629972"},{"@id":"https:\/\/regbu.com\/et\/mutsid-kui-koored-moodiaccessoire\/#faq-question-1688999638865"},{"@id":"https:\/\/regbu.com\/et\/mutsid-kui-koored-moodiaccessoire\/#faq-question-1688999645906"},{"@id":"https:\/\/regbu.com\/et\/mutsid-kui-koored-moodiaccessoire\/#faq-question-1688999653863"},{"@id":"https:\/\/regbu.com\/et\/mutsid-kui-koored-moodiaccessoire\/#faq-question-1688999663780"}],"inLanguage":"et","potentialAction":[{"@type":"ReadAction","target":["https:\/\/regbu.com\/et\/mutsid-kui-koored-moodiaccessoire\/"]}]},{"@type":"ImageObject","inLanguage":"et","@id":"https:\/\/regbu.com\/et\/mutsid-kui-koored-moodiaccessoire\/#primaryimage","url":"https:\/\/regbu.com\/wp-content\/uploads\/2023\/07\/cepice-jako-skvely-modni-doplnek.jpg","contentUrl":"https:\/\/regbu.com\/wp-content\/uploads\/2023\/07\/cepice-jako-skvely-modni-doplnek.jpg","width":1200,"height":678,"caption":"\u010cepice jako skv\u011bl\u00fd m\u00f3dn\u00ed dopln\u011bk"},{"@type":"BreadcrumbList","@id":"https:\/\/regbu.com\/et\/mutsid-kui-koored-moodiaccessoire\/#breadcrumb","itemListElement":[{"@type":"ListItem","position":1,"name":"Home","item":"https:\/\/regbu.com\/en\/"},{"@type":"ListItem","position":2,"name":"\u010cepice jako skv\u011bl\u00fd m\u00f3dn\u00ed dopln\u011bk"}]},{"@type":"WebSite","@id":"https:\/\/regbu.com\/en\/#website","url":"https:\/\/regbu.com\/en\/","name":"REGBU.COM","description":"","potentialAction":[{"@type":"SearchAction","target":{"@type":"EntryPoint","urlTemplate":"https:\/\/regbu.com\/en\/?s={search_term_string}"},"query-input":{"@type":"PropertyValueSpecification","valueRequired":true,"valueName":"search_term_string"}}],"inLanguage":"et"},{"@type":"Person","@id":"https:\/\/regbu.com\/en\/#\/schema\/person\/94ea9deda2629771b8a9ced002f6784e","name":"George Martin","url":"https:\/\/regbu.com\/et\/author\/george-martin\/"},{"@type":"Question","@id":"https:\/\/regbu.com\/et\/mutsid-kui-koored-moodiaccessoire\/#faq-question-1688999629972","position":1,"url":"https:\/\/regbu.com\/et\/mutsid-kui-koored-moodiaccessoire\/#faq-question-1688999629972","name":"Millist m\u00fctsi valida ovaalse n\u00e4o puhul?","answerCount":1,"acceptedAnswer":{"@type":"Answer","text":"Tento typ obli\u010deje lze ozna\u010dit za univerz\u00e1ln\u00ed a v podstat\u011b nejlep\u0161\u00ed. Pou\u017e\u00edt m\u016f\u017eete libovolnou \u010depku bez jak\u00e9hokoliv omezov\u00e1n\u00ed. Zkr\u00e1tka, co se V\u00e1m l\u00edb\u00ed nejv\u00edce.","inLanguage":"et"},"inLanguage":"et"},{"@type":"Question","@id":"https:\/\/regbu.com\/et\/mutsid-kui-koored-moodiaccessoire\/#faq-question-1688999638865","position":2,"url":"https:\/\/regbu.com\/et\/mutsid-kui-koored-moodiaccessoire\/#faq-question-1688999638865","name":"Milline on ideaalne m\u00fcts kandilise n\u00e4o jaoks?","answerCount":1,"acceptedAnswer":{"@type":"Answer","text":"V tomto p\u0159\u00edpad\u011b byste m\u011bli zvolit sp\u00ed\u0161e vysok\u00e9 modely. V\u00fd\u0161ku m\u016f\u017eete dohnat origin\u00e1ln\u00ed bambul\u00ed.","inLanguage":"et"},"inLanguage":"et"},{"@type":"Question","@id":"https:\/\/regbu.com\/et\/mutsid-kui-koored-moodiaccessoire\/#faq-question-1688999645906","position":3,"url":"https:\/\/regbu.com\/et\/mutsid-kui-koored-moodiaccessoire\/#faq-question-1688999645906","name":"Mida panna \u00fcmmargusele n\u00e4ole?","answerCount":1,"acceptedAnswer":{"@type":"Answer","text":"Kulat\u00e9mu obli\u010deji dop\u0159ejte voln\u011bj\u0161\u00ed styl. Zam\u011b\u0159te se na asymetrick\u00e9 modely, kter\u00e9 V\u00e1m dodaj\u00ed na kr\u00e1se.","inLanguage":"et"},"inLanguage":"et"},{"@type":"Question","@id":"https:\/\/regbu.com\/et\/mutsid-kui-koored-moodiaccessoire\/#faq-question-1688999653863","position":4,"url":"https:\/\/regbu.com\/et\/mutsid-kui-koored-moodiaccessoire\/#faq-question-1688999653863","name":"Kuidas oleks kolmnurkne n\u00e4gu?","answerCount":1,"acceptedAnswer":{"@type":"Answer","text":"S t\u00edmto obli\u010dejem se m\u016f\u017eete spolehnout na klasick\u00e9 \u010depice, pop\u0159\u00edpad\u011b zvol\u00edte ty spadl\u00e9.","inLanguage":"et"},"inLanguage":"et"},{"@type":"Question","@id":"https:\/\/regbu.com\/et\/mutsid-kui-koored-moodiaccessoire\/#faq-question-1688999663780","position":5,"url":"https:\/\/regbu.com\/et\/mutsid-kui-koored-moodiaccessoire\/#faq-question-1688999663780","name":"Mida kanda s\u00fcdamekujulise n\u00e4oga?","answerCount":1,"acceptedAnswer":{"@type":"Answer","text":"Zde plat\u00ed v\u00edcem\u00e9n\u011b to sam\u00e9, jako u troj\u00faheln\u00edkov\u00e9ho obli\u010deje. Vyh\u00fdbat se nemus\u00edte ani pov\u011bstn\u00fdm klapk\u00e1m na u\u0161i.","inLanguage":"et"},"inLanguage":"et"}]}},"_links":{"self":[{"href":"https:\/\/regbu.com\/et\/wp-json\/wp\/v2\/posts\/993","targetHints":{"allow":["GET"]}}],"collection":[{"href":"https:\/\/regbu.com\/et\/wp-json\/wp\/v2\/posts"}],"about":[{"href":"https:\/\/regbu.com\/et\/wp-json\/wp\/v2\/types\/post"}],"author":[{"embeddable":true,"href":"https:\/\/regbu.com\/et\/wp-json\/wp\/v2\/users\/2"}],"replies":[{"embeddable":true,"href":"https:\/\/regbu.com\/et\/wp-json\/wp\/v2\/comments?post=993"}],"version-history":[{"count":2,"href":"https:\/\/regbu.com\/et\/wp-json\/wp\/v2\/posts\/993\/revisions"}],"predecessor-version":[{"id":1006,"href":"https:\/\/regbu.com\/et\/wp-json\/wp\/v2\/posts\/993\/revisions\/1006"}],"wp:featuredmedia":[{"embeddable":true,"href":"https:\/\/regbu.com\/et\/wp-json\/wp\/v2\/media\/994"}],"wp:attachment":[{"href":"https:\/\/regbu.com\/et\/wp-json\/wp\/v2\/media?parent=993"}],"wp:term":[{"taxonomy":"category","embeddable":true,"href":"https:\/\/regbu.com\/et\/wp-json\/wp\/v2\/categories?post=993"},{"taxonomy":"post_tag","embeddable":true,"href":"https:\/\/regbu.com\/et\/wp-json\/wp\/v2\/tags?post=993"}],"curies":[{"name":"wp","href":"https:\/\/api.w.org\/{rel}","templated":true}]}}