{"id":947,"date":"2023-06-21T16:15:32","date_gmt":"2023-06-21T14:15:32","guid":{"rendered":"https:\/\/regbu.com\/?p=947"},"modified":"2025-09-05T07:42:05","modified_gmt":"2025-09-05T05:42:05","slug":"dovolena-v-karavanu-ma-sve-vyhody","status":"publish","type":"post","link":"https:\/\/regbu.com\/et\/haagissuvilapuhkus-voib-ei-ei-ei-ei-ei-ei-ei-ei-ei-ei-ei-ei\/","title":{"rendered":"Karavanipuhkusel on omad eelised"},"content":{"rendered":"<p>Karavanipuhkus v\u00f5imaldab <strong><a href=\"https:\/\/regbu.com\/et\/reisimine-koeraga-vajalik-kindel-ettevalmistus\/\">reisimine koos koeraga<\/a><\/strong> ja toob palju huvitavaid eeliseid. V\u00f5ib-olla just seet\u00f5ttu kalduvad inimesed sageli nende mobiilsete majutuskohtade poole. Karavanide ja matkaautode m\u00fc\u00fck ja rentimine on t\u00f5usuteel, millega v\u00f5ib saada palju erakordseid elamusi.<\/p>\n\n\n\n<ul class=\"wp-block-list\">\n<li>Haagissuvila pukseeritakse s\u00f5iduki taga.<\/li>\n\n\n\n<li>Haagissuvila on auto ja haagissuvila kombinatsioon.<\/li>\n<\/ul>\n\n\n\n<p>Loomulikult on olemas ka teisi, haagissuvilaga sarnaseid alternatiive. T\u00fc\u00fcpiline juhtum on haagissuvilad. Veidi kaugem n\u00e4ide tundub olevat autod, mis v\u00f5imaldavad s\u00f5iduki katusele telki p\u00fcstitada.<\/p>\n\n\n\n<h2 class=\"wp-block-heading\">Miks minna puhkusele haagissuvilaga?<\/h2>\n\n\n\n<p>K\u00fcsimus, millele on v\u00e4ga lihtne vastus. Ennek\u00f5ike on tegemist maksimaalse vabadustundega. Teatud m\u00e4\u00e4ral v\u00f5ite magada seal, kus soovite. Samal ajal ootate <strong>hea annus seiklust<\/strong>. Saate oma sihtkohta ja marsruuti kiiresti muuta. Ebakonventsionaalsed hetked on seega absoluutne garantii. Ja millistes valdkondades konkureerivad haagissuvilad ja matkaautod?<\/p>\n\n\n\n<figure class=\"wp-block-table\"><table><tbody><tr><td><strong>Olukord<\/strong><\/td><td><strong>V\u00f5itja<\/strong><\/td><\/tr><tr><td>S\u00f5ltuvus teisest ainest<\/td><td>Haagissuvila<\/td><\/tr><tr><td>Paremad mugavused<\/td><td>Haagissuvila<\/td><\/tr><tr><td>Madalam hind<\/td><td>Haagissuvila<\/td><\/tr><tr><td>Kontrollitavus<\/td><td>Haagissuvila<\/td><\/tr><\/tbody><\/table><figcaption class=\"wp-element-caption\">V\u00f5rdlus haagissuvilate ja matkaautode kasutamise kohta.<\/figcaption><\/figure>\n\n\n\n<p>Valik haagissuvila ja matkaauto vahel on t\u00e4iesti individuaalne k\u00fcsimus. Oluline on see, et selle reisimisviisi puhul ei pea te j\u00e4\u00e4ma \u00fchte kohta. Ei ole vaja ette broneerida hotelli v\u00f5i midagi sellist. See, kuhu te j\u00f5uate, on see, kuhu te j\u00f5uate, ja seal te ka magate.<\/p>\n\n\n\n<h3 class=\"wp-block-heading\">Karavanipuhkus ja selle eelised<\/h3>\n\n\n\n<p>Kui teid ahvatleb haagissuvila puhkus, siis toome teile muidugi t\u00e4iendava annuse selle reisimisviisi eeliseid. N\u00e4iteks ei pea te muretsema \u00fche v\u00f5i kahe koti kaasa v\u00f5tmise p\u00e4rast. Kas <strong>haagissuvilad ja matkaautod<\/strong> toimub palju. Selline puhkus on ideaalne mitte ainult paaridele, s\u00f5pradele, vaid p\u00f5him\u00f5tteliselt kogu perele. Paljudes riikides \u00fcle maailma saab telkida metsikult, see t\u00e4hendab, kus iganes te peatute.<\/p>\n\n\n\n<p>Loomulikult ei t\u00e4henda haagissuvila puhkus, et peate selle kohe ostma. V\u00f5ite ka rentida, <em>mis on sageli odavam<\/em>kui kui te ja kogu teie pere l\u00e4heksite teatud ajaks \u00fchte kindlasse hotelli. Eluaseme reisimise eelised lihtsalt domineerivad.<\/p>","protected":false},"excerpt":{"rendered":"<p>Karavanipuhkus v\u00f5imaldab teil reisida koos oma koeraga ja pakub palju huvitavaid eeliseid. V\u00f5ib-olla ongi see p\u00f5hjus, miks inimesed sageli nende mobiilsete majutuskohtade poole kalduvad. Karavanide ja matkaautode m\u00fc\u00fck ja rentimine on t\u00f5usuteel ning nendega on v\u00f5imalik saada palju erakordseid elamusi. Loomulikult on olemas ka teisi, haagissuvilaga sarnaseid alternatiive. T\u00fc\u00fcpiline n\u00e4ide on matkaautod. Veidi kaugemal asuv n\u00e4ide ... <\/p>","protected":false},"author":2,"featured_media":949,"comment_status":"closed","ping_status":"closed","sticky":false,"template":"","format":"standard","meta":{"footnotes":""},"categories":[8],"tags":[548,637,922,923,925,924,926,653,927,157],"class_list":["post-947","post","type-post","status-publish","format-standard","has-post-thumbnail","hentry","category-cestovani","tag-cena","tag-cestovani","tag-dovolena-v-karavanu","tag-karavan","tag-karavany","tag-obytny-vuz","tag-pronajem","tag-vozidlo","tag-vybavenost","tag-vyhody"],"yoast_head":"<!-- This site is optimized with the Yoast SEO plugin v27.4 - https:\/\/yoast.com\/product\/yoast-seo-wordpress\/ -->\n<title>Dovolen\u00e1 v\u00a0karavanu m\u00e1 sv\u00e9 v\u00fdhody - REGBU.COM<\/title>\n<meta name=\"description\" content=\"Dovolen\u00e1 v karavanu otev\u00edr\u00e1 zcela nov\u00e9 mo\u017enosti cestov\u00e1n\u00ed. U\u017e\u00edvejte si cestu v trochu jin\u00e9m pod\u00e1n\u00ed, kdy V\u00e1m nebude nic chyb\u011bt.\" \/>\n<meta name=\"robots\" content=\"index, follow, max-snippet:-1, max-image-preview:large, max-video-preview:-1\" \/>\n<link rel=\"canonical\" href=\"https:\/\/regbu.com\/et\/haagissuvilapuhkus-voib-ei-ei-ei-ei-ei-ei-ei-ei-ei-ei-ei-ei\/\" \/>\n<meta property=\"og:locale\" content=\"et_EE\" \/>\n<meta property=\"og:type\" content=\"article\" \/>\n<meta property=\"og:title\" content=\"Dovolen\u00e1 v\u00a0karavanu m\u00e1 sv\u00e9 v\u00fdhody - REGBU.COM\" \/>\n<meta property=\"og:description\" content=\"Dovolen\u00e1 v karavanu otev\u00edr\u00e1 zcela nov\u00e9 mo\u017enosti cestov\u00e1n\u00ed. U\u017e\u00edvejte si cestu v trochu jin\u00e9m pod\u00e1n\u00ed, kdy V\u00e1m nebude nic chyb\u011bt.\" \/>\n<meta property=\"og:url\" content=\"https:\/\/regbu.com\/et\/haagissuvilapuhkus-voib-ei-ei-ei-ei-ei-ei-ei-ei-ei-ei-ei-ei\/\" \/>\n<meta property=\"og:site_name\" content=\"REGBU.COM\" \/>\n<meta property=\"article:published_time\" content=\"2023-06-21T14:15:32+00:00\" \/>\n<meta property=\"article:modified_time\" content=\"2025-09-05T05:42:05+00:00\" \/>\n<meta property=\"og:image\" content=\"https:\/\/regbu.com\/wp-content\/uploads\/2023\/06\/dovolena-v-karavanu-ma-sve-vyhody.jpg\" \/>\n\t<meta property=\"og:image:width\" content=\"1200\" \/>\n\t<meta property=\"og:image:height\" content=\"675\" \/>\n\t<meta property=\"og:image:type\" content=\"image\/jpeg\" \/>\n<meta name=\"author\" content=\"George Martin\" \/>\n<meta name=\"twitter:card\" content=\"summary_large_image\" \/>\n<meta name=\"twitter:label1\" content=\"Written by\" \/>\n\t<meta name=\"twitter:data1\" content=\"George Martin\" \/>\n\t<meta name=\"twitter:label2\" content=\"Est. reading time\" \/>\n\t<meta name=\"twitter:data2\" content=\"2 minutit\" \/>\n<script type=\"application\/ld+json\" class=\"yoast-schema-graph\">{\"@context\":\"https:\\\/\\\/schema.org\",\"@graph\":[{\"@type\":\"Article\",\"@id\":\"https:\\\/\\\/regbu.com\\\/et\\\/haagissuvilapuhkus-voib-ei-ei-ei-ei-ei-ei-ei-ei-ei-ei-ei-ei\\\/#article\",\"isPartOf\":{\"@id\":\"https:\\\/\\\/regbu.com\\\/et\\\/haagissuvilapuhkus-voib-ei-ei-ei-ei-ei-ei-ei-ei-ei-ei-ei-ei\\\/\"},\"author\":{\"name\":\"George Martin\",\"@id\":\"https:\\\/\\\/regbu.com\\\/en\\\/#\\\/schema\\\/person\\\/94ea9deda2629771b8a9ced002f6784e\"},\"headline\":\"Dovolen\u00e1 v\u00a0karavanu m\u00e1 sv\u00e9 v\u00fdhody\",\"datePublished\":\"2023-06-21T14:15:32+00:00\",\"dateModified\":\"2025-09-05T05:42:05+00:00\",\"mainEntityOfPage\":{\"@id\":\"https:\\\/\\\/regbu.com\\\/et\\\/haagissuvilapuhkus-voib-ei-ei-ei-ei-ei-ei-ei-ei-ei-ei-ei-ei\\\/\"},\"wordCount\":459,\"image\":{\"@id\":\"https:\\\/\\\/regbu.com\\\/et\\\/haagissuvilapuhkus-voib-ei-ei-ei-ei-ei-ei-ei-ei-ei-ei-ei-ei\\\/#primaryimage\"},\"thumbnailUrl\":\"https:\\\/\\\/regbu.com\\\/wp-content\\\/uploads\\\/2023\\\/06\\\/dovolena-v-karavanu-ma-sve-vyhody.jpg\",\"keywords\":[\"cena\",\"cestov\u00e1n\u00ed\",\"dovolen\u00e1 v karavanu\",\"karavan\",\"karavany\",\"obytn\u00fd v\u016fz\",\"pron\u00e1jem\",\"vozidlo\",\"vybavenost\",\"v\u00fdhody\"],\"articleSection\":[\"Cestov\u00e1n\u00ed\"],\"inLanguage\":\"et\"},{\"@type\":\"WebPage\",\"@id\":\"https:\\\/\\\/regbu.com\\\/et\\\/haagissuvilapuhkus-voib-ei-ei-ei-ei-ei-ei-ei-ei-ei-ei-ei-ei\\\/\",\"url\":\"https:\\\/\\\/regbu.com\\\/et\\\/haagissuvilapuhkus-voib-ei-ei-ei-ei-ei-ei-ei-ei-ei-ei-ei-ei\\\/\",\"name\":\"Dovolen\u00e1 v\u00a0karavanu m\u00e1 sv\u00e9 v\u00fdhody - REGBU.COM\",\"isPartOf\":{\"@id\":\"https:\\\/\\\/regbu.com\\\/en\\\/#website\"},\"primaryImageOfPage\":{\"@id\":\"https:\\\/\\\/regbu.com\\\/et\\\/haagissuvilapuhkus-voib-ei-ei-ei-ei-ei-ei-ei-ei-ei-ei-ei-ei\\\/#primaryimage\"},\"image\":{\"@id\":\"https:\\\/\\\/regbu.com\\\/et\\\/haagissuvilapuhkus-voib-ei-ei-ei-ei-ei-ei-ei-ei-ei-ei-ei-ei\\\/#primaryimage\"},\"thumbnailUrl\":\"https:\\\/\\\/regbu.com\\\/wp-content\\\/uploads\\\/2023\\\/06\\\/dovolena-v-karavanu-ma-sve-vyhody.jpg\",\"datePublished\":\"2023-06-21T14:15:32+00:00\",\"dateModified\":\"2025-09-05T05:42:05+00:00\",\"author\":{\"@id\":\"https:\\\/\\\/regbu.com\\\/en\\\/#\\\/schema\\\/person\\\/94ea9deda2629771b8a9ced002f6784e\"},\"description\":\"Dovolen\u00e1 v karavanu otev\u00edr\u00e1 zcela nov\u00e9 mo\u017enosti cestov\u00e1n\u00ed. U\u017e\u00edvejte si cestu v trochu jin\u00e9m pod\u00e1n\u00ed, kdy V\u00e1m nebude nic chyb\u011bt.\",\"breadcrumb\":{\"@id\":\"https:\\\/\\\/regbu.com\\\/et\\\/haagissuvilapuhkus-voib-ei-ei-ei-ei-ei-ei-ei-ei-ei-ei-ei-ei\\\/#breadcrumb\"},\"inLanguage\":\"et\",\"potentialAction\":[{\"@type\":\"ReadAction\",\"target\":[\"https:\\\/\\\/regbu.com\\\/et\\\/haagissuvilapuhkus-voib-ei-ei-ei-ei-ei-ei-ei-ei-ei-ei-ei-ei\\\/\"]}]},{\"@type\":\"ImageObject\",\"inLanguage\":\"et\",\"@id\":\"https:\\\/\\\/regbu.com\\\/et\\\/haagissuvilapuhkus-voib-ei-ei-ei-ei-ei-ei-ei-ei-ei-ei-ei-ei\\\/#primaryimage\",\"url\":\"https:\\\/\\\/regbu.com\\\/wp-content\\\/uploads\\\/2023\\\/06\\\/dovolena-v-karavanu-ma-sve-vyhody.jpg\",\"contentUrl\":\"https:\\\/\\\/regbu.com\\\/wp-content\\\/uploads\\\/2023\\\/06\\\/dovolena-v-karavanu-ma-sve-vyhody.jpg\",\"width\":1200,\"height\":675,\"caption\":\"Dovolen\u00e1 v karavanu m\u00e1 sv\u00e9 v\u00fdhody\"},{\"@type\":\"BreadcrumbList\",\"@id\":\"https:\\\/\\\/regbu.com\\\/et\\\/haagissuvilapuhkus-voib-ei-ei-ei-ei-ei-ei-ei-ei-ei-ei-ei-ei\\\/#breadcrumb\",\"itemListElement\":[{\"@type\":\"ListItem\",\"position\":1,\"name\":\"Home\",\"item\":\"https:\\\/\\\/regbu.com\\\/en\\\/\"},{\"@type\":\"ListItem\",\"position\":2,\"name\":\"Dovolen\u00e1 v\u00a0karavanu m\u00e1 sv\u00e9 v\u00fdhody\"}]},{\"@type\":\"WebSite\",\"@id\":\"https:\\\/\\\/regbu.com\\\/en\\\/#website\",\"url\":\"https:\\\/\\\/regbu.com\\\/en\\\/\",\"name\":\"REGBU.COM\",\"description\":\"\",\"potentialAction\":[{\"@type\":\"SearchAction\",\"target\":{\"@type\":\"EntryPoint\",\"urlTemplate\":\"https:\\\/\\\/regbu.com\\\/en\\\/?s={search_term_string}\"},\"query-input\":{\"@type\":\"PropertyValueSpecification\",\"valueRequired\":true,\"valueName\":\"search_term_string\"}}],\"inLanguage\":\"et\"},{\"@type\":\"Person\",\"@id\":\"https:\\\/\\\/regbu.com\\\/en\\\/#\\\/schema\\\/person\\\/94ea9deda2629771b8a9ced002f6784e\",\"name\":\"George Martin\",\"url\":\"https:\\\/\\\/regbu.com\\\/et\\\/author\\\/george-martin\\\/\"}]}<\/script>\n<!-- \/ Yoast SEO plugin. -->","yoast_head_json":{"title":"Karavanipuhkusel on omad eelised - REGBU.COM","description":"Karavanipuhkus avab t\u00e4iesti uusi reisimisv\u00f5imalusi. Nautige oma reisi teistmoodi, kui te ei j\u00e4\u00e4 millestki ilma.","robots":{"index":"index","follow":"follow","max-snippet":"max-snippet:-1","max-image-preview":"max-image-preview:large","max-video-preview":"max-video-preview:-1"},"canonical":"https:\/\/regbu.com\/et\/haagissuvilapuhkus-voib-ei-ei-ei-ei-ei-ei-ei-ei-ei-ei-ei-ei\/","og_locale":"et_EE","og_type":"article","og_title":"Dovolen\u00e1 v\u00a0karavanu m\u00e1 sv\u00e9 v\u00fdhody - REGBU.COM","og_description":"Dovolen\u00e1 v karavanu otev\u00edr\u00e1 zcela nov\u00e9 mo\u017enosti cestov\u00e1n\u00ed. U\u017e\u00edvejte si cestu v trochu jin\u00e9m pod\u00e1n\u00ed, kdy V\u00e1m nebude nic chyb\u011bt.","og_url":"https:\/\/regbu.com\/et\/haagissuvilapuhkus-voib-ei-ei-ei-ei-ei-ei-ei-ei-ei-ei-ei-ei\/","og_site_name":"REGBU.COM","article_published_time":"2023-06-21T14:15:32+00:00","article_modified_time":"2025-09-05T05:42:05+00:00","og_image":[{"width":1200,"height":675,"url":"https:\/\/regbu.com\/wp-content\/uploads\/2023\/06\/dovolena-v-karavanu-ma-sve-vyhody.jpg","type":"image\/jpeg"}],"author":"George Martin","twitter_card":"summary_large_image","twitter_misc":{"Written by":"George Martin","Est. reading time":"2 minutit"},"schema":{"@context":"https:\/\/schema.org","@graph":[{"@type":"Article","@id":"https:\/\/regbu.com\/et\/haagissuvilapuhkus-voib-ei-ei-ei-ei-ei-ei-ei-ei-ei-ei-ei-ei\/#article","isPartOf":{"@id":"https:\/\/regbu.com\/et\/haagissuvilapuhkus-voib-ei-ei-ei-ei-ei-ei-ei-ei-ei-ei-ei-ei\/"},"author":{"name":"George Martin","@id":"https:\/\/regbu.com\/en\/#\/schema\/person\/94ea9deda2629771b8a9ced002f6784e"},"headline":"Dovolen\u00e1 v\u00a0karavanu m\u00e1 sv\u00e9 v\u00fdhody","datePublished":"2023-06-21T14:15:32+00:00","dateModified":"2025-09-05T05:42:05+00:00","mainEntityOfPage":{"@id":"https:\/\/regbu.com\/et\/haagissuvilapuhkus-voib-ei-ei-ei-ei-ei-ei-ei-ei-ei-ei-ei-ei\/"},"wordCount":459,"image":{"@id":"https:\/\/regbu.com\/et\/haagissuvilapuhkus-voib-ei-ei-ei-ei-ei-ei-ei-ei-ei-ei-ei-ei\/#primaryimage"},"thumbnailUrl":"https:\/\/regbu.com\/wp-content\/uploads\/2023\/06\/dovolena-v-karavanu-ma-sve-vyhody.jpg","keywords":["cena","cestov\u00e1n\u00ed","dovolen\u00e1 v karavanu","karavan","karavany","obytn\u00fd v\u016fz","pron\u00e1jem","vozidlo","vybavenost","v\u00fdhody"],"articleSection":["Cestov\u00e1n\u00ed"],"inLanguage":"et"},{"@type":"WebPage","@id":"https:\/\/regbu.com\/et\/haagissuvilapuhkus-voib-ei-ei-ei-ei-ei-ei-ei-ei-ei-ei-ei-ei\/","url":"https:\/\/regbu.com\/et\/haagissuvilapuhkus-voib-ei-ei-ei-ei-ei-ei-ei-ei-ei-ei-ei-ei\/","name":"Karavanipuhkusel on omad eelised - REGBU.COM","isPartOf":{"@id":"https:\/\/regbu.com\/en\/#website"},"primaryImageOfPage":{"@id":"https:\/\/regbu.com\/et\/haagissuvilapuhkus-voib-ei-ei-ei-ei-ei-ei-ei-ei-ei-ei-ei-ei\/#primaryimage"},"image":{"@id":"https:\/\/regbu.com\/et\/haagissuvilapuhkus-voib-ei-ei-ei-ei-ei-ei-ei-ei-ei-ei-ei-ei\/#primaryimage"},"thumbnailUrl":"https:\/\/regbu.com\/wp-content\/uploads\/2023\/06\/dovolena-v-karavanu-ma-sve-vyhody.jpg","datePublished":"2023-06-21T14:15:32+00:00","dateModified":"2025-09-05T05:42:05+00:00","author":{"@id":"https:\/\/regbu.com\/en\/#\/schema\/person\/94ea9deda2629771b8a9ced002f6784e"},"description":"Karavanipuhkus avab t\u00e4iesti uusi reisimisv\u00f5imalusi. Nautige oma reisi teistmoodi, kui te ei j\u00e4\u00e4 millestki ilma.","breadcrumb":{"@id":"https:\/\/regbu.com\/et\/haagissuvilapuhkus-voib-ei-ei-ei-ei-ei-ei-ei-ei-ei-ei-ei-ei\/#breadcrumb"},"inLanguage":"et","potentialAction":[{"@type":"ReadAction","target":["https:\/\/regbu.com\/et\/haagissuvilapuhkus-voib-ei-ei-ei-ei-ei-ei-ei-ei-ei-ei-ei-ei\/"]}]},{"@type":"ImageObject","inLanguage":"et","@id":"https:\/\/regbu.com\/et\/haagissuvilapuhkus-voib-ei-ei-ei-ei-ei-ei-ei-ei-ei-ei-ei-ei\/#primaryimage","url":"https:\/\/regbu.com\/wp-content\/uploads\/2023\/06\/dovolena-v-karavanu-ma-sve-vyhody.jpg","contentUrl":"https:\/\/regbu.com\/wp-content\/uploads\/2023\/06\/dovolena-v-karavanu-ma-sve-vyhody.jpg","width":1200,"height":675,"caption":"Dovolen\u00e1 v karavanu m\u00e1 sv\u00e9 v\u00fdhody"},{"@type":"BreadcrumbList","@id":"https:\/\/regbu.com\/et\/haagissuvilapuhkus-voib-ei-ei-ei-ei-ei-ei-ei-ei-ei-ei-ei-ei\/#breadcrumb","itemListElement":[{"@type":"ListItem","position":1,"name":"Home","item":"https:\/\/regbu.com\/en\/"},{"@type":"ListItem","position":2,"name":"Dovolen\u00e1 v\u00a0karavanu m\u00e1 sv\u00e9 v\u00fdhody"}]},{"@type":"WebSite","@id":"https:\/\/regbu.com\/en\/#website","url":"https:\/\/regbu.com\/en\/","name":"REGBU.COM","description":"","potentialAction":[{"@type":"SearchAction","target":{"@type":"EntryPoint","urlTemplate":"https:\/\/regbu.com\/en\/?s={search_term_string}"},"query-input":{"@type":"PropertyValueSpecification","valueRequired":true,"valueName":"search_term_string"}}],"inLanguage":"et"},{"@type":"Person","@id":"https:\/\/regbu.com\/en\/#\/schema\/person\/94ea9deda2629771b8a9ced002f6784e","name":"George Martin","url":"https:\/\/regbu.com\/et\/author\/george-martin\/"}]}},"_links":{"self":[{"href":"https:\/\/regbu.com\/et\/wp-json\/wp\/v2\/posts\/947","targetHints":{"allow":["GET"]}}],"collection":[{"href":"https:\/\/regbu.com\/et\/wp-json\/wp\/v2\/posts"}],"about":[{"href":"https:\/\/regbu.com\/et\/wp-json\/wp\/v2\/types\/post"}],"author":[{"embeddable":true,"href":"https:\/\/regbu.com\/et\/wp-json\/wp\/v2\/users\/2"}],"replies":[{"embeddable":true,"href":"https:\/\/regbu.com\/et\/wp-json\/wp\/v2\/comments?post=947"}],"version-history":[{"count":2,"href":"https:\/\/regbu.com\/et\/wp-json\/wp\/v2\/posts\/947\/revisions"}],"predecessor-version":[{"id":961,"href":"https:\/\/regbu.com\/et\/wp-json\/wp\/v2\/posts\/947\/revisions\/961"}],"wp:featuredmedia":[{"embeddable":true,"href":"https:\/\/regbu.com\/et\/wp-json\/wp\/v2\/media\/949"}],"wp:attachment":[{"href":"https:\/\/regbu.com\/et\/wp-json\/wp\/v2\/media?parent=947"}],"wp:term":[{"taxonomy":"category","embeddable":true,"href":"https:\/\/regbu.com\/et\/wp-json\/wp\/v2\/categories?post=947"},{"taxonomy":"post_tag","embeddable":true,"href":"https:\/\/regbu.com\/et\/wp-json\/wp\/v2\/tags?post=947"}],"curies":[{"name":"wp","href":"https:\/\/api.w.org\/{rel}","templated":true}]}}