{"id":941,"date":"2023-06-21T16:06:16","date_gmt":"2023-06-21T14:06:16","guid":{"rendered":"https:\/\/regbu.com\/?p=941"},"modified":"2025-09-05T07:42:09","modified_gmt":"2025-09-05T05:42:09","slug":"dovolena-na-kole-na-co-nezapomenout","status":"publish","type":"post","link":"https:\/\/regbu.com\/et\/puhad-koolis-mida-ei-mitte-saa-maletada\/","title":{"rendered":"Jalgrattas\u00f5idupuhkus - mida meeles pidada?"},"content":{"rendered":"<p>Jalgrattas\u00f5idupuhkus on sama seikluslik ja l\u00f5bus kui paadipuhkus. Ainus erinevus on see, et sel juhul ei huvita teid <strong><a href=\"https:\/\/regbu.com\/et\/suunav-varustus-kohast-ja-lt-ni\/\">paadivarustus<\/a><\/strong>kuid te otsite jalgrattaga sobivaid varustust. See s\u00f5ltub muidugi paljudest erinevatest teguritest.<\/p>\n\n\n\n<ul class=\"wp-block-list\">\n<li>Millise jalgrattaga sa s\u00f5idad?<\/li>\n\n\n\n<li>Millistes kohtades sa kalastad?<\/li>\n\n\n\n<li>Kui kauaks sa l\u00e4hed?<\/li>\n<\/ul>\n\n\n\n<p>Nende kolme vastuse p\u00f5hjal v\u00f5ite hakata koostama oma oluliste elementide nimekirja. Jalgrattas\u00f5idupuhkus v\u00f5ib olla s\u00f5na otseses m\u00f5ttes unustamatu \u00f5ige ja t\u00e4ieliku varustusega.<\/p>\n\n\n\n<h2 class=\"wp-block-heading\">Alustage p\u00f5hit\u00f5dedest<\/h2>\n\n\n\n<p>Jalgrattaga reisides on vaja kahte r\u00fchma esemeid. Esimene on jalgrattaga seotud varustus. Teine on <strong>r\u00f5ivad ja nendega seotud aksessuaarid<\/strong>. Kindlasti on vaja liimimist ja varutorusid ratta jaoks. Kindlasti ei l\u00e4he kuskile ilma nende p\u00f5hit\u00f5dedeta. Aga sarnaseid asju on rohkem kui piisavalt.<\/p>\n\n\n\n<figure class=\"wp-block-table\"><table><tbody><tr><td><strong>Teema<\/strong><\/td><td><strong>Teave<\/strong><\/td><\/tr><tr><td>Pump<\/td><td>Reisiversioon<\/td><\/tr><tr><td>M\u00e4\u00e4rdeaine<\/td><td>Basic<\/td><\/tr><tr><td>Loss<\/td><td>Kett v\u00f5i k\u00f6is<\/td><\/tr><tr><td>Valgustus<\/td><td>Edasi ja tagasi<\/td><\/tr><\/tbody><\/table><figcaption class=\"wp-element-caption\">Oluline varustus, mida puhkuse ajal jalgrattaga s\u00f5itmisel meeles pidada.<\/figcaption><\/figure>\n\n\n\n<p>Kui l\u00e4hete jalgrattaga puhkusele, veenduge, et te ei unusta remondiks vajalikke t\u00f6\u00f6riistu. Tavaliselt saate hakkama baaskomplektiga, mida saab osta igast jalgrattapoest. L\u00f5puks on soovitatav kaasa v\u00f5tta joogipudel.<\/p>\n\n\n\n<h3 class=\"wp-block-heading\">Jalgrattas\u00f5idupuhkus - mida kaasa v\u00f5tta?<\/h3>\n\n\n\n<p>Kui s\u00f5idate pikalt jalgrattaga ja peate l\u00e4bima k\u00fcmneid kilomeetreid, peate pakkima k\u00f5ik vajaliku. Selleks. <em>vajate piisavalt suurt kotti<\/em>. Neid saab paigaldada mitte ainult tagumisele, vaid ka eesmisele riiulile. Erandiks on raami v\u00f5i juhtraua kotid, kus saab hoida mobiiltelefoni koos navigatsiooniga v\u00f5i paberkandjal kaarti.<\/p>\n\n\n\n<p>Pikem jalgrattas\u00f5idupuhkus n\u00f5uab muidugi teatud asju. Kui te ei kavatse \u00f6\u00f6bida k\u00fclalistemajades, pakkige kaasa v\u00e4ike jalgrattakomplekt. <strong>telk, magamiskott ja madrats<\/strong>. Funktsionaalne aluspesu, sealhulgas varupesu, on samuti kohustuslik. \u00c4rge unustage vihmamantlit, p\u00f5hilisi tualetitarbeid ja energiaallikaid. V\u00f5ib-olla energiapanga kujul. Kasuks tuleb ka p\u00e4ikesekaitsekreem v\u00f5i kreem m\u00e4hkmel\u00f6\u00f6be ja valusate jalgade vastu.<\/p>","protected":false},"excerpt":{"rendered":"<p>Jalgrattas\u00f5idupuhkus on sama seikluslik ja l\u00f5bus kui paadipuhkus. Ainus erinevus on see, et sel juhul ei huvita teid mitte s\u00f5udmisvarustus, vaid \u00f5ige varustuse leidmine jalgrattale. See s\u00f5ltub muidugi paljudest erinevatest teguritest. Nende kolme vastuse p\u00f5hjal v\u00f5ite hakata koostama nimekirja vajalikest ... <\/p>","protected":false},"author":2,"featured_media":942,"comment_status":"closed","ping_status":"closed","sticky":false,"template":"","format":"standard","meta":{"footnotes":""},"categories":[8],"tags":[823,912,900,907,909,913,831,911,910,824,908,770],"class_list":["post-941","post","type-post","status-publish","format-standard","has-post-thumbnail","hentry","category-cestovani","tag-boty","tag-brasny","tag-dovolena","tag-dovolena-na-kole","tag-duse","tag-helma","tag-kolo","tag-lahev","tag-lepeni","tag-obleceni","tag-pumpicka","tag-vybaveni"],"yoast_head":"<!-- This site is optimized with the Yoast SEO plugin v27.4 - https:\/\/yoast.com\/product\/yoast-seo-wordpress\/ -->\n<title>Dovolen\u00e1 na kole \u2013 Na co nezapomenout? - REGBU.COM<\/title>\n<meta name=\"description\" content=\"V\u00edte, co v\u0161echno obn\u00e1\u0161\u00ed dovolen\u00e1 na kole z pohledu nezbytn\u00e9ho vybaven\u00ed? Prozrad\u00edme V\u00e1m, co si vz\u00edt s sebou.\" \/>\n<meta name=\"robots\" content=\"index, follow, max-snippet:-1, max-image-preview:large, max-video-preview:-1\" \/>\n<link rel=\"canonical\" href=\"https:\/\/regbu.com\/et\/puhad-koolis-mida-ei-mitte-saa-maletada\/\" \/>\n<meta property=\"og:locale\" content=\"et_EE\" \/>\n<meta property=\"og:type\" content=\"article\" \/>\n<meta property=\"og:title\" content=\"Dovolen\u00e1 na kole \u2013 Na co nezapomenout? - REGBU.COM\" \/>\n<meta property=\"og:description\" content=\"V\u00edte, co v\u0161echno obn\u00e1\u0161\u00ed dovolen\u00e1 na kole z pohledu nezbytn\u00e9ho vybaven\u00ed? Prozrad\u00edme V\u00e1m, co si vz\u00edt s sebou.\" \/>\n<meta property=\"og:url\" content=\"https:\/\/regbu.com\/et\/puhad-koolis-mida-ei-mitte-saa-maletada\/\" \/>\n<meta property=\"og:site_name\" content=\"REGBU.COM\" \/>\n<meta property=\"article:published_time\" content=\"2023-06-21T14:06:16+00:00\" \/>\n<meta property=\"article:modified_time\" content=\"2025-09-05T05:42:09+00:00\" \/>\n<meta property=\"og:image\" content=\"https:\/\/regbu.com\/wp-content\/uploads\/2023\/06\/dovolena-na-kole-na-co-nezapomenout.jpg\" \/>\n\t<meta property=\"og:image:width\" content=\"1200\" \/>\n\t<meta property=\"og:image:height\" content=\"675\" \/>\n\t<meta property=\"og:image:type\" content=\"image\/jpeg\" \/>\n<meta name=\"author\" content=\"George Martin\" \/>\n<meta name=\"twitter:card\" content=\"summary_large_image\" \/>\n<meta name=\"twitter:label1\" content=\"Written by\" \/>\n\t<meta name=\"twitter:data1\" content=\"George Martin\" \/>\n\t<meta name=\"twitter:label2\" content=\"Est. reading time\" \/>\n\t<meta name=\"twitter:data2\" content=\"2 minutit\" \/>\n<script type=\"application\/ld+json\" class=\"yoast-schema-graph\">{\"@context\":\"https:\\\/\\\/schema.org\",\"@graph\":[{\"@type\":\"Article\",\"@id\":\"https:\\\/\\\/regbu.com\\\/et\\\/puhad-koolis-mida-ei-mitte-saa-maletada\\\/#article\",\"isPartOf\":{\"@id\":\"https:\\\/\\\/regbu.com\\\/et\\\/puhad-koolis-mida-ei-mitte-saa-maletada\\\/\"},\"author\":{\"name\":\"George Martin\",\"@id\":\"https:\\\/\\\/regbu.com\\\/en\\\/#\\\/schema\\\/person\\\/94ea9deda2629771b8a9ced002f6784e\"},\"headline\":\"Dovolen\u00e1 na kole \u2013 Na co nezapomenout?\",\"datePublished\":\"2023-06-21T14:06:16+00:00\",\"dateModified\":\"2025-09-05T05:42:09+00:00\",\"mainEntityOfPage\":{\"@id\":\"https:\\\/\\\/regbu.com\\\/et\\\/puhad-koolis-mida-ei-mitte-saa-maletada\\\/\"},\"wordCount\":456,\"image\":{\"@id\":\"https:\\\/\\\/regbu.com\\\/et\\\/puhad-koolis-mida-ei-mitte-saa-maletada\\\/#primaryimage\"},\"thumbnailUrl\":\"https:\\\/\\\/regbu.com\\\/wp-content\\\/uploads\\\/2023\\\/06\\\/dovolena-na-kole-na-co-nezapomenout.jpg\",\"keywords\":[\"boty\",\"bra\u0161ny\",\"dovolen\u00e1\",\"dovolen\u00e1 na kole\",\"du\u0161e\",\"helma\",\"kolo\",\"l\u00e1hev\",\"lepen\u00ed\",\"oble\u010den\u00ed\",\"pumpi\u010dka\",\"vybaven\u00ed\"],\"articleSection\":[\"Cestov\u00e1n\u00ed\"],\"inLanguage\":\"et\"},{\"@type\":\"WebPage\",\"@id\":\"https:\\\/\\\/regbu.com\\\/et\\\/puhad-koolis-mida-ei-mitte-saa-maletada\\\/\",\"url\":\"https:\\\/\\\/regbu.com\\\/et\\\/puhad-koolis-mida-ei-mitte-saa-maletada\\\/\",\"name\":\"Dovolen\u00e1 na kole \u2013 Na co nezapomenout? - REGBU.COM\",\"isPartOf\":{\"@id\":\"https:\\\/\\\/regbu.com\\\/en\\\/#website\"},\"primaryImageOfPage\":{\"@id\":\"https:\\\/\\\/regbu.com\\\/et\\\/puhad-koolis-mida-ei-mitte-saa-maletada\\\/#primaryimage\"},\"image\":{\"@id\":\"https:\\\/\\\/regbu.com\\\/et\\\/puhad-koolis-mida-ei-mitte-saa-maletada\\\/#primaryimage\"},\"thumbnailUrl\":\"https:\\\/\\\/regbu.com\\\/wp-content\\\/uploads\\\/2023\\\/06\\\/dovolena-na-kole-na-co-nezapomenout.jpg\",\"datePublished\":\"2023-06-21T14:06:16+00:00\",\"dateModified\":\"2025-09-05T05:42:09+00:00\",\"author\":{\"@id\":\"https:\\\/\\\/regbu.com\\\/en\\\/#\\\/schema\\\/person\\\/94ea9deda2629771b8a9ced002f6784e\"},\"description\":\"V\u00edte, co v\u0161echno obn\u00e1\u0161\u00ed dovolen\u00e1 na kole z pohledu nezbytn\u00e9ho vybaven\u00ed? Prozrad\u00edme V\u00e1m, co si vz\u00edt s sebou.\",\"breadcrumb\":{\"@id\":\"https:\\\/\\\/regbu.com\\\/et\\\/puhad-koolis-mida-ei-mitte-saa-maletada\\\/#breadcrumb\"},\"inLanguage\":\"et\",\"potentialAction\":[{\"@type\":\"ReadAction\",\"target\":[\"https:\\\/\\\/regbu.com\\\/et\\\/puhad-koolis-mida-ei-mitte-saa-maletada\\\/\"]}]},{\"@type\":\"ImageObject\",\"inLanguage\":\"et\",\"@id\":\"https:\\\/\\\/regbu.com\\\/et\\\/puhad-koolis-mida-ei-mitte-saa-maletada\\\/#primaryimage\",\"url\":\"https:\\\/\\\/regbu.com\\\/wp-content\\\/uploads\\\/2023\\\/06\\\/dovolena-na-kole-na-co-nezapomenout.jpg\",\"contentUrl\":\"https:\\\/\\\/regbu.com\\\/wp-content\\\/uploads\\\/2023\\\/06\\\/dovolena-na-kole-na-co-nezapomenout.jpg\",\"width\":1200,\"height\":675,\"caption\":\"Dovolen\u00e1 na kole \u2013 Na co nezapomenout?\"},{\"@type\":\"BreadcrumbList\",\"@id\":\"https:\\\/\\\/regbu.com\\\/et\\\/puhad-koolis-mida-ei-mitte-saa-maletada\\\/#breadcrumb\",\"itemListElement\":[{\"@type\":\"ListItem\",\"position\":1,\"name\":\"Home\",\"item\":\"https:\\\/\\\/regbu.com\\\/en\\\/\"},{\"@type\":\"ListItem\",\"position\":2,\"name\":\"Dovolen\u00e1 na kole \u2013 Na co nezapomenout?\"}]},{\"@type\":\"WebSite\",\"@id\":\"https:\\\/\\\/regbu.com\\\/en\\\/#website\",\"url\":\"https:\\\/\\\/regbu.com\\\/en\\\/\",\"name\":\"REGBU.COM\",\"description\":\"\",\"potentialAction\":[{\"@type\":\"SearchAction\",\"target\":{\"@type\":\"EntryPoint\",\"urlTemplate\":\"https:\\\/\\\/regbu.com\\\/en\\\/?s={search_term_string}\"},\"query-input\":{\"@type\":\"PropertyValueSpecification\",\"valueRequired\":true,\"valueName\":\"search_term_string\"}}],\"inLanguage\":\"et\"},{\"@type\":\"Person\",\"@id\":\"https:\\\/\\\/regbu.com\\\/en\\\/#\\\/schema\\\/person\\\/94ea9deda2629771b8a9ced002f6784e\",\"name\":\"George Martin\",\"url\":\"https:\\\/\\\/regbu.com\\\/et\\\/author\\\/george-martin\\\/\"}]}<\/script>\n<!-- \/ Yoast SEO plugin. -->","yoast_head_json":{"title":"Jalgrattas\u00f5idupuhkus - Mida mitte unustada? - REGBU.COM","description":"Kas te teate, mida t\u00e4hendab jalgrattas\u00f5idupuhkus olulise varustuse osas? Me \u00fctleme teile, mida kaasa v\u00f5tta.","robots":{"index":"index","follow":"follow","max-snippet":"max-snippet:-1","max-image-preview":"max-image-preview:large","max-video-preview":"max-video-preview:-1"},"canonical":"https:\/\/regbu.com\/et\/puhad-koolis-mida-ei-mitte-saa-maletada\/","og_locale":"et_EE","og_type":"article","og_title":"Dovolen\u00e1 na kole \u2013 Na co nezapomenout? - REGBU.COM","og_description":"V\u00edte, co v\u0161echno obn\u00e1\u0161\u00ed dovolen\u00e1 na kole z pohledu nezbytn\u00e9ho vybaven\u00ed? Prozrad\u00edme V\u00e1m, co si vz\u00edt s sebou.","og_url":"https:\/\/regbu.com\/et\/puhad-koolis-mida-ei-mitte-saa-maletada\/","og_site_name":"REGBU.COM","article_published_time":"2023-06-21T14:06:16+00:00","article_modified_time":"2025-09-05T05:42:09+00:00","og_image":[{"width":1200,"height":675,"url":"https:\/\/regbu.com\/wp-content\/uploads\/2023\/06\/dovolena-na-kole-na-co-nezapomenout.jpg","type":"image\/jpeg"}],"author":"George Martin","twitter_card":"summary_large_image","twitter_misc":{"Written by":"George Martin","Est. reading time":"2 minutit"},"schema":{"@context":"https:\/\/schema.org","@graph":[{"@type":"Article","@id":"https:\/\/regbu.com\/et\/puhad-koolis-mida-ei-mitte-saa-maletada\/#article","isPartOf":{"@id":"https:\/\/regbu.com\/et\/puhad-koolis-mida-ei-mitte-saa-maletada\/"},"author":{"name":"George Martin","@id":"https:\/\/regbu.com\/en\/#\/schema\/person\/94ea9deda2629771b8a9ced002f6784e"},"headline":"Dovolen\u00e1 na kole \u2013 Na co nezapomenout?","datePublished":"2023-06-21T14:06:16+00:00","dateModified":"2025-09-05T05:42:09+00:00","mainEntityOfPage":{"@id":"https:\/\/regbu.com\/et\/puhad-koolis-mida-ei-mitte-saa-maletada\/"},"wordCount":456,"image":{"@id":"https:\/\/regbu.com\/et\/puhad-koolis-mida-ei-mitte-saa-maletada\/#primaryimage"},"thumbnailUrl":"https:\/\/regbu.com\/wp-content\/uploads\/2023\/06\/dovolena-na-kole-na-co-nezapomenout.jpg","keywords":["boty","bra\u0161ny","dovolen\u00e1","dovolen\u00e1 na kole","du\u0161e","helma","kolo","l\u00e1hev","lepen\u00ed","oble\u010den\u00ed","pumpi\u010dka","vybaven\u00ed"],"articleSection":["Cestov\u00e1n\u00ed"],"inLanguage":"et"},{"@type":"WebPage","@id":"https:\/\/regbu.com\/et\/puhad-koolis-mida-ei-mitte-saa-maletada\/","url":"https:\/\/regbu.com\/et\/puhad-koolis-mida-ei-mitte-saa-maletada\/","name":"Jalgrattas\u00f5idupuhkus - Mida mitte unustada? - REGBU.COM","isPartOf":{"@id":"https:\/\/regbu.com\/en\/#website"},"primaryImageOfPage":{"@id":"https:\/\/regbu.com\/et\/puhad-koolis-mida-ei-mitte-saa-maletada\/#primaryimage"},"image":{"@id":"https:\/\/regbu.com\/et\/puhad-koolis-mida-ei-mitte-saa-maletada\/#primaryimage"},"thumbnailUrl":"https:\/\/regbu.com\/wp-content\/uploads\/2023\/06\/dovolena-na-kole-na-co-nezapomenout.jpg","datePublished":"2023-06-21T14:06:16+00:00","dateModified":"2025-09-05T05:42:09+00:00","author":{"@id":"https:\/\/regbu.com\/en\/#\/schema\/person\/94ea9deda2629771b8a9ced002f6784e"},"description":"Kas te teate, mida t\u00e4hendab jalgrattas\u00f5idupuhkus olulise varustuse osas? Me \u00fctleme teile, mida kaasa v\u00f5tta.","breadcrumb":{"@id":"https:\/\/regbu.com\/et\/puhad-koolis-mida-ei-mitte-saa-maletada\/#breadcrumb"},"inLanguage":"et","potentialAction":[{"@type":"ReadAction","target":["https:\/\/regbu.com\/et\/puhad-koolis-mida-ei-mitte-saa-maletada\/"]}]},{"@type":"ImageObject","inLanguage":"et","@id":"https:\/\/regbu.com\/et\/puhad-koolis-mida-ei-mitte-saa-maletada\/#primaryimage","url":"https:\/\/regbu.com\/wp-content\/uploads\/2023\/06\/dovolena-na-kole-na-co-nezapomenout.jpg","contentUrl":"https:\/\/regbu.com\/wp-content\/uploads\/2023\/06\/dovolena-na-kole-na-co-nezapomenout.jpg","width":1200,"height":675,"caption":"Dovolen\u00e1 na kole \u2013 Na co nezapomenout?"},{"@type":"BreadcrumbList","@id":"https:\/\/regbu.com\/et\/puhad-koolis-mida-ei-mitte-saa-maletada\/#breadcrumb","itemListElement":[{"@type":"ListItem","position":1,"name":"Home","item":"https:\/\/regbu.com\/en\/"},{"@type":"ListItem","position":2,"name":"Dovolen\u00e1 na kole \u2013 Na co nezapomenout?"}]},{"@type":"WebSite","@id":"https:\/\/regbu.com\/en\/#website","url":"https:\/\/regbu.com\/en\/","name":"REGBU.COM","description":"","potentialAction":[{"@type":"SearchAction","target":{"@type":"EntryPoint","urlTemplate":"https:\/\/regbu.com\/en\/?s={search_term_string}"},"query-input":{"@type":"PropertyValueSpecification","valueRequired":true,"valueName":"search_term_string"}}],"inLanguage":"et"},{"@type":"Person","@id":"https:\/\/regbu.com\/en\/#\/schema\/person\/94ea9deda2629771b8a9ced002f6784e","name":"George Martin","url":"https:\/\/regbu.com\/et\/author\/george-martin\/"}]}},"_links":{"self":[{"href":"https:\/\/regbu.com\/et\/wp-json\/wp\/v2\/posts\/941","targetHints":{"allow":["GET"]}}],"collection":[{"href":"https:\/\/regbu.com\/et\/wp-json\/wp\/v2\/posts"}],"about":[{"href":"https:\/\/regbu.com\/et\/wp-json\/wp\/v2\/types\/post"}],"author":[{"embeddable":true,"href":"https:\/\/regbu.com\/et\/wp-json\/wp\/v2\/users\/2"}],"replies":[{"embeddable":true,"href":"https:\/\/regbu.com\/et\/wp-json\/wp\/v2\/comments?post=941"}],"version-history":[{"count":2,"href":"https:\/\/regbu.com\/et\/wp-json\/wp\/v2\/posts\/941\/revisions"}],"predecessor-version":[{"id":960,"href":"https:\/\/regbu.com\/et\/wp-json\/wp\/v2\/posts\/941\/revisions\/960"}],"wp:featuredmedia":[{"embeddable":true,"href":"https:\/\/regbu.com\/et\/wp-json\/wp\/v2\/media\/942"}],"wp:attachment":[{"href":"https:\/\/regbu.com\/et\/wp-json\/wp\/v2\/media?parent=941"}],"wp:term":[{"taxonomy":"category","embeddable":true,"href":"https:\/\/regbu.com\/et\/wp-json\/wp\/v2\/categories?post=941"},{"taxonomy":"post_tag","embeddable":true,"href":"https:\/\/regbu.com\/et\/wp-json\/wp\/v2\/tags?post=941"}],"curies":[{"name":"wp","href":"https:\/\/api.w.org\/{rel}","templated":true}]}}