{"id":141,"date":"2022-01-05T08:43:00","date_gmt":"2022-01-05T07:43:00","guid":{"rendered":"https:\/\/regbu.com\/?p=141"},"modified":"2025-09-05T07:43:00","modified_gmt":"2025-09-05T05:43:00","slug":"kabat-skupina-kterou-si-oblibili-predevsim-rockeri","status":"publish","type":"post","link":"https:\/\/regbu.com\/et\/kabat-grupp-mis-sulle-meeldib-kui-koik-rokkarid\/","title":{"rendered":"Kabat - B\u00e4nd, mis oli eriti populaarne rokkarite seas"},"content":{"rendered":"<p>Kui sa \u00fctled hard rock b\u00e4nd T\u0161ehhi Vabariigis, siis sa ei m\u00f5tle sellele, et <strong><a href=\"https:\/\/regbu.com\/et\/wild-bill-legendary-chapel-with-a-special-feature\/\">Wild Bill<\/a><\/strong>kuid mantel. Aastaid tegutsenud muusikaline ansambel, mille <strong>laulud on surematud<\/strong>. Neid v\u00f5ib kuulda televisioonis, raadios ja igasuguses meelelahutuses. See b\u00e4nd on end lihtsalt halastamatult rockf\u00e4nnide m\u00e4llu sisse p\u00f5letanud ja selle kuulsaid lugusid sumavad paljud rokkarid.<\/p>\n\n\n\n<h2 class=\"wp-block-heading\">Kuidas l\u00e4ks aeg Kabatiga?<\/h2>\n\n\n\n<p>Teplice'is moodustatud T\u0161ehhi rokkb\u00e4nd. Selle peamine n\u00e4gu on <strong>esiisik Josef Vojtek<\/strong>. Praeguses koosseisus m\u00e4ngivad Tom\u00e1\u0161 Krulich, Ota V\u00e1\u0148a, Radek Hur\u010d\u00edk ja Milan \u0160palek. Kui soovite rohkem teada, lugege allolevat tabelit.<\/p>\n\n\n\n<figure class=\"wp-block-table\"><table><tbody><tr><td><strong>Teema<\/strong><\/td><td><strong>V\u00e4\u00e4rtus<\/strong><\/td><\/tr><tr><td>Loomise kuup\u00e4ev<\/td><td>1983<\/td><\/tr><tr><td>\u017danrid<\/td><td>Rock, hard rock ja rock'n'roll<\/td><\/tr><tr><td>Aktiivne laval<\/td><td>Alates 1989. aastast<\/td><\/tr><tr><td>V\u00e4ljaandja<\/td><td>Pink Panther Media<\/td><\/tr><\/tbody><\/table><figcaption>Rohkem teavet kuulsa rokkb\u00e4ndi kohta.<\/figcaption><\/figure>\n\n\n\n<p>On t\u00f5si, et ansambel Kabat ei ole alates 1989. aastast oma koosseisu muutnud. Lihtsalt teadmiseks, endised liikmed olid kunagi Ji\u0159\u00ed Bu\u0161ek, Ren\u00e9 Hor\u0148\u00e1k, Libor \u0160erl ja Robert Stahl.<\/p>\n\n\n\n<h2 class=\"wp-block-heading\">Muusikagrupi saavutused<\/h2>\n\n\n\n<p>Selle b\u00e4ndi ainulaadsusest ei r\u00e4\u00e4gi ainult tugev f\u00e4nnibaas. Rohkem kui kolmek\u00fcmneaastase karj\u00e4\u00e4ri jooksul on Kabat m\u00fc\u00fcnud \u00fcle miljoni plaadi ja andnud v\u00e4lja \u00fcksteist stuudioalbumit. T\u0161ehhi Vabariigi esinemine suurel rahvusvahelisel muusikav\u00f5istlusel Eurovisiooni lauluv\u00f5istlusel 2007. aastal on kindlasti mainimist v\u00e4\u00e4rt. <strong>\u00dcks suurimaid kontserte Vypichil <\/strong>osales kuni 70 000 f\u00e4nni. Need on numbrid, mis n\u00e4itavad selgelt, et b\u00e4nd on j\u00e4tnud kustutamatu j\u00e4lje rokimaastikul. L\u00f5ppude l\u00f5puks v\u00f5eti nad kuulsa Beat Radio poolt sisse Beat Hall of Fame'i.<\/p>\n\n\n\n<h3 class=\"wp-block-heading\">Kabat ja tema mitte kunagi vananevad hitid<\/h3>\n\n\n\n<p>Kui te uurite selle b\u00e4ndi diskograafiat, siis ei j\u00e4\u00e4 te ilma tuntud stuudioalbumitest, mis on iga rokkari kollektsioonis. Nende hulka kuuluvad \"She's Got Her Motor\", \"Colorado\", \"The Devil Rode a Goat\", \"Go Satan Go\", \"Down in the Dole\", \"Corrida\" ja \"To Hell\/to Heaven\". K\u00f5ik need albumid v\u00e4\u00e4risid korralikku turneed, mida vaevalt et saab unustada. Vaatame, kas ansambel Kabat tuleb l\u00e4hiaastatel veel m\u00f5ne uue stuudiol\u00f5ikega v\u00e4lja ja paneb ette \u00fche oma unikaalse kontserdi.<\/p>","protected":false},"excerpt":{"rendered":"<p>Kui sa \u00fctled T\u0161ehhi Vabariigi hard rock b\u00e4nd, siis sa ei m\u00f5tle Divokej Billile, vaid Kabatile. Aastaid tegutsenud muusikaline ansambel, mille laulud on surematud. Neid v\u00f5ib kuulda televisioonis, raadios ja igal meelelahutus\u00fcritusel. See b\u00e4nd on end lihtsalt halastamatult rokif\u00e4nnide m\u00e4llu sisse p\u00f5letanud ja selle kuulsaid lugusid sumab nii m\u00f5nigi rokkar. Kuidas ... <\/p>","protected":false},"author":2,"featured_media":142,"comment_status":"closed","ping_status":"closed","sticky":false,"template":"","format":"standard","meta":{"footnotes":""},"categories":[11],"tags":[133,106,108,134,135,136,137,113,138,114],"class_list":["post-141","post","type-post","status-publish","format-standard","has-post-thumbnail","hentry","category-hudba","tag-hard-rock","tag-hudba","tag-hudebni-skupina","tag-josef-vojtek","tag-kabat","tag-kapela","tag-pepa-vojtek","tag-rock","tag-rockova-kapela","tag-skupina"],"yoast_head":"<!-- This site is optimized with the Yoast SEO plugin v27.4 - https:\/\/yoast.com\/product\/yoast-seo-wordpress\/ -->\n<title>Kab\u00e1t \u2013 Skupina, kterou si obl\u00edbili p\u0159edev\u0161\u00edm rocke\u0159i - REGBU.COM<\/title>\n<meta name=\"description\" content=\"Poznejte kapelu Kab\u00e1t do nejmen\u0161\u00edho detailu. P\u0159in\u00e1\u0161\u00edme V\u00e1m informace o jej\u00edm vzniku, diskografii a spoustu dal\u0161\u00edch zaj\u00edmav\u00fdch v\u011bc\u00ed.\" \/>\n<meta name=\"robots\" content=\"index, follow, max-snippet:-1, max-image-preview:large, max-video-preview:-1\" \/>\n<link rel=\"canonical\" href=\"https:\/\/regbu.com\/et\/kabat-grupp-mis-sulle-meeldib-kui-koik-rokkarid\/\" \/>\n<meta property=\"og:locale\" content=\"et_EE\" \/>\n<meta property=\"og:type\" content=\"article\" \/>\n<meta property=\"og:title\" content=\"Kab\u00e1t \u2013 Skupina, kterou si obl\u00edbili p\u0159edev\u0161\u00edm rocke\u0159i - REGBU.COM\" \/>\n<meta property=\"og:description\" content=\"Poznejte kapelu Kab\u00e1t do nejmen\u0161\u00edho detailu. P\u0159in\u00e1\u0161\u00edme V\u00e1m informace o jej\u00edm vzniku, diskografii a spoustu dal\u0161\u00edch zaj\u00edmav\u00fdch v\u011bc\u00ed.\" \/>\n<meta property=\"og:url\" content=\"https:\/\/regbu.com\/et\/kabat-grupp-mis-sulle-meeldib-kui-koik-rokkarid\/\" \/>\n<meta property=\"og:site_name\" content=\"REGBU.COM\" \/>\n<meta property=\"article:published_time\" content=\"2022-01-05T07:43:00+00:00\" \/>\n<meta property=\"article:modified_time\" content=\"2025-09-05T05:43:00+00:00\" \/>\n<meta property=\"og:image\" content=\"https:\/\/regbu.com\/wp-content\/uploads\/2022\/01\/kabat-skupina-kterou-si-oblibili-predevsim-rockeri.jpg\" \/>\n\t<meta property=\"og:image:width\" content=\"1200\" \/>\n\t<meta property=\"og:image:height\" content=\"675\" \/>\n\t<meta property=\"og:image:type\" content=\"image\/jpeg\" \/>\n<meta name=\"author\" content=\"George Martin\" \/>\n<meta name=\"twitter:card\" content=\"summary_large_image\" \/>\n<meta name=\"twitter:label1\" content=\"Written by\" \/>\n\t<meta name=\"twitter:data1\" content=\"George Martin\" \/>\n\t<meta name=\"twitter:label2\" content=\"Est. reading time\" \/>\n\t<meta name=\"twitter:data2\" content=\"2 minutit\" \/>\n<script type=\"application\/ld+json\" class=\"yoast-schema-graph\">{\"@context\":\"https:\\\/\\\/schema.org\",\"@graph\":[{\"@type\":\"Article\",\"@id\":\"https:\\\/\\\/regbu.com\\\/kabat-skupina-kterou-si-oblibili-predevsim-rockeri\\\/#article\",\"isPartOf\":{\"@id\":\"https:\\\/\\\/regbu.com\\\/kabat-skupina-kterou-si-oblibili-predevsim-rockeri\\\/\"},\"author\":{\"name\":\"George Martin\",\"@id\":\"https:\\\/\\\/regbu.com\\\/en\\\/#\\\/schema\\\/person\\\/94ea9deda2629771b8a9ced002f6784e\"},\"headline\":\"Kab\u00e1t \u2013 Skupina, kterou si obl\u00edbili p\u0159edev\u0161\u00edm rocke\u0159i\",\"datePublished\":\"2022-01-05T07:43:00+00:00\",\"dateModified\":\"2025-09-05T05:43:00+00:00\",\"mainEntityOfPage\":{\"@id\":\"https:\\\/\\\/regbu.com\\\/kabat-skupina-kterou-si-oblibili-predevsim-rockeri\\\/\"},\"wordCount\":435,\"image\":{\"@id\":\"https:\\\/\\\/regbu.com\\\/kabat-skupina-kterou-si-oblibili-predevsim-rockeri\\\/#primaryimage\"},\"thumbnailUrl\":\"https:\\\/\\\/regbu.com\\\/wp-content\\\/uploads\\\/2022\\\/01\\\/kabat-skupina-kterou-si-oblibili-predevsim-rockeri.jpg\",\"keywords\":[\"hard rock\",\"hudba\",\"hudebn\u00ed skupina\",\"Josef Vojtek\",\"kab\u00e1t\",\"kapela\",\"Pepa Vojtek\",\"rock\",\"rockov\u00e1 kapela\",\"skupina\"],\"articleSection\":[\"Hudba\"],\"inLanguage\":\"et\"},{\"@type\":\"WebPage\",\"@id\":\"https:\\\/\\\/regbu.com\\\/kabat-skupina-kterou-si-oblibili-predevsim-rockeri\\\/\",\"url\":\"https:\\\/\\\/regbu.com\\\/kabat-skupina-kterou-si-oblibili-predevsim-rockeri\\\/\",\"name\":\"Kab\u00e1t \u2013 Skupina, kterou si obl\u00edbili p\u0159edev\u0161\u00edm rocke\u0159i - REGBU.COM\",\"isPartOf\":{\"@id\":\"https:\\\/\\\/regbu.com\\\/en\\\/#website\"},\"primaryImageOfPage\":{\"@id\":\"https:\\\/\\\/regbu.com\\\/kabat-skupina-kterou-si-oblibili-predevsim-rockeri\\\/#primaryimage\"},\"image\":{\"@id\":\"https:\\\/\\\/regbu.com\\\/kabat-skupina-kterou-si-oblibili-predevsim-rockeri\\\/#primaryimage\"},\"thumbnailUrl\":\"https:\\\/\\\/regbu.com\\\/wp-content\\\/uploads\\\/2022\\\/01\\\/kabat-skupina-kterou-si-oblibili-predevsim-rockeri.jpg\",\"datePublished\":\"2022-01-05T07:43:00+00:00\",\"dateModified\":\"2025-09-05T05:43:00+00:00\",\"author\":{\"@id\":\"https:\\\/\\\/regbu.com\\\/en\\\/#\\\/schema\\\/person\\\/94ea9deda2629771b8a9ced002f6784e\"},\"description\":\"Poznejte kapelu Kab\u00e1t do nejmen\u0161\u00edho detailu. P\u0159in\u00e1\u0161\u00edme V\u00e1m informace o jej\u00edm vzniku, diskografii a spoustu dal\u0161\u00edch zaj\u00edmav\u00fdch v\u011bc\u00ed.\",\"breadcrumb\":{\"@id\":\"https:\\\/\\\/regbu.com\\\/kabat-skupina-kterou-si-oblibili-predevsim-rockeri\\\/#breadcrumb\"},\"inLanguage\":\"et\",\"potentialAction\":[{\"@type\":\"ReadAction\",\"target\":[\"https:\\\/\\\/regbu.com\\\/kabat-skupina-kterou-si-oblibili-predevsim-rockeri\\\/\"]}]},{\"@type\":\"ImageObject\",\"inLanguage\":\"et\",\"@id\":\"https:\\\/\\\/regbu.com\\\/kabat-skupina-kterou-si-oblibili-predevsim-rockeri\\\/#primaryimage\",\"url\":\"https:\\\/\\\/regbu.com\\\/wp-content\\\/uploads\\\/2022\\\/01\\\/kabat-skupina-kterou-si-oblibili-predevsim-rockeri.jpg\",\"contentUrl\":\"https:\\\/\\\/regbu.com\\\/wp-content\\\/uploads\\\/2022\\\/01\\\/kabat-skupina-kterou-si-oblibili-predevsim-rockeri.jpg\",\"width\":1200,\"height\":675,\"caption\":\"Kab\u00e1t \u2013 Skupina, kterou si obl\u00edbili p\u0159edev\u0161\u00edm rocke\u0159i\"},{\"@type\":\"BreadcrumbList\",\"@id\":\"https:\\\/\\\/regbu.com\\\/kabat-skupina-kterou-si-oblibili-predevsim-rockeri\\\/#breadcrumb\",\"itemListElement\":[{\"@type\":\"ListItem\",\"position\":1,\"name\":\"Home\",\"item\":\"https:\\\/\\\/regbu.com\\\/en\\\/\"},{\"@type\":\"ListItem\",\"position\":2,\"name\":\"Kab\u00e1t \u2013 Skupina, kterou si obl\u00edbili p\u0159edev\u0161\u00edm rocke\u0159i\"}]},{\"@type\":\"WebSite\",\"@id\":\"https:\\\/\\\/regbu.com\\\/en\\\/#website\",\"url\":\"https:\\\/\\\/regbu.com\\\/en\\\/\",\"name\":\"REGBU.COM\",\"description\":\"\",\"potentialAction\":[{\"@type\":\"SearchAction\",\"target\":{\"@type\":\"EntryPoint\",\"urlTemplate\":\"https:\\\/\\\/regbu.com\\\/en\\\/?s={search_term_string}\"},\"query-input\":{\"@type\":\"PropertyValueSpecification\",\"valueRequired\":true,\"valueName\":\"search_term_string\"}}],\"inLanguage\":\"et\"},{\"@type\":\"Person\",\"@id\":\"https:\\\/\\\/regbu.com\\\/en\\\/#\\\/schema\\\/person\\\/94ea9deda2629771b8a9ced002f6784e\",\"name\":\"George Martin\",\"url\":\"https:\\\/\\\/regbu.com\\\/et\\\/author\\\/george-martin\\\/\"}]}<\/script>\n<!-- \/ Yoast SEO plugin. -->","yoast_head_json":{"title":"Kabat - B\u00e4nd, mida rokkarid armastavad - REGBU.COM","description":"Tutvuge b\u00e4ndiga Kabat k\u00f5ige v\u00e4iksemate detailideni. Toome teile teavet selle moodustamise, diskograafia ja paljude muude huvitavate asjade kohta.","robots":{"index":"index","follow":"follow","max-snippet":"max-snippet:-1","max-image-preview":"max-image-preview:large","max-video-preview":"max-video-preview:-1"},"canonical":"https:\/\/regbu.com\/et\/kabat-grupp-mis-sulle-meeldib-kui-koik-rokkarid\/","og_locale":"et_EE","og_type":"article","og_title":"Kab\u00e1t \u2013 Skupina, kterou si obl\u00edbili p\u0159edev\u0161\u00edm rocke\u0159i - REGBU.COM","og_description":"Poznejte kapelu Kab\u00e1t do nejmen\u0161\u00edho detailu. P\u0159in\u00e1\u0161\u00edme V\u00e1m informace o jej\u00edm vzniku, diskografii a spoustu dal\u0161\u00edch zaj\u00edmav\u00fdch v\u011bc\u00ed.","og_url":"https:\/\/regbu.com\/et\/kabat-grupp-mis-sulle-meeldib-kui-koik-rokkarid\/","og_site_name":"REGBU.COM","article_published_time":"2022-01-05T07:43:00+00:00","article_modified_time":"2025-09-05T05:43:00+00:00","og_image":[{"width":1200,"height":675,"url":"https:\/\/regbu.com\/wp-content\/uploads\/2022\/01\/kabat-skupina-kterou-si-oblibili-predevsim-rockeri.jpg","type":"image\/jpeg"}],"author":"George Martin","twitter_card":"summary_large_image","twitter_misc":{"Written by":"George Martin","Est. reading time":"2 minutit"},"schema":{"@context":"https:\/\/schema.org","@graph":[{"@type":"Article","@id":"https:\/\/regbu.com\/kabat-skupina-kterou-si-oblibili-predevsim-rockeri\/#article","isPartOf":{"@id":"https:\/\/regbu.com\/kabat-skupina-kterou-si-oblibili-predevsim-rockeri\/"},"author":{"name":"George Martin","@id":"https:\/\/regbu.com\/en\/#\/schema\/person\/94ea9deda2629771b8a9ced002f6784e"},"headline":"Kab\u00e1t \u2013 Skupina, kterou si obl\u00edbili p\u0159edev\u0161\u00edm rocke\u0159i","datePublished":"2022-01-05T07:43:00+00:00","dateModified":"2025-09-05T05:43:00+00:00","mainEntityOfPage":{"@id":"https:\/\/regbu.com\/kabat-skupina-kterou-si-oblibili-predevsim-rockeri\/"},"wordCount":435,"image":{"@id":"https:\/\/regbu.com\/kabat-skupina-kterou-si-oblibili-predevsim-rockeri\/#primaryimage"},"thumbnailUrl":"https:\/\/regbu.com\/wp-content\/uploads\/2022\/01\/kabat-skupina-kterou-si-oblibili-predevsim-rockeri.jpg","keywords":["hard rock","hudba","hudebn\u00ed skupina","Josef Vojtek","kab\u00e1t","kapela","Pepa Vojtek","rock","rockov\u00e1 kapela","skupina"],"articleSection":["Hudba"],"inLanguage":"et"},{"@type":"WebPage","@id":"https:\/\/regbu.com\/kabat-skupina-kterou-si-oblibili-predevsim-rockeri\/","url":"https:\/\/regbu.com\/kabat-skupina-kterou-si-oblibili-predevsim-rockeri\/","name":"Kabat - B\u00e4nd, mida rokkarid armastavad - REGBU.COM","isPartOf":{"@id":"https:\/\/regbu.com\/en\/#website"},"primaryImageOfPage":{"@id":"https:\/\/regbu.com\/kabat-skupina-kterou-si-oblibili-predevsim-rockeri\/#primaryimage"},"image":{"@id":"https:\/\/regbu.com\/kabat-skupina-kterou-si-oblibili-predevsim-rockeri\/#primaryimage"},"thumbnailUrl":"https:\/\/regbu.com\/wp-content\/uploads\/2022\/01\/kabat-skupina-kterou-si-oblibili-predevsim-rockeri.jpg","datePublished":"2022-01-05T07:43:00+00:00","dateModified":"2025-09-05T05:43:00+00:00","author":{"@id":"https:\/\/regbu.com\/en\/#\/schema\/person\/94ea9deda2629771b8a9ced002f6784e"},"description":"Tutvuge b\u00e4ndiga Kabat k\u00f5ige v\u00e4iksemate detailideni. Toome teile teavet selle moodustamise, diskograafia ja paljude muude huvitavate asjade kohta.","breadcrumb":{"@id":"https:\/\/regbu.com\/kabat-skupina-kterou-si-oblibili-predevsim-rockeri\/#breadcrumb"},"inLanguage":"et","potentialAction":[{"@type":"ReadAction","target":["https:\/\/regbu.com\/kabat-skupina-kterou-si-oblibili-predevsim-rockeri\/"]}]},{"@type":"ImageObject","inLanguage":"et","@id":"https:\/\/regbu.com\/kabat-skupina-kterou-si-oblibili-predevsim-rockeri\/#primaryimage","url":"https:\/\/regbu.com\/wp-content\/uploads\/2022\/01\/kabat-skupina-kterou-si-oblibili-predevsim-rockeri.jpg","contentUrl":"https:\/\/regbu.com\/wp-content\/uploads\/2022\/01\/kabat-skupina-kterou-si-oblibili-predevsim-rockeri.jpg","width":1200,"height":675,"caption":"Kab\u00e1t \u2013 Skupina, kterou si obl\u00edbili p\u0159edev\u0161\u00edm rocke\u0159i"},{"@type":"BreadcrumbList","@id":"https:\/\/regbu.com\/kabat-skupina-kterou-si-oblibili-predevsim-rockeri\/#breadcrumb","itemListElement":[{"@type":"ListItem","position":1,"name":"Home","item":"https:\/\/regbu.com\/en\/"},{"@type":"ListItem","position":2,"name":"Kab\u00e1t \u2013 Skupina, kterou si obl\u00edbili p\u0159edev\u0161\u00edm rocke\u0159i"}]},{"@type":"WebSite","@id":"https:\/\/regbu.com\/en\/#website","url":"https:\/\/regbu.com\/en\/","name":"REGBU.COM","description":"","potentialAction":[{"@type":"SearchAction","target":{"@type":"EntryPoint","urlTemplate":"https:\/\/regbu.com\/en\/?s={search_term_string}"},"query-input":{"@type":"PropertyValueSpecification","valueRequired":true,"valueName":"search_term_string"}}],"inLanguage":"et"},{"@type":"Person","@id":"https:\/\/regbu.com\/en\/#\/schema\/person\/94ea9deda2629771b8a9ced002f6784e","name":"George Martin","url":"https:\/\/regbu.com\/et\/author\/george-martin\/"}]}},"_links":{"self":[{"href":"https:\/\/regbu.com\/et\/wp-json\/wp\/v2\/posts\/141","targetHints":{"allow":["GET"]}}],"collection":[{"href":"https:\/\/regbu.com\/et\/wp-json\/wp\/v2\/posts"}],"about":[{"href":"https:\/\/regbu.com\/et\/wp-json\/wp\/v2\/types\/post"}],"author":[{"embeddable":true,"href":"https:\/\/regbu.com\/et\/wp-json\/wp\/v2\/users\/2"}],"replies":[{"embeddable":true,"href":"https:\/\/regbu.com\/et\/wp-json\/wp\/v2\/comments?post=141"}],"version-history":[{"count":3,"href":"https:\/\/regbu.com\/et\/wp-json\/wp\/v2\/posts\/141\/revisions"}],"predecessor-version":[{"id":158,"href":"https:\/\/regbu.com\/et\/wp-json\/wp\/v2\/posts\/141\/revisions\/158"}],"wp:featuredmedia":[{"embeddable":true,"href":"https:\/\/regbu.com\/et\/wp-json\/wp\/v2\/media\/142"}],"wp:attachment":[{"href":"https:\/\/regbu.com\/et\/wp-json\/wp\/v2\/media?parent=141"}],"wp:term":[{"taxonomy":"category","embeddable":true,"href":"https:\/\/regbu.com\/et\/wp-json\/wp\/v2\/categories?post=141"},{"taxonomy":"post_tag","embeddable":true,"href":"https:\/\/regbu.com\/et\/wp-json\/wp\/v2\/tags?post=141"}],"curies":[{"name":"wp","href":"https:\/\/api.w.org\/{rel}","templated":true}]}}