{"id":1224,"date":"2023-07-23T16:02:57","date_gmt":"2023-07-23T14:02:57","guid":{"rendered":"https:\/\/regbu.com\/?p=1224"},"modified":"2025-09-05T07:40:47","modified_gmt":"2025-09-05T05:40:47","slug":"styl-bryli-musi-ladit-s-vasim-oblicejem","status":"publish","type":"post","link":"https:\/\/regbu.com\/et\/style-bryli-must-match-with-your-face\/","title":{"rendered":"Prillide stiil peab sobima teie n\u00e4oga"},"content":{"rendered":"<p>Prillide stiili saab valida mitmete asjade p\u00f5hjal. See on paljuski nagu <strong><a href=\"https:\/\/regbu.com\/et\/kellatuubid-riietusstiili-jargi\/\">kellat\u00fc\u00fcbid<\/a><\/strong>mida saate valida n\u00e4iteks vastavalt \u00fchiskondlikule s\u00fcndmusele. Prillidega on see veidi teisiti, sest need peaksid samuti sobima teie n\u00e4oga. Iga\u00fchel on veidi erinev kuju ja erinevad prillid sobivad neile. Alles siis keskendud teistele asjadele.<\/p>\n\n\n\n<ul class=\"wp-block-list\">\n<li>Raamide materjalit\u00f6\u00f6tlus<\/li>\n\n\n\n<li>Prillide toonimine<\/li>\n\n\n\n<li>Sobivate prillide valik<\/li>\n<\/ul>\n\n\n\n<h2 class=\"wp-block-heading\">Mis t\u00fc\u00fcpi n\u00e4gu teil on?<\/h2>\n\n\n\n<p>Kui soovite leida enda jaoks ideaalset prillide stiili, uurige esmalt, <strong>mis t\u00fc\u00fcpi n\u00e4gu teil on<\/strong>. Selleks piisab lihtsast t\u00f6\u00f6riistast. Vaadake peeglisse v\u00f5i tehke endast pilt ja v\u00f5rrelge oma n\u00e4gu teiste n\u00e4gudega vastavalt \u00fchele internetis leiduvale mustrile. Seej\u00e4rel saate valida oma prillid.<\/p>\n\n\n\n<figure class=\"wp-block-table\"><table><tbody><tr><td><strong>N\u00e4o kuju<\/strong><\/td><td><strong>Prillide stiil<\/strong><\/td><\/tr><tr><td>Ovaalne<\/td><td>Peaaegu k\u00f5ik kujud<\/td><\/tr><tr><td>S\u00fcda<\/td><td>Kass ja t\u00e4isv\u00f5rk<\/td><\/tr><tr><td>\u00dcmmargune<\/td><td>Nelinurksed veljed<\/td><\/tr><tr><td>Piklik<\/td><td>Ovaalsed ja \u00fcmmargused klaasid<\/td><\/tr><\/tbody><\/table><figcaption class=\"wp-element-caption\">Valige oma n\u00e4okujule sobivad prillid.<\/figcaption><\/figure>\n\n\n\n<p>Kui teil on kolmnurkne n\u00e4gu, peaksite prillidega r\u00f5hutama oma n\u00e4o \u00fclemist osa. Proovige laiemaid raame. Alternatiivina on v\u00f5imalik kasutada v\u00e4rvigradienti raami \u00fclemise ja alumise osa vahel.<\/p>\n\n\n\n<h3 class=\"wp-block-heading\">Prillide stiil vastavalt nahav\u00e4rvile<\/h3>\n\n\n\n<p>Loomulikult ei \u00fctle nahav\u00e4rv midagi selle kohta, millise raami kuju peaksite valima. Selle jaoks on eelmainitud n\u00e4okujundus teile hea abimees. <strong>Nahav\u00e4rv<\/strong> on siiski kasulik juhend ideaalse raami v\u00e4rvi valimisel. Kui olete talvine t\u00fc\u00fcp, valige must, hall, sinine v\u00f5i valge. Kui teie v\u00e4rv kuulub kevadiste t\u00fc\u00fcpide hulka, v\u00f5idavad kindlasti heledamad raamid. Pronks, pruun ja kuld on selle selge t\u00f5estus.<\/p>\n\n\n\n<p>Me ei tohiks unustada suviseid t\u00fc\u00fcpe, kus v\u00f5idavad julged v\u00e4rvid. Mida \u00fctleksite lilla, punase, h\u00f5behalli v\u00f5i sinise ja halli kombinatsiooni kohta? Ja millist prillistiili peaksid valima naised, kes on s\u00fcgisema nahatooniga? Siin ei ole midagi pikemalt arutleda. V\u00f5tke mahedate v\u00e4rvide tee. Nende hulka kuuluvad <em>tume<\/em> <em>roheline, oran\u017e, pruun, aga ka s\u00fcgav vanilje<\/em>. Kui j\u00e4rgite \u00fclaltoodud n\u00f5uandeid, saate oma riietust prillidega oluliselt m\u00f5jutada.<\/p>","protected":false},"excerpt":{"rendered":"<p>Prillide stiili saab valida mitmete asjade p\u00f5hjal. See on paljuski nagu kellat\u00fc\u00fcbid, mida valite n\u00e4iteks seltskondliku \u00fcrituse p\u00f5hjal. Prillide puhul on see veidi erinev selles m\u00f5ttes, et need peaksid samuti sobima teie n\u00e4oga. Iga\u00fchel on veidi erinev kuju ja sellega sobivad erinevad prillid. Alles siis ... <\/p>","protected":false},"author":2,"featured_media":1225,"comment_status":"closed","ping_status":"closed","sticky":false,"template":"","format":"standard","meta":{"footnotes":""},"categories":[671],"tags":[740,1068,1437,979,1436,1433,981,1438,1431,1434,993,1435],"class_list":["post-1224","post","type-post","status-publish","format-standard","has-post-thumbnail","hentry","category-moda","tag-barva","tag-bryle","tag-kulaty","tag-oblicej","tag-obroucek","tag-obroucky","tag-ovalny","tag-srdce","tag-styl-bryli","tag-tvar","tag-tvar-obliceje","tag-zabarveni"],"yoast_head":"<!-- This site is optimized with the Yoast SEO plugin v27.5 - https:\/\/yoast.com\/product\/yoast-seo-wordpress\/ -->\n<title>Styl br\u00fdl\u00ed mus\u00ed ladit s Va\u0161\u00edm obli\u010dejem - REGBU.COM<\/title>\n<meta name=\"description\" content=\"Styl br\u00fdl\u00ed je nekone\u010dnou z\u00e1le\u017eitost\u00ed. Zjist\u011bte, jak\u00e9 obrou\u010dky V\u00e1m padnou jako ulit\u00e9 pr\u00e1v\u011b na z\u00e1klad\u011b tvaru obli\u010deje.\" \/>\n<meta name=\"robots\" content=\"index, follow, max-snippet:-1, max-image-preview:large, max-video-preview:-1\" \/>\n<link rel=\"canonical\" href=\"https:\/\/regbu.com\/et\/style-bryli-must-match-with-your-face\/\" \/>\n<meta property=\"og:locale\" content=\"et_EE\" \/>\n<meta property=\"og:type\" content=\"article\" \/>\n<meta property=\"og:title\" content=\"Styl br\u00fdl\u00ed mus\u00ed ladit s Va\u0161\u00edm obli\u010dejem - REGBU.COM\" \/>\n<meta property=\"og:description\" content=\"Styl br\u00fdl\u00ed je nekone\u010dnou z\u00e1le\u017eitost\u00ed. Zjist\u011bte, jak\u00e9 obrou\u010dky V\u00e1m padnou jako ulit\u00e9 pr\u00e1v\u011b na z\u00e1klad\u011b tvaru obli\u010deje.\" \/>\n<meta property=\"og:url\" content=\"https:\/\/regbu.com\/et\/style-bryli-must-match-with-your-face\/\" \/>\n<meta property=\"og:site_name\" content=\"REGBU.COM\" \/>\n<meta property=\"article:published_time\" content=\"2023-07-23T14:02:57+00:00\" \/>\n<meta property=\"article:modified_time\" content=\"2025-09-05T05:40:47+00:00\" \/>\n<meta property=\"og:image\" content=\"https:\/\/regbu.com\/wp-content\/uploads\/2023\/07\/styl-bryly-musi-ladit-s-vasim-oblicejem.jpg\" \/>\n\t<meta property=\"og:image:width\" content=\"1200\" \/>\n\t<meta property=\"og:image:height\" content=\"679\" \/>\n\t<meta property=\"og:image:type\" content=\"image\/jpeg\" \/>\n<meta name=\"author\" content=\"George Martin\" \/>\n<meta name=\"twitter:card\" content=\"summary_large_image\" \/>\n<meta name=\"twitter:label1\" content=\"Written by\" \/>\n\t<meta name=\"twitter:data1\" content=\"George Martin\" \/>\n\t<meta name=\"twitter:label2\" content=\"Est. reading time\" \/>\n\t<meta name=\"twitter:data2\" content=\"2 minutit\" \/>\n<script type=\"application\/ld+json\" class=\"yoast-schema-graph\">{\"@context\":\"https:\\\/\\\/schema.org\",\"@graph\":[{\"@type\":\"Article\",\"@id\":\"https:\\\/\\\/regbu.com\\\/et\\\/style-bryli-must-match-with-your-face\\\/#article\",\"isPartOf\":{\"@id\":\"https:\\\/\\\/regbu.com\\\/et\\\/style-bryli-must-match-with-your-face\\\/\"},\"author\":{\"name\":\"George Martin\",\"@id\":\"https:\\\/\\\/regbu.com\\\/en\\\/#\\\/schema\\\/person\\\/94ea9deda2629771b8a9ced002f6784e\"},\"headline\":\"Styl br\u00fdl\u00ed mus\u00ed ladit s Va\u0161\u00edm obli\u010dejem\",\"datePublished\":\"2023-07-23T14:02:57+00:00\",\"dateModified\":\"2025-09-05T05:40:47+00:00\",\"mainEntityOfPage\":{\"@id\":\"https:\\\/\\\/regbu.com\\\/et\\\/style-bryli-must-match-with-your-face\\\/\"},\"wordCount\":455,\"image\":{\"@id\":\"https:\\\/\\\/regbu.com\\\/et\\\/style-bryli-must-match-with-your-face\\\/#primaryimage\"},\"thumbnailUrl\":\"https:\\\/\\\/regbu.com\\\/wp-content\\\/uploads\\\/2023\\\/07\\\/styl-bryly-musi-ladit-s-vasim-oblicejem.jpg\",\"keywords\":[\"barva\",\"br\u00fdle\",\"kulat\u00fd\",\"obli\u010dej\",\"obrou\u010dek\",\"obrou\u010dky\",\"ov\u00e1ln\u00fd\",\"srdce\",\"styl br\u00fdl\u00ed\",\"tvar\",\"tvar obli\u010deje\",\"zabarven\u00ed\"],\"articleSection\":[\"M\u00f3da\"],\"inLanguage\":\"et\"},{\"@type\":\"WebPage\",\"@id\":\"https:\\\/\\\/regbu.com\\\/et\\\/style-bryli-must-match-with-your-face\\\/\",\"url\":\"https:\\\/\\\/regbu.com\\\/et\\\/style-bryli-must-match-with-your-face\\\/\",\"name\":\"Styl br\u00fdl\u00ed mus\u00ed ladit s Va\u0161\u00edm obli\u010dejem - REGBU.COM\",\"isPartOf\":{\"@id\":\"https:\\\/\\\/regbu.com\\\/en\\\/#website\"},\"primaryImageOfPage\":{\"@id\":\"https:\\\/\\\/regbu.com\\\/et\\\/style-bryli-must-match-with-your-face\\\/#primaryimage\"},\"image\":{\"@id\":\"https:\\\/\\\/regbu.com\\\/et\\\/style-bryli-must-match-with-your-face\\\/#primaryimage\"},\"thumbnailUrl\":\"https:\\\/\\\/regbu.com\\\/wp-content\\\/uploads\\\/2023\\\/07\\\/styl-bryly-musi-ladit-s-vasim-oblicejem.jpg\",\"datePublished\":\"2023-07-23T14:02:57+00:00\",\"dateModified\":\"2025-09-05T05:40:47+00:00\",\"author\":{\"@id\":\"https:\\\/\\\/regbu.com\\\/en\\\/#\\\/schema\\\/person\\\/94ea9deda2629771b8a9ced002f6784e\"},\"description\":\"Styl br\u00fdl\u00ed je nekone\u010dnou z\u00e1le\u017eitost\u00ed. Zjist\u011bte, jak\u00e9 obrou\u010dky V\u00e1m padnou jako ulit\u00e9 pr\u00e1v\u011b na z\u00e1klad\u011b tvaru obli\u010deje.\",\"breadcrumb\":{\"@id\":\"https:\\\/\\\/regbu.com\\\/et\\\/style-bryli-must-match-with-your-face\\\/#breadcrumb\"},\"inLanguage\":\"et\",\"potentialAction\":[{\"@type\":\"ReadAction\",\"target\":[\"https:\\\/\\\/regbu.com\\\/et\\\/style-bryli-must-match-with-your-face\\\/\"]}]},{\"@type\":\"ImageObject\",\"inLanguage\":\"et\",\"@id\":\"https:\\\/\\\/regbu.com\\\/et\\\/style-bryli-must-match-with-your-face\\\/#primaryimage\",\"url\":\"https:\\\/\\\/regbu.com\\\/wp-content\\\/uploads\\\/2023\\\/07\\\/styl-bryly-musi-ladit-s-vasim-oblicejem.jpg\",\"contentUrl\":\"https:\\\/\\\/regbu.com\\\/wp-content\\\/uploads\\\/2023\\\/07\\\/styl-bryly-musi-ladit-s-vasim-oblicejem.jpg\",\"width\":1200,\"height\":679,\"caption\":\"Styl br\u00fdl\u00ed mus\u00ed ladit s Va\u0161\u00edm obli\u010dejem\"},{\"@type\":\"BreadcrumbList\",\"@id\":\"https:\\\/\\\/regbu.com\\\/et\\\/style-bryli-must-match-with-your-face\\\/#breadcrumb\",\"itemListElement\":[{\"@type\":\"ListItem\",\"position\":1,\"name\":\"Home\",\"item\":\"https:\\\/\\\/regbu.com\\\/en\\\/\"},{\"@type\":\"ListItem\",\"position\":2,\"name\":\"Styl br\u00fdl\u00ed mus\u00ed ladit s Va\u0161\u00edm obli\u010dejem\"}]},{\"@type\":\"WebSite\",\"@id\":\"https:\\\/\\\/regbu.com\\\/en\\\/#website\",\"url\":\"https:\\\/\\\/regbu.com\\\/en\\\/\",\"name\":\"REGBU.COM\",\"description\":\"\",\"potentialAction\":[{\"@type\":\"SearchAction\",\"target\":{\"@type\":\"EntryPoint\",\"urlTemplate\":\"https:\\\/\\\/regbu.com\\\/en\\\/?s={search_term_string}\"},\"query-input\":{\"@type\":\"PropertyValueSpecification\",\"valueRequired\":true,\"valueName\":\"search_term_string\"}}],\"inLanguage\":\"et\"},{\"@type\":\"Person\",\"@id\":\"https:\\\/\\\/regbu.com\\\/en\\\/#\\\/schema\\\/person\\\/94ea9deda2629771b8a9ced002f6784e\",\"name\":\"George Martin\",\"url\":\"https:\\\/\\\/regbu.com\\\/et\\\/author\\\/george-martin\\\/\"}]}<\/script>\n<!-- \/ Yoast SEO plugin. -->","yoast_head_json":{"title":"Prillide stiil peab sobima teie n\u00e4oga - REGBU.COM","description":"Prillide stiil on l\u00f5putu k\u00fcsimus. Uuri v\u00e4lja, millised raamid sobivad sulle nagu valatult, l\u00e4htudes sinu n\u00e4okujust.","robots":{"index":"index","follow":"follow","max-snippet":"max-snippet:-1","max-image-preview":"max-image-preview:large","max-video-preview":"max-video-preview:-1"},"canonical":"https:\/\/regbu.com\/et\/style-bryli-must-match-with-your-face\/","og_locale":"et_EE","og_type":"article","og_title":"Styl br\u00fdl\u00ed mus\u00ed ladit s Va\u0161\u00edm obli\u010dejem - REGBU.COM","og_description":"Styl br\u00fdl\u00ed je nekone\u010dnou z\u00e1le\u017eitost\u00ed. Zjist\u011bte, jak\u00e9 obrou\u010dky V\u00e1m padnou jako ulit\u00e9 pr\u00e1v\u011b na z\u00e1klad\u011b tvaru obli\u010deje.","og_url":"https:\/\/regbu.com\/et\/style-bryli-must-match-with-your-face\/","og_site_name":"REGBU.COM","article_published_time":"2023-07-23T14:02:57+00:00","article_modified_time":"2025-09-05T05:40:47+00:00","og_image":[{"width":1200,"height":679,"url":"https:\/\/regbu.com\/wp-content\/uploads\/2023\/07\/styl-bryly-musi-ladit-s-vasim-oblicejem.jpg","type":"image\/jpeg"}],"author":"George Martin","twitter_card":"summary_large_image","twitter_misc":{"Written by":"George Martin","Est. reading time":"2 minutit"},"schema":{"@context":"https:\/\/schema.org","@graph":[{"@type":"Article","@id":"https:\/\/regbu.com\/et\/style-bryli-must-match-with-your-face\/#article","isPartOf":{"@id":"https:\/\/regbu.com\/et\/style-bryli-must-match-with-your-face\/"},"author":{"name":"George Martin","@id":"https:\/\/regbu.com\/en\/#\/schema\/person\/94ea9deda2629771b8a9ced002f6784e"},"headline":"Styl br\u00fdl\u00ed mus\u00ed ladit s Va\u0161\u00edm obli\u010dejem","datePublished":"2023-07-23T14:02:57+00:00","dateModified":"2025-09-05T05:40:47+00:00","mainEntityOfPage":{"@id":"https:\/\/regbu.com\/et\/style-bryli-must-match-with-your-face\/"},"wordCount":455,"image":{"@id":"https:\/\/regbu.com\/et\/style-bryli-must-match-with-your-face\/#primaryimage"},"thumbnailUrl":"https:\/\/regbu.com\/wp-content\/uploads\/2023\/07\/styl-bryly-musi-ladit-s-vasim-oblicejem.jpg","keywords":["barva","br\u00fdle","kulat\u00fd","obli\u010dej","obrou\u010dek","obrou\u010dky","ov\u00e1ln\u00fd","srdce","styl br\u00fdl\u00ed","tvar","tvar obli\u010deje","zabarven\u00ed"],"articleSection":["M\u00f3da"],"inLanguage":"et"},{"@type":"WebPage","@id":"https:\/\/regbu.com\/et\/style-bryli-must-match-with-your-face\/","url":"https:\/\/regbu.com\/et\/style-bryli-must-match-with-your-face\/","name":"Prillide stiil peab sobima teie n\u00e4oga - REGBU.COM","isPartOf":{"@id":"https:\/\/regbu.com\/en\/#website"},"primaryImageOfPage":{"@id":"https:\/\/regbu.com\/et\/style-bryli-must-match-with-your-face\/#primaryimage"},"image":{"@id":"https:\/\/regbu.com\/et\/style-bryli-must-match-with-your-face\/#primaryimage"},"thumbnailUrl":"https:\/\/regbu.com\/wp-content\/uploads\/2023\/07\/styl-bryly-musi-ladit-s-vasim-oblicejem.jpg","datePublished":"2023-07-23T14:02:57+00:00","dateModified":"2025-09-05T05:40:47+00:00","author":{"@id":"https:\/\/regbu.com\/en\/#\/schema\/person\/94ea9deda2629771b8a9ced002f6784e"},"description":"Prillide stiil on l\u00f5putu k\u00fcsimus. Uuri v\u00e4lja, millised raamid sobivad sulle nagu valatult, l\u00e4htudes sinu n\u00e4okujust.","breadcrumb":{"@id":"https:\/\/regbu.com\/et\/style-bryli-must-match-with-your-face\/#breadcrumb"},"inLanguage":"et","potentialAction":[{"@type":"ReadAction","target":["https:\/\/regbu.com\/et\/style-bryli-must-match-with-your-face\/"]}]},{"@type":"ImageObject","inLanguage":"et","@id":"https:\/\/regbu.com\/et\/style-bryli-must-match-with-your-face\/#primaryimage","url":"https:\/\/regbu.com\/wp-content\/uploads\/2023\/07\/styl-bryly-musi-ladit-s-vasim-oblicejem.jpg","contentUrl":"https:\/\/regbu.com\/wp-content\/uploads\/2023\/07\/styl-bryly-musi-ladit-s-vasim-oblicejem.jpg","width":1200,"height":679,"caption":"Styl br\u00fdl\u00ed mus\u00ed ladit s Va\u0161\u00edm obli\u010dejem"},{"@type":"BreadcrumbList","@id":"https:\/\/regbu.com\/et\/style-bryli-must-match-with-your-face\/#breadcrumb","itemListElement":[{"@type":"ListItem","position":1,"name":"Home","item":"https:\/\/regbu.com\/en\/"},{"@type":"ListItem","position":2,"name":"Styl br\u00fdl\u00ed mus\u00ed ladit s Va\u0161\u00edm obli\u010dejem"}]},{"@type":"WebSite","@id":"https:\/\/regbu.com\/en\/#website","url":"https:\/\/regbu.com\/en\/","name":"REGBU.COM","description":"","potentialAction":[{"@type":"SearchAction","target":{"@type":"EntryPoint","urlTemplate":"https:\/\/regbu.com\/en\/?s={search_term_string}"},"query-input":{"@type":"PropertyValueSpecification","valueRequired":true,"valueName":"search_term_string"}}],"inLanguage":"et"},{"@type":"Person","@id":"https:\/\/regbu.com\/en\/#\/schema\/person\/94ea9deda2629771b8a9ced002f6784e","name":"George Martin","url":"https:\/\/regbu.com\/et\/author\/george-martin\/"}]}},"_links":{"self":[{"href":"https:\/\/regbu.com\/et\/wp-json\/wp\/v2\/posts\/1224","targetHints":{"allow":["GET"]}}],"collection":[{"href":"https:\/\/regbu.com\/et\/wp-json\/wp\/v2\/posts"}],"about":[{"href":"https:\/\/regbu.com\/et\/wp-json\/wp\/v2\/types\/post"}],"author":[{"embeddable":true,"href":"https:\/\/regbu.com\/et\/wp-json\/wp\/v2\/users\/2"}],"replies":[{"embeddable":true,"href":"https:\/\/regbu.com\/et\/wp-json\/wp\/v2\/comments?post=1224"}],"version-history":[{"count":2,"href":"https:\/\/regbu.com\/et\/wp-json\/wp\/v2\/posts\/1224\/revisions"}],"predecessor-version":[{"id":1233,"href":"https:\/\/regbu.com\/et\/wp-json\/wp\/v2\/posts\/1224\/revisions\/1233"}],"wp:featuredmedia":[{"embeddable":true,"href":"https:\/\/regbu.com\/et\/wp-json\/wp\/v2\/media\/1225"}],"wp:attachment":[{"href":"https:\/\/regbu.com\/et\/wp-json\/wp\/v2\/media?parent=1224"}],"wp:term":[{"taxonomy":"category","embeddable":true,"href":"https:\/\/regbu.com\/et\/wp-json\/wp\/v2\/categories?post=1224"},{"taxonomy":"post_tag","embeddable":true,"href":"https:\/\/regbu.com\/et\/wp-json\/wp\/v2\/tags?post=1224"}],"curies":[{"name":"wp","href":"https:\/\/api.w.org\/{rel}","templated":true}]}}