{"id":996,"date":"2023-07-10T16:38:57","date_gmt":"2023-07-10T14:38:57","guid":{"rendered":"https:\/\/regbu.com\/?p=996"},"modified":"2025-09-05T07:41:23","modified_gmt":"2025-09-05T05:41:23","slug":"motylek-jako-ikona-spolecenskeho-odevu","status":"publish","type":"post","link":"https:\/\/regbu.com\/es\/hoe-as-icon-de-ropa-solar\/","title":{"rendered":"La pajarita como icono de la indumentaria formal"},"content":{"rendered":"<p>La pajarita es parte integrante del <strong><a href=\"https:\/\/regbu.com\/es\/social-suit-select-now\/\">traje formal<\/a><\/strong>No creo que merezca la pena discutirlo. Muchos incluso lo llevan con ropa m\u00e1s formal. Lo m\u00e1s frecuente es que forme parte de la indumentaria masculina, aunque ciertamente no hay l\u00edmites para la extravagancia y la creatividad.<\/p>\n\n\n\n<ul class=\"wp-block-list\">\n<li>Se ata alrededor del cuello<\/li>\n\n\n\n<li>Se utiliza desde hace m\u00e1s de cuatro siglos.<\/li>\n\n\n\n<li>Una excepci\u00f3n no son las pajaritas para ni\u00f1os<\/li>\n<\/ul>\n\n\n\n<p>Pocas personas saben tambi\u00e9n que existe un artilugio relacionado con la pajarita como tal, relativo a su longitud. Debe corresponder en gran medida a la distancia entre las cejas.<\/p>\n\n\n\n<h2 class=\"wp-block-heading\">La mariposa y sus materiales de producci\u00f3n<\/h2>\n\n\n\n<p>Si ve una pajarita por primera vez, lo m\u00e1s probable es que empiece a preguntarse de qu\u00e9 est\u00e1 hecha. Probablemente, todo el mundo adivine correctamente que <em>el material m\u00e1s popular es el textil<\/em>...y luego la sustancia. Adem\u00e1s del cl\u00e1sico algod\u00f3n, tambi\u00e9n puede encontrar una gran variedad de otros tejidos.<\/p>\n\n\n\n<figure class=\"wp-block-table\"><table><tbody><tr><td><strong>Sustancia<\/strong><\/td><td><strong>Informaci\u00f3n<\/strong><\/td><\/tr><tr><td>Poli\u00e9ster<\/td><td>Opci\u00f3n m\u00e1s barata<\/td><\/tr><tr><td>Raso<\/td><td>Soluciones superiores<\/td><\/tr><tr><td>Seda<\/td><td>Una versi\u00f3n m\u00e1s festiva<\/td><\/tr><tr><td>Lana<\/td><td>Material menos com\u00fan<\/td><\/tr><\/tbody><\/table><figcaption class=\"wp-element-caption\">El material de producci\u00f3n m\u00e1s com\u00fan para pajaritas sociales.<\/figcaption><\/figure>\n\n\n\n<p>Por supuesto, tambi\u00e9n puede encontrar materiales de producci\u00f3n menos tradicionales. Por ejemplo, podemos mencionar las pajaritas de madera, muy populares \u00faltimamente. El papel, el cristal y el metal no son una excepci\u00f3n. En todos ellos, lo principal es la originalidad y la extravagancia.<\/p>\n\n\n\n<h3 class=\"wp-block-heading\">Diferentes formas de anudar la pajarita<\/h3>\n\n\n\n<p>La pajarita se divide en la propia base seg\u00fan el m\u00e9todo de anudado. Una de las variantes es <strong>pajarita preatada<\/strong>. Una versi\u00f3n mucho m\u00e1s antigua es la pajarita anudada. Su anchura es de unos siete cent\u00edmetros, su altura de unos tres cent\u00edmetros y est\u00e1 hecha de una sola pieza de tela. Se necesita cierta habilidad para anudarla, en comparaci\u00f3n con la versi\u00f3n preanudada. \u00c9sta s\u00f3lo necesita abrocharse alrededor del cuello. La pajarita cl\u00e1sica puede anudarse de varias maneras.<\/p>\n\n\n\n<p>Adem\u00e1s de las cl\u00e1sicas pajaritas conocidas como bow-tie, tambi\u00e9n existen versiones altas conocidas como <strong>mariposa<\/strong>. Causan una impresi\u00f3n literalmente imperdible en el cuello de un hombre. Lo contrario son las pajaritas bajas, llamadas de ala de murci\u00e9lago. Especialmente en los Estados Unidos de Am\u00e9rica y M\u00e9xico, encontrar\u00e1 pajaritas que tambi\u00e9n tienen un extremo alargado. Se llaman pajaritas de hilo. Sea cual sea la pajarita que elija, siempre estar\u00e1 elegante.<\/p>","protected":false},"excerpt":{"rendered":"<p>Una pajarita es parte integrante de un traje formal, probablemente no tenga sentido discutirlo. Muchos incluso la llevan con trajes m\u00e1s formales. Lo m\u00e1s habitual es que forme parte de la indumentaria masculina, aunque ciertamente no hay l\u00edmites para la extravagancia y la creatividad. Pocos saben tambi\u00e9n que la pajarita como tal est\u00e1 relacionada con un artilugio relacionado con su longitud. ... <\/p>","protected":false},"author":2,"featured_media":997,"comment_status":"closed","ping_status":"closed","sticky":false,"template":"","format":"standard","meta":{"footnotes":""},"categories":[671],"tags":[998,685,995,996,1000,1001,997,1002,1003,999],"class_list":["post-996","post","type-post","status-publish","format-standard","has-post-thumbnail","hentry","category-moda","tag-hedvabi","tag-limecek","tag-motylek","tag-polyester","tag-predvazany","tag-predvazany-motylek","tag-saten","tag-vazany","tag-vazany-motylek","tag-vlna"],"yoast_head":"<!-- This site is optimized with the Yoast SEO plugin v27.5 - https:\/\/yoast.com\/product\/yoast-seo-wordpress\/ -->\n<title>Mot\u00fdlek jako ikona spole\u010densk\u00e9ho od\u011bvu - REGBU.COM<\/title>\n<meta name=\"description\" content=\"Mot\u00fdlek je d\u016fle\u017eitou sou\u010d\u00e1st\u00ed spole\u010densk\u00e9ho od\u011bvu. Zjist\u011bte o tomto elegantn\u00edm dopl\u0148ku v\u00edce praktick\u00fdch informac\u00ed.\" \/>\n<meta name=\"robots\" content=\"index, follow, max-snippet:-1, max-image-preview:large, max-video-preview:-1\" \/>\n<link rel=\"canonical\" href=\"https:\/\/regbu.com\/es\/hoe-as-icon-de-ropa-solar\/\" \/>\n<meta property=\"og:locale\" content=\"es_ES\" \/>\n<meta property=\"og:type\" content=\"article\" \/>\n<meta property=\"og:title\" content=\"Mot\u00fdlek jako ikona spole\u010densk\u00e9ho od\u011bvu - REGBU.COM\" \/>\n<meta property=\"og:description\" content=\"Mot\u00fdlek je d\u016fle\u017eitou sou\u010d\u00e1st\u00ed spole\u010densk\u00e9ho od\u011bvu. Zjist\u011bte o tomto elegantn\u00edm dopl\u0148ku v\u00edce praktick\u00fdch informac\u00ed.\" \/>\n<meta property=\"og:url\" content=\"https:\/\/regbu.com\/es\/hoe-as-icon-de-ropa-solar\/\" \/>\n<meta property=\"og:site_name\" content=\"REGBU.COM\" \/>\n<meta property=\"article:published_time\" content=\"2023-07-10T14:38:57+00:00\" \/>\n<meta property=\"article:modified_time\" content=\"2025-09-05T05:41:23+00:00\" \/>\n<meta property=\"og:image\" content=\"https:\/\/regbu.com\/wp-content\/uploads\/2023\/07\/motylek-jako-ikona-spolecenskeho-odevu.jpg\" \/>\n\t<meta property=\"og:image:width\" content=\"1200\" \/>\n\t<meta property=\"og:image:height\" content=\"676\" \/>\n\t<meta property=\"og:image:type\" content=\"image\/jpeg\" \/>\n<meta name=\"author\" content=\"George Martin\" \/>\n<meta name=\"twitter:card\" content=\"summary_large_image\" \/>\n<meta name=\"twitter:label1\" content=\"Escrito por\" \/>\n\t<meta name=\"twitter:data1\" content=\"George Martin\" \/>\n\t<meta name=\"twitter:label2\" content=\"Tiempo de lectura\" \/>\n\t<meta name=\"twitter:data2\" content=\"2 minutos\" \/>\n<script type=\"application\/ld+json\" class=\"yoast-schema-graph\">{\"@context\":\"https:\\\/\\\/schema.org\",\"@graph\":[{\"@type\":\"Article\",\"@id\":\"https:\\\/\\\/regbu.com\\\/es\\\/hoe-as-icon-de-ropa-solar\\\/#article\",\"isPartOf\":{\"@id\":\"https:\\\/\\\/regbu.com\\\/es\\\/hoe-as-icon-de-ropa-solar\\\/\"},\"author\":{\"name\":\"George Martin\",\"@id\":\"https:\\\/\\\/regbu.com\\\/en\\\/#\\\/schema\\\/person\\\/94ea9deda2629771b8a9ced002f6784e\"},\"headline\":\"Mot\u00fdlek jako ikona spole\u010densk\u00e9ho od\u011bvu\",\"datePublished\":\"2023-07-10T14:38:57+00:00\",\"dateModified\":\"2025-09-05T05:41:23+00:00\",\"mainEntityOfPage\":{\"@id\":\"https:\\\/\\\/regbu.com\\\/es\\\/hoe-as-icon-de-ropa-solar\\\/\"},\"wordCount\":482,\"image\":{\"@id\":\"https:\\\/\\\/regbu.com\\\/es\\\/hoe-as-icon-de-ropa-solar\\\/#primaryimage\"},\"thumbnailUrl\":\"https:\\\/\\\/regbu.com\\\/wp-content\\\/uploads\\\/2023\\\/07\\\/motylek-jako-ikona-spolecenskeho-odevu.jpg\",\"keywords\":[\"hedv\u00e1b\u00ed\",\"l\u00edme\u010dek\",\"mot\u00fdlek\",\"polyester\",\"p\u0159edv\u00e1zan\u00fd\",\"p\u0159edv\u00e1zan\u00fd mot\u00fdlek\",\"sat\u00e9n\",\"v\u00e1zan\u00fd\",\"v\u00e1zan\u00fd mot\u00fdlek\",\"vlna\"],\"articleSection\":[\"M\u00f3da\"],\"inLanguage\":\"es\"},{\"@type\":\"WebPage\",\"@id\":\"https:\\\/\\\/regbu.com\\\/es\\\/hoe-as-icon-de-ropa-solar\\\/\",\"url\":\"https:\\\/\\\/regbu.com\\\/es\\\/hoe-as-icon-de-ropa-solar\\\/\",\"name\":\"Mot\u00fdlek jako ikona spole\u010densk\u00e9ho od\u011bvu - REGBU.COM\",\"isPartOf\":{\"@id\":\"https:\\\/\\\/regbu.com\\\/en\\\/#website\"},\"primaryImageOfPage\":{\"@id\":\"https:\\\/\\\/regbu.com\\\/es\\\/hoe-as-icon-de-ropa-solar\\\/#primaryimage\"},\"image\":{\"@id\":\"https:\\\/\\\/regbu.com\\\/es\\\/hoe-as-icon-de-ropa-solar\\\/#primaryimage\"},\"thumbnailUrl\":\"https:\\\/\\\/regbu.com\\\/wp-content\\\/uploads\\\/2023\\\/07\\\/motylek-jako-ikona-spolecenskeho-odevu.jpg\",\"datePublished\":\"2023-07-10T14:38:57+00:00\",\"dateModified\":\"2025-09-05T05:41:23+00:00\",\"author\":{\"@id\":\"https:\\\/\\\/regbu.com\\\/en\\\/#\\\/schema\\\/person\\\/94ea9deda2629771b8a9ced002f6784e\"},\"description\":\"Mot\u00fdlek je d\u016fle\u017eitou sou\u010d\u00e1st\u00ed spole\u010densk\u00e9ho od\u011bvu. Zjist\u011bte o tomto elegantn\u00edm dopl\u0148ku v\u00edce praktick\u00fdch informac\u00ed.\",\"breadcrumb\":{\"@id\":\"https:\\\/\\\/regbu.com\\\/es\\\/hoe-as-icon-de-ropa-solar\\\/#breadcrumb\"},\"inLanguage\":\"es\",\"potentialAction\":[{\"@type\":\"ReadAction\",\"target\":[\"https:\\\/\\\/regbu.com\\\/es\\\/hoe-as-icon-de-ropa-solar\\\/\"]}]},{\"@type\":\"ImageObject\",\"inLanguage\":\"es\",\"@id\":\"https:\\\/\\\/regbu.com\\\/es\\\/hoe-as-icon-de-ropa-solar\\\/#primaryimage\",\"url\":\"https:\\\/\\\/regbu.com\\\/wp-content\\\/uploads\\\/2023\\\/07\\\/motylek-jako-ikona-spolecenskeho-odevu.jpg\",\"contentUrl\":\"https:\\\/\\\/regbu.com\\\/wp-content\\\/uploads\\\/2023\\\/07\\\/motylek-jako-ikona-spolecenskeho-odevu.jpg\",\"width\":1200,\"height\":676,\"caption\":\"Mot\u00fdlek jako ikona spole\u010densk\u00e9ho od\u011bvu\"},{\"@type\":\"BreadcrumbList\",\"@id\":\"https:\\\/\\\/regbu.com\\\/es\\\/hoe-as-icon-de-ropa-solar\\\/#breadcrumb\",\"itemListElement\":[{\"@type\":\"ListItem\",\"position\":1,\"name\":\"Home\",\"item\":\"https:\\\/\\\/regbu.com\\\/en\\\/\"},{\"@type\":\"ListItem\",\"position\":2,\"name\":\"Mot\u00fdlek jako ikona spole\u010densk\u00e9ho od\u011bvu\"}]},{\"@type\":\"WebSite\",\"@id\":\"https:\\\/\\\/regbu.com\\\/en\\\/#website\",\"url\":\"https:\\\/\\\/regbu.com\\\/en\\\/\",\"name\":\"REGBU.COM\",\"description\":\"\",\"potentialAction\":[{\"@type\":\"SearchAction\",\"target\":{\"@type\":\"EntryPoint\",\"urlTemplate\":\"https:\\\/\\\/regbu.com\\\/en\\\/?s={search_term_string}\"},\"query-input\":{\"@type\":\"PropertyValueSpecification\",\"valueRequired\":true,\"valueName\":\"search_term_string\"}}],\"inLanguage\":\"es\"},{\"@type\":\"Person\",\"@id\":\"https:\\\/\\\/regbu.com\\\/en\\\/#\\\/schema\\\/person\\\/94ea9deda2629771b8a9ced002f6784e\",\"name\":\"George Martin\",\"url\":\"https:\\\/\\\/regbu.com\\\/es\\\/author\\\/george-martin\\\/\"}]}<\/script>\n<!-- \/ Yoast SEO plugin. -->","yoast_head_json":{"title":"La pajarita como icono de la ropa formal - REGBU.COM","description":"La pajarita es una parte importante de la indumentaria formal. Descubra m\u00e1s informaci\u00f3n pr\u00e1ctica sobre este elegante accesorio.","robots":{"index":"index","follow":"follow","max-snippet":"max-snippet:-1","max-image-preview":"max-image-preview:large","max-video-preview":"max-video-preview:-1"},"canonical":"https:\/\/regbu.com\/es\/hoe-as-icon-de-ropa-solar\/","og_locale":"es_ES","og_type":"article","og_title":"Mot\u00fdlek jako ikona spole\u010densk\u00e9ho od\u011bvu - REGBU.COM","og_description":"Mot\u00fdlek je d\u016fle\u017eitou sou\u010d\u00e1st\u00ed spole\u010densk\u00e9ho od\u011bvu. Zjist\u011bte o tomto elegantn\u00edm dopl\u0148ku v\u00edce praktick\u00fdch informac\u00ed.","og_url":"https:\/\/regbu.com\/es\/hoe-as-icon-de-ropa-solar\/","og_site_name":"REGBU.COM","article_published_time":"2023-07-10T14:38:57+00:00","article_modified_time":"2025-09-05T05:41:23+00:00","og_image":[{"width":1200,"height":676,"url":"https:\/\/regbu.com\/wp-content\/uploads\/2023\/07\/motylek-jako-ikona-spolecenskeho-odevu.jpg","type":"image\/jpeg"}],"author":"George Martin","twitter_card":"summary_large_image","twitter_misc":{"Escrito por":"George Martin","Tiempo de lectura":"2 minutos"},"schema":{"@context":"https:\/\/schema.org","@graph":[{"@type":"Article","@id":"https:\/\/regbu.com\/es\/hoe-as-icon-de-ropa-solar\/#article","isPartOf":{"@id":"https:\/\/regbu.com\/es\/hoe-as-icon-de-ropa-solar\/"},"author":{"name":"George Martin","@id":"https:\/\/regbu.com\/en\/#\/schema\/person\/94ea9deda2629771b8a9ced002f6784e"},"headline":"Mot\u00fdlek jako ikona spole\u010densk\u00e9ho od\u011bvu","datePublished":"2023-07-10T14:38:57+00:00","dateModified":"2025-09-05T05:41:23+00:00","mainEntityOfPage":{"@id":"https:\/\/regbu.com\/es\/hoe-as-icon-de-ropa-solar\/"},"wordCount":482,"image":{"@id":"https:\/\/regbu.com\/es\/hoe-as-icon-de-ropa-solar\/#primaryimage"},"thumbnailUrl":"https:\/\/regbu.com\/wp-content\/uploads\/2023\/07\/motylek-jako-ikona-spolecenskeho-odevu.jpg","keywords":["hedv\u00e1b\u00ed","l\u00edme\u010dek","mot\u00fdlek","polyester","p\u0159edv\u00e1zan\u00fd","p\u0159edv\u00e1zan\u00fd mot\u00fdlek","sat\u00e9n","v\u00e1zan\u00fd","v\u00e1zan\u00fd mot\u00fdlek","vlna"],"articleSection":["M\u00f3da"],"inLanguage":"es"},{"@type":"WebPage","@id":"https:\/\/regbu.com\/es\/hoe-as-icon-de-ropa-solar\/","url":"https:\/\/regbu.com\/es\/hoe-as-icon-de-ropa-solar\/","name":"La pajarita como icono de la ropa formal - REGBU.COM","isPartOf":{"@id":"https:\/\/regbu.com\/en\/#website"},"primaryImageOfPage":{"@id":"https:\/\/regbu.com\/es\/hoe-as-icon-de-ropa-solar\/#primaryimage"},"image":{"@id":"https:\/\/regbu.com\/es\/hoe-as-icon-de-ropa-solar\/#primaryimage"},"thumbnailUrl":"https:\/\/regbu.com\/wp-content\/uploads\/2023\/07\/motylek-jako-ikona-spolecenskeho-odevu.jpg","datePublished":"2023-07-10T14:38:57+00:00","dateModified":"2025-09-05T05:41:23+00:00","author":{"@id":"https:\/\/regbu.com\/en\/#\/schema\/person\/94ea9deda2629771b8a9ced002f6784e"},"description":"La pajarita es una parte importante de la indumentaria formal. Descubra m\u00e1s informaci\u00f3n pr\u00e1ctica sobre este elegante accesorio.","breadcrumb":{"@id":"https:\/\/regbu.com\/es\/hoe-as-icon-de-ropa-solar\/#breadcrumb"},"inLanguage":"es","potentialAction":[{"@type":"ReadAction","target":["https:\/\/regbu.com\/es\/hoe-as-icon-de-ropa-solar\/"]}]},{"@type":"ImageObject","inLanguage":"es","@id":"https:\/\/regbu.com\/es\/hoe-as-icon-de-ropa-solar\/#primaryimage","url":"https:\/\/regbu.com\/wp-content\/uploads\/2023\/07\/motylek-jako-ikona-spolecenskeho-odevu.jpg","contentUrl":"https:\/\/regbu.com\/wp-content\/uploads\/2023\/07\/motylek-jako-ikona-spolecenskeho-odevu.jpg","width":1200,"height":676,"caption":"Mot\u00fdlek jako ikona spole\u010densk\u00e9ho od\u011bvu"},{"@type":"BreadcrumbList","@id":"https:\/\/regbu.com\/es\/hoe-as-icon-de-ropa-solar\/#breadcrumb","itemListElement":[{"@type":"ListItem","position":1,"name":"Home","item":"https:\/\/regbu.com\/en\/"},{"@type":"ListItem","position":2,"name":"Mot\u00fdlek jako ikona spole\u010densk\u00e9ho od\u011bvu"}]},{"@type":"WebSite","@id":"https:\/\/regbu.com\/en\/#website","url":"https:\/\/regbu.com\/en\/","name":"REGBU.COM","description":"","potentialAction":[{"@type":"SearchAction","target":{"@type":"EntryPoint","urlTemplate":"https:\/\/regbu.com\/en\/?s={search_term_string}"},"query-input":{"@type":"PropertyValueSpecification","valueRequired":true,"valueName":"search_term_string"}}],"inLanguage":"es"},{"@type":"Person","@id":"https:\/\/regbu.com\/en\/#\/schema\/person\/94ea9deda2629771b8a9ced002f6784e","name":"George Martin","url":"https:\/\/regbu.com\/es\/author\/george-martin\/"}]}},"_links":{"self":[{"href":"https:\/\/regbu.com\/es\/wp-json\/wp\/v2\/posts\/996","targetHints":{"allow":["GET"]}}],"collection":[{"href":"https:\/\/regbu.com\/es\/wp-json\/wp\/v2\/posts"}],"about":[{"href":"https:\/\/regbu.com\/es\/wp-json\/wp\/v2\/types\/post"}],"author":[{"embeddable":true,"href":"https:\/\/regbu.com\/es\/wp-json\/wp\/v2\/users\/2"}],"replies":[{"embeddable":true,"href":"https:\/\/regbu.com\/es\/wp-json\/wp\/v2\/comments?post=996"}],"version-history":[{"count":2,"href":"https:\/\/regbu.com\/es\/wp-json\/wp\/v2\/posts\/996\/revisions"}],"predecessor-version":[{"id":1007,"href":"https:\/\/regbu.com\/es\/wp-json\/wp\/v2\/posts\/996\/revisions\/1007"}],"wp:featuredmedia":[{"embeddable":true,"href":"https:\/\/regbu.com\/es\/wp-json\/wp\/v2\/media\/997"}],"wp:attachment":[{"href":"https:\/\/regbu.com\/es\/wp-json\/wp\/v2\/media?parent=996"}],"wp:term":[{"taxonomy":"category","embeddable":true,"href":"https:\/\/regbu.com\/es\/wp-json\/wp\/v2\/categories?post=996"},{"taxonomy":"post_tag","embeddable":true,"href":"https:\/\/regbu.com\/es\/wp-json\/wp\/v2\/tags?post=996"}],"curies":[{"name":"wp","href":"https:\/\/api.w.org\/{rel}","templated":true}]}}