{"id":926,"date":"2023-06-21T15:50:06","date_gmt":"2023-06-21T13:50:06","guid":{"rendered":"https:\/\/regbu.com\/?p=926"},"modified":"2025-09-05T07:42:20","modified_gmt":"2025-09-05T05:42:20","slug":"cestovni-kufr-volte-podle-svych-potreb","status":"publish","type":"post","link":"https:\/\/regbu.com\/es\/maleta-de-viaje-elija-segun-sus-necesidades\/","title":{"rendered":"Elija su maleta en funci\u00f3n de sus necesidades"},"content":{"rendered":"<p>El malet\u00edn de viaje es una herramienta indispensable cuando se viaja. Lo m\u00e1s probable es que quepa en <strong><a href=\"https:\/\/regbu.com\/es\/equipos-de-guiado-desde-y-hacia\/\">equipamiento n\u00e1utico<\/a><\/strong>. En todos los dem\u00e1s casos, sin embargo, le ayudar\u00e1. Se trata de un equipaje de viaje que sirve para transportar objetos selectos. A la hora de elegirlo y comprarlo, puede tener en cuenta muchos par\u00e1metros.<\/p>\n\n\n\n<ul class=\"wp-block-list\">\n<li>Talla<\/li>\n\n\n\n<li>Material de producci\u00f3n<\/li>\n\n\n\n<li>Accesorios<\/li>\n<\/ul>\n\n\n\n<p>Para muchos viajeros, el aspecto final tambi\u00e9n ser\u00e1 un factor decisivo. Una maleta puede ser monocrom\u00e1tica, pero no hay excepci\u00f3n <em>impresi\u00f3n extravagante y todo tipo de modificaciones<\/em>. No hay l\u00edmites en esta direcci\u00f3n.<\/p>\n\n\n\n<h2 class=\"wp-block-heading\">Malet\u00edn de viaje y su tama\u00f1o<\/h2>\n\n\n\n<p>En primer lugar, debe saber qu\u00e9 tama\u00f1o de maleta necesita. Piensa en el flete a\u00e9reo, si ser\u00e1 <strong>equipaje de mano o facturado<\/strong> y compruebe las dimensiones en consecuencia. Las maletas suelen ir marcadas con letras para indicar el tama\u00f1o. Por ejemplo, S es peque\u00f1a y L es grande. El tama\u00f1o determina luego elementos como el n\u00famero de ruedas y el dise\u00f1o del asa.<\/p>\n\n\n\n<h3 class=\"wp-block-heading\">Preguntas y respuestas frecuentes<\/h3>\n\n\n\n<p>Pero centr\u00e9monos en otros detalles relacionados con la elecci\u00f3n de este dispositivo de viaje. Una maleta de viaje suele estar hecha de&nbsp;<strong>material de producci\u00f3n diferente<\/strong>. La mayor\u00eda de las veces es textil o de carcasa. Las maletas h\u00edbridas y de aluminio no son una excepci\u00f3n.<\/p>\n\n\n\n<p><\/p>\n\n\n\n<div class=\"schema-faq wp-block-yoast-faq-block\"><div class=\"schema-faq-section\" id=\"faq-question-1687355069434\"><strong class=\"schema-faq-question\">\u00bfDe qu\u00e9 material suelen estar hechas las maletas textiles?<\/strong> <p class=\"schema-faq-answer\">A los fabricantes contempor\u00e1neos les gusta utilizar nailon y poli\u00e9ster. Este \u00faltimo se combina a menudo, por ejemplo, con pl\u00e1stico.<\/p> <\/div> <div class=\"schema-faq-section\" id=\"faq-question-1687355076258\"><strong class=\"schema-faq-question\">\u00bfCu\u00e1les son las caracter\u00edsticas est\u00e1ndar de una maleta?<\/strong> <p class=\"schema-faq-answer\">Este tipo de equipaje suele tener un asa ajustable, ruedas, bolsillos internos, un asa, un separador interno de tela y correas de seguridad.<\/p> <\/div> <div class=\"schema-faq-section\" id=\"faq-question-1687355084871\"><strong class=\"schema-faq-question\">\u00bfCu\u00e1l es la ventaja de una maleta con cuatro ruedas?<\/strong> <p class=\"schema-faq-answer\">Una maleta con una rueda en cada esquina le permite transportarla sin tener que arrastrarla detr\u00e1s de usted. Esto supone un alivio a la hora de desplazarse.<\/p> <\/div> <div class=\"schema-faq-section\" id=\"faq-question-1687355093414\"><strong class=\"schema-faq-question\">\u00bfCu\u00e1les son las franquicias habituales de equipaje de mano para embarcar?<\/strong> <p class=\"schema-faq-answer\">En este caso, tenga en cuenta las dimensiones l\u00edmite de 55 x 40 x 20 cm. T\u00e9ngalo en cuenta a la hora de elegir su producto.<\/p> <\/div> <div class=\"schema-faq-section\" id=\"faq-question-1687355101473\"><strong class=\"schema-faq-question\">\u00bfC\u00f3mo aseguro mi maleta?<\/strong> <p class=\"schema-faq-answer\">Las maletas modernas est\u00e1n equipadas con candados especiales con c\u00f3digo TSA. Para mayor seguridad, tambi\u00e9n se puede utilizar un candado tradicional, ya que la mayor\u00eda de los deslizadores de cremallera lo permiten.<\/p> <\/div> <\/div>","protected":false},"excerpt":{"rendered":"<p>La maleta de viaje es una herramienta indispensable cuando se viaja. Lo m\u00e1s probable es que se incluya en el equipo de navegaci\u00f3n. Pero en todos los dem\u00e1s casos ser\u00e1 \u00fatil. Se trata de un equipaje de viaje que sirve para transportar determinados objetos. A la hora de elegirlo y comprarlo, hay que tener en cuenta muchos par\u00e1metros. Para muchos viajeros, el aspecto final tambi\u00e9n ser\u00e1 un elemento decisivo. ... <\/p>","protected":false},"author":2,"featured_media":927,"comment_status":"closed","ping_status":"closed","sticky":false,"template":"","format":"standard","meta":{"footnotes":""},"categories":[8],"tags":[637,861,863,867,862,864,869,868,865,866],"class_list":["post-926","post","type-post","status-publish","format-standard","has-post-thumbnail","hentry","category-cestovani","tag-cestovani","tag-cestovni-kufr","tag-cestovni-kufry","tag-kabinove-zavazadlo","tag-kufr","tag-kufry","tag-material","tag-odbavene-zavazadlo","tag-velikost","tag-zavazadlo"],"yoast_head":"<!-- This site is optimized with the Yoast SEO plugin v27.5 - https:\/\/yoast.com\/product\/yoast-seo-wordpress\/ -->\n<title>Cestovn\u00ed kufr volte podle sv\u00fdch pot\u0159eb - REGBU.COM<\/title>\n<meta name=\"description\" content=\"Cestovn\u00ed kufr pat\u0159\u00ed k nezbytn\u00e9 v\u00fdbav\u011b ka\u017ed\u00e9ho cestovatele. V\u00edte, podle \u010deho byste si m\u011bli vybrat ten spr\u00e1vn\u00fd?\" \/>\n<meta name=\"robots\" content=\"index, follow, max-snippet:-1, max-image-preview:large, max-video-preview:-1\" \/>\n<link rel=\"canonical\" href=\"https:\/\/regbu.com\/es\/maleta-de-viaje-elija-segun-sus-necesidades\/\" \/>\n<meta property=\"og:locale\" content=\"es_ES\" \/>\n<meta property=\"og:type\" content=\"article\" \/>\n<meta property=\"og:title\" content=\"Cestovn\u00ed kufr volte podle sv\u00fdch pot\u0159eb - REGBU.COM\" \/>\n<meta property=\"og:description\" content=\"Cestovn\u00ed kufr pat\u0159\u00ed k nezbytn\u00e9 v\u00fdbav\u011b ka\u017ed\u00e9ho cestovatele. V\u00edte, podle \u010deho byste si m\u011bli vybrat ten spr\u00e1vn\u00fd?\" \/>\n<meta property=\"og:url\" content=\"https:\/\/regbu.com\/es\/maleta-de-viaje-elija-segun-sus-necesidades\/\" \/>\n<meta property=\"og:site_name\" content=\"REGBU.COM\" \/>\n<meta property=\"article:published_time\" content=\"2023-06-21T13:50:06+00:00\" \/>\n<meta property=\"article:modified_time\" content=\"2025-09-05T05:42:20+00:00\" \/>\n<meta property=\"og:image\" content=\"https:\/\/regbu.com\/wp-content\/uploads\/2023\/06\/cestovni-kufr-volte-podle-svych-potreb.jpg\" \/>\n\t<meta property=\"og:image:width\" content=\"1200\" \/>\n\t<meta property=\"og:image:height\" content=\"679\" \/>\n\t<meta property=\"og:image:type\" content=\"image\/jpeg\" \/>\n<meta name=\"author\" content=\"George Martin\" \/>\n<meta name=\"twitter:card\" content=\"summary_large_image\" \/>\n<meta name=\"twitter:label1\" content=\"Escrito por\" \/>\n\t<meta name=\"twitter:data1\" content=\"George Martin\" \/>\n\t<meta name=\"twitter:label2\" content=\"Tiempo de lectura\" \/>\n\t<meta name=\"twitter:data2\" content=\"2 minutos\" \/>\n<script type=\"application\/ld+json\" class=\"yoast-schema-graph\">{\"@context\":\"https:\\\/\\\/schema.org\",\"@graph\":[{\"@type\":\"Article\",\"@id\":\"https:\\\/\\\/regbu.com\\\/es\\\/maleta-de-viaje-elija-segun-sus-necesidades\\\/#article\",\"isPartOf\":{\"@id\":\"https:\\\/\\\/regbu.com\\\/es\\\/maleta-de-viaje-elija-segun-sus-necesidades\\\/\"},\"author\":{\"name\":\"George Martin\",\"@id\":\"https:\\\/\\\/regbu.com\\\/en\\\/#\\\/schema\\\/person\\\/94ea9deda2629771b8a9ced002f6784e\"},\"headline\":\"Cestovn\u00ed kufr volte podle sv\u00fdch pot\u0159eb\",\"datePublished\":\"2023-06-21T13:50:06+00:00\",\"dateModified\":\"2025-09-05T05:42:20+00:00\",\"mainEntityOfPage\":{\"@id\":\"https:\\\/\\\/regbu.com\\\/es\\\/maleta-de-viaje-elija-segun-sus-necesidades\\\/\"},\"wordCount\":451,\"image\":{\"@id\":\"https:\\\/\\\/regbu.com\\\/es\\\/maleta-de-viaje-elija-segun-sus-necesidades\\\/#primaryimage\"},\"thumbnailUrl\":\"https:\\\/\\\/regbu.com\\\/wp-content\\\/uploads\\\/2023\\\/06\\\/cestovni-kufr-volte-podle-svych-potreb.jpg\",\"keywords\":[\"cestov\u00e1n\u00ed\",\"cestovn\u00ed kufr\",\"cestovn\u00ed kufry\",\"kabinov\u00e9 zavazadlo\",\"kufr\",\"kufry\",\"materi\u00e1l\",\"odbaven\u00e9 zavazadlo\",\"velikost\",\"zavazadlo\"],\"articleSection\":[\"Cestov\u00e1n\u00ed\"],\"inLanguage\":\"es\"},{\"@type\":[\"WebPage\",\"FAQPage\"],\"@id\":\"https:\\\/\\\/regbu.com\\\/es\\\/maleta-de-viaje-elija-segun-sus-necesidades\\\/\",\"url\":\"https:\\\/\\\/regbu.com\\\/es\\\/maleta-de-viaje-elija-segun-sus-necesidades\\\/\",\"name\":\"Cestovn\u00ed kufr volte podle sv\u00fdch pot\u0159eb - REGBU.COM\",\"isPartOf\":{\"@id\":\"https:\\\/\\\/regbu.com\\\/en\\\/#website\"},\"primaryImageOfPage\":{\"@id\":\"https:\\\/\\\/regbu.com\\\/es\\\/maleta-de-viaje-elija-segun-sus-necesidades\\\/#primaryimage\"},\"image\":{\"@id\":\"https:\\\/\\\/regbu.com\\\/es\\\/maleta-de-viaje-elija-segun-sus-necesidades\\\/#primaryimage\"},\"thumbnailUrl\":\"https:\\\/\\\/regbu.com\\\/wp-content\\\/uploads\\\/2023\\\/06\\\/cestovni-kufr-volte-podle-svych-potreb.jpg\",\"datePublished\":\"2023-06-21T13:50:06+00:00\",\"dateModified\":\"2025-09-05T05:42:20+00:00\",\"author\":{\"@id\":\"https:\\\/\\\/regbu.com\\\/en\\\/#\\\/schema\\\/person\\\/94ea9deda2629771b8a9ced002f6784e\"},\"description\":\"Cestovn\u00ed kufr pat\u0159\u00ed k nezbytn\u00e9 v\u00fdbav\u011b ka\u017ed\u00e9ho cestovatele. V\u00edte, podle \u010deho byste si m\u011bli vybrat ten spr\u00e1vn\u00fd?\",\"breadcrumb\":{\"@id\":\"https:\\\/\\\/regbu.com\\\/es\\\/maleta-de-viaje-elija-segun-sus-necesidades\\\/#breadcrumb\"},\"mainEntity\":[{\"@id\":\"https:\\\/\\\/regbu.com\\\/es\\\/maleta-de-viaje-elija-segun-sus-necesidades\\\/#faq-question-1687355069434\"},{\"@id\":\"https:\\\/\\\/regbu.com\\\/es\\\/maleta-de-viaje-elija-segun-sus-necesidades\\\/#faq-question-1687355076258\"},{\"@id\":\"https:\\\/\\\/regbu.com\\\/es\\\/maleta-de-viaje-elija-segun-sus-necesidades\\\/#faq-question-1687355084871\"},{\"@id\":\"https:\\\/\\\/regbu.com\\\/es\\\/maleta-de-viaje-elija-segun-sus-necesidades\\\/#faq-question-1687355093414\"},{\"@id\":\"https:\\\/\\\/regbu.com\\\/es\\\/maleta-de-viaje-elija-segun-sus-necesidades\\\/#faq-question-1687355101473\"}],\"inLanguage\":\"es\",\"potentialAction\":[{\"@type\":\"ReadAction\",\"target\":[\"https:\\\/\\\/regbu.com\\\/es\\\/maleta-de-viaje-elija-segun-sus-necesidades\\\/\"]}]},{\"@type\":\"ImageObject\",\"inLanguage\":\"es\",\"@id\":\"https:\\\/\\\/regbu.com\\\/es\\\/maleta-de-viaje-elija-segun-sus-necesidades\\\/#primaryimage\",\"url\":\"https:\\\/\\\/regbu.com\\\/wp-content\\\/uploads\\\/2023\\\/06\\\/cestovni-kufr-volte-podle-svych-potreb.jpg\",\"contentUrl\":\"https:\\\/\\\/regbu.com\\\/wp-content\\\/uploads\\\/2023\\\/06\\\/cestovni-kufr-volte-podle-svych-potreb.jpg\",\"width\":1200,\"height\":679,\"caption\":\"Cestovn\u00ed kufr volte podle sv\u00fdch pot\u0159eb\"},{\"@type\":\"BreadcrumbList\",\"@id\":\"https:\\\/\\\/regbu.com\\\/es\\\/maleta-de-viaje-elija-segun-sus-necesidades\\\/#breadcrumb\",\"itemListElement\":[{\"@type\":\"ListItem\",\"position\":1,\"name\":\"Home\",\"item\":\"https:\\\/\\\/regbu.com\\\/en\\\/\"},{\"@type\":\"ListItem\",\"position\":2,\"name\":\"Cestovn\u00ed kufr volte podle sv\u00fdch pot\u0159eb\"}]},{\"@type\":\"WebSite\",\"@id\":\"https:\\\/\\\/regbu.com\\\/en\\\/#website\",\"url\":\"https:\\\/\\\/regbu.com\\\/en\\\/\",\"name\":\"REGBU.COM\",\"description\":\"\",\"potentialAction\":[{\"@type\":\"SearchAction\",\"target\":{\"@type\":\"EntryPoint\",\"urlTemplate\":\"https:\\\/\\\/regbu.com\\\/en\\\/?s={search_term_string}\"},\"query-input\":{\"@type\":\"PropertyValueSpecification\",\"valueRequired\":true,\"valueName\":\"search_term_string\"}}],\"inLanguage\":\"es\"},{\"@type\":\"Person\",\"@id\":\"https:\\\/\\\/regbu.com\\\/en\\\/#\\\/schema\\\/person\\\/94ea9deda2629771b8a9ced002f6784e\",\"name\":\"George Martin\",\"url\":\"https:\\\/\\\/regbu.com\\\/es\\\/author\\\/george-martin\\\/\"},{\"@type\":\"Question\",\"@id\":\"https:\\\/\\\/regbu.com\\\/es\\\/maleta-de-viaje-elija-segun-sus-necesidades\\\/#faq-question-1687355069434\",\"position\":1,\"url\":\"https:\\\/\\\/regbu.com\\\/es\\\/maleta-de-viaje-elija-segun-sus-necesidades\\\/#faq-question-1687355069434\",\"name\":\"Z jak\u00e9ho v\u00fdrobn\u00edho materi\u00e1lu \u010dasto vznikaj\u00ed textiln\u00ed kufry?\",\"answerCount\":1,\"acceptedAnswer\":{\"@type\":\"Answer\",\"text\":\"Sou\u010dasn\u00ed v\u00fdrobci s oblibou pou\u017e\u00edvaj\u00ed nylon a polyester. Ten je mnohdy kombinov\u00e1n nap\u0159\u00edklad s plastem.\",\"inLanguage\":\"es\"},\"inLanguage\":\"es\"},{\"@type\":\"Question\",\"@id\":\"https:\\\/\\\/regbu.com\\\/es\\\/maleta-de-viaje-elija-segun-sus-necesidades\\\/#faq-question-1687355076258\",\"position\":2,\"url\":\"https:\\\/\\\/regbu.com\\\/es\\\/maleta-de-viaje-elija-segun-sus-necesidades\\\/#faq-question-1687355076258\",\"name\":\"Jak\u00e9 jsou standardn\u00ed prvky cestovn\u00edho kufru?\",\"answerCount\":1,\"acceptedAnswer\":{\"@type\":\"Answer\",\"text\":\"Takov\u00e9 zavazadlo m\u00e1 obvykle nastavitelnou rukoje\u0165, kole\u010dka, vnit\u0159n\u00ed kapsy, madlo, vnit\u0159n\u00ed p\u0159ep\u00e1\u017eku vyrobenou z l\u00e1tky a bezpe\u010dnostn\u00ed popruhy.\",\"inLanguage\":\"es\"},\"inLanguage\":\"es\"},{\"@type\":\"Question\",\"@id\":\"https:\\\/\\\/regbu.com\\\/es\\\/maleta-de-viaje-elija-segun-sus-necesidades\\\/#faq-question-1687355084871\",\"position\":3,\"url\":\"https:\\\/\\\/regbu.com\\\/es\\\/maleta-de-viaje-elija-segun-sus-necesidades\\\/#faq-question-1687355084871\",\"name\":\"Jak\u00e1 je v\u00fdhoda kufru se \u010dty\u0159mi kole\u010dky?\",\"answerCount\":1,\"acceptedAnswer\":{\"@type\":\"Answer\",\"text\":\"Kufr s kole\u010dkem v ka\u017ed\u00e9m rohu umo\u017e\u0148uje jeho p\u0159epravu bez nutnosti tahat ho za sebou. To p\u0159in\u00e1\u0161\u00ed \u00falevu p\u0159i p\u0159esunech.\",\"inLanguage\":\"es\"},\"inLanguage\":\"es\"},{\"@type\":\"Question\",\"@id\":\"https:\\\/\\\/regbu.com\\\/es\\\/maleta-de-viaje-elija-segun-sus-necesidades\\\/#faq-question-1687355093414\",\"position\":4,\"url\":\"https:\\\/\\\/regbu.com\\\/es\\\/maleta-de-viaje-elija-segun-sus-necesidades\\\/#faq-question-1687355093414\",\"name\":\"Jak\u00e9 se obvykle stanovuj\u00ed limity kabinov\u00e9ho zavazadla p\u0159i n\u00e1stupu do letadla?\",\"answerCount\":1,\"acceptedAnswer\":{\"@type\":\"Answer\",\"text\":\"V tomto p\u0159\u00edpad\u011b po\u010d\u00edtejte s limituj\u00edc\u00edmi rozm\u011bry 55 x 40 x 20 cm. P\u0159i jeho v\u00fdb\u011bru na to berte z\u0159etel.\",\"inLanguage\":\"es\"},\"inLanguage\":\"es\"},{\"@type\":\"Question\",\"@id\":\"https:\\\/\\\/regbu.com\\\/es\\\/maleta-de-viaje-elija-segun-sus-necesidades\\\/#faq-question-1687355101473\",\"position\":5,\"url\":\"https:\\\/\\\/regbu.com\\\/es\\\/maleta-de-viaje-elija-segun-sus-necesidades\\\/#faq-question-1687355101473\",\"name\":\"Jak\u00fdm zp\u016fsobem zabezpe\u010dit cestovn\u00ed kufr?\",\"answerCount\":1,\"acceptedAnswer\":{\"@type\":\"Answer\",\"text\":\"Modern\u00ed kufry se vybavuj\u00ed speci\u00e1ln\u00edmi k\u00f3dov\u00fdmi TSA z\u00e1mky. Pro vy\u0161\u0161\u00ed bezpe\u010dnost lze pou\u017e\u00edt i klasick\u00fd visac\u00ed z\u00e1mek, proto\u017ee v\u011bt\u0161ina jezdc\u016f zip\u016f to umo\u017e\u0148uje.\",\"inLanguage\":\"es\"},\"inLanguage\":\"es\"}]}<\/script>\n<!-- \/ Yoast SEO plugin. -->","yoast_head_json":{"title":"Elige una maleta seg\u00fan tus necesidades - REGBU.COM","description":"Una maleta es una pieza esencial del equipamiento de todo viajero. \u00bfSabe c\u00f3mo elegir la adecuada?","robots":{"index":"index","follow":"follow","max-snippet":"max-snippet:-1","max-image-preview":"max-image-preview:large","max-video-preview":"max-video-preview:-1"},"canonical":"https:\/\/regbu.com\/es\/maleta-de-viaje-elija-segun-sus-necesidades\/","og_locale":"es_ES","og_type":"article","og_title":"Cestovn\u00ed kufr volte podle sv\u00fdch pot\u0159eb - REGBU.COM","og_description":"Cestovn\u00ed kufr pat\u0159\u00ed k nezbytn\u00e9 v\u00fdbav\u011b ka\u017ed\u00e9ho cestovatele. V\u00edte, podle \u010deho byste si m\u011bli vybrat ten spr\u00e1vn\u00fd?","og_url":"https:\/\/regbu.com\/es\/maleta-de-viaje-elija-segun-sus-necesidades\/","og_site_name":"REGBU.COM","article_published_time":"2023-06-21T13:50:06+00:00","article_modified_time":"2025-09-05T05:42:20+00:00","og_image":[{"width":1200,"height":679,"url":"https:\/\/regbu.com\/wp-content\/uploads\/2023\/06\/cestovni-kufr-volte-podle-svych-potreb.jpg","type":"image\/jpeg"}],"author":"George Martin","twitter_card":"summary_large_image","twitter_misc":{"Escrito por":"George Martin","Tiempo de lectura":"2 minutos"},"schema":{"@context":"https:\/\/schema.org","@graph":[{"@type":"Article","@id":"https:\/\/regbu.com\/es\/maleta-de-viaje-elija-segun-sus-necesidades\/#article","isPartOf":{"@id":"https:\/\/regbu.com\/es\/maleta-de-viaje-elija-segun-sus-necesidades\/"},"author":{"name":"George Martin","@id":"https:\/\/regbu.com\/en\/#\/schema\/person\/94ea9deda2629771b8a9ced002f6784e"},"headline":"Cestovn\u00ed kufr volte podle sv\u00fdch pot\u0159eb","datePublished":"2023-06-21T13:50:06+00:00","dateModified":"2025-09-05T05:42:20+00:00","mainEntityOfPage":{"@id":"https:\/\/regbu.com\/es\/maleta-de-viaje-elija-segun-sus-necesidades\/"},"wordCount":451,"image":{"@id":"https:\/\/regbu.com\/es\/maleta-de-viaje-elija-segun-sus-necesidades\/#primaryimage"},"thumbnailUrl":"https:\/\/regbu.com\/wp-content\/uploads\/2023\/06\/cestovni-kufr-volte-podle-svych-potreb.jpg","keywords":["cestov\u00e1n\u00ed","cestovn\u00ed kufr","cestovn\u00ed kufry","kabinov\u00e9 zavazadlo","kufr","kufry","materi\u00e1l","odbaven\u00e9 zavazadlo","velikost","zavazadlo"],"articleSection":["Cestov\u00e1n\u00ed"],"inLanguage":"es"},{"@type":["WebPage","FAQPage"],"@id":"https:\/\/regbu.com\/es\/maleta-de-viaje-elija-segun-sus-necesidades\/","url":"https:\/\/regbu.com\/es\/maleta-de-viaje-elija-segun-sus-necesidades\/","name":"Elige una maleta seg\u00fan tus necesidades - REGBU.COM","isPartOf":{"@id":"https:\/\/regbu.com\/en\/#website"},"primaryImageOfPage":{"@id":"https:\/\/regbu.com\/es\/maleta-de-viaje-elija-segun-sus-necesidades\/#primaryimage"},"image":{"@id":"https:\/\/regbu.com\/es\/maleta-de-viaje-elija-segun-sus-necesidades\/#primaryimage"},"thumbnailUrl":"https:\/\/regbu.com\/wp-content\/uploads\/2023\/06\/cestovni-kufr-volte-podle-svych-potreb.jpg","datePublished":"2023-06-21T13:50:06+00:00","dateModified":"2025-09-05T05:42:20+00:00","author":{"@id":"https:\/\/regbu.com\/en\/#\/schema\/person\/94ea9deda2629771b8a9ced002f6784e"},"description":"Una maleta es una pieza esencial del equipamiento de todo viajero. \u00bfSabe c\u00f3mo elegir la adecuada?","breadcrumb":{"@id":"https:\/\/regbu.com\/es\/maleta-de-viaje-elija-segun-sus-necesidades\/#breadcrumb"},"mainEntity":[{"@id":"https:\/\/regbu.com\/es\/maleta-de-viaje-elija-segun-sus-necesidades\/#faq-question-1687355069434"},{"@id":"https:\/\/regbu.com\/es\/maleta-de-viaje-elija-segun-sus-necesidades\/#faq-question-1687355076258"},{"@id":"https:\/\/regbu.com\/es\/maleta-de-viaje-elija-segun-sus-necesidades\/#faq-question-1687355084871"},{"@id":"https:\/\/regbu.com\/es\/maleta-de-viaje-elija-segun-sus-necesidades\/#faq-question-1687355093414"},{"@id":"https:\/\/regbu.com\/es\/maleta-de-viaje-elija-segun-sus-necesidades\/#faq-question-1687355101473"}],"inLanguage":"es","potentialAction":[{"@type":"ReadAction","target":["https:\/\/regbu.com\/es\/maleta-de-viaje-elija-segun-sus-necesidades\/"]}]},{"@type":"ImageObject","inLanguage":"es","@id":"https:\/\/regbu.com\/es\/maleta-de-viaje-elija-segun-sus-necesidades\/#primaryimage","url":"https:\/\/regbu.com\/wp-content\/uploads\/2023\/06\/cestovni-kufr-volte-podle-svych-potreb.jpg","contentUrl":"https:\/\/regbu.com\/wp-content\/uploads\/2023\/06\/cestovni-kufr-volte-podle-svych-potreb.jpg","width":1200,"height":679,"caption":"Cestovn\u00ed kufr volte podle sv\u00fdch pot\u0159eb"},{"@type":"BreadcrumbList","@id":"https:\/\/regbu.com\/es\/maleta-de-viaje-elija-segun-sus-necesidades\/#breadcrumb","itemListElement":[{"@type":"ListItem","position":1,"name":"Home","item":"https:\/\/regbu.com\/en\/"},{"@type":"ListItem","position":2,"name":"Cestovn\u00ed kufr volte podle sv\u00fdch pot\u0159eb"}]},{"@type":"WebSite","@id":"https:\/\/regbu.com\/en\/#website","url":"https:\/\/regbu.com\/en\/","name":"REGBU.COM","description":"","potentialAction":[{"@type":"SearchAction","target":{"@type":"EntryPoint","urlTemplate":"https:\/\/regbu.com\/en\/?s={search_term_string}"},"query-input":{"@type":"PropertyValueSpecification","valueRequired":true,"valueName":"search_term_string"}}],"inLanguage":"es"},{"@type":"Person","@id":"https:\/\/regbu.com\/en\/#\/schema\/person\/94ea9deda2629771b8a9ced002f6784e","name":"George Martin","url":"https:\/\/regbu.com\/es\/author\/george-martin\/"},{"@type":"Question","@id":"https:\/\/regbu.com\/es\/maleta-de-viaje-elija-segun-sus-necesidades\/#faq-question-1687355069434","position":1,"url":"https:\/\/regbu.com\/es\/maleta-de-viaje-elija-segun-sus-necesidades\/#faq-question-1687355069434","name":"\u00bfDe qu\u00e9 material suelen estar hechas las maletas textiles?","answerCount":1,"acceptedAnswer":{"@type":"Answer","text":"Sou\u010dasn\u00ed v\u00fdrobci s oblibou pou\u017e\u00edvaj\u00ed nylon a polyester. Ten je mnohdy kombinov\u00e1n nap\u0159\u00edklad s plastem.","inLanguage":"es"},"inLanguage":"es"},{"@type":"Question","@id":"https:\/\/regbu.com\/es\/maleta-de-viaje-elija-segun-sus-necesidades\/#faq-question-1687355076258","position":2,"url":"https:\/\/regbu.com\/es\/maleta-de-viaje-elija-segun-sus-necesidades\/#faq-question-1687355076258","name":"\u00bfCu\u00e1les son las caracter\u00edsticas est\u00e1ndar de una maleta?","answerCount":1,"acceptedAnswer":{"@type":"Answer","text":"Takov\u00e9 zavazadlo m\u00e1 obvykle nastavitelnou rukoje\u0165, kole\u010dka, vnit\u0159n\u00ed kapsy, madlo, vnit\u0159n\u00ed p\u0159ep\u00e1\u017eku vyrobenou z l\u00e1tky a bezpe\u010dnostn\u00ed popruhy.","inLanguage":"es"},"inLanguage":"es"},{"@type":"Question","@id":"https:\/\/regbu.com\/es\/maleta-de-viaje-elija-segun-sus-necesidades\/#faq-question-1687355084871","position":3,"url":"https:\/\/regbu.com\/es\/maleta-de-viaje-elija-segun-sus-necesidades\/#faq-question-1687355084871","name":"\u00bfCu\u00e1l es la ventaja de una maleta con cuatro ruedas?","answerCount":1,"acceptedAnswer":{"@type":"Answer","text":"Kufr s kole\u010dkem v ka\u017ed\u00e9m rohu umo\u017e\u0148uje jeho p\u0159epravu bez nutnosti tahat ho za sebou. To p\u0159in\u00e1\u0161\u00ed \u00falevu p\u0159i p\u0159esunech.","inLanguage":"es"},"inLanguage":"es"},{"@type":"Question","@id":"https:\/\/regbu.com\/es\/maleta-de-viaje-elija-segun-sus-necesidades\/#faq-question-1687355093414","position":4,"url":"https:\/\/regbu.com\/es\/maleta-de-viaje-elija-segun-sus-necesidades\/#faq-question-1687355093414","name":"\u00bfCu\u00e1les son las franquicias habituales de equipaje de mano para embarcar?","answerCount":1,"acceptedAnswer":{"@type":"Answer","text":"V tomto p\u0159\u00edpad\u011b po\u010d\u00edtejte s limituj\u00edc\u00edmi rozm\u011bry 55 x 40 x 20 cm. P\u0159i jeho v\u00fdb\u011bru na to berte z\u0159etel.","inLanguage":"es"},"inLanguage":"es"},{"@type":"Question","@id":"https:\/\/regbu.com\/es\/maleta-de-viaje-elija-segun-sus-necesidades\/#faq-question-1687355101473","position":5,"url":"https:\/\/regbu.com\/es\/maleta-de-viaje-elija-segun-sus-necesidades\/#faq-question-1687355101473","name":"\u00bfC\u00f3mo aseguro mi maleta?","answerCount":1,"acceptedAnswer":{"@type":"Answer","text":"Modern\u00ed kufry se vybavuj\u00ed speci\u00e1ln\u00edmi k\u00f3dov\u00fdmi TSA z\u00e1mky. Pro vy\u0161\u0161\u00ed bezpe\u010dnost lze pou\u017e\u00edt i klasick\u00fd visac\u00ed z\u00e1mek, proto\u017ee v\u011bt\u0161ina jezdc\u016f zip\u016f to umo\u017e\u0148uje.","inLanguage":"es"},"inLanguage":"es"}]}},"_links":{"self":[{"href":"https:\/\/regbu.com\/es\/wp-json\/wp\/v2\/posts\/926","targetHints":{"allow":["GET"]}}],"collection":[{"href":"https:\/\/regbu.com\/es\/wp-json\/wp\/v2\/posts"}],"about":[{"href":"https:\/\/regbu.com\/es\/wp-json\/wp\/v2\/types\/post"}],"author":[{"embeddable":true,"href":"https:\/\/regbu.com\/es\/wp-json\/wp\/v2\/users\/2"}],"replies":[{"embeddable":true,"href":"https:\/\/regbu.com\/es\/wp-json\/wp\/v2\/comments?post=926"}],"version-history":[{"count":2,"href":"https:\/\/regbu.com\/es\/wp-json\/wp\/v2\/posts\/926\/revisions"}],"predecessor-version":[{"id":955,"href":"https:\/\/regbu.com\/es\/wp-json\/wp\/v2\/posts\/926\/revisions\/955"}],"wp:featuredmedia":[{"embeddable":true,"href":"https:\/\/regbu.com\/es\/wp-json\/wp\/v2\/media\/927"}],"wp:attachment":[{"href":"https:\/\/regbu.com\/es\/wp-json\/wp\/v2\/media?parent=926"}],"wp:term":[{"taxonomy":"category","embeddable":true,"href":"https:\/\/regbu.com\/es\/wp-json\/wp\/v2\/categories?post=926"},{"taxonomy":"post_tag","embeddable":true,"href":"https:\/\/regbu.com\/es\/wp-json\/wp\/v2\/tags?post=926"}],"curies":[{"name":"wp","href":"https:\/\/api.w.org\/{rel}","templated":true}]}}