{"id":864,"date":"2023-06-19T18:30:35","date_gmt":"2023-06-19T16:30:35","guid":{"rendered":"https:\/\/regbu.com\/?p=864"},"modified":"2025-09-05T07:42:15","modified_gmt":"2025-09-05T05:42:15","slug":"modni-ikony-na-ktere-se-nezapomina","status":"publish","type":"post","link":"https:\/\/regbu.com\/es\/iconos-de-la-moda-que-nunca-se-olvidan\/","title":{"rendered":"Iconos de la moda que no hay que olvidar"},"content":{"rendered":"<p>Iconos de la moda, as\u00ed se llama a las mujeres que influyen en el mundo entero con su ropa. Lo que estas damas ten\u00edan <strong><a href=\"https:\/\/regbu.com\/es\/uces-a-elegir-por-tipo-de-caracter\/\">peinados<\/a><\/strong>, caracteres y rasgos, sus atuendos eran atemporales y consegu\u00edan impactar a mucha gente. \u00danete a nosotros para recordar a las famosas que tuvieron mucho que dar a la moda en su conjunto.<\/p>\n\n\n\n<ul class=\"wp-block-list\">\n<li>Marlene Dietrich<\/li>\n\n\n\n<li>Audrey Hepburn<\/li>\n\n\n\n<li>Princesa Diana<\/li>\n<\/ul>\n\n\n\n<p>\u00c9stos son s\u00f3lo algunos de los que se han ganado la etiqueta de icono de la moda. La lista incluye, por derecho propio <strong>Coco Chanel<\/strong>. No tem\u00eda incorporar algunos accesorios masculinos a sus atuendos, algo muy inusual para la \u00e9poca.<\/p>\n\n\n\n<h2 class=\"wp-block-heading\">Conozca a los iconos mundiales de la moda<\/h2>\n\n\n\n<p>En cuanto a los elementos de vestir masculinos, Marlene Dietrich los invent\u00f3 en su \u00e9poca. Utilizaba con entusiasmo corbatas, sombreros y pantalones masculinos. Entre los iconos de la moda tambi\u00e9n figuran <em>Jacqueline Kennedy<\/em>que a su vez se asocia con gafas grandes y vestidos sin mangas. \u00bfY qu\u00e9 otras se\u00f1oras merecen esta designaci\u00f3n?<\/p>\n\n\n\n<figure class=\"wp-block-table\"><table><tbody><tr><td><strong>Nombre<\/strong><\/td><td><strong>Elementos de<\/strong><\/td><\/tr><tr><td>Audrey Hepburn<\/td><td>Elegancia, bailarinas y pantalones Capri<\/td><\/tr><tr><td>Grace Kelly<\/td><td>Raso y jers\u00e9is cortos<\/td><\/tr><tr><td>Coco Chanel<\/td><td>Rayas n\u00e1uticas<\/td><\/tr><tr><td>Madonna<\/td><td>Leotardos ajustados<\/td><\/tr><\/tbody><\/table><figcaption class=\"wp-element-caption\">Los principales iconos de la moda del pasado y de los \u00faltimos a\u00f1os.<\/figcaption><\/figure>\n\n\n\n<p>La Princesa Diana tambi\u00e9n es uno de los iconos de la moda m\u00e1s influyentes. Se gan\u00f3 el coraz\u00f3n de sus admiradores en todo el mundo no s\u00f3lo por su comportamiento, sino tambi\u00e9n por su estilo al vestir. Ya fueran trajes originales o vestidos impresionantes. Aunque no era un icono puro de la moda, fue la prueba de c\u00f3mo una persona un tanto corriente puede influir en la moda de muchos pa\u00edses.<\/p>\n\n\n\n<h3 class=\"wp-block-heading\">Iconos de la moda moderna<\/h3>\n\n\n\n<p>De los iconos hist\u00f3ricos de la moda pasamos a los que han influido en multitudes de mujeres en los \u00faltimos a\u00f1os. Entre los iconos imaginarios de la moda espec\u00edfica se encuentran las hermanas Mary-Kate y Ashley Olsen. El estilo boho-chic, por su parte, es inherente <strong>Kate Moss<\/strong>. La modelo enriqueci\u00f3 su vestuario con elementos rockeros e incorpor\u00f3 accesorios como zapatos de punta y mucho m\u00e1s. Y todo ello ha influido en el estilo de vestir de las mujeres de todo el mundo.<\/p>\n\n\n\n<p>Por \u00faltimo, no conviene olvidar ni siquiera un toque de extravagancia. El nacimiento de un icono de la moda llamado <strong>Lady Gaga<\/strong>. Era capaz de llegar a verdaderos extremos en su forma de vestir que, como m\u00ednimo, llamaban la atenci\u00f3n all\u00e1 donde iban.<\/p>","protected":false},"excerpt":{"rendered":"<p>Iconos de la moda, as\u00ed se llama a las mujeres que influyen en el mundo entero con su ropa. Independientemente de sus peinados, figuras y rasgos, los atuendos de estas damas eran atemporales y consegu\u00edan llegar a mucha gente. Acomp\u00e1\u00f1enos a recordar a las famosas que tuvieron mucho que aportar a la moda en su conjunto. \u00c9stas son s\u00f3lo un peque\u00f1o pu\u00f1ado de aquellas ... <\/p>","protected":false},"author":2,"featured_media":865,"comment_status":"closed","ping_status":"closed","sticky":false,"template":"","format":"standard","meta":{"footnotes":""},"categories":[671],"tags":[753,755,754,750,752,757,756,751,749,758],"class_list":["post-864","post","type-post","status-publish","format-standard","has-post-thumbnail","hentry","category-moda","tag-audrey-hepburn","tag-coco-chanel","tag-grace-kelly","tag-ikona","tag-ikony","tag-kate-moss","tag-madonna","tag-modni-ikona","tag-modni-ikony","tag-princezna-diana"],"yoast_head":"<!-- This site is optimized with the Yoast SEO plugin v27.5 - https:\/\/yoast.com\/product\/yoast-seo-wordpress\/ -->\n<title>M\u00f3dn\u00ed ikony, na kter\u00e9 se nezapom\u00edn\u00e1 - REGBU.COM<\/title>\n<meta name=\"description\" content=\"Poznejte m\u00f3dn\u00ed ikony let minul\u00fdch, ale tak\u00e9 sou\u010dasn\u00fdch. Zjist\u011bte, kdo ovlivnil m\u00f3dn\u00ed styl ve zna\u010dn\u00e9 m\u00ed\u0159e a na hodn\u011b dlouho.\" \/>\n<meta name=\"robots\" content=\"index, follow, max-snippet:-1, max-image-preview:large, max-video-preview:-1\" \/>\n<link rel=\"canonical\" href=\"https:\/\/regbu.com\/es\/iconos-de-la-moda-que-nunca-se-olvidan\/\" \/>\n<meta property=\"og:locale\" content=\"es_ES\" \/>\n<meta property=\"og:type\" content=\"article\" \/>\n<meta property=\"og:title\" content=\"M\u00f3dn\u00ed ikony, na kter\u00e9 se nezapom\u00edn\u00e1 - REGBU.COM\" \/>\n<meta property=\"og:description\" content=\"Poznejte m\u00f3dn\u00ed ikony let minul\u00fdch, ale tak\u00e9 sou\u010dasn\u00fdch. Zjist\u011bte, kdo ovlivnil m\u00f3dn\u00ed styl ve zna\u010dn\u00e9 m\u00ed\u0159e a na hodn\u011b dlouho.\" \/>\n<meta property=\"og:url\" content=\"https:\/\/regbu.com\/es\/iconos-de-la-moda-que-nunca-se-olvidan\/\" \/>\n<meta property=\"og:site_name\" content=\"REGBU.COM\" \/>\n<meta property=\"article:published_time\" content=\"2023-06-19T16:30:35+00:00\" \/>\n<meta property=\"article:modified_time\" content=\"2025-09-05T05:42:15+00:00\" \/>\n<meta property=\"og:image\" content=\"https:\/\/regbu.com\/wp-content\/uploads\/2023\/06\/modni-ikony-na-ktere-se-nezapomina.jpg\" \/>\n\t<meta property=\"og:image:width\" content=\"1200\" \/>\n\t<meta property=\"og:image:height\" content=\"678\" \/>\n\t<meta property=\"og:image:type\" content=\"image\/jpeg\" \/>\n<meta name=\"author\" content=\"George Martin\" \/>\n<meta name=\"twitter:card\" content=\"summary_large_image\" \/>\n<meta name=\"twitter:label1\" content=\"Escrito por\" \/>\n\t<meta name=\"twitter:data1\" content=\"George Martin\" \/>\n\t<meta name=\"twitter:label2\" content=\"Tiempo de lectura\" \/>\n\t<meta name=\"twitter:data2\" content=\"2 minutos\" \/>\n<script type=\"application\/ld+json\" class=\"yoast-schema-graph\">{\"@context\":\"https:\\\/\\\/schema.org\",\"@graph\":[{\"@type\":\"Article\",\"@id\":\"https:\\\/\\\/regbu.com\\\/es\\\/iconos-de-la-moda-que-nunca-se-olvidan\\\/#article\",\"isPartOf\":{\"@id\":\"https:\\\/\\\/regbu.com\\\/es\\\/iconos-de-la-moda-que-nunca-se-olvidan\\\/\"},\"author\":{\"name\":\"George Martin\",\"@id\":\"https:\\\/\\\/regbu.com\\\/en\\\/#\\\/schema\\\/person\\\/94ea9deda2629771b8a9ced002f6784e\"},\"headline\":\"M\u00f3dn\u00ed ikony, na kter\u00e9 se nezapom\u00edn\u00e1\",\"datePublished\":\"2023-06-19T16:30:35+00:00\",\"dateModified\":\"2025-09-05T05:42:15+00:00\",\"mainEntityOfPage\":{\"@id\":\"https:\\\/\\\/regbu.com\\\/es\\\/iconos-de-la-moda-que-nunca-se-olvidan\\\/\"},\"wordCount\":467,\"image\":{\"@id\":\"https:\\\/\\\/regbu.com\\\/es\\\/iconos-de-la-moda-que-nunca-se-olvidan\\\/#primaryimage\"},\"thumbnailUrl\":\"https:\\\/\\\/regbu.com\\\/wp-content\\\/uploads\\\/2023\\\/06\\\/modni-ikony-na-ktere-se-nezapomina.jpg\",\"keywords\":[\"Audrey Hepburn\",\"Coco Chanel\",\"Grace Kelly\",\"ikona\",\"ikony\",\"Kate Moss\",\"Madonna\",\"m\u00f3dn\u00ed ikona\",\"m\u00f3dn\u00ed ikony\",\"princezna Diana\"],\"articleSection\":[\"M\u00f3da\"],\"inLanguage\":\"es\"},{\"@type\":\"WebPage\",\"@id\":\"https:\\\/\\\/regbu.com\\\/es\\\/iconos-de-la-moda-que-nunca-se-olvidan\\\/\",\"url\":\"https:\\\/\\\/regbu.com\\\/es\\\/iconos-de-la-moda-que-nunca-se-olvidan\\\/\",\"name\":\"M\u00f3dn\u00ed ikony, na kter\u00e9 se nezapom\u00edn\u00e1 - REGBU.COM\",\"isPartOf\":{\"@id\":\"https:\\\/\\\/regbu.com\\\/en\\\/#website\"},\"primaryImageOfPage\":{\"@id\":\"https:\\\/\\\/regbu.com\\\/es\\\/iconos-de-la-moda-que-nunca-se-olvidan\\\/#primaryimage\"},\"image\":{\"@id\":\"https:\\\/\\\/regbu.com\\\/es\\\/iconos-de-la-moda-que-nunca-se-olvidan\\\/#primaryimage\"},\"thumbnailUrl\":\"https:\\\/\\\/regbu.com\\\/wp-content\\\/uploads\\\/2023\\\/06\\\/modni-ikony-na-ktere-se-nezapomina.jpg\",\"datePublished\":\"2023-06-19T16:30:35+00:00\",\"dateModified\":\"2025-09-05T05:42:15+00:00\",\"author\":{\"@id\":\"https:\\\/\\\/regbu.com\\\/en\\\/#\\\/schema\\\/person\\\/94ea9deda2629771b8a9ced002f6784e\"},\"description\":\"Poznejte m\u00f3dn\u00ed ikony let minul\u00fdch, ale tak\u00e9 sou\u010dasn\u00fdch. Zjist\u011bte, kdo ovlivnil m\u00f3dn\u00ed styl ve zna\u010dn\u00e9 m\u00ed\u0159e a na hodn\u011b dlouho.\",\"breadcrumb\":{\"@id\":\"https:\\\/\\\/regbu.com\\\/es\\\/iconos-de-la-moda-que-nunca-se-olvidan\\\/#breadcrumb\"},\"inLanguage\":\"es\",\"potentialAction\":[{\"@type\":\"ReadAction\",\"target\":[\"https:\\\/\\\/regbu.com\\\/es\\\/iconos-de-la-moda-que-nunca-se-olvidan\\\/\"]}]},{\"@type\":\"ImageObject\",\"inLanguage\":\"es\",\"@id\":\"https:\\\/\\\/regbu.com\\\/es\\\/iconos-de-la-moda-que-nunca-se-olvidan\\\/#primaryimage\",\"url\":\"https:\\\/\\\/regbu.com\\\/wp-content\\\/uploads\\\/2023\\\/06\\\/modni-ikony-na-ktere-se-nezapomina.jpg\",\"contentUrl\":\"https:\\\/\\\/regbu.com\\\/wp-content\\\/uploads\\\/2023\\\/06\\\/modni-ikony-na-ktere-se-nezapomina.jpg\",\"width\":1200,\"height\":678,\"caption\":\"M\u00f3dn\u00ed ikony, na kter\u00e9 se nezapom\u00edn\u00e1\"},{\"@type\":\"BreadcrumbList\",\"@id\":\"https:\\\/\\\/regbu.com\\\/es\\\/iconos-de-la-moda-que-nunca-se-olvidan\\\/#breadcrumb\",\"itemListElement\":[{\"@type\":\"ListItem\",\"position\":1,\"name\":\"Home\",\"item\":\"https:\\\/\\\/regbu.com\\\/en\\\/\"},{\"@type\":\"ListItem\",\"position\":2,\"name\":\"M\u00f3dn\u00ed ikony, na kter\u00e9 se nezapom\u00edn\u00e1\"}]},{\"@type\":\"WebSite\",\"@id\":\"https:\\\/\\\/regbu.com\\\/en\\\/#website\",\"url\":\"https:\\\/\\\/regbu.com\\\/en\\\/\",\"name\":\"REGBU.COM\",\"description\":\"\",\"potentialAction\":[{\"@type\":\"SearchAction\",\"target\":{\"@type\":\"EntryPoint\",\"urlTemplate\":\"https:\\\/\\\/regbu.com\\\/en\\\/?s={search_term_string}\"},\"query-input\":{\"@type\":\"PropertyValueSpecification\",\"valueRequired\":true,\"valueName\":\"search_term_string\"}}],\"inLanguage\":\"es\"},{\"@type\":\"Person\",\"@id\":\"https:\\\/\\\/regbu.com\\\/en\\\/#\\\/schema\\\/person\\\/94ea9deda2629771b8a9ced002f6784e\",\"name\":\"George Martin\",\"url\":\"https:\\\/\\\/regbu.com\\\/es\\\/author\\\/george-martin\\\/\"}]}<\/script>\n<!-- \/ Yoast SEO plugin. -->","yoast_head_json":{"title":"Iconos de la moda que no hay que olvidar - REGBU.COM","description":"Conozca a los iconos de la moda del pasado, pero tambi\u00e9n del presente. Descubre qui\u00e9n ha influido en el estilo de la moda en gran medida y durante mucho tiempo.","robots":{"index":"index","follow":"follow","max-snippet":"max-snippet:-1","max-image-preview":"max-image-preview:large","max-video-preview":"max-video-preview:-1"},"canonical":"https:\/\/regbu.com\/es\/iconos-de-la-moda-que-nunca-se-olvidan\/","og_locale":"es_ES","og_type":"article","og_title":"M\u00f3dn\u00ed ikony, na kter\u00e9 se nezapom\u00edn\u00e1 - REGBU.COM","og_description":"Poznejte m\u00f3dn\u00ed ikony let minul\u00fdch, ale tak\u00e9 sou\u010dasn\u00fdch. Zjist\u011bte, kdo ovlivnil m\u00f3dn\u00ed styl ve zna\u010dn\u00e9 m\u00ed\u0159e a na hodn\u011b dlouho.","og_url":"https:\/\/regbu.com\/es\/iconos-de-la-moda-que-nunca-se-olvidan\/","og_site_name":"REGBU.COM","article_published_time":"2023-06-19T16:30:35+00:00","article_modified_time":"2025-09-05T05:42:15+00:00","og_image":[{"width":1200,"height":678,"url":"https:\/\/regbu.com\/wp-content\/uploads\/2023\/06\/modni-ikony-na-ktere-se-nezapomina.jpg","type":"image\/jpeg"}],"author":"George Martin","twitter_card":"summary_large_image","twitter_misc":{"Escrito por":"George Martin","Tiempo de lectura":"2 minutos"},"schema":{"@context":"https:\/\/schema.org","@graph":[{"@type":"Article","@id":"https:\/\/regbu.com\/es\/iconos-de-la-moda-que-nunca-se-olvidan\/#article","isPartOf":{"@id":"https:\/\/regbu.com\/es\/iconos-de-la-moda-que-nunca-se-olvidan\/"},"author":{"name":"George Martin","@id":"https:\/\/regbu.com\/en\/#\/schema\/person\/94ea9deda2629771b8a9ced002f6784e"},"headline":"M\u00f3dn\u00ed ikony, na kter\u00e9 se nezapom\u00edn\u00e1","datePublished":"2023-06-19T16:30:35+00:00","dateModified":"2025-09-05T05:42:15+00:00","mainEntityOfPage":{"@id":"https:\/\/regbu.com\/es\/iconos-de-la-moda-que-nunca-se-olvidan\/"},"wordCount":467,"image":{"@id":"https:\/\/regbu.com\/es\/iconos-de-la-moda-que-nunca-se-olvidan\/#primaryimage"},"thumbnailUrl":"https:\/\/regbu.com\/wp-content\/uploads\/2023\/06\/modni-ikony-na-ktere-se-nezapomina.jpg","keywords":["Audrey Hepburn","Coco Chanel","Grace Kelly","ikona","ikony","Kate Moss","Madonna","m\u00f3dn\u00ed ikona","m\u00f3dn\u00ed ikony","princezna Diana"],"articleSection":["M\u00f3da"],"inLanguage":"es"},{"@type":"WebPage","@id":"https:\/\/regbu.com\/es\/iconos-de-la-moda-que-nunca-se-olvidan\/","url":"https:\/\/regbu.com\/es\/iconos-de-la-moda-que-nunca-se-olvidan\/","name":"Iconos de la moda que no hay que olvidar - REGBU.COM","isPartOf":{"@id":"https:\/\/regbu.com\/en\/#website"},"primaryImageOfPage":{"@id":"https:\/\/regbu.com\/es\/iconos-de-la-moda-que-nunca-se-olvidan\/#primaryimage"},"image":{"@id":"https:\/\/regbu.com\/es\/iconos-de-la-moda-que-nunca-se-olvidan\/#primaryimage"},"thumbnailUrl":"https:\/\/regbu.com\/wp-content\/uploads\/2023\/06\/modni-ikony-na-ktere-se-nezapomina.jpg","datePublished":"2023-06-19T16:30:35+00:00","dateModified":"2025-09-05T05:42:15+00:00","author":{"@id":"https:\/\/regbu.com\/en\/#\/schema\/person\/94ea9deda2629771b8a9ced002f6784e"},"description":"Conozca a los iconos de la moda del pasado, pero tambi\u00e9n del presente. Descubre qui\u00e9n ha influido en el estilo de la moda en gran medida y durante mucho tiempo.","breadcrumb":{"@id":"https:\/\/regbu.com\/es\/iconos-de-la-moda-que-nunca-se-olvidan\/#breadcrumb"},"inLanguage":"es","potentialAction":[{"@type":"ReadAction","target":["https:\/\/regbu.com\/es\/iconos-de-la-moda-que-nunca-se-olvidan\/"]}]},{"@type":"ImageObject","inLanguage":"es","@id":"https:\/\/regbu.com\/es\/iconos-de-la-moda-que-nunca-se-olvidan\/#primaryimage","url":"https:\/\/regbu.com\/wp-content\/uploads\/2023\/06\/modni-ikony-na-ktere-se-nezapomina.jpg","contentUrl":"https:\/\/regbu.com\/wp-content\/uploads\/2023\/06\/modni-ikony-na-ktere-se-nezapomina.jpg","width":1200,"height":678,"caption":"M\u00f3dn\u00ed ikony, na kter\u00e9 se nezapom\u00edn\u00e1"},{"@type":"BreadcrumbList","@id":"https:\/\/regbu.com\/es\/iconos-de-la-moda-que-nunca-se-olvidan\/#breadcrumb","itemListElement":[{"@type":"ListItem","position":1,"name":"Home","item":"https:\/\/regbu.com\/en\/"},{"@type":"ListItem","position":2,"name":"M\u00f3dn\u00ed ikony, na kter\u00e9 se nezapom\u00edn\u00e1"}]},{"@type":"WebSite","@id":"https:\/\/regbu.com\/en\/#website","url":"https:\/\/regbu.com\/en\/","name":"REGBU.COM","description":"","potentialAction":[{"@type":"SearchAction","target":{"@type":"EntryPoint","urlTemplate":"https:\/\/regbu.com\/en\/?s={search_term_string}"},"query-input":{"@type":"PropertyValueSpecification","valueRequired":true,"valueName":"search_term_string"}}],"inLanguage":"es"},{"@type":"Person","@id":"https:\/\/regbu.com\/en\/#\/schema\/person\/94ea9deda2629771b8a9ced002f6784e","name":"George Martin","url":"https:\/\/regbu.com\/es\/author\/george-martin\/"}]}},"_links":{"self":[{"href":"https:\/\/regbu.com\/es\/wp-json\/wp\/v2\/posts\/864","targetHints":{"allow":["GET"]}}],"collection":[{"href":"https:\/\/regbu.com\/es\/wp-json\/wp\/v2\/posts"}],"about":[{"href":"https:\/\/regbu.com\/es\/wp-json\/wp\/v2\/types\/post"}],"author":[{"embeddable":true,"href":"https:\/\/regbu.com\/es\/wp-json\/wp\/v2\/users\/2"}],"replies":[{"embeddable":true,"href":"https:\/\/regbu.com\/es\/wp-json\/wp\/v2\/comments?post=864"}],"version-history":[{"count":3,"href":"https:\/\/regbu.com\/es\/wp-json\/wp\/v2\/posts\/864\/revisions"}],"predecessor-version":[{"id":879,"href":"https:\/\/regbu.com\/es\/wp-json\/wp\/v2\/posts\/864\/revisions\/879"}],"wp:featuredmedia":[{"embeddable":true,"href":"https:\/\/regbu.com\/es\/wp-json\/wp\/v2\/media\/865"}],"wp:attachment":[{"href":"https:\/\/regbu.com\/es\/wp-json\/wp\/v2\/media?parent=864"}],"wp:term":[{"taxonomy":"category","embeddable":true,"href":"https:\/\/regbu.com\/es\/wp-json\/wp\/v2\/categories?post=864"},{"taxonomy":"post_tag","embeddable":true,"href":"https:\/\/regbu.com\/es\/wp-json\/wp\/v2\/tags?post=864"}],"curies":[{"name":"wp","href":"https:\/\/api.w.org\/{rel}","templated":true}]}}