{"id":77,"date":"2022-01-02T07:30:33","date_gmt":"2022-01-02T06:30:33","guid":{"rendered":"https:\/\/regbu.com\/?p=77"},"modified":"2025-09-05T07:43:26","modified_gmt":"2025-09-05T05:43:26","slug":"vepro-knedlo-zelo-je-znamou-ceskou-klasikou","status":"publish","type":"post","link":"https:\/\/regbu.com\/es\/vepro-knedlo-zelo-es-un-famoso-clasico-checo\/","title":{"rendered":"La alb\u00f3ndiga de cerdo es un cl\u00e1sico checo muy conocido"},"content":{"rendered":"<p>Cuando se dice el cl\u00e1sico checo sin edad entre los platos, se puede pensar en <strong><a href=\"https:\/\/regbu.com\/es\/pub-guys-are-absolutely-every-gourmet\/\">pub goulash<\/a><\/strong>. Pero si lo que se busca es un verdadero tesoro de la cocina checa, ser\u00e1 la mism\u00edsima alb\u00f3ndiga de cerdo, que gustar\u00e1 a todo el mundo. Si no sabes c\u00f3mo preparar este delicioso plato, aqu\u00ed tienes una breve y sencilla gu\u00eda de c\u00f3mo hacerlo.<\/p>\n\n\n\n<h2 class=\"wp-block-heading\">\u00bfQu\u00e9 hay que preparar para las alb\u00f3ndigas de cerdo?<\/h2>\n\n\n\n<p>Cuando vayas a preparar este plato, necesitas los ingredientes adecuados, por supuesto. En la siguiente tabla le ofrecemos un inventario de ellos, tanto para <strong>preparaci\u00f3n de la carne, las alb\u00f3ndigas y la propia col<\/strong>. Cuente con poder cocinar entre cuatro y seis raciones con estos ingredientes.<\/p>\n\n\n\n<figure class=\"wp-block-table\"><table><tbody><tr><td><strong>Materias primas para la carne<\/strong><\/td><td><strong>Cantidad<\/strong><\/td><\/tr><tr><td>Cerdo<\/td><td>1 kg<\/td><\/tr><tr><td>Ajo<\/td><td>1 cucharadita<\/td><\/tr><tr><td>Comino triturado<\/td><td>1 cucharada<\/td><\/tr><tr><td><strong>Ingredientes para las alb\u00f3ndigas<\/strong><\/td><td><strong>Cantidad<\/strong><\/td><\/tr><tr><td>Harina semigruesa<\/td><td>250 g<\/td><\/tr><tr><td>Rolls<\/td><td>4 piezas<\/td><\/tr><tr><td>Huevos<\/td><td>2 unidades<\/td><\/tr><tr><td>Leche<\/td><td>250 g<\/td><\/tr><tr><td><strong>Materias primas para la col<\/strong><\/td><td><strong>Cantidad<\/strong><\/td><\/tr><tr><td>Col roja<\/td><td>650 g<\/td><\/tr><tr><td>Aceite<\/td><td>1 cucharada<\/td><\/tr><tr><td>Cebolla roja<\/td><td>1 pieza<\/td><\/tr><\/tbody><\/table><figcaption>\u00bfQu\u00e9 es lo que se necesita para una alb\u00f3ndiga de carne de cerdo?<\/figcaption><\/figure>\n\n\n\n<p>Para las tres partes de este plato necesitar\u00e1s sal. Tambi\u00e9n puede utilizar az\u00facar de ca\u00f1a, vinagre y harina para espesar la col.<\/p>\n\n\n\n<h3 class=\"wp-block-heading\">Preparaci\u00f3n detallada de los alimentos<\/h3>\n\n\n\n<p>Cuando prepares <strong>alb\u00f3ndigas de cerdo muy<\/strong>empezar con la panza de cerdo. Cortar la carne en trozos, salar, frotar con ajo y poner en una bandeja para hornear. El tiempo \u00f3ptimo de cocci\u00f3n es de unas dos horas a 180 \u00b0C. Lo ideal es que la carne tenga una corteza crujiente y dorada.<\/p>\n\n\n\n<p>Durante estas dos horas, se puede empezar con las alb\u00f3ndigas. Cortar los panecillos, a\u00f1adir la harina, la leche, las yemas de huevo y la sal. Despu\u00e9s de mezclar, hay que a\u00f1adir la nieve batida. Cuando hayas formado las alb\u00f3ndigas, ponlas a hervir en agua. El tiempo de cocci\u00f3n bajo la tapa es de aproximadamente media hora. Dentro de la col, fre\u00edr la cebolla hasta que est\u00e9 blanda, a\u00f1adir la col y <strong>dejar durante unos diez minutos<\/strong>. Cuando el repollo est\u00e9 espesado y sazonado con los ingredientes incluidos, vuelva a cocer a fuego lento durante diez minutos.<\/p>\n\n\n\n<p>Una vez preparadas las tres partes del plato de alb\u00f3ndigas de cerdo, se puede empezar a servir. Aseg\u00farese de cuidar este paso tambi\u00e9n, porque el plato debe tener un buen aspecto a primera vista y un gran sabor despu\u00e9s.<\/p>","protected":false},"excerpt":{"rendered":"<p>Cuando se dice el cl\u00e1sico checo sin edad entre los platos, es posible que se piense en el goulash de pub. Pero si lo que se busca es un verdadero tesoro de la cocina checa, ser\u00e1 la mism\u00edsima alb\u00f3ndiga de cerdo, que gustar\u00e1 a todo el mundo. Si no sabes c\u00f3mo preparar este delicioso plato, aqu\u00ed tienes una breve y sencilla gu\u00eda de c\u00f3mo hacerlo. Qu\u00e9 preparar... <\/p>","protected":false},"author":2,"featured_media":78,"comment_status":"closed","ping_status":"closed","sticky":false,"template":"","format":"standard","meta":{"footnotes":""},"categories":[12],"tags":[17,23,19,24,25,22,26,27,28,29,30],"class_list":["post-77","post","type-post","status-publish","format-standard","has-post-thumbnail","hentry","category-vareni","tag-jidlo","tag-knedlik","tag-knedliky","tag-knedlo","tag-maso","tag-recept","tag-vepro","tag-vepro-knedlo","tag-vepro-knedlo-zelo","tag-zeli","tag-zelo"],"yoast_head":"<!-- This site is optimized with the Yoast SEO plugin v27.5 - https:\/\/yoast.com\/product\/yoast-seo-wordpress\/ -->\n<title>Vep\u0159o knedlo zelo je zn\u00e1mou \u010deskou klasikou - REGBU.COM<\/title>\n<meta name=\"description\" content=\"Kdy\u017e se zamysl\u00edte nad \u010desk\u00fdm klasick\u00fdm j\u00eddlem, ur\u010dit\u011b V\u00e1s napadne vep\u0159o knedlo zelo. Pokud nev\u00edte, jak ho p\u0159ipravit, porad\u00edme V\u00e1m.\" \/>\n<meta name=\"robots\" content=\"index, follow, max-snippet:-1, max-image-preview:large, max-video-preview:-1\" \/>\n<link rel=\"canonical\" href=\"https:\/\/regbu.com\/es\/vepro-knedlo-zelo-es-un-famoso-clasico-checo\/\" \/>\n<meta property=\"og:locale\" content=\"es_ES\" \/>\n<meta property=\"og:type\" content=\"article\" \/>\n<meta property=\"og:title\" content=\"Vep\u0159o knedlo zelo je zn\u00e1mou \u010deskou klasikou - REGBU.COM\" \/>\n<meta property=\"og:description\" content=\"Kdy\u017e se zamysl\u00edte nad \u010desk\u00fdm klasick\u00fdm j\u00eddlem, ur\u010dit\u011b V\u00e1s napadne vep\u0159o knedlo zelo. Pokud nev\u00edte, jak ho p\u0159ipravit, porad\u00edme V\u00e1m.\" \/>\n<meta property=\"og:url\" content=\"https:\/\/regbu.com\/es\/vepro-knedlo-zelo-es-un-famoso-clasico-checo\/\" \/>\n<meta property=\"og:site_name\" content=\"REGBU.COM\" \/>\n<meta property=\"article:published_time\" content=\"2022-01-02T06:30:33+00:00\" \/>\n<meta property=\"article:modified_time\" content=\"2025-09-05T05:43:26+00:00\" \/>\n<meta property=\"og:image\" content=\"https:\/\/regbu.com\/wp-content\/uploads\/2022\/01\/vepro-knedlo-zelo-je-znamou-ceskou-klasikou.jpg\" \/>\n\t<meta property=\"og:image:width\" content=\"1200\" \/>\n\t<meta property=\"og:image:height\" content=\"675\" \/>\n\t<meta property=\"og:image:type\" content=\"image\/jpeg\" \/>\n<meta name=\"author\" content=\"George Martin\" \/>\n<meta name=\"twitter:card\" content=\"summary_large_image\" \/>\n<meta name=\"twitter:label1\" content=\"Escrito por\" \/>\n\t<meta name=\"twitter:data1\" content=\"George Martin\" \/>\n\t<meta name=\"twitter:label2\" content=\"Tiempo de lectura\" \/>\n\t<meta name=\"twitter:data2\" content=\"2 minutos\" \/>\n<script type=\"application\/ld+json\" class=\"yoast-schema-graph\">{\"@context\":\"https:\\\/\\\/schema.org\",\"@graph\":[{\"@type\":\"Article\",\"@id\":\"https:\\\/\\\/regbu.com\\\/vepro-knedlo-zelo-je-znamou-ceskou-klasikou\\\/#article\",\"isPartOf\":{\"@id\":\"https:\\\/\\\/regbu.com\\\/vepro-knedlo-zelo-je-znamou-ceskou-klasikou\\\/\"},\"author\":{\"name\":\"George Martin\",\"@id\":\"https:\\\/\\\/regbu.com\\\/en\\\/#\\\/schema\\\/person\\\/94ea9deda2629771b8a9ced002f6784e\"},\"headline\":\"Vep\u0159o knedlo zelo je zn\u00e1mou \u010deskou klasikou\",\"datePublished\":\"2022-01-02T06:30:33+00:00\",\"dateModified\":\"2025-09-05T05:43:26+00:00\",\"mainEntityOfPage\":{\"@id\":\"https:\\\/\\\/regbu.com\\\/vepro-knedlo-zelo-je-znamou-ceskou-klasikou\\\/\"},\"wordCount\":446,\"image\":{\"@id\":\"https:\\\/\\\/regbu.com\\\/vepro-knedlo-zelo-je-znamou-ceskou-klasikou\\\/#primaryimage\"},\"thumbnailUrl\":\"https:\\\/\\\/regbu.com\\\/wp-content\\\/uploads\\\/2022\\\/01\\\/vepro-knedlo-zelo-je-znamou-ceskou-klasikou.jpg\",\"keywords\":[\"j\u00eddlo\",\"knedl\u00edk\",\"knedl\u00edky\",\"knedlo\",\"maso\",\"recept\",\"vep\u0159o\",\"vep\u0159o knedlo\",\"vep\u0159o knedlo zelo\",\"zel\u00ed\",\"zelo\"],\"articleSection\":[\"Va\u0159en\u00ed\"],\"inLanguage\":\"es\"},{\"@type\":\"WebPage\",\"@id\":\"https:\\\/\\\/regbu.com\\\/vepro-knedlo-zelo-je-znamou-ceskou-klasikou\\\/\",\"url\":\"https:\\\/\\\/regbu.com\\\/vepro-knedlo-zelo-je-znamou-ceskou-klasikou\\\/\",\"name\":\"Vep\u0159o knedlo zelo je zn\u00e1mou \u010deskou klasikou - REGBU.COM\",\"isPartOf\":{\"@id\":\"https:\\\/\\\/regbu.com\\\/en\\\/#website\"},\"primaryImageOfPage\":{\"@id\":\"https:\\\/\\\/regbu.com\\\/vepro-knedlo-zelo-je-znamou-ceskou-klasikou\\\/#primaryimage\"},\"image\":{\"@id\":\"https:\\\/\\\/regbu.com\\\/vepro-knedlo-zelo-je-znamou-ceskou-klasikou\\\/#primaryimage\"},\"thumbnailUrl\":\"https:\\\/\\\/regbu.com\\\/wp-content\\\/uploads\\\/2022\\\/01\\\/vepro-knedlo-zelo-je-znamou-ceskou-klasikou.jpg\",\"datePublished\":\"2022-01-02T06:30:33+00:00\",\"dateModified\":\"2025-09-05T05:43:26+00:00\",\"author\":{\"@id\":\"https:\\\/\\\/regbu.com\\\/en\\\/#\\\/schema\\\/person\\\/94ea9deda2629771b8a9ced002f6784e\"},\"description\":\"Kdy\u017e se zamysl\u00edte nad \u010desk\u00fdm klasick\u00fdm j\u00eddlem, ur\u010dit\u011b V\u00e1s napadne vep\u0159o knedlo zelo. Pokud nev\u00edte, jak ho p\u0159ipravit, porad\u00edme V\u00e1m.\",\"breadcrumb\":{\"@id\":\"https:\\\/\\\/regbu.com\\\/vepro-knedlo-zelo-je-znamou-ceskou-klasikou\\\/#breadcrumb\"},\"inLanguage\":\"es\",\"potentialAction\":[{\"@type\":\"ReadAction\",\"target\":[\"https:\\\/\\\/regbu.com\\\/vepro-knedlo-zelo-je-znamou-ceskou-klasikou\\\/\"]}]},{\"@type\":\"ImageObject\",\"inLanguage\":\"es\",\"@id\":\"https:\\\/\\\/regbu.com\\\/vepro-knedlo-zelo-je-znamou-ceskou-klasikou\\\/#primaryimage\",\"url\":\"https:\\\/\\\/regbu.com\\\/wp-content\\\/uploads\\\/2022\\\/01\\\/vepro-knedlo-zelo-je-znamou-ceskou-klasikou.jpg\",\"contentUrl\":\"https:\\\/\\\/regbu.com\\\/wp-content\\\/uploads\\\/2022\\\/01\\\/vepro-knedlo-zelo-je-znamou-ceskou-klasikou.jpg\",\"width\":1200,\"height\":675,\"caption\":\"Vep\u0159o knedlo zelo je zn\u00e1mou \u010deskou klasikou\"},{\"@type\":\"BreadcrumbList\",\"@id\":\"https:\\\/\\\/regbu.com\\\/vepro-knedlo-zelo-je-znamou-ceskou-klasikou\\\/#breadcrumb\",\"itemListElement\":[{\"@type\":\"ListItem\",\"position\":1,\"name\":\"Home\",\"item\":\"https:\\\/\\\/regbu.com\\\/en\\\/\"},{\"@type\":\"ListItem\",\"position\":2,\"name\":\"Vep\u0159o knedlo zelo je zn\u00e1mou \u010deskou klasikou\"}]},{\"@type\":\"WebSite\",\"@id\":\"https:\\\/\\\/regbu.com\\\/en\\\/#website\",\"url\":\"https:\\\/\\\/regbu.com\\\/en\\\/\",\"name\":\"REGBU.COM\",\"description\":\"\",\"potentialAction\":[{\"@type\":\"SearchAction\",\"target\":{\"@type\":\"EntryPoint\",\"urlTemplate\":\"https:\\\/\\\/regbu.com\\\/en\\\/?s={search_term_string}\"},\"query-input\":{\"@type\":\"PropertyValueSpecification\",\"valueRequired\":true,\"valueName\":\"search_term_string\"}}],\"inLanguage\":\"es\"},{\"@type\":\"Person\",\"@id\":\"https:\\\/\\\/regbu.com\\\/en\\\/#\\\/schema\\\/person\\\/94ea9deda2629771b8a9ced002f6784e\",\"name\":\"George Martin\",\"url\":\"https:\\\/\\\/regbu.com\\\/es\\\/author\\\/george-martin\\\/\"}]}<\/script>\n<!-- \/ Yoast SEO plugin. -->","yoast_head_json":{"title":"La alb\u00f3ndiga de cerdo es un cl\u00e1sico checo muy conocido - REGBU.COM","description":"Cuando piense en un plato cl\u00e1sico checo, seguro que le viene a la cabeza el knedlo de cerdo. Si no sabes c\u00f3mo prepararlo, te asesoramos.","robots":{"index":"index","follow":"follow","max-snippet":"max-snippet:-1","max-image-preview":"max-image-preview:large","max-video-preview":"max-video-preview:-1"},"canonical":"https:\/\/regbu.com\/es\/vepro-knedlo-zelo-es-un-famoso-clasico-checo\/","og_locale":"es_ES","og_type":"article","og_title":"Vep\u0159o knedlo zelo je zn\u00e1mou \u010deskou klasikou - REGBU.COM","og_description":"Kdy\u017e se zamysl\u00edte nad \u010desk\u00fdm klasick\u00fdm j\u00eddlem, ur\u010dit\u011b V\u00e1s napadne vep\u0159o knedlo zelo. Pokud nev\u00edte, jak ho p\u0159ipravit, porad\u00edme V\u00e1m.","og_url":"https:\/\/regbu.com\/es\/vepro-knedlo-zelo-es-un-famoso-clasico-checo\/","og_site_name":"REGBU.COM","article_published_time":"2022-01-02T06:30:33+00:00","article_modified_time":"2025-09-05T05:43:26+00:00","og_image":[{"width":1200,"height":675,"url":"https:\/\/regbu.com\/wp-content\/uploads\/2022\/01\/vepro-knedlo-zelo-je-znamou-ceskou-klasikou.jpg","type":"image\/jpeg"}],"author":"George Martin","twitter_card":"summary_large_image","twitter_misc":{"Escrito por":"George Martin","Tiempo de lectura":"2 minutos"},"schema":{"@context":"https:\/\/schema.org","@graph":[{"@type":"Article","@id":"https:\/\/regbu.com\/vepro-knedlo-zelo-je-znamou-ceskou-klasikou\/#article","isPartOf":{"@id":"https:\/\/regbu.com\/vepro-knedlo-zelo-je-znamou-ceskou-klasikou\/"},"author":{"name":"George Martin","@id":"https:\/\/regbu.com\/en\/#\/schema\/person\/94ea9deda2629771b8a9ced002f6784e"},"headline":"Vep\u0159o knedlo zelo je zn\u00e1mou \u010deskou klasikou","datePublished":"2022-01-02T06:30:33+00:00","dateModified":"2025-09-05T05:43:26+00:00","mainEntityOfPage":{"@id":"https:\/\/regbu.com\/vepro-knedlo-zelo-je-znamou-ceskou-klasikou\/"},"wordCount":446,"image":{"@id":"https:\/\/regbu.com\/vepro-knedlo-zelo-je-znamou-ceskou-klasikou\/#primaryimage"},"thumbnailUrl":"https:\/\/regbu.com\/wp-content\/uploads\/2022\/01\/vepro-knedlo-zelo-je-znamou-ceskou-klasikou.jpg","keywords":["j\u00eddlo","knedl\u00edk","knedl\u00edky","knedlo","maso","recept","vep\u0159o","vep\u0159o knedlo","vep\u0159o knedlo zelo","zel\u00ed","zelo"],"articleSection":["Va\u0159en\u00ed"],"inLanguage":"es"},{"@type":"WebPage","@id":"https:\/\/regbu.com\/vepro-knedlo-zelo-je-znamou-ceskou-klasikou\/","url":"https:\/\/regbu.com\/vepro-knedlo-zelo-je-znamou-ceskou-klasikou\/","name":"La alb\u00f3ndiga de cerdo es un cl\u00e1sico checo muy conocido - REGBU.COM","isPartOf":{"@id":"https:\/\/regbu.com\/en\/#website"},"primaryImageOfPage":{"@id":"https:\/\/regbu.com\/vepro-knedlo-zelo-je-znamou-ceskou-klasikou\/#primaryimage"},"image":{"@id":"https:\/\/regbu.com\/vepro-knedlo-zelo-je-znamou-ceskou-klasikou\/#primaryimage"},"thumbnailUrl":"https:\/\/regbu.com\/wp-content\/uploads\/2022\/01\/vepro-knedlo-zelo-je-znamou-ceskou-klasikou.jpg","datePublished":"2022-01-02T06:30:33+00:00","dateModified":"2025-09-05T05:43:26+00:00","author":{"@id":"https:\/\/regbu.com\/en\/#\/schema\/person\/94ea9deda2629771b8a9ced002f6784e"},"description":"Cuando piense en un plato cl\u00e1sico checo, seguro que le viene a la cabeza el knedlo de cerdo. Si no sabes c\u00f3mo prepararlo, te asesoramos.","breadcrumb":{"@id":"https:\/\/regbu.com\/vepro-knedlo-zelo-je-znamou-ceskou-klasikou\/#breadcrumb"},"inLanguage":"es","potentialAction":[{"@type":"ReadAction","target":["https:\/\/regbu.com\/vepro-knedlo-zelo-je-znamou-ceskou-klasikou\/"]}]},{"@type":"ImageObject","inLanguage":"es","@id":"https:\/\/regbu.com\/vepro-knedlo-zelo-je-znamou-ceskou-klasikou\/#primaryimage","url":"https:\/\/regbu.com\/wp-content\/uploads\/2022\/01\/vepro-knedlo-zelo-je-znamou-ceskou-klasikou.jpg","contentUrl":"https:\/\/regbu.com\/wp-content\/uploads\/2022\/01\/vepro-knedlo-zelo-je-znamou-ceskou-klasikou.jpg","width":1200,"height":675,"caption":"Vep\u0159o knedlo zelo je zn\u00e1mou \u010deskou klasikou"},{"@type":"BreadcrumbList","@id":"https:\/\/regbu.com\/vepro-knedlo-zelo-je-znamou-ceskou-klasikou\/#breadcrumb","itemListElement":[{"@type":"ListItem","position":1,"name":"Home","item":"https:\/\/regbu.com\/en\/"},{"@type":"ListItem","position":2,"name":"Vep\u0159o knedlo zelo je zn\u00e1mou \u010deskou klasikou"}]},{"@type":"WebSite","@id":"https:\/\/regbu.com\/en\/#website","url":"https:\/\/regbu.com\/en\/","name":"REGBU.COM","description":"","potentialAction":[{"@type":"SearchAction","target":{"@type":"EntryPoint","urlTemplate":"https:\/\/regbu.com\/en\/?s={search_term_string}"},"query-input":{"@type":"PropertyValueSpecification","valueRequired":true,"valueName":"search_term_string"}}],"inLanguage":"es"},{"@type":"Person","@id":"https:\/\/regbu.com\/en\/#\/schema\/person\/94ea9deda2629771b8a9ced002f6784e","name":"George Martin","url":"https:\/\/regbu.com\/es\/author\/george-martin\/"}]}},"_links":{"self":[{"href":"https:\/\/regbu.com\/es\/wp-json\/wp\/v2\/posts\/77","targetHints":{"allow":["GET"]}}],"collection":[{"href":"https:\/\/regbu.com\/es\/wp-json\/wp\/v2\/posts"}],"about":[{"href":"https:\/\/regbu.com\/es\/wp-json\/wp\/v2\/types\/post"}],"author":[{"embeddable":true,"href":"https:\/\/regbu.com\/es\/wp-json\/wp\/v2\/users\/2"}],"replies":[{"embeddable":true,"href":"https:\/\/regbu.com\/es\/wp-json\/wp\/v2\/comments?post=77"}],"version-history":[{"count":3,"href":"https:\/\/regbu.com\/es\/wp-json\/wp\/v2\/posts\/77\/revisions"}],"predecessor-version":[{"id":111,"href":"https:\/\/regbu.com\/es\/wp-json\/wp\/v2\/posts\/77\/revisions\/111"}],"wp:featuredmedia":[{"embeddable":true,"href":"https:\/\/regbu.com\/es\/wp-json\/wp\/v2\/media\/78"}],"wp:attachment":[{"href":"https:\/\/regbu.com\/es\/wp-json\/wp\/v2\/media?parent=77"}],"wp:term":[{"taxonomy":"category","embeddable":true,"href":"https:\/\/regbu.com\/es\/wp-json\/wp\/v2\/categories?post=77"},{"taxonomy":"post_tag","embeddable":true,"href":"https:\/\/regbu.com\/es\/wp-json\/wp\/v2\/tags?post=77"}],"curies":[{"name":"wp","href":"https:\/\/api.w.org\/{rel}","templated":true}]}}