{"id":1557,"date":"2023-08-16T10:27:19","date_gmt":"2023-08-16T08:27:19","guid":{"rendered":"https:\/\/regbu.com\/?p=1557"},"modified":"2025-09-05T07:39:26","modified_gmt":"2025-09-05T05:39:26","slug":"michael-jackson-jako-legenda-popu","status":"publish","type":"post","link":"https:\/\/regbu.com\/es\/michael-jackson-como-leyenda-del-pop\/","title":{"rendered":"Michael Jackson como leyenda del pop"},"content":{"rendered":"<p>Michael Jackson es una leyenda del pop que probablemente no necesite una larga presentaci\u00f3n. Es lo mismo que hablar, por ejemplo, de un cantante llamado <strong><a href=\"https:\/\/regbu.com\/es\/tina-turner-de-gospel-a-rock\/\">Tina Turner<\/a><\/strong>. Sin embargo, no le privaremos de lo m\u00e1s importante relacionado con la carrera musical de este gran hombre.<\/p>\n\n\n\n<ul class=\"wp-block-list\">\n<li>Cantante pop<\/li>\n\n\n\n<li>Core\u00f3grafo<\/li>\n\n\n\n<li>Compositor<\/li>\n\n\n\n<li>Bailarina<\/li>\n<\/ul>\n\n\n\n<p>Es cierto que Jackson <em>es uno de los artistas verdaderamente dotados<\/em>. Adem\u00e1s de lo anterior, tambi\u00e9n era productor. Muchos lo describ\u00edan como un mecenas. De hecho, se convirti\u00f3 en una de las leyendas de la m\u00fasica.<\/p>\n\n\n\n<h2 class=\"wp-block-heading\">Michael Jackson y su vida<\/h2>\n\n\n\n<p>Pocos saben que este popular cantante proced\u00eda de una familia bastante numerosa. Era uno de siete hermanos. En cuanto a su carrera musical, su modelo a seguir fue Frankie Lymon desde muy pronto. Sus primeros grandes \u00e9xitos llegaron junto a su hermano Marlon Jackson. Juntos formaron un entra\u00f1able <strong>Los Jackson 5<\/strong>.<\/p>\n\n\n\n<figure class=\"wp-block-table\"><table><tbody><tr><td><strong>Asunto<\/strong><\/td><td><strong>Informaci\u00f3n<\/strong><\/td><\/tr><tr><td>Nacimiento<\/td><td>29 de agosto de 1958<\/td><\/tr><tr><td>Lugar de nacimiento<\/td><td>Gary, Indiana<\/td><\/tr><tr><td>Muertes<\/td><td>25 de junio de 2009<\/td><\/tr><tr><td>Lugar del fallecimiento<\/td><td>Los Angeles, California<\/td><\/tr><\/tbody><\/table><figcaption class=\"wp-element-caption\">Datos relativos al nacimiento y muerte de Michael Jackson.<\/figcaption><\/figure>\n\n\n\n<p>En cuanto a su carrera en solitario, Michael la emprendi\u00f3 en 1971. Se gan\u00f3 la atenci\u00f3n de mucha gente, especialmente con su singular balada Got to Be There. El \u00e9xito no se hizo esperar y empez\u00f3 a publicar un \u00e1lbum de \u00e9xito tras otro.<\/p>\n\n\n\n<h3 class=\"wp-block-heading\">Logros vitales y otros datos de inter\u00e9s<\/h3>\n\n\n\n<p>Michael Jackson colabor\u00f3 y grab\u00f3 un mont\u00f3n de canciones con otros artistas famosos a lo largo de su vida. Entre ellos figuran Diana Ross, Mick Jagger, Akon y otros. Adem\u00e1s de cantar, ha aparecido en varias pel\u00edculas y programas de televisi\u00f3n. Ejemplos t\u00edpicos son Salvar a Willy, Los Simpson, <strong>Moonwalker<\/strong> y Superman.<\/p>\n\n\n\n<p>Debido a su gran fortuna, tambi\u00e9n particip\u00f3 en actividades humanitarias. En cuanto a giras famosas, podemos mencionar Bad World Tour, Dangerous World Tour, HIStory World Tour y MJ &amp; Friends. Por desgracia, la gira This Is It prevista ya no se realiz\u00f3 debido a su muerte. Michael Jackson tambi\u00e9n ha ganado varios premios por su trabajo. Tambi\u00e9n ha sido protagonista de varios documentales.<\/p>","protected":false},"excerpt":{"rendered":"<p>Michael Jackson es una leyenda del pop que probablemente no necesite una larga presentaci\u00f3n. Es lo mismo que si habl\u00e1ramos, por ejemplo, de una cantante llamada Tina Turner. Sin embargo, no le privaremos de lo m\u00e1s importante relacionado con la carrera musical de este gran hombre. Es cierto que Jackson es uno de los artistas verdaderamente dotados. Adem\u00e1s de ... <\/p>","protected":false},"author":2,"featured_media":1558,"comment_status":"closed","ping_status":"closed","sticky":false,"template":"","format":"standard","meta":{"footnotes":""},"categories":[11],"tags":[1966,1964,1963,1962,1969,111,1965,1910,1967,1968],"class_list":["post-1557","post","type-post","status-publish","format-standard","has-post-thumbnail","hentry","category-hudba","tag-choreograf","tag-jackson","tag-michael","tag-michael-jackson","tag-moonwalker","tag-pop","tag-popovy-zpevak","tag-skladatel","tag-tanecnik","tag-the-jackson-5"],"yoast_head":"<!-- This site is optimized with the Yoast SEO plugin v27.4 - https:\/\/yoast.com\/product\/yoast-seo-wordpress\/ -->\n<title>Michael Jackson jako legenda popu - REGBU.COM<\/title>\n<meta name=\"description\" content=\"Michael Jackson u\u017e sice nen\u00ed mezi n\u00e1mi, jako hudebn\u00edk za sebou v\u0161ak zanechal nesmazatelnou stopu. Poznejte ho j\u011b\u0161t\u011b v\u00edce.\" \/>\n<meta name=\"robots\" content=\"index, follow, max-snippet:-1, max-image-preview:large, max-video-preview:-1\" \/>\n<link rel=\"canonical\" href=\"https:\/\/regbu.com\/es\/michael-jackson-como-leyenda-del-pop\/\" \/>\n<meta property=\"og:locale\" content=\"es_ES\" \/>\n<meta property=\"og:type\" content=\"article\" \/>\n<meta property=\"og:title\" content=\"Michael Jackson jako legenda popu - REGBU.COM\" \/>\n<meta property=\"og:description\" content=\"Michael Jackson u\u017e sice nen\u00ed mezi n\u00e1mi, jako hudebn\u00edk za sebou v\u0161ak zanechal nesmazatelnou stopu. Poznejte ho j\u011b\u0161t\u011b v\u00edce.\" \/>\n<meta property=\"og:url\" content=\"https:\/\/regbu.com\/es\/michael-jackson-como-leyenda-del-pop\/\" \/>\n<meta property=\"og:site_name\" content=\"REGBU.COM\" \/>\n<meta property=\"article:published_time\" content=\"2023-08-16T08:27:19+00:00\" \/>\n<meta property=\"article:modified_time\" content=\"2025-09-05T05:39:26+00:00\" \/>\n<meta property=\"og:image\" content=\"https:\/\/regbu.com\/wp-content\/uploads\/2023\/08\/michael-jackson-jako-legenda-popu.jpg\" \/>\n\t<meta property=\"og:image:width\" content=\"1200\" \/>\n\t<meta property=\"og:image:height\" content=\"679\" \/>\n\t<meta property=\"og:image:type\" content=\"image\/jpeg\" \/>\n<meta name=\"author\" content=\"George Martin\" \/>\n<meta name=\"twitter:card\" content=\"summary_large_image\" \/>\n<meta name=\"twitter:label1\" content=\"Escrito por\" \/>\n\t<meta name=\"twitter:data1\" content=\"George Martin\" \/>\n\t<meta name=\"twitter:label2\" content=\"Tiempo de lectura\" \/>\n\t<meta name=\"twitter:data2\" content=\"2 minutos\" \/>\n<script type=\"application\/ld+json\" class=\"yoast-schema-graph\">{\"@context\":\"https:\\\/\\\/schema.org\",\"@graph\":[{\"@type\":\"Article\",\"@id\":\"https:\\\/\\\/regbu.com\\\/es\\\/michael-jackson-como-leyenda-del-pop\\\/#article\",\"isPartOf\":{\"@id\":\"https:\\\/\\\/regbu.com\\\/es\\\/michael-jackson-como-leyenda-del-pop\\\/\"},\"author\":{\"name\":\"George Martin\",\"@id\":\"https:\\\/\\\/regbu.com\\\/en\\\/#\\\/schema\\\/person\\\/94ea9deda2629771b8a9ced002f6784e\"},\"headline\":\"Michael Jackson jako legenda popu\",\"datePublished\":\"2023-08-16T08:27:19+00:00\",\"dateModified\":\"2025-09-05T05:39:26+00:00\",\"mainEntityOfPage\":{\"@id\":\"https:\\\/\\\/regbu.com\\\/es\\\/michael-jackson-como-leyenda-del-pop\\\/\"},\"wordCount\":413,\"image\":{\"@id\":\"https:\\\/\\\/regbu.com\\\/es\\\/michael-jackson-como-leyenda-del-pop\\\/#primaryimage\"},\"thumbnailUrl\":\"https:\\\/\\\/regbu.com\\\/wp-content\\\/uploads\\\/2023\\\/08\\\/michael-jackson-jako-legenda-popu.jpg\",\"keywords\":[\"choreograf\",\"jackson\",\"michael\",\"michael jackson\",\"Moonwalker\",\"pop\",\"popov\u00fd zp\u011bv\u00e1k\",\"skladatel\",\"tane\u010dn\u00edk\",\"The Jackson 5\"],\"articleSection\":[\"Hudba\"],\"inLanguage\":\"es\"},{\"@type\":\"WebPage\",\"@id\":\"https:\\\/\\\/regbu.com\\\/es\\\/michael-jackson-como-leyenda-del-pop\\\/\",\"url\":\"https:\\\/\\\/regbu.com\\\/es\\\/michael-jackson-como-leyenda-del-pop\\\/\",\"name\":\"Michael Jackson jako legenda popu - REGBU.COM\",\"isPartOf\":{\"@id\":\"https:\\\/\\\/regbu.com\\\/en\\\/#website\"},\"primaryImageOfPage\":{\"@id\":\"https:\\\/\\\/regbu.com\\\/es\\\/michael-jackson-como-leyenda-del-pop\\\/#primaryimage\"},\"image\":{\"@id\":\"https:\\\/\\\/regbu.com\\\/es\\\/michael-jackson-como-leyenda-del-pop\\\/#primaryimage\"},\"thumbnailUrl\":\"https:\\\/\\\/regbu.com\\\/wp-content\\\/uploads\\\/2023\\\/08\\\/michael-jackson-jako-legenda-popu.jpg\",\"datePublished\":\"2023-08-16T08:27:19+00:00\",\"dateModified\":\"2025-09-05T05:39:26+00:00\",\"author\":{\"@id\":\"https:\\\/\\\/regbu.com\\\/en\\\/#\\\/schema\\\/person\\\/94ea9deda2629771b8a9ced002f6784e\"},\"description\":\"Michael Jackson u\u017e sice nen\u00ed mezi n\u00e1mi, jako hudebn\u00edk za sebou v\u0161ak zanechal nesmazatelnou stopu. Poznejte ho j\u011b\u0161t\u011b v\u00edce.\",\"breadcrumb\":{\"@id\":\"https:\\\/\\\/regbu.com\\\/es\\\/michael-jackson-como-leyenda-del-pop\\\/#breadcrumb\"},\"inLanguage\":\"es\",\"potentialAction\":[{\"@type\":\"ReadAction\",\"target\":[\"https:\\\/\\\/regbu.com\\\/es\\\/michael-jackson-como-leyenda-del-pop\\\/\"]}]},{\"@type\":\"ImageObject\",\"inLanguage\":\"es\",\"@id\":\"https:\\\/\\\/regbu.com\\\/es\\\/michael-jackson-como-leyenda-del-pop\\\/#primaryimage\",\"url\":\"https:\\\/\\\/regbu.com\\\/wp-content\\\/uploads\\\/2023\\\/08\\\/michael-jackson-jako-legenda-popu.jpg\",\"contentUrl\":\"https:\\\/\\\/regbu.com\\\/wp-content\\\/uploads\\\/2023\\\/08\\\/michael-jackson-jako-legenda-popu.jpg\",\"width\":1200,\"height\":679,\"caption\":\"Michael Jackson jako legenda popu\"},{\"@type\":\"BreadcrumbList\",\"@id\":\"https:\\\/\\\/regbu.com\\\/es\\\/michael-jackson-como-leyenda-del-pop\\\/#breadcrumb\",\"itemListElement\":[{\"@type\":\"ListItem\",\"position\":1,\"name\":\"Home\",\"item\":\"https:\\\/\\\/regbu.com\\\/en\\\/\"},{\"@type\":\"ListItem\",\"position\":2,\"name\":\"Michael Jackson jako legenda popu\"}]},{\"@type\":\"WebSite\",\"@id\":\"https:\\\/\\\/regbu.com\\\/en\\\/#website\",\"url\":\"https:\\\/\\\/regbu.com\\\/en\\\/\",\"name\":\"REGBU.COM\",\"description\":\"\",\"potentialAction\":[{\"@type\":\"SearchAction\",\"target\":{\"@type\":\"EntryPoint\",\"urlTemplate\":\"https:\\\/\\\/regbu.com\\\/en\\\/?s={search_term_string}\"},\"query-input\":{\"@type\":\"PropertyValueSpecification\",\"valueRequired\":true,\"valueName\":\"search_term_string\"}}],\"inLanguage\":\"es\"},{\"@type\":\"Person\",\"@id\":\"https:\\\/\\\/regbu.com\\\/en\\\/#\\\/schema\\\/person\\\/94ea9deda2629771b8a9ced002f6784e\",\"name\":\"George Martin\",\"url\":\"https:\\\/\\\/regbu.com\\\/es\\\/author\\\/george-martin\\\/\"}]}<\/script>\n<!-- \/ Yoast SEO plugin. -->","yoast_head_json":{"title":"Michael Jackson como leyenda del pop - REGBU.COM","description":"Aunque Michael Jackson ya no est\u00e1 entre nosotros, dej\u00f3 una huella imborrable como m\u00fasico. Con\u00f3zcalo a\u00fan m\u00e1s.","robots":{"index":"index","follow":"follow","max-snippet":"max-snippet:-1","max-image-preview":"max-image-preview:large","max-video-preview":"max-video-preview:-1"},"canonical":"https:\/\/regbu.com\/es\/michael-jackson-como-leyenda-del-pop\/","og_locale":"es_ES","og_type":"article","og_title":"Michael Jackson jako legenda popu - REGBU.COM","og_description":"Michael Jackson u\u017e sice nen\u00ed mezi n\u00e1mi, jako hudebn\u00edk za sebou v\u0161ak zanechal nesmazatelnou stopu. Poznejte ho j\u011b\u0161t\u011b v\u00edce.","og_url":"https:\/\/regbu.com\/es\/michael-jackson-como-leyenda-del-pop\/","og_site_name":"REGBU.COM","article_published_time":"2023-08-16T08:27:19+00:00","article_modified_time":"2025-09-05T05:39:26+00:00","og_image":[{"width":1200,"height":679,"url":"https:\/\/regbu.com\/wp-content\/uploads\/2023\/08\/michael-jackson-jako-legenda-popu.jpg","type":"image\/jpeg"}],"author":"George Martin","twitter_card":"summary_large_image","twitter_misc":{"Escrito por":"George Martin","Tiempo de lectura":"2 minutos"},"schema":{"@context":"https:\/\/schema.org","@graph":[{"@type":"Article","@id":"https:\/\/regbu.com\/es\/michael-jackson-como-leyenda-del-pop\/#article","isPartOf":{"@id":"https:\/\/regbu.com\/es\/michael-jackson-como-leyenda-del-pop\/"},"author":{"name":"George Martin","@id":"https:\/\/regbu.com\/en\/#\/schema\/person\/94ea9deda2629771b8a9ced002f6784e"},"headline":"Michael Jackson jako legenda popu","datePublished":"2023-08-16T08:27:19+00:00","dateModified":"2025-09-05T05:39:26+00:00","mainEntityOfPage":{"@id":"https:\/\/regbu.com\/es\/michael-jackson-como-leyenda-del-pop\/"},"wordCount":413,"image":{"@id":"https:\/\/regbu.com\/es\/michael-jackson-como-leyenda-del-pop\/#primaryimage"},"thumbnailUrl":"https:\/\/regbu.com\/wp-content\/uploads\/2023\/08\/michael-jackson-jako-legenda-popu.jpg","keywords":["choreograf","jackson","michael","michael jackson","Moonwalker","pop","popov\u00fd zp\u011bv\u00e1k","skladatel","tane\u010dn\u00edk","The Jackson 5"],"articleSection":["Hudba"],"inLanguage":"es"},{"@type":"WebPage","@id":"https:\/\/regbu.com\/es\/michael-jackson-como-leyenda-del-pop\/","url":"https:\/\/regbu.com\/es\/michael-jackson-como-leyenda-del-pop\/","name":"Michael Jackson como leyenda del pop - REGBU.COM","isPartOf":{"@id":"https:\/\/regbu.com\/en\/#website"},"primaryImageOfPage":{"@id":"https:\/\/regbu.com\/es\/michael-jackson-como-leyenda-del-pop\/#primaryimage"},"image":{"@id":"https:\/\/regbu.com\/es\/michael-jackson-como-leyenda-del-pop\/#primaryimage"},"thumbnailUrl":"https:\/\/regbu.com\/wp-content\/uploads\/2023\/08\/michael-jackson-jako-legenda-popu.jpg","datePublished":"2023-08-16T08:27:19+00:00","dateModified":"2025-09-05T05:39:26+00:00","author":{"@id":"https:\/\/regbu.com\/en\/#\/schema\/person\/94ea9deda2629771b8a9ced002f6784e"},"description":"Aunque Michael Jackson ya no est\u00e1 entre nosotros, dej\u00f3 una huella imborrable como m\u00fasico. Con\u00f3zcalo a\u00fan m\u00e1s.","breadcrumb":{"@id":"https:\/\/regbu.com\/es\/michael-jackson-como-leyenda-del-pop\/#breadcrumb"},"inLanguage":"es","potentialAction":[{"@type":"ReadAction","target":["https:\/\/regbu.com\/es\/michael-jackson-como-leyenda-del-pop\/"]}]},{"@type":"ImageObject","inLanguage":"es","@id":"https:\/\/regbu.com\/es\/michael-jackson-como-leyenda-del-pop\/#primaryimage","url":"https:\/\/regbu.com\/wp-content\/uploads\/2023\/08\/michael-jackson-jako-legenda-popu.jpg","contentUrl":"https:\/\/regbu.com\/wp-content\/uploads\/2023\/08\/michael-jackson-jako-legenda-popu.jpg","width":1200,"height":679,"caption":"Michael Jackson jako legenda popu"},{"@type":"BreadcrumbList","@id":"https:\/\/regbu.com\/es\/michael-jackson-como-leyenda-del-pop\/#breadcrumb","itemListElement":[{"@type":"ListItem","position":1,"name":"Home","item":"https:\/\/regbu.com\/en\/"},{"@type":"ListItem","position":2,"name":"Michael Jackson jako legenda popu"}]},{"@type":"WebSite","@id":"https:\/\/regbu.com\/en\/#website","url":"https:\/\/regbu.com\/en\/","name":"REGBU.COM","description":"","potentialAction":[{"@type":"SearchAction","target":{"@type":"EntryPoint","urlTemplate":"https:\/\/regbu.com\/en\/?s={search_term_string}"},"query-input":{"@type":"PropertyValueSpecification","valueRequired":true,"valueName":"search_term_string"}}],"inLanguage":"es"},{"@type":"Person","@id":"https:\/\/regbu.com\/en\/#\/schema\/person\/94ea9deda2629771b8a9ced002f6784e","name":"George Martin","url":"https:\/\/regbu.com\/es\/author\/george-martin\/"}]}},"_links":{"self":[{"href":"https:\/\/regbu.com\/es\/wp-json\/wp\/v2\/posts\/1557","targetHints":{"allow":["GET"]}}],"collection":[{"href":"https:\/\/regbu.com\/es\/wp-json\/wp\/v2\/posts"}],"about":[{"href":"https:\/\/regbu.com\/es\/wp-json\/wp\/v2\/types\/post"}],"author":[{"embeddable":true,"href":"https:\/\/regbu.com\/es\/wp-json\/wp\/v2\/users\/2"}],"replies":[{"embeddable":true,"href":"https:\/\/regbu.com\/es\/wp-json\/wp\/v2\/comments?post=1557"}],"version-history":[{"count":2,"href":"https:\/\/regbu.com\/es\/wp-json\/wp\/v2\/posts\/1557\/revisions"}],"predecessor-version":[{"id":1571,"href":"https:\/\/regbu.com\/es\/wp-json\/wp\/v2\/posts\/1557\/revisions\/1571"}],"wp:featuredmedia":[{"embeddable":true,"href":"https:\/\/regbu.com\/es\/wp-json\/wp\/v2\/media\/1558"}],"wp:attachment":[{"href":"https:\/\/regbu.com\/es\/wp-json\/wp\/v2\/media?parent=1557"}],"wp:term":[{"taxonomy":"category","embeddable":true,"href":"https:\/\/regbu.com\/es\/wp-json\/wp\/v2\/categories?post=1557"},{"taxonomy":"post_tag","embeddable":true,"href":"https:\/\/regbu.com\/es\/wp-json\/wp\/v2\/tags?post=1557"}],"curies":[{"name":"wp","href":"https:\/\/api.w.org\/{rel}","templated":true}]}}