{"id":141,"date":"2022-01-05T08:43:00","date_gmt":"2022-01-05T07:43:00","guid":{"rendered":"https:\/\/regbu.com\/?p=141"},"modified":"2025-09-05T07:43:00","modified_gmt":"2025-09-05T05:43:00","slug":"kabat-skupina-kterou-si-oblibili-predevsim-rockeri","status":"publish","type":"post","link":"https:\/\/regbu.com\/es\/kabat-group-which-you-liked-first-of-rockers\/","title":{"rendered":"Kabat - Un grupo especialmente popular entre los rockeros"},"content":{"rendered":"<p>Cuando se dice banda de rock duro en la Rep\u00fablica Checa, no se piensa en <strong><a href=\"https:\/\/regbu.com\/es\/capilla-legendario-salvaje-con-una-caracteristica-especial\/\">Wild Bill<\/a><\/strong>sino el abrigo. Un grupo musical que lleva muchos a\u00f1os en activo, cuyo <strong>las canciones son inmortales<\/strong>. Se pueden escuchar en la televisi\u00f3n, la radio y todo tipo de entretenimiento. Esta banda se ha grabado a fuego sin piedad en la mente de los aficionados al rock y sus famosas canciones son tarareadas por muchos rockeros.<\/p>\n\n\n\n<h2 class=\"wp-block-heading\">\u00bfC\u00f3mo fue el tiempo con Kabat?<\/h2>\n\n\n\n<p>Grupo de rock checo formado en Teplice. Su cara principal es <strong>el l\u00edder Josef Vojtek<\/strong>. La formaci\u00f3n actual est\u00e1 formada por Tom\u00e1\u0161 Krulich, Ota V\u00e1\u0148a, Radek Hur\u010d\u00edk y Milan \u0160palek. Si quiere saber m\u00e1s, lea la siguiente tabla.<\/p>\n\n\n\n<figure class=\"wp-block-table\"><table><tbody><tr><td><strong>Asunto<\/strong><\/td><td><strong>Valor<\/strong><\/td><\/tr><tr><td>Fecha de creaci\u00f3n<\/td><td>1983<\/td><\/tr><tr><td>G\u00e9neros<\/td><td>Rock, hard rock y rock'n'roll<\/td><\/tr><tr><td>Activo en el escenario<\/td><td>Desde 1989<\/td><\/tr><tr><td>Editorial<\/td><td>Pink Panther Media<\/td><\/tr><\/tbody><\/table><figcaption>M\u00e1s informaci\u00f3n sobre la famosa banda de rock.<\/figcaption><\/figure>\n\n\n\n<p>Es cierto que la banda Kabat no ha cambiado de formaci\u00f3n desde 1989. Para que conste, los antiguos miembros eran Ji\u0159\u00ed Bu\u0161ek, Ren\u00e9 Hor\u0148\u00e1k, Libor \u0160erl y Robert Stahl.<\/p>\n\n\n\n<h2 class=\"wp-block-heading\">Logros del grupo musical<\/h2>\n\n\n\n<p>No s\u00f3lo la fuerte base de fans habla de la singularidad de esta banda. En una carrera de m\u00e1s de treinta a\u00f1os, Kabat ha vendido m\u00e1s de un mill\u00f3n de discos y ha publicado once \u00e1lbumes de estudio. La presentaci\u00f3n de la Rep\u00fablica Checa en el gran concurso musical internacional Eurovisi\u00f3n en 2007 es sin duda digna de menci\u00f3n. <strong>Uno de los mayores conciertos en Vypich <\/strong>se cont\u00f3 con la asistencia de hasta 70.000 aficionados. Son n\u00fameros que muestran claramente que la banda ha dejado una huella indeleble en la escena del rock. Al fin y al cabo, fueron incluidos en el Beat Hall of Fame por la famosa Beat Radio.<\/p>\n\n\n\n<h3 class=\"wp-block-heading\">Kabat y sus \u00e9xitos que nunca envejecen<\/h3>\n\n\n\n<p>Si se indaga en la discograf\u00eda de esta banda, no faltar\u00e1n los conocidos \u00e1lbumes de estudio que todo rockero tiene en su colecci\u00f3n. Entre ellas se encuentran She's Got Her Motor, Colorado, The Devil Rode a Goat, Go Satan Go, Down in the Dole, Corrida y To Hell\/to Heaven. Cada uno de estos \u00e1lbumes merec\u00eda una gira adecuada, que dif\u00edcilmente puede olvidarse. A ver si la banda Kabat saca alg\u00fan otro corte de estudio nuevo en los pr\u00f3ximos a\u00f1os y monta uno de sus singulares espect\u00e1culos.<\/p>","protected":false},"excerpt":{"rendered":"<p>Cuando se dice banda de rock duro en la Rep\u00fablica Checa, no se piensa en Divokej Bill, sino en Kabat. Un grupo musical que lleva muchos a\u00f1os en activo y cuyas canciones son inmortales. Se pueden escuchar en la televisi\u00f3n, la radio y en cualquier espect\u00e1culo. Esta banda se ha grabado a fuego en la mente de los fans del rock sin piedad y sus famosas canciones son tarareadas por muchos rockeros. \u00bfC\u00f3mo... <\/p>","protected":false},"author":2,"featured_media":142,"comment_status":"closed","ping_status":"closed","sticky":false,"template":"","format":"standard","meta":{"footnotes":""},"categories":[11],"tags":[133,106,108,134,135,136,137,113,138,114],"class_list":["post-141","post","type-post","status-publish","format-standard","has-post-thumbnail","hentry","category-hudba","tag-hard-rock","tag-hudba","tag-hudebni-skupina","tag-josef-vojtek","tag-kabat","tag-kapela","tag-pepa-vojtek","tag-rock","tag-rockova-kapela","tag-skupina"],"yoast_head":"<!-- This site is optimized with the Yoast SEO plugin v27.4 - https:\/\/yoast.com\/product\/yoast-seo-wordpress\/ -->\n<title>Kab\u00e1t \u2013 Skupina, kterou si obl\u00edbili p\u0159edev\u0161\u00edm rocke\u0159i - REGBU.COM<\/title>\n<meta name=\"description\" content=\"Poznejte kapelu Kab\u00e1t do nejmen\u0161\u00edho detailu. P\u0159in\u00e1\u0161\u00edme V\u00e1m informace o jej\u00edm vzniku, diskografii a spoustu dal\u0161\u00edch zaj\u00edmav\u00fdch v\u011bc\u00ed.\" \/>\n<meta name=\"robots\" content=\"index, follow, max-snippet:-1, max-image-preview:large, max-video-preview:-1\" \/>\n<link rel=\"canonical\" href=\"https:\/\/regbu.com\/es\/kabat-group-which-you-liked-first-of-rockers\/\" \/>\n<meta property=\"og:locale\" content=\"es_ES\" \/>\n<meta property=\"og:type\" content=\"article\" \/>\n<meta property=\"og:title\" content=\"Kab\u00e1t \u2013 Skupina, kterou si obl\u00edbili p\u0159edev\u0161\u00edm rocke\u0159i - REGBU.COM\" \/>\n<meta property=\"og:description\" content=\"Poznejte kapelu Kab\u00e1t do nejmen\u0161\u00edho detailu. P\u0159in\u00e1\u0161\u00edme V\u00e1m informace o jej\u00edm vzniku, diskografii a spoustu dal\u0161\u00edch zaj\u00edmav\u00fdch v\u011bc\u00ed.\" \/>\n<meta property=\"og:url\" content=\"https:\/\/regbu.com\/es\/kabat-group-which-you-liked-first-of-rockers\/\" \/>\n<meta property=\"og:site_name\" content=\"REGBU.COM\" \/>\n<meta property=\"article:published_time\" content=\"2022-01-05T07:43:00+00:00\" \/>\n<meta property=\"article:modified_time\" content=\"2025-09-05T05:43:00+00:00\" \/>\n<meta property=\"og:image\" content=\"https:\/\/regbu.com\/wp-content\/uploads\/2022\/01\/kabat-skupina-kterou-si-oblibili-predevsim-rockeri.jpg\" \/>\n\t<meta property=\"og:image:width\" content=\"1200\" \/>\n\t<meta property=\"og:image:height\" content=\"675\" \/>\n\t<meta property=\"og:image:type\" content=\"image\/jpeg\" \/>\n<meta name=\"author\" content=\"George Martin\" \/>\n<meta name=\"twitter:card\" content=\"summary_large_image\" \/>\n<meta name=\"twitter:label1\" content=\"Escrito por\" \/>\n\t<meta name=\"twitter:data1\" content=\"George Martin\" \/>\n\t<meta name=\"twitter:label2\" content=\"Tiempo de lectura\" \/>\n\t<meta name=\"twitter:data2\" content=\"2 minutos\" \/>\n<script type=\"application\/ld+json\" class=\"yoast-schema-graph\">{\"@context\":\"https:\\\/\\\/schema.org\",\"@graph\":[{\"@type\":\"Article\",\"@id\":\"https:\\\/\\\/regbu.com\\\/kabat-skupina-kterou-si-oblibili-predevsim-rockeri\\\/#article\",\"isPartOf\":{\"@id\":\"https:\\\/\\\/regbu.com\\\/kabat-skupina-kterou-si-oblibili-predevsim-rockeri\\\/\"},\"author\":{\"name\":\"George Martin\",\"@id\":\"https:\\\/\\\/regbu.com\\\/en\\\/#\\\/schema\\\/person\\\/94ea9deda2629771b8a9ced002f6784e\"},\"headline\":\"Kab\u00e1t \u2013 Skupina, kterou si obl\u00edbili p\u0159edev\u0161\u00edm rocke\u0159i\",\"datePublished\":\"2022-01-05T07:43:00+00:00\",\"dateModified\":\"2025-09-05T05:43:00+00:00\",\"mainEntityOfPage\":{\"@id\":\"https:\\\/\\\/regbu.com\\\/kabat-skupina-kterou-si-oblibili-predevsim-rockeri\\\/\"},\"wordCount\":435,\"image\":{\"@id\":\"https:\\\/\\\/regbu.com\\\/kabat-skupina-kterou-si-oblibili-predevsim-rockeri\\\/#primaryimage\"},\"thumbnailUrl\":\"https:\\\/\\\/regbu.com\\\/wp-content\\\/uploads\\\/2022\\\/01\\\/kabat-skupina-kterou-si-oblibili-predevsim-rockeri.jpg\",\"keywords\":[\"hard rock\",\"hudba\",\"hudebn\u00ed skupina\",\"Josef Vojtek\",\"kab\u00e1t\",\"kapela\",\"Pepa Vojtek\",\"rock\",\"rockov\u00e1 kapela\",\"skupina\"],\"articleSection\":[\"Hudba\"],\"inLanguage\":\"es\"},{\"@type\":\"WebPage\",\"@id\":\"https:\\\/\\\/regbu.com\\\/kabat-skupina-kterou-si-oblibili-predevsim-rockeri\\\/\",\"url\":\"https:\\\/\\\/regbu.com\\\/kabat-skupina-kterou-si-oblibili-predevsim-rockeri\\\/\",\"name\":\"Kab\u00e1t \u2013 Skupina, kterou si obl\u00edbili p\u0159edev\u0161\u00edm rocke\u0159i - REGBU.COM\",\"isPartOf\":{\"@id\":\"https:\\\/\\\/regbu.com\\\/en\\\/#website\"},\"primaryImageOfPage\":{\"@id\":\"https:\\\/\\\/regbu.com\\\/kabat-skupina-kterou-si-oblibili-predevsim-rockeri\\\/#primaryimage\"},\"image\":{\"@id\":\"https:\\\/\\\/regbu.com\\\/kabat-skupina-kterou-si-oblibili-predevsim-rockeri\\\/#primaryimage\"},\"thumbnailUrl\":\"https:\\\/\\\/regbu.com\\\/wp-content\\\/uploads\\\/2022\\\/01\\\/kabat-skupina-kterou-si-oblibili-predevsim-rockeri.jpg\",\"datePublished\":\"2022-01-05T07:43:00+00:00\",\"dateModified\":\"2025-09-05T05:43:00+00:00\",\"author\":{\"@id\":\"https:\\\/\\\/regbu.com\\\/en\\\/#\\\/schema\\\/person\\\/94ea9deda2629771b8a9ced002f6784e\"},\"description\":\"Poznejte kapelu Kab\u00e1t do nejmen\u0161\u00edho detailu. P\u0159in\u00e1\u0161\u00edme V\u00e1m informace o jej\u00edm vzniku, diskografii a spoustu dal\u0161\u00edch zaj\u00edmav\u00fdch v\u011bc\u00ed.\",\"breadcrumb\":{\"@id\":\"https:\\\/\\\/regbu.com\\\/kabat-skupina-kterou-si-oblibili-predevsim-rockeri\\\/#breadcrumb\"},\"inLanguage\":\"es\",\"potentialAction\":[{\"@type\":\"ReadAction\",\"target\":[\"https:\\\/\\\/regbu.com\\\/kabat-skupina-kterou-si-oblibili-predevsim-rockeri\\\/\"]}]},{\"@type\":\"ImageObject\",\"inLanguage\":\"es\",\"@id\":\"https:\\\/\\\/regbu.com\\\/kabat-skupina-kterou-si-oblibili-predevsim-rockeri\\\/#primaryimage\",\"url\":\"https:\\\/\\\/regbu.com\\\/wp-content\\\/uploads\\\/2022\\\/01\\\/kabat-skupina-kterou-si-oblibili-predevsim-rockeri.jpg\",\"contentUrl\":\"https:\\\/\\\/regbu.com\\\/wp-content\\\/uploads\\\/2022\\\/01\\\/kabat-skupina-kterou-si-oblibili-predevsim-rockeri.jpg\",\"width\":1200,\"height\":675,\"caption\":\"Kab\u00e1t \u2013 Skupina, kterou si obl\u00edbili p\u0159edev\u0161\u00edm rocke\u0159i\"},{\"@type\":\"BreadcrumbList\",\"@id\":\"https:\\\/\\\/regbu.com\\\/kabat-skupina-kterou-si-oblibili-predevsim-rockeri\\\/#breadcrumb\",\"itemListElement\":[{\"@type\":\"ListItem\",\"position\":1,\"name\":\"Home\",\"item\":\"https:\\\/\\\/regbu.com\\\/en\\\/\"},{\"@type\":\"ListItem\",\"position\":2,\"name\":\"Kab\u00e1t \u2013 Skupina, kterou si obl\u00edbili p\u0159edev\u0161\u00edm rocke\u0159i\"}]},{\"@type\":\"WebSite\",\"@id\":\"https:\\\/\\\/regbu.com\\\/en\\\/#website\",\"url\":\"https:\\\/\\\/regbu.com\\\/en\\\/\",\"name\":\"REGBU.COM\",\"description\":\"\",\"potentialAction\":[{\"@type\":\"SearchAction\",\"target\":{\"@type\":\"EntryPoint\",\"urlTemplate\":\"https:\\\/\\\/regbu.com\\\/en\\\/?s={search_term_string}\"},\"query-input\":{\"@type\":\"PropertyValueSpecification\",\"valueRequired\":true,\"valueName\":\"search_term_string\"}}],\"inLanguage\":\"es\"},{\"@type\":\"Person\",\"@id\":\"https:\\\/\\\/regbu.com\\\/en\\\/#\\\/schema\\\/person\\\/94ea9deda2629771b8a9ced002f6784e\",\"name\":\"George Martin\",\"url\":\"https:\\\/\\\/regbu.com\\\/es\\\/author\\\/george-martin\\\/\"}]}<\/script>\n<!-- \/ Yoast SEO plugin. -->","yoast_head_json":{"title":"Kabat - La banda que aman los rockeros - REGBU.COM","description":"Conozca la banda Kabat hasta el m\u00e1s m\u00ednimo detalle. Te traemos informaci\u00f3n sobre sus or\u00edgenes, discograf\u00eda y muchas otras cosas interesantes.","robots":{"index":"index","follow":"follow","max-snippet":"max-snippet:-1","max-image-preview":"max-image-preview:large","max-video-preview":"max-video-preview:-1"},"canonical":"https:\/\/regbu.com\/es\/kabat-group-which-you-liked-first-of-rockers\/","og_locale":"es_ES","og_type":"article","og_title":"Kab\u00e1t \u2013 Skupina, kterou si obl\u00edbili p\u0159edev\u0161\u00edm rocke\u0159i - REGBU.COM","og_description":"Poznejte kapelu Kab\u00e1t do nejmen\u0161\u00edho detailu. P\u0159in\u00e1\u0161\u00edme V\u00e1m informace o jej\u00edm vzniku, diskografii a spoustu dal\u0161\u00edch zaj\u00edmav\u00fdch v\u011bc\u00ed.","og_url":"https:\/\/regbu.com\/es\/kabat-group-which-you-liked-first-of-rockers\/","og_site_name":"REGBU.COM","article_published_time":"2022-01-05T07:43:00+00:00","article_modified_time":"2025-09-05T05:43:00+00:00","og_image":[{"width":1200,"height":675,"url":"https:\/\/regbu.com\/wp-content\/uploads\/2022\/01\/kabat-skupina-kterou-si-oblibili-predevsim-rockeri.jpg","type":"image\/jpeg"}],"author":"George Martin","twitter_card":"summary_large_image","twitter_misc":{"Escrito por":"George Martin","Tiempo de lectura":"2 minutos"},"schema":{"@context":"https:\/\/schema.org","@graph":[{"@type":"Article","@id":"https:\/\/regbu.com\/kabat-skupina-kterou-si-oblibili-predevsim-rockeri\/#article","isPartOf":{"@id":"https:\/\/regbu.com\/kabat-skupina-kterou-si-oblibili-predevsim-rockeri\/"},"author":{"name":"George Martin","@id":"https:\/\/regbu.com\/en\/#\/schema\/person\/94ea9deda2629771b8a9ced002f6784e"},"headline":"Kab\u00e1t \u2013 Skupina, kterou si obl\u00edbili p\u0159edev\u0161\u00edm rocke\u0159i","datePublished":"2022-01-05T07:43:00+00:00","dateModified":"2025-09-05T05:43:00+00:00","mainEntityOfPage":{"@id":"https:\/\/regbu.com\/kabat-skupina-kterou-si-oblibili-predevsim-rockeri\/"},"wordCount":435,"image":{"@id":"https:\/\/regbu.com\/kabat-skupina-kterou-si-oblibili-predevsim-rockeri\/#primaryimage"},"thumbnailUrl":"https:\/\/regbu.com\/wp-content\/uploads\/2022\/01\/kabat-skupina-kterou-si-oblibili-predevsim-rockeri.jpg","keywords":["hard rock","hudba","hudebn\u00ed skupina","Josef Vojtek","kab\u00e1t","kapela","Pepa Vojtek","rock","rockov\u00e1 kapela","skupina"],"articleSection":["Hudba"],"inLanguage":"es"},{"@type":"WebPage","@id":"https:\/\/regbu.com\/kabat-skupina-kterou-si-oblibili-predevsim-rockeri\/","url":"https:\/\/regbu.com\/kabat-skupina-kterou-si-oblibili-predevsim-rockeri\/","name":"Kabat - La banda que aman los rockeros - REGBU.COM","isPartOf":{"@id":"https:\/\/regbu.com\/en\/#website"},"primaryImageOfPage":{"@id":"https:\/\/regbu.com\/kabat-skupina-kterou-si-oblibili-predevsim-rockeri\/#primaryimage"},"image":{"@id":"https:\/\/regbu.com\/kabat-skupina-kterou-si-oblibili-predevsim-rockeri\/#primaryimage"},"thumbnailUrl":"https:\/\/regbu.com\/wp-content\/uploads\/2022\/01\/kabat-skupina-kterou-si-oblibili-predevsim-rockeri.jpg","datePublished":"2022-01-05T07:43:00+00:00","dateModified":"2025-09-05T05:43:00+00:00","author":{"@id":"https:\/\/regbu.com\/en\/#\/schema\/person\/94ea9deda2629771b8a9ced002f6784e"},"description":"Conozca la banda Kabat hasta el m\u00e1s m\u00ednimo detalle. Te traemos informaci\u00f3n sobre sus or\u00edgenes, discograf\u00eda y muchas otras cosas interesantes.","breadcrumb":{"@id":"https:\/\/regbu.com\/kabat-skupina-kterou-si-oblibili-predevsim-rockeri\/#breadcrumb"},"inLanguage":"es","potentialAction":[{"@type":"ReadAction","target":["https:\/\/regbu.com\/kabat-skupina-kterou-si-oblibili-predevsim-rockeri\/"]}]},{"@type":"ImageObject","inLanguage":"es","@id":"https:\/\/regbu.com\/kabat-skupina-kterou-si-oblibili-predevsim-rockeri\/#primaryimage","url":"https:\/\/regbu.com\/wp-content\/uploads\/2022\/01\/kabat-skupina-kterou-si-oblibili-predevsim-rockeri.jpg","contentUrl":"https:\/\/regbu.com\/wp-content\/uploads\/2022\/01\/kabat-skupina-kterou-si-oblibili-predevsim-rockeri.jpg","width":1200,"height":675,"caption":"Kab\u00e1t \u2013 Skupina, kterou si obl\u00edbili p\u0159edev\u0161\u00edm rocke\u0159i"},{"@type":"BreadcrumbList","@id":"https:\/\/regbu.com\/kabat-skupina-kterou-si-oblibili-predevsim-rockeri\/#breadcrumb","itemListElement":[{"@type":"ListItem","position":1,"name":"Home","item":"https:\/\/regbu.com\/en\/"},{"@type":"ListItem","position":2,"name":"Kab\u00e1t \u2013 Skupina, kterou si obl\u00edbili p\u0159edev\u0161\u00edm rocke\u0159i"}]},{"@type":"WebSite","@id":"https:\/\/regbu.com\/en\/#website","url":"https:\/\/regbu.com\/en\/","name":"REGBU.COM","description":"","potentialAction":[{"@type":"SearchAction","target":{"@type":"EntryPoint","urlTemplate":"https:\/\/regbu.com\/en\/?s={search_term_string}"},"query-input":{"@type":"PropertyValueSpecification","valueRequired":true,"valueName":"search_term_string"}}],"inLanguage":"es"},{"@type":"Person","@id":"https:\/\/regbu.com\/en\/#\/schema\/person\/94ea9deda2629771b8a9ced002f6784e","name":"George Martin","url":"https:\/\/regbu.com\/es\/author\/george-martin\/"}]}},"_links":{"self":[{"href":"https:\/\/regbu.com\/es\/wp-json\/wp\/v2\/posts\/141","targetHints":{"allow":["GET"]}}],"collection":[{"href":"https:\/\/regbu.com\/es\/wp-json\/wp\/v2\/posts"}],"about":[{"href":"https:\/\/regbu.com\/es\/wp-json\/wp\/v2\/types\/post"}],"author":[{"embeddable":true,"href":"https:\/\/regbu.com\/es\/wp-json\/wp\/v2\/users\/2"}],"replies":[{"embeddable":true,"href":"https:\/\/regbu.com\/es\/wp-json\/wp\/v2\/comments?post=141"}],"version-history":[{"count":3,"href":"https:\/\/regbu.com\/es\/wp-json\/wp\/v2\/posts\/141\/revisions"}],"predecessor-version":[{"id":158,"href":"https:\/\/regbu.com\/es\/wp-json\/wp\/v2\/posts\/141\/revisions\/158"}],"wp:featuredmedia":[{"embeddable":true,"href":"https:\/\/regbu.com\/es\/wp-json\/wp\/v2\/media\/142"}],"wp:attachment":[{"href":"https:\/\/regbu.com\/es\/wp-json\/wp\/v2\/media?parent=141"}],"wp:term":[{"taxonomy":"category","embeddable":true,"href":"https:\/\/regbu.com\/es\/wp-json\/wp\/v2\/categories?post=141"},{"taxonomy":"post_tag","embeddable":true,"href":"https:\/\/regbu.com\/es\/wp-json\/wp\/v2\/tags?post=141"}],"curies":[{"name":"wp","href":"https:\/\/api.w.org\/{rel}","templated":true}]}}