{"id":1349,"date":"2023-07-31T14:48:14","date_gmt":"2023-07-31T12:48:14","guid":{"rendered":"https:\/\/regbu.com\/?p=1349"},"modified":"2025-09-05T07:40:26","modified_gmt":"2025-09-05T05:40:26","slug":"zimni-bunda-na-hory-musi-zahrat","status":"publish","type":"post","link":"https:\/\/regbu.com\/es\/chaqueta-de-montana-de-invierno-debe-volver\/","title":{"rendered":"La chaqueta de invierno para la monta\u00f1a debe abrigar"},"content":{"rendered":"<p>La chaqueta de invierno se elige de forma un poco diferente a <strong><a href=\"https:\/\/regbu.com\/es\/hiking-jacket-muse-mit-rune-likes\/\">chaqueta de monta\u00f1a<\/a><\/strong>. Este tipo de prenda es adecuada para la temporada de invierno, por lo que debe ser ante todo c\u00e1lida. A continuaci\u00f3n, el dise\u00f1o de la chaqueta en s\u00ed corresponde a las actividades que desea realizar.<\/p>\n\n\n\n<ul class=\"wp-block-list\">\n<li>Turismo<\/li>\n\n\n\n<li>Esqu\u00ed<\/li>\n\n\n\n<li>Uso diario<\/li>\n<\/ul>\n\n\n\n<p>Si no conoces las opciones disponibles a la hora de elegir una nueva chaqueta de invierno, deja que te las contemos. Con la siguiente informaci\u00f3n, ya no te confundir\u00e1s cuando entres en una tienda con decenas de modelos de chaquetas de invierno.<\/p>\n\n\n\n<h2 class=\"wp-block-heading\">\u00bfEs mejor la pluma o el sint\u00e9tico?<\/h2>\n\n\n\n<p>En primer lugar, veamos la composici\u00f3n. Una chaqueta de invierno puede tener <strong>relleno diferente<\/strong>que, por supuesto, tambi\u00e9n se asocia a diferentes caracter\u00edsticas. Un ejemplo t\u00edpico son las plumas y los materiales sint\u00e9ticos. Un material que tiene muchos defensores. Si no est\u00e1 familiarizado con esto y no sabe qu\u00e9 camino tomar, aqu\u00ed tiene una comparaci\u00f3n. La tabla revela los pros y los contras de ambos materiales.<\/p>\n\n\n\n<figure class=\"wp-block-table\"><table><tbody><tr><td><strong>Plumas<\/strong><\/td><td><strong>Sint\u00e9ticos<\/strong><\/td><\/tr><tr><td>Mayor vida \u00fatil<\/td><td>F\u00e1cil de mantener<\/td><\/tr><tr><td>Menor peso<\/td><td>Cuesta menos dinero<\/td><\/tr><tr><td>F\u00e1cil de empaquetar<\/td><td>Para condiciones m\u00e1s h\u00famedas<\/td><\/tr><tr><td>M\u00e1s susceptible a la humedad<\/td><td>Pierde su calor<\/td><\/tr><\/tbody><\/table><figcaption class=\"wp-element-caption\">Comparaci\u00f3n de los dos materiales m\u00e1s utilizados en las chaquetas de invierno.<\/figcaption><\/figure>\n\n\n\n<p>Si tu objetivo es una chaqueta f\u00e1cil de empaquetar que te mantenga caliente, opta por el plum\u00f3n. Si lo que buscas es mojarte y humedecerte durante mucho tiempo, opta por los sint\u00e9ticos.<\/p>\n\n\n\n<h3 class=\"wp-block-heading\">Chaqueta de invierno de diferentes formas<\/h3>\n\n\n\n<p>Hoy en d\u00eda, encontrar\u00e1 muchos otros materiales adem\u00e1s de&nbsp;<strong>plumas y materiales sint\u00e9ticos<\/strong>. Por ejemplo, lo prueba el forro polar, que no es tan c\u00e1lido, pero por otro lado es f\u00e1cil de empaquetar y m\u00e1s barato. Un material \u00fanico es, por ejemplo, el merinoloft, con el que puedes conseguir aislamiento incluso en condiciones h\u00famedas. Sin embargo, hay que esperar un poco a que se seque. Una chaqueta de invierno que combine distintos materiales no es una excepci\u00f3n, as\u00ed que puedes conseguir algo de cada uno.<\/p>\n\n\n\n<p>El material de fabricaci\u00f3n, o relleno, no es el \u00fanico par\u00e1metro importante a la hora de elegir una chaqueta de invierno. Tambi\u00e9n hay que pensar en el uso que se va a hacer de esta prenda. Para una chaqueta de uso diario, probablemente necesitar\u00e1 caracter\u00edsticas ligeramente distintas que para <em>chaquetas deportivas<\/em>. Para un uso normal, puedes elegir un material m\u00e1s robusto, pero para una chaqueta de esqu\u00ed preferir\u00e1s la durabilidad superficial. Para una excursi\u00f3n invernal exigente, ganar\u00e1n la ligereza y la calidez.<\/p>","protected":false},"excerpt":{"rendered":"<p>La elecci\u00f3n de una chaqueta de invierno es un poco diferente a la de una chaqueta de senderismo. Este tipo de prenda es adecuada para la temporada de invierno, por lo que principalmente debe abrigarte. El dise\u00f1o de la propia chaqueta se corresponde entonces con las actividades que quieras realizar. Si no conoces las opciones disponibles a la hora de elegir una nueva chaqueta de invierno, te las contamos. ... <\/p>","protected":false},"author":2,"featured_media":1350,"comment_status":"closed","ping_status":"closed","sticky":false,"template":"","format":"standard","meta":{"footnotes":""},"categories":[671],"tags":[1610,1611,1630,1626,1629,1627,1628,821,1624,1625],"class_list":["post-1349","post","type-post","status-publish","format-standard","has-post-thumbnail","hentry","category-moda","tag-bunda","tag-bundy","tag-fleece","tag-lyzovani","tag-napln","tag-peri","tag-syntetika","tag-turistika","tag-zimni-bunda","tag-zimni-bundy"],"yoast_head":"<!-- This site is optimized with the Yoast SEO plugin v27.5 - https:\/\/yoast.com\/product\/yoast-seo-wordpress\/ -->\n<title>Zimn\u00ed bunda na hory mus\u00ed zah\u0159\u00e1t - REGBU.COM<\/title>\n<meta name=\"description\" content=\"Chyst\u00e1te se ven v zimn\u00edm obdob\u00ed? Pak by ve Va\u0161em \u0161atn\u00edku za \u017e\u00e1dn\u00fdch okolnost\u00ed nem\u011bla chyb\u011bt zimn\u00ed bunda. Mo\u017enosti v\u00fdb\u011bru jsou bohat\u00e9.\" \/>\n<meta name=\"robots\" content=\"index, follow, max-snippet:-1, max-image-preview:large, max-video-preview:-1\" \/>\n<link rel=\"canonical\" href=\"https:\/\/regbu.com\/es\/chaqueta-de-montana-de-invierno-debe-volver\/\" \/>\n<meta property=\"og:locale\" content=\"es_ES\" \/>\n<meta property=\"og:type\" content=\"article\" \/>\n<meta property=\"og:title\" content=\"Zimn\u00ed bunda na hory mus\u00ed zah\u0159\u00e1t - REGBU.COM\" \/>\n<meta property=\"og:description\" content=\"Chyst\u00e1te se ven v zimn\u00edm obdob\u00ed? Pak by ve Va\u0161em \u0161atn\u00edku za \u017e\u00e1dn\u00fdch okolnost\u00ed nem\u011bla chyb\u011bt zimn\u00ed bunda. Mo\u017enosti v\u00fdb\u011bru jsou bohat\u00e9.\" \/>\n<meta property=\"og:url\" content=\"https:\/\/regbu.com\/es\/chaqueta-de-montana-de-invierno-debe-volver\/\" \/>\n<meta property=\"og:site_name\" content=\"REGBU.COM\" \/>\n<meta property=\"article:published_time\" content=\"2023-07-31T12:48:14+00:00\" \/>\n<meta property=\"article:modified_time\" content=\"2025-09-05T05:40:26+00:00\" \/>\n<meta property=\"og:image\" content=\"https:\/\/regbu.com\/wp-content\/uploads\/2023\/07\/zimni-bunda-na-hory-musi-zahrat.jpg\" \/>\n\t<meta property=\"og:image:width\" content=\"1200\" \/>\n\t<meta property=\"og:image:height\" content=\"677\" \/>\n\t<meta property=\"og:image:type\" content=\"image\/jpeg\" \/>\n<meta name=\"author\" content=\"George Martin\" \/>\n<meta name=\"twitter:card\" content=\"summary_large_image\" \/>\n<meta name=\"twitter:label1\" content=\"Escrito por\" \/>\n\t<meta name=\"twitter:data1\" content=\"George Martin\" \/>\n\t<meta name=\"twitter:label2\" content=\"Tiempo de lectura\" \/>\n\t<meta name=\"twitter:data2\" content=\"2 minutos\" \/>\n<script type=\"application\/ld+json\" class=\"yoast-schema-graph\">{\"@context\":\"https:\\\/\\\/schema.org\",\"@graph\":[{\"@type\":\"Article\",\"@id\":\"https:\\\/\\\/regbu.com\\\/es\\\/chaqueta-de-montana-de-invierno-debe-volver\\\/#article\",\"isPartOf\":{\"@id\":\"https:\\\/\\\/regbu.com\\\/es\\\/chaqueta-de-montana-de-invierno-debe-volver\\\/\"},\"author\":{\"name\":\"George Martin\",\"@id\":\"https:\\\/\\\/regbu.com\\\/en\\\/#\\\/schema\\\/person\\\/94ea9deda2629771b8a9ced002f6784e\"},\"headline\":\"Zimn\u00ed bunda na hory mus\u00ed zah\u0159\u00e1t\",\"datePublished\":\"2023-07-31T12:48:14+00:00\",\"dateModified\":\"2025-09-05T05:40:26+00:00\",\"mainEntityOfPage\":{\"@id\":\"https:\\\/\\\/regbu.com\\\/es\\\/chaqueta-de-montana-de-invierno-debe-volver\\\/\"},\"wordCount\":473,\"image\":{\"@id\":\"https:\\\/\\\/regbu.com\\\/es\\\/chaqueta-de-montana-de-invierno-debe-volver\\\/#primaryimage\"},\"thumbnailUrl\":\"https:\\\/\\\/regbu.com\\\/wp-content\\\/uploads\\\/2023\\\/07\\\/zimni-bunda-na-hory-musi-zahrat.jpg\",\"keywords\":[\"bunda\",\"bundy\",\"fleece\",\"ly\u017eov\u00e1n\u00ed\",\"n\u00e1pl\u0148\",\"pe\u0159\u00ed\",\"syntetika\",\"turistika\",\"zimn\u00ed bunda\",\"zimn\u00ed bundy\"],\"articleSection\":[\"M\u00f3da\"],\"inLanguage\":\"es\"},{\"@type\":\"WebPage\",\"@id\":\"https:\\\/\\\/regbu.com\\\/es\\\/chaqueta-de-montana-de-invierno-debe-volver\\\/\",\"url\":\"https:\\\/\\\/regbu.com\\\/es\\\/chaqueta-de-montana-de-invierno-debe-volver\\\/\",\"name\":\"Zimn\u00ed bunda na hory mus\u00ed zah\u0159\u00e1t - REGBU.COM\",\"isPartOf\":{\"@id\":\"https:\\\/\\\/regbu.com\\\/en\\\/#website\"},\"primaryImageOfPage\":{\"@id\":\"https:\\\/\\\/regbu.com\\\/es\\\/chaqueta-de-montana-de-invierno-debe-volver\\\/#primaryimage\"},\"image\":{\"@id\":\"https:\\\/\\\/regbu.com\\\/es\\\/chaqueta-de-montana-de-invierno-debe-volver\\\/#primaryimage\"},\"thumbnailUrl\":\"https:\\\/\\\/regbu.com\\\/wp-content\\\/uploads\\\/2023\\\/07\\\/zimni-bunda-na-hory-musi-zahrat.jpg\",\"datePublished\":\"2023-07-31T12:48:14+00:00\",\"dateModified\":\"2025-09-05T05:40:26+00:00\",\"author\":{\"@id\":\"https:\\\/\\\/regbu.com\\\/en\\\/#\\\/schema\\\/person\\\/94ea9deda2629771b8a9ced002f6784e\"},\"description\":\"Chyst\u00e1te se ven v zimn\u00edm obdob\u00ed? Pak by ve Va\u0161em \u0161atn\u00edku za \u017e\u00e1dn\u00fdch okolnost\u00ed nem\u011bla chyb\u011bt zimn\u00ed bunda. Mo\u017enosti v\u00fdb\u011bru jsou bohat\u00e9.\",\"breadcrumb\":{\"@id\":\"https:\\\/\\\/regbu.com\\\/es\\\/chaqueta-de-montana-de-invierno-debe-volver\\\/#breadcrumb\"},\"inLanguage\":\"es\",\"potentialAction\":[{\"@type\":\"ReadAction\",\"target\":[\"https:\\\/\\\/regbu.com\\\/es\\\/chaqueta-de-montana-de-invierno-debe-volver\\\/\"]}]},{\"@type\":\"ImageObject\",\"inLanguage\":\"es\",\"@id\":\"https:\\\/\\\/regbu.com\\\/es\\\/chaqueta-de-montana-de-invierno-debe-volver\\\/#primaryimage\",\"url\":\"https:\\\/\\\/regbu.com\\\/wp-content\\\/uploads\\\/2023\\\/07\\\/zimni-bunda-na-hory-musi-zahrat.jpg\",\"contentUrl\":\"https:\\\/\\\/regbu.com\\\/wp-content\\\/uploads\\\/2023\\\/07\\\/zimni-bunda-na-hory-musi-zahrat.jpg\",\"width\":1200,\"height\":677,\"caption\":\"Zimn\u00ed bunda na hory mus\u00ed zah\u0159\u00e1t\"},{\"@type\":\"BreadcrumbList\",\"@id\":\"https:\\\/\\\/regbu.com\\\/es\\\/chaqueta-de-montana-de-invierno-debe-volver\\\/#breadcrumb\",\"itemListElement\":[{\"@type\":\"ListItem\",\"position\":1,\"name\":\"Home\",\"item\":\"https:\\\/\\\/regbu.com\\\/en\\\/\"},{\"@type\":\"ListItem\",\"position\":2,\"name\":\"Zimn\u00ed bunda na hory mus\u00ed zah\u0159\u00e1t\"}]},{\"@type\":\"WebSite\",\"@id\":\"https:\\\/\\\/regbu.com\\\/en\\\/#website\",\"url\":\"https:\\\/\\\/regbu.com\\\/en\\\/\",\"name\":\"REGBU.COM\",\"description\":\"\",\"potentialAction\":[{\"@type\":\"SearchAction\",\"target\":{\"@type\":\"EntryPoint\",\"urlTemplate\":\"https:\\\/\\\/regbu.com\\\/en\\\/?s={search_term_string}\"},\"query-input\":{\"@type\":\"PropertyValueSpecification\",\"valueRequired\":true,\"valueName\":\"search_term_string\"}}],\"inLanguage\":\"es\"},{\"@type\":\"Person\",\"@id\":\"https:\\\/\\\/regbu.com\\\/en\\\/#\\\/schema\\\/person\\\/94ea9deda2629771b8a9ced002f6784e\",\"name\":\"George Martin\",\"url\":\"https:\\\/\\\/regbu.com\\\/es\\\/author\\\/george-martin\\\/\"}]}<\/script>\n<!-- \/ Yoast SEO plugin. -->","yoast_head_json":{"title":"La chaqueta de invierno para la monta\u00f1a debe abrigarte - REGBU.COM","description":"\u00bfVas a salir en invierno? Entonces en tu armario no puede faltar bajo ning\u00fan concepto una chaqueta de invierno. Las opciones son muy variadas.","robots":{"index":"index","follow":"follow","max-snippet":"max-snippet:-1","max-image-preview":"max-image-preview:large","max-video-preview":"max-video-preview:-1"},"canonical":"https:\/\/regbu.com\/es\/chaqueta-de-montana-de-invierno-debe-volver\/","og_locale":"es_ES","og_type":"article","og_title":"Zimn\u00ed bunda na hory mus\u00ed zah\u0159\u00e1t - REGBU.COM","og_description":"Chyst\u00e1te se ven v zimn\u00edm obdob\u00ed? Pak by ve Va\u0161em \u0161atn\u00edku za \u017e\u00e1dn\u00fdch okolnost\u00ed nem\u011bla chyb\u011bt zimn\u00ed bunda. Mo\u017enosti v\u00fdb\u011bru jsou bohat\u00e9.","og_url":"https:\/\/regbu.com\/es\/chaqueta-de-montana-de-invierno-debe-volver\/","og_site_name":"REGBU.COM","article_published_time":"2023-07-31T12:48:14+00:00","article_modified_time":"2025-09-05T05:40:26+00:00","og_image":[{"width":1200,"height":677,"url":"https:\/\/regbu.com\/wp-content\/uploads\/2023\/07\/zimni-bunda-na-hory-musi-zahrat.jpg","type":"image\/jpeg"}],"author":"George Martin","twitter_card":"summary_large_image","twitter_misc":{"Escrito por":"George Martin","Tiempo de lectura":"2 minutos"},"schema":{"@context":"https:\/\/schema.org","@graph":[{"@type":"Article","@id":"https:\/\/regbu.com\/es\/chaqueta-de-montana-de-invierno-debe-volver\/#article","isPartOf":{"@id":"https:\/\/regbu.com\/es\/chaqueta-de-montana-de-invierno-debe-volver\/"},"author":{"name":"George Martin","@id":"https:\/\/regbu.com\/en\/#\/schema\/person\/94ea9deda2629771b8a9ced002f6784e"},"headline":"Zimn\u00ed bunda na hory mus\u00ed zah\u0159\u00e1t","datePublished":"2023-07-31T12:48:14+00:00","dateModified":"2025-09-05T05:40:26+00:00","mainEntityOfPage":{"@id":"https:\/\/regbu.com\/es\/chaqueta-de-montana-de-invierno-debe-volver\/"},"wordCount":473,"image":{"@id":"https:\/\/regbu.com\/es\/chaqueta-de-montana-de-invierno-debe-volver\/#primaryimage"},"thumbnailUrl":"https:\/\/regbu.com\/wp-content\/uploads\/2023\/07\/zimni-bunda-na-hory-musi-zahrat.jpg","keywords":["bunda","bundy","fleece","ly\u017eov\u00e1n\u00ed","n\u00e1pl\u0148","pe\u0159\u00ed","syntetika","turistika","zimn\u00ed bunda","zimn\u00ed bundy"],"articleSection":["M\u00f3da"],"inLanguage":"es"},{"@type":"WebPage","@id":"https:\/\/regbu.com\/es\/chaqueta-de-montana-de-invierno-debe-volver\/","url":"https:\/\/regbu.com\/es\/chaqueta-de-montana-de-invierno-debe-volver\/","name":"La chaqueta de invierno para la monta\u00f1a debe abrigarte - REGBU.COM","isPartOf":{"@id":"https:\/\/regbu.com\/en\/#website"},"primaryImageOfPage":{"@id":"https:\/\/regbu.com\/es\/chaqueta-de-montana-de-invierno-debe-volver\/#primaryimage"},"image":{"@id":"https:\/\/regbu.com\/es\/chaqueta-de-montana-de-invierno-debe-volver\/#primaryimage"},"thumbnailUrl":"https:\/\/regbu.com\/wp-content\/uploads\/2023\/07\/zimni-bunda-na-hory-musi-zahrat.jpg","datePublished":"2023-07-31T12:48:14+00:00","dateModified":"2025-09-05T05:40:26+00:00","author":{"@id":"https:\/\/regbu.com\/en\/#\/schema\/person\/94ea9deda2629771b8a9ced002f6784e"},"description":"\u00bfVas a salir en invierno? Entonces en tu armario no puede faltar bajo ning\u00fan concepto una chaqueta de invierno. Las opciones son muy variadas.","breadcrumb":{"@id":"https:\/\/regbu.com\/es\/chaqueta-de-montana-de-invierno-debe-volver\/#breadcrumb"},"inLanguage":"es","potentialAction":[{"@type":"ReadAction","target":["https:\/\/regbu.com\/es\/chaqueta-de-montana-de-invierno-debe-volver\/"]}]},{"@type":"ImageObject","inLanguage":"es","@id":"https:\/\/regbu.com\/es\/chaqueta-de-montana-de-invierno-debe-volver\/#primaryimage","url":"https:\/\/regbu.com\/wp-content\/uploads\/2023\/07\/zimni-bunda-na-hory-musi-zahrat.jpg","contentUrl":"https:\/\/regbu.com\/wp-content\/uploads\/2023\/07\/zimni-bunda-na-hory-musi-zahrat.jpg","width":1200,"height":677,"caption":"Zimn\u00ed bunda na hory mus\u00ed zah\u0159\u00e1t"},{"@type":"BreadcrumbList","@id":"https:\/\/regbu.com\/es\/chaqueta-de-montana-de-invierno-debe-volver\/#breadcrumb","itemListElement":[{"@type":"ListItem","position":1,"name":"Home","item":"https:\/\/regbu.com\/en\/"},{"@type":"ListItem","position":2,"name":"Zimn\u00ed bunda na hory mus\u00ed zah\u0159\u00e1t"}]},{"@type":"WebSite","@id":"https:\/\/regbu.com\/en\/#website","url":"https:\/\/regbu.com\/en\/","name":"REGBU.COM","description":"","potentialAction":[{"@type":"SearchAction","target":{"@type":"EntryPoint","urlTemplate":"https:\/\/regbu.com\/en\/?s={search_term_string}"},"query-input":{"@type":"PropertyValueSpecification","valueRequired":true,"valueName":"search_term_string"}}],"inLanguage":"es"},{"@type":"Person","@id":"https:\/\/regbu.com\/en\/#\/schema\/person\/94ea9deda2629771b8a9ced002f6784e","name":"George Martin","url":"https:\/\/regbu.com\/es\/author\/george-martin\/"}]}},"_links":{"self":[{"href":"https:\/\/regbu.com\/es\/wp-json\/wp\/v2\/posts\/1349","targetHints":{"allow":["GET"]}}],"collection":[{"href":"https:\/\/regbu.com\/es\/wp-json\/wp\/v2\/posts"}],"about":[{"href":"https:\/\/regbu.com\/es\/wp-json\/wp\/v2\/types\/post"}],"author":[{"embeddable":true,"href":"https:\/\/regbu.com\/es\/wp-json\/wp\/v2\/users\/2"}],"replies":[{"embeddable":true,"href":"https:\/\/regbu.com\/es\/wp-json\/wp\/v2\/comments?post=1349"}],"version-history":[{"count":2,"href":"https:\/\/regbu.com\/es\/wp-json\/wp\/v2\/posts\/1349\/revisions"}],"predecessor-version":[{"id":1362,"href":"https:\/\/regbu.com\/es\/wp-json\/wp\/v2\/posts\/1349\/revisions\/1362"}],"wp:featuredmedia":[{"embeddable":true,"href":"https:\/\/regbu.com\/es\/wp-json\/wp\/v2\/media\/1350"}],"wp:attachment":[{"href":"https:\/\/regbu.com\/es\/wp-json\/wp\/v2\/media?parent=1349"}],"wp:term":[{"taxonomy":"category","embeddable":true,"href":"https:\/\/regbu.com\/es\/wp-json\/wp\/v2\/categories?post=1349"},{"taxonomy":"post_tag","embeddable":true,"href":"https:\/\/regbu.com\/es\/wp-json\/wp\/v2\/tags?post=1349"}],"curies":[{"name":"wp","href":"https:\/\/api.w.org\/{rel}","templated":true}]}}