{"id":1340,"date":"2023-07-31T14:39:23","date_gmt":"2023-07-31T12:39:23","guid":{"rendered":"https:\/\/regbu.com\/?p=1340"},"modified":"2025-09-05T07:40:32","modified_gmt":"2025-09-05T05:40:32","slug":"kompresni-podkolenky-maji-svuj-vyznam","status":"publish","type":"post","link":"https:\/\/regbu.com\/es\/las-rodilleras-de-compresion-tienen-su-sentido\/","title":{"rendered":"Las medias de compresi\u00f3n tienen su propio significado"},"content":{"rendered":"<p>Las medias de compresi\u00f3n son algo un poco diferente a <strong><a href=\"https:\/\/regbu.com\/es\/posiciones-deportivas-lo-que-necesitas-saber\/\">calcetines deportivos<\/a><\/strong>. Aunque ambos se utilizan en el deporte, cada uno de estos productos cumple una funci\u00f3n ligeramente diferente. Como revela el t\u00e9rmino \"compresi\u00f3n\", la compresi\u00f3n desempe\u00f1a un papel importante. \u00bfY para qu\u00e9 se utilizan realmente estos calcetines?<\/p>\n\n\n\n<ul class=\"wp-block-list\">\n<li>Favorece la circulaci\u00f3n sangu\u00ednea<\/li>\n\n\n\n<li>Fijar un m\u00fasculo espec\u00edfico<\/li>\n\n\n\n<li>Aumentar el rendimiento<\/li>\n<\/ul>\n\n\n\n<p>Calcetines de compresi\u00f3n de calidad <em>afectan no s\u00f3lo a tu rendimiento en un deporte determinado<\/em>pero, posteriormente, contribuyen a una mejor recuperaci\u00f3n muscular. Gracias a que existen otras alternativas, puedes utilizarlas no s\u00f3lo en las piernas, sino tambi\u00e9n en los brazos.<\/p>\n\n\n\n<h2 class=\"wp-block-heading\">Medias de compresi\u00f3n y su dise\u00f1o<\/h2>\n\n\n\n<p>Hemos sugerido en parte que las rodilleras no son lo \u00fanico que puede proporcionar <strong>la compresi\u00f3n requerida<\/strong>. Los calcetines se llevan en los pies. La diferencia entre ellos es que los calcetines son integrales, incluyendo la parte inferior en la zona del tobillo y el pie. Hay calcetines de pantorrilla y de muslo. Los calientabrazos de compresi\u00f3n son un cap\u00edtulo aparte.<\/p>\n\n\n\n<h3 class=\"wp-block-heading\">Preguntas y respuestas importantes<\/h3>\n\n\n\n<p>Al comprar compresi\u00f3n <strong>rodilleras<\/strong> debes centrarte en algunos par\u00e1metros clave. Tambi\u00e9n entra en juego el m\u00e9todo de compresi\u00f3n relacionado con tus necesidades y el deporte. Puedes leer m\u00e1s detalles en las preguntas y respuestas a continuaci\u00f3n.<\/p>\n\n\n\n<div class=\"schema-faq wp-block-yoast-faq-block\"><div class=\"schema-faq-section\" id=\"faq-question-1690806959232\"><strong class=\"schema-faq-question\">\u00bfCu\u00e1les son los beneficios de las medias de compresi\u00f3n?<\/strong> <p class=\"schema-faq-answer\">Aseguran m\u00e1s el tend\u00f3n de Aquiles y aportan una compresi\u00f3n completa. Esto se aplica tanto al pie como a la pantorrilla o la rodilla.<\/p> <\/div> <div class=\"schema-faq-section\" id=\"faq-question-1690806967392\"><strong class=\"schema-faq-question\">\u00bfCu\u00e1les son las ventajas de la pantorrillera?<\/strong> <p class=\"schema-faq-answer\">Suele aguantar mejor que un calcet\u00edn. No implica cambiar de calcetines y da m\u00e1s libertad a la hora de vestirse.<\/p> <\/div> <div class=\"schema-faq-section\" id=\"faq-question-1690806976722\"><strong class=\"schema-faq-question\">\u00bfQu\u00e9 es la compresi\u00f3n graduada?<\/strong> <p class=\"schema-faq-answer\">Este tipo de compresi\u00f3n se centra principalmente en el rendimiento y la recuperaci\u00f3n. Este tipo de calcetines son los m\u00e1s habituales y los que m\u00e1s aprietan, sobre todo en la zona por encima del tobillo.<\/p> <\/div> <div class=\"schema-faq-section\" id=\"faq-question-1690806986461\"><strong class=\"schema-faq-question\">\u00bfQu\u00e9 es la compresi\u00f3n selectiva?<\/strong> <p class=\"schema-faq-answer\">Los calcetines de compresi\u00f3n de este tipo est\u00e1n destinados a cargas y deportes extremos. Se dirige a un m\u00fasculo espec\u00edfico que recibe la m\u00e1xima compresi\u00f3n.<\/p> <\/div> <div class=\"schema-faq-section\" id=\"faq-question-1690807005493\"><strong class=\"schema-faq-question\">\u00bfQu\u00e9 se entiende por compresi\u00f3n m\u00e9dica?<\/strong> <p class=\"schema-faq-answer\">Se trata de calcetines que cumplen la norma sanitaria pertinente, de ah\u00ed la clase de compresi\u00f3n. Son ideales, por ejemplo, en el contexto de las enfermedades vasculares.<\/p> <\/div> <\/div>","protected":false},"excerpt":{"rendered":"<p>Los calcetines de compresi\u00f3n son algo un poco diferente de los calcetines deportivos. Aunque ambos se utilizan en el deporte, cada uno de estos productos cumple una funci\u00f3n ligeramente diferente. Como revela el nombre \"compresi\u00f3n\", la compresi\u00f3n desempe\u00f1a aqu\u00ed un papel importante. \u00bfY para qu\u00e9 se utilizan realmente estos calcetines? Unos calcetines de compresi\u00f3n de calidad no s\u00f3lo influyen en su rendimiento en un deporte determinado, sino tambi\u00e9n ... <\/p>","protected":false},"author":2,"featured_media":1341,"comment_status":"closed","ping_status":"closed","sticky":false,"template":"","format":"standard","meta":{"footnotes":""},"categories":[9],"tags":[1599,1597,1595,1598,1601,1602,1603,1596,1600],"class_list":["post-1340","post","type-post","status-publish","format-standard","has-post-thumbnail","hentry","category-sport","tag-fixace","tag-komprese","tag-kompresni-podkolenky","tag-krevni-obeh","tag-navlek","tag-navleky","tag-podkolenka","tag-podkolenky","tag-vykonnost"],"yoast_head":"<!-- This site is optimized with the Yoast SEO plugin v27.5 - https:\/\/yoast.com\/product\/yoast-seo-wordpress\/ -->\n<title>Kompresn\u00ed podkolenky maj\u00ed sv\u016fj v\u00fdznam - REGBU.COM<\/title>\n<meta name=\"description\" content=\"Po\u0159i\u010fte si kompresn\u00ed podkolenky, a\u0165 u\u017e b\u011bh\u00e1te nebo se v\u011bnujete jin\u00fdm pohybov\u00fdm aktivit\u00e1m. Uvid\u00edte, \u017ee V\u00e1m p\u0159ijdou vhod.\" \/>\n<meta name=\"robots\" content=\"index, follow, max-snippet:-1, max-image-preview:large, max-video-preview:-1\" \/>\n<link rel=\"canonical\" href=\"https:\/\/regbu.com\/es\/las-rodilleras-de-compresion-tienen-su-sentido\/\" \/>\n<meta property=\"og:locale\" content=\"es_ES\" \/>\n<meta property=\"og:type\" content=\"article\" \/>\n<meta property=\"og:title\" content=\"Kompresn\u00ed podkolenky maj\u00ed sv\u016fj v\u00fdznam - REGBU.COM\" \/>\n<meta property=\"og:description\" content=\"Po\u0159i\u010fte si kompresn\u00ed podkolenky, a\u0165 u\u017e b\u011bh\u00e1te nebo se v\u011bnujete jin\u00fdm pohybov\u00fdm aktivit\u00e1m. Uvid\u00edte, \u017ee V\u00e1m p\u0159ijdou vhod.\" \/>\n<meta property=\"og:url\" content=\"https:\/\/regbu.com\/es\/las-rodilleras-de-compresion-tienen-su-sentido\/\" \/>\n<meta property=\"og:site_name\" content=\"REGBU.COM\" \/>\n<meta property=\"article:published_time\" content=\"2023-07-31T12:39:23+00:00\" \/>\n<meta property=\"article:modified_time\" content=\"2025-09-05T05:40:32+00:00\" \/>\n<meta property=\"og:image\" content=\"https:\/\/regbu.com\/wp-content\/uploads\/2023\/07\/kompresni-podkolenky-maji-svuj-vyznam.jpg\" \/>\n\t<meta property=\"og:image:width\" content=\"1200\" \/>\n\t<meta property=\"og:image:height\" content=\"677\" \/>\n\t<meta property=\"og:image:type\" content=\"image\/jpeg\" \/>\n<meta name=\"author\" content=\"George Martin\" \/>\n<meta name=\"twitter:card\" content=\"summary_large_image\" \/>\n<meta name=\"twitter:label1\" content=\"Escrito por\" \/>\n\t<meta name=\"twitter:data1\" content=\"George Martin\" \/>\n\t<meta name=\"twitter:label2\" content=\"Tiempo de lectura\" \/>\n\t<meta name=\"twitter:data2\" content=\"2 minutos\" \/>\n<script type=\"application\/ld+json\" class=\"yoast-schema-graph\">{\"@context\":\"https:\\\/\\\/schema.org\",\"@graph\":[{\"@type\":\"Article\",\"@id\":\"https:\\\/\\\/regbu.com\\\/es\\\/las-rodilleras-de-compresion-tienen-su-sentido\\\/#article\",\"isPartOf\":{\"@id\":\"https:\\\/\\\/regbu.com\\\/es\\\/las-rodilleras-de-compresion-tienen-su-sentido\\\/\"},\"author\":{\"name\":\"George Martin\",\"@id\":\"https:\\\/\\\/regbu.com\\\/en\\\/#\\\/schema\\\/person\\\/94ea9deda2629771b8a9ced002f6784e\"},\"headline\":\"Kompresn\u00ed podkolenky maj\u00ed sv\u016fj v\u00fdznam\",\"datePublished\":\"2023-07-31T12:39:23+00:00\",\"dateModified\":\"2025-09-05T05:40:32+00:00\",\"mainEntityOfPage\":{\"@id\":\"https:\\\/\\\/regbu.com\\\/es\\\/las-rodilleras-de-compresion-tienen-su-sentido\\\/\"},\"wordCount\":438,\"image\":{\"@id\":\"https:\\\/\\\/regbu.com\\\/es\\\/las-rodilleras-de-compresion-tienen-su-sentido\\\/#primaryimage\"},\"thumbnailUrl\":\"https:\\\/\\\/regbu.com\\\/wp-content\\\/uploads\\\/2023\\\/07\\\/kompresni-podkolenky-maji-svuj-vyznam.jpg\",\"keywords\":[\"fixace\",\"komprese\",\"kompresn\u00ed podkolenky\",\"krevn\u00ed ob\u011bh\",\"n\u00e1vlek\",\"n\u00e1vleky\",\"podkolenka\",\"podkolenky\",\"v\u00fdkonnost\"],\"articleSection\":[\"Sport\"],\"inLanguage\":\"es\"},{\"@type\":[\"WebPage\",\"FAQPage\"],\"@id\":\"https:\\\/\\\/regbu.com\\\/es\\\/las-rodilleras-de-compresion-tienen-su-sentido\\\/\",\"url\":\"https:\\\/\\\/regbu.com\\\/es\\\/las-rodilleras-de-compresion-tienen-su-sentido\\\/\",\"name\":\"Kompresn\u00ed podkolenky maj\u00ed sv\u016fj v\u00fdznam - REGBU.COM\",\"isPartOf\":{\"@id\":\"https:\\\/\\\/regbu.com\\\/en\\\/#website\"},\"primaryImageOfPage\":{\"@id\":\"https:\\\/\\\/regbu.com\\\/es\\\/las-rodilleras-de-compresion-tienen-su-sentido\\\/#primaryimage\"},\"image\":{\"@id\":\"https:\\\/\\\/regbu.com\\\/es\\\/las-rodilleras-de-compresion-tienen-su-sentido\\\/#primaryimage\"},\"thumbnailUrl\":\"https:\\\/\\\/regbu.com\\\/wp-content\\\/uploads\\\/2023\\\/07\\\/kompresni-podkolenky-maji-svuj-vyznam.jpg\",\"datePublished\":\"2023-07-31T12:39:23+00:00\",\"dateModified\":\"2025-09-05T05:40:32+00:00\",\"author\":{\"@id\":\"https:\\\/\\\/regbu.com\\\/en\\\/#\\\/schema\\\/person\\\/94ea9deda2629771b8a9ced002f6784e\"},\"description\":\"Po\u0159i\u010fte si kompresn\u00ed podkolenky, a\u0165 u\u017e b\u011bh\u00e1te nebo se v\u011bnujete jin\u00fdm pohybov\u00fdm aktivit\u00e1m. Uvid\u00edte, \u017ee V\u00e1m p\u0159ijdou vhod.\",\"breadcrumb\":{\"@id\":\"https:\\\/\\\/regbu.com\\\/es\\\/las-rodilleras-de-compresion-tienen-su-sentido\\\/#breadcrumb\"},\"mainEntity\":[{\"@id\":\"https:\\\/\\\/regbu.com\\\/es\\\/las-rodilleras-de-compresion-tienen-su-sentido\\\/#faq-question-1690806959232\"},{\"@id\":\"https:\\\/\\\/regbu.com\\\/es\\\/las-rodilleras-de-compresion-tienen-su-sentido\\\/#faq-question-1690806967392\"},{\"@id\":\"https:\\\/\\\/regbu.com\\\/es\\\/las-rodilleras-de-compresion-tienen-su-sentido\\\/#faq-question-1690806976722\"},{\"@id\":\"https:\\\/\\\/regbu.com\\\/es\\\/las-rodilleras-de-compresion-tienen-su-sentido\\\/#faq-question-1690806986461\"},{\"@id\":\"https:\\\/\\\/regbu.com\\\/es\\\/las-rodilleras-de-compresion-tienen-su-sentido\\\/#faq-question-1690807005493\"}],\"inLanguage\":\"es\",\"potentialAction\":[{\"@type\":\"ReadAction\",\"target\":[\"https:\\\/\\\/regbu.com\\\/es\\\/las-rodilleras-de-compresion-tienen-su-sentido\\\/\"]}]},{\"@type\":\"ImageObject\",\"inLanguage\":\"es\",\"@id\":\"https:\\\/\\\/regbu.com\\\/es\\\/las-rodilleras-de-compresion-tienen-su-sentido\\\/#primaryimage\",\"url\":\"https:\\\/\\\/regbu.com\\\/wp-content\\\/uploads\\\/2023\\\/07\\\/kompresni-podkolenky-maji-svuj-vyznam.jpg\",\"contentUrl\":\"https:\\\/\\\/regbu.com\\\/wp-content\\\/uploads\\\/2023\\\/07\\\/kompresni-podkolenky-maji-svuj-vyznam.jpg\",\"width\":1200,\"height\":677,\"caption\":\"Kompresn\u00ed podkolenky maj\u00ed sv\u016fj v\u00fdznam\"},{\"@type\":\"BreadcrumbList\",\"@id\":\"https:\\\/\\\/regbu.com\\\/es\\\/las-rodilleras-de-compresion-tienen-su-sentido\\\/#breadcrumb\",\"itemListElement\":[{\"@type\":\"ListItem\",\"position\":1,\"name\":\"Home\",\"item\":\"https:\\\/\\\/regbu.com\\\/en\\\/\"},{\"@type\":\"ListItem\",\"position\":2,\"name\":\"Kompresn\u00ed podkolenky maj\u00ed sv\u016fj v\u00fdznam\"}]},{\"@type\":\"WebSite\",\"@id\":\"https:\\\/\\\/regbu.com\\\/en\\\/#website\",\"url\":\"https:\\\/\\\/regbu.com\\\/en\\\/\",\"name\":\"REGBU.COM\",\"description\":\"\",\"potentialAction\":[{\"@type\":\"SearchAction\",\"target\":{\"@type\":\"EntryPoint\",\"urlTemplate\":\"https:\\\/\\\/regbu.com\\\/en\\\/?s={search_term_string}\"},\"query-input\":{\"@type\":\"PropertyValueSpecification\",\"valueRequired\":true,\"valueName\":\"search_term_string\"}}],\"inLanguage\":\"es\"},{\"@type\":\"Person\",\"@id\":\"https:\\\/\\\/regbu.com\\\/en\\\/#\\\/schema\\\/person\\\/94ea9deda2629771b8a9ced002f6784e\",\"name\":\"George Martin\",\"url\":\"https:\\\/\\\/regbu.com\\\/es\\\/author\\\/george-martin\\\/\"},{\"@type\":\"Question\",\"@id\":\"https:\\\/\\\/regbu.com\\\/es\\\/las-rodilleras-de-compresion-tienen-su-sentido\\\/#faq-question-1690806959232\",\"position\":1,\"url\":\"https:\\\/\\\/regbu.com\\\/es\\\/las-rodilleras-de-compresion-tienen-su-sentido\\\/#faq-question-1690806959232\",\"name\":\"Jak\u00e9 v\u00fdhody maj\u00ed kompresn\u00ed podkolenky?\",\"answerCount\":1,\"acceptedAnswer\":{\"@type\":\"Answer\",\"text\":\"V\u00edce zabezpe\u010duj\u00ed Achillovu \u0161lachu a p\u0159in\u00e1\u0161\u00ed kompletn\u00ed kompresi. Ta se t\u00fdk\u00e1 jak chodidla, tak l\u00fdtka, pop\u0159\u00edpad\u011b kolene.\",\"inLanguage\":\"es\"},\"inLanguage\":\"es\"},{\"@type\":\"Question\",\"@id\":\"https:\\\/\\\/regbu.com\\\/es\\\/las-rodilleras-de-compresion-tienen-su-sentido\\\/#faq-question-1690806967392\",\"position\":2,\"url\":\"https:\\\/\\\/regbu.com\\\/es\\\/las-rodilleras-de-compresion-tienen-su-sentido\\\/#faq-question-1690806967392\",\"name\":\"V \u010dem spo\u010d\u00edvaj\u00ed klady l\u00fdtkov\u00e9ho n\u00e1vleku?\",\"answerCount\":1,\"acceptedAnswer\":{\"@type\":\"Answer\",\"text\":\"Ten dr\u017e\u00ed mnohdy l\u00e9pe ne\u017e podkolenka. Nen\u00ed spojen s v\u00fdm\u011bnou pono\u017eek a p\u0159in\u00e1\u0161\u00ed v\u011bt\u0161\u00ed volnost v r\u00e1mci obl\u00e9k\u00e1n\u00ed.\",\"inLanguage\":\"es\"},\"inLanguage\":\"es\"},{\"@type\":\"Question\",\"@id\":\"https:\\\/\\\/regbu.com\\\/es\\\/las-rodilleras-de-compresion-tienen-su-sentido\\\/#faq-question-1690806976722\",\"position\":3,\"url\":\"https:\\\/\\\/regbu.com\\\/es\\\/las-rodilleras-de-compresion-tienen-su-sentido\\\/#faq-question-1690806976722\",\"name\":\"Co je to odstup\u0148ovan\u00e1 komprese?\",\"answerCount\":1,\"acceptedAnswer\":{\"@type\":\"Answer\",\"text\":\"Tento typ komprese c\u00edl\u00ed prim\u00e1rn\u011b na v\u00fdkon a regeneraci. Podkolenky tohoto typu jsou nejb\u011b\u017en\u011bj\u0161\u00ed a nejv\u00edce stahuj\u00ed p\u0159edev\u0161\u00edm v oblasti nad kotn\u00edkem.\",\"inLanguage\":\"es\"},\"inLanguage\":\"es\"},{\"@type\":\"Question\",\"@id\":\"https:\\\/\\\/regbu.com\\\/es\\\/las-rodilleras-de-compresion-tienen-su-sentido\\\/#faq-question-1690806986461\",\"position\":4,\"url\":\"https:\\\/\\\/regbu.com\\\/es\\\/las-rodilleras-de-compresion-tienen-su-sentido\\\/#faq-question-1690806986461\",\"name\":\"\u010c\u00edm se vyzna\u010duje c\u00edlen\u00e1 komprese?\",\"answerCount\":1,\"acceptedAnswer\":{\"@type\":\"Answer\",\"text\":\"Kompresn\u00ed podkolenky tohoto typu jsou zam\u011b\u0159eny na extr\u00e9mn\u00ed z\u00e1t\u011b\u017e a sporty. C\u00edleno je na jeden konkr\u00e9tn\u00ed sval, jemu\u017e se dost\u00e1v\u00e1 maxim\u00e1ln\u00ed komprese.\",\"inLanguage\":\"es\"},\"inLanguage\":\"es\"},{\"@type\":\"Question\",\"@id\":\"https:\\\/\\\/regbu.com\\\/es\\\/las-rodilleras-de-compresion-tienen-su-sentido\\\/#faq-question-1690807005493\",\"position\":5,\"url\":\"https:\\\/\\\/regbu.com\\\/es\\\/las-rodilleras-de-compresion-tienen-su-sentido\\\/#faq-question-1690807005493\",\"name\":\"Co si p\u0159edstavit pod pojmem zdravotn\u00ed komprese?\",\"answerCount\":1,\"acceptedAnswer\":{\"@type\":\"Answer\",\"text\":\"Jedn\u00e1 se o podkolenky odpov\u00eddaj\u00edc\u00ed p\u0159\u00edslu\u0161n\u00e9 zdravotn\u00ed norm\u011b, pota\u017emo kompresn\u00ed t\u0159\u00edd\u011b. Ide\u00e1ln\u00ed jsou nap\u0159\u00edklad v r\u00e1mci c\u00e9vn\u00edch onemocn\u011bn\u00ed.\",\"inLanguage\":\"es\"},\"inLanguage\":\"es\"}]}<\/script>\n<!-- \/ Yoast SEO plugin. -->","yoast_head_json":{"title":"Las medias de compresi\u00f3n tienen su importancia - REGBU.COM","description":"Hazte con calcetines de compresi\u00f3n, tanto si corres como si realizas otras actividades f\u00edsicas. Te resultar\u00e1n muy \u00fatiles.","robots":{"index":"index","follow":"follow","max-snippet":"max-snippet:-1","max-image-preview":"max-image-preview:large","max-video-preview":"max-video-preview:-1"},"canonical":"https:\/\/regbu.com\/es\/las-rodilleras-de-compresion-tienen-su-sentido\/","og_locale":"es_ES","og_type":"article","og_title":"Kompresn\u00ed podkolenky maj\u00ed sv\u016fj v\u00fdznam - REGBU.COM","og_description":"Po\u0159i\u010fte si kompresn\u00ed podkolenky, a\u0165 u\u017e b\u011bh\u00e1te nebo se v\u011bnujete jin\u00fdm pohybov\u00fdm aktivit\u00e1m. Uvid\u00edte, \u017ee V\u00e1m p\u0159ijdou vhod.","og_url":"https:\/\/regbu.com\/es\/las-rodilleras-de-compresion-tienen-su-sentido\/","og_site_name":"REGBU.COM","article_published_time":"2023-07-31T12:39:23+00:00","article_modified_time":"2025-09-05T05:40:32+00:00","og_image":[{"width":1200,"height":677,"url":"https:\/\/regbu.com\/wp-content\/uploads\/2023\/07\/kompresni-podkolenky-maji-svuj-vyznam.jpg","type":"image\/jpeg"}],"author":"George Martin","twitter_card":"summary_large_image","twitter_misc":{"Escrito por":"George Martin","Tiempo de lectura":"2 minutos"},"schema":{"@context":"https:\/\/schema.org","@graph":[{"@type":"Article","@id":"https:\/\/regbu.com\/es\/las-rodilleras-de-compresion-tienen-su-sentido\/#article","isPartOf":{"@id":"https:\/\/regbu.com\/es\/las-rodilleras-de-compresion-tienen-su-sentido\/"},"author":{"name":"George Martin","@id":"https:\/\/regbu.com\/en\/#\/schema\/person\/94ea9deda2629771b8a9ced002f6784e"},"headline":"Kompresn\u00ed podkolenky maj\u00ed sv\u016fj v\u00fdznam","datePublished":"2023-07-31T12:39:23+00:00","dateModified":"2025-09-05T05:40:32+00:00","mainEntityOfPage":{"@id":"https:\/\/regbu.com\/es\/las-rodilleras-de-compresion-tienen-su-sentido\/"},"wordCount":438,"image":{"@id":"https:\/\/regbu.com\/es\/las-rodilleras-de-compresion-tienen-su-sentido\/#primaryimage"},"thumbnailUrl":"https:\/\/regbu.com\/wp-content\/uploads\/2023\/07\/kompresni-podkolenky-maji-svuj-vyznam.jpg","keywords":["fixace","komprese","kompresn\u00ed podkolenky","krevn\u00ed ob\u011bh","n\u00e1vlek","n\u00e1vleky","podkolenka","podkolenky","v\u00fdkonnost"],"articleSection":["Sport"],"inLanguage":"es"},{"@type":["WebPage","FAQPage"],"@id":"https:\/\/regbu.com\/es\/las-rodilleras-de-compresion-tienen-su-sentido\/","url":"https:\/\/regbu.com\/es\/las-rodilleras-de-compresion-tienen-su-sentido\/","name":"Las medias de compresi\u00f3n tienen su importancia - REGBU.COM","isPartOf":{"@id":"https:\/\/regbu.com\/en\/#website"},"primaryImageOfPage":{"@id":"https:\/\/regbu.com\/es\/las-rodilleras-de-compresion-tienen-su-sentido\/#primaryimage"},"image":{"@id":"https:\/\/regbu.com\/es\/las-rodilleras-de-compresion-tienen-su-sentido\/#primaryimage"},"thumbnailUrl":"https:\/\/regbu.com\/wp-content\/uploads\/2023\/07\/kompresni-podkolenky-maji-svuj-vyznam.jpg","datePublished":"2023-07-31T12:39:23+00:00","dateModified":"2025-09-05T05:40:32+00:00","author":{"@id":"https:\/\/regbu.com\/en\/#\/schema\/person\/94ea9deda2629771b8a9ced002f6784e"},"description":"Hazte con calcetines de compresi\u00f3n, tanto si corres como si realizas otras actividades f\u00edsicas. Te resultar\u00e1n muy \u00fatiles.","breadcrumb":{"@id":"https:\/\/regbu.com\/es\/las-rodilleras-de-compresion-tienen-su-sentido\/#breadcrumb"},"mainEntity":[{"@id":"https:\/\/regbu.com\/es\/las-rodilleras-de-compresion-tienen-su-sentido\/#faq-question-1690806959232"},{"@id":"https:\/\/regbu.com\/es\/las-rodilleras-de-compresion-tienen-su-sentido\/#faq-question-1690806967392"},{"@id":"https:\/\/regbu.com\/es\/las-rodilleras-de-compresion-tienen-su-sentido\/#faq-question-1690806976722"},{"@id":"https:\/\/regbu.com\/es\/las-rodilleras-de-compresion-tienen-su-sentido\/#faq-question-1690806986461"},{"@id":"https:\/\/regbu.com\/es\/las-rodilleras-de-compresion-tienen-su-sentido\/#faq-question-1690807005493"}],"inLanguage":"es","potentialAction":[{"@type":"ReadAction","target":["https:\/\/regbu.com\/es\/las-rodilleras-de-compresion-tienen-su-sentido\/"]}]},{"@type":"ImageObject","inLanguage":"es","@id":"https:\/\/regbu.com\/es\/las-rodilleras-de-compresion-tienen-su-sentido\/#primaryimage","url":"https:\/\/regbu.com\/wp-content\/uploads\/2023\/07\/kompresni-podkolenky-maji-svuj-vyznam.jpg","contentUrl":"https:\/\/regbu.com\/wp-content\/uploads\/2023\/07\/kompresni-podkolenky-maji-svuj-vyznam.jpg","width":1200,"height":677,"caption":"Kompresn\u00ed podkolenky maj\u00ed sv\u016fj v\u00fdznam"},{"@type":"BreadcrumbList","@id":"https:\/\/regbu.com\/es\/las-rodilleras-de-compresion-tienen-su-sentido\/#breadcrumb","itemListElement":[{"@type":"ListItem","position":1,"name":"Home","item":"https:\/\/regbu.com\/en\/"},{"@type":"ListItem","position":2,"name":"Kompresn\u00ed podkolenky maj\u00ed sv\u016fj v\u00fdznam"}]},{"@type":"WebSite","@id":"https:\/\/regbu.com\/en\/#website","url":"https:\/\/regbu.com\/en\/","name":"REGBU.COM","description":"","potentialAction":[{"@type":"SearchAction","target":{"@type":"EntryPoint","urlTemplate":"https:\/\/regbu.com\/en\/?s={search_term_string}"},"query-input":{"@type":"PropertyValueSpecification","valueRequired":true,"valueName":"search_term_string"}}],"inLanguage":"es"},{"@type":"Person","@id":"https:\/\/regbu.com\/en\/#\/schema\/person\/94ea9deda2629771b8a9ced002f6784e","name":"George Martin","url":"https:\/\/regbu.com\/es\/author\/george-martin\/"},{"@type":"Question","@id":"https:\/\/regbu.com\/es\/las-rodilleras-de-compresion-tienen-su-sentido\/#faq-question-1690806959232","position":1,"url":"https:\/\/regbu.com\/es\/las-rodilleras-de-compresion-tienen-su-sentido\/#faq-question-1690806959232","name":"\u00bfCu\u00e1les son los beneficios de las medias de compresi\u00f3n?","answerCount":1,"acceptedAnswer":{"@type":"Answer","text":"V\u00edce zabezpe\u010duj\u00ed Achillovu \u0161lachu a p\u0159in\u00e1\u0161\u00ed kompletn\u00ed kompresi. Ta se t\u00fdk\u00e1 jak chodidla, tak l\u00fdtka, pop\u0159\u00edpad\u011b kolene.","inLanguage":"es"},"inLanguage":"es"},{"@type":"Question","@id":"https:\/\/regbu.com\/es\/las-rodilleras-de-compresion-tienen-su-sentido\/#faq-question-1690806967392","position":2,"url":"https:\/\/regbu.com\/es\/las-rodilleras-de-compresion-tienen-su-sentido\/#faq-question-1690806967392","name":"\u00bfCu\u00e1les son las ventajas de la pantorrillera?","answerCount":1,"acceptedAnswer":{"@type":"Answer","text":"Ten dr\u017e\u00ed mnohdy l\u00e9pe ne\u017e podkolenka. Nen\u00ed spojen s v\u00fdm\u011bnou pono\u017eek a p\u0159in\u00e1\u0161\u00ed v\u011bt\u0161\u00ed volnost v r\u00e1mci obl\u00e9k\u00e1n\u00ed.","inLanguage":"es"},"inLanguage":"es"},{"@type":"Question","@id":"https:\/\/regbu.com\/es\/las-rodilleras-de-compresion-tienen-su-sentido\/#faq-question-1690806976722","position":3,"url":"https:\/\/regbu.com\/es\/las-rodilleras-de-compresion-tienen-su-sentido\/#faq-question-1690806976722","name":"\u00bfQu\u00e9 es la compresi\u00f3n graduada?","answerCount":1,"acceptedAnswer":{"@type":"Answer","text":"Tento typ komprese c\u00edl\u00ed prim\u00e1rn\u011b na v\u00fdkon a regeneraci. Podkolenky tohoto typu jsou nejb\u011b\u017en\u011bj\u0161\u00ed a nejv\u00edce stahuj\u00ed p\u0159edev\u0161\u00edm v oblasti nad kotn\u00edkem.","inLanguage":"es"},"inLanguage":"es"},{"@type":"Question","@id":"https:\/\/regbu.com\/es\/las-rodilleras-de-compresion-tienen-su-sentido\/#faq-question-1690806986461","position":4,"url":"https:\/\/regbu.com\/es\/las-rodilleras-de-compresion-tienen-su-sentido\/#faq-question-1690806986461","name":"\u00bfQu\u00e9 es la compresi\u00f3n selectiva?","answerCount":1,"acceptedAnswer":{"@type":"Answer","text":"Kompresn\u00ed podkolenky tohoto typu jsou zam\u011b\u0159eny na extr\u00e9mn\u00ed z\u00e1t\u011b\u017e a sporty. C\u00edleno je na jeden konkr\u00e9tn\u00ed sval, jemu\u017e se dost\u00e1v\u00e1 maxim\u00e1ln\u00ed komprese.","inLanguage":"es"},"inLanguage":"es"},{"@type":"Question","@id":"https:\/\/regbu.com\/es\/las-rodilleras-de-compresion-tienen-su-sentido\/#faq-question-1690807005493","position":5,"url":"https:\/\/regbu.com\/es\/las-rodilleras-de-compresion-tienen-su-sentido\/#faq-question-1690807005493","name":"\u00bfQu\u00e9 se entiende por compresi\u00f3n m\u00e9dica?","answerCount":1,"acceptedAnswer":{"@type":"Answer","text":"Jedn\u00e1 se o podkolenky odpov\u00eddaj\u00edc\u00ed p\u0159\u00edslu\u0161n\u00e9 zdravotn\u00ed norm\u011b, pota\u017emo kompresn\u00ed t\u0159\u00edd\u011b. Ide\u00e1ln\u00ed jsou nap\u0159\u00edklad v r\u00e1mci c\u00e9vn\u00edch onemocn\u011bn\u00ed.","inLanguage":"es"},"inLanguage":"es"}]}},"_links":{"self":[{"href":"https:\/\/regbu.com\/es\/wp-json\/wp\/v2\/posts\/1340","targetHints":{"allow":["GET"]}}],"collection":[{"href":"https:\/\/regbu.com\/es\/wp-json\/wp\/v2\/posts"}],"about":[{"href":"https:\/\/regbu.com\/es\/wp-json\/wp\/v2\/types\/post"}],"author":[{"embeddable":true,"href":"https:\/\/regbu.com\/es\/wp-json\/wp\/v2\/users\/2"}],"replies":[{"embeddable":true,"href":"https:\/\/regbu.com\/es\/wp-json\/wp\/v2\/comments?post=1340"}],"version-history":[{"count":2,"href":"https:\/\/regbu.com\/es\/wp-json\/wp\/v2\/posts\/1340\/revisions"}],"predecessor-version":[{"id":1358,"href":"https:\/\/regbu.com\/es\/wp-json\/wp\/v2\/posts\/1340\/revisions\/1358"}],"wp:featuredmedia":[{"embeddable":true,"href":"https:\/\/regbu.com\/es\/wp-json\/wp\/v2\/media\/1341"}],"wp:attachment":[{"href":"https:\/\/regbu.com\/es\/wp-json\/wp\/v2\/media?parent=1340"}],"wp:term":[{"taxonomy":"category","embeddable":true,"href":"https:\/\/regbu.com\/es\/wp-json\/wp\/v2\/categories?post=1340"},{"taxonomy":"post_tag","embeddable":true,"href":"https:\/\/regbu.com\/es\/wp-json\/wp\/v2\/tags?post=1340"}],"curies":[{"name":"wp","href":"https:\/\/api.w.org\/{rel}","templated":true}]}}