{"id":132,"date":"2022-01-04T08:09:00","date_gmt":"2022-01-04T07:09:00","guid":{"rendered":"https:\/\/regbu.com\/?p=132"},"modified":"2025-09-05T07:43:06","modified_gmt":"2025-09-05T05:43:06","slug":"krystof-kapela-spojena-s-richardem-krajcem","status":"publish","type":"post","link":"https:\/\/regbu.com\/es\/krystof-chapel-associated-with-richard-krait\/","title":{"rendered":"Kry\u0161tof - Banda asociada a Richard Kraj\u010d"},"content":{"rendered":"<p>En uno de nuestros \u00faltimos art\u00edculos presentamos un icono de la m\u00fasica checa, que fue <strong><a href=\"https:\/\/regbu.com\/es\/karel-gott-to-be-unbeatable-god-kaja\/\">Karel Gott<\/a><\/strong>. Ahora nos centraremos en una de las bandas m\u00e1s exitosas, famosas y grandes. Se trata del grupo Kry\u0161tof, que desde hace tiempo domina la escena musical.  Se fund\u00f3 en 1993 en Hav\u00ed\u0159ov y desde entonces se ha ganado una base de fans realmente s\u00f3lida y extensa.<\/p>\n\n\n\n<h2 class=\"wp-block-heading\">Kry\u0161tof - M\u00e1s sobre el grupo<\/h2>\n\n\n\n<p>La cara m\u00e1s famosa de este grupo es, por supuesto, la de <strong>Richard Kraj\u010do<\/strong>. Aparte de \u00e9l, otros miembros actuales o antiguos han fundado la banda en su momento. Eran Jarda Blahut, Nikolay Arichtev, Biser Arichtev y Pavel Studnik. En la siguiente tabla puede conocer m\u00e1s sobre la banda.<\/p>\n\n\n\n<figure class=\"wp-block-table\"><table><tbody><tr><td><strong>Asunto<\/strong><\/td><td><strong>Valor<\/strong><\/td><\/tr><tr><td>A\u00f1os de actividad<\/td><td>Desde 1994<\/td><\/tr><tr><td>G\u00e9neros<\/td><td>Pop y rock alternativo<\/td><\/tr><tr><td>Primera imagen de demostraci\u00f3n<\/td><td>SQELLE<\/td><\/tr><tr><td>Editores<\/td><td>EMI, Universal Music y Richmond Records<\/td><\/tr><\/tbody><\/table><figcaption>M\u00e1s informaci\u00f3n sobre el grupo musical Kry\u0161tof.<\/figcaption><\/figure>\n\n\n\n<p>Por si acaso, el \u00faltimo sello mencionado, Richmond Records, pertenece a Richard Kraj\u010d. Se centra principalmente en la voz, la guitarra y el canto.<\/p>\n\n\n\n<h2 class=\"wp-block-heading\">\u00c1lbumes de \u00e9xito de Kry\u0161tof<\/h2>\n\n\n\n<p>Si se investiga <strong>discograf\u00eda del grupo Kry\u0161tof<\/strong> ver\u00e1s que es muy rico. Entre los \u00e1lbumes de estudio, son famosos Rubic\u00f3n e Inzerat. Los singles inclu\u00edan \u00e9xitos inolvidables que siguen sonando hoy en d\u00eda: Inzerat, The More I Know, Wings of Soap, \u0160n\u016fry, Hned Now, Lolita, Cesta, Ty and Me, Stay Here with Me y muchos m\u00e1s. La banda tambi\u00e9n ha publicado \u00e1lbumes de conciertos, como \u017di(v)je, Kry\u0161tof v Opera y Kry\u0161tof na Strahov 2017. Si a eso se le suman tres selecciones de discos, se ver\u00e1 que la banda ha hecho m\u00e1s que suficiente durante su existencia.<\/p>\n\n\n\n<h3 class=\"wp-block-heading\">Premio al trabajo duro y de calidad<\/h3>\n\n\n\n<p>El \u00e9xito de este popular grupo musical se ha visto reflejado, naturalmente, en una serie de premios. El ruise\u00f1or checo en 2013 y el <strong>Premios Musicales Andel<\/strong> en varias categor\u00edas desde 2001. Ya sea el Descubrimiento del A\u00f1o, la Canci\u00f3n del A\u00f1o, la Web Musical, el Grupo del A\u00f1o y otros. Es cierto que Richard Kraj\u010do atrae a muchos oyentes con su enfoque carism\u00e1tico. Al fin y al cabo, cada a\u00f1o prepara el legendario Campamento Kry\u0161tof y con otros miembros preparan muchos otros eventos.<\/p>","protected":false},"excerpt":{"rendered":"<p>En uno de nuestros \u00faltimos art\u00edculos, presentamos al icono de la m\u00fasica checa que fue Karel Gott. Ahora nos centraremos en una de las bandas m\u00e1s exitosas, famosas y grandes. Se trata del grupo Kry\u0161tof, que desde hace tiempo domina la escena musical.  Se fund\u00f3 en 1993 en Hav\u00ed\u0159ov y, desde entonces, se ha ganado un lugar realmente ... <\/p>","protected":false},"author":2,"featured_media":133,"comment_status":"closed","ping_status":"closed","sticky":false,"template":"","format":"standard","meta":{"footnotes":""},"categories":[11],"tags":[106,107,108,109,110,111,112,113,114,115],"class_list":["post-132","post","type-post","status-publish","format-standard","has-post-thumbnail","hentry","category-hudba","tag-hudba","tag-hudebni-kapela","tag-hudebni-skupina","tag-krajco","tag-krystof","tag-pop","tag-richard-krajco","tag-rock","tag-skupina","tag-zpev"],"yoast_head":"<!-- This site is optimized with the Yoast SEO plugin v27.4 - https:\/\/yoast.com\/product\/yoast-seo-wordpress\/ -->\n<title>Kry\u0161tof \u2013 Kapela spojen\u00e1 s Richardem Kraj\u010dem - REGBU.COM<\/title>\n<meta name=\"description\" content=\"Poznejte jednu z nejzn\u00e1m\u011bj\u0161\u00edch \u010desk\u00fdch kapel, kterou je Kry\u0161tof. P\u0159in\u00e1\u0161\u00edme V\u00e1m d\u016fle\u017eit\u00e9 detaily o tomto hudebn\u00edm seskupen\u00ed.\" \/>\n<meta name=\"robots\" content=\"index, follow, max-snippet:-1, max-image-preview:large, max-video-preview:-1\" \/>\n<link rel=\"canonical\" href=\"https:\/\/regbu.com\/es\/krystof-chapel-associated-with-richard-krait\/\" \/>\n<meta property=\"og:locale\" content=\"es_ES\" \/>\n<meta property=\"og:type\" content=\"article\" \/>\n<meta property=\"og:title\" content=\"Kry\u0161tof \u2013 Kapela spojen\u00e1 s Richardem Kraj\u010dem - REGBU.COM\" \/>\n<meta property=\"og:description\" content=\"Poznejte jednu z nejzn\u00e1m\u011bj\u0161\u00edch \u010desk\u00fdch kapel, kterou je Kry\u0161tof. P\u0159in\u00e1\u0161\u00edme V\u00e1m d\u016fle\u017eit\u00e9 detaily o tomto hudebn\u00edm seskupen\u00ed.\" \/>\n<meta property=\"og:url\" content=\"https:\/\/regbu.com\/es\/krystof-chapel-associated-with-richard-krait\/\" \/>\n<meta property=\"og:site_name\" content=\"REGBU.COM\" \/>\n<meta property=\"article:published_time\" content=\"2022-01-04T07:09:00+00:00\" \/>\n<meta property=\"article:modified_time\" content=\"2025-09-05T05:43:06+00:00\" \/>\n<meta property=\"og:image\" content=\"https:\/\/regbu.com\/wp-content\/uploads\/2022\/01\/krystof-kapela-spojena-s-richardem-krajcem.jpg\" \/>\n\t<meta property=\"og:image:width\" content=\"1200\" \/>\n\t<meta property=\"og:image:height\" content=\"677\" \/>\n\t<meta property=\"og:image:type\" content=\"image\/jpeg\" \/>\n<meta name=\"author\" content=\"George Martin\" \/>\n<meta name=\"twitter:card\" content=\"summary_large_image\" \/>\n<meta name=\"twitter:label1\" content=\"Escrito por\" \/>\n\t<meta name=\"twitter:data1\" content=\"George Martin\" \/>\n\t<meta name=\"twitter:label2\" content=\"Tiempo de lectura\" \/>\n\t<meta name=\"twitter:data2\" content=\"2 minutos\" \/>\n<script type=\"application\/ld+json\" class=\"yoast-schema-graph\">{\"@context\":\"https:\\\/\\\/schema.org\",\"@graph\":[{\"@type\":\"Article\",\"@id\":\"https:\\\/\\\/regbu.com\\\/krystof-kapela-spojena-s-richardem-krajcem\\\/#article\",\"isPartOf\":{\"@id\":\"https:\\\/\\\/regbu.com\\\/krystof-kapela-spojena-s-richardem-krajcem\\\/\"},\"author\":{\"name\":\"George Martin\",\"@id\":\"https:\\\/\\\/regbu.com\\\/en\\\/#\\\/schema\\\/person\\\/94ea9deda2629771b8a9ced002f6784e\"},\"headline\":\"Kry\u0161tof \u2013 Kapela spojen\u00e1 s Richardem Kraj\u010dem\",\"datePublished\":\"2022-01-04T07:09:00+00:00\",\"dateModified\":\"2025-09-05T05:43:06+00:00\",\"mainEntityOfPage\":{\"@id\":\"https:\\\/\\\/regbu.com\\\/krystof-kapela-spojena-s-richardem-krajcem\\\/\"},\"wordCount\":460,\"image\":{\"@id\":\"https:\\\/\\\/regbu.com\\\/krystof-kapela-spojena-s-richardem-krajcem\\\/#primaryimage\"},\"thumbnailUrl\":\"https:\\\/\\\/regbu.com\\\/wp-content\\\/uploads\\\/2022\\\/01\\\/krystof-kapela-spojena-s-richardem-krajcem.jpg\",\"keywords\":[\"hudba\",\"hudebn\u00ed kapela\",\"hudebn\u00ed skupina\",\"Kraj\u010do\",\"Kry\u0161tof\",\"pop\",\"Richard Kraj\u010do\",\"rock\",\"skupina\",\"zp\u011bv\"],\"articleSection\":[\"Hudba\"],\"inLanguage\":\"es\"},{\"@type\":\"WebPage\",\"@id\":\"https:\\\/\\\/regbu.com\\\/krystof-kapela-spojena-s-richardem-krajcem\\\/\",\"url\":\"https:\\\/\\\/regbu.com\\\/krystof-kapela-spojena-s-richardem-krajcem\\\/\",\"name\":\"Kry\u0161tof \u2013 Kapela spojen\u00e1 s Richardem Kraj\u010dem - REGBU.COM\",\"isPartOf\":{\"@id\":\"https:\\\/\\\/regbu.com\\\/en\\\/#website\"},\"primaryImageOfPage\":{\"@id\":\"https:\\\/\\\/regbu.com\\\/krystof-kapela-spojena-s-richardem-krajcem\\\/#primaryimage\"},\"image\":{\"@id\":\"https:\\\/\\\/regbu.com\\\/krystof-kapela-spojena-s-richardem-krajcem\\\/#primaryimage\"},\"thumbnailUrl\":\"https:\\\/\\\/regbu.com\\\/wp-content\\\/uploads\\\/2022\\\/01\\\/krystof-kapela-spojena-s-richardem-krajcem.jpg\",\"datePublished\":\"2022-01-04T07:09:00+00:00\",\"dateModified\":\"2025-09-05T05:43:06+00:00\",\"author\":{\"@id\":\"https:\\\/\\\/regbu.com\\\/en\\\/#\\\/schema\\\/person\\\/94ea9deda2629771b8a9ced002f6784e\"},\"description\":\"Poznejte jednu z nejzn\u00e1m\u011bj\u0161\u00edch \u010desk\u00fdch kapel, kterou je Kry\u0161tof. P\u0159in\u00e1\u0161\u00edme V\u00e1m d\u016fle\u017eit\u00e9 detaily o tomto hudebn\u00edm seskupen\u00ed.\",\"breadcrumb\":{\"@id\":\"https:\\\/\\\/regbu.com\\\/krystof-kapela-spojena-s-richardem-krajcem\\\/#breadcrumb\"},\"inLanguage\":\"es\",\"potentialAction\":[{\"@type\":\"ReadAction\",\"target\":[\"https:\\\/\\\/regbu.com\\\/krystof-kapela-spojena-s-richardem-krajcem\\\/\"]}]},{\"@type\":\"ImageObject\",\"inLanguage\":\"es\",\"@id\":\"https:\\\/\\\/regbu.com\\\/krystof-kapela-spojena-s-richardem-krajcem\\\/#primaryimage\",\"url\":\"https:\\\/\\\/regbu.com\\\/wp-content\\\/uploads\\\/2022\\\/01\\\/krystof-kapela-spojena-s-richardem-krajcem.jpg\",\"contentUrl\":\"https:\\\/\\\/regbu.com\\\/wp-content\\\/uploads\\\/2022\\\/01\\\/krystof-kapela-spojena-s-richardem-krajcem.jpg\",\"width\":1200,\"height\":677,\"caption\":\"Kry\u0161tof \u2013 Kapela spojen\u00e1 s Richardem Kraj\u010dem\"},{\"@type\":\"BreadcrumbList\",\"@id\":\"https:\\\/\\\/regbu.com\\\/krystof-kapela-spojena-s-richardem-krajcem\\\/#breadcrumb\",\"itemListElement\":[{\"@type\":\"ListItem\",\"position\":1,\"name\":\"Home\",\"item\":\"https:\\\/\\\/regbu.com\\\/en\\\/\"},{\"@type\":\"ListItem\",\"position\":2,\"name\":\"Kry\u0161tof \u2013 Kapela spojen\u00e1 s Richardem Kraj\u010dem\"}]},{\"@type\":\"WebSite\",\"@id\":\"https:\\\/\\\/regbu.com\\\/en\\\/#website\",\"url\":\"https:\\\/\\\/regbu.com\\\/en\\\/\",\"name\":\"REGBU.COM\",\"description\":\"\",\"potentialAction\":[{\"@type\":\"SearchAction\",\"target\":{\"@type\":\"EntryPoint\",\"urlTemplate\":\"https:\\\/\\\/regbu.com\\\/en\\\/?s={search_term_string}\"},\"query-input\":{\"@type\":\"PropertyValueSpecification\",\"valueRequired\":true,\"valueName\":\"search_term_string\"}}],\"inLanguage\":\"es\"},{\"@type\":\"Person\",\"@id\":\"https:\\\/\\\/regbu.com\\\/en\\\/#\\\/schema\\\/person\\\/94ea9deda2629771b8a9ced002f6784e\",\"name\":\"George Martin\",\"url\":\"https:\\\/\\\/regbu.com\\\/es\\\/author\\\/george-martin\\\/\"}]}<\/script>\n<!-- \/ Yoast SEO plugin. -->","yoast_head_json":{"title":"Kry\u0161tof - Banda asociada a Richard Kraj\u010d - REGBU.COM","description":"Conozca a una de las bandas checas m\u00e1s famosas: Kry\u0161tof. Le traemos importantes detalles sobre este grupo musical.","robots":{"index":"index","follow":"follow","max-snippet":"max-snippet:-1","max-image-preview":"max-image-preview:large","max-video-preview":"max-video-preview:-1"},"canonical":"https:\/\/regbu.com\/es\/krystof-chapel-associated-with-richard-krait\/","og_locale":"es_ES","og_type":"article","og_title":"Kry\u0161tof \u2013 Kapela spojen\u00e1 s Richardem Kraj\u010dem - REGBU.COM","og_description":"Poznejte jednu z nejzn\u00e1m\u011bj\u0161\u00edch \u010desk\u00fdch kapel, kterou je Kry\u0161tof. P\u0159in\u00e1\u0161\u00edme V\u00e1m d\u016fle\u017eit\u00e9 detaily o tomto hudebn\u00edm seskupen\u00ed.","og_url":"https:\/\/regbu.com\/es\/krystof-chapel-associated-with-richard-krait\/","og_site_name":"REGBU.COM","article_published_time":"2022-01-04T07:09:00+00:00","article_modified_time":"2025-09-05T05:43:06+00:00","og_image":[{"width":1200,"height":677,"url":"https:\/\/regbu.com\/wp-content\/uploads\/2022\/01\/krystof-kapela-spojena-s-richardem-krajcem.jpg","type":"image\/jpeg"}],"author":"George Martin","twitter_card":"summary_large_image","twitter_misc":{"Escrito por":"George Martin","Tiempo de lectura":"2 minutos"},"schema":{"@context":"https:\/\/schema.org","@graph":[{"@type":"Article","@id":"https:\/\/regbu.com\/krystof-kapela-spojena-s-richardem-krajcem\/#article","isPartOf":{"@id":"https:\/\/regbu.com\/krystof-kapela-spojena-s-richardem-krajcem\/"},"author":{"name":"George Martin","@id":"https:\/\/regbu.com\/en\/#\/schema\/person\/94ea9deda2629771b8a9ced002f6784e"},"headline":"Kry\u0161tof \u2013 Kapela spojen\u00e1 s Richardem Kraj\u010dem","datePublished":"2022-01-04T07:09:00+00:00","dateModified":"2025-09-05T05:43:06+00:00","mainEntityOfPage":{"@id":"https:\/\/regbu.com\/krystof-kapela-spojena-s-richardem-krajcem\/"},"wordCount":460,"image":{"@id":"https:\/\/regbu.com\/krystof-kapela-spojena-s-richardem-krajcem\/#primaryimage"},"thumbnailUrl":"https:\/\/regbu.com\/wp-content\/uploads\/2022\/01\/krystof-kapela-spojena-s-richardem-krajcem.jpg","keywords":["hudba","hudebn\u00ed kapela","hudebn\u00ed skupina","Kraj\u010do","Kry\u0161tof","pop","Richard Kraj\u010do","rock","skupina","zp\u011bv"],"articleSection":["Hudba"],"inLanguage":"es"},{"@type":"WebPage","@id":"https:\/\/regbu.com\/krystof-kapela-spojena-s-richardem-krajcem\/","url":"https:\/\/regbu.com\/krystof-kapela-spojena-s-richardem-krajcem\/","name":"Kry\u0161tof - Banda asociada a Richard Kraj\u010d - REGBU.COM","isPartOf":{"@id":"https:\/\/regbu.com\/en\/#website"},"primaryImageOfPage":{"@id":"https:\/\/regbu.com\/krystof-kapela-spojena-s-richardem-krajcem\/#primaryimage"},"image":{"@id":"https:\/\/regbu.com\/krystof-kapela-spojena-s-richardem-krajcem\/#primaryimage"},"thumbnailUrl":"https:\/\/regbu.com\/wp-content\/uploads\/2022\/01\/krystof-kapela-spojena-s-richardem-krajcem.jpg","datePublished":"2022-01-04T07:09:00+00:00","dateModified":"2025-09-05T05:43:06+00:00","author":{"@id":"https:\/\/regbu.com\/en\/#\/schema\/person\/94ea9deda2629771b8a9ced002f6784e"},"description":"Conozca a una de las bandas checas m\u00e1s famosas: Kry\u0161tof. Le traemos importantes detalles sobre este grupo musical.","breadcrumb":{"@id":"https:\/\/regbu.com\/krystof-kapela-spojena-s-richardem-krajcem\/#breadcrumb"},"inLanguage":"es","potentialAction":[{"@type":"ReadAction","target":["https:\/\/regbu.com\/krystof-kapela-spojena-s-richardem-krajcem\/"]}]},{"@type":"ImageObject","inLanguage":"es","@id":"https:\/\/regbu.com\/krystof-kapela-spojena-s-richardem-krajcem\/#primaryimage","url":"https:\/\/regbu.com\/wp-content\/uploads\/2022\/01\/krystof-kapela-spojena-s-richardem-krajcem.jpg","contentUrl":"https:\/\/regbu.com\/wp-content\/uploads\/2022\/01\/krystof-kapela-spojena-s-richardem-krajcem.jpg","width":1200,"height":677,"caption":"Kry\u0161tof \u2013 Kapela spojen\u00e1 s Richardem Kraj\u010dem"},{"@type":"BreadcrumbList","@id":"https:\/\/regbu.com\/krystof-kapela-spojena-s-richardem-krajcem\/#breadcrumb","itemListElement":[{"@type":"ListItem","position":1,"name":"Home","item":"https:\/\/regbu.com\/en\/"},{"@type":"ListItem","position":2,"name":"Kry\u0161tof \u2013 Kapela spojen\u00e1 s Richardem Kraj\u010dem"}]},{"@type":"WebSite","@id":"https:\/\/regbu.com\/en\/#website","url":"https:\/\/regbu.com\/en\/","name":"REGBU.COM","description":"","potentialAction":[{"@type":"SearchAction","target":{"@type":"EntryPoint","urlTemplate":"https:\/\/regbu.com\/en\/?s={search_term_string}"},"query-input":{"@type":"PropertyValueSpecification","valueRequired":true,"valueName":"search_term_string"}}],"inLanguage":"es"},{"@type":"Person","@id":"https:\/\/regbu.com\/en\/#\/schema\/person\/94ea9deda2629771b8a9ced002f6784e","name":"George Martin","url":"https:\/\/regbu.com\/es\/author\/george-martin\/"}]}},"_links":{"self":[{"href":"https:\/\/regbu.com\/es\/wp-json\/wp\/v2\/posts\/132","targetHints":{"allow":["GET"]}}],"collection":[{"href":"https:\/\/regbu.com\/es\/wp-json\/wp\/v2\/posts"}],"about":[{"href":"https:\/\/regbu.com\/es\/wp-json\/wp\/v2\/types\/post"}],"author":[{"embeddable":true,"href":"https:\/\/regbu.com\/es\/wp-json\/wp\/v2\/users\/2"}],"replies":[{"embeddable":true,"href":"https:\/\/regbu.com\/es\/wp-json\/wp\/v2\/comments?post=132"}],"version-history":[{"count":3,"href":"https:\/\/regbu.com\/es\/wp-json\/wp\/v2\/posts\/132\/revisions"}],"predecessor-version":[{"id":152,"href":"https:\/\/regbu.com\/es\/wp-json\/wp\/v2\/posts\/132\/revisions\/152"}],"wp:featuredmedia":[{"embeddable":true,"href":"https:\/\/regbu.com\/es\/wp-json\/wp\/v2\/media\/133"}],"wp:attachment":[{"href":"https:\/\/regbu.com\/es\/wp-json\/wp\/v2\/media?parent=132"}],"wp:term":[{"taxonomy":"category","embeddable":true,"href":"https:\/\/regbu.com\/es\/wp-json\/wp\/v2\/categories?post=132"},{"taxonomy":"post_tag","embeddable":true,"href":"https:\/\/regbu.com\/es\/wp-json\/wp\/v2\/tags?post=132"}],"curies":[{"name":"wp","href":"https:\/\/api.w.org\/{rel}","templated":true}]}}