{"id":1303,"date":"2023-07-28T17:41:11","date_gmt":"2023-07-28T15:41:11","guid":{"rendered":"https:\/\/regbu.com\/?p=1303"},"modified":"2025-09-05T07:40:39","modified_gmt":"2025-09-05T05:40:39","slug":"funkcni-pradlo-plni-svoji-roli-hlavne-pri-sportu","status":"publish","type":"post","link":"https:\/\/regbu.com\/es\/ropa-funcional-principalmente-deportiva\/","title":{"rendered":"La ropa interior funcional cumple su funci\u00f3n especialmente en el deporte"},"content":{"rendered":"<p>La ropa interior funcional es una de las prendas exteriores m\u00e1s importantes, utilizada sobre todo en el deporte. Puede adoptar diversas formas - <strong><a href=\"https:\/\/regbu.com\/es\/los-trucos-de-la-ropa-de-hombre-son-abundantes\/\">camisa de hombre<\/a><\/strong>una camiseta de manga larga y una camiseta de tirantes. A diferencia de la ropa tradicional, este tipo de ropa interior realiza una tarea esencial. Evacua el sudor del cuerpo o hacia otras capas de ropa.<\/p>\n\n\n\n<ul class=\"wp-block-list\">\n<li>Durante las actividades deportivas<\/li>\n\n\n\n<li>Adecuado para paseos por la naturaleza<\/li>\n\n\n\n<li>Para ropa informal<\/li>\n<\/ul>\n\n\n\n<p>A fin de cuentas, puedes llevar ropa interior funcional donde te parezca. En resumen, <em>donde se suda en exceso<\/em> y una prenda as\u00ed contribuir\u00e1 a tu comodidad general.<\/p>\n\n\n\n<h2 class=\"wp-block-heading\">Dise\u00f1o de ropa interior funcional<\/h2>\n\n\n\n<p>Con la ropa interior funcional, no s\u00f3lo se encontrar\u00e1 con un material de producci\u00f3n especial, sino tambi\u00e9n con el propio dise\u00f1o. En cuanto al principio de funcionamiento, es <strong>ropa ce\u00f1ida al cuerpo<\/strong>. En este caso, funciona al cien por cien. Aparte de la cl\u00e1sica camiseta, tambi\u00e9n puede adquirir otras prendas exteriores que entran en contacto con el cuerpo humano. Ejemplos t\u00edpicos son las camisetas interiores, los sujetadores deportivos, los calzoncillos y los boxers funcionales para hombre.<\/p>\n\n\n\n<h3 class=\"wp-block-heading\">Ropa interior funcional al detalle<\/h3>\n\n\n\n<p>Se selecciona ropa interior funcional espec\u00edfica <strong>en funci\u00f3n de la actividad realizada<\/strong>. Ya sea el corte o el material utilizado. Las capas de ropa tambi\u00e9n son importantes. La ropa es adecuada no s\u00f3lo para los d\u00edas de verano, sino tambi\u00e9n para los de invierno. Para saber m\u00e1s, lee las siguientes preguntas y respuestas.<\/p>\n\n\n\n<div class=\"schema-faq wp-block-yoast-faq-block\"><div class=\"schema-faq-section\" id=\"faq-question-1690558687776\"><strong class=\"schema-faq-question\">\u00bfQu\u00e9 capa debe llevar la ropa interior funcional?<\/strong> <p class=\"schema-faq-answer\">L\u00f3gicamente, se trata de una capa de aislamiento t\u00e9rmico que te mantendr\u00e1 caliente y te proteger\u00e1 del fr\u00edo.<\/p> <\/div> <div class=\"schema-faq-section\" id=\"faq-question-1690558694989\"><strong class=\"schema-faq-question\">\u00bfQu\u00e9 tal una tercera capa de ropa?<\/strong> <p class=\"schema-faq-answer\">Ponte una capa de aislamiento t\u00e9rmico para protegerte de las inclemencias del tiempo y de la humedad.<\/p> <\/div> <div class=\"schema-faq-section\" id=\"faq-question-1690558701441\"><strong class=\"schema-faq-question\">\u00bfCu\u00e1les son las ventajas de los materiales sint\u00e9ticos?<\/strong> <p class=\"schema-faq-answer\">Son resistentes al sudor y se secan r\u00e1pidamente. Su mayor encanto reside en que evacuan r\u00e1pidamente el sudor del cuerpo y mantienen una temperatura adecuada.<\/p> <\/div> <div class=\"schema-faq-section\" id=\"faq-question-1690558708526\"><strong class=\"schema-faq-question\">\u00bfQu\u00e9 distingue a los materiales naturales?<\/strong> <p class=\"schema-faq-answer\">Se asocian principalmente a una termorregulaci\u00f3n perfecta. Incluso mojada, esta ropa interior funcional te mantendr\u00e1 caliente.<\/p> <\/div> <div class=\"schema-faq-section\" id=\"faq-question-1690558715778\"><strong class=\"schema-faq-question\">\u00bfC\u00f3mo cuidar la ropa interior funcional?<\/strong> <p class=\"schema-faq-answer\">Dependiendo del estado de uso, l\u00e1vela con regularidad. No olvides que la temperatura de la lavadora no debe superar los 40 \u00b0C, o elige un modo de lavado especial y delicado.<\/p> <\/div> <\/div>","protected":false},"excerpt":{"rendered":"<p>La ropa interior funcional es una de las prendas exteriores m\u00e1s importantes, utilizada sobre todo en el deporte. Puede adoptar diversas formas: camiseta de hombre, camiseta de manga larga y camiseta sin mangas. A diferencia de la ropa tradicional, este tipo de ropa interior realiza una tarea esencial. Evacua el sudor del cuerpo o hacia otras capas de ropa. A fin de cuentas, la ropa interior funcional puede ... <\/p>","protected":false},"author":2,"featured_media":1304,"comment_status":"closed","ping_status":"closed","sticky":false,"template":"","format":"standard","meta":{"footnotes":""},"categories":[671],"tags":[1574,1573,869,824,1577,761,1579,783,1575,1578,1576],"class_list":["post-1303","post","type-post","status-publish","format-standard","has-post-thumbnail","hentry","category-moda","tag-boxerky","tag-funkcni-pradlo","tag-material","tag-obleceni","tag-podvlikacky","tag-pradlo","tag-prirodni","tag-sport","tag-sportovni-podprsenka","tag-systeticky","tag-triko"],"yoast_head":"<!-- This site is optimized with the Yoast SEO plugin v27.4 - https:\/\/yoast.com\/product\/yoast-seo-wordpress\/ -->\n<title>Funk\u010dn\u00ed pr\u00e1dlo pln\u00ed svoji roli hlavn\u011b p\u0159i sportu - REGBU.COM<\/title>\n<meta name=\"description\" content=\"Funk\u010dn\u00ed pr\u00e1dlo je d\u016fle\u017eitou sou\u010d\u00e1st\u00ed jak\u00e9koliv pohybov\u00e9 aktivity. Oble\u010den\u00ed, kter\u00e9 odv\u00e1d\u00ed pot od t\u011bla a zvy\u0161uje komfort.\" \/>\n<meta name=\"robots\" content=\"index, follow, max-snippet:-1, max-image-preview:large, max-video-preview:-1\" \/>\n<link rel=\"canonical\" href=\"https:\/\/regbu.com\/es\/ropa-funcional-principalmente-deportiva\/\" \/>\n<meta property=\"og:locale\" content=\"es_ES\" \/>\n<meta property=\"og:type\" content=\"article\" \/>\n<meta property=\"og:title\" content=\"Funk\u010dn\u00ed pr\u00e1dlo pln\u00ed svoji roli hlavn\u011b p\u0159i sportu - REGBU.COM\" \/>\n<meta property=\"og:description\" content=\"Funk\u010dn\u00ed pr\u00e1dlo je d\u016fle\u017eitou sou\u010d\u00e1st\u00ed jak\u00e9koliv pohybov\u00e9 aktivity. Oble\u010den\u00ed, kter\u00e9 odv\u00e1d\u00ed pot od t\u011bla a zvy\u0161uje komfort.\" \/>\n<meta property=\"og:url\" content=\"https:\/\/regbu.com\/es\/ropa-funcional-principalmente-deportiva\/\" \/>\n<meta property=\"og:site_name\" content=\"REGBU.COM\" \/>\n<meta property=\"article:published_time\" content=\"2023-07-28T15:41:11+00:00\" \/>\n<meta property=\"article:modified_time\" content=\"2025-09-05T05:40:39+00:00\" \/>\n<meta property=\"og:image\" content=\"https:\/\/regbu.com\/wp-content\/uploads\/2023\/07\/funkcni-pradlo-plni-svoji-roli-hlavne-pri-sportu.jpg\" \/>\n\t<meta property=\"og:image:width\" content=\"1200\" \/>\n\t<meta property=\"og:image:height\" content=\"675\" \/>\n\t<meta property=\"og:image:type\" content=\"image\/jpeg\" \/>\n<meta name=\"author\" content=\"George Martin\" \/>\n<meta name=\"twitter:card\" content=\"summary_large_image\" \/>\n<meta name=\"twitter:label1\" content=\"Escrito por\" \/>\n\t<meta name=\"twitter:data1\" content=\"George Martin\" \/>\n\t<meta name=\"twitter:label2\" content=\"Tiempo de lectura\" \/>\n\t<meta name=\"twitter:data2\" content=\"2 minutos\" \/>\n<script type=\"application\/ld+json\" class=\"yoast-schema-graph\">{\"@context\":\"https:\\\/\\\/schema.org\",\"@graph\":[{\"@type\":\"Article\",\"@id\":\"https:\\\/\\\/regbu.com\\\/es\\\/ropa-funcional-principalmente-deportiva\\\/#article\",\"isPartOf\":{\"@id\":\"https:\\\/\\\/regbu.com\\\/es\\\/ropa-funcional-principalmente-deportiva\\\/\"},\"author\":{\"name\":\"George Martin\",\"@id\":\"https:\\\/\\\/regbu.com\\\/en\\\/#\\\/schema\\\/person\\\/94ea9deda2629771b8a9ced002f6784e\"},\"headline\":\"Funk\u010dn\u00ed pr\u00e1dlo pln\u00ed svoji roli hlavn\u011b p\u0159i sportu\",\"datePublished\":\"2023-07-28T15:41:11+00:00\",\"dateModified\":\"2025-09-05T05:40:39+00:00\",\"mainEntityOfPage\":{\"@id\":\"https:\\\/\\\/regbu.com\\\/es\\\/ropa-funcional-principalmente-deportiva\\\/\"},\"wordCount\":491,\"image\":{\"@id\":\"https:\\\/\\\/regbu.com\\\/es\\\/ropa-funcional-principalmente-deportiva\\\/#primaryimage\"},\"thumbnailUrl\":\"https:\\\/\\\/regbu.com\\\/wp-content\\\/uploads\\\/2023\\\/07\\\/funkcni-pradlo-plni-svoji-roli-hlavne-pri-sportu.jpg\",\"keywords\":[\"boxerky\",\"funk\u010dn\u00ed pr\u00e1dlo\",\"materi\u00e1l\",\"oble\u010den\u00ed\",\"podvl\u00edka\u010dky\",\"pr\u00e1dlo\",\"p\u0159\u00edrodn\u00ed\",\"sport\",\"sportovn\u00ed podprsenka\",\"systetick\u00fd\",\"triko\"],\"articleSection\":[\"M\u00f3da\"],\"inLanguage\":\"es\"},{\"@type\":[\"WebPage\",\"FAQPage\"],\"@id\":\"https:\\\/\\\/regbu.com\\\/es\\\/ropa-funcional-principalmente-deportiva\\\/\",\"url\":\"https:\\\/\\\/regbu.com\\\/es\\\/ropa-funcional-principalmente-deportiva\\\/\",\"name\":\"Funk\u010dn\u00ed pr\u00e1dlo pln\u00ed svoji roli hlavn\u011b p\u0159i sportu - REGBU.COM\",\"isPartOf\":{\"@id\":\"https:\\\/\\\/regbu.com\\\/en\\\/#website\"},\"primaryImageOfPage\":{\"@id\":\"https:\\\/\\\/regbu.com\\\/es\\\/ropa-funcional-principalmente-deportiva\\\/#primaryimage\"},\"image\":{\"@id\":\"https:\\\/\\\/regbu.com\\\/es\\\/ropa-funcional-principalmente-deportiva\\\/#primaryimage\"},\"thumbnailUrl\":\"https:\\\/\\\/regbu.com\\\/wp-content\\\/uploads\\\/2023\\\/07\\\/funkcni-pradlo-plni-svoji-roli-hlavne-pri-sportu.jpg\",\"datePublished\":\"2023-07-28T15:41:11+00:00\",\"dateModified\":\"2025-09-05T05:40:39+00:00\",\"author\":{\"@id\":\"https:\\\/\\\/regbu.com\\\/en\\\/#\\\/schema\\\/person\\\/94ea9deda2629771b8a9ced002f6784e\"},\"description\":\"Funk\u010dn\u00ed pr\u00e1dlo je d\u016fle\u017eitou sou\u010d\u00e1st\u00ed jak\u00e9koliv pohybov\u00e9 aktivity. Oble\u010den\u00ed, kter\u00e9 odv\u00e1d\u00ed pot od t\u011bla a zvy\u0161uje komfort.\",\"breadcrumb\":{\"@id\":\"https:\\\/\\\/regbu.com\\\/es\\\/ropa-funcional-principalmente-deportiva\\\/#breadcrumb\"},\"mainEntity\":[{\"@id\":\"https:\\\/\\\/regbu.com\\\/es\\\/ropa-funcional-principalmente-deportiva\\\/#faq-question-1690558687776\"},{\"@id\":\"https:\\\/\\\/regbu.com\\\/es\\\/ropa-funcional-principalmente-deportiva\\\/#faq-question-1690558694989\"},{\"@id\":\"https:\\\/\\\/regbu.com\\\/es\\\/ropa-funcional-principalmente-deportiva\\\/#faq-question-1690558701441\"},{\"@id\":\"https:\\\/\\\/regbu.com\\\/es\\\/ropa-funcional-principalmente-deportiva\\\/#faq-question-1690558708526\"},{\"@id\":\"https:\\\/\\\/regbu.com\\\/es\\\/ropa-funcional-principalmente-deportiva\\\/#faq-question-1690558715778\"}],\"inLanguage\":\"es\",\"potentialAction\":[{\"@type\":\"ReadAction\",\"target\":[\"https:\\\/\\\/regbu.com\\\/es\\\/ropa-funcional-principalmente-deportiva\\\/\"]}]},{\"@type\":\"ImageObject\",\"inLanguage\":\"es\",\"@id\":\"https:\\\/\\\/regbu.com\\\/es\\\/ropa-funcional-principalmente-deportiva\\\/#primaryimage\",\"url\":\"https:\\\/\\\/regbu.com\\\/wp-content\\\/uploads\\\/2023\\\/07\\\/funkcni-pradlo-plni-svoji-roli-hlavne-pri-sportu.jpg\",\"contentUrl\":\"https:\\\/\\\/regbu.com\\\/wp-content\\\/uploads\\\/2023\\\/07\\\/funkcni-pradlo-plni-svoji-roli-hlavne-pri-sportu.jpg\",\"width\":1200,\"height\":675,\"caption\":\"Funk\u010dn\u00ed pr\u00e1dlo pln\u00ed svoji roli hlavn\u011b p\u0159i sportu\"},{\"@type\":\"BreadcrumbList\",\"@id\":\"https:\\\/\\\/regbu.com\\\/es\\\/ropa-funcional-principalmente-deportiva\\\/#breadcrumb\",\"itemListElement\":[{\"@type\":\"ListItem\",\"position\":1,\"name\":\"Home\",\"item\":\"https:\\\/\\\/regbu.com\\\/en\\\/\"},{\"@type\":\"ListItem\",\"position\":2,\"name\":\"Funk\u010dn\u00ed pr\u00e1dlo pln\u00ed svoji roli hlavn\u011b p\u0159i sportu\"}]},{\"@type\":\"WebSite\",\"@id\":\"https:\\\/\\\/regbu.com\\\/en\\\/#website\",\"url\":\"https:\\\/\\\/regbu.com\\\/en\\\/\",\"name\":\"REGBU.COM\",\"description\":\"\",\"potentialAction\":[{\"@type\":\"SearchAction\",\"target\":{\"@type\":\"EntryPoint\",\"urlTemplate\":\"https:\\\/\\\/regbu.com\\\/en\\\/?s={search_term_string}\"},\"query-input\":{\"@type\":\"PropertyValueSpecification\",\"valueRequired\":true,\"valueName\":\"search_term_string\"}}],\"inLanguage\":\"es\"},{\"@type\":\"Person\",\"@id\":\"https:\\\/\\\/regbu.com\\\/en\\\/#\\\/schema\\\/person\\\/94ea9deda2629771b8a9ced002f6784e\",\"name\":\"George Martin\",\"url\":\"https:\\\/\\\/regbu.com\\\/es\\\/author\\\/george-martin\\\/\"},{\"@type\":\"Question\",\"@id\":\"https:\\\/\\\/regbu.com\\\/es\\\/ropa-funcional-principalmente-deportiva\\\/#faq-question-1690558687776\",\"position\":1,\"url\":\"https:\\\/\\\/regbu.com\\\/es\\\/ropa-funcional-principalmente-deportiva\\\/#faq-question-1690558687776\",\"name\":\"Jak\u00e1 vrstva by m\u011bla b\u00fdt na funk\u010dn\u00edm pr\u00e1dle?\",\"answerCount\":1,\"acceptedAnswer\":{\"@type\":\"Answer\",\"text\":\"Z logiky v\u011bci je to termoizola\u010dn\u00ed vrstva, kter\u00e1 V\u00e1s bude udr\u017eovat v teple a chr\u00e1nit p\u0159ed zimou.\",\"inLanguage\":\"es\"},\"inLanguage\":\"es\"},{\"@type\":\"Question\",\"@id\":\"https:\\\/\\\/regbu.com\\\/es\\\/ropa-funcional-principalmente-deportiva\\\/#faq-question-1690558694989\",\"position\":2,\"url\":\"https:\\\/\\\/regbu.com\\\/es\\\/ropa-funcional-principalmente-deportiva\\\/#faq-question-1690558694989\",\"name\":\"Jak je to s t\u0159et\u00ed vrstvou oble\u010den\u00ed?\",\"answerCount\":1,\"acceptedAnswer\":{\"@type\":\"Answer\",\"text\":\"Na termoizola\u010dn\u00ed vrstvu si obl\u00e9kn\u011bte tu ochranou p\u0159ed nevl\u00eddn\u00fdm po\u010das\u00edm a vlhkost\u00ed.\",\"inLanguage\":\"es\"},\"inLanguage\":\"es\"},{\"@type\":\"Question\",\"@id\":\"https:\\\/\\\/regbu.com\\\/es\\\/ropa-funcional-principalmente-deportiva\\\/#faq-question-1690558701441\",\"position\":3,\"url\":\"https:\\\/\\\/regbu.com\\\/es\\\/ropa-funcional-principalmente-deportiva\\\/#faq-question-1690558701441\",\"name\":\"Jak\u00e9 jsou v\u00fdhody syntetick\u00fdch materi\u00e1l\u016f?\",\"answerCount\":1,\"acceptedAnswer\":{\"@type\":\"Answer\",\"text\":\"Nesaj\u00ed pot a rychle schnou. Jejich nejv\u011bt\u0161\u00ed kouzlo spo\u010d\u00edv\u00e1 v rychl\u00e9m odvodu potu od t\u011bla pry\u010d a v udr\u017een\u00ed vhodn\u00e9 teploty.\",\"inLanguage\":\"es\"},\"inLanguage\":\"es\"},{\"@type\":\"Question\",\"@id\":\"https:\\\/\\\/regbu.com\\\/es\\\/ropa-funcional-principalmente-deportiva\\\/#faq-question-1690558708526\",\"position\":4,\"url\":\"https:\\\/\\\/regbu.com\\\/es\\\/ropa-funcional-principalmente-deportiva\\\/#faq-question-1690558708526\",\"name\":\"V \u010dem vynikaj\u00ed p\u0159\u00edrodn\u00ed materi\u00e1ly?\",\"answerCount\":1,\"acceptedAnswer\":{\"@type\":\"Answer\",\"text\":\"Ty se prim\u00e1rn\u011b poj\u00ed s dokonalou termoregulac\u00ed. I kdy\u017e bude takov\u00e9 funk\u010dn\u00ed pr\u00e1dlo vlhk\u00e9, st\u00e1le h\u0159eje.\",\"inLanguage\":\"es\"},\"inLanguage\":\"es\"},{\"@type\":\"Question\",\"@id\":\"https:\\\/\\\/regbu.com\\\/es\\\/ropa-funcional-principalmente-deportiva\\\/#faq-question-1690558715778\",\"position\":5,\"url\":\"https:\\\/\\\/regbu.com\\\/es\\\/ropa-funcional-principalmente-deportiva\\\/#faq-question-1690558715778\",\"name\":\"Jak se starat o funk\u010dn\u00ed pr\u00e1dlo?\",\"answerCount\":1,\"acceptedAnswer\":{\"@type\":\"Answer\",\"text\":\"Podle stavu pou\u017eit\u00ed ho pravideln\u011b perte. Nezapom\u00ednejte na to, \u017ee teplota v pra\u010dce by nem\u011bla p\u0159es\u00e1hnout 40 \u00b0C, pop\u0159\u00edpad\u011b zvolte speci\u00e1ln\u00ed a \u0161etrn\u00fd re\u017eim pran\u00ed.\",\"inLanguage\":\"es\"},\"inLanguage\":\"es\"}]}<\/script>\n<!-- \/ Yoast SEO plugin. -->","yoast_head_json":{"title":"La ropa interior funcional juega su papel especialmente en el deporte - REGBU.COM","description":"La ropa interior funcional es una parte importante de cualquier actividad f\u00edsica. Prendas que evacuan el sudor del cuerpo y aumentan la comodidad.","robots":{"index":"index","follow":"follow","max-snippet":"max-snippet:-1","max-image-preview":"max-image-preview:large","max-video-preview":"max-video-preview:-1"},"canonical":"https:\/\/regbu.com\/es\/ropa-funcional-principalmente-deportiva\/","og_locale":"es_ES","og_type":"article","og_title":"Funk\u010dn\u00ed pr\u00e1dlo pln\u00ed svoji roli hlavn\u011b p\u0159i sportu - REGBU.COM","og_description":"Funk\u010dn\u00ed pr\u00e1dlo je d\u016fle\u017eitou sou\u010d\u00e1st\u00ed jak\u00e9koliv pohybov\u00e9 aktivity. Oble\u010den\u00ed, kter\u00e9 odv\u00e1d\u00ed pot od t\u011bla a zvy\u0161uje komfort.","og_url":"https:\/\/regbu.com\/es\/ropa-funcional-principalmente-deportiva\/","og_site_name":"REGBU.COM","article_published_time":"2023-07-28T15:41:11+00:00","article_modified_time":"2025-09-05T05:40:39+00:00","og_image":[{"width":1200,"height":675,"url":"https:\/\/regbu.com\/wp-content\/uploads\/2023\/07\/funkcni-pradlo-plni-svoji-roli-hlavne-pri-sportu.jpg","type":"image\/jpeg"}],"author":"George Martin","twitter_card":"summary_large_image","twitter_misc":{"Escrito por":"George Martin","Tiempo de lectura":"2 minutos"},"schema":{"@context":"https:\/\/schema.org","@graph":[{"@type":"Article","@id":"https:\/\/regbu.com\/es\/ropa-funcional-principalmente-deportiva\/#article","isPartOf":{"@id":"https:\/\/regbu.com\/es\/ropa-funcional-principalmente-deportiva\/"},"author":{"name":"George Martin","@id":"https:\/\/regbu.com\/en\/#\/schema\/person\/94ea9deda2629771b8a9ced002f6784e"},"headline":"Funk\u010dn\u00ed pr\u00e1dlo pln\u00ed svoji roli hlavn\u011b p\u0159i sportu","datePublished":"2023-07-28T15:41:11+00:00","dateModified":"2025-09-05T05:40:39+00:00","mainEntityOfPage":{"@id":"https:\/\/regbu.com\/es\/ropa-funcional-principalmente-deportiva\/"},"wordCount":491,"image":{"@id":"https:\/\/regbu.com\/es\/ropa-funcional-principalmente-deportiva\/#primaryimage"},"thumbnailUrl":"https:\/\/regbu.com\/wp-content\/uploads\/2023\/07\/funkcni-pradlo-plni-svoji-roli-hlavne-pri-sportu.jpg","keywords":["boxerky","funk\u010dn\u00ed pr\u00e1dlo","materi\u00e1l","oble\u010den\u00ed","podvl\u00edka\u010dky","pr\u00e1dlo","p\u0159\u00edrodn\u00ed","sport","sportovn\u00ed podprsenka","systetick\u00fd","triko"],"articleSection":["M\u00f3da"],"inLanguage":"es"},{"@type":["WebPage","FAQPage"],"@id":"https:\/\/regbu.com\/es\/ropa-funcional-principalmente-deportiva\/","url":"https:\/\/regbu.com\/es\/ropa-funcional-principalmente-deportiva\/","name":"La ropa interior funcional juega su papel especialmente en el deporte - REGBU.COM","isPartOf":{"@id":"https:\/\/regbu.com\/en\/#website"},"primaryImageOfPage":{"@id":"https:\/\/regbu.com\/es\/ropa-funcional-principalmente-deportiva\/#primaryimage"},"image":{"@id":"https:\/\/regbu.com\/es\/ropa-funcional-principalmente-deportiva\/#primaryimage"},"thumbnailUrl":"https:\/\/regbu.com\/wp-content\/uploads\/2023\/07\/funkcni-pradlo-plni-svoji-roli-hlavne-pri-sportu.jpg","datePublished":"2023-07-28T15:41:11+00:00","dateModified":"2025-09-05T05:40:39+00:00","author":{"@id":"https:\/\/regbu.com\/en\/#\/schema\/person\/94ea9deda2629771b8a9ced002f6784e"},"description":"La ropa interior funcional es una parte importante de cualquier actividad f\u00edsica. Prendas que evacuan el sudor del cuerpo y aumentan la comodidad.","breadcrumb":{"@id":"https:\/\/regbu.com\/es\/ropa-funcional-principalmente-deportiva\/#breadcrumb"},"mainEntity":[{"@id":"https:\/\/regbu.com\/es\/ropa-funcional-principalmente-deportiva\/#faq-question-1690558687776"},{"@id":"https:\/\/regbu.com\/es\/ropa-funcional-principalmente-deportiva\/#faq-question-1690558694989"},{"@id":"https:\/\/regbu.com\/es\/ropa-funcional-principalmente-deportiva\/#faq-question-1690558701441"},{"@id":"https:\/\/regbu.com\/es\/ropa-funcional-principalmente-deportiva\/#faq-question-1690558708526"},{"@id":"https:\/\/regbu.com\/es\/ropa-funcional-principalmente-deportiva\/#faq-question-1690558715778"}],"inLanguage":"es","potentialAction":[{"@type":"ReadAction","target":["https:\/\/regbu.com\/es\/ropa-funcional-principalmente-deportiva\/"]}]},{"@type":"ImageObject","inLanguage":"es","@id":"https:\/\/regbu.com\/es\/ropa-funcional-principalmente-deportiva\/#primaryimage","url":"https:\/\/regbu.com\/wp-content\/uploads\/2023\/07\/funkcni-pradlo-plni-svoji-roli-hlavne-pri-sportu.jpg","contentUrl":"https:\/\/regbu.com\/wp-content\/uploads\/2023\/07\/funkcni-pradlo-plni-svoji-roli-hlavne-pri-sportu.jpg","width":1200,"height":675,"caption":"Funk\u010dn\u00ed pr\u00e1dlo pln\u00ed svoji roli hlavn\u011b p\u0159i sportu"},{"@type":"BreadcrumbList","@id":"https:\/\/regbu.com\/es\/ropa-funcional-principalmente-deportiva\/#breadcrumb","itemListElement":[{"@type":"ListItem","position":1,"name":"Home","item":"https:\/\/regbu.com\/en\/"},{"@type":"ListItem","position":2,"name":"Funk\u010dn\u00ed pr\u00e1dlo pln\u00ed svoji roli hlavn\u011b p\u0159i sportu"}]},{"@type":"WebSite","@id":"https:\/\/regbu.com\/en\/#website","url":"https:\/\/regbu.com\/en\/","name":"REGBU.COM","description":"","potentialAction":[{"@type":"SearchAction","target":{"@type":"EntryPoint","urlTemplate":"https:\/\/regbu.com\/en\/?s={search_term_string}"},"query-input":{"@type":"PropertyValueSpecification","valueRequired":true,"valueName":"search_term_string"}}],"inLanguage":"es"},{"@type":"Person","@id":"https:\/\/regbu.com\/en\/#\/schema\/person\/94ea9deda2629771b8a9ced002f6784e","name":"George Martin","url":"https:\/\/regbu.com\/es\/author\/george-martin\/"},{"@type":"Question","@id":"https:\/\/regbu.com\/es\/ropa-funcional-principalmente-deportiva\/#faq-question-1690558687776","position":1,"url":"https:\/\/regbu.com\/es\/ropa-funcional-principalmente-deportiva\/#faq-question-1690558687776","name":"\u00bfQu\u00e9 capa debe llevar la ropa interior funcional?","answerCount":1,"acceptedAnswer":{"@type":"Answer","text":"Z logiky v\u011bci je to termoizola\u010dn\u00ed vrstva, kter\u00e1 V\u00e1s bude udr\u017eovat v teple a chr\u00e1nit p\u0159ed zimou.","inLanguage":"es"},"inLanguage":"es"},{"@type":"Question","@id":"https:\/\/regbu.com\/es\/ropa-funcional-principalmente-deportiva\/#faq-question-1690558694989","position":2,"url":"https:\/\/regbu.com\/es\/ropa-funcional-principalmente-deportiva\/#faq-question-1690558694989","name":"\u00bfQu\u00e9 tal una tercera capa de ropa?","answerCount":1,"acceptedAnswer":{"@type":"Answer","text":"Na termoizola\u010dn\u00ed vrstvu si obl\u00e9kn\u011bte tu ochranou p\u0159ed nevl\u00eddn\u00fdm po\u010das\u00edm a vlhkost\u00ed.","inLanguage":"es"},"inLanguage":"es"},{"@type":"Question","@id":"https:\/\/regbu.com\/es\/ropa-funcional-principalmente-deportiva\/#faq-question-1690558701441","position":3,"url":"https:\/\/regbu.com\/es\/ropa-funcional-principalmente-deportiva\/#faq-question-1690558701441","name":"\u00bfCu\u00e1les son las ventajas de los materiales sint\u00e9ticos?","answerCount":1,"acceptedAnswer":{"@type":"Answer","text":"Nesaj\u00ed pot a rychle schnou. Jejich nejv\u011bt\u0161\u00ed kouzlo spo\u010d\u00edv\u00e1 v rychl\u00e9m odvodu potu od t\u011bla pry\u010d a v udr\u017een\u00ed vhodn\u00e9 teploty.","inLanguage":"es"},"inLanguage":"es"},{"@type":"Question","@id":"https:\/\/regbu.com\/es\/ropa-funcional-principalmente-deportiva\/#faq-question-1690558708526","position":4,"url":"https:\/\/regbu.com\/es\/ropa-funcional-principalmente-deportiva\/#faq-question-1690558708526","name":"\u00bfQu\u00e9 distingue a los materiales naturales?","answerCount":1,"acceptedAnswer":{"@type":"Answer","text":"Ty se prim\u00e1rn\u011b poj\u00ed s dokonalou termoregulac\u00ed. I kdy\u017e bude takov\u00e9 funk\u010dn\u00ed pr\u00e1dlo vlhk\u00e9, st\u00e1le h\u0159eje.","inLanguage":"es"},"inLanguage":"es"},{"@type":"Question","@id":"https:\/\/regbu.com\/es\/ropa-funcional-principalmente-deportiva\/#faq-question-1690558715778","position":5,"url":"https:\/\/regbu.com\/es\/ropa-funcional-principalmente-deportiva\/#faq-question-1690558715778","name":"\u00bfC\u00f3mo cuidar la ropa interior funcional?","answerCount":1,"acceptedAnswer":{"@type":"Answer","text":"Podle stavu pou\u017eit\u00ed ho pravideln\u011b perte. Nezapom\u00ednejte na to, \u017ee teplota v pra\u010dce by nem\u011bla p\u0159es\u00e1hnout 40 \u00b0C, pop\u0159\u00edpad\u011b zvolte speci\u00e1ln\u00ed a \u0161etrn\u00fd re\u017eim pran\u00ed.","inLanguage":"es"},"inLanguage":"es"}]}},"_links":{"self":[{"href":"https:\/\/regbu.com\/es\/wp-json\/wp\/v2\/posts\/1303","targetHints":{"allow":["GET"]}}],"collection":[{"href":"https:\/\/regbu.com\/es\/wp-json\/wp\/v2\/posts"}],"about":[{"href":"https:\/\/regbu.com\/es\/wp-json\/wp\/v2\/types\/post"}],"author":[{"embeddable":true,"href":"https:\/\/regbu.com\/es\/wp-json\/wp\/v2\/users\/2"}],"replies":[{"embeddable":true,"href":"https:\/\/regbu.com\/es\/wp-json\/wp\/v2\/comments?post=1303"}],"version-history":[{"count":4,"href":"https:\/\/regbu.com\/es\/wp-json\/wp\/v2\/posts\/1303\/revisions"}],"predecessor-version":[{"id":1309,"href":"https:\/\/regbu.com\/es\/wp-json\/wp\/v2\/posts\/1303\/revisions\/1309"}],"wp:featuredmedia":[{"embeddable":true,"href":"https:\/\/regbu.com\/es\/wp-json\/wp\/v2\/media\/1304"}],"wp:attachment":[{"href":"https:\/\/regbu.com\/es\/wp-json\/wp\/v2\/media?parent=1303"}],"wp:term":[{"taxonomy":"category","embeddable":true,"href":"https:\/\/regbu.com\/es\/wp-json\/wp\/v2\/categories?post=1303"},{"taxonomy":"post_tag","embeddable":true,"href":"https:\/\/regbu.com\/es\/wp-json\/wp\/v2\/tags?post=1303"}],"curies":[{"name":"wp","href":"https:\/\/api.w.org\/{rel}","templated":true}]}}