{"id":1277,"date":"2023-07-26T07:56:04","date_gmt":"2023-07-26T05:56:04","guid":{"rendered":"https:\/\/regbu.com\/?p=1277"},"modified":"2025-09-05T07:40:25","modified_gmt":"2025-09-05T05:40:25","slug":"povinne-ockovani-jemuz-se-deti-nevyhnou","status":"publish","type":"post","link":"https:\/\/regbu.com\/es\/embarque-obligatorio-si-los-ninos-no-salen\/","title":{"rendered":"Vacunas obligatorias que los ni\u00f1os no pueden evitar"},"content":{"rendered":"<p>La vacunaci\u00f3n obligatoria nos espera a cada uno de nosotros a lo largo de nuestra vida. Pensamos ahora en la vacunaci\u00f3n en la infancia, sobre la que realmente no podemos decidir. Este acto se rige por el decreto correspondiente. Es cierto que cada pa\u00eds lo tiene un poco diferente. Sin embargo, hay muchas similitudes. La vacunaci\u00f3n al principio de todo es en realidad para\u00a0<strong><a href=\"https:\/\/regbu.com\/es\/refuerzo-del-sistema-inmunitario-en-la-practica\/\">reforzar el sistema inmunitario<\/a><\/strong>.<\/p>\n\n\n\n<ul class=\"wp-block-list\">\n<li>Vacunar desde una edad temprana<\/li>\n\n\n\n<li>Ni\u00f1os y adolescentes vacunados<\/li>\n\n\n\n<li>Las vacunaciones las realiza un m\u00e9dico generalista<\/li>\n<\/ul>\n\n\n\n<p>Si se centra en las vacunas obligatorias en la Rep\u00fablica Checa, encontrar\u00e1 un total de nueve tipos diferentes de vacunas. Algunas son obligatorias, otras son opcionales y voluntarias.<\/p>\n\n\n\n<h2 class=\"wp-block-heading\">Vacunas opcionales - Vacunas<\/h2>\n\n\n\n<p>La lista de vacunas opcionales incluye definitivamente <strong>enfermedades neumoc\u00f3cicas<\/strong>. En este caso, se utiliza una vacuna no viva. Para los ni\u00f1os mayores, existe la vacuna HVP. Suele administrarse en torno al decimotercer cumplea\u00f1os del ni\u00f1o. Este grupo de vacunas opcionales tambi\u00e9n incluye la enfermedad meningoc\u00f3cica. Incluso en estos casos, son los padres del ni\u00f1o quienes deciden la vacuna que debe administrarse.<\/p>\n\n\n\n<h3 class=\"wp-block-heading\">Vacunaci\u00f3n obligatoria - Preguntas y respuestas<\/h3>\n\n\n\n<p>Pero centr\u00e9monos ahora en las vacunas obligatorias para los ni\u00f1os peque\u00f1os. \u00c9stas son exigidas por la ley o el decreto correspondiente del pa\u00eds. Una de estas vacunas es <strong>hexavacuna<\/strong>. Si no sabe qu\u00e9 imaginarse, lea las siguientes l\u00edneas.<\/p>\n\n\n\n<div class=\"schema-faq wp-block-yoast-faq-block\"><div class=\"schema-faq-section\" id=\"faq-question-1690437377500\"><strong class=\"schema-faq-question\">\u00bfQu\u00e9 es una hexavacuna?<\/strong> <p class=\"schema-faq-answer\">Es una vacuna especial contra el t\u00e9tanos, la tos ferina, la difteria, la poliomielitis y la hepatitis v\u00edrica B.<\/p> <\/div> <div class=\"schema-faq-section\" id=\"faq-question-1690437384207\"><strong class=\"schema-faq-question\">\u00bfCu\u00e1ndo se administra la hexavacuna?<\/strong> <p class=\"schema-faq-answer\">Se aplica hacia el tercer mes de edad del ni\u00f1o.<\/p> <\/div> <div class=\"schema-faq-section\" id=\"faq-question-1690437391824\"><strong class=\"schema-faq-question\">\u00bfCu\u00e1ndo se administra la vacuna contra la rub\u00e9ola, las paperas y el sarampi\u00f3n?<\/strong> <p class=\"schema-faq-answer\">Esta vacuna obligatoria se administra entre el decimotercer y el decimoctavo mes de edad del ni\u00f1o.<\/p> <\/div> <div class=\"schema-faq-section\" id=\"faq-question-1690437399852\"><strong class=\"schema-faq-question\">\u00bfQu\u00e9 otras vacunas combinadas existen?<\/strong> <p class=\"schema-faq-answer\">Por ejemplo, la combinaci\u00f3n de difteria, tos ferina y t\u00e9tanos en el quinto a\u00f1o de edad del ni\u00f1o. La revacunaci\u00f3n posterior tiene lugar en el d\u00e9cimo a\u00f1o.<\/p> <\/div> <div class=\"schema-faq-section\" id=\"faq-question-1690437408632\"><strong class=\"schema-faq-question\">\u00bfQu\u00e9 otras vacunas est\u00e1n dirigidas a grupos espec\u00edficos de ni\u00f1os?<\/strong> <p class=\"schema-faq-answer\">Es la vacuna HEP B. Tambi\u00e9n, la vacuna contra la tuberculosis. Sin embargo, este tipo de vacunas son evaluadas por el m\u00e9dico de forma individual.<\/p> <\/div> <\/div>","protected":false},"excerpt":{"rendered":"<p>La vacunaci\u00f3n obligatoria nos espera a cada uno de nosotros a lo largo de nuestra vida. Pensamos ahora en la vacunaci\u00f3n en la infancia, sobre la que realmente no podemos decidir. Este acto se rige por el decreto correspondiente. Es cierto que cada pa\u00eds lo tiene un poco diferente. Sin embargo, hay muchas similitudes. La vacunaci\u00f3n, al principio de todo, sirve en realidad para reforzar ... <\/p>","protected":false},"author":2,"featured_media":1278,"comment_status":"closed","ping_status":"closed","sticky":false,"template":"","format":"standard","meta":{"footnotes":""},"categories":[197],"tags":[1538,1540,1537,1531,836,1536,901,1535,1541,1539],"class_list":["post-1277","post","type-post","status-publish","format-standard","has-post-thumbnail","hentry","category-lidske-zdravi","tag-cerny-kasel","tag-detska-obrna","tag-hexavakcina","tag-imunita","tag-imunitni-system","tag-nepovinne-ockovani","tag-ockovani","tag-povinne-ockovani","tag-vir","tag-zaskrt"],"yoast_head":"<!-- This site is optimized with the Yoast SEO plugin v27.5 - https:\/\/yoast.com\/product\/yoast-seo-wordpress\/ -->\n<title>Povinn\u00e9 o\u010dkov\u00e1n\u00ed, jemu\u017e se d\u011bti nevyhnou - REGBU.COM<\/title>\n<meta name=\"description\" content=\"V\u00edte, jak\u00e9 povinn\u00e9 o\u010dkov\u00e1n\u00ed je d\u016fle\u017eit\u00e9 pro Va\u0161e d\u00edt\u011b? Sezn\u00e1m\u00edme V\u00e1s s t\u011bmi nej\u010dast\u011bj\u0161\u00edmi i s t\u011bmi nepovinn\u00fdmi.\" \/>\n<meta name=\"robots\" content=\"index, follow, max-snippet:-1, max-image-preview:large, max-video-preview:-1\" \/>\n<link rel=\"canonical\" href=\"https:\/\/regbu.com\/es\/embarque-obligatorio-si-los-ninos-no-salen\/\" \/>\n<meta property=\"og:locale\" content=\"es_ES\" \/>\n<meta property=\"og:type\" content=\"article\" \/>\n<meta property=\"og:title\" content=\"Povinn\u00e9 o\u010dkov\u00e1n\u00ed, jemu\u017e se d\u011bti nevyhnou - REGBU.COM\" \/>\n<meta property=\"og:description\" content=\"V\u00edte, jak\u00e9 povinn\u00e9 o\u010dkov\u00e1n\u00ed je d\u016fle\u017eit\u00e9 pro Va\u0161e d\u00edt\u011b? Sezn\u00e1m\u00edme V\u00e1s s t\u011bmi nej\u010dast\u011bj\u0161\u00edmi i s t\u011bmi nepovinn\u00fdmi.\" \/>\n<meta property=\"og:url\" content=\"https:\/\/regbu.com\/es\/embarque-obligatorio-si-los-ninos-no-salen\/\" \/>\n<meta property=\"og:site_name\" content=\"REGBU.COM\" \/>\n<meta property=\"article:published_time\" content=\"2023-07-26T05:56:04+00:00\" \/>\n<meta property=\"article:modified_time\" content=\"2025-09-05T05:40:25+00:00\" \/>\n<meta property=\"og:image\" content=\"https:\/\/regbu.com\/wp-content\/uploads\/2023\/07\/povinne-ockovani-jemuz-se-deti-nevyhnou.jpg\" \/>\n\t<meta property=\"og:image:width\" content=\"1200\" \/>\n\t<meta property=\"og:image:height\" content=\"678\" \/>\n\t<meta property=\"og:image:type\" content=\"image\/jpeg\" \/>\n<meta name=\"author\" content=\"George Martin\" \/>\n<meta name=\"twitter:card\" content=\"summary_large_image\" \/>\n<meta name=\"twitter:label1\" content=\"Escrito por\" \/>\n\t<meta name=\"twitter:data1\" content=\"George Martin\" \/>\n\t<meta name=\"twitter:label2\" content=\"Tiempo de lectura\" \/>\n\t<meta name=\"twitter:data2\" content=\"2 minutos\" \/>\n<script type=\"application\/ld+json\" class=\"yoast-schema-graph\">{\"@context\":\"https:\\\/\\\/schema.org\",\"@graph\":[{\"@type\":\"Article\",\"@id\":\"https:\\\/\\\/regbu.com\\\/es\\\/embarque-obligatorio-si-los-ninos-no-salen\\\/#article\",\"isPartOf\":{\"@id\":\"https:\\\/\\\/regbu.com\\\/es\\\/embarque-obligatorio-si-los-ninos-no-salen\\\/\"},\"author\":{\"name\":\"George Martin\",\"@id\":\"https:\\\/\\\/regbu.com\\\/en\\\/#\\\/schema\\\/person\\\/94ea9deda2629771b8a9ced002f6784e\"},\"headline\":\"Povinn\u00e9 o\u010dkov\u00e1n\u00ed, jemu\u017e se d\u011bti nevyhnou\",\"datePublished\":\"2023-07-26T05:56:04+00:00\",\"dateModified\":\"2025-09-05T05:40:25+00:00\",\"mainEntityOfPage\":{\"@id\":\"https:\\\/\\\/regbu.com\\\/es\\\/embarque-obligatorio-si-los-ninos-no-salen\\\/\"},\"wordCount\":492,\"image\":{\"@id\":\"https:\\\/\\\/regbu.com\\\/es\\\/embarque-obligatorio-si-los-ninos-no-salen\\\/#primaryimage\"},\"thumbnailUrl\":\"https:\\\/\\\/regbu.com\\\/wp-content\\\/uploads\\\/2023\\\/07\\\/povinne-ockovani-jemuz-se-deti-nevyhnou.jpg\",\"keywords\":[\"\u010dern\u00fd ka\u0161el\",\"d\u011btsk\u00e1 obrna\",\"hexavakc\u00edna\",\"imunita\",\"imunitn\u00ed syst\u00e9m\",\"nepovinn\u00e9 o\u010dkov\u00e1n\u00ed\",\"o\u010dkov\u00e1n\u00ed\",\"povinn\u00e9 o\u010dkov\u00e1n\u00ed\",\"vir\",\"z\u00e1\u0161krt\"],\"articleSection\":[\"Lidsk\u00e9 Zdrav\u00ed\"],\"inLanguage\":\"es\"},{\"@type\":[\"WebPage\",\"FAQPage\"],\"@id\":\"https:\\\/\\\/regbu.com\\\/es\\\/embarque-obligatorio-si-los-ninos-no-salen\\\/\",\"url\":\"https:\\\/\\\/regbu.com\\\/es\\\/embarque-obligatorio-si-los-ninos-no-salen\\\/\",\"name\":\"Povinn\u00e9 o\u010dkov\u00e1n\u00ed, jemu\u017e se d\u011bti nevyhnou - REGBU.COM\",\"isPartOf\":{\"@id\":\"https:\\\/\\\/regbu.com\\\/en\\\/#website\"},\"primaryImageOfPage\":{\"@id\":\"https:\\\/\\\/regbu.com\\\/es\\\/embarque-obligatorio-si-los-ninos-no-salen\\\/#primaryimage\"},\"image\":{\"@id\":\"https:\\\/\\\/regbu.com\\\/es\\\/embarque-obligatorio-si-los-ninos-no-salen\\\/#primaryimage\"},\"thumbnailUrl\":\"https:\\\/\\\/regbu.com\\\/wp-content\\\/uploads\\\/2023\\\/07\\\/povinne-ockovani-jemuz-se-deti-nevyhnou.jpg\",\"datePublished\":\"2023-07-26T05:56:04+00:00\",\"dateModified\":\"2025-09-05T05:40:25+00:00\",\"author\":{\"@id\":\"https:\\\/\\\/regbu.com\\\/en\\\/#\\\/schema\\\/person\\\/94ea9deda2629771b8a9ced002f6784e\"},\"description\":\"V\u00edte, jak\u00e9 povinn\u00e9 o\u010dkov\u00e1n\u00ed je d\u016fle\u017eit\u00e9 pro Va\u0161e d\u00edt\u011b? Sezn\u00e1m\u00edme V\u00e1s s t\u011bmi nej\u010dast\u011bj\u0161\u00edmi i s t\u011bmi nepovinn\u00fdmi.\",\"breadcrumb\":{\"@id\":\"https:\\\/\\\/regbu.com\\\/es\\\/embarque-obligatorio-si-los-ninos-no-salen\\\/#breadcrumb\"},\"mainEntity\":[{\"@id\":\"https:\\\/\\\/regbu.com\\\/es\\\/embarque-obligatorio-si-los-ninos-no-salen\\\/#faq-question-1690437377500\"},{\"@id\":\"https:\\\/\\\/regbu.com\\\/es\\\/embarque-obligatorio-si-los-ninos-no-salen\\\/#faq-question-1690437384207\"},{\"@id\":\"https:\\\/\\\/regbu.com\\\/es\\\/embarque-obligatorio-si-los-ninos-no-salen\\\/#faq-question-1690437391824\"},{\"@id\":\"https:\\\/\\\/regbu.com\\\/es\\\/embarque-obligatorio-si-los-ninos-no-salen\\\/#faq-question-1690437399852\"},{\"@id\":\"https:\\\/\\\/regbu.com\\\/es\\\/embarque-obligatorio-si-los-ninos-no-salen\\\/#faq-question-1690437408632\"}],\"inLanguage\":\"es\",\"potentialAction\":[{\"@type\":\"ReadAction\",\"target\":[\"https:\\\/\\\/regbu.com\\\/es\\\/embarque-obligatorio-si-los-ninos-no-salen\\\/\"]}]},{\"@type\":\"ImageObject\",\"inLanguage\":\"es\",\"@id\":\"https:\\\/\\\/regbu.com\\\/es\\\/embarque-obligatorio-si-los-ninos-no-salen\\\/#primaryimage\",\"url\":\"https:\\\/\\\/regbu.com\\\/wp-content\\\/uploads\\\/2023\\\/07\\\/povinne-ockovani-jemuz-se-deti-nevyhnou.jpg\",\"contentUrl\":\"https:\\\/\\\/regbu.com\\\/wp-content\\\/uploads\\\/2023\\\/07\\\/povinne-ockovani-jemuz-se-deti-nevyhnou.jpg\",\"width\":1200,\"height\":678,\"caption\":\"Povinn\u00e9 o\u010dkov\u00e1n\u00ed, jemu\u017e se d\u011bti nevyhnou\"},{\"@type\":\"BreadcrumbList\",\"@id\":\"https:\\\/\\\/regbu.com\\\/es\\\/embarque-obligatorio-si-los-ninos-no-salen\\\/#breadcrumb\",\"itemListElement\":[{\"@type\":\"ListItem\",\"position\":1,\"name\":\"Home\",\"item\":\"https:\\\/\\\/regbu.com\\\/en\\\/\"},{\"@type\":\"ListItem\",\"position\":2,\"name\":\"Povinn\u00e9 o\u010dkov\u00e1n\u00ed, jemu\u017e se d\u011bti nevyhnou\"}]},{\"@type\":\"WebSite\",\"@id\":\"https:\\\/\\\/regbu.com\\\/en\\\/#website\",\"url\":\"https:\\\/\\\/regbu.com\\\/en\\\/\",\"name\":\"REGBU.COM\",\"description\":\"\",\"potentialAction\":[{\"@type\":\"SearchAction\",\"target\":{\"@type\":\"EntryPoint\",\"urlTemplate\":\"https:\\\/\\\/regbu.com\\\/en\\\/?s={search_term_string}\"},\"query-input\":{\"@type\":\"PropertyValueSpecification\",\"valueRequired\":true,\"valueName\":\"search_term_string\"}}],\"inLanguage\":\"es\"},{\"@type\":\"Person\",\"@id\":\"https:\\\/\\\/regbu.com\\\/en\\\/#\\\/schema\\\/person\\\/94ea9deda2629771b8a9ced002f6784e\",\"name\":\"George Martin\",\"url\":\"https:\\\/\\\/regbu.com\\\/es\\\/author\\\/george-martin\\\/\"},{\"@type\":\"Question\",\"@id\":\"https:\\\/\\\/regbu.com\\\/es\\\/embarque-obligatorio-si-los-ninos-no-salen\\\/#faq-question-1690437377500\",\"position\":1,\"url\":\"https:\\\/\\\/regbu.com\\\/es\\\/embarque-obligatorio-si-los-ninos-no-salen\\\/#faq-question-1690437377500\",\"name\":\"Co je to hexavakc\u00edna?\",\"answerCount\":1,\"acceptedAnswer\":{\"@type\":\"Answer\",\"text\":\"Jde o speci\u00e1ln\u00ed vakc\u00ednu ur\u010denou proti tetanu, \u010dern\u00e9mu ka\u0161lu, z\u00e1\u0161krtu, d\u011btsk\u00e9 obrn\u011b a virov\u00e9 hepatitid\u011b skupiny B.\",\"inLanguage\":\"es\"},\"inLanguage\":\"es\"},{\"@type\":\"Question\",\"@id\":\"https:\\\/\\\/regbu.com\\\/es\\\/embarque-obligatorio-si-los-ninos-no-salen\\\/#faq-question-1690437384207\",\"position\":2,\"url\":\"https:\\\/\\\/regbu.com\\\/es\\\/embarque-obligatorio-si-los-ninos-no-salen\\\/#faq-question-1690437384207\",\"name\":\"Kdy se pod\u00e1v\u00e1 hexavakc\u00edna?\",\"answerCount\":1,\"acceptedAnswer\":{\"@type\":\"Answer\",\"text\":\"Aplikuje se zhruba ve t\u0159et\u00edm m\u011bs\u00edci v\u011bku d\u00edt\u011bte.\",\"inLanguage\":\"es\"},\"inLanguage\":\"es\"},{\"@type\":\"Question\",\"@id\":\"https:\\\/\\\/regbu.com\\\/es\\\/embarque-obligatorio-si-los-ninos-no-salen\\\/#faq-question-1690437391824\",\"position\":3,\"url\":\"https:\\\/\\\/regbu.com\\\/es\\\/embarque-obligatorio-si-los-ninos-no-salen\\\/#faq-question-1690437391824\",\"name\":\"Kdy se pod\u00e1v\u00e1 vakc\u00edna proti zard\u011bnk\u00e1m, p\u0159\u00edu\u0161nic\u00edm a spalni\u010dk\u00e1m?\",\"answerCount\":1,\"acceptedAnswer\":{\"@type\":\"Answer\",\"text\":\"Toto povinn\u00e9 o\u010dkov\u00e1n\u00ed je aplikov\u00e1no mezi t\u0159in\u00e1ct\u00fdm a osmn\u00e1ct\u00fdm m\u011bs\u00edcem v\u011bku d\u00edt\u011bte.\",\"inLanguage\":\"es\"},\"inLanguage\":\"es\"},{\"@type\":\"Question\",\"@id\":\"https:\\\/\\\/regbu.com\\\/es\\\/embarque-obligatorio-si-los-ninos-no-salen\\\/#faq-question-1690437399852\",\"position\":4,\"url\":\"https:\\\/\\\/regbu.com\\\/es\\\/embarque-obligatorio-si-los-ninos-no-salen\\\/#faq-question-1690437399852\",\"name\":\"Jak\u00e9 jin\u00e9 kombinovan\u00e9 vakc\u00edny je\u0161t\u011b existuj\u00ed?\",\"answerCount\":1,\"acceptedAnswer\":{\"@type\":\"Answer\",\"text\":\"Jmenovat lze nap\u0159\u00edklad kombinaci z\u00e1\u0161krtu, \u010dern\u00e9ho ka\u0161le a tetanu v p\u00e1t\u00e9m roce v\u011bku d\u00edt\u011bte. N\u00e1sledn\u00e9 p\u0159eo\u010dkov\u00e1n\u00ed prob\u00edh\u00e1 je\u0161t\u011b v des\u00e1t\u00e9m roce.\",\"inLanguage\":\"es\"},\"inLanguage\":\"es\"},{\"@type\":\"Question\",\"@id\":\"https:\\\/\\\/regbu.com\\\/es\\\/embarque-obligatorio-si-los-ninos-no-salen\\\/#faq-question-1690437408632\",\"position\":5,\"url\":\"https:\\\/\\\/regbu.com\\\/es\\\/embarque-obligatorio-si-los-ninos-no-salen\\\/#faq-question-1690437408632\",\"name\":\"Jak\u00e1 jsou dal\u0161\u00ed o\u010dkov\u00e1n\u00ed zam\u011b\u0159en\u00e1 na ur\u010dit\u00e9 skupiny d\u011bt\u00ed?\",\"answerCount\":1,\"acceptedAnswer\":{\"@type\":\"Answer\",\"text\":\"Je to o\u010dkov\u00e1n\u00ed proti HEP B. D\u00e1le tak\u00e9 o\u010dkov\u00e1n\u00ed proti tuberkul\u00f3ze. Tyto typy o\u010dkov\u00e1n\u00ed v\u0161ak posuzuje l\u00e9ka\u0159 individu\u00e1ln\u011b.\",\"inLanguage\":\"es\"},\"inLanguage\":\"es\"}]}<\/script>\n<!-- \/ Yoast SEO plugin. -->","yoast_head_json":{"title":"Vacunas obligatorias que los ni\u00f1os no pueden evitar - REGBU.COM","description":"\u00bfSabe qu\u00e9 vacunas obligatorias son importantes para su hijo? Te presentamos las m\u00e1s comunes y las opcionales.","robots":{"index":"index","follow":"follow","max-snippet":"max-snippet:-1","max-image-preview":"max-image-preview:large","max-video-preview":"max-video-preview:-1"},"canonical":"https:\/\/regbu.com\/es\/embarque-obligatorio-si-los-ninos-no-salen\/","og_locale":"es_ES","og_type":"article","og_title":"Povinn\u00e9 o\u010dkov\u00e1n\u00ed, jemu\u017e se d\u011bti nevyhnou - REGBU.COM","og_description":"V\u00edte, jak\u00e9 povinn\u00e9 o\u010dkov\u00e1n\u00ed je d\u016fle\u017eit\u00e9 pro Va\u0161e d\u00edt\u011b? Sezn\u00e1m\u00edme V\u00e1s s t\u011bmi nej\u010dast\u011bj\u0161\u00edmi i s t\u011bmi nepovinn\u00fdmi.","og_url":"https:\/\/regbu.com\/es\/embarque-obligatorio-si-los-ninos-no-salen\/","og_site_name":"REGBU.COM","article_published_time":"2023-07-26T05:56:04+00:00","article_modified_time":"2025-09-05T05:40:25+00:00","og_image":[{"width":1200,"height":678,"url":"https:\/\/regbu.com\/wp-content\/uploads\/2023\/07\/povinne-ockovani-jemuz-se-deti-nevyhnou.jpg","type":"image\/jpeg"}],"author":"George Martin","twitter_card":"summary_large_image","twitter_misc":{"Escrito por":"George Martin","Tiempo de lectura":"2 minutos"},"schema":{"@context":"https:\/\/schema.org","@graph":[{"@type":"Article","@id":"https:\/\/regbu.com\/es\/embarque-obligatorio-si-los-ninos-no-salen\/#article","isPartOf":{"@id":"https:\/\/regbu.com\/es\/embarque-obligatorio-si-los-ninos-no-salen\/"},"author":{"name":"George Martin","@id":"https:\/\/regbu.com\/en\/#\/schema\/person\/94ea9deda2629771b8a9ced002f6784e"},"headline":"Povinn\u00e9 o\u010dkov\u00e1n\u00ed, jemu\u017e se d\u011bti nevyhnou","datePublished":"2023-07-26T05:56:04+00:00","dateModified":"2025-09-05T05:40:25+00:00","mainEntityOfPage":{"@id":"https:\/\/regbu.com\/es\/embarque-obligatorio-si-los-ninos-no-salen\/"},"wordCount":492,"image":{"@id":"https:\/\/regbu.com\/es\/embarque-obligatorio-si-los-ninos-no-salen\/#primaryimage"},"thumbnailUrl":"https:\/\/regbu.com\/wp-content\/uploads\/2023\/07\/povinne-ockovani-jemuz-se-deti-nevyhnou.jpg","keywords":["\u010dern\u00fd ka\u0161el","d\u011btsk\u00e1 obrna","hexavakc\u00edna","imunita","imunitn\u00ed syst\u00e9m","nepovinn\u00e9 o\u010dkov\u00e1n\u00ed","o\u010dkov\u00e1n\u00ed","povinn\u00e9 o\u010dkov\u00e1n\u00ed","vir","z\u00e1\u0161krt"],"articleSection":["Lidsk\u00e9 Zdrav\u00ed"],"inLanguage":"es"},{"@type":["WebPage","FAQPage"],"@id":"https:\/\/regbu.com\/es\/embarque-obligatorio-si-los-ninos-no-salen\/","url":"https:\/\/regbu.com\/es\/embarque-obligatorio-si-los-ninos-no-salen\/","name":"Vacunas obligatorias que los ni\u00f1os no pueden evitar - REGBU.COM","isPartOf":{"@id":"https:\/\/regbu.com\/en\/#website"},"primaryImageOfPage":{"@id":"https:\/\/regbu.com\/es\/embarque-obligatorio-si-los-ninos-no-salen\/#primaryimage"},"image":{"@id":"https:\/\/regbu.com\/es\/embarque-obligatorio-si-los-ninos-no-salen\/#primaryimage"},"thumbnailUrl":"https:\/\/regbu.com\/wp-content\/uploads\/2023\/07\/povinne-ockovani-jemuz-se-deti-nevyhnou.jpg","datePublished":"2023-07-26T05:56:04+00:00","dateModified":"2025-09-05T05:40:25+00:00","author":{"@id":"https:\/\/regbu.com\/en\/#\/schema\/person\/94ea9deda2629771b8a9ced002f6784e"},"description":"\u00bfSabe qu\u00e9 vacunas obligatorias son importantes para su hijo? Te presentamos las m\u00e1s comunes y las opcionales.","breadcrumb":{"@id":"https:\/\/regbu.com\/es\/embarque-obligatorio-si-los-ninos-no-salen\/#breadcrumb"},"mainEntity":[{"@id":"https:\/\/regbu.com\/es\/embarque-obligatorio-si-los-ninos-no-salen\/#faq-question-1690437377500"},{"@id":"https:\/\/regbu.com\/es\/embarque-obligatorio-si-los-ninos-no-salen\/#faq-question-1690437384207"},{"@id":"https:\/\/regbu.com\/es\/embarque-obligatorio-si-los-ninos-no-salen\/#faq-question-1690437391824"},{"@id":"https:\/\/regbu.com\/es\/embarque-obligatorio-si-los-ninos-no-salen\/#faq-question-1690437399852"},{"@id":"https:\/\/regbu.com\/es\/embarque-obligatorio-si-los-ninos-no-salen\/#faq-question-1690437408632"}],"inLanguage":"es","potentialAction":[{"@type":"ReadAction","target":["https:\/\/regbu.com\/es\/embarque-obligatorio-si-los-ninos-no-salen\/"]}]},{"@type":"ImageObject","inLanguage":"es","@id":"https:\/\/regbu.com\/es\/embarque-obligatorio-si-los-ninos-no-salen\/#primaryimage","url":"https:\/\/regbu.com\/wp-content\/uploads\/2023\/07\/povinne-ockovani-jemuz-se-deti-nevyhnou.jpg","contentUrl":"https:\/\/regbu.com\/wp-content\/uploads\/2023\/07\/povinne-ockovani-jemuz-se-deti-nevyhnou.jpg","width":1200,"height":678,"caption":"Povinn\u00e9 o\u010dkov\u00e1n\u00ed, jemu\u017e se d\u011bti nevyhnou"},{"@type":"BreadcrumbList","@id":"https:\/\/regbu.com\/es\/embarque-obligatorio-si-los-ninos-no-salen\/#breadcrumb","itemListElement":[{"@type":"ListItem","position":1,"name":"Home","item":"https:\/\/regbu.com\/en\/"},{"@type":"ListItem","position":2,"name":"Povinn\u00e9 o\u010dkov\u00e1n\u00ed, jemu\u017e se d\u011bti nevyhnou"}]},{"@type":"WebSite","@id":"https:\/\/regbu.com\/en\/#website","url":"https:\/\/regbu.com\/en\/","name":"REGBU.COM","description":"","potentialAction":[{"@type":"SearchAction","target":{"@type":"EntryPoint","urlTemplate":"https:\/\/regbu.com\/en\/?s={search_term_string}"},"query-input":{"@type":"PropertyValueSpecification","valueRequired":true,"valueName":"search_term_string"}}],"inLanguage":"es"},{"@type":"Person","@id":"https:\/\/regbu.com\/en\/#\/schema\/person\/94ea9deda2629771b8a9ced002f6784e","name":"George Martin","url":"https:\/\/regbu.com\/es\/author\/george-martin\/"},{"@type":"Question","@id":"https:\/\/regbu.com\/es\/embarque-obligatorio-si-los-ninos-no-salen\/#faq-question-1690437377500","position":1,"url":"https:\/\/regbu.com\/es\/embarque-obligatorio-si-los-ninos-no-salen\/#faq-question-1690437377500","name":"\u00bfQu\u00e9 es una hexavacuna?","answerCount":1,"acceptedAnswer":{"@type":"Answer","text":"Jde o speci\u00e1ln\u00ed vakc\u00ednu ur\u010denou proti tetanu, \u010dern\u00e9mu ka\u0161lu, z\u00e1\u0161krtu, d\u011btsk\u00e9 obrn\u011b a virov\u00e9 hepatitid\u011b skupiny B.","inLanguage":"es"},"inLanguage":"es"},{"@type":"Question","@id":"https:\/\/regbu.com\/es\/embarque-obligatorio-si-los-ninos-no-salen\/#faq-question-1690437384207","position":2,"url":"https:\/\/regbu.com\/es\/embarque-obligatorio-si-los-ninos-no-salen\/#faq-question-1690437384207","name":"\u00bfCu\u00e1ndo se administra la hexavacuna?","answerCount":1,"acceptedAnswer":{"@type":"Answer","text":"Aplikuje se zhruba ve t\u0159et\u00edm m\u011bs\u00edci v\u011bku d\u00edt\u011bte.","inLanguage":"es"},"inLanguage":"es"},{"@type":"Question","@id":"https:\/\/regbu.com\/es\/embarque-obligatorio-si-los-ninos-no-salen\/#faq-question-1690437391824","position":3,"url":"https:\/\/regbu.com\/es\/embarque-obligatorio-si-los-ninos-no-salen\/#faq-question-1690437391824","name":"\u00bfCu\u00e1ndo se administra la vacuna contra la rub\u00e9ola, las paperas y el sarampi\u00f3n?","answerCount":1,"acceptedAnswer":{"@type":"Answer","text":"Toto povinn\u00e9 o\u010dkov\u00e1n\u00ed je aplikov\u00e1no mezi t\u0159in\u00e1ct\u00fdm a osmn\u00e1ct\u00fdm m\u011bs\u00edcem v\u011bku d\u00edt\u011bte.","inLanguage":"es"},"inLanguage":"es"},{"@type":"Question","@id":"https:\/\/regbu.com\/es\/embarque-obligatorio-si-los-ninos-no-salen\/#faq-question-1690437399852","position":4,"url":"https:\/\/regbu.com\/es\/embarque-obligatorio-si-los-ninos-no-salen\/#faq-question-1690437399852","name":"\u00bfQu\u00e9 otras vacunas combinadas existen?","answerCount":1,"acceptedAnswer":{"@type":"Answer","text":"Jmenovat lze nap\u0159\u00edklad kombinaci z\u00e1\u0161krtu, \u010dern\u00e9ho ka\u0161le a tetanu v p\u00e1t\u00e9m roce v\u011bku d\u00edt\u011bte. N\u00e1sledn\u00e9 p\u0159eo\u010dkov\u00e1n\u00ed prob\u00edh\u00e1 je\u0161t\u011b v des\u00e1t\u00e9m roce.","inLanguage":"es"},"inLanguage":"es"},{"@type":"Question","@id":"https:\/\/regbu.com\/es\/embarque-obligatorio-si-los-ninos-no-salen\/#faq-question-1690437408632","position":5,"url":"https:\/\/regbu.com\/es\/embarque-obligatorio-si-los-ninos-no-salen\/#faq-question-1690437408632","name":"\u00bfQu\u00e9 otras vacunas est\u00e1n dirigidas a grupos espec\u00edficos de ni\u00f1os?","answerCount":1,"acceptedAnswer":{"@type":"Answer","text":"Je to o\u010dkov\u00e1n\u00ed proti HEP B. D\u00e1le tak\u00e9 o\u010dkov\u00e1n\u00ed proti tuberkul\u00f3ze. Tyto typy o\u010dkov\u00e1n\u00ed v\u0161ak posuzuje l\u00e9ka\u0159 individu\u00e1ln\u011b.","inLanguage":"es"},"inLanguage":"es"}]}},"_links":{"self":[{"href":"https:\/\/regbu.com\/es\/wp-json\/wp\/v2\/posts\/1277","targetHints":{"allow":["GET"]}}],"collection":[{"href":"https:\/\/regbu.com\/es\/wp-json\/wp\/v2\/posts"}],"about":[{"href":"https:\/\/regbu.com\/es\/wp-json\/wp\/v2\/types\/post"}],"author":[{"embeddable":true,"href":"https:\/\/regbu.com\/es\/wp-json\/wp\/v2\/users\/2"}],"replies":[{"embeddable":true,"href":"https:\/\/regbu.com\/es\/wp-json\/wp\/v2\/comments?post=1277"}],"version-history":[{"count":2,"href":"https:\/\/regbu.com\/es\/wp-json\/wp\/v2\/posts\/1277\/revisions"}],"predecessor-version":[{"id":1295,"href":"https:\/\/regbu.com\/es\/wp-json\/wp\/v2\/posts\/1277\/revisions\/1295"}],"wp:featuredmedia":[{"embeddable":true,"href":"https:\/\/regbu.com\/es\/wp-json\/wp\/v2\/media\/1278"}],"wp:attachment":[{"href":"https:\/\/regbu.com\/es\/wp-json\/wp\/v2\/media?parent=1277"}],"wp:term":[{"taxonomy":"category","embeddable":true,"href":"https:\/\/regbu.com\/es\/wp-json\/wp\/v2\/categories?post=1277"},{"taxonomy":"post_tag","embeddable":true,"href":"https:\/\/regbu.com\/es\/wp-json\/wp\/v2\/tags?post=1277"}],"curies":[{"name":"wp","href":"https:\/\/api.w.org\/{rel}","templated":true}]}}