{"id":1221,"date":"2023-07-23T15:59:52","date_gmt":"2023-07-23T13:59:52","guid":{"rendered":"https:\/\/regbu.com\/?p=1221"},"modified":"2025-09-05T07:40:49","modified_gmt":"2025-09-05T05:40:49","slug":"pansky-opasek-musi-byt-spravne-dlouhy","status":"publish","type":"post","link":"https:\/\/regbu.com\/es\/el-cinturon-del-hombre-debe-ser-del-largo-propio\/","title":{"rendered":"El cintur\u00f3n masculino debe tener la longitud adecuada"},"content":{"rendered":"<p>Un cintur\u00f3n de hombre es una parte popular de los pantalones de los hombres, as\u00ed como, por ejemplo <strong><a href=\"https:\/\/regbu.com\/es\/sudaderas-para-mujer-que-se-pueden-usar-de-muchas-maneras\/\">bufandas para mujer<\/a><\/strong> para los vestidos de verano. Algunos podr\u00edan pensar que la elecci\u00f3n del cintur\u00f3n no es muy crucial, pero es todo lo contrario. Esto es doblemente cierto con la ropa formal, donde se reconoce visiblemente este elemento.<\/p>\n\n\n\n<ul class=\"wp-block-list\">\n<li>Uso pr\u00e1ctico<\/li>\n\n\n\n<li>Uso est\u00e9tico<\/li>\n<\/ul>\n\n\n\n<p>A la hora de elegir un cintur\u00f3n para hombre, debe tener en cuenta varios par\u00e1metros importantes. Sin duda, ser\u00e1 la elecci\u00f3n del material de fabricaci\u00f3n del cintur\u00f3n. Su otra parte esencial es <strong>hebilla<\/strong>. Por \u00faltimo, no olvide la longitud correcta.<\/p>\n\n\n\n<h2 class=\"wp-block-heading\">Tratamiento del material seg\u00fan la ocasi\u00f3n<\/h2>\n\n\n\n<p>Probablemente no necesitemos explicar una cosa crucial a ninguno de nuestros lectores. Cuanto m\u00e1s formal sea el acto social, m\u00e1s formal ser\u00e1 la elecci\u00f3n del cintur\u00f3n. Y, por tanto, el material utilizado. Un cintur\u00f3n de caballero para una sociedad m\u00e1s glamurosa debe ser <strong>de piel sint\u00e9tica<\/strong>. Es una apuesta segura. Lo contrario son las reuniones menos formales, en las que se puede apostar por un atuendo informal. Es entonces cuando los cinturones de ante o incluso de tela cobran todo su sentido.<\/p>\n\n\n\n<h3 class=\"wp-block-heading\">Cintur\u00f3n masculino - Preguntas y respuestas<\/h3>\n\n\n\n<p>Sin embargo, la selecci\u00f3n de un nuevo cintur\u00f3n para hombre no termina con la informaci\u00f3n anterior, sino que empieza. Aseg\u00farese de <em>varios personajes diferentes<\/em> <em>correas<\/em> dependiendo de los c\u00edrculos sociales que frecuente. Las l\u00edneas que siguen pueden ayudarle en este sentido.<\/p>\n\n\n\n<div class=\"schema-faq wp-block-yoast-faq-block\"><div class=\"schema-faq-section\" id=\"faq-question-1690207207819\"><strong class=\"schema-faq-question\">\u00bfQu\u00e9 color de cintur\u00f3n debo elegir?<\/strong> <p class=\"schema-faq-answer\">El color del cintur\u00f3n de caballero debe ir a juego con los dem\u00e1s accesorios de cuero de su atuendo. Un ejemplo t\u00edpico es un color similar para los zapatos de vestir.<\/p> <\/div> <div class=\"schema-faq-section\" id=\"faq-question-1690207213888\"><strong class=\"schema-faq-question\">\u00bfY el color de la hebilla del cintur\u00f3n?<\/strong> <p class=\"schema-faq-answer\">Cuidado con la hebilla. Su color debe ser id\u00e9ntico al de otros accesorios en forma de correas de reloj met\u00e1licas, cadenas y pulseras.<\/p> <\/div> <div class=\"schema-faq-section\" id=\"faq-question-1690207221535\"><strong class=\"schema-faq-question\">\u00bfC\u00f3mo perforar el cintur\u00f3n original?<\/strong> <p class=\"schema-faq-answer\">Combina su inusual color con una camisa monocrom\u00e1tica y unos pantalones lisos.<\/p> <\/div> <div class=\"schema-faq-section\" id=\"faq-question-1690207229724\"><strong class=\"schema-faq-question\">\u00bfCu\u00e1l debe ser la longitud del cintur\u00f3n?<\/strong> <p class=\"schema-faq-answer\">Lo justo. Puedes llegar a los valores correctos midiendo la circunferencia de tu cintura. El cintur\u00f3n suele ser un poco m\u00e1s largo que la circunferencia para que puedas introducirlo en el ojo del pantal\u00f3n. Cuidado con un cintur\u00f3n demasiado largo, que puede quedar flojo.<\/p> <\/div> <div class=\"schema-faq-section\" id=\"faq-question-1690207236250\"><strong class=\"schema-faq-question\">\u00bfQu\u00e9 hay que tener en cuenta al llevar cintur\u00f3n?<\/strong> <p class=\"schema-faq-answer\">No subestimes su estrechamiento. Un tensado excesivo acent\u00faa un vientre m\u00e1s grande.<\/p> <\/div> <\/div>","protected":false},"excerpt":{"rendered":"<p>El cintur\u00f3n de caballero es una parte muy solicitada de los pantalones masculinos, igual que los pa\u00f1uelos de las mujeres con los vestidos de verano. Algunos podr\u00edan pensar que la elecci\u00f3n del cintur\u00f3n no es muy crucial, pero es todo lo contrario. Esto es doblemente cierto con la ropa formal, donde se reconoce visiblemente este elemento. A la hora de elegir un cintur\u00f3n masculino, hay que tener en cuenta varios ... <\/p>","protected":false},"author":2,"featured_media":1222,"comment_status":"closed","ping_status":"closed","sticky":false,"template":"","format":"standard","meta":{"footnotes":""},"categories":[671],"tags":[740,1428,697,1430,1429,1411,1426,1425,1409,1427],"class_list":["post-1221","post","type-post","status-publish","format-standard","has-post-thumbnail","hentry","category-moda","tag-barva","tag-barva-opasku","tag-casual","tag-delka","tag-delka-opasku","tag-kuze","tag-opasek","tag-pansky-opasek","tag-pasek","tag-spona"],"yoast_head":"<!-- This site is optimized with the Yoast SEO plugin v27.5 - https:\/\/yoast.com\/product\/yoast-seo-wordpress\/ -->\n<title>P\u00e1nsk\u00fd opasek mus\u00ed b\u00fdt spr\u00e1vn\u011b dlouh\u00fd - REGBU.COM<\/title>\n<meta name=\"description\" content=\"Vsa\u010fte na ten spr\u00e1vn\u00fd p\u00e1nsk\u00fd opasek vhodn\u00fd pro konkr\u00e9tn\u00ed spole\u010denskou ud\u00e1lost. Prozrad\u00edme V\u00e1m, jak ho vybrat.\" \/>\n<meta name=\"robots\" content=\"index, follow, max-snippet:-1, max-image-preview:large, max-video-preview:-1\" \/>\n<link rel=\"canonical\" href=\"https:\/\/regbu.com\/es\/el-cinturon-del-hombre-debe-ser-del-largo-propio\/\" \/>\n<meta property=\"og:locale\" content=\"es_ES\" \/>\n<meta property=\"og:type\" content=\"article\" \/>\n<meta property=\"og:title\" content=\"P\u00e1nsk\u00fd opasek mus\u00ed b\u00fdt spr\u00e1vn\u011b dlouh\u00fd - REGBU.COM\" \/>\n<meta property=\"og:description\" content=\"Vsa\u010fte na ten spr\u00e1vn\u00fd p\u00e1nsk\u00fd opasek vhodn\u00fd pro konkr\u00e9tn\u00ed spole\u010denskou ud\u00e1lost. Prozrad\u00edme V\u00e1m, jak ho vybrat.\" \/>\n<meta property=\"og:url\" content=\"https:\/\/regbu.com\/es\/el-cinturon-del-hombre-debe-ser-del-largo-propio\/\" \/>\n<meta property=\"og:site_name\" content=\"REGBU.COM\" \/>\n<meta property=\"article:published_time\" content=\"2023-07-23T13:59:52+00:00\" \/>\n<meta property=\"article:modified_time\" content=\"2025-09-05T05:40:49+00:00\" \/>\n<meta property=\"og:image\" content=\"https:\/\/regbu.com\/wp-content\/uploads\/2023\/07\/pansky-opasek-musi-byt-spravne-dlouhy.jpg\" \/>\n\t<meta property=\"og:image:width\" content=\"1200\" \/>\n\t<meta property=\"og:image:height\" content=\"676\" \/>\n\t<meta property=\"og:image:type\" content=\"image\/jpeg\" \/>\n<meta name=\"author\" content=\"George Martin\" \/>\n<meta name=\"twitter:card\" content=\"summary_large_image\" \/>\n<meta name=\"twitter:label1\" content=\"Escrito por\" \/>\n\t<meta name=\"twitter:data1\" content=\"George Martin\" \/>\n\t<meta name=\"twitter:label2\" content=\"Tiempo de lectura\" \/>\n\t<meta name=\"twitter:data2\" content=\"2 minutos\" \/>\n<script type=\"application\/ld+json\" class=\"yoast-schema-graph\">{\"@context\":\"https:\\\/\\\/schema.org\",\"@graph\":[{\"@type\":\"Article\",\"@id\":\"https:\\\/\\\/regbu.com\\\/es\\\/el-cinturon-del-hombre-debe-ser-del-largo-propio\\\/#article\",\"isPartOf\":{\"@id\":\"https:\\\/\\\/regbu.com\\\/es\\\/el-cinturon-del-hombre-debe-ser-del-largo-propio\\\/\"},\"author\":{\"name\":\"George Martin\",\"@id\":\"https:\\\/\\\/regbu.com\\\/en\\\/#\\\/schema\\\/person\\\/94ea9deda2629771b8a9ced002f6784e\"},\"headline\":\"P\u00e1nsk\u00fd opasek mus\u00ed b\u00fdt spr\u00e1vn\u011b dlouh\u00fd\",\"datePublished\":\"2023-07-23T13:59:52+00:00\",\"dateModified\":\"2025-09-05T05:40:49+00:00\",\"mainEntityOfPage\":{\"@id\":\"https:\\\/\\\/regbu.com\\\/es\\\/el-cinturon-del-hombre-debe-ser-del-largo-propio\\\/\"},\"wordCount\":477,\"image\":{\"@id\":\"https:\\\/\\\/regbu.com\\\/es\\\/el-cinturon-del-hombre-debe-ser-del-largo-propio\\\/#primaryimage\"},\"thumbnailUrl\":\"https:\\\/\\\/regbu.com\\\/wp-content\\\/uploads\\\/2023\\\/07\\\/pansky-opasek-musi-byt-spravne-dlouhy.jpg\",\"keywords\":[\"barva\",\"barva opasku\",\"Casual\",\"d\u00e9lka\",\"d\u00e9lka opasku\",\"k\u016f\u017ee\",\"opasek\",\"p\u00e1nsk\u00fd opasek\",\"p\u00e1sek\",\"spona\"],\"articleSection\":[\"M\u00f3da\"],\"inLanguage\":\"es\"},{\"@type\":[\"WebPage\",\"FAQPage\"],\"@id\":\"https:\\\/\\\/regbu.com\\\/es\\\/el-cinturon-del-hombre-debe-ser-del-largo-propio\\\/\",\"url\":\"https:\\\/\\\/regbu.com\\\/es\\\/el-cinturon-del-hombre-debe-ser-del-largo-propio\\\/\",\"name\":\"P\u00e1nsk\u00fd opasek mus\u00ed b\u00fdt spr\u00e1vn\u011b dlouh\u00fd - REGBU.COM\",\"isPartOf\":{\"@id\":\"https:\\\/\\\/regbu.com\\\/en\\\/#website\"},\"primaryImageOfPage\":{\"@id\":\"https:\\\/\\\/regbu.com\\\/es\\\/el-cinturon-del-hombre-debe-ser-del-largo-propio\\\/#primaryimage\"},\"image\":{\"@id\":\"https:\\\/\\\/regbu.com\\\/es\\\/el-cinturon-del-hombre-debe-ser-del-largo-propio\\\/#primaryimage\"},\"thumbnailUrl\":\"https:\\\/\\\/regbu.com\\\/wp-content\\\/uploads\\\/2023\\\/07\\\/pansky-opasek-musi-byt-spravne-dlouhy.jpg\",\"datePublished\":\"2023-07-23T13:59:52+00:00\",\"dateModified\":\"2025-09-05T05:40:49+00:00\",\"author\":{\"@id\":\"https:\\\/\\\/regbu.com\\\/en\\\/#\\\/schema\\\/person\\\/94ea9deda2629771b8a9ced002f6784e\"},\"description\":\"Vsa\u010fte na ten spr\u00e1vn\u00fd p\u00e1nsk\u00fd opasek vhodn\u00fd pro konkr\u00e9tn\u00ed spole\u010denskou ud\u00e1lost. Prozrad\u00edme V\u00e1m, jak ho vybrat.\",\"breadcrumb\":{\"@id\":\"https:\\\/\\\/regbu.com\\\/es\\\/el-cinturon-del-hombre-debe-ser-del-largo-propio\\\/#breadcrumb\"},\"mainEntity\":[{\"@id\":\"https:\\\/\\\/regbu.com\\\/es\\\/el-cinturon-del-hombre-debe-ser-del-largo-propio\\\/#faq-question-1690207207819\"},{\"@id\":\"https:\\\/\\\/regbu.com\\\/es\\\/el-cinturon-del-hombre-debe-ser-del-largo-propio\\\/#faq-question-1690207213888\"},{\"@id\":\"https:\\\/\\\/regbu.com\\\/es\\\/el-cinturon-del-hombre-debe-ser-del-largo-propio\\\/#faq-question-1690207221535\"},{\"@id\":\"https:\\\/\\\/regbu.com\\\/es\\\/el-cinturon-del-hombre-debe-ser-del-largo-propio\\\/#faq-question-1690207229724\"},{\"@id\":\"https:\\\/\\\/regbu.com\\\/es\\\/el-cinturon-del-hombre-debe-ser-del-largo-propio\\\/#faq-question-1690207236250\"}],\"inLanguage\":\"es\",\"potentialAction\":[{\"@type\":\"ReadAction\",\"target\":[\"https:\\\/\\\/regbu.com\\\/es\\\/el-cinturon-del-hombre-debe-ser-del-largo-propio\\\/\"]}]},{\"@type\":\"ImageObject\",\"inLanguage\":\"es\",\"@id\":\"https:\\\/\\\/regbu.com\\\/es\\\/el-cinturon-del-hombre-debe-ser-del-largo-propio\\\/#primaryimage\",\"url\":\"https:\\\/\\\/regbu.com\\\/wp-content\\\/uploads\\\/2023\\\/07\\\/pansky-opasek-musi-byt-spravne-dlouhy.jpg\",\"contentUrl\":\"https:\\\/\\\/regbu.com\\\/wp-content\\\/uploads\\\/2023\\\/07\\\/pansky-opasek-musi-byt-spravne-dlouhy.jpg\",\"width\":1200,\"height\":676,\"caption\":\"P\u00e1nsk\u00fd opasek mus\u00ed b\u00fdt spr\u00e1vn\u011b dlouh\u00fd\"},{\"@type\":\"BreadcrumbList\",\"@id\":\"https:\\\/\\\/regbu.com\\\/es\\\/el-cinturon-del-hombre-debe-ser-del-largo-propio\\\/#breadcrumb\",\"itemListElement\":[{\"@type\":\"ListItem\",\"position\":1,\"name\":\"Home\",\"item\":\"https:\\\/\\\/regbu.com\\\/en\\\/\"},{\"@type\":\"ListItem\",\"position\":2,\"name\":\"P\u00e1nsk\u00fd opasek mus\u00ed b\u00fdt spr\u00e1vn\u011b dlouh\u00fd\"}]},{\"@type\":\"WebSite\",\"@id\":\"https:\\\/\\\/regbu.com\\\/en\\\/#website\",\"url\":\"https:\\\/\\\/regbu.com\\\/en\\\/\",\"name\":\"REGBU.COM\",\"description\":\"\",\"potentialAction\":[{\"@type\":\"SearchAction\",\"target\":{\"@type\":\"EntryPoint\",\"urlTemplate\":\"https:\\\/\\\/regbu.com\\\/en\\\/?s={search_term_string}\"},\"query-input\":{\"@type\":\"PropertyValueSpecification\",\"valueRequired\":true,\"valueName\":\"search_term_string\"}}],\"inLanguage\":\"es\"},{\"@type\":\"Person\",\"@id\":\"https:\\\/\\\/regbu.com\\\/en\\\/#\\\/schema\\\/person\\\/94ea9deda2629771b8a9ced002f6784e\",\"name\":\"George Martin\",\"url\":\"https:\\\/\\\/regbu.com\\\/es\\\/author\\\/george-martin\\\/\"},{\"@type\":\"Question\",\"@id\":\"https:\\\/\\\/regbu.com\\\/es\\\/el-cinturon-del-hombre-debe-ser-del-largo-propio\\\/#faq-question-1690207207819\",\"position\":1,\"url\":\"https:\\\/\\\/regbu.com\\\/es\\\/el-cinturon-del-hombre-debe-ser-del-largo-propio\\\/#faq-question-1690207207819\",\"name\":\"Jakou zvolit barvu opasku?\",\"answerCount\":1,\"acceptedAnswer\":{\"@type\":\"Answer\",\"text\":\"Barevn\u00e9 proveden\u00ed p\u00e1nsk\u00e9ho opasku by m\u011blo korespondovat s ostatn\u00edmi ko\u017een\u00fdmi dopl\u0148ky Va\u0161eho o\u0161acen\u00ed. Typick\u00fdm p\u0159\u00edkladem je podobn\u00e1 barva spole\u010densk\u00fdch bot.\",\"inLanguage\":\"es\"},\"inLanguage\":\"es\"},{\"@type\":\"Question\",\"@id\":\"https:\\\/\\\/regbu.com\\\/es\\\/el-cinturon-del-hombre-debe-ser-del-largo-propio\\\/#faq-question-1690207213888\",\"position\":2,\"url\":\"https:\\\/\\\/regbu.com\\\/es\\\/el-cinturon-del-hombre-debe-ser-del-largo-propio\\\/#faq-question-1690207213888\",\"name\":\"Jak je to s barvou spony na opasku?\",\"answerCount\":1,\"acceptedAnswer\":{\"@type\":\"Answer\",\"text\":\"U spony si pohl\u00eddejte jedin\u00e9. Jej\u00ed barva byla b\u00fdt toto\u017en\u00e1 s ostatn\u00edmi dopl\u0148ky v podob\u011b kovov\u00e9ho \u0159em\u00ednku od hodinek, \u0159et\u00edzk\u016f a n\u00e1ramk\u016f na ruce.\",\"inLanguage\":\"es\"},\"inLanguage\":\"es\"},{\"@type\":\"Question\",\"@id\":\"https:\\\/\\\/regbu.com\\\/es\\\/el-cinturon-del-hombre-debe-ser-del-largo-propio\\\/#faq-question-1690207221535\",\"position\":3,\"url\":\"https:\\\/\\\/regbu.com\\\/es\\\/el-cinturon-del-hombre-debe-ser-del-largo-propio\\\/#faq-question-1690207221535\",\"name\":\"Jak vyp\u00edchnout origin\u00e1ln\u00ed p\u00e1sek?\",\"answerCount\":1,\"acceptedAnswer\":{\"@type\":\"Answer\",\"text\":\"Jeho nev\u0161edn\u00ed barvu zkombinujte s jednobarevnou ko\u0161il\u00ed a hladk\u00fdmi kalhotami.\",\"inLanguage\":\"es\"},\"inLanguage\":\"es\"},{\"@type\":\"Question\",\"@id\":\"https:\\\/\\\/regbu.com\\\/es\\\/el-cinturon-del-hombre-debe-ser-del-largo-propio\\\/#faq-question-1690207229724\",\"position\":4,\"url\":\"https:\\\/\\\/regbu.com\\\/es\\\/el-cinturon-del-hombre-debe-ser-del-largo-propio\\\/#faq-question-1690207229724\",\"name\":\"Jak\u00e1 m\u00e1 b\u00fdt d\u00e9lka opasku?\",\"answerCount\":1,\"acceptedAnswer\":{\"@type\":\"Answer\",\"text\":\"Tak akor\u00e1t. Ke spr\u00e1vn\u00fdm hodnot\u00e1m se dopracujete, kdy\u017e si zm\u011b\u0159\u00edte obvod pasu. Opasek b\u00fdv\u00e1 o n\u011bco del\u0161\u00ed, ne\u017e je obvod, abyste ho zasunuli do oka u kalhot. Pozor na p\u0159\u00edli\u0161 dlouh\u00fd opasek, kter\u00fd by mohl plandat.\",\"inLanguage\":\"es\"},\"inLanguage\":\"es\"},{\"@type\":\"Question\",\"@id\":\"https:\\\/\\\/regbu.com\\\/es\\\/el-cinturon-del-hombre-debe-ser-del-largo-propio\\\/#faq-question-1690207236250\",\"position\":5,\"url\":\"https:\\\/\\\/regbu.com\\\/es\\\/el-cinturon-del-hombre-debe-ser-del-largo-propio\\\/#faq-question-1690207236250\",\"name\":\"Co si pohl\u00eddat p\u0159i no\u0161en\u00ed opasku?\",\"answerCount\":1,\"acceptedAnswer\":{\"@type\":\"Answer\",\"text\":\"Nepodce\u0148ujte jeho uta\u017een\u00ed. P\u0159\u00edli\u0161n\u00e9 uta\u017een\u00ed toti\u017e zv\u00fdraz\u0148uje v\u011bt\u0161\u00ed b\u0159icho.\",\"inLanguage\":\"es\"},\"inLanguage\":\"es\"}]}<\/script>\n<!-- \/ Yoast SEO plugin. -->","yoast_head_json":{"title":"El cintur\u00f3n masculino debe tener la longitud adecuada - REGBU.COM","description":"Apueste por el cintur\u00f3n masculino adecuado para un evento social concreto. Te contamos c\u00f3mo elegir uno.","robots":{"index":"index","follow":"follow","max-snippet":"max-snippet:-1","max-image-preview":"max-image-preview:large","max-video-preview":"max-video-preview:-1"},"canonical":"https:\/\/regbu.com\/es\/el-cinturon-del-hombre-debe-ser-del-largo-propio\/","og_locale":"es_ES","og_type":"article","og_title":"P\u00e1nsk\u00fd opasek mus\u00ed b\u00fdt spr\u00e1vn\u011b dlouh\u00fd - REGBU.COM","og_description":"Vsa\u010fte na ten spr\u00e1vn\u00fd p\u00e1nsk\u00fd opasek vhodn\u00fd pro konkr\u00e9tn\u00ed spole\u010denskou ud\u00e1lost. Prozrad\u00edme V\u00e1m, jak ho vybrat.","og_url":"https:\/\/regbu.com\/es\/el-cinturon-del-hombre-debe-ser-del-largo-propio\/","og_site_name":"REGBU.COM","article_published_time":"2023-07-23T13:59:52+00:00","article_modified_time":"2025-09-05T05:40:49+00:00","og_image":[{"width":1200,"height":676,"url":"https:\/\/regbu.com\/wp-content\/uploads\/2023\/07\/pansky-opasek-musi-byt-spravne-dlouhy.jpg","type":"image\/jpeg"}],"author":"George Martin","twitter_card":"summary_large_image","twitter_misc":{"Escrito por":"George Martin","Tiempo de lectura":"2 minutos"},"schema":{"@context":"https:\/\/schema.org","@graph":[{"@type":"Article","@id":"https:\/\/regbu.com\/es\/el-cinturon-del-hombre-debe-ser-del-largo-propio\/#article","isPartOf":{"@id":"https:\/\/regbu.com\/es\/el-cinturon-del-hombre-debe-ser-del-largo-propio\/"},"author":{"name":"George Martin","@id":"https:\/\/regbu.com\/en\/#\/schema\/person\/94ea9deda2629771b8a9ced002f6784e"},"headline":"P\u00e1nsk\u00fd opasek mus\u00ed b\u00fdt spr\u00e1vn\u011b dlouh\u00fd","datePublished":"2023-07-23T13:59:52+00:00","dateModified":"2025-09-05T05:40:49+00:00","mainEntityOfPage":{"@id":"https:\/\/regbu.com\/es\/el-cinturon-del-hombre-debe-ser-del-largo-propio\/"},"wordCount":477,"image":{"@id":"https:\/\/regbu.com\/es\/el-cinturon-del-hombre-debe-ser-del-largo-propio\/#primaryimage"},"thumbnailUrl":"https:\/\/regbu.com\/wp-content\/uploads\/2023\/07\/pansky-opasek-musi-byt-spravne-dlouhy.jpg","keywords":["barva","barva opasku","Casual","d\u00e9lka","d\u00e9lka opasku","k\u016f\u017ee","opasek","p\u00e1nsk\u00fd opasek","p\u00e1sek","spona"],"articleSection":["M\u00f3da"],"inLanguage":"es"},{"@type":["WebPage","FAQPage"],"@id":"https:\/\/regbu.com\/es\/el-cinturon-del-hombre-debe-ser-del-largo-propio\/","url":"https:\/\/regbu.com\/es\/el-cinturon-del-hombre-debe-ser-del-largo-propio\/","name":"El cintur\u00f3n masculino debe tener la longitud adecuada - REGBU.COM","isPartOf":{"@id":"https:\/\/regbu.com\/en\/#website"},"primaryImageOfPage":{"@id":"https:\/\/regbu.com\/es\/el-cinturon-del-hombre-debe-ser-del-largo-propio\/#primaryimage"},"image":{"@id":"https:\/\/regbu.com\/es\/el-cinturon-del-hombre-debe-ser-del-largo-propio\/#primaryimage"},"thumbnailUrl":"https:\/\/regbu.com\/wp-content\/uploads\/2023\/07\/pansky-opasek-musi-byt-spravne-dlouhy.jpg","datePublished":"2023-07-23T13:59:52+00:00","dateModified":"2025-09-05T05:40:49+00:00","author":{"@id":"https:\/\/regbu.com\/en\/#\/schema\/person\/94ea9deda2629771b8a9ced002f6784e"},"description":"Apueste por el cintur\u00f3n masculino adecuado para un evento social concreto. Te contamos c\u00f3mo elegir uno.","breadcrumb":{"@id":"https:\/\/regbu.com\/es\/el-cinturon-del-hombre-debe-ser-del-largo-propio\/#breadcrumb"},"mainEntity":[{"@id":"https:\/\/regbu.com\/es\/el-cinturon-del-hombre-debe-ser-del-largo-propio\/#faq-question-1690207207819"},{"@id":"https:\/\/regbu.com\/es\/el-cinturon-del-hombre-debe-ser-del-largo-propio\/#faq-question-1690207213888"},{"@id":"https:\/\/regbu.com\/es\/el-cinturon-del-hombre-debe-ser-del-largo-propio\/#faq-question-1690207221535"},{"@id":"https:\/\/regbu.com\/es\/el-cinturon-del-hombre-debe-ser-del-largo-propio\/#faq-question-1690207229724"},{"@id":"https:\/\/regbu.com\/es\/el-cinturon-del-hombre-debe-ser-del-largo-propio\/#faq-question-1690207236250"}],"inLanguage":"es","potentialAction":[{"@type":"ReadAction","target":["https:\/\/regbu.com\/es\/el-cinturon-del-hombre-debe-ser-del-largo-propio\/"]}]},{"@type":"ImageObject","inLanguage":"es","@id":"https:\/\/regbu.com\/es\/el-cinturon-del-hombre-debe-ser-del-largo-propio\/#primaryimage","url":"https:\/\/regbu.com\/wp-content\/uploads\/2023\/07\/pansky-opasek-musi-byt-spravne-dlouhy.jpg","contentUrl":"https:\/\/regbu.com\/wp-content\/uploads\/2023\/07\/pansky-opasek-musi-byt-spravne-dlouhy.jpg","width":1200,"height":676,"caption":"P\u00e1nsk\u00fd opasek mus\u00ed b\u00fdt spr\u00e1vn\u011b dlouh\u00fd"},{"@type":"BreadcrumbList","@id":"https:\/\/regbu.com\/es\/el-cinturon-del-hombre-debe-ser-del-largo-propio\/#breadcrumb","itemListElement":[{"@type":"ListItem","position":1,"name":"Home","item":"https:\/\/regbu.com\/en\/"},{"@type":"ListItem","position":2,"name":"P\u00e1nsk\u00fd opasek mus\u00ed b\u00fdt spr\u00e1vn\u011b dlouh\u00fd"}]},{"@type":"WebSite","@id":"https:\/\/regbu.com\/en\/#website","url":"https:\/\/regbu.com\/en\/","name":"REGBU.COM","description":"","potentialAction":[{"@type":"SearchAction","target":{"@type":"EntryPoint","urlTemplate":"https:\/\/regbu.com\/en\/?s={search_term_string}"},"query-input":{"@type":"PropertyValueSpecification","valueRequired":true,"valueName":"search_term_string"}}],"inLanguage":"es"},{"@type":"Person","@id":"https:\/\/regbu.com\/en\/#\/schema\/person\/94ea9deda2629771b8a9ced002f6784e","name":"George Martin","url":"https:\/\/regbu.com\/es\/author\/george-martin\/"},{"@type":"Question","@id":"https:\/\/regbu.com\/es\/el-cinturon-del-hombre-debe-ser-del-largo-propio\/#faq-question-1690207207819","position":1,"url":"https:\/\/regbu.com\/es\/el-cinturon-del-hombre-debe-ser-del-largo-propio\/#faq-question-1690207207819","name":"\u00bfQu\u00e9 color de cintur\u00f3n debo elegir?","answerCount":1,"acceptedAnswer":{"@type":"Answer","text":"Barevn\u00e9 proveden\u00ed p\u00e1nsk\u00e9ho opasku by m\u011blo korespondovat s ostatn\u00edmi ko\u017een\u00fdmi dopl\u0148ky Va\u0161eho o\u0161acen\u00ed. Typick\u00fdm p\u0159\u00edkladem je podobn\u00e1 barva spole\u010densk\u00fdch bot.","inLanguage":"es"},"inLanguage":"es"},{"@type":"Question","@id":"https:\/\/regbu.com\/es\/el-cinturon-del-hombre-debe-ser-del-largo-propio\/#faq-question-1690207213888","position":2,"url":"https:\/\/regbu.com\/es\/el-cinturon-del-hombre-debe-ser-del-largo-propio\/#faq-question-1690207213888","name":"\u00bfY el color de la hebilla del cintur\u00f3n?","answerCount":1,"acceptedAnswer":{"@type":"Answer","text":"U spony si pohl\u00eddejte jedin\u00e9. Jej\u00ed barva byla b\u00fdt toto\u017en\u00e1 s ostatn\u00edmi dopl\u0148ky v podob\u011b kovov\u00e9ho \u0159em\u00ednku od hodinek, \u0159et\u00edzk\u016f a n\u00e1ramk\u016f na ruce.","inLanguage":"es"},"inLanguage":"es"},{"@type":"Question","@id":"https:\/\/regbu.com\/es\/el-cinturon-del-hombre-debe-ser-del-largo-propio\/#faq-question-1690207221535","position":3,"url":"https:\/\/regbu.com\/es\/el-cinturon-del-hombre-debe-ser-del-largo-propio\/#faq-question-1690207221535","name":"\u00bfC\u00f3mo perforar el cintur\u00f3n original?","answerCount":1,"acceptedAnswer":{"@type":"Answer","text":"Jeho nev\u0161edn\u00ed barvu zkombinujte s jednobarevnou ko\u0161il\u00ed a hladk\u00fdmi kalhotami.","inLanguage":"es"},"inLanguage":"es"},{"@type":"Question","@id":"https:\/\/regbu.com\/es\/el-cinturon-del-hombre-debe-ser-del-largo-propio\/#faq-question-1690207229724","position":4,"url":"https:\/\/regbu.com\/es\/el-cinturon-del-hombre-debe-ser-del-largo-propio\/#faq-question-1690207229724","name":"\u00bfCu\u00e1l debe ser la longitud del cintur\u00f3n?","answerCount":1,"acceptedAnswer":{"@type":"Answer","text":"Tak akor\u00e1t. Ke spr\u00e1vn\u00fdm hodnot\u00e1m se dopracujete, kdy\u017e si zm\u011b\u0159\u00edte obvod pasu. Opasek b\u00fdv\u00e1 o n\u011bco del\u0161\u00ed, ne\u017e je obvod, abyste ho zasunuli do oka u kalhot. Pozor na p\u0159\u00edli\u0161 dlouh\u00fd opasek, kter\u00fd by mohl plandat.","inLanguage":"es"},"inLanguage":"es"},{"@type":"Question","@id":"https:\/\/regbu.com\/es\/el-cinturon-del-hombre-debe-ser-del-largo-propio\/#faq-question-1690207236250","position":5,"url":"https:\/\/regbu.com\/es\/el-cinturon-del-hombre-debe-ser-del-largo-propio\/#faq-question-1690207236250","name":"\u00bfQu\u00e9 hay que tener en cuenta al llevar cintur\u00f3n?","answerCount":1,"acceptedAnswer":{"@type":"Answer","text":"Nepodce\u0148ujte jeho uta\u017een\u00ed. P\u0159\u00edli\u0161n\u00e9 uta\u017een\u00ed toti\u017e zv\u00fdraz\u0148uje v\u011bt\u0161\u00ed b\u0159icho.","inLanguage":"es"},"inLanguage":"es"}]}},"_links":{"self":[{"href":"https:\/\/regbu.com\/es\/wp-json\/wp\/v2\/posts\/1221","targetHints":{"allow":["GET"]}}],"collection":[{"href":"https:\/\/regbu.com\/es\/wp-json\/wp\/v2\/posts"}],"about":[{"href":"https:\/\/regbu.com\/es\/wp-json\/wp\/v2\/types\/post"}],"author":[{"embeddable":true,"href":"https:\/\/regbu.com\/es\/wp-json\/wp\/v2\/users\/2"}],"replies":[{"embeddable":true,"href":"https:\/\/regbu.com\/es\/wp-json\/wp\/v2\/comments?post=1221"}],"version-history":[{"count":2,"href":"https:\/\/regbu.com\/es\/wp-json\/wp\/v2\/posts\/1221\/revisions"}],"predecessor-version":[{"id":1232,"href":"https:\/\/regbu.com\/es\/wp-json\/wp\/v2\/posts\/1221\/revisions\/1232"}],"wp:featuredmedia":[{"embeddable":true,"href":"https:\/\/regbu.com\/es\/wp-json\/wp\/v2\/media\/1222"}],"wp:attachment":[{"href":"https:\/\/regbu.com\/es\/wp-json\/wp\/v2\/media?parent=1221"}],"wp:term":[{"taxonomy":"category","embeddable":true,"href":"https:\/\/regbu.com\/es\/wp-json\/wp\/v2\/categories?post=1221"},{"taxonomy":"post_tag","embeddable":true,"href":"https:\/\/regbu.com\/es\/wp-json\/wp\/v2\/tags?post=1221"}],"curies":[{"name":"wp","href":"https:\/\/api.w.org\/{rel}","templated":true}]}}